{"id":134109,"date":"2021-02-02T14:39:14","date_gmt":"2021-02-02T17:39:14","guid":{"rendered":"https:\/\/experienciadevida.com.ar\/portalurbano\/?p=134109"},"modified":"2021-02-02T14:58:38","modified_gmt":"2021-02-02T17:58:38","slug":"olavarria-por-15-dias-continuara-en-fase-4-que-dice-el-decreto-publicado","status":"publish","type":"post","link":"https:\/\/experienciadevida.com.ar\/portalurbano\/olavarria-por-15-dias-continuara-en-fase-4-que-dice-el-decreto-publicado\/","title":{"rendered":"Olavarr\u00eda por 15 d\u00edas continuar\u00e1 en Fase 4 \u00bfQu\u00e9 dice el decreto publicado?"},"content":{"rendered":"<p>Olavarr\u00eda por 15 d\u00edas continuar\u00e1 en Fase 4 \u00bfQu\u00e9 dice el decreto publicado?. La Jefatura de Gabinete de Ministros de la Provincia de Buenos Aires, que coloca al Partido de Olavarr\u00eda en fase 4, autorizando espec\u00edficamente las actividades exceptuadas del distanciamiento social, preventivo y obligatorio y a nivel local las recomendaciones concordantes efectuadas por el comit\u00e9 de crisis.<\/p>\n<p>El Municipio dict\u00f3 sucesivos\u00a0 actos administrativos acordes a los datos oficiales y de las diversas autoridades sanitarias, a trav\u00e9s de los cuales dispuso las medidas que requer\u00eda en sus distintas fases, Olavarr\u00eda por 15 d\u00edas continuar\u00e1 en fase 4. Por otro lado, la implementaci\u00f3n del programa RTA ha arrojado muy buenos resultados para aplanar la curva de crecimiento que hab\u00eda acaecido durante el mes pasado.<\/p>\n<p>La positividad, de los testeos realizados en el territorio del Partido, ha disminuido exponencial y sostenidamente durante los \u00faltimos 10 d\u00edas por esto Olavarr\u00eda continuar\u00e1 por 15 d\u00edas en fase\u00a0 4. A su vez atento al modo en que ha evolucionado la pandemia en el territorio de la Provincia de Buenos Aires corresponde adoptar medidas acordes con la fase en que la Provincia coloca al partido de Olavarr\u00eda, y disponer los nuevos l\u00edmites, horarios para determinadas actividades comerciales.<\/p>\n<p>Conforme a los requerimientos formulados por el comit\u00e9 de crisis es oportuno resaltarle a la comunidad la importancia que reviste el distanciamiento social, el lavado de manos, el uso del barbijo y\/o tapabocas, estornudar o toser en el pliegue del codo, para poder continuar avanzando hacia una relativa normalidad es fundamental continuar con los cuidados recomendados y no relajar las normas establecidas para combatir esta pandemia, ya que Olavarr\u00eda continuar\u00e1 por 15 d\u00edas en fase 4.<\/p>\n<p>Olavarr\u00eda continuar\u00e1 en fase 4 por 15 d\u00edas.<\/p>\n<p><a href=\"https:\/\/experienciadevida.com.ar\/portalurbano\/las-imagenes-de-la-restriccion-nocturna-en-nuestra-ciudad\/restriccion-nocturna13\/\" rel=\"attachment wp-att-132528\"><img decoding=\"async\" class=\"alignnone wp-image-132528 size-full\" src=\"https:\/\/experienciadevida.com.ar\/portalurbano\/wp-content\/uploads\/2021\/01\/Restriccion-nocturna13.jpg\" alt=\"Olavarr\u00eda \" width=\"765\" height=\"485\" srcset=\"https:\/\/experienciadevida.com.ar\/portalurbano\/wp-content\/uploads\/2021\/01\/Restriccion-nocturna13.jpg 765w, https:\/\/experienciadevida.com.ar\/portalurbano\/wp-content\/uploads\/2021\/01\/Restriccion-nocturna13-300x190.jpg 300w\" sizes=\"(max-width: 765px) 100vw, 765px\" \/><\/a><\/p>\n<p><strong>Actividades exceptuadas:<\/strong><\/p>\n<ol>\n<li>Supermercados, almacenes y despensas, carnicer\u00edas, pescader\u00edas, fiambrer\u00edas, granjas y poller\u00edas, verduler\u00edas y lavander\u00edas (8 a 22hs).<\/li>\n<li>Venta de insumos agropecuarios, mayoristas de venta de productos alimenticios, provisi\u00f3n de garrafas y le\u00f1a (8 a 22hs).<\/li>\n<li>Veterinarias, farmacias, venta de equipamientos m\u00e9dicos, medicamentos (8\u00a0 a 22hs) sin l\u00edmite de horario en\u00a0 caso de urgencias o aquellas que est\u00e9n de turno.<\/li>\n<li>Kioskos (7 a 00hs)<\/li>\n<li>M\u00e9dicos, odont\u00f3logos, centros de diagn\u00f3stico por im\u00e1genes, \u00f3pticas, kinesi\u00f3logos, nutricionistas, fonoaudi\u00f3logos\u00a0 \u00a0y psic\u00f3logos (8 a 20hs) con turnos previos, sin l\u00edmite de horario en el caso de urgencias.<\/li>\n<li>Laboratorios de an\u00e1lisis cl\u00ednicos, (7:30 a 20hs), con turnos previos y sin l\u00edmite de horario en el caso de urgencias.<\/li>\n<li>Comidas elaboradas para llevar, podr\u00e1n funcionar con delivery y con el modo &#8220;para llevar&#8221; permitiendo que sus clientes se apersonen a sus establecimientos a retirar los pedidos hasta la 1. Para el retiro de los pedidos los clientes deber\u00e1n respetar el distanciamiento social que nunca podr\u00e1 ser inferior a los 2 metros.<br \/>\nCervecer\u00edas, vinotecas (hasta las 22hs)\u00a0 y hasta las 23 hs podr\u00e1n funcionar con delivery.<\/li>\n<li>Estaciones de servicio, servicios postales y distribuci\u00f3n de paqueter\u00eda funcionar\u00e1n sin restricci\u00f3n alguna.<\/li>\n<li>Registros de la propiedad del automotor y de las personas, (8 a 18hs).<\/li>\n<li>Talleres para mantenimiento y reparaci\u00f3n de automotores y motocicletas, al igual que fabricaci\u00f3n, venta y reparaci\u00f3n de neum\u00e1ticos ambos rubros funcionar\u00e1n de 8 a 20hs.<\/li>\n<li>Venta de repuestos, partes y piezas para automotores, motocicletas y bicicletas (8 a 20hs).<\/li>\n<li>Venta de art\u00edculos de librer\u00eda, insumos inform\u00e1ticos (8 a 22hs)<\/li>\n<li>Las oficinas de las obras sociales, mutuales o medicina prepaga (8 a 20hs)<\/li>\n<li>Comercios de venta por mayor y menor (8 a 22hs)<\/li>\n<li>Actividad aseguradora desarrollada por compa\u00f1\u00edas aseguradoras, reaseguradoras e intermediarios (8 a 20hs).<\/li>\n<li>Oficios y profesionales (8 a 20hs)<\/li>\n<li>El personal de servicio dom\u00e9stico (8 a 20hs)<\/li>\n<li>Establecimiento que desarrollen cobranzas de servicio e impuesto (8 a 20hs)<\/li>\n<li>Agencia de venta de automotores y veh\u00edculos (8 a 20hs).<\/li>\n<li>Lavaderos de automotores y veh\u00edculos (8 a 20hs).<\/li>\n<li>Peluquer\u00edas, y centros de est\u00e9tica (8 a 20hs)<\/li>\n<li>Estacionamiento medido (8 a 18hs).<\/li>\n<li>Mudanzas y fletes (8 a 20hs)<\/li>\n<li>Agencias de loter\u00edas (8 a 22hs)<\/li>\n<li>Sala de bingo (7 a 3 de la ma\u00f1ana)<\/li>\n<li>Organizaci\u00f3n de eventos hasta las 3 de la ma\u00f1ana. Deber\u00e1n realizarse al aire libre en espacios habilitados a tal efecto, con un aforo del 50% de la capacidad del lugar sin poder superar en ning\u00fan caso un m\u00e1ximo de 100 personas y deber\u00e1n cumplir estrictamente con el protocolo elaborado por el Ministerio de turismo y deporte de la Naci\u00f3n para turismo de reuniones.<\/li>\n<\/ol>\n<p>Todas ellas deber\u00e1n funcionar conforme los protocolos de bioseguridad establecidos, ya que Olavarr\u00eda continuar\u00e1 por 15 d\u00edas en fase 4.<\/p>\n<p>Se prorroga hasta el 17 de febrero el funcionamiento de los servicios de comida y bebidas para consumo en locales gastron\u00f3micos y &#8220;food trucks&#8221; al aire libre. Los locales gastron\u00f3micos en lugares cerrados podr\u00e1n funcionar con un aforo del 50% de su capacidad. Todos ellos podr\u00e1n funcionar hasta las 3 de la ma\u00f1ana.<\/p>\n<p>En los lugares cerrados se deber\u00e1 brindar la mayor circulaci\u00f3n de aire posible por medio de ventilaci\u00f3n natural.<\/p>\n<p><strong>Actividades deportivas:<\/strong><\/p>\n<p>1.- Canchas de Padel, las que podr\u00e1n funcionar de 8,00 a 24,00 horas (debiendo prever un<br \/>\nhorario exclusivo para mayores de 60 a\u00f1os).<br \/>\n2.- Running.<br \/>\n3.- Ciclismo, se permitir\u00e1 de 6,00 a 20,00 horas.<br \/>\n4.- Pesca en las lagunas Blanca Grande, Blanca Chica, y el Laguito, y La Mostaza se<br \/>\npermitir\u00e1 de 7,00 a 20,00 horas.<br \/>\n5.- Pesca en el arroyo, se permitir\u00e1 de 7,00 a 20,00 horas.<br \/>\n6.- Tenis, podr\u00e1 funcionar de 8,00 a 22,00 horas.<br \/>\n7.- Golf, podr\u00e1 funcionar de 8,00 a 20,00 horas.<br \/>\n8.- Tiro individual en espacios abiertos, podr\u00e1 funcionar de 8,00 a 21,00 horas (debiendo<br \/>\nprever un horario exclusivo para mayores de 60 a\u00f1os).<br \/>\n9.- Hipismo, podr\u00e1 funcionar de 8,00 a 19,00 horas.<br \/>\n10.- Canotaje, podr\u00e1 funcionar de 8,00 a 19,00 horas.<br \/>\n11.- Pat\u00edn carrera y pat\u00edn art\u00edstico es espacios abiertos.<br \/>\n12.- Arquer\u00eda en espacios abiertos, podr\u00e1 funcionar hasta las 22,00 horas (debiendo prever<br \/>\nun horario exclusivo para mayores de 60 a\u00f1os).<br \/>\n13.- Kite Surfing, se permitir\u00e1 de 8,00 a 20,00 horas.<br \/>\n14.- Atletismo.<br \/>\n15.- Skate, podr\u00e1n funcionar de 10,00 a 20,00 horas.<br \/>\n16.- Aeromodelismo, podr\u00e1n funcionar de 8,00 a 19,00 horas.<br \/>\n17.- Preparaci\u00f3n f\u00edsica individual con entrenador personal en espacios abiertos, podr\u00e1n<br \/>\nfuncionar de 8,00 a 24,00 horas.<br \/>\n18.- Parapente, podr\u00e1 funcionar de 8,00 a 19,00 horas.<br \/>\n19.- Gimnasios, los que podr\u00e1n funcionar de 6,00 a 24,00 horas (debiendo prever un horario<br \/>\nexclusivo para mayores de 60 a\u00f1os).<br \/>\n20.- Crossfit, que podr\u00e1 funcionar de 6,00 a 24,00 horas (debiendo prever un horario<br \/>\nexclusivo para mayores de 60 a\u00f1os).<br \/>\n21.- Clases de pilates y yoga, las que podr\u00e1n funcionar de 6,00 a 24,00 horas (debiendo<br \/>\nprever un horario exclusivo para mayores de 60 a\u00f1os).<br \/>\n22.- Piletas climatizadas y natatorios, las que podr\u00e1n funcionar de 6,00 a 24,00 horas<br \/>\n(debiendo prever un horario exclusivo para mayores de 60 a\u00f1os).<br \/>\n23.- Bochas, podr\u00e1 funcionar de 8,00 a 24,00 horas (debiendo prever un horario exclusivo<br \/>\npara mayores de 60 a\u00f1os).<br \/>\n24.- Pelota Paleta, podr\u00e1 funcionar de 8,00 a 24,00 horas (debiendo prever un horario<br \/>\nexclusivo para mayores de 60 a\u00f1os).<br \/>\n25.- Bowling, podr\u00e1 funcionar de 8,00 a 24,00 horas (debiendo prever un horario exclusivo<br \/>\npara mayores de 60 a\u00f1os).<br \/>\n26.- Tenis de Mesa y Badmington, las que podr\u00e1n funcionar de 8,00 a 24,00 horas<br \/>\n(debiendo prever un horario exclusivo para mayores de 60 a\u00f1os).<br \/>\n27.- Boxeo y Artes marciales, sin contacto f\u00edsico sujeto a protocolo de gimnasios, las que<br \/>\npodr\u00e1n funcionar de 8,00 a 24,00 horas (debiendo prever un horario exclusivo para mayores<br \/>\nde 60 a\u00f1os).<br \/>\n28.- Cinco Quillas, que podr\u00e1 funcionar de 8,00 a 24,00 horas (debiendo prever un horario<br \/>\nexclusivo para mayores de 60 a\u00f1os).<br \/>\n29.- Reacondicionamiento f\u00edsico de los deportistas pertenecientes a Confederaciones,<br \/>\nAsociaciones, Fundaciones y Federaciones, siempre que no implique una concurrencia<br \/>\nsuperior a DIEZ (10) personas y sin contacto f\u00edsico, las que podr\u00e1n realizarse hasta las<br \/>\n22,00 horas.<br \/>\n30.- Colombofilia.<br \/>\n31.- Paintball, que podr\u00e1 funcionar de 8,00 a 20,00 horas (debiendo prever un horario<br \/>\nexclusivo para mayores de 60 a\u00f1os).<br \/>\n32.- Natatorios abiertos, tanto en clubes como en espacios privados habilitados a tal efecto,<br \/>\nlos que podr\u00e1n funcionar de 8,00 a 22,00 horas.<br \/>\n33.- Deportes de conjunto de hasta 10 personas en espacios cerrados de amplia ventilaci\u00f3n<br \/>\nnatural, los que podr\u00e1n funcionar de 8,00 a 24,00 horas (debiendo prever un horario<br \/>\nexclusivo para mayores de 60 a\u00f1os).<br \/>\n34.- Colonias de vacaciones, siempre deben realizar su actividad en grupo de no m\u00e1s de<br \/>\ndiez ni\u00f1os por profesor y ajustarse al estricto cumplimiento del protocolo que como anexo I<br \/>\nforma parte del Decrto N\u00ba 3311\/20.-<\/p>\n<p>Para los casos en que los establecimientos en los que funcionaran algunas de las actividades enumeradas en el art\u00edculo 4\u00b0) del presente, cuente con alg\u00fan servicio de comidas y\/o bebidas habilitada a tal fin, solo podr\u00e1n despachar bebidas cerradas al s\u00f3lo y \u00fanico efecto de permitir una correcta hidrataci\u00f3n para los deportistas que concurran al lugar, sin poder utilizar servicios de mesas ni de comidas.-<\/p>\n<p>Para los casos en que las actividades enumeradas en el art\u00edculo 4\u00ba) del presente que se practiquen dentro de la estructura de los Clubes existentes en el Partido de Olavarr\u00eda, los mismos podr\u00e1n funcionar en el horario previsto para esas actividades, y realizar un listado con los socios que practiquen las disciplinas deportivas autorizadas, siendo aquellos los \u00fanicos que podr\u00e1n ingresar al establecimiento, sin excepci\u00f3n. Para el caso de que concurran menores de 12 a\u00f1os, estos podr\u00e1n ser acompa\u00f1ados por un adulto hasta las instalaciones donde practique su actividad deportiva, debiendo figurar el adulto en el listado de autorizados al ingreso al Club referido en p\u00e1rrafo precedente.<\/p>\n<p>No se permitir\u00e1n la utilizaci\u00f3n de juegos de plaza, si los tuviere, ni espacios comunes de esparcimiento, pudiendo accederse \u00fanicamente a las instalaciones deportivas espec\u00edficamente y a los vestuarios, en los casos que el uso del mismo sea indispensable para la pr\u00e1ctica deportiva como lo es en la nataci\u00f3n, debiendo cumplir de manera estricta con lo dispuesto en el art\u00edculo 7\u00ba) del Decreto N\u00ba 754\/20 del Poder Ejecutivo Nacional.<\/p>\n<p>Asimismo, deber\u00e1n llevar un registro de todas las personas que concurran al establecimiento especificando fehacientemente d\u00eda y hora de permanencia, los que deber\u00e1n ser registrados a tal efecto, con un m\u00ednimo de 30 d\u00edas corridos de historia, para llevar a cabo una trazabilidad suficiente en el caso de producirse un contagio, ya que Olavarr\u00eda continuar\u00e1 por 15 d\u00edas en fase 4.<\/p>\n<p>Except\u00faase de la pr\u00e1ctica de las actividades deportivas habilitadas en el \u00a0presente, a todas las personas consideradas como grupo de riesgo conforme la definici\u00f3n de autoridad Sanitaria Nacional y ratificadas por la Secretar\u00eda de Salud dispuestas en el Decreto N\u00ba 920\/20:<br \/>\n1.- Embarazadas.<br \/>\n2.- Grupo de Riesgo:<br \/>\na) Personas con enfermedades respiratorias cr\u00f3nica: enfermedad pulmonar obstructiva<br \/>\ncr\u00f3nica (EPOC), enfisema cong\u00e9nito, displasia broncopulmonar, bronquiectasias, fibrosis<br \/>\nqu\u00edstica, y asma moderado o severo.<br \/>\nb) Personas con enfermedades card\u00edacas: Insuficiencia card\u00edaca, enfermedad coronaria,<br \/>\nvalvulopat\u00edas y cardiopat\u00edas cong\u00e9nitas.<br \/>\nc) Personas con inmunodeficiencias.<br \/>\nd) Personas con diabetes, insuficiencia renal cr\u00f3nica en di\u00e1lisis o con expectativas de<br \/>\ningresar a di\u00e1lisis en los siguientes seis meses.<br \/>\ne) Personas con obesidad m\u00f3rbida.<\/p>\n<p><strong>Actividades clturales:<\/strong><\/p>\n<p>Por id\u00e9ntico plazo que el dispuesto en el art\u00edculo 1\u00b0) del presente \u00a0prorr\u00f3gase, en el horario de 8,00 a 20,00 horas, el funcionamiento de las siguientes actividades educativas y culturales:<\/p>\n<p>1.- Producci\u00f3n y\/o grabaci\u00f3n de contenido para transmisi\u00f3n y\/o reproducci\u00f3n a trav\u00e9s de<br \/>\nlos medios digitales y\/o plataformas web (\u201cStreaming\u201d).<br \/>\n2.- Ensayos de obras musicales y teatrales.<br \/>\n3.- Asistencia a estudios\/ espacios culturales\/ ateliers de parte de sus artistas.<br \/>\n4.- Talleres Culturales.<br \/>\n5.- Ferias de Artesanos y Emprendedores al aire libre, las que se realizar\u00e1n en lugar y fecha que asignar\u00e1 esta administraci\u00f3n a solicitud de los interesados. En ning\u00fan caso podr\u00e1n realizarse en la zona c\u00e9ntrica de la ciudad para evitar la conglomeraci\u00f3n de personas.<br \/>\n6.- Talleres protegidos.<br \/>\n7.- Jardines Maternales.<\/p>\n<p>Las actividades culturales enumeradas, en los puntos 1 a 4 deber\u00e1n realizarse conforme al protocolo oportunamente publicado. Se llevar\u00e1n a cabo en espacios municipales, con sistema de turnos previamente asignados por la Subsecretar\u00eda de Cultura y Educaci\u00f3n, a las casillas bicentenario@olavarria.gov.ar y teatromunicipal@olavarria.gov.ar y a los tel\u00e9fonos 2284-418454, 2284-431607, los cuales deber\u00e1n llevar un registro de todas las personas con nombre, DNI, y tel\u00e9fono, que concurran al establecimiento especificando fehacientemente d\u00eda y hora de permanencia, los que deber\u00e1n ser registrados a tal efecto, con un m\u00ednimo de 30 d\u00edas corridos de historia, para llevar a cabo una trazabilidad suficiente en el caso de producirse un contagio.<\/p>\n<p>En todos los casos deber\u00e1 evitar el contacto f\u00edsico, y respetar el correspondiente distanciamiento social, que nunca podr\u00e1 ser inferior a los dos metros de distancia. Asimismo, deber\u00e1n respetar el uso obligatorio de barbijo y\/o tapaboca dispuesto en el Decreto N\u00ba 1028\/20, exceptu\u00e1ndose \u00fanicamente a los artistas que canten, o que ejecuten instrumentos de viento, y a ese s\u00f3lo y \u00fanico efecto.-<\/p>\n<p><strong>Transporte p\u00fablico de pasajeros:<\/strong><\/p>\n<p>El Transporte P\u00fablico de pasajeros en colectivos podr\u00e1 funcionar de 6,00 a 23,00 horas, con frecuencias similares a la de los d\u00edas domingos y feriados, debiendo continuar con los protocolos sanitarios establecidos en el art\u00edculo 9\u00ba) del Decreto N\u00ba 905\/20 del 16 de marzo de 2020. Autor\u00edzase a los taxis y remises para funcionar sin restricci\u00f3n horaria. El transporte privado que se realiza en Combis y\/o Micros solo podr\u00e1 funcionar el que se encuentre relacionado a la actividad minera y a los procesos industriales habilitados en el art\u00edculo 2\u00b0) del Decreto N\u00ba 1778\/20, en los mismos t\u00e9rminos y condiciones establecidos en el Decreto N\u00b0 1030 del 7 de abril de 2020.-<\/p>\n<p><strong>Salidas de esparcimiento:\u00a0<\/strong>de 10 a 20hs<\/p>\n<p><strong>Cementerios Municipales:<\/strong><\/p>\n<p>El funcionamiento de los Cementerios Municipales, los que podr\u00e1n funcionar los d\u00edas lunes a viernes de 8,00 a 13,00 horas y los d\u00edas s\u00e1bado de 8,00 a 16,00 horas.-<\/p>\n<p>Dicha actividad se ajustar\u00e1 al protocolo que emiti\u00f3, a tal efecto, la Provincia de Buenos Aires, y el emitido oportunamente por el Comit\u00e9 de Crisis en conjunto con la Secretar\u00eda de Salud.<\/p>\n<p>Asimismo, deber\u00e1 respetarse la obligatoriedad del uso de barbijo o tapa boca dispuesta en el Decreto N\u00ba 1028\/20, y el correspondiente distanciamiento social que nunca podr\u00e1 ser menor a los 2 metros. Except\u00faase de la dispensa del deber de asistencia a los trabajadores que prestan tareas en los Cementerios Municipales pertenecientes a la Secretar\u00eda de Mantenimiento y Obras P\u00fablicas, declarando como servicio esencial, en los t\u00e9rminos del Decreto N\u00ba 576\/20 del Poder Ejecutivo Nacional, a los Cementerios Municipales.-<\/p>\n<p><strong>Espacios de culto:<\/strong><\/p>\n<p>El funcionamiento de los espacios de culto, los que podr\u00e1n funcionar de 8,00 a 20,00 horas, pudiendo ingresar para orar y para tener un breve encuentro con el referente religioso. En ning\u00fan caso podr\u00e1 haber m\u00e1s de diez (10) personas, debiendo respetarse el distanciamiento social que nunca ser\u00e1 inferior a los dos (2) metros, y la obligatoriedad del uso del tapabocas dispuesto en el Decreto N\u00ba 1028\/20. Habil\u00edtase a realizar celebraciones religiosas al aire libre y al 50% de la capacidad del lugar, en ning\u00fan caso podr\u00e1n superar un m\u00e1ximo de CIEN (100) personas.-<\/p>\n<p><strong>Velatorios:<\/strong><\/p>\n<p>Los velatorios e inhumaciones, los que se llevar\u00e1n a cabo por un lapso de tiempo que no podr\u00e1 superar las 2 horas y con no m\u00e1s de diez (10) personas al mismo tiempo en el interior de la sala velatoria.-<\/p>\n<p><strong>Reuniones sociales:<\/strong><\/p>\n<p>Por \u00faltimo, Olavarr\u00eda continuar\u00e1 por 15 d\u00edas en fase 4 y dentro de las actividades est\u00e1n las reuniones sociales de hasta DIEZ (10) personas al aire libre, en domicilios particulares como en espacios privados de acceso p\u00fablico. Con relaci\u00f3n a las infracciones que se formulen en las quintas destinadas a alquiler temporario, por violaci\u00f3n a la autorizaci\u00f3n otorgada en el p\u00e1rrafo precedente, la multa se aplicar\u00e1 solidariamente al titular registral y al locatario de la misma.-<\/p>\n","protected":false},"excerpt":{"rendered":"<p>Olavarr\u00eda por 15 d\u00edas continuar\u00e1 en Fase 4 \u00bfQu\u00e9 dice el decreto publicado?. La Jefatura&#8230;<\/p>\n","protected":false},"author":1,"featured_media":132515,"comment_status":"closed","ping_status":"closed","sticky":false,"template":"","format":"standard","meta":{"content-type":""},"categories":[27,64],"tags":[],"nelio_content":{"isAutoShareEnabled":false,"autoShareEndMode":"default","automationSources":{"useContentSentences":true,"useSocialTemplates":true,"useCustomSentences":false,"customSentences":[]},"followers":[1],"suggestedReferences":[],"includedReferences":[],"efiUrl":"","efiAlt":"","highlights":[]},"yoast_head":"<!-- This site is optimized with the Yoast SEO plugin v20.7 - https:\/\/yoast.com\/wordpress\/plugins\/seo\/ -->\n<title>Olavarr\u00eda por 15 d\u00edas continuar\u00e1 en fase 4\u00bfQu\u00e9 dice el decreto publicado?<\/title>\n<meta name=\"description\" content=\"Olavarr\u00eda por 15 d\u00edas continuar\u00e1 en Fase 4 \u00bfQu\u00e9 dice el decreto publicado?, Olavarr\u00eda fue ubicada en la fase 4 por la Jefatura de Ministros.\" \/>\n<meta name=\"robots\" content=\"index, follow, max-snippet:-1, max-image-preview:large, max-video-preview:-1\" \/>\n<link rel=\"canonical\" href=\"https:\/\/experienciadevida.com.ar\/portalurbano\/olavarria-por-15-dias-continuara-en-fase-4-que-dice-el-decreto-publicado\/\" \/>\n<meta property=\"og:locale\" content=\"es_ES\" \/>\n<meta property=\"og:type\" content=\"article\" \/>\n<meta property=\"og:title\" content=\"Olavarr\u00eda por 15 d\u00edas continuar\u00e1 en fase 4\u00bfQu\u00e9 dice el decreto publicado?\" \/>\n<meta property=\"og:description\" content=\"Olavarr\u00eda por 15 d\u00edas continuar\u00e1 en Fase 4 \u00bfQu\u00e9 dice el decreto publicado?, Olavarr\u00eda fue ubicada en la fase 4 por la Jefatura de Ministros.\" \/>\n<meta property=\"og:url\" content=\"https:\/\/experienciadevida.com.ar\/portalurbano\/olavarria-por-15-dias-continuara-en-fase-4-que-dice-el-decreto-publicado\/\" \/>\n<meta property=\"article:publisher\" content=\"https:\/\/www.facebook.com\/Portal-Urbano-171542830093757\/\" \/>\n<meta property=\"article:published_time\" content=\"2021-02-02T17:39:14+00:00\" \/>\n<meta property=\"article:modified_time\" content=\"2021-02-02T17:58:38+00:00\" \/>\n<meta property=\"og:image\" content=\"https:\/\/experienciadevida.com.ar\/portalurbano\/wp-content\/uploads\/2021\/01\/Restriccion-nocturna6.jpg\" \/>\n\t<meta property=\"og:image:width\" content=\"765\" \/>\n\t<meta property=\"og:image:height\" content=\"486\" \/>\n\t<meta property=\"og:image:type\" content=\"image\/jpeg\" \/>\n<meta name=\"author\" content=\"admpu17wp\" \/>\n<meta name=\"twitter:card\" content=\"summary_large_image\" \/>\n<meta name=\"twitter:creator\" content=\"@portalurbanook\" \/>\n<meta name=\"twitter:site\" content=\"@portalurbanook\" \/>\n<meta name=\"twitter:label1\" content=\"Escrito por\" \/>\n\t<meta name=\"twitter:data1\" content=\"admpu17wp\" \/>\n\t<meta name=\"twitter:label2\" content=\"Tiempo de lectura\" \/>\n\t<meta name=\"twitter:data2\" content=\"12 minutos\" \/>\n<script type=\"application\/ld+json\" class=\"yoast-schema-graph\">{\"@context\":\"https:\/\/schema.org\",\"@graph\":[{\"@type\":\"Article\",\"@id\":\"https:\/\/experienciadevida.com.ar\/portalurbano\/olavarria-por-15-dias-continuara-en-fase-4-que-dice-el-decreto-publicado\/#article\",\"isPartOf\":{\"@id\":\"https:\/\/experienciadevida.com.ar\/portalurbano\/olavarria-por-15-dias-continuara-en-fase-4-que-dice-el-decreto-publicado\/\"},\"author\":{\"name\":\"admpu17wp\",\"@id\":\"https:\/\/experienciadevida.com.ar\/portalurbano\/#\/schema\/person\/02dd326b1c4b056e9cc972486934a3a7\"},\"headline\":\"Olavarr\u00eda por 15 d\u00edas continuar\u00e1 en Fase 4 \u00bfQu\u00e9 dice el decreto publicado?\",\"datePublished\":\"2021-02-02T17:39:14+00:00\",\"dateModified\":\"2021-02-02T17:58:38+00:00\",\"mainEntityOfPage\":{\"@id\":\"https:\/\/experienciadevida.com.ar\/portalurbano\/olavarria-por-15-dias-continuara-en-fase-4-que-dice-el-decreto-publicado\/\"},\"wordCount\":2676,\"publisher\":{\"@id\":\"https:\/\/experienciadevida.com.ar\/portalurbano\/#organization\"},\"articleSection\":[\"Ciudad\",\"Destacadas 2\"],\"inLanguage\":\"es\"},{\"@type\":\"WebPage\",\"@id\":\"https:\/\/experienciadevida.com.ar\/portalurbano\/olavarria-por-15-dias-continuara-en-fase-4-que-dice-el-decreto-publicado\/\",\"url\":\"https:\/\/experienciadevida.com.ar\/portalurbano\/olavarria-por-15-dias-continuara-en-fase-4-que-dice-el-decreto-publicado\/\",\"name\":\"Olavarr\u00eda por 15 d\u00edas continuar\u00e1 en fase 4\u00bfQu\u00e9 dice el decreto publicado?\",\"isPartOf\":{\"@id\":\"https:\/\/experienciadevida.com.ar\/portalurbano\/#website\"},\"datePublished\":\"2021-02-02T17:39:14+00:00\",\"dateModified\":\"2021-02-02T17:58:38+00:00\",\"description\":\"Olavarr\u00eda por 15 d\u00edas continuar\u00e1 en Fase 4 \u00bfQu\u00e9 dice el decreto publicado?, Olavarr\u00eda fue ubicada en la fase 4 por la Jefatura de Ministros.\",\"breadcrumb\":{\"@id\":\"https:\/\/experienciadevida.com.ar\/portalurbano\/olavarria-por-15-dias-continuara-en-fase-4-que-dice-el-decreto-publicado\/#breadcrumb\"},\"inLanguage\":\"es\",\"potentialAction\":[{\"@type\":\"ReadAction\",\"target\":[\"https:\/\/experienciadevida.com.ar\/portalurbano\/olavarria-por-15-dias-continuara-en-fase-4-que-dice-el-decreto-publicado\/\"]}]},{\"@type\":\"BreadcrumbList\",\"@id\":\"https:\/\/experienciadevida.com.ar\/portalurbano\/olavarria-por-15-dias-continuara-en-fase-4-que-dice-el-decreto-publicado\/#breadcrumb\",\"itemListElement\":[{\"@type\":\"ListItem\",\"position\":1,\"name\":\"Portada\",\"item\":\"https:\/\/experienciadevida.com.ar\/portalurbano\/\"},{\"@type\":\"ListItem\",\"position\":2,\"name\":\"Olavarr\u00eda por 15 d\u00edas continuar\u00e1 en Fase 4 \u00bfQu\u00e9 dice el decreto publicado?\"}]},{\"@type\":\"WebSite\",\"@id\":\"https:\/\/experienciadevida.com.ar\/portalurbano\/#website\",\"url\":\"https:\/\/experienciadevida.com.ar\/portalurbano\/\",\"name\":\"\",\"description\":\"\",\"publisher\":{\"@id\":\"https:\/\/experienciadevida.com.ar\/portalurbano\/#organization\"},\"potentialAction\":[{\"@type\":\"SearchAction\",\"target\":{\"@type\":\"EntryPoint\",\"urlTemplate\":\"https:\/\/experienciadevida.com.ar\/portalurbano\/?s={search_term_string}\"},\"query-input\":\"required name=search_term_string\"}],\"inLanguage\":\"es\"},{\"@type\":\"Organization\",\"@id\":\"https:\/\/experienciadevida.com.ar\/portalurbano\/#organization\",\"name\":\"Portal Urbano\",\"url\":\"https:\/\/experienciadevida.com.ar\/portalurbano\/\",\"logo\":{\"@type\":\"ImageObject\",\"inLanguage\":\"es\",\"@id\":\"https:\/\/experienciadevida.com.ar\/portalurbano\/#\/schema\/logo\/image\/\",\"url\":\"https:\/\/experienciadevida.com.ar\/portalurbano\/wp-content\/uploads\/2019\/09\/Logo-Original.png\",\"contentUrl\":\"https:\/\/experienciadevida.com.ar\/portalurbano\/wp-content\/uploads\/2019\/09\/Logo-Original.png\",\"width\":2236,\"height\":1216,\"caption\":\"Portal Urbano\"},\"image\":{\"@id\":\"https:\/\/experienciadevida.com.ar\/portalurbano\/#\/schema\/logo\/image\/\"},\"sameAs\":[\"https:\/\/www.facebook.com\/Portal-Urbano-171542830093757\/\",\"https:\/\/twitter.com\/portalurbanook\",\"https:\/\/www.instagram.com\/_portalurbano\/\",\"https:\/\/www.youtube.com\/channel\/UCXhagIfszH8KxFiOok79zbA?view_as=subscriber\"]},{\"@type\":\"Person\",\"@id\":\"https:\/\/experienciadevida.com.ar\/portalurbano\/#\/schema\/person\/02dd326b1c4b056e9cc972486934a3a7\",\"name\":\"admpu17wp\",\"image\":{\"@type\":\"ImageObject\",\"inLanguage\":\"es\",\"@id\":\"https:\/\/experienciadevida.com.ar\/portalurbano\/#\/schema\/person\/image\/\",\"url\":\"https:\/\/secure.gravatar.com\/avatar\/830d4c57adaae6630765e449a6908047?s=96&d=mm&r=g\",\"contentUrl\":\"https:\/\/secure.gravatar.com\/avatar\/830d4c57adaae6630765e449a6908047?s=96&d=mm&r=g\",\"caption\":\"admpu17wp\"}}]}<\/script>\n<!-- \/ Yoast SEO plugin. -->","yoast_head_json":{"title":"Olavarr\u00eda por 15 d\u00edas continuar\u00e1 en fase 4\u00bfQu\u00e9 dice el decreto publicado?","description":"Olavarr\u00eda por 15 d\u00edas continuar\u00e1 en Fase 4 \u00bfQu\u00e9 dice el decreto publicado?, Olavarr\u00eda fue ubicada en la fase 4 por la Jefatura de Ministros.","robots":{"index":"index","follow":"follow","max-snippet":"max-snippet:-1","max-image-preview":"max-image-preview:large","max-video-preview":"max-video-preview:-1"},"canonical":"https:\/\/experienciadevida.com.ar\/portalurbano\/olavarria-por-15-dias-continuara-en-fase-4-que-dice-el-decreto-publicado\/","og_locale":"es_ES","og_type":"article","og_title":"Olavarr\u00eda por 15 d\u00edas continuar\u00e1 en fase 4\u00bfQu\u00e9 dice el decreto publicado?","og_description":"Olavarr\u00eda por 15 d\u00edas continuar\u00e1 en Fase 4 \u00bfQu\u00e9 dice el decreto publicado?, Olavarr\u00eda fue ubicada en la fase 4 por la Jefatura de Ministros.","og_url":"https:\/\/experienciadevida.com.ar\/portalurbano\/olavarria-por-15-dias-continuara-en-fase-4-que-dice-el-decreto-publicado\/","article_publisher":"https:\/\/www.facebook.com\/Portal-Urbano-171542830093757\/","article_published_time":"2021-02-02T17:39:14+00:00","article_modified_time":"2021-02-02T17:58:38+00:00","og_image":[{"width":765,"height":486,"url":"https:\/\/experienciadevida.com.ar\/portalurbano\/wp-content\/uploads\/2021\/01\/Restriccion-nocturna6.jpg","type":"image\/jpeg"}],"author":"admpu17wp","twitter_card":"summary_large_image","twitter_creator":"@portalurbanook","twitter_site":"@portalurbanook","twitter_misc":{"Escrito por":"admpu17wp","Tiempo de lectura":"12 minutos"},"schema":{"@context":"https:\/\/schema.org","@graph":[{"@type":"Article","@id":"https:\/\/experienciadevida.com.ar\/portalurbano\/olavarria-por-15-dias-continuara-en-fase-4-que-dice-el-decreto-publicado\/#article","isPartOf":{"@id":"https:\/\/experienciadevida.com.ar\/portalurbano\/olavarria-por-15-dias-continuara-en-fase-4-que-dice-el-decreto-publicado\/"},"author":{"name":"admpu17wp","@id":"https:\/\/experienciadevida.com.ar\/portalurbano\/#\/schema\/person\/02dd326b1c4b056e9cc972486934a3a7"},"headline":"Olavarr\u00eda por 15 d\u00edas continuar\u00e1 en Fase 4 \u00bfQu\u00e9 dice el decreto publicado?","datePublished":"2021-02-02T17:39:14+00:00","dateModified":"2021-02-02T17:58:38+00:00","mainEntityOfPage":{"@id":"https:\/\/experienciadevida.com.ar\/portalurbano\/olavarria-por-15-dias-continuara-en-fase-4-que-dice-el-decreto-publicado\/"},"wordCount":2676,"publisher":{"@id":"https:\/\/experienciadevida.com.ar\/portalurbano\/#organization"},"articleSection":["Ciudad","Destacadas 2"],"inLanguage":"es"},{"@type":"WebPage","@id":"https:\/\/experienciadevida.com.ar\/portalurbano\/olavarria-por-15-dias-continuara-en-fase-4-que-dice-el-decreto-publicado\/","url":"https:\/\/experienciadevida.com.ar\/portalurbano\/olavarria-por-15-dias-continuara-en-fase-4-que-dice-el-decreto-publicado\/","name":"Olavarr\u00eda por 15 d\u00edas continuar\u00e1 en fase 4\u00bfQu\u00e9 dice el decreto publicado?","isPartOf":{"@id":"https:\/\/experienciadevida.com.ar\/portalurbano\/#website"},"datePublished":"2021-02-02T17:39:14+00:00","dateModified":"2021-02-02T17:58:38+00:00","description":"Olavarr\u00eda por 15 d\u00edas continuar\u00e1 en Fase 4 \u00bfQu\u00e9 dice el decreto publicado?, Olavarr\u00eda fue ubicada en la fase 4 por la Jefatura de Ministros.","breadcrumb":{"@id":"https:\/\/experienciadevida.com.ar\/portalurbano\/olavarria-por-15-dias-continuara-en-fase-4-que-dice-el-decreto-publicado\/#breadcrumb"},"inLanguage":"es","potentialAction":[{"@type":"ReadAction","target":["https:\/\/experienciadevida.com.ar\/portalurbano\/olavarria-por-15-dias-continuara-en-fase-4-que-dice-el-decreto-publicado\/"]}]},{"@type":"BreadcrumbList","@id":"https:\/\/experienciadevida.com.ar\/portalurbano\/olavarria-por-15-dias-continuara-en-fase-4-que-dice-el-decreto-publicado\/#breadcrumb","itemListElement":[{"@type":"ListItem","position":1,"name":"Portada","item":"https:\/\/experienciadevida.com.ar\/portalurbano\/"},{"@type":"ListItem","position":2,"name":"Olavarr\u00eda por 15 d\u00edas continuar\u00e1 en Fase 4 \u00bfQu\u00e9 dice el decreto publicado?"}]},{"@type":"WebSite","@id":"https:\/\/experienciadevida.com.ar\/portalurbano\/#website","url":"https:\/\/experienciadevida.com.ar\/portalurbano\/","name":"","description":"","publisher":{"@id":"https:\/\/experienciadevida.com.ar\/portalurbano\/#organization"},"potentialAction":[{"@type":"SearchAction","target":{"@type":"EntryPoint","urlTemplate":"https:\/\/experienciadevida.com.ar\/portalurbano\/?s={search_term_string}"},"query-input":"required name=search_term_string"}],"inLanguage":"es"},{"@type":"Organization","@id":"https:\/\/experienciadevida.com.ar\/portalurbano\/#organization","name":"Portal Urbano","url":"https:\/\/experienciadevida.com.ar\/portalurbano\/","logo":{"@type":"ImageObject","inLanguage":"es","@id":"https:\/\/experienciadevida.com.ar\/portalurbano\/#\/schema\/logo\/image\/","url":"https:\/\/experienciadevida.com.ar\/portalurbano\/wp-content\/uploads\/2019\/09\/Logo-Original.png","contentUrl":"https:\/\/experienciadevida.com.ar\/portalurbano\/wp-content\/uploads\/2019\/09\/Logo-Original.png","width":2236,"height":1216,"caption":"Portal Urbano"},"image":{"@id":"https:\/\/experienciadevida.com.ar\/portalurbano\/#\/schema\/logo\/image\/"},"sameAs":["https:\/\/www.facebook.com\/Portal-Urbano-171542830093757\/","https:\/\/twitter.com\/portalurbanook","https:\/\/www.instagram.com\/_portalurbano\/","https:\/\/www.youtube.com\/channel\/UCXhagIfszH8KxFiOok79zbA?view_as=subscriber"]},{"@type":"Person","@id":"https:\/\/experienciadevida.com.ar\/portalurbano\/#\/schema\/person\/02dd326b1c4b056e9cc972486934a3a7","name":"admpu17wp","image":{"@type":"ImageObject","inLanguage":"es","@id":"https:\/\/experienciadevida.com.ar\/portalurbano\/#\/schema\/person\/image\/","url":"https:\/\/secure.gravatar.com\/avatar\/830d4c57adaae6630765e449a6908047?s=96&d=mm&r=g","contentUrl":"https:\/\/secure.gravatar.com\/avatar\/830d4c57adaae6630765e449a6908047?s=96&d=mm&r=g","caption":"admpu17wp"}}]}},"featured_image_urls":{"full":["https:\/\/experienciadevida.com.ar\/portalurbano\/wp-content\/uploads\/2021\/01\/Restriccion-nocturna6.jpg",765,486,false],"thumbnail":["https:\/\/experienciadevida.com.ar\/portalurbano\/wp-content\/uploads\/2021\/01\/Restriccion-nocturna6-150x150.jpg",150,150,true],"medium":["https:\/\/experienciadevida.com.ar\/portalurbano\/wp-content\/uploads\/2021\/01\/Restriccion-nocturna6-300x191.jpg",300,191,true],"medium_large":["https:\/\/experienciadevida.com.ar\/portalurbano\/wp-content\/uploads\/2021\/01\/Restriccion-nocturna6.jpg",640,407,false],"large":["https:\/\/experienciadevida.com.ar\/portalurbano\/wp-content\/uploads\/2021\/01\/Restriccion-nocturna6.jpg",640,407,false],"ug_big":["https:\/\/experienciadevida.com.ar\/portalurbano\/wp-content\/uploads\/2021\/01\/Restriccion-nocturna6.jpg",765,486,false],"1536x1536":["https:\/\/experienciadevida.com.ar\/portalurbano\/wp-content\/uploads\/2021\/01\/Restriccion-nocturna6.jpg",765,486,false],"2048x2048":["https:\/\/experienciadevida.com.ar\/portalurbano\/wp-content\/uploads\/2021\/01\/Restriccion-nocturna6.jpg",765,486,false],"newsever-slider-full":["https:\/\/experienciadevida.com.ar\/portalurbano\/wp-content\/uploads\/2021\/01\/Restriccion-nocturna6.jpg",765,486,false],"newsever-featured":["https:\/\/experienciadevida.com.ar\/portalurbano\/wp-content\/uploads\/2021\/01\/Restriccion-nocturna6.jpg",765,486,false],"newsever-medium":["https:\/\/experienciadevida.com.ar\/portalurbano\/wp-content\/uploads\/2021\/01\/Restriccion-nocturna6.jpg",720,457,false],"web-stories-poster-portrait":["https:\/\/experienciadevida.com.ar\/portalurbano\/wp-content\/uploads\/2021\/01\/Restriccion-nocturna6.jpg",640,407,false],"web-stories-publisher-logo":["https:\/\/experienciadevida.com.ar\/portalurbano\/wp-content\/uploads\/2021\/01\/Restriccion-nocturna6.jpg",96,61,false],"web-stories-thumbnail":["https:\/\/experienciadevida.com.ar\/portalurbano\/wp-content\/uploads\/2021\/01\/Restriccion-nocturna6.jpg",150,95,false]},"author_info":{"display_name":"admpu17wp","author_link":"https:\/\/experienciadevida.com.ar\/portalurbano\/author\/admpu17wp\/"},"category_info":"<a href=\"https:\/\/experienciadevida.com.ar\/portalurbano\/category\/ciudad\/\" rel=\"category tag\">Ciudad<\/a> <a href=\"https:\/\/experienciadevida.com.ar\/portalurbano\/category\/destacadas-2\/\" rel=\"category tag\">Destacadas 2<\/a>","tag_info":"Destacadas 2","comment_count":"0","amp_enabled":true,"_links":{"self":[{"href":"https:\/\/experienciadevida.com.ar\/portalurbano\/wp-json\/wp\/v2\/posts\/134109"}],"collection":[{"href":"https:\/\/experienciadevida.com.ar\/portalurbano\/wp-json\/wp\/v2\/posts"}],"about":[{"href":"https:\/\/experienciadevida.com.ar\/portalurbano\/wp-json\/wp\/v2\/types\/post"}],"author":[{"embeddable":true,"href":"https:\/\/experienciadevida.com.ar\/portalurbano\/wp-json\/wp\/v2\/users\/1"}],"replies":[{"embeddable":true,"href":"https:\/\/experienciadevida.com.ar\/portalurbano\/wp-json\/wp\/v2\/comments?post=134109"}],"version-history":[{"count":4,"href":"https:\/\/experienciadevida.com.ar\/portalurbano\/wp-json\/wp\/v2\/posts\/134109\/revisions"}],"predecessor-version":[{"id":134111,"href":"https:\/\/experienciadevida.com.ar\/portalurbano\/wp-json\/wp\/v2\/posts\/134109\/revisions\/134111"}],"wp:featuredmedia":[{"embeddable":true,"href":"https:\/\/experienciadevida.com.ar\/portalurbano\/wp-json\/wp\/v2\/media\/132515"}],"wp:attachment":[{"href":"https:\/\/experienciadevida.com.ar\/portalurbano\/wp-json\/wp\/v2\/media?parent=134109"}],"wp:term":[{"taxonomy":"category","embeddable":true,"href":"https:\/\/experienciadevida.com.ar\/portalurbano\/wp-json\/wp\/v2\/categories?post=134109"},{"taxonomy":"post_tag","embeddable":true,"href":"https:\/\/experienciadevida.com.ar\/portalurbano\/wp-json\/wp\/v2\/tags?post=134109"}],"curies":[{"name":"wp","href":"https:\/\/api.w.org\/{rel}","templated":true}]}}