{"id":134071,"date":"2021-02-02T10:11:50","date_gmt":"2021-02-02T13:11:50","guid":{"rendered":"https:\/\/experienciadevida.com.ar\/portalurbano\/?p=134071"},"modified":"2021-02-02T10:19:03","modified_gmt":"2021-02-02T13:19:03","slug":"siniestralidad-vial-en-enero-se-registraron-20-heridos-y-3-personas-fallecidas","status":"publish","type":"post","link":"https:\/\/experienciadevida.com.ar\/portalurbano\/siniestralidad-vial-en-enero-se-registraron-20-heridos-y-3-personas-fallecidas\/","title":{"rendered":"Siniestralidad vial: En enero se registraron 20 heridos y 3 personas fallecidas"},"content":{"rendered":"<p>Siniestralidad vial: En enero se registraron 20 heridos y 3 personas fallecidas (14 leves y 6\u00a0 graves). El Ingeniero Marcos Pascua elabora un informe sobre siniestraldiad en la ciudad de Olavarr\u00eda en el que seg\u00fan los datos relevados por medios locales, en el mes de enero hubo 20 heridos y 3 personas fallecidas.<\/p>\n<p>Seg\u00fan el reporte de movilidad de Google de siniestralidad vial, en Olavarr\u00eda el movimiento del \u00faltimo mes fue un 39% menor que el valor de referencia en las zonas de trabajo, lo cual indica una disminuci\u00f3n respecto al mes anterior, mientras que en las zonas residenciales el movimiento fue un 15% mayor que los valores considerados. El valor de considerado es el movimiento del cual Google tiene referencia de los meses pre pandemia.<\/p>\n<p>Distribuci\u00f3n zonal:<\/p>\n<p>Las zonas donde m\u00e1s siniestros viales se registraron, fueron el centro y microcentro donde se produjeron el 45% de los siniestros, seguido de los barrios Pueblo Nuevo con 15% y Alberdi y Villa Floresta donde ocurrieron el 10% de los eventos en cada uno.<\/p>\n<p>De los siniestros ocurridos en enero, el 64% se produjeron en intersecciones, en su mayor\u00eda en cruces de calles con calles.<\/p>\n<p>Las avenidas con mayor cantidad de eventos ocurridos fueron Col\u00f3n, Del Valle y Avellaneda con 3 cada una.<\/p>\n<p>Distribuci\u00f3n horaria:<\/p>\n<p>Seg\u00fan los datos analizados las franjas horarias con m\u00e1s siniestros ocurridos fueron entre las 12:00 y las 14:00 y la franja de 20:00 a 00:00 con el 24% de los eventos cada una de ellas, seguida por la franja de entre las 18:00-20:00 con el 20%.<\/p>\n<p>Usuarios involucrados:<\/p>\n<p>Seg\u00fan el an\u00e1lisis realizado respecto a los usuarios que se vieron involucrados en los siniestros se puede observar una gran implicancia de autom\u00f3viles (49%), seguidos de las motocicletas (30%), sumando entre ambos el 79%.<\/p>\n<p>La presencia de bicicletas se ubica en un tercer lugar con un 15%. Sobre este punto es importante destacar que los siniestros no se dan entre bicicletas, en cada uno de ellos hay un autom\u00f3vil involucrado y en uno la ciclista result\u00f3 herida cuando le abrieron la puerta de un auto.<\/p>\n<p><a href=\"https:\/\/experienciadevida.com.ar\/portalurbano\/siniestralidad-vial-en-enero-se-registraron-20-heridos-y-3-personas-fallecidas\/siniestralidad\/\" rel=\"attachment wp-att-134078\"><img decoding=\"async\" class=\"alignnone size-full wp-image-134078\" src=\"https:\/\/experienciadevida.com.ar\/portalurbano\/wp-content\/uploads\/2021\/02\/Siniestralidad.png\" alt=\"Siniestralidad\" width=\"720\" height=\"1280\" srcset=\"https:\/\/experienciadevida.com.ar\/portalurbano\/wp-content\/uploads\/2021\/02\/Siniestralidad.png 720w, https:\/\/experienciadevida.com.ar\/portalurbano\/wp-content\/uploads\/2021\/02\/Siniestralidad-169x300.png 169w, https:\/\/experienciadevida.com.ar\/portalurbano\/wp-content\/uploads\/2021\/02\/Siniestralidad-576x1024.png 576w, https:\/\/experienciadevida.com.ar\/portalurbano\/wp-content\/uploads\/2021\/02\/Siniestralidad-432x768.png 432w\" sizes=\"(max-width: 720px) 100vw, 720px\" \/><\/a><\/p>\n<p>Costos sociales:<\/p>\n<p>Si de los costos sociales hablamos, las tres v\u00edctimas fatales, adem\u00e1s del valor humano que cada uno de ellos representa para sus familiares y amigos, le implicaron al Estado Municipal un total de $91.662.039 en car\u00e1cter de costos m\u00e9dicos, humanos, de p\u00e9rdida de productividad, costos de la propiedad y administrativos. Claro que este c\u00e1lculo es sin considerar a las personas heridas que implican en su mayor\u00eda costos m\u00e9dicos y una alta ocupaci\u00f3n de camas en un momento que ese es un recurso indispensable.<\/p>\n<p><a href=\"https:\/\/experienciadevida.com.ar\/portalurbano\/siniestralidad-vial-en-enero-se-registraron-20-heridos-y-3-personas-fallecidas\/vial-22\/\" rel=\"attachment wp-att-134079\"><img decoding=\"async\" class=\"alignnone size-full wp-image-134079\" src=\"https:\/\/experienciadevida.com.ar\/portalurbano\/wp-content\/uploads\/2021\/02\/vial.png\" alt=\"\" width=\"720\" height=\"1280\" srcset=\"https:\/\/experienciadevida.com.ar\/portalurbano\/wp-content\/uploads\/2021\/02\/vial.png 720w, https:\/\/experienciadevida.com.ar\/portalurbano\/wp-content\/uploads\/2021\/02\/vial-169x300.png 169w, https:\/\/experienciadevida.com.ar\/portalurbano\/wp-content\/uploads\/2021\/02\/vial-576x1024.png 576w, https:\/\/experienciadevida.com.ar\/portalurbano\/wp-content\/uploads\/2021\/02\/vial-432x768.png 432w\" sizes=\"(max-width: 720px) 100vw, 720px\" \/><\/a><\/p>\n","protected":false},"excerpt":{"rendered":"<p>Siniestralidad vial: En enero se registraron 20 heridos y 3 personas fallecidas (14 leves y&#8230;<\/p>\n","protected":false},"author":1,"featured_media":132248,"comment_status":"closed","ping_status":"closed","sticky":false,"template":"","format":"standard","meta":{"content-type":""},"categories":[27,51],"tags":[],"nelio_content":{"isAutoShareEnabled":false,"autoShareEndMode":"default","automationSources":{"useContentSentences":true,"useSocialTemplates":true,"useCustomSentences":false,"customSentences":[]},"followers":[1],"suggestedReferences":[],"includedReferences":[],"efiUrl":"","efiAlt":"","highlights":[]},"yoast_head":"<!-- This site is optimized with the Yoast SEO plugin v20.7 - https:\/\/yoast.com\/wordpress\/plugins\/seo\/ -->\n<title>Siniestralidad vial: en enero se registraron 20 heridos y 3 fallecidos<\/title>\n<meta name=\"description\" content=\"Siniestralidad vial: En enero se registraron 20 heridos y 3 personas fallecidas (14 leves y 6\u00a0 graves). El Ingeniero Pascua elabora un informe\" \/>\n<meta name=\"robots\" content=\"index, follow, max-snippet:-1, max-image-preview:large, max-video-preview:-1\" \/>\n<link rel=\"canonical\" href=\"https:\/\/experienciadevida.com.ar\/portalurbano\/siniestralidad-vial-en-enero-se-registraron-20-heridos-y-3-personas-fallecidas\/\" \/>\n<meta property=\"og:locale\" content=\"es_ES\" \/>\n<meta property=\"og:type\" content=\"article\" \/>\n<meta property=\"og:title\" content=\"Siniestralidad vial: en enero se registraron 20 heridos y 3 fallecidos\" \/>\n<meta property=\"og:description\" content=\"Siniestralidad vial: En enero se registraron 20 heridos y 3 personas fallecidas (14 leves y 6\u00a0 graves). El Ingeniero Pascua elabora un informe\" \/>\n<meta property=\"og:url\" content=\"https:\/\/experienciadevida.com.ar\/portalurbano\/siniestralidad-vial-en-enero-se-registraron-20-heridos-y-3-personas-fallecidas\/\" \/>\n<meta property=\"article:publisher\" content=\"https:\/\/www.facebook.com\/Portal-Urbano-171542830093757\/\" \/>\n<meta property=\"article:published_time\" content=\"2021-02-02T13:11:50+00:00\" \/>\n<meta property=\"article:modified_time\" content=\"2021-02-02T13:19:03+00:00\" \/>\n<meta property=\"og:image\" content=\"https:\/\/experienciadevida.com.ar\/portalurbano\/wp-content\/uploads\/2021\/01\/Accidente.jpg\" \/>\n\t<meta property=\"og:image:width\" content=\"1040\" \/>\n\t<meta property=\"og:image:height\" content=\"780\" \/>\n\t<meta property=\"og:image:type\" content=\"image\/jpeg\" \/>\n<meta name=\"author\" content=\"admpu17wp\" \/>\n<meta name=\"twitter:card\" content=\"summary_large_image\" \/>\n<meta name=\"twitter:creator\" content=\"@portalurbanook\" \/>\n<meta name=\"twitter:site\" content=\"@portalurbanook\" \/>\n<meta name=\"twitter:label1\" content=\"Escrito por\" \/>\n\t<meta name=\"twitter:data1\" content=\"admpu17wp\" \/>\n\t<meta name=\"twitter:label2\" content=\"Tiempo de lectura\" \/>\n\t<meta name=\"twitter:data2\" content=\"3 minutos\" \/>\n<script type=\"application\/ld+json\" class=\"yoast-schema-graph\">{\"@context\":\"https:\/\/schema.org\",\"@graph\":[{\"@type\":\"Article\",\"@id\":\"https:\/\/experienciadevida.com.ar\/portalurbano\/siniestralidad-vial-en-enero-se-registraron-20-heridos-y-3-personas-fallecidas\/#article\",\"isPartOf\":{\"@id\":\"https:\/\/experienciadevida.com.ar\/portalurbano\/siniestralidad-vial-en-enero-se-registraron-20-heridos-y-3-personas-fallecidas\/\"},\"author\":{\"name\":\"admpu17wp\",\"@id\":\"https:\/\/experienciadevida.com.ar\/portalurbano\/#\/schema\/person\/02dd326b1c4b056e9cc972486934a3a7\"},\"headline\":\"Siniestralidad vial: En enero se registraron 20 heridos y 3 personas fallecidas\",\"datePublished\":\"2021-02-02T13:11:50+00:00\",\"dateModified\":\"2021-02-02T13:19:03+00:00\",\"mainEntityOfPage\":{\"@id\":\"https:\/\/experienciadevida.com.ar\/portalurbano\/siniestralidad-vial-en-enero-se-registraron-20-heridos-y-3-personas-fallecidas\/\"},\"wordCount\":442,\"publisher\":{\"@id\":\"https:\/\/experienciadevida.com.ar\/portalurbano\/#organization\"},\"articleSection\":[\"Ciudad\",\"Destacadas\"],\"inLanguage\":\"es\"},{\"@type\":\"WebPage\",\"@id\":\"https:\/\/experienciadevida.com.ar\/portalurbano\/siniestralidad-vial-en-enero-se-registraron-20-heridos-y-3-personas-fallecidas\/\",\"url\":\"https:\/\/experienciadevida.com.ar\/portalurbano\/siniestralidad-vial-en-enero-se-registraron-20-heridos-y-3-personas-fallecidas\/\",\"name\":\"Siniestralidad vial: en enero se registraron 20 heridos y 3 fallecidos\",\"isPartOf\":{\"@id\":\"https:\/\/experienciadevida.com.ar\/portalurbano\/#website\"},\"datePublished\":\"2021-02-02T13:11:50+00:00\",\"dateModified\":\"2021-02-02T13:19:03+00:00\",\"description\":\"Siniestralidad vial: En enero se registraron 20 heridos y 3 personas fallecidas (14 leves y 6\u00a0 graves). El Ingeniero Pascua elabora un informe\",\"breadcrumb\":{\"@id\":\"https:\/\/experienciadevida.com.ar\/portalurbano\/siniestralidad-vial-en-enero-se-registraron-20-heridos-y-3-personas-fallecidas\/#breadcrumb\"},\"inLanguage\":\"es\",\"potentialAction\":[{\"@type\":\"ReadAction\",\"target\":[\"https:\/\/experienciadevida.com.ar\/portalurbano\/siniestralidad-vial-en-enero-se-registraron-20-heridos-y-3-personas-fallecidas\/\"]}]},{\"@type\":\"BreadcrumbList\",\"@id\":\"https:\/\/experienciadevida.com.ar\/portalurbano\/siniestralidad-vial-en-enero-se-registraron-20-heridos-y-3-personas-fallecidas\/#breadcrumb\",\"itemListElement\":[{\"@type\":\"ListItem\",\"position\":1,\"name\":\"Portada\",\"item\":\"https:\/\/experienciadevida.com.ar\/portalurbano\/\"},{\"@type\":\"ListItem\",\"position\":2,\"name\":\"Siniestralidad vial: En enero se registraron 20 heridos y 3 personas fallecidas\"}]},{\"@type\":\"WebSite\",\"@id\":\"https:\/\/experienciadevida.com.ar\/portalurbano\/#website\",\"url\":\"https:\/\/experienciadevida.com.ar\/portalurbano\/\",\"name\":\"\",\"description\":\"\",\"publisher\":{\"@id\":\"https:\/\/experienciadevida.com.ar\/portalurbano\/#organization\"},\"potentialAction\":[{\"@type\":\"SearchAction\",\"target\":{\"@type\":\"EntryPoint\",\"urlTemplate\":\"https:\/\/experienciadevida.com.ar\/portalurbano\/?s={search_term_string}\"},\"query-input\":\"required name=search_term_string\"}],\"inLanguage\":\"es\"},{\"@type\":\"Organization\",\"@id\":\"https:\/\/experienciadevida.com.ar\/portalurbano\/#organization\",\"name\":\"Portal Urbano\",\"url\":\"https:\/\/experienciadevida.com.ar\/portalurbano\/\",\"logo\":{\"@type\":\"ImageObject\",\"inLanguage\":\"es\",\"@id\":\"https:\/\/experienciadevida.com.ar\/portalurbano\/#\/schema\/logo\/image\/\",\"url\":\"https:\/\/experienciadevida.com.ar\/portalurbano\/wp-content\/uploads\/2019\/09\/Logo-Original.png\",\"contentUrl\":\"https:\/\/experienciadevida.com.ar\/portalurbano\/wp-content\/uploads\/2019\/09\/Logo-Original.png\",\"width\":2236,\"height\":1216,\"caption\":\"Portal Urbano\"},\"image\":{\"@id\":\"https:\/\/experienciadevida.com.ar\/portalurbano\/#\/schema\/logo\/image\/\"},\"sameAs\":[\"https:\/\/www.facebook.com\/Portal-Urbano-171542830093757\/\",\"https:\/\/twitter.com\/portalurbanook\",\"https:\/\/www.instagram.com\/_portalurbano\/\",\"https:\/\/www.youtube.com\/channel\/UCXhagIfszH8KxFiOok79zbA?view_as=subscriber\"]},{\"@type\":\"Person\",\"@id\":\"https:\/\/experienciadevida.com.ar\/portalurbano\/#\/schema\/person\/02dd326b1c4b056e9cc972486934a3a7\",\"name\":\"admpu17wp\",\"image\":{\"@type\":\"ImageObject\",\"inLanguage\":\"es\",\"@id\":\"https:\/\/experienciadevida.com.ar\/portalurbano\/#\/schema\/person\/image\/\",\"url\":\"https:\/\/secure.gravatar.com\/avatar\/830d4c57adaae6630765e449a6908047?s=96&d=mm&r=g\",\"contentUrl\":\"https:\/\/secure.gravatar.com\/avatar\/830d4c57adaae6630765e449a6908047?s=96&d=mm&r=g\",\"caption\":\"admpu17wp\"}}]}<\/script>\n<!-- \/ Yoast SEO plugin. -->","yoast_head_json":{"title":"Siniestralidad vial: en enero se registraron 20 heridos y 3 fallecidos","description":"Siniestralidad vial: En enero se registraron 20 heridos y 3 personas fallecidas (14 leves y 6\u00a0 graves). El Ingeniero Pascua elabora un informe","robots":{"index":"index","follow":"follow","max-snippet":"max-snippet:-1","max-image-preview":"max-image-preview:large","max-video-preview":"max-video-preview:-1"},"canonical":"https:\/\/experienciadevida.com.ar\/portalurbano\/siniestralidad-vial-en-enero-se-registraron-20-heridos-y-3-personas-fallecidas\/","og_locale":"es_ES","og_type":"article","og_title":"Siniestralidad vial: en enero se registraron 20 heridos y 3 fallecidos","og_description":"Siniestralidad vial: En enero se registraron 20 heridos y 3 personas fallecidas (14 leves y 6\u00a0 graves). El Ingeniero Pascua elabora un informe","og_url":"https:\/\/experienciadevida.com.ar\/portalurbano\/siniestralidad-vial-en-enero-se-registraron-20-heridos-y-3-personas-fallecidas\/","article_publisher":"https:\/\/www.facebook.com\/Portal-Urbano-171542830093757\/","article_published_time":"2021-02-02T13:11:50+00:00","article_modified_time":"2021-02-02T13:19:03+00:00","og_image":[{"width":1040,"height":780,"url":"https:\/\/experienciadevida.com.ar\/portalurbano\/wp-content\/uploads\/2021\/01\/Accidente.jpg","type":"image\/jpeg"}],"author":"admpu17wp","twitter_card":"summary_large_image","twitter_creator":"@portalurbanook","twitter_site":"@portalurbanook","twitter_misc":{"Escrito por":"admpu17wp","Tiempo de lectura":"3 minutos"},"schema":{"@context":"https:\/\/schema.org","@graph":[{"@type":"Article","@id":"https:\/\/experienciadevida.com.ar\/portalurbano\/siniestralidad-vial-en-enero-se-registraron-20-heridos-y-3-personas-fallecidas\/#article","isPartOf":{"@id":"https:\/\/experienciadevida.com.ar\/portalurbano\/siniestralidad-vial-en-enero-se-registraron-20-heridos-y-3-personas-fallecidas\/"},"author":{"name":"admpu17wp","@id":"https:\/\/experienciadevida.com.ar\/portalurbano\/#\/schema\/person\/02dd326b1c4b056e9cc972486934a3a7"},"headline":"Siniestralidad vial: En enero se registraron 20 heridos y 3 personas fallecidas","datePublished":"2021-02-02T13:11:50+00:00","dateModified":"2021-02-02T13:19:03+00:00","mainEntityOfPage":{"@id":"https:\/\/experienciadevida.com.ar\/portalurbano\/siniestralidad-vial-en-enero-se-registraron-20-heridos-y-3-personas-fallecidas\/"},"wordCount":442,"publisher":{"@id":"https:\/\/experienciadevida.com.ar\/portalurbano\/#organization"},"articleSection":["Ciudad","Destacadas"],"inLanguage":"es"},{"@type":"WebPage","@id":"https:\/\/experienciadevida.com.ar\/portalurbano\/siniestralidad-vial-en-enero-se-registraron-20-heridos-y-3-personas-fallecidas\/","url":"https:\/\/experienciadevida.com.ar\/portalurbano\/siniestralidad-vial-en-enero-se-registraron-20-heridos-y-3-personas-fallecidas\/","name":"Siniestralidad vial: en enero se registraron 20 heridos y 3 fallecidos","isPartOf":{"@id":"https:\/\/experienciadevida.com.ar\/portalurbano\/#website"},"datePublished":"2021-02-02T13:11:50+00:00","dateModified":"2021-02-02T13:19:03+00:00","description":"Siniestralidad vial: En enero se registraron 20 heridos y 3 personas fallecidas (14 leves y 6\u00a0 graves). El Ingeniero Pascua elabora un informe","breadcrumb":{"@id":"https:\/\/experienciadevida.com.ar\/portalurbano\/siniestralidad-vial-en-enero-se-registraron-20-heridos-y-3-personas-fallecidas\/#breadcrumb"},"inLanguage":"es","potentialAction":[{"@type":"ReadAction","target":["https:\/\/experienciadevida.com.ar\/portalurbano\/siniestralidad-vial-en-enero-se-registraron-20-heridos-y-3-personas-fallecidas\/"]}]},{"@type":"BreadcrumbList","@id":"https:\/\/experienciadevida.com.ar\/portalurbano\/siniestralidad-vial-en-enero-se-registraron-20-heridos-y-3-personas-fallecidas\/#breadcrumb","itemListElement":[{"@type":"ListItem","position":1,"name":"Portada","item":"https:\/\/experienciadevida.com.ar\/portalurbano\/"},{"@type":"ListItem","position":2,"name":"Siniestralidad vial: En enero se registraron 20 heridos y 3 personas fallecidas"}]},{"@type":"WebSite","@id":"https:\/\/experienciadevida.com.ar\/portalurbano\/#website","url":"https:\/\/experienciadevida.com.ar\/portalurbano\/","name":"","description":"","publisher":{"@id":"https:\/\/experienciadevida.com.ar\/portalurbano\/#organization"},"potentialAction":[{"@type":"SearchAction","target":{"@type":"EntryPoint","urlTemplate":"https:\/\/experienciadevida.com.ar\/portalurbano\/?s={search_term_string}"},"query-input":"required name=search_term_string"}],"inLanguage":"es"},{"@type":"Organization","@id":"https:\/\/experienciadevida.com.ar\/portalurbano\/#organization","name":"Portal Urbano","url":"https:\/\/experienciadevida.com.ar\/portalurbano\/","logo":{"@type":"ImageObject","inLanguage":"es","@id":"https:\/\/experienciadevida.com.ar\/portalurbano\/#\/schema\/logo\/image\/","url":"https:\/\/experienciadevida.com.ar\/portalurbano\/wp-content\/uploads\/2019\/09\/Logo-Original.png","contentUrl":"https:\/\/experienciadevida.com.ar\/portalurbano\/wp-content\/uploads\/2019\/09\/Logo-Original.png","width":2236,"height":1216,"caption":"Portal Urbano"},"image":{"@id":"https:\/\/experienciadevida.com.ar\/portalurbano\/#\/schema\/logo\/image\/"},"sameAs":["https:\/\/www.facebook.com\/Portal-Urbano-171542830093757\/","https:\/\/twitter.com\/portalurbanook","https:\/\/www.instagram.com\/_portalurbano\/","https:\/\/www.youtube.com\/channel\/UCXhagIfszH8KxFiOok79zbA?view_as=subscriber"]},{"@type":"Person","@id":"https:\/\/experienciadevida.com.ar\/portalurbano\/#\/schema\/person\/02dd326b1c4b056e9cc972486934a3a7","name":"admpu17wp","image":{"@type":"ImageObject","inLanguage":"es","@id":"https:\/\/experienciadevida.com.ar\/portalurbano\/#\/schema\/person\/image\/","url":"https:\/\/secure.gravatar.com\/avatar\/830d4c57adaae6630765e449a6908047?s=96&d=mm&r=g","contentUrl":"https:\/\/secure.gravatar.com\/avatar\/830d4c57adaae6630765e449a6908047?s=96&d=mm&r=g","caption":"admpu17wp"}}]}},"featured_image_urls":{"full":["https:\/\/experienciadevida.com.ar\/portalurbano\/wp-content\/uploads\/2021\/01\/Accidente.jpg",1040,780,false],"thumbnail":["https:\/\/experienciadevida.com.ar\/portalurbano\/wp-content\/uploads\/2021\/01\/Accidente-150x150.jpg",150,150,true],"medium":["https:\/\/experienciadevida.com.ar\/portalurbano\/wp-content\/uploads\/2021\/01\/Accidente-300x225.jpg",300,225,true],"medium_large":["https:\/\/experienciadevida.com.ar\/portalurbano\/wp-content\/uploads\/2021\/01\/Accidente-768x576.jpg",640,480,true],"large":["https:\/\/experienciadevida.com.ar\/portalurbano\/wp-content\/uploads\/2021\/01\/Accidente-1024x768.jpg",640,480,true],"ug_big":["https:\/\/experienciadevida.com.ar\/portalurbano\/wp-content\/uploads\/2021\/01\/Accidente-768x576.jpg",768,576,true],"1536x1536":["https:\/\/experienciadevida.com.ar\/portalurbano\/wp-content\/uploads\/2021\/01\/Accidente.jpg",1040,780,false],"2048x2048":["https:\/\/experienciadevida.com.ar\/portalurbano\/wp-content\/uploads\/2021\/01\/Accidente.jpg",1040,780,false],"newsever-slider-full":["https:\/\/experienciadevida.com.ar\/portalurbano\/wp-content\/uploads\/2021\/01\/Accidente.jpg",1040,780,false],"newsever-featured":["https:\/\/experienciadevida.com.ar\/portalurbano\/wp-content\/uploads\/2021\/01\/Accidente.jpg",1024,768,false],"newsever-medium":["https:\/\/experienciadevida.com.ar\/portalurbano\/wp-content\/uploads\/2021\/01\/Accidente.jpg",633,475,false],"web-stories-poster-portrait":["https:\/\/experienciadevida.com.ar\/portalurbano\/wp-content\/uploads\/2021\/01\/Accidente.jpg",640,480,false],"web-stories-publisher-logo":["https:\/\/experienciadevida.com.ar\/portalurbano\/wp-content\/uploads\/2021\/01\/Accidente.jpg",96,72,false],"web-stories-thumbnail":["https:\/\/experienciadevida.com.ar\/portalurbano\/wp-content\/uploads\/2021\/01\/Accidente.jpg",150,113,false]},"author_info":{"display_name":"admpu17wp","author_link":"https:\/\/experienciadevida.com.ar\/portalurbano\/author\/admpu17wp\/"},"category_info":"<a href=\"https:\/\/experienciadevida.com.ar\/portalurbano\/category\/ciudad\/\" rel=\"category tag\">Ciudad<\/a> <a href=\"https:\/\/experienciadevida.com.ar\/portalurbano\/category\/destacadas\/\" rel=\"category tag\">Destacadas<\/a>","tag_info":"Destacadas","comment_count":"0","amp_enabled":true,"_links":{"self":[{"href":"https:\/\/experienciadevida.com.ar\/portalurbano\/wp-json\/wp\/v2\/posts\/134071"}],"collection":[{"href":"https:\/\/experienciadevida.com.ar\/portalurbano\/wp-json\/wp\/v2\/posts"}],"about":[{"href":"https:\/\/experienciadevida.com.ar\/portalurbano\/wp-json\/wp\/v2\/types\/post"}],"author":[{"embeddable":true,"href":"https:\/\/experienciadevida.com.ar\/portalurbano\/wp-json\/wp\/v2\/users\/1"}],"replies":[{"embeddable":true,"href":"https:\/\/experienciadevida.com.ar\/portalurbano\/wp-json\/wp\/v2\/comments?post=134071"}],"version-history":[{"count":6,"href":"https:\/\/experienciadevida.com.ar\/portalurbano\/wp-json\/wp\/v2\/posts\/134071\/revisions"}],"predecessor-version":[{"id":134080,"href":"https:\/\/experienciadevida.com.ar\/portalurbano\/wp-json\/wp\/v2\/posts\/134071\/revisions\/134080"}],"wp:featuredmedia":[{"embeddable":true,"href":"https:\/\/experienciadevida.com.ar\/portalurbano\/wp-json\/wp\/v2\/media\/132248"}],"wp:attachment":[{"href":"https:\/\/experienciadevida.com.ar\/portalurbano\/wp-json\/wp\/v2\/media?parent=134071"}],"wp:term":[{"taxonomy":"category","embeddable":true,"href":"https:\/\/experienciadevida.com.ar\/portalurbano\/wp-json\/wp\/v2\/categories?post=134071"},{"taxonomy":"post_tag","embeddable":true,"href":"https:\/\/experienciadevida.com.ar\/portalurbano\/wp-json\/wp\/v2\/tags?post=134071"}],"curies":[{"name":"wp","href":"https:\/\/api.w.org\/{rel}","templated":true}]}}