{"id":133997,"date":"2021-02-01T12:51:10","date_gmt":"2021-02-01T15:51:10","guid":{"rendered":"https:\/\/experienciadevida.com.ar\/portalurbano\/?p=133997"},"modified":"2021-02-01T12:56:16","modified_gmt":"2021-02-01T15:56:16","slug":"el-reglamento-de-coopelectric-dice-que-el-costo-de-los-medidores-es-a-cargo-de-la-cooperativa","status":"publish","type":"post","link":"https:\/\/experienciadevida.com.ar\/portalurbano\/el-reglamento-de-coopelectric-dice-que-el-costo-de-los-medidores-es-a-cargo-de-la-cooperativa\/","title":{"rendered":"&#8220;El reglamento de Coopelectric dice que el costo de los medidores es a cargo de la cooperativa&#8221;"},"content":{"rendered":"<p>&#8220;El reglamento de Coopelectric dice que el costo de los medidores es a cargo de la cooperativa&#8221;. <a href=\"https:\/\/www.facebook.com\/profile.php?id=100009960840903\">Andrea Coronel<\/a>, de Por Olavarr\u00eda Todos, <a href=\"https:\/\/experienciadevida.com.ar\/portalurbano\/el-pot-junta-firmas-contra-el-cobro-indebido-de-la-contribucion-por-recambio-de-medidor\/\">se refiri\u00f3 a la campa\u00f1a de firmas que llevan adelante en contra del cobro del concepto de recambio de medidores en la factura de Obras Sanitarias.<\/a><\/p>\n<p>Andrea Coronel <em>&#8220;nosotros nos manifestamos en total oposici\u00f3n desde la creaci\u00f3n de este \u00edtem que fue en febrero del 2020 y realizamos respecto\u00a0 a esto una presentaci\u00f3n en la defensor\u00eda del pueblo, que fue una presentaci\u00f3n general hace aproximadamente 15 d\u00edas, donde pedimos una auditoria contable contra la cooperativa el\u00e9ctrica con respecto a el reglamento de Coopelectric y otros m\u00e1s, y en este caso lo que estamos haciendo es al no tener respuesta todav\u00eda de la defensor\u00eda del pueblo, iniciamos una campa\u00f1a de juntar firmas con un petitorio que va a ir acompa\u00f1ado con una copia al INAES que regula las cooperativas&#8221;.<\/em><\/p>\n<p><em>&#8220;La raz\u00f3n a la que nos oponemos principalmente es los derechos elementales de los usuarios que contratan servicio p\u00fablico, y estamos haciendo hincapi\u00e9 a lo que es el reglamento de coopelectric donde habla de medidores, donde dice que la instalaci\u00f3n de los kits de medici\u00f3n el costo de provisi\u00f3n e instalaci\u00f3n es a cargo de la cooperativa, es decir, los usuarios no deber\u00edan pagarlo. Habla de los que tengan conexi\u00f3n o los que no tengan tendr\u00e1n igual beneficio y en este caso la cooperativa a trav\u00e9s del consejo de administraci\u00f3n, con el cuerpo de delegados este \u00edtem que lo consideramos un cobro indebido y adem\u00e1s que debe pasar por el HCD y no lo hizo&#8221;.<\/em><\/p>\n<p>Por otro lado, dijeron &#8220;<em>lo consideramos hacerlo a trav\u00e9s de la defensor\u00eda del pueblo porque consideramos que es el ente que defiende a los usuarios, hasta ahora llevamos m\u00e1s de 400 firmas que estamos en todos los barrios recorriendo, para llegar a las 10 mil firmas, porque creemos que la cooperativa hace un abuso en contra de los usuarios, adem\u00e1s sabemos que tenemos leyes que nos amparan, tenemos la ley de defensa al consumidor\u00a0 donde dice que las empresas prestadoras de servicios p\u00fablicos no pueden facturar conceptos indebidos en los cuales en este caso, deber\u00edan devolver esas sumas percibidas m\u00e1s intereses e indemnizaci\u00f3n&#8221;.<\/em><\/p>\n<p><em>&#8220;Nosotros consideramos y vamos por ese camino porque es un abuso en contra de los usuarios y est\u00e1 m\u00e1s que evidente, ac\u00e1 est\u00e1n hablando de un \u00edtem que se llama renovaci\u00f3n o recambio de medidor y en realidad nunca se renovaron los medidores. El estatuto dice que la empresa va a pagar los gastos entonces consdieramos que es un cobro indebido&#8221;.<\/em><\/p>\n<p>A su vez<em> &#8220;tenemos reclamos de los vecinos, est\u00e1n cobrando este \u00edtem en terrenos bald\u00edos, entendemos que tengan que cobrar un cargo fijo porque llega el servicio hasta la calle pero cobrar un medidor en una facturaci\u00f3n donde no existe en ese terreno\u00a0 o otros casos m\u00e1s, tenemos gente que se comunic\u00f3 de edificios donde como el UTA que mantiene un solo medidor y alimenta muchas familias, en ese caso se les factura esa renovaci\u00f3n por medidor a cada una de las familias que viven ah\u00ed&#8221;.<\/em><\/p>\n<p><em>&#8220;No nos interesa participar de la lista, consideramos que somos vecinos y queremos que las cuentas sean claras, que al vecino se le informe como debe ser, realmente consideramos que la cooperativa se maneja mal y por esas cuestiones queremos que se pida una auditor\u00eda, y que se diga donde va el dinero que se recauda, porque es mucho dinero. En una factura de agua de 30 metros c\u00fabicos que es lo que hace una familia com\u00fan, ten\u00e9s $400 de agua que est\u00e1s pagando en la factura y pagas por recambio de medidor $77 eso es el m\u00ednimo, pero si hacemos esa cuenta por 40 mil medidores te da 3 millones bimestrales entonces queremos saber donde va ese dinero&#8221;.<\/em><\/p>\n<p>Al finalizar mencion\u00f3 &#8220;<em>para aquel que quiera firmar tenemos referentes en distintos barrios donde tienen planilla para firmar, tambi\u00e9n recorremos nosotros, se puede hacer a trav\u00e9s de la p\u00e1gina por olavarr\u00eda todos, o se puede bajar la planilla desde la p\u00e1gina, que se presentar\u00e1n con un petitorio y en el INAES&#8221;.<\/em><\/p>\n<p><em>&#8220;Nuestra idea es representar a los vecinos&#8221;.<\/em><\/p>\n<p>Fuente: Radio Olavarria<\/p>\n","protected":false},"excerpt":{"rendered":"<p>&#8220;El reglamento de Coopelectric dice que el costo de los medidores es a cargo de&#8230;<\/p>\n","protected":false},"author":1,"featured_media":133916,"comment_status":"closed","ping_status":"closed","sticky":false,"template":"","format":"standard","meta":{"content-type":""},"categories":[27,64],"tags":[],"nelio_content":{"isAutoShareEnabled":false,"autoShareEndMode":"default","automationSources":{"useContentSentences":true,"useSocialTemplates":true,"useCustomSentences":false,"customSentences":[]},"followers":[1],"suggestedReferences":[],"includedReferences":[],"efiUrl":"","efiAlt":"","highlights":[]},"yoast_head":"<!-- This site is optimized with the Yoast SEO plugin v20.7 - https:\/\/yoast.com\/wordpress\/plugins\/seo\/ -->\n<title>&quot;El reglamento de coopelectric dice que el costo de los medidores&quot;<\/title>\n<meta name=\"description\" content=\"&quot;El reglamento de Coopelectric dice que el costo de los medidores es a cargo de la cooperativa&quot;. Andrea Coronel, se refiri\u00f3 a la campa\u00f1a.\" \/>\n<meta name=\"robots\" content=\"index, follow, max-snippet:-1, max-image-preview:large, max-video-preview:-1\" \/>\n<link rel=\"canonical\" href=\"https:\/\/experienciadevida.com.ar\/portalurbano\/el-reglamento-de-coopelectric-dice-que-el-costo-de-los-medidores-es-a-cargo-de-la-cooperativa\/\" \/>\n<meta property=\"og:locale\" content=\"es_ES\" \/>\n<meta property=\"og:type\" content=\"article\" \/>\n<meta property=\"og:title\" content=\"&quot;El reglamento de coopelectric dice que el costo de los medidores&quot;\" \/>\n<meta property=\"og:description\" content=\"&quot;El reglamento de Coopelectric dice que el costo de los medidores es a cargo de la cooperativa&quot;. Andrea Coronel, se refiri\u00f3 a la campa\u00f1a.\" \/>\n<meta property=\"og:url\" content=\"https:\/\/experienciadevida.com.ar\/portalurbano\/el-reglamento-de-coopelectric-dice-que-el-costo-de-los-medidores-es-a-cargo-de-la-cooperativa\/\" \/>\n<meta property=\"article:publisher\" content=\"https:\/\/www.facebook.com\/Portal-Urbano-171542830093757\/\" \/>\n<meta property=\"article:published_time\" content=\"2021-02-01T15:51:10+00:00\" \/>\n<meta property=\"article:modified_time\" content=\"2021-02-01T15:56:16+00:00\" \/>\n<meta property=\"og:image\" content=\"https:\/\/experienciadevida.com.ar\/portalurbano\/wp-content\/uploads\/2021\/01\/medidores-de-agua-e1612135427194.jpg\" \/>\n\t<meta property=\"og:image:width\" content=\"800\" \/>\n\t<meta property=\"og:image:height\" content=\"488\" \/>\n\t<meta property=\"og:image:type\" content=\"image\/jpeg\" \/>\n<meta name=\"author\" content=\"admpu17wp\" \/>\n<meta name=\"twitter:card\" content=\"summary_large_image\" \/>\n<meta name=\"twitter:creator\" content=\"@portalurbanook\" \/>\n<meta name=\"twitter:site\" content=\"@portalurbanook\" \/>\n<meta name=\"twitter:label1\" content=\"Escrito por\" \/>\n\t<meta name=\"twitter:data1\" content=\"admpu17wp\" \/>\n\t<meta name=\"twitter:label2\" content=\"Tiempo de lectura\" \/>\n\t<meta name=\"twitter:data2\" content=\"4 minutos\" \/>\n<script type=\"application\/ld+json\" class=\"yoast-schema-graph\">{\"@context\":\"https:\/\/schema.org\",\"@graph\":[{\"@type\":\"Article\",\"@id\":\"https:\/\/experienciadevida.com.ar\/portalurbano\/el-reglamento-de-coopelectric-dice-que-el-costo-de-los-medidores-es-a-cargo-de-la-cooperativa\/#article\",\"isPartOf\":{\"@id\":\"https:\/\/experienciadevida.com.ar\/portalurbano\/el-reglamento-de-coopelectric-dice-que-el-costo-de-los-medidores-es-a-cargo-de-la-cooperativa\/\"},\"author\":{\"name\":\"admpu17wp\",\"@id\":\"https:\/\/experienciadevida.com.ar\/portalurbano\/#\/schema\/person\/02dd326b1c4b056e9cc972486934a3a7\"},\"headline\":\"&#8220;El reglamento de Coopelectric dice que el costo de los medidores es a cargo de la cooperativa&#8221;\",\"datePublished\":\"2021-02-01T15:51:10+00:00\",\"dateModified\":\"2021-02-01T15:56:16+00:00\",\"mainEntityOfPage\":{\"@id\":\"https:\/\/experienciadevida.com.ar\/portalurbano\/el-reglamento-de-coopelectric-dice-que-el-costo-de-los-medidores-es-a-cargo-de-la-cooperativa\/\"},\"wordCount\":758,\"publisher\":{\"@id\":\"https:\/\/experienciadevida.com.ar\/portalurbano\/#organization\"},\"articleSection\":[\"Ciudad\",\"Destacadas 2\"],\"inLanguage\":\"es\"},{\"@type\":\"WebPage\",\"@id\":\"https:\/\/experienciadevida.com.ar\/portalurbano\/el-reglamento-de-coopelectric-dice-que-el-costo-de-los-medidores-es-a-cargo-de-la-cooperativa\/\",\"url\":\"https:\/\/experienciadevida.com.ar\/portalurbano\/el-reglamento-de-coopelectric-dice-que-el-costo-de-los-medidores-es-a-cargo-de-la-cooperativa\/\",\"name\":\"\\\"El reglamento de coopelectric dice que el costo de los medidores\\\"\",\"isPartOf\":{\"@id\":\"https:\/\/experienciadevida.com.ar\/portalurbano\/#website\"},\"datePublished\":\"2021-02-01T15:51:10+00:00\",\"dateModified\":\"2021-02-01T15:56:16+00:00\",\"description\":\"\\\"El reglamento de Coopelectric dice que el costo de los medidores es a cargo de la cooperativa\\\". Andrea Coronel, se refiri\u00f3 a la campa\u00f1a.\",\"breadcrumb\":{\"@id\":\"https:\/\/experienciadevida.com.ar\/portalurbano\/el-reglamento-de-coopelectric-dice-que-el-costo-de-los-medidores-es-a-cargo-de-la-cooperativa\/#breadcrumb\"},\"inLanguage\":\"es\",\"potentialAction\":[{\"@type\":\"ReadAction\",\"target\":[\"https:\/\/experienciadevida.com.ar\/portalurbano\/el-reglamento-de-coopelectric-dice-que-el-costo-de-los-medidores-es-a-cargo-de-la-cooperativa\/\"]}]},{\"@type\":\"BreadcrumbList\",\"@id\":\"https:\/\/experienciadevida.com.ar\/portalurbano\/el-reglamento-de-coopelectric-dice-que-el-costo-de-los-medidores-es-a-cargo-de-la-cooperativa\/#breadcrumb\",\"itemListElement\":[{\"@type\":\"ListItem\",\"position\":1,\"name\":\"Portada\",\"item\":\"https:\/\/experienciadevida.com.ar\/portalurbano\/\"},{\"@type\":\"ListItem\",\"position\":2,\"name\":\"\u00abEl reglamento de Coopelectric dice que el costo de los medidores es a cargo de la cooperativa\u00bb\"}]},{\"@type\":\"WebSite\",\"@id\":\"https:\/\/experienciadevida.com.ar\/portalurbano\/#website\",\"url\":\"https:\/\/experienciadevida.com.ar\/portalurbano\/\",\"name\":\"\",\"description\":\"\",\"publisher\":{\"@id\":\"https:\/\/experienciadevida.com.ar\/portalurbano\/#organization\"},\"potentialAction\":[{\"@type\":\"SearchAction\",\"target\":{\"@type\":\"EntryPoint\",\"urlTemplate\":\"https:\/\/experienciadevida.com.ar\/portalurbano\/?s={search_term_string}\"},\"query-input\":\"required name=search_term_string\"}],\"inLanguage\":\"es\"},{\"@type\":\"Organization\",\"@id\":\"https:\/\/experienciadevida.com.ar\/portalurbano\/#organization\",\"name\":\"Portal Urbano\",\"url\":\"https:\/\/experienciadevida.com.ar\/portalurbano\/\",\"logo\":{\"@type\":\"ImageObject\",\"inLanguage\":\"es\",\"@id\":\"https:\/\/experienciadevida.com.ar\/portalurbano\/#\/schema\/logo\/image\/\",\"url\":\"https:\/\/experienciadevida.com.ar\/portalurbano\/wp-content\/uploads\/2019\/09\/Logo-Original.png\",\"contentUrl\":\"https:\/\/experienciadevida.com.ar\/portalurbano\/wp-content\/uploads\/2019\/09\/Logo-Original.png\",\"width\":2236,\"height\":1216,\"caption\":\"Portal Urbano\"},\"image\":{\"@id\":\"https:\/\/experienciadevida.com.ar\/portalurbano\/#\/schema\/logo\/image\/\"},\"sameAs\":[\"https:\/\/www.facebook.com\/Portal-Urbano-171542830093757\/\",\"https:\/\/twitter.com\/portalurbanook\",\"https:\/\/www.instagram.com\/_portalurbano\/\",\"https:\/\/www.youtube.com\/channel\/UCXhagIfszH8KxFiOok79zbA?view_as=subscriber\"]},{\"@type\":\"Person\",\"@id\":\"https:\/\/experienciadevida.com.ar\/portalurbano\/#\/schema\/person\/02dd326b1c4b056e9cc972486934a3a7\",\"name\":\"admpu17wp\",\"image\":{\"@type\":\"ImageObject\",\"inLanguage\":\"es\",\"@id\":\"https:\/\/experienciadevida.com.ar\/portalurbano\/#\/schema\/person\/image\/\",\"url\":\"https:\/\/secure.gravatar.com\/avatar\/830d4c57adaae6630765e449a6908047?s=96&d=mm&r=g\",\"contentUrl\":\"https:\/\/secure.gravatar.com\/avatar\/830d4c57adaae6630765e449a6908047?s=96&d=mm&r=g\",\"caption\":\"admpu17wp\"}}]}<\/script>\n<!-- \/ Yoast SEO plugin. -->","yoast_head_json":{"title":"\"El reglamento de coopelectric dice que el costo de los medidores\"","description":"\"El reglamento de Coopelectric dice que el costo de los medidores es a cargo de la cooperativa\". Andrea Coronel, se refiri\u00f3 a la campa\u00f1a.","robots":{"index":"index","follow":"follow","max-snippet":"max-snippet:-1","max-image-preview":"max-image-preview:large","max-video-preview":"max-video-preview:-1"},"canonical":"https:\/\/experienciadevida.com.ar\/portalurbano\/el-reglamento-de-coopelectric-dice-que-el-costo-de-los-medidores-es-a-cargo-de-la-cooperativa\/","og_locale":"es_ES","og_type":"article","og_title":"\"El reglamento de coopelectric dice que el costo de los medidores\"","og_description":"\"El reglamento de Coopelectric dice que el costo de los medidores es a cargo de la cooperativa\". Andrea Coronel, se refiri\u00f3 a la campa\u00f1a.","og_url":"https:\/\/experienciadevida.com.ar\/portalurbano\/el-reglamento-de-coopelectric-dice-que-el-costo-de-los-medidores-es-a-cargo-de-la-cooperativa\/","article_publisher":"https:\/\/www.facebook.com\/Portal-Urbano-171542830093757\/","article_published_time":"2021-02-01T15:51:10+00:00","article_modified_time":"2021-02-01T15:56:16+00:00","og_image":[{"width":800,"height":488,"url":"https:\/\/experienciadevida.com.ar\/portalurbano\/wp-content\/uploads\/2021\/01\/medidores-de-agua-e1612135427194.jpg","type":"image\/jpeg"}],"author":"admpu17wp","twitter_card":"summary_large_image","twitter_creator":"@portalurbanook","twitter_site":"@portalurbanook","twitter_misc":{"Escrito por":"admpu17wp","Tiempo de lectura":"4 minutos"},"schema":{"@context":"https:\/\/schema.org","@graph":[{"@type":"Article","@id":"https:\/\/experienciadevida.com.ar\/portalurbano\/el-reglamento-de-coopelectric-dice-que-el-costo-de-los-medidores-es-a-cargo-de-la-cooperativa\/#article","isPartOf":{"@id":"https:\/\/experienciadevida.com.ar\/portalurbano\/el-reglamento-de-coopelectric-dice-que-el-costo-de-los-medidores-es-a-cargo-de-la-cooperativa\/"},"author":{"name":"admpu17wp","@id":"https:\/\/experienciadevida.com.ar\/portalurbano\/#\/schema\/person\/02dd326b1c4b056e9cc972486934a3a7"},"headline":"&#8220;El reglamento de Coopelectric dice que el costo de los medidores es a cargo de la cooperativa&#8221;","datePublished":"2021-02-01T15:51:10+00:00","dateModified":"2021-02-01T15:56:16+00:00","mainEntityOfPage":{"@id":"https:\/\/experienciadevida.com.ar\/portalurbano\/el-reglamento-de-coopelectric-dice-que-el-costo-de-los-medidores-es-a-cargo-de-la-cooperativa\/"},"wordCount":758,"publisher":{"@id":"https:\/\/experienciadevida.com.ar\/portalurbano\/#organization"},"articleSection":["Ciudad","Destacadas 2"],"inLanguage":"es"},{"@type":"WebPage","@id":"https:\/\/experienciadevida.com.ar\/portalurbano\/el-reglamento-de-coopelectric-dice-que-el-costo-de-los-medidores-es-a-cargo-de-la-cooperativa\/","url":"https:\/\/experienciadevida.com.ar\/portalurbano\/el-reglamento-de-coopelectric-dice-que-el-costo-de-los-medidores-es-a-cargo-de-la-cooperativa\/","name":"\"El reglamento de coopelectric dice que el costo de los medidores\"","isPartOf":{"@id":"https:\/\/experienciadevida.com.ar\/portalurbano\/#website"},"datePublished":"2021-02-01T15:51:10+00:00","dateModified":"2021-02-01T15:56:16+00:00","description":"\"El reglamento de Coopelectric dice que el costo de los medidores es a cargo de la cooperativa\". Andrea Coronel, se refiri\u00f3 a la campa\u00f1a.","breadcrumb":{"@id":"https:\/\/experienciadevida.com.ar\/portalurbano\/el-reglamento-de-coopelectric-dice-que-el-costo-de-los-medidores-es-a-cargo-de-la-cooperativa\/#breadcrumb"},"inLanguage":"es","potentialAction":[{"@type":"ReadAction","target":["https:\/\/experienciadevida.com.ar\/portalurbano\/el-reglamento-de-coopelectric-dice-que-el-costo-de-los-medidores-es-a-cargo-de-la-cooperativa\/"]}]},{"@type":"BreadcrumbList","@id":"https:\/\/experienciadevida.com.ar\/portalurbano\/el-reglamento-de-coopelectric-dice-que-el-costo-de-los-medidores-es-a-cargo-de-la-cooperativa\/#breadcrumb","itemListElement":[{"@type":"ListItem","position":1,"name":"Portada","item":"https:\/\/experienciadevida.com.ar\/portalurbano\/"},{"@type":"ListItem","position":2,"name":"\u00abEl reglamento de Coopelectric dice que el costo de los medidores es a cargo de la cooperativa\u00bb"}]},{"@type":"WebSite","@id":"https:\/\/experienciadevida.com.ar\/portalurbano\/#website","url":"https:\/\/experienciadevida.com.ar\/portalurbano\/","name":"","description":"","publisher":{"@id":"https:\/\/experienciadevida.com.ar\/portalurbano\/#organization"},"potentialAction":[{"@type":"SearchAction","target":{"@type":"EntryPoint","urlTemplate":"https:\/\/experienciadevida.com.ar\/portalurbano\/?s={search_term_string}"},"query-input":"required name=search_term_string"}],"inLanguage":"es"},{"@type":"Organization","@id":"https:\/\/experienciadevida.com.ar\/portalurbano\/#organization","name":"Portal Urbano","url":"https:\/\/experienciadevida.com.ar\/portalurbano\/","logo":{"@type":"ImageObject","inLanguage":"es","@id":"https:\/\/experienciadevida.com.ar\/portalurbano\/#\/schema\/logo\/image\/","url":"https:\/\/experienciadevida.com.ar\/portalurbano\/wp-content\/uploads\/2019\/09\/Logo-Original.png","contentUrl":"https:\/\/experienciadevida.com.ar\/portalurbano\/wp-content\/uploads\/2019\/09\/Logo-Original.png","width":2236,"height":1216,"caption":"Portal Urbano"},"image":{"@id":"https:\/\/experienciadevida.com.ar\/portalurbano\/#\/schema\/logo\/image\/"},"sameAs":["https:\/\/www.facebook.com\/Portal-Urbano-171542830093757\/","https:\/\/twitter.com\/portalurbanook","https:\/\/www.instagram.com\/_portalurbano\/","https:\/\/www.youtube.com\/channel\/UCXhagIfszH8KxFiOok79zbA?view_as=subscriber"]},{"@type":"Person","@id":"https:\/\/experienciadevida.com.ar\/portalurbano\/#\/schema\/person\/02dd326b1c4b056e9cc972486934a3a7","name":"admpu17wp","image":{"@type":"ImageObject","inLanguage":"es","@id":"https:\/\/experienciadevida.com.ar\/portalurbano\/#\/schema\/person\/image\/","url":"https:\/\/secure.gravatar.com\/avatar\/830d4c57adaae6630765e449a6908047?s=96&d=mm&r=g","contentUrl":"https:\/\/secure.gravatar.com\/avatar\/830d4c57adaae6630765e449a6908047?s=96&d=mm&r=g","caption":"admpu17wp"}}]}},"featured_image_urls":{"full":["https:\/\/experienciadevida.com.ar\/portalurbano\/wp-content\/uploads\/2021\/01\/medidores-de-agua-e1612135427194.jpg",800,488,false],"thumbnail":["https:\/\/experienciadevida.com.ar\/portalurbano\/wp-content\/uploads\/2021\/01\/medidores-de-agua-150x150.jpg",150,150,true],"medium":["https:\/\/experienciadevida.com.ar\/portalurbano\/wp-content\/uploads\/2021\/01\/medidores-de-agua-300x183.jpg",300,183,true],"medium_large":["https:\/\/experienciadevida.com.ar\/portalurbano\/wp-content\/uploads\/2021\/01\/medidores-de-agua-768x468.jpg",640,390,true],"large":["https:\/\/experienciadevida.com.ar\/portalurbano\/wp-content\/uploads\/2021\/01\/medidores-de-agua-e1612135427194.jpg",640,390,false],"ug_big":["https:\/\/experienciadevida.com.ar\/portalurbano\/wp-content\/uploads\/2021\/01\/medidores-de-agua-768x468.jpg",768,468,true],"1536x1536":["https:\/\/experienciadevida.com.ar\/portalurbano\/wp-content\/uploads\/2021\/01\/medidores-de-agua-e1612135427194.jpg",800,488,false],"2048x2048":["https:\/\/experienciadevida.com.ar\/portalurbano\/wp-content\/uploads\/2021\/01\/medidores-de-agua-e1612135427194.jpg",800,488,false],"newsever-slider-full":["https:\/\/experienciadevida.com.ar\/portalurbano\/wp-content\/uploads\/2021\/01\/medidores-de-agua-e1612135427194.jpg",800,488,false],"newsever-featured":["https:\/\/experienciadevida.com.ar\/portalurbano\/wp-content\/uploads\/2021\/01\/medidores-de-agua-e1612135427194.jpg",800,488,false],"newsever-medium":["https:\/\/experienciadevida.com.ar\/portalurbano\/wp-content\/uploads\/2021\/01\/medidores-de-agua-e1612135427194.jpg",720,439,false],"web-stories-poster-portrait":["https:\/\/experienciadevida.com.ar\/portalurbano\/wp-content\/uploads\/2021\/01\/medidores-de-agua-e1612135427194.jpg",640,390,false],"web-stories-publisher-logo":["https:\/\/experienciadevida.com.ar\/portalurbano\/wp-content\/uploads\/2021\/01\/medidores-de-agua-e1612135427194.jpg",96,59,false],"web-stories-thumbnail":["https:\/\/experienciadevida.com.ar\/portalurbano\/wp-content\/uploads\/2021\/01\/medidores-de-agua-e1612135427194.jpg",150,92,false]},"author_info":{"display_name":"admpu17wp","author_link":"https:\/\/experienciadevida.com.ar\/portalurbano\/author\/admpu17wp\/"},"category_info":"<a href=\"https:\/\/experienciadevida.com.ar\/portalurbano\/category\/ciudad\/\" rel=\"category tag\">Ciudad<\/a> <a href=\"https:\/\/experienciadevida.com.ar\/portalurbano\/category\/destacadas-2\/\" rel=\"category tag\">Destacadas 2<\/a>","tag_info":"Destacadas 2","comment_count":"0","amp_enabled":true,"_links":{"self":[{"href":"https:\/\/experienciadevida.com.ar\/portalurbano\/wp-json\/wp\/v2\/posts\/133997"}],"collection":[{"href":"https:\/\/experienciadevida.com.ar\/portalurbano\/wp-json\/wp\/v2\/posts"}],"about":[{"href":"https:\/\/experienciadevida.com.ar\/portalurbano\/wp-json\/wp\/v2\/types\/post"}],"author":[{"embeddable":true,"href":"https:\/\/experienciadevida.com.ar\/portalurbano\/wp-json\/wp\/v2\/users\/1"}],"replies":[{"embeddable":true,"href":"https:\/\/experienciadevida.com.ar\/portalurbano\/wp-json\/wp\/v2\/comments?post=133997"}],"version-history":[{"count":5,"href":"https:\/\/experienciadevida.com.ar\/portalurbano\/wp-json\/wp\/v2\/posts\/133997\/revisions"}],"predecessor-version":[{"id":134002,"href":"https:\/\/experienciadevida.com.ar\/portalurbano\/wp-json\/wp\/v2\/posts\/133997\/revisions\/134002"}],"wp:featuredmedia":[{"embeddable":true,"href":"https:\/\/experienciadevida.com.ar\/portalurbano\/wp-json\/wp\/v2\/media\/133916"}],"wp:attachment":[{"href":"https:\/\/experienciadevida.com.ar\/portalurbano\/wp-json\/wp\/v2\/media?parent=133997"}],"wp:term":[{"taxonomy":"category","embeddable":true,"href":"https:\/\/experienciadevida.com.ar\/portalurbano\/wp-json\/wp\/v2\/categories?post=133997"},{"taxonomy":"post_tag","embeddable":true,"href":"https:\/\/experienciadevida.com.ar\/portalurbano\/wp-json\/wp\/v2\/tags?post=133997"}],"curies":[{"name":"wp","href":"https:\/\/api.w.org\/{rel}","templated":true}]}}