{"id":133965,"date":"2021-02-01T09:39:08","date_gmt":"2021-02-01T12:39:08","guid":{"rendered":"https:\/\/experienciadevida.com.ar\/portalurbano\/?p=133965"},"modified":"2021-02-01T09:44:17","modified_gmt":"2021-02-01T12:44:17","slug":"chocaron-se-dieron-a-la-fuga-e-impactaron-contra-un-patrullero-fueron-aprehendidos","status":"publish","type":"post","link":"https:\/\/experienciadevida.com.ar\/portalurbano\/chocaron-se-dieron-a-la-fuga-e-impactaron-contra-un-patrullero-fueron-aprehendidos\/","title":{"rendered":"Chocaron se dieron a la fuga e impactaron contra un patrullero: Fueron aprehendidos"},"content":{"rendered":"<p>A ra\u00edz de reiterados llamados al 911 el personal policial se dirige hacia la calle del Valle y Pringles, donde dan cuenta que hab\u00eda un Ford Ka ocupado por personas en aparente estado de ebriedad, quienes circulaban en forma peligrosa.<\/p>\n<p>Luego el mismo veh\u00edculo en Vicente L\u00f3pez\u00a0 y Coronel Su\u00e1rez colisiona contra un Focus y se da a la fuga, posteriormente el mismo rodado es ubicado por las c\u00e1maras de monitoreo en San Mart\u00edn entre Moreno y Rivadavia, frente a un bar del que sale raudamente,\u00a0 que r\u00e1pidamente es perseguido y encontrado 8 cuadras despu\u00e9s.<\/p>\n<p>En el mismo momento en que son vistos, se chocan con un patrullero ocasion\u00e1ndoles heridas a los polic\u00edas.<\/p>\n<p>Al momento de ser interceptados observan que en el interior del habit\u00e1culo hay una botella de cerveza y dinero en efectivo por lo que se procede a recogerla\u00a0 y se inician actuaciones con intervenci\u00f3n de la UFI n\u00b07, en cuanto a los aprehendidos fueron trasladados hacia la comisar\u00eda primera, donde se les inici\u00f3 una causa por &#8220;<em>desobediencia, resistencia a la autoridad, da\u00f1o agravado, lesiones agravadas&#8221;.\u00a0<\/em><\/p>\n<p><a href=\"https:\/\/experienciadevida.com.ar\/portalurbano\/chocaron-se-dieron-a-la-fuga-e-impactaron-contra-un-patrullero-fueron-aprehendidos\/detencion-82\/\" rel=\"attachment wp-att-133968\"><img decoding=\"async\" class=\"alignnone size-full wp-image-133968\" src=\"https:\/\/experienciadevida.com.ar\/portalurbano\/wp-content\/uploads\/2021\/02\/Detencion.jpg\" alt=\"\" width=\"1280\" height=\"720\" srcset=\"https:\/\/experienciadevida.com.ar\/portalurbano\/wp-content\/uploads\/2021\/02\/Detencion.jpg 1280w, https:\/\/experienciadevida.com.ar\/portalurbano\/wp-content\/uploads\/2021\/02\/Detencion-300x169.jpg 300w, https:\/\/experienciadevida.com.ar\/portalurbano\/wp-content\/uploads\/2021\/02\/Detencion-1024x576.jpg 1024w, https:\/\/experienciadevida.com.ar\/portalurbano\/wp-content\/uploads\/2021\/02\/Detencion-768x432.jpg 768w\" sizes=\"(max-width: 1280px) 100vw, 1280px\" \/><\/a><\/p>\n","protected":false},"excerpt":{"rendered":"<p>A ra\u00edz de reiterados llamados al 911 el personal policial se dirige hacia la calle&#8230;<\/p>\n","protected":false},"author":1,"featured_media":133966,"comment_status":"closed","ping_status":"closed","sticky":false,"template":"","format":"standard","meta":{"content-type":""},"categories":[51,40],"tags":[],"nelio_content":{"isAutoShareEnabled":false,"autoShareEndMode":"default","automationSources":{"useContentSentences":true,"useSocialTemplates":true,"useCustomSentences":false,"customSentences":[]},"followers":[1],"suggestedReferences":[],"includedReferences":[],"efiUrl":"","efiAlt":"","highlights":[]},"yoast_head":"<!-- This site is optimized with the Yoast SEO plugin v20.7 - https:\/\/yoast.com\/wordpress\/plugins\/seo\/ -->\n<title>Chocaron, se dieron a la fuga e impactaron contra un patrullero<\/title>\n<meta name=\"description\" content=\"Chocaron se dieron a la fuga e impactaron contra un patrullero: Fueron aprehendidos un oficial en el choque result\u00f3 herido y fue atendido.\" \/>\n<meta name=\"robots\" content=\"index, follow, max-snippet:-1, max-image-preview:large, max-video-preview:-1\" \/>\n<link rel=\"canonical\" href=\"https:\/\/experienciadevida.com.ar\/portalurbano\/chocaron-se-dieron-a-la-fuga-e-impactaron-contra-un-patrullero-fueron-aprehendidos\/\" \/>\n<meta property=\"og:locale\" content=\"es_ES\" \/>\n<meta property=\"og:type\" content=\"article\" \/>\n<meta property=\"og:title\" content=\"Chocaron, se dieron a la fuga e impactaron contra un patrullero\" \/>\n<meta property=\"og:description\" content=\"Chocaron se dieron a la fuga e impactaron contra un patrullero: Fueron aprehendidos un oficial en el choque result\u00f3 herido y fue atendido.\" \/>\n<meta property=\"og:url\" content=\"https:\/\/experienciadevida.com.ar\/portalurbano\/chocaron-se-dieron-a-la-fuga-e-impactaron-contra-un-patrullero-fueron-aprehendidos\/\" \/>\n<meta property=\"article:publisher\" content=\"https:\/\/www.facebook.com\/Portal-Urbano-171542830093757\/\" \/>\n<meta property=\"article:published_time\" content=\"2021-02-01T12:39:08+00:00\" \/>\n<meta property=\"article:modified_time\" content=\"2021-02-01T12:44:17+00:00\" \/>\n<meta property=\"og:image\" content=\"https:\/\/experienciadevida.com.ar\/portalurbano\/wp-content\/uploads\/2021\/02\/Detencion-y-choque.jpg\" \/>\n\t<meta property=\"og:image:width\" content=\"1280\" \/>\n\t<meta property=\"og:image:height\" content=\"621\" \/>\n\t<meta property=\"og:image:type\" content=\"image\/jpeg\" \/>\n<meta name=\"author\" content=\"admpu17wp\" \/>\n<meta name=\"twitter:card\" content=\"summary_large_image\" \/>\n<meta name=\"twitter:creator\" content=\"@portalurbanook\" \/>\n<meta name=\"twitter:site\" content=\"@portalurbanook\" \/>\n<meta name=\"twitter:label1\" content=\"Escrito por\" \/>\n\t<meta name=\"twitter:data1\" content=\"admpu17wp\" \/>\n\t<meta name=\"twitter:label2\" content=\"Tiempo de lectura\" \/>\n\t<meta name=\"twitter:data2\" content=\"1 minuto\" \/>\n<script type=\"application\/ld+json\" class=\"yoast-schema-graph\">{\"@context\":\"https:\/\/schema.org\",\"@graph\":[{\"@type\":\"Article\",\"@id\":\"https:\/\/experienciadevida.com.ar\/portalurbano\/chocaron-se-dieron-a-la-fuga-e-impactaron-contra-un-patrullero-fueron-aprehendidos\/#article\",\"isPartOf\":{\"@id\":\"https:\/\/experienciadevida.com.ar\/portalurbano\/chocaron-se-dieron-a-la-fuga-e-impactaron-contra-un-patrullero-fueron-aprehendidos\/\"},\"author\":{\"name\":\"admpu17wp\",\"@id\":\"https:\/\/experienciadevida.com.ar\/portalurbano\/#\/schema\/person\/02dd326b1c4b056e9cc972486934a3a7\"},\"headline\":\"Chocaron se dieron a la fuga e impactaron contra un patrullero: Fueron aprehendidos\",\"datePublished\":\"2021-02-01T12:39:08+00:00\",\"dateModified\":\"2021-02-01T12:44:17+00:00\",\"mainEntityOfPage\":{\"@id\":\"https:\/\/experienciadevida.com.ar\/portalurbano\/chocaron-se-dieron-a-la-fuga-e-impactaron-contra-un-patrullero-fueron-aprehendidos\/\"},\"wordCount\":204,\"publisher\":{\"@id\":\"https:\/\/experienciadevida.com.ar\/portalurbano\/#organization\"},\"articleSection\":[\"Destacadas\",\"Policiales\"],\"inLanguage\":\"es\"},{\"@type\":\"WebPage\",\"@id\":\"https:\/\/experienciadevida.com.ar\/portalurbano\/chocaron-se-dieron-a-la-fuga-e-impactaron-contra-un-patrullero-fueron-aprehendidos\/\",\"url\":\"https:\/\/experienciadevida.com.ar\/portalurbano\/chocaron-se-dieron-a-la-fuga-e-impactaron-contra-un-patrullero-fueron-aprehendidos\/\",\"name\":\"Chocaron, se dieron a la fuga e impactaron contra un patrullero\",\"isPartOf\":{\"@id\":\"https:\/\/experienciadevida.com.ar\/portalurbano\/#website\"},\"datePublished\":\"2021-02-01T12:39:08+00:00\",\"dateModified\":\"2021-02-01T12:44:17+00:00\",\"description\":\"Chocaron se dieron a la fuga e impactaron contra un patrullero: Fueron aprehendidos un oficial en el choque result\u00f3 herido y fue atendido.\",\"breadcrumb\":{\"@id\":\"https:\/\/experienciadevida.com.ar\/portalurbano\/chocaron-se-dieron-a-la-fuga-e-impactaron-contra-un-patrullero-fueron-aprehendidos\/#breadcrumb\"},\"inLanguage\":\"es\",\"potentialAction\":[{\"@type\":\"ReadAction\",\"target\":[\"https:\/\/experienciadevida.com.ar\/portalurbano\/chocaron-se-dieron-a-la-fuga-e-impactaron-contra-un-patrullero-fueron-aprehendidos\/\"]}]},{\"@type\":\"BreadcrumbList\",\"@id\":\"https:\/\/experienciadevida.com.ar\/portalurbano\/chocaron-se-dieron-a-la-fuga-e-impactaron-contra-un-patrullero-fueron-aprehendidos\/#breadcrumb\",\"itemListElement\":[{\"@type\":\"ListItem\",\"position\":1,\"name\":\"Portada\",\"item\":\"https:\/\/experienciadevida.com.ar\/portalurbano\/\"},{\"@type\":\"ListItem\",\"position\":2,\"name\":\"Chocaron se dieron a la fuga e impactaron contra un patrullero: Fueron aprehendidos\"}]},{\"@type\":\"WebSite\",\"@id\":\"https:\/\/experienciadevida.com.ar\/portalurbano\/#website\",\"url\":\"https:\/\/experienciadevida.com.ar\/portalurbano\/\",\"name\":\"\",\"description\":\"\",\"publisher\":{\"@id\":\"https:\/\/experienciadevida.com.ar\/portalurbano\/#organization\"},\"potentialAction\":[{\"@type\":\"SearchAction\",\"target\":{\"@type\":\"EntryPoint\",\"urlTemplate\":\"https:\/\/experienciadevida.com.ar\/portalurbano\/?s={search_term_string}\"},\"query-input\":\"required name=search_term_string\"}],\"inLanguage\":\"es\"},{\"@type\":\"Organization\",\"@id\":\"https:\/\/experienciadevida.com.ar\/portalurbano\/#organization\",\"name\":\"Portal Urbano\",\"url\":\"https:\/\/experienciadevida.com.ar\/portalurbano\/\",\"logo\":{\"@type\":\"ImageObject\",\"inLanguage\":\"es\",\"@id\":\"https:\/\/experienciadevida.com.ar\/portalurbano\/#\/schema\/logo\/image\/\",\"url\":\"https:\/\/experienciadevida.com.ar\/portalurbano\/wp-content\/uploads\/2019\/09\/Logo-Original.png\",\"contentUrl\":\"https:\/\/experienciadevida.com.ar\/portalurbano\/wp-content\/uploads\/2019\/09\/Logo-Original.png\",\"width\":2236,\"height\":1216,\"caption\":\"Portal Urbano\"},\"image\":{\"@id\":\"https:\/\/experienciadevida.com.ar\/portalurbano\/#\/schema\/logo\/image\/\"},\"sameAs\":[\"https:\/\/www.facebook.com\/Portal-Urbano-171542830093757\/\",\"https:\/\/twitter.com\/portalurbanook\",\"https:\/\/www.instagram.com\/_portalurbano\/\",\"https:\/\/www.youtube.com\/channel\/UCXhagIfszH8KxFiOok79zbA?view_as=subscriber\"]},{\"@type\":\"Person\",\"@id\":\"https:\/\/experienciadevida.com.ar\/portalurbano\/#\/schema\/person\/02dd326b1c4b056e9cc972486934a3a7\",\"name\":\"admpu17wp\",\"image\":{\"@type\":\"ImageObject\",\"inLanguage\":\"es\",\"@id\":\"https:\/\/experienciadevida.com.ar\/portalurbano\/#\/schema\/person\/image\/\",\"url\":\"https:\/\/secure.gravatar.com\/avatar\/830d4c57adaae6630765e449a6908047?s=96&d=mm&r=g\",\"contentUrl\":\"https:\/\/secure.gravatar.com\/avatar\/830d4c57adaae6630765e449a6908047?s=96&d=mm&r=g\",\"caption\":\"admpu17wp\"}}]}<\/script>\n<!-- \/ Yoast SEO plugin. -->","yoast_head_json":{"title":"Chocaron, se dieron a la fuga e impactaron contra un patrullero","description":"Chocaron se dieron a la fuga e impactaron contra un patrullero: Fueron aprehendidos un oficial en el choque result\u00f3 herido y fue atendido.","robots":{"index":"index","follow":"follow","max-snippet":"max-snippet:-1","max-image-preview":"max-image-preview:large","max-video-preview":"max-video-preview:-1"},"canonical":"https:\/\/experienciadevida.com.ar\/portalurbano\/chocaron-se-dieron-a-la-fuga-e-impactaron-contra-un-patrullero-fueron-aprehendidos\/","og_locale":"es_ES","og_type":"article","og_title":"Chocaron, se dieron a la fuga e impactaron contra un patrullero","og_description":"Chocaron se dieron a la fuga e impactaron contra un patrullero: Fueron aprehendidos un oficial en el choque result\u00f3 herido y fue atendido.","og_url":"https:\/\/experienciadevida.com.ar\/portalurbano\/chocaron-se-dieron-a-la-fuga-e-impactaron-contra-un-patrullero-fueron-aprehendidos\/","article_publisher":"https:\/\/www.facebook.com\/Portal-Urbano-171542830093757\/","article_published_time":"2021-02-01T12:39:08+00:00","article_modified_time":"2021-02-01T12:44:17+00:00","og_image":[{"width":1280,"height":621,"url":"https:\/\/experienciadevida.com.ar\/portalurbano\/wp-content\/uploads\/2021\/02\/Detencion-y-choque.jpg","type":"image\/jpeg"}],"author":"admpu17wp","twitter_card":"summary_large_image","twitter_creator":"@portalurbanook","twitter_site":"@portalurbanook","twitter_misc":{"Escrito por":"admpu17wp","Tiempo de lectura":"1 minuto"},"schema":{"@context":"https:\/\/schema.org","@graph":[{"@type":"Article","@id":"https:\/\/experienciadevida.com.ar\/portalurbano\/chocaron-se-dieron-a-la-fuga-e-impactaron-contra-un-patrullero-fueron-aprehendidos\/#article","isPartOf":{"@id":"https:\/\/experienciadevida.com.ar\/portalurbano\/chocaron-se-dieron-a-la-fuga-e-impactaron-contra-un-patrullero-fueron-aprehendidos\/"},"author":{"name":"admpu17wp","@id":"https:\/\/experienciadevida.com.ar\/portalurbano\/#\/schema\/person\/02dd326b1c4b056e9cc972486934a3a7"},"headline":"Chocaron se dieron a la fuga e impactaron contra un patrullero: Fueron aprehendidos","datePublished":"2021-02-01T12:39:08+00:00","dateModified":"2021-02-01T12:44:17+00:00","mainEntityOfPage":{"@id":"https:\/\/experienciadevida.com.ar\/portalurbano\/chocaron-se-dieron-a-la-fuga-e-impactaron-contra-un-patrullero-fueron-aprehendidos\/"},"wordCount":204,"publisher":{"@id":"https:\/\/experienciadevida.com.ar\/portalurbano\/#organization"},"articleSection":["Destacadas","Policiales"],"inLanguage":"es"},{"@type":"WebPage","@id":"https:\/\/experienciadevida.com.ar\/portalurbano\/chocaron-se-dieron-a-la-fuga-e-impactaron-contra-un-patrullero-fueron-aprehendidos\/","url":"https:\/\/experienciadevida.com.ar\/portalurbano\/chocaron-se-dieron-a-la-fuga-e-impactaron-contra-un-patrullero-fueron-aprehendidos\/","name":"Chocaron, se dieron a la fuga e impactaron contra un patrullero","isPartOf":{"@id":"https:\/\/experienciadevida.com.ar\/portalurbano\/#website"},"datePublished":"2021-02-01T12:39:08+00:00","dateModified":"2021-02-01T12:44:17+00:00","description":"Chocaron se dieron a la fuga e impactaron contra un patrullero: Fueron aprehendidos un oficial en el choque result\u00f3 herido y fue atendido.","breadcrumb":{"@id":"https:\/\/experienciadevida.com.ar\/portalurbano\/chocaron-se-dieron-a-la-fuga-e-impactaron-contra-un-patrullero-fueron-aprehendidos\/#breadcrumb"},"inLanguage":"es","potentialAction":[{"@type":"ReadAction","target":["https:\/\/experienciadevida.com.ar\/portalurbano\/chocaron-se-dieron-a-la-fuga-e-impactaron-contra-un-patrullero-fueron-aprehendidos\/"]}]},{"@type":"BreadcrumbList","@id":"https:\/\/experienciadevida.com.ar\/portalurbano\/chocaron-se-dieron-a-la-fuga-e-impactaron-contra-un-patrullero-fueron-aprehendidos\/#breadcrumb","itemListElement":[{"@type":"ListItem","position":1,"name":"Portada","item":"https:\/\/experienciadevida.com.ar\/portalurbano\/"},{"@type":"ListItem","position":2,"name":"Chocaron se dieron a la fuga e impactaron contra un patrullero: Fueron aprehendidos"}]},{"@type":"WebSite","@id":"https:\/\/experienciadevida.com.ar\/portalurbano\/#website","url":"https:\/\/experienciadevida.com.ar\/portalurbano\/","name":"","description":"","publisher":{"@id":"https:\/\/experienciadevida.com.ar\/portalurbano\/#organization"},"potentialAction":[{"@type":"SearchAction","target":{"@type":"EntryPoint","urlTemplate":"https:\/\/experienciadevida.com.ar\/portalurbano\/?s={search_term_string}"},"query-input":"required name=search_term_string"}],"inLanguage":"es"},{"@type":"Organization","@id":"https:\/\/experienciadevida.com.ar\/portalurbano\/#organization","name":"Portal Urbano","url":"https:\/\/experienciadevida.com.ar\/portalurbano\/","logo":{"@type":"ImageObject","inLanguage":"es","@id":"https:\/\/experienciadevida.com.ar\/portalurbano\/#\/schema\/logo\/image\/","url":"https:\/\/experienciadevida.com.ar\/portalurbano\/wp-content\/uploads\/2019\/09\/Logo-Original.png","contentUrl":"https:\/\/experienciadevida.com.ar\/portalurbano\/wp-content\/uploads\/2019\/09\/Logo-Original.png","width":2236,"height":1216,"caption":"Portal Urbano"},"image":{"@id":"https:\/\/experienciadevida.com.ar\/portalurbano\/#\/schema\/logo\/image\/"},"sameAs":["https:\/\/www.facebook.com\/Portal-Urbano-171542830093757\/","https:\/\/twitter.com\/portalurbanook","https:\/\/www.instagram.com\/_portalurbano\/","https:\/\/www.youtube.com\/channel\/UCXhagIfszH8KxFiOok79zbA?view_as=subscriber"]},{"@type":"Person","@id":"https:\/\/experienciadevida.com.ar\/portalurbano\/#\/schema\/person\/02dd326b1c4b056e9cc972486934a3a7","name":"admpu17wp","image":{"@type":"ImageObject","inLanguage":"es","@id":"https:\/\/experienciadevida.com.ar\/portalurbano\/#\/schema\/person\/image\/","url":"https:\/\/secure.gravatar.com\/avatar\/830d4c57adaae6630765e449a6908047?s=96&d=mm&r=g","contentUrl":"https:\/\/secure.gravatar.com\/avatar\/830d4c57adaae6630765e449a6908047?s=96&d=mm&r=g","caption":"admpu17wp"}}]}},"featured_image_urls":{"full":["https:\/\/experienciadevida.com.ar\/portalurbano\/wp-content\/uploads\/2021\/02\/Detencion-y-choque.jpg",1280,621,false],"thumbnail":["https:\/\/experienciadevida.com.ar\/portalurbano\/wp-content\/uploads\/2021\/02\/Detencion-y-choque-150x150.jpg",150,150,true],"medium":["https:\/\/experienciadevida.com.ar\/portalurbano\/wp-content\/uploads\/2021\/02\/Detencion-y-choque-300x146.jpg",300,146,true],"medium_large":["https:\/\/experienciadevida.com.ar\/portalurbano\/wp-content\/uploads\/2021\/02\/Detencion-y-choque-768x373.jpg",640,311,true],"large":["https:\/\/experienciadevida.com.ar\/portalurbano\/wp-content\/uploads\/2021\/02\/Detencion-y-choque-1024x497.jpg",640,311,true],"ug_big":["https:\/\/experienciadevida.com.ar\/portalurbano\/wp-content\/uploads\/2021\/02\/Detencion-y-choque-768x373.jpg",768,373,true],"1536x1536":["https:\/\/experienciadevida.com.ar\/portalurbano\/wp-content\/uploads\/2021\/02\/Detencion-y-choque.jpg",1280,621,false],"2048x2048":["https:\/\/experienciadevida.com.ar\/portalurbano\/wp-content\/uploads\/2021\/02\/Detencion-y-choque.jpg",1280,621,false],"newsever-slider-full":["https:\/\/experienciadevida.com.ar\/portalurbano\/wp-content\/uploads\/2021\/02\/Detencion-y-choque.jpg",1280,621,false],"newsever-featured":["https:\/\/experienciadevida.com.ar\/portalurbano\/wp-content\/uploads\/2021\/02\/Detencion-y-choque.jpg",1024,497,false],"newsever-medium":["https:\/\/experienciadevida.com.ar\/portalurbano\/wp-content\/uploads\/2021\/02\/Detencion-y-choque.jpg",720,349,false],"web-stories-poster-portrait":["https:\/\/experienciadevida.com.ar\/portalurbano\/wp-content\/uploads\/2021\/02\/Detencion-y-choque.jpg",640,311,false],"web-stories-publisher-logo":["https:\/\/experienciadevida.com.ar\/portalurbano\/wp-content\/uploads\/2021\/02\/Detencion-y-choque.jpg",96,47,false],"web-stories-thumbnail":["https:\/\/experienciadevida.com.ar\/portalurbano\/wp-content\/uploads\/2021\/02\/Detencion-y-choque.jpg",150,73,false]},"author_info":{"display_name":"admpu17wp","author_link":"https:\/\/experienciadevida.com.ar\/portalurbano\/author\/admpu17wp\/"},"category_info":"<a href=\"https:\/\/experienciadevida.com.ar\/portalurbano\/category\/destacadas\/\" rel=\"category tag\">Destacadas<\/a> <a href=\"https:\/\/experienciadevida.com.ar\/portalurbano\/category\/policiales\/\" rel=\"category tag\">Policiales<\/a>","tag_info":"Policiales","comment_count":"0","amp_enabled":true,"_links":{"self":[{"href":"https:\/\/experienciadevida.com.ar\/portalurbano\/wp-json\/wp\/v2\/posts\/133965"}],"collection":[{"href":"https:\/\/experienciadevida.com.ar\/portalurbano\/wp-json\/wp\/v2\/posts"}],"about":[{"href":"https:\/\/experienciadevida.com.ar\/portalurbano\/wp-json\/wp\/v2\/types\/post"}],"author":[{"embeddable":true,"href":"https:\/\/experienciadevida.com.ar\/portalurbano\/wp-json\/wp\/v2\/users\/1"}],"replies":[{"embeddable":true,"href":"https:\/\/experienciadevida.com.ar\/portalurbano\/wp-json\/wp\/v2\/comments?post=133965"}],"version-history":[{"count":3,"href":"https:\/\/experienciadevida.com.ar\/portalurbano\/wp-json\/wp\/v2\/posts\/133965\/revisions"}],"predecessor-version":[{"id":133970,"href":"https:\/\/experienciadevida.com.ar\/portalurbano\/wp-json\/wp\/v2\/posts\/133965\/revisions\/133970"}],"wp:featuredmedia":[{"embeddable":true,"href":"https:\/\/experienciadevida.com.ar\/portalurbano\/wp-json\/wp\/v2\/media\/133966"}],"wp:attachment":[{"href":"https:\/\/experienciadevida.com.ar\/portalurbano\/wp-json\/wp\/v2\/media?parent=133965"}],"wp:term":[{"taxonomy":"category","embeddable":true,"href":"https:\/\/experienciadevida.com.ar\/portalurbano\/wp-json\/wp\/v2\/categories?post=133965"},{"taxonomy":"post_tag","embeddable":true,"href":"https:\/\/experienciadevida.com.ar\/portalurbano\/wp-json\/wp\/v2\/tags?post=133965"}],"curies":[{"name":"wp","href":"https:\/\/api.w.org\/{rel}","templated":true}]}}