{"id":133948,"date":"2021-02-01T08:23:28","date_gmt":"2021-02-01T11:23:28","guid":{"rendered":"https:\/\/experienciadevida.com.ar\/portalurbano\/?p=133948"},"modified":"2021-02-01T08:31:00","modified_gmt":"2021-02-01T11:31:00","slug":"ruta-51-tragico-accidente-entre-tapalque-y-general-alvear-con-una-olavarriense-involucrada","status":"publish","type":"post","link":"https:\/\/experienciadevida.com.ar\/portalurbano\/ruta-51-tragico-accidente-entre-tapalque-y-general-alvear-con-una-olavarriense-involucrada\/","title":{"rendered":"Ruta 51: Tr\u00e1gico accidente entre Tapalqu\u00e9 y General Alvear con una Olavarriense involucrada"},"content":{"rendered":"<p>El accidente tuvo lugar a la altura del kil\u00f3metro 331 de la Ruta 51, juridicci\u00f3n de General Alvear. Fallecieron dos personas. Una Olavarriense involucrada<\/p>\n<hr \/>\n<p>Un tr\u00e1gico accidente de tr\u00e1nsito ocurri\u00f3 en la tarde de ayer\u00a0 sobre ruta provincial 51, a la altura del kil\u00f3metro 331, entre los partidos de General Alvear y Tapalqu\u00e9, jurisdicci\u00f3n del primero.<\/p>\n<p><a href=\"https:\/\/experienciadevida.com.ar\/portalurbano\/ruta-51-tragico-accidente-entre-tapalque-y-general-alvear-con-una-olavarriense-involucrada\/20210131_185957\/\" rel=\"attachment wp-att-133950\"><img decoding=\"async\" class=\"alignnone size-full wp-image-133950\" src=\"https:\/\/experienciadevida.com.ar\/portalurbano\/wp-content\/uploads\/2021\/02\/20210131_185957-e1612178438855.jpg\" alt=\"\" width=\"800\" height=\"600\" \/><\/a><\/p>\n<p>&nbsp;<\/p>\n<p>Por causas que ser\u00e1n materia de investigaci\u00f3n chocaron frontalmente una Renault Duster, dominio AC836VE, con un VW Polo dominio AE524VD en la que estuvo una Olavarriense involucrada . A causa del fuerte impacto una persona de sexo masculino que viajaba en el asiento del acompa\u00f1ante del Polo falleci\u00f3 en el lugar.<\/p>\n<p><a href=\"https:\/\/experienciadevida.com.ar\/portalurbano\/ruta-51-tragico-accidente-entre-tapalque-y-general-alvear-con-una-olavarriense-involucrada\/20210131_185827\/\" rel=\"attachment wp-att-133951\"><img decoding=\"async\" class=\"alignnone size-full wp-image-133951\" src=\"https:\/\/experienciadevida.com.ar\/portalurbano\/wp-content\/uploads\/2021\/02\/20210131_185827-e1612178446692.jpg\" alt=\"\" width=\"800\" height=\"600\" \/><\/a><\/p>\n<p>Una mujer que conduc\u00eda el veh\u00edculo y un hombre que manejaba la Duster fueron derivados de urgencia al Hospital de Saladillo en dos ambulancias de SAME del Hospital Municipal de General Alvear. Horas despu\u00e9s el hombre falleci\u00f3 a causa de las lesiones recibidas.<\/p>\n<p>La Renault Duster a causa del impacto sufri\u00f3 un principio de incendio que se supone fue sofocado por alguna persona que se encontr\u00f3 con el accidente, quedando restos de polvo qu\u00edmico en la parte frontal del rodado.<\/p>\n<p>Al arribar los bomberos voluntarios de General Alvear procedieron a asistir a los heridos para luego esperar la orden de la justicia para retirar el cuerpo de la persona fallecida de los restos del habit\u00e1culo del Polo. Una mascota (perrito raza caniche) que viajaba con los ocupantes del Polo fue asistido en el lugar por personas para reanimarlo pero muri\u00f3 a los pocos minutos.<\/p>\n<p><strong>Identidades de los accidentados<\/strong><\/p>\n<p>Ante nuestra consulta el Jefe del Destacamento Vial I Comisario Cian Fernandez confirm\u00f3 la identidad de los fallecidos en el accidente. El conductor de la Renault Duster fue identificado como Herrera Cache Sussber de nacionalidad boliviana y con domicilio en Tapalqu\u00e9. El acompa\u00f1ante del VW Polo fue identificado como Antunez Crespi Pablo Daniel de nacionalidad uruguaya y con residencia en Olavarria.<\/p>\n<p>La abogada Cecilia Wagner con domicilio en Olavarr\u00eda conduc\u00eda el VW Polo al momento del accidente y permanece internada en el Hospital de Saladillo. ( Fuente Alvear ya)<\/p>\n","protected":false},"excerpt":{"rendered":"<p>El accidente tuvo lugar a la altura del kil\u00f3metro 331 de la Ruta 51, juridicci\u00f3n&#8230;<\/p>\n","protected":false},"author":1,"featured_media":133949,"comment_status":"closed","ping_status":"closed","sticky":false,"template":"","format":"standard","meta":{"content-type":""},"categories":[27,64],"tags":[],"nelio_content":{"isAutoShareEnabled":false,"autoShareEndMode":"default","automationSources":{"useContentSentences":true,"useSocialTemplates":true,"useCustomSentences":false,"customSentences":[]},"followers":[1],"suggestedReferences":[],"includedReferences":[],"efiUrl":"","efiAlt":"","highlights":[]},"yoast_head":"<!-- This site is optimized with the Yoast SEO plugin v20.7 - https:\/\/yoast.com\/wordpress\/plugins\/seo\/ -->\n<title>Ruta 51: Tr\u00e1gico accidente entre Tapalqu\u00e9 y General Alvear con una<\/title>\n<meta name=\"description\" content=\"Olavarriense involucrada. El accidente tuvo lugar a la altura del kil\u00f3metro 331 de la Ruta 51, juridicci\u00f3n de General Alvear. Fallecieron 2\" \/>\n<meta name=\"robots\" content=\"index, follow, max-snippet:-1, max-image-preview:large, max-video-preview:-1\" \/>\n<link rel=\"canonical\" href=\"https:\/\/experienciadevida.com.ar\/portalurbano\/ruta-51-tragico-accidente-entre-tapalque-y-general-alvear-con-una-olavarriense-involucrada\/\" \/>\n<meta property=\"og:locale\" content=\"es_ES\" \/>\n<meta property=\"og:type\" content=\"article\" \/>\n<meta property=\"og:title\" content=\"Ruta 51: Tr\u00e1gico accidente entre Tapalqu\u00e9 y General Alvear con una\" \/>\n<meta property=\"og:description\" content=\"Olavarriense involucrada. El accidente tuvo lugar a la altura del kil\u00f3metro 331 de la Ruta 51, juridicci\u00f3n de General Alvear. Fallecieron 2\" \/>\n<meta property=\"og:url\" content=\"https:\/\/experienciadevida.com.ar\/portalurbano\/ruta-51-tragico-accidente-entre-tapalque-y-general-alvear-con-una-olavarriense-involucrada\/\" \/>\n<meta property=\"article:publisher\" content=\"https:\/\/www.facebook.com\/Portal-Urbano-171542830093757\/\" \/>\n<meta property=\"article:published_time\" content=\"2021-02-01T11:23:28+00:00\" \/>\n<meta property=\"article:modified_time\" content=\"2021-02-01T11:31:00+00:00\" \/>\n<meta property=\"og:image\" content=\"https:\/\/experienciadevida.com.ar\/portalurbano\/wp-content\/uploads\/2021\/02\/20210131_190026-e1612178413542.jpg\" \/>\n\t<meta property=\"og:image:width\" content=\"800\" \/>\n\t<meta property=\"og:image:height\" content=\"600\" \/>\n\t<meta property=\"og:image:type\" content=\"image\/jpeg\" \/>\n<meta name=\"author\" content=\"admpu17wp\" \/>\n<meta name=\"twitter:card\" content=\"summary_large_image\" \/>\n<meta name=\"twitter:creator\" content=\"@portalurbanook\" \/>\n<meta name=\"twitter:site\" content=\"@portalurbanook\" \/>\n<meta name=\"twitter:label1\" content=\"Escrito por\" \/>\n\t<meta name=\"twitter:data1\" content=\"admpu17wp\" \/>\n\t<meta name=\"twitter:label2\" content=\"Tiempo de lectura\" \/>\n\t<meta name=\"twitter:data2\" content=\"2 minutos\" \/>\n<script type=\"application\/ld+json\" class=\"yoast-schema-graph\">{\"@context\":\"https:\/\/schema.org\",\"@graph\":[{\"@type\":\"Article\",\"@id\":\"https:\/\/experienciadevida.com.ar\/portalurbano\/ruta-51-tragico-accidente-entre-tapalque-y-general-alvear-con-una-olavarriense-involucrada\/#article\",\"isPartOf\":{\"@id\":\"https:\/\/experienciadevida.com.ar\/portalurbano\/ruta-51-tragico-accidente-entre-tapalque-y-general-alvear-con-una-olavarriense-involucrada\/\"},\"author\":{\"name\":\"admpu17wp\",\"@id\":\"https:\/\/experienciadevida.com.ar\/portalurbano\/#\/schema\/person\/02dd326b1c4b056e9cc972486934a3a7\"},\"headline\":\"Ruta 51: Tr\u00e1gico accidente entre Tapalqu\u00e9 y General Alvear con una Olavarriense involucrada\",\"datePublished\":\"2021-02-01T11:23:28+00:00\",\"dateModified\":\"2021-02-01T11:31:00+00:00\",\"mainEntityOfPage\":{\"@id\":\"https:\/\/experienciadevida.com.ar\/portalurbano\/ruta-51-tragico-accidente-entre-tapalque-y-general-alvear-con-una-olavarriense-involucrada\/\"},\"wordCount\":371,\"publisher\":{\"@id\":\"https:\/\/experienciadevida.com.ar\/portalurbano\/#organization\"},\"articleSection\":[\"Ciudad\",\"Destacadas 2\"],\"inLanguage\":\"es\"},{\"@type\":\"WebPage\",\"@id\":\"https:\/\/experienciadevida.com.ar\/portalurbano\/ruta-51-tragico-accidente-entre-tapalque-y-general-alvear-con-una-olavarriense-involucrada\/\",\"url\":\"https:\/\/experienciadevida.com.ar\/portalurbano\/ruta-51-tragico-accidente-entre-tapalque-y-general-alvear-con-una-olavarriense-involucrada\/\",\"name\":\"Ruta 51: Tr\u00e1gico accidente entre Tapalqu\u00e9 y General Alvear con una\",\"isPartOf\":{\"@id\":\"https:\/\/experienciadevida.com.ar\/portalurbano\/#website\"},\"datePublished\":\"2021-02-01T11:23:28+00:00\",\"dateModified\":\"2021-02-01T11:31:00+00:00\",\"description\":\"Olavarriense involucrada. El accidente tuvo lugar a la altura del kil\u00f3metro 331 de la Ruta 51, juridicci\u00f3n de General Alvear. Fallecieron 2\",\"breadcrumb\":{\"@id\":\"https:\/\/experienciadevida.com.ar\/portalurbano\/ruta-51-tragico-accidente-entre-tapalque-y-general-alvear-con-una-olavarriense-involucrada\/#breadcrumb\"},\"inLanguage\":\"es\",\"potentialAction\":[{\"@type\":\"ReadAction\",\"target\":[\"https:\/\/experienciadevida.com.ar\/portalurbano\/ruta-51-tragico-accidente-entre-tapalque-y-general-alvear-con-una-olavarriense-involucrada\/\"]}]},{\"@type\":\"BreadcrumbList\",\"@id\":\"https:\/\/experienciadevida.com.ar\/portalurbano\/ruta-51-tragico-accidente-entre-tapalque-y-general-alvear-con-una-olavarriense-involucrada\/#breadcrumb\",\"itemListElement\":[{\"@type\":\"ListItem\",\"position\":1,\"name\":\"Portada\",\"item\":\"https:\/\/experienciadevida.com.ar\/portalurbano\/\"},{\"@type\":\"ListItem\",\"position\":2,\"name\":\"Ruta 51: Tr\u00e1gico accidente entre Tapalqu\u00e9 y General Alvear con una Olavarriense involucrada\"}]},{\"@type\":\"WebSite\",\"@id\":\"https:\/\/experienciadevida.com.ar\/portalurbano\/#website\",\"url\":\"https:\/\/experienciadevida.com.ar\/portalurbano\/\",\"name\":\"\",\"description\":\"\",\"publisher\":{\"@id\":\"https:\/\/experienciadevida.com.ar\/portalurbano\/#organization\"},\"potentialAction\":[{\"@type\":\"SearchAction\",\"target\":{\"@type\":\"EntryPoint\",\"urlTemplate\":\"https:\/\/experienciadevida.com.ar\/portalurbano\/?s={search_term_string}\"},\"query-input\":\"required name=search_term_string\"}],\"inLanguage\":\"es\"},{\"@type\":\"Organization\",\"@id\":\"https:\/\/experienciadevida.com.ar\/portalurbano\/#organization\",\"name\":\"Portal Urbano\",\"url\":\"https:\/\/experienciadevida.com.ar\/portalurbano\/\",\"logo\":{\"@type\":\"ImageObject\",\"inLanguage\":\"es\",\"@id\":\"https:\/\/experienciadevida.com.ar\/portalurbano\/#\/schema\/logo\/image\/\",\"url\":\"https:\/\/experienciadevida.com.ar\/portalurbano\/wp-content\/uploads\/2019\/09\/Logo-Original.png\",\"contentUrl\":\"https:\/\/experienciadevida.com.ar\/portalurbano\/wp-content\/uploads\/2019\/09\/Logo-Original.png\",\"width\":2236,\"height\":1216,\"caption\":\"Portal Urbano\"},\"image\":{\"@id\":\"https:\/\/experienciadevida.com.ar\/portalurbano\/#\/schema\/logo\/image\/\"},\"sameAs\":[\"https:\/\/www.facebook.com\/Portal-Urbano-171542830093757\/\",\"https:\/\/twitter.com\/portalurbanook\",\"https:\/\/www.instagram.com\/_portalurbano\/\",\"https:\/\/www.youtube.com\/channel\/UCXhagIfszH8KxFiOok79zbA?view_as=subscriber\"]},{\"@type\":\"Person\",\"@id\":\"https:\/\/experienciadevida.com.ar\/portalurbano\/#\/schema\/person\/02dd326b1c4b056e9cc972486934a3a7\",\"name\":\"admpu17wp\",\"image\":{\"@type\":\"ImageObject\",\"inLanguage\":\"es\",\"@id\":\"https:\/\/experienciadevida.com.ar\/portalurbano\/#\/schema\/person\/image\/\",\"url\":\"https:\/\/secure.gravatar.com\/avatar\/830d4c57adaae6630765e449a6908047?s=96&d=mm&r=g\",\"contentUrl\":\"https:\/\/secure.gravatar.com\/avatar\/830d4c57adaae6630765e449a6908047?s=96&d=mm&r=g\",\"caption\":\"admpu17wp\"}}]}<\/script>\n<!-- \/ Yoast SEO plugin. -->","yoast_head_json":{"title":"Ruta 51: Tr\u00e1gico accidente entre Tapalqu\u00e9 y General Alvear con una","description":"Olavarriense involucrada. El accidente tuvo lugar a la altura del kil\u00f3metro 331 de la Ruta 51, juridicci\u00f3n de General Alvear. Fallecieron 2","robots":{"index":"index","follow":"follow","max-snippet":"max-snippet:-1","max-image-preview":"max-image-preview:large","max-video-preview":"max-video-preview:-1"},"canonical":"https:\/\/experienciadevida.com.ar\/portalurbano\/ruta-51-tragico-accidente-entre-tapalque-y-general-alvear-con-una-olavarriense-involucrada\/","og_locale":"es_ES","og_type":"article","og_title":"Ruta 51: Tr\u00e1gico accidente entre Tapalqu\u00e9 y General Alvear con una","og_description":"Olavarriense involucrada. El accidente tuvo lugar a la altura del kil\u00f3metro 331 de la Ruta 51, juridicci\u00f3n de General Alvear. Fallecieron 2","og_url":"https:\/\/experienciadevida.com.ar\/portalurbano\/ruta-51-tragico-accidente-entre-tapalque-y-general-alvear-con-una-olavarriense-involucrada\/","article_publisher":"https:\/\/www.facebook.com\/Portal-Urbano-171542830093757\/","article_published_time":"2021-02-01T11:23:28+00:00","article_modified_time":"2021-02-01T11:31:00+00:00","og_image":[{"width":800,"height":600,"url":"https:\/\/experienciadevida.com.ar\/portalurbano\/wp-content\/uploads\/2021\/02\/20210131_190026-e1612178413542.jpg","type":"image\/jpeg"}],"author":"admpu17wp","twitter_card":"summary_large_image","twitter_creator":"@portalurbanook","twitter_site":"@portalurbanook","twitter_misc":{"Escrito por":"admpu17wp","Tiempo de lectura":"2 minutos"},"schema":{"@context":"https:\/\/schema.org","@graph":[{"@type":"Article","@id":"https:\/\/experienciadevida.com.ar\/portalurbano\/ruta-51-tragico-accidente-entre-tapalque-y-general-alvear-con-una-olavarriense-involucrada\/#article","isPartOf":{"@id":"https:\/\/experienciadevida.com.ar\/portalurbano\/ruta-51-tragico-accidente-entre-tapalque-y-general-alvear-con-una-olavarriense-involucrada\/"},"author":{"name":"admpu17wp","@id":"https:\/\/experienciadevida.com.ar\/portalurbano\/#\/schema\/person\/02dd326b1c4b056e9cc972486934a3a7"},"headline":"Ruta 51: Tr\u00e1gico accidente entre Tapalqu\u00e9 y General Alvear con una Olavarriense involucrada","datePublished":"2021-02-01T11:23:28+00:00","dateModified":"2021-02-01T11:31:00+00:00","mainEntityOfPage":{"@id":"https:\/\/experienciadevida.com.ar\/portalurbano\/ruta-51-tragico-accidente-entre-tapalque-y-general-alvear-con-una-olavarriense-involucrada\/"},"wordCount":371,"publisher":{"@id":"https:\/\/experienciadevida.com.ar\/portalurbano\/#organization"},"articleSection":["Ciudad","Destacadas 2"],"inLanguage":"es"},{"@type":"WebPage","@id":"https:\/\/experienciadevida.com.ar\/portalurbano\/ruta-51-tragico-accidente-entre-tapalque-y-general-alvear-con-una-olavarriense-involucrada\/","url":"https:\/\/experienciadevida.com.ar\/portalurbano\/ruta-51-tragico-accidente-entre-tapalque-y-general-alvear-con-una-olavarriense-involucrada\/","name":"Ruta 51: Tr\u00e1gico accidente entre Tapalqu\u00e9 y General Alvear con una","isPartOf":{"@id":"https:\/\/experienciadevida.com.ar\/portalurbano\/#website"},"datePublished":"2021-02-01T11:23:28+00:00","dateModified":"2021-02-01T11:31:00+00:00","description":"Olavarriense involucrada. El accidente tuvo lugar a la altura del kil\u00f3metro 331 de la Ruta 51, juridicci\u00f3n de General Alvear. Fallecieron 2","breadcrumb":{"@id":"https:\/\/experienciadevida.com.ar\/portalurbano\/ruta-51-tragico-accidente-entre-tapalque-y-general-alvear-con-una-olavarriense-involucrada\/#breadcrumb"},"inLanguage":"es","potentialAction":[{"@type":"ReadAction","target":["https:\/\/experienciadevida.com.ar\/portalurbano\/ruta-51-tragico-accidente-entre-tapalque-y-general-alvear-con-una-olavarriense-involucrada\/"]}]},{"@type":"BreadcrumbList","@id":"https:\/\/experienciadevida.com.ar\/portalurbano\/ruta-51-tragico-accidente-entre-tapalque-y-general-alvear-con-una-olavarriense-involucrada\/#breadcrumb","itemListElement":[{"@type":"ListItem","position":1,"name":"Portada","item":"https:\/\/experienciadevida.com.ar\/portalurbano\/"},{"@type":"ListItem","position":2,"name":"Ruta 51: Tr\u00e1gico accidente entre Tapalqu\u00e9 y General Alvear con una Olavarriense involucrada"}]},{"@type":"WebSite","@id":"https:\/\/experienciadevida.com.ar\/portalurbano\/#website","url":"https:\/\/experienciadevida.com.ar\/portalurbano\/","name":"","description":"","publisher":{"@id":"https:\/\/experienciadevida.com.ar\/portalurbano\/#organization"},"potentialAction":[{"@type":"SearchAction","target":{"@type":"EntryPoint","urlTemplate":"https:\/\/experienciadevida.com.ar\/portalurbano\/?s={search_term_string}"},"query-input":"required name=search_term_string"}],"inLanguage":"es"},{"@type":"Organization","@id":"https:\/\/experienciadevida.com.ar\/portalurbano\/#organization","name":"Portal Urbano","url":"https:\/\/experienciadevida.com.ar\/portalurbano\/","logo":{"@type":"ImageObject","inLanguage":"es","@id":"https:\/\/experienciadevida.com.ar\/portalurbano\/#\/schema\/logo\/image\/","url":"https:\/\/experienciadevida.com.ar\/portalurbano\/wp-content\/uploads\/2019\/09\/Logo-Original.png","contentUrl":"https:\/\/experienciadevida.com.ar\/portalurbano\/wp-content\/uploads\/2019\/09\/Logo-Original.png","width":2236,"height":1216,"caption":"Portal Urbano"},"image":{"@id":"https:\/\/experienciadevida.com.ar\/portalurbano\/#\/schema\/logo\/image\/"},"sameAs":["https:\/\/www.facebook.com\/Portal-Urbano-171542830093757\/","https:\/\/twitter.com\/portalurbanook","https:\/\/www.instagram.com\/_portalurbano\/","https:\/\/www.youtube.com\/channel\/UCXhagIfszH8KxFiOok79zbA?view_as=subscriber"]},{"@type":"Person","@id":"https:\/\/experienciadevida.com.ar\/portalurbano\/#\/schema\/person\/02dd326b1c4b056e9cc972486934a3a7","name":"admpu17wp","image":{"@type":"ImageObject","inLanguage":"es","@id":"https:\/\/experienciadevida.com.ar\/portalurbano\/#\/schema\/person\/image\/","url":"https:\/\/secure.gravatar.com\/avatar\/830d4c57adaae6630765e449a6908047?s=96&d=mm&r=g","contentUrl":"https:\/\/secure.gravatar.com\/avatar\/830d4c57adaae6630765e449a6908047?s=96&d=mm&r=g","caption":"admpu17wp"}}]}},"featured_image_urls":{"full":["https:\/\/experienciadevida.com.ar\/portalurbano\/wp-content\/uploads\/2021\/02\/20210131_190026-e1612178413542.jpg",800,600,false],"thumbnail":["https:\/\/experienciadevida.com.ar\/portalurbano\/wp-content\/uploads\/2021\/02\/20210131_190026-150x150.jpg",150,150,true],"medium":["https:\/\/experienciadevida.com.ar\/portalurbano\/wp-content\/uploads\/2021\/02\/20210131_190026-300x225.jpg",300,225,true],"medium_large":["https:\/\/experienciadevida.com.ar\/portalurbano\/wp-content\/uploads\/2021\/02\/20210131_190026-768x576.jpg",640,480,true],"large":["https:\/\/experienciadevida.com.ar\/portalurbano\/wp-content\/uploads\/2021\/02\/20210131_190026-1024x768.jpg",640,480,true],"ug_big":["https:\/\/experienciadevida.com.ar\/portalurbano\/wp-content\/uploads\/2021\/02\/20210131_190026-768x576.jpg",768,576,true],"1536x1536":["https:\/\/experienciadevida.com.ar\/portalurbano\/wp-content\/uploads\/2021\/02\/20210131_190026-1536x1152.jpg",1536,1152,true],"2048x2048":["https:\/\/experienciadevida.com.ar\/portalurbano\/wp-content\/uploads\/2021\/02\/20210131_190026-e1612178413542.jpg",800,600,false],"newsever-slider-full":["https:\/\/experienciadevida.com.ar\/portalurbano\/wp-content\/uploads\/2021\/02\/20210131_190026-e1612178413542.jpg",800,600,false],"newsever-featured":["https:\/\/experienciadevida.com.ar\/portalurbano\/wp-content\/uploads\/2021\/02\/20210131_190026-e1612178413542.jpg",800,600,false],"newsever-medium":["https:\/\/experienciadevida.com.ar\/portalurbano\/wp-content\/uploads\/2021\/02\/20210131_190026-e1612178413542.jpg",633,475,false],"web-stories-poster-portrait":["https:\/\/experienciadevida.com.ar\/portalurbano\/wp-content\/uploads\/2021\/02\/20210131_190026-e1612178413542.jpg",640,480,false],"web-stories-publisher-logo":["https:\/\/experienciadevida.com.ar\/portalurbano\/wp-content\/uploads\/2021\/02\/20210131_190026-e1612178413542.jpg",96,72,false],"web-stories-thumbnail":["https:\/\/experienciadevida.com.ar\/portalurbano\/wp-content\/uploads\/2021\/02\/20210131_190026-e1612178413542.jpg",150,113,false]},"author_info":{"display_name":"admpu17wp","author_link":"https:\/\/experienciadevida.com.ar\/portalurbano\/author\/admpu17wp\/"},"category_info":"<a href=\"https:\/\/experienciadevida.com.ar\/portalurbano\/category\/ciudad\/\" rel=\"category tag\">Ciudad<\/a> <a href=\"https:\/\/experienciadevida.com.ar\/portalurbano\/category\/destacadas-2\/\" rel=\"category tag\">Destacadas 2<\/a>","tag_info":"Destacadas 2","comment_count":"0","amp_enabled":true,"_links":{"self":[{"href":"https:\/\/experienciadevida.com.ar\/portalurbano\/wp-json\/wp\/v2\/posts\/133948"}],"collection":[{"href":"https:\/\/experienciadevida.com.ar\/portalurbano\/wp-json\/wp\/v2\/posts"}],"about":[{"href":"https:\/\/experienciadevida.com.ar\/portalurbano\/wp-json\/wp\/v2\/types\/post"}],"author":[{"embeddable":true,"href":"https:\/\/experienciadevida.com.ar\/portalurbano\/wp-json\/wp\/v2\/users\/1"}],"replies":[{"embeddable":true,"href":"https:\/\/experienciadevida.com.ar\/portalurbano\/wp-json\/wp\/v2\/comments?post=133948"}],"version-history":[{"count":6,"href":"https:\/\/experienciadevida.com.ar\/portalurbano\/wp-json\/wp\/v2\/posts\/133948\/revisions"}],"predecessor-version":[{"id":133957,"href":"https:\/\/experienciadevida.com.ar\/portalurbano\/wp-json\/wp\/v2\/posts\/133948\/revisions\/133957"}],"wp:featuredmedia":[{"embeddable":true,"href":"https:\/\/experienciadevida.com.ar\/portalurbano\/wp-json\/wp\/v2\/media\/133949"}],"wp:attachment":[{"href":"https:\/\/experienciadevida.com.ar\/portalurbano\/wp-json\/wp\/v2\/media?parent=133948"}],"wp:term":[{"taxonomy":"category","embeddable":true,"href":"https:\/\/experienciadevida.com.ar\/portalurbano\/wp-json\/wp\/v2\/categories?post=133948"},{"taxonomy":"post_tag","embeddable":true,"href":"https:\/\/experienciadevida.com.ar\/portalurbano\/wp-json\/wp\/v2\/tags?post=133948"}],"curies":[{"name":"wp","href":"https:\/\/api.w.org\/{rel}","templated":true}]}}