{"id":133914,"date":"2021-01-31T20:25:18","date_gmt":"2021-01-31T23:25:18","guid":{"rendered":"https:\/\/experienciadevida.com.ar\/portalurbano\/?p=133914"},"modified":"2021-01-31T20:29:05","modified_gmt":"2021-01-31T23:29:05","slug":"el-pot-junta-firmas-contra-el-cobro-indebido-de-la-contribucion-por-recambio-de-medidor","status":"publish","type":"post","link":"https:\/\/experienciadevida.com.ar\/portalurbano\/el-pot-junta-firmas-contra-el-cobro-indebido-de-la-contribucion-por-recambio-de-medidor\/","title":{"rendered":"El POT Junta firmas contra el cobro indebido de la \u201ccontribuci\u00f3n por recambio de medidor\u201d"},"content":{"rendered":"<p>La agrupaci\u00f3n vecinal Por Olavarr\u00eda Todos, reclama sobre el cobro indebido del \u00edtem \u201cContribuci\u00f3n por recambio de medidor\u201d, dicha iniciativa se lleva adelante mediante la adhesi\u00f3n con la firma de vecinos de los distintos barrios de nuestra ciudad.<\/p>\n<p>En este sentido Andrea Coronel referente del espacio vecinal expres\u00f3 \u201cmanifestamos nuestra oposici\u00f3n rotunda desde la creaci\u00f3n de este \u00edtem en la facturaci\u00f3n de agua, luego de una presentaci\u00f3n en la Defensoria del Pueblo, \u201caun sin respuesta\u201d es que iniciamos una junta de firmas en los distintos barrios de nuestra ciudad, para ser acompa\u00f1adas junto a un petitorio dirigido a la Autoridad del Agua A.D.A con copia a INAES.- Contra la \u201cContribuci\u00f3n por recambio de medidor\u201d.<\/p>\n<p>Sobre las razones por las que nos oponemos a esta contribuci\u00f3n menciono Coronel, nos basamos en \u201cLa defensa de derechos elementales de los usuarios de servicios p\u00fablicos y hacemos hincapi\u00e9 en primera medida en el Reglamento del Usuario de Coopelectric. Titulo V Medidores ART.N\u00ba18 &#8211; CARGO INSTALACI\u00d3N DEL KIT DE MEDICI\u00d3N: El costo de incorporaci\u00f3n al sistema medido, incluyendo la provisi\u00f3n e instalaci\u00f3n del o de los medidores de caudales, se har\u00e1 \u201csin cargo\u201d a Usuarios que cuenten con conexi\u00f3n existente. Aquellos que no est\u00e9n conectados gozar\u00e1n de igual beneficio, debiendo abonar solo el cargo de conexi\u00f3n.; Quedando en evidencia de esta manera la Publicidad enga\u00f1osa art. 9\u00b0 Ley 22.802 de Lealtad Comercial, falta de informaci\u00f3n veraz (art 4\u00b0 , 25\u00b0 y 31 de la Ley 24.240 de Defensa del Consumidor), Art. 4 Informaci\u00f3n. Quienes produzcan, importen, distribuyan o comercialicen cosas o presten servicios, deben suministrar a los consumidores o usuarios, en forma cierta y objetiva, informaci\u00f3n veraz, detallada, eficaz y suficiente sobre las caracter\u00edsticas esenciales de los mismos.<\/p>\n<p>Art. 25 &#8211; Constancia escrita. Informaci\u00f3n al usuario. Las empresas prestadoras de servicios p\u00fablicos a domicilio deben entregar al usuario constancia escrita de las condiciones de la prestaci\u00f3n y de los derechos y obligaciones de ambas partes contratantes. Sin perjuicio de ello, deben mantener tal informaci\u00f3n a disposici\u00f3n de los usuarios en todas las oficinas de atenci\u00f3n al p\u00fablico.<\/p>\n<p>Art. 31 En los casos que una empresa prestataria de servicios p\u00fablicos facturase sumas o conceptos indebidos o reclamare el pago de facturas ya abonadas por el usuario, deber\u00e1 devolver las sumas incorrectamente percibidas con m\u00e1s de los intereses y punitorios que cobra por mora en el pago de facturas, e indemnizar al usuario con un cr\u00e9dito equivalente al veinticinco por ciento (25 %) del importe cobrado o reclamado indebidamente. La devoluci\u00f3n y\/o indemnizaci\u00f3n se har\u00e1 efectiva en la factura inmediata siguiente.<\/p>\n<p>En este sentido expresan desde la Agrupaci\u00f3n Vecinal: que es mas que evidente el abuso en contra del usuario, Nunca se renovaron los medidores, el estatuto que presenta la cooperativa, dice claramente que los costos de los medidores, los afronta la misma cooperativa, es claramente un cobro indebido, por ende les corresponde a los vecinos una indemnizacion por este cargo mal cobrado. \u201cNos indigna la administraci\u00f3n desleal de Coopelectric, antes de inventar \u00edtems abusivos, que se atienda a los numerosos cuestionamientos de la comunidad; Creemos en el cooperativismo pero con la participaci\u00f3n real de los asociados en las decisiones\u201d.<\/p>\n<p>Por ultimo quienes se quieran sumar al reclamo pueden contactarse con los referentes del POT, quienes en los pr\u00f3ximos d\u00edas se encontraran recorriendo en busca de adhesiones los barrios Nicolas Avellaneda, Cnel Dorrego, Escuela 6, Mataderos, Barrio Trabajadores, 4 de Octubre, Sarmiento Norte, Pueblo Nuevo, Scac, Barrio Belen, Juan Martin de Pueyrredon, Alberdi, Sierras Bayas, Sierra Chica, Loma Negra, Hinojo o, a trav\u00e9s de la pagina de Facebook \u201cPor Olavarr\u00eda Todos\u201d se podr\u00e1n solicitar las planillas para su firma.<\/p>\n<p>Esperamos en unos d\u00edas llegar a las 10.000 firmas\u2026 Los vecinos deben ser escuchados , finalizo la referente de POT.<\/p>\n<p><a href=\"https:\/\/experienciadevida.com.ar\/portalurbano\/el-pot-junta-firmas-contra-el-cobro-indebido-de-la-contribucion-por-recambio-de-medidor\/3f8324a3-0d08-4610-8fd9-5e810d371731\/\" rel=\"attachment wp-att-133915\"><img decoding=\"async\" class=\"alignnone size-full wp-image-133915\" src=\"https:\/\/experienciadevida.com.ar\/portalurbano\/wp-content\/uploads\/2021\/01\/3f8324a3-0d08-4610-8fd9-5e810d371731-e1612135210747.jpg\" alt=\"\" width=\"800\" height=\"469\" \/><\/a><\/p>\n","protected":false},"excerpt":{"rendered":"<p>La agrupaci\u00f3n vecinal Por Olavarr\u00eda Todos, reclama sobre el cobro indebido del \u00edtem \u201cContribuci\u00f3n por&#8230;<\/p>\n","protected":false},"author":1,"featured_media":133916,"comment_status":"closed","ping_status":"closed","sticky":false,"template":"","format":"standard","meta":{"content-type":""},"categories":[27],"tags":[],"nelio_content":{"isAutoShareEnabled":false,"autoShareEndMode":"default","automationSources":{"useContentSentences":true,"useSocialTemplates":true,"useCustomSentences":false,"customSentences":[]},"followers":[1],"suggestedReferences":[],"includedReferences":[],"efiUrl":"","efiAlt":"","highlights":[]},"yoast_head":"<!-- This site is optimized with the Yoast SEO plugin v20.7 - https:\/\/yoast.com\/wordpress\/plugins\/seo\/ -->\n<title>El POT Junta firmas contra el cobro indebido de la \u201ccontribuci\u00f3n por r<\/title>\n<meta name=\"description\" content=\"contribuci\u00f3n por recambio de medidor. La agrupaci\u00f3n vecinal Por Olavarr\u00eda Todos, reclama sobre el cobro indebido de la contribucion\" \/>\n<meta name=\"robots\" content=\"index, follow, max-snippet:-1, max-image-preview:large, max-video-preview:-1\" \/>\n<link rel=\"canonical\" href=\"https:\/\/experienciadevida.com.ar\/portalurbano\/el-pot-junta-firmas-contra-el-cobro-indebido-de-la-contribucion-por-recambio-de-medidor\/\" \/>\n<meta property=\"og:locale\" content=\"es_ES\" \/>\n<meta property=\"og:type\" content=\"article\" \/>\n<meta property=\"og:title\" content=\"El POT Junta firmas contra el cobro indebido de la \u201ccontribuci\u00f3n por r\" \/>\n<meta property=\"og:description\" content=\"contribuci\u00f3n por recambio de medidor. La agrupaci\u00f3n vecinal Por Olavarr\u00eda Todos, reclama sobre el cobro indebido de la contribucion\" \/>\n<meta property=\"og:url\" content=\"https:\/\/experienciadevida.com.ar\/portalurbano\/el-pot-junta-firmas-contra-el-cobro-indebido-de-la-contribucion-por-recambio-de-medidor\/\" \/>\n<meta property=\"article:publisher\" content=\"https:\/\/www.facebook.com\/Portal-Urbano-171542830093757\/\" \/>\n<meta property=\"article:published_time\" content=\"2021-01-31T23:25:18+00:00\" \/>\n<meta property=\"article:modified_time\" content=\"2021-01-31T23:29:05+00:00\" \/>\n<meta property=\"og:image\" content=\"https:\/\/experienciadevida.com.ar\/portalurbano\/wp-content\/uploads\/2021\/01\/medidores-de-agua-e1612135427194.jpg\" \/>\n\t<meta property=\"og:image:width\" content=\"800\" \/>\n\t<meta property=\"og:image:height\" content=\"488\" \/>\n\t<meta property=\"og:image:type\" content=\"image\/jpeg\" \/>\n<meta name=\"author\" content=\"admpu17wp\" \/>\n<meta name=\"twitter:card\" content=\"summary_large_image\" \/>\n<meta name=\"twitter:creator\" content=\"@portalurbanook\" \/>\n<meta name=\"twitter:site\" content=\"@portalurbanook\" \/>\n<meta name=\"twitter:label1\" content=\"Escrito por\" \/>\n\t<meta name=\"twitter:data1\" content=\"admpu17wp\" \/>\n\t<meta name=\"twitter:label2\" content=\"Tiempo de lectura\" \/>\n\t<meta name=\"twitter:data2\" content=\"3 minutos\" \/>\n<script type=\"application\/ld+json\" class=\"yoast-schema-graph\">{\"@context\":\"https:\/\/schema.org\",\"@graph\":[{\"@type\":\"Article\",\"@id\":\"https:\/\/experienciadevida.com.ar\/portalurbano\/el-pot-junta-firmas-contra-el-cobro-indebido-de-la-contribucion-por-recambio-de-medidor\/#article\",\"isPartOf\":{\"@id\":\"https:\/\/experienciadevida.com.ar\/portalurbano\/el-pot-junta-firmas-contra-el-cobro-indebido-de-la-contribucion-por-recambio-de-medidor\/\"},\"author\":{\"name\":\"admpu17wp\",\"@id\":\"https:\/\/experienciadevida.com.ar\/portalurbano\/#\/schema\/person\/02dd326b1c4b056e9cc972486934a3a7\"},\"headline\":\"El POT Junta firmas contra el cobro indebido de la \u201ccontribuci\u00f3n por recambio de medidor\u201d\",\"datePublished\":\"2021-01-31T23:25:18+00:00\",\"dateModified\":\"2021-01-31T23:29:05+00:00\",\"mainEntityOfPage\":{\"@id\":\"https:\/\/experienciadevida.com.ar\/portalurbano\/el-pot-junta-firmas-contra-el-cobro-indebido-de-la-contribucion-por-recambio-de-medidor\/\"},\"wordCount\":674,\"publisher\":{\"@id\":\"https:\/\/experienciadevida.com.ar\/portalurbano\/#organization\"},\"articleSection\":[\"Ciudad\"],\"inLanguage\":\"es\"},{\"@type\":\"WebPage\",\"@id\":\"https:\/\/experienciadevida.com.ar\/portalurbano\/el-pot-junta-firmas-contra-el-cobro-indebido-de-la-contribucion-por-recambio-de-medidor\/\",\"url\":\"https:\/\/experienciadevida.com.ar\/portalurbano\/el-pot-junta-firmas-contra-el-cobro-indebido-de-la-contribucion-por-recambio-de-medidor\/\",\"name\":\"El POT Junta firmas contra el cobro indebido de la \u201ccontribuci\u00f3n por r\",\"isPartOf\":{\"@id\":\"https:\/\/experienciadevida.com.ar\/portalurbano\/#website\"},\"datePublished\":\"2021-01-31T23:25:18+00:00\",\"dateModified\":\"2021-01-31T23:29:05+00:00\",\"description\":\"contribuci\u00f3n por recambio de medidor. La agrupaci\u00f3n vecinal Por Olavarr\u00eda Todos, reclama sobre el cobro indebido de la contribucion\",\"breadcrumb\":{\"@id\":\"https:\/\/experienciadevida.com.ar\/portalurbano\/el-pot-junta-firmas-contra-el-cobro-indebido-de-la-contribucion-por-recambio-de-medidor\/#breadcrumb\"},\"inLanguage\":\"es\",\"potentialAction\":[{\"@type\":\"ReadAction\",\"target\":[\"https:\/\/experienciadevida.com.ar\/portalurbano\/el-pot-junta-firmas-contra-el-cobro-indebido-de-la-contribucion-por-recambio-de-medidor\/\"]}]},{\"@type\":\"BreadcrumbList\",\"@id\":\"https:\/\/experienciadevida.com.ar\/portalurbano\/el-pot-junta-firmas-contra-el-cobro-indebido-de-la-contribucion-por-recambio-de-medidor\/#breadcrumb\",\"itemListElement\":[{\"@type\":\"ListItem\",\"position\":1,\"name\":\"Portada\",\"item\":\"https:\/\/experienciadevida.com.ar\/portalurbano\/\"},{\"@type\":\"ListItem\",\"position\":2,\"name\":\"El POT Junta firmas contra el cobro indebido de la \u201ccontribuci\u00f3n por recambio de medidor\u201d\"}]},{\"@type\":\"WebSite\",\"@id\":\"https:\/\/experienciadevida.com.ar\/portalurbano\/#website\",\"url\":\"https:\/\/experienciadevida.com.ar\/portalurbano\/\",\"name\":\"\",\"description\":\"\",\"publisher\":{\"@id\":\"https:\/\/experienciadevida.com.ar\/portalurbano\/#organization\"},\"potentialAction\":[{\"@type\":\"SearchAction\",\"target\":{\"@type\":\"EntryPoint\",\"urlTemplate\":\"https:\/\/experienciadevida.com.ar\/portalurbano\/?s={search_term_string}\"},\"query-input\":\"required name=search_term_string\"}],\"inLanguage\":\"es\"},{\"@type\":\"Organization\",\"@id\":\"https:\/\/experienciadevida.com.ar\/portalurbano\/#organization\",\"name\":\"Portal Urbano\",\"url\":\"https:\/\/experienciadevida.com.ar\/portalurbano\/\",\"logo\":{\"@type\":\"ImageObject\",\"inLanguage\":\"es\",\"@id\":\"https:\/\/experienciadevida.com.ar\/portalurbano\/#\/schema\/logo\/image\/\",\"url\":\"https:\/\/experienciadevida.com.ar\/portalurbano\/wp-content\/uploads\/2019\/09\/Logo-Original.png\",\"contentUrl\":\"https:\/\/experienciadevida.com.ar\/portalurbano\/wp-content\/uploads\/2019\/09\/Logo-Original.png\",\"width\":2236,\"height\":1216,\"caption\":\"Portal Urbano\"},\"image\":{\"@id\":\"https:\/\/experienciadevida.com.ar\/portalurbano\/#\/schema\/logo\/image\/\"},\"sameAs\":[\"https:\/\/www.facebook.com\/Portal-Urbano-171542830093757\/\",\"https:\/\/twitter.com\/portalurbanook\",\"https:\/\/www.instagram.com\/_portalurbano\/\",\"https:\/\/www.youtube.com\/channel\/UCXhagIfszH8KxFiOok79zbA?view_as=subscriber\"]},{\"@type\":\"Person\",\"@id\":\"https:\/\/experienciadevida.com.ar\/portalurbano\/#\/schema\/person\/02dd326b1c4b056e9cc972486934a3a7\",\"name\":\"admpu17wp\",\"image\":{\"@type\":\"ImageObject\",\"inLanguage\":\"es\",\"@id\":\"https:\/\/experienciadevida.com.ar\/portalurbano\/#\/schema\/person\/image\/\",\"url\":\"https:\/\/secure.gravatar.com\/avatar\/830d4c57adaae6630765e449a6908047?s=96&d=mm&r=g\",\"contentUrl\":\"https:\/\/secure.gravatar.com\/avatar\/830d4c57adaae6630765e449a6908047?s=96&d=mm&r=g\",\"caption\":\"admpu17wp\"}}]}<\/script>\n<!-- \/ Yoast SEO plugin. -->","yoast_head_json":{"title":"El POT Junta firmas contra el cobro indebido de la \u201ccontribuci\u00f3n por r","description":"contribuci\u00f3n por recambio de medidor. La agrupaci\u00f3n vecinal Por Olavarr\u00eda Todos, reclama sobre el cobro indebido de la contribucion","robots":{"index":"index","follow":"follow","max-snippet":"max-snippet:-1","max-image-preview":"max-image-preview:large","max-video-preview":"max-video-preview:-1"},"canonical":"https:\/\/experienciadevida.com.ar\/portalurbano\/el-pot-junta-firmas-contra-el-cobro-indebido-de-la-contribucion-por-recambio-de-medidor\/","og_locale":"es_ES","og_type":"article","og_title":"El POT Junta firmas contra el cobro indebido de la \u201ccontribuci\u00f3n por r","og_description":"contribuci\u00f3n por recambio de medidor. La agrupaci\u00f3n vecinal Por Olavarr\u00eda Todos, reclama sobre el cobro indebido de la contribucion","og_url":"https:\/\/experienciadevida.com.ar\/portalurbano\/el-pot-junta-firmas-contra-el-cobro-indebido-de-la-contribucion-por-recambio-de-medidor\/","article_publisher":"https:\/\/www.facebook.com\/Portal-Urbano-171542830093757\/","article_published_time":"2021-01-31T23:25:18+00:00","article_modified_time":"2021-01-31T23:29:05+00:00","og_image":[{"width":800,"height":488,"url":"https:\/\/experienciadevida.com.ar\/portalurbano\/wp-content\/uploads\/2021\/01\/medidores-de-agua-e1612135427194.jpg","type":"image\/jpeg"}],"author":"admpu17wp","twitter_card":"summary_large_image","twitter_creator":"@portalurbanook","twitter_site":"@portalurbanook","twitter_misc":{"Escrito por":"admpu17wp","Tiempo de lectura":"3 minutos"},"schema":{"@context":"https:\/\/schema.org","@graph":[{"@type":"Article","@id":"https:\/\/experienciadevida.com.ar\/portalurbano\/el-pot-junta-firmas-contra-el-cobro-indebido-de-la-contribucion-por-recambio-de-medidor\/#article","isPartOf":{"@id":"https:\/\/experienciadevida.com.ar\/portalurbano\/el-pot-junta-firmas-contra-el-cobro-indebido-de-la-contribucion-por-recambio-de-medidor\/"},"author":{"name":"admpu17wp","@id":"https:\/\/experienciadevida.com.ar\/portalurbano\/#\/schema\/person\/02dd326b1c4b056e9cc972486934a3a7"},"headline":"El POT Junta firmas contra el cobro indebido de la \u201ccontribuci\u00f3n por recambio de medidor\u201d","datePublished":"2021-01-31T23:25:18+00:00","dateModified":"2021-01-31T23:29:05+00:00","mainEntityOfPage":{"@id":"https:\/\/experienciadevida.com.ar\/portalurbano\/el-pot-junta-firmas-contra-el-cobro-indebido-de-la-contribucion-por-recambio-de-medidor\/"},"wordCount":674,"publisher":{"@id":"https:\/\/experienciadevida.com.ar\/portalurbano\/#organization"},"articleSection":["Ciudad"],"inLanguage":"es"},{"@type":"WebPage","@id":"https:\/\/experienciadevida.com.ar\/portalurbano\/el-pot-junta-firmas-contra-el-cobro-indebido-de-la-contribucion-por-recambio-de-medidor\/","url":"https:\/\/experienciadevida.com.ar\/portalurbano\/el-pot-junta-firmas-contra-el-cobro-indebido-de-la-contribucion-por-recambio-de-medidor\/","name":"El POT Junta firmas contra el cobro indebido de la \u201ccontribuci\u00f3n por r","isPartOf":{"@id":"https:\/\/experienciadevida.com.ar\/portalurbano\/#website"},"datePublished":"2021-01-31T23:25:18+00:00","dateModified":"2021-01-31T23:29:05+00:00","description":"contribuci\u00f3n por recambio de medidor. La agrupaci\u00f3n vecinal Por Olavarr\u00eda Todos, reclama sobre el cobro indebido de la contribucion","breadcrumb":{"@id":"https:\/\/experienciadevida.com.ar\/portalurbano\/el-pot-junta-firmas-contra-el-cobro-indebido-de-la-contribucion-por-recambio-de-medidor\/#breadcrumb"},"inLanguage":"es","potentialAction":[{"@type":"ReadAction","target":["https:\/\/experienciadevida.com.ar\/portalurbano\/el-pot-junta-firmas-contra-el-cobro-indebido-de-la-contribucion-por-recambio-de-medidor\/"]}]},{"@type":"BreadcrumbList","@id":"https:\/\/experienciadevida.com.ar\/portalurbano\/el-pot-junta-firmas-contra-el-cobro-indebido-de-la-contribucion-por-recambio-de-medidor\/#breadcrumb","itemListElement":[{"@type":"ListItem","position":1,"name":"Portada","item":"https:\/\/experienciadevida.com.ar\/portalurbano\/"},{"@type":"ListItem","position":2,"name":"El POT Junta firmas contra el cobro indebido de la \u201ccontribuci\u00f3n por recambio de medidor\u201d"}]},{"@type":"WebSite","@id":"https:\/\/experienciadevida.com.ar\/portalurbano\/#website","url":"https:\/\/experienciadevida.com.ar\/portalurbano\/","name":"","description":"","publisher":{"@id":"https:\/\/experienciadevida.com.ar\/portalurbano\/#organization"},"potentialAction":[{"@type":"SearchAction","target":{"@type":"EntryPoint","urlTemplate":"https:\/\/experienciadevida.com.ar\/portalurbano\/?s={search_term_string}"},"query-input":"required name=search_term_string"}],"inLanguage":"es"},{"@type":"Organization","@id":"https:\/\/experienciadevida.com.ar\/portalurbano\/#organization","name":"Portal Urbano","url":"https:\/\/experienciadevida.com.ar\/portalurbano\/","logo":{"@type":"ImageObject","inLanguage":"es","@id":"https:\/\/experienciadevida.com.ar\/portalurbano\/#\/schema\/logo\/image\/","url":"https:\/\/experienciadevida.com.ar\/portalurbano\/wp-content\/uploads\/2019\/09\/Logo-Original.png","contentUrl":"https:\/\/experienciadevida.com.ar\/portalurbano\/wp-content\/uploads\/2019\/09\/Logo-Original.png","width":2236,"height":1216,"caption":"Portal Urbano"},"image":{"@id":"https:\/\/experienciadevida.com.ar\/portalurbano\/#\/schema\/logo\/image\/"},"sameAs":["https:\/\/www.facebook.com\/Portal-Urbano-171542830093757\/","https:\/\/twitter.com\/portalurbanook","https:\/\/www.instagram.com\/_portalurbano\/","https:\/\/www.youtube.com\/channel\/UCXhagIfszH8KxFiOok79zbA?view_as=subscriber"]},{"@type":"Person","@id":"https:\/\/experienciadevida.com.ar\/portalurbano\/#\/schema\/person\/02dd326b1c4b056e9cc972486934a3a7","name":"admpu17wp","image":{"@type":"ImageObject","inLanguage":"es","@id":"https:\/\/experienciadevida.com.ar\/portalurbano\/#\/schema\/person\/image\/","url":"https:\/\/secure.gravatar.com\/avatar\/830d4c57adaae6630765e449a6908047?s=96&d=mm&r=g","contentUrl":"https:\/\/secure.gravatar.com\/avatar\/830d4c57adaae6630765e449a6908047?s=96&d=mm&r=g","caption":"admpu17wp"}}]}},"featured_image_urls":{"full":["https:\/\/experienciadevida.com.ar\/portalurbano\/wp-content\/uploads\/2021\/01\/medidores-de-agua-e1612135427194.jpg",800,488,false],"thumbnail":["https:\/\/experienciadevida.com.ar\/portalurbano\/wp-content\/uploads\/2021\/01\/medidores-de-agua-150x150.jpg",150,150,true],"medium":["https:\/\/experienciadevida.com.ar\/portalurbano\/wp-content\/uploads\/2021\/01\/medidores-de-agua-300x183.jpg",300,183,true],"medium_large":["https:\/\/experienciadevida.com.ar\/portalurbano\/wp-content\/uploads\/2021\/01\/medidores-de-agua-768x468.jpg",640,390,true],"large":["https:\/\/experienciadevida.com.ar\/portalurbano\/wp-content\/uploads\/2021\/01\/medidores-de-agua-e1612135427194.jpg",640,390,false],"ug_big":["https:\/\/experienciadevida.com.ar\/portalurbano\/wp-content\/uploads\/2021\/01\/medidores-de-agua-768x468.jpg",768,468,true],"1536x1536":["https:\/\/experienciadevida.com.ar\/portalurbano\/wp-content\/uploads\/2021\/01\/medidores-de-agua-e1612135427194.jpg",800,488,false],"2048x2048":["https:\/\/experienciadevida.com.ar\/portalurbano\/wp-content\/uploads\/2021\/01\/medidores-de-agua-e1612135427194.jpg",800,488,false],"newsever-slider-full":["https:\/\/experienciadevida.com.ar\/portalurbano\/wp-content\/uploads\/2021\/01\/medidores-de-agua-e1612135427194.jpg",800,488,false],"newsever-featured":["https:\/\/experienciadevida.com.ar\/portalurbano\/wp-content\/uploads\/2021\/01\/medidores-de-agua-e1612135427194.jpg",800,488,false],"newsever-medium":["https:\/\/experienciadevida.com.ar\/portalurbano\/wp-content\/uploads\/2021\/01\/medidores-de-agua-e1612135427194.jpg",720,439,false],"web-stories-poster-portrait":["https:\/\/experienciadevida.com.ar\/portalurbano\/wp-content\/uploads\/2021\/01\/medidores-de-agua-e1612135427194.jpg",640,390,false],"web-stories-publisher-logo":["https:\/\/experienciadevida.com.ar\/portalurbano\/wp-content\/uploads\/2021\/01\/medidores-de-agua-e1612135427194.jpg",96,59,false],"web-stories-thumbnail":["https:\/\/experienciadevida.com.ar\/portalurbano\/wp-content\/uploads\/2021\/01\/medidores-de-agua-e1612135427194.jpg",150,92,false]},"author_info":{"display_name":"admpu17wp","author_link":"https:\/\/experienciadevida.com.ar\/portalurbano\/author\/admpu17wp\/"},"category_info":"<a href=\"https:\/\/experienciadevida.com.ar\/portalurbano\/category\/ciudad\/\" rel=\"category tag\">Ciudad<\/a>","tag_info":"Ciudad","comment_count":"0","amp_enabled":true,"_links":{"self":[{"href":"https:\/\/experienciadevida.com.ar\/portalurbano\/wp-json\/wp\/v2\/posts\/133914"}],"collection":[{"href":"https:\/\/experienciadevida.com.ar\/portalurbano\/wp-json\/wp\/v2\/posts"}],"about":[{"href":"https:\/\/experienciadevida.com.ar\/portalurbano\/wp-json\/wp\/v2\/types\/post"}],"author":[{"embeddable":true,"href":"https:\/\/experienciadevida.com.ar\/portalurbano\/wp-json\/wp\/v2\/users\/1"}],"replies":[{"embeddable":true,"href":"https:\/\/experienciadevida.com.ar\/portalurbano\/wp-json\/wp\/v2\/comments?post=133914"}],"version-history":[{"count":2,"href":"https:\/\/experienciadevida.com.ar\/portalurbano\/wp-json\/wp\/v2\/posts\/133914\/revisions"}],"predecessor-version":[{"id":133918,"href":"https:\/\/experienciadevida.com.ar\/portalurbano\/wp-json\/wp\/v2\/posts\/133914\/revisions\/133918"}],"wp:featuredmedia":[{"embeddable":true,"href":"https:\/\/experienciadevida.com.ar\/portalurbano\/wp-json\/wp\/v2\/media\/133916"}],"wp:attachment":[{"href":"https:\/\/experienciadevida.com.ar\/portalurbano\/wp-json\/wp\/v2\/media?parent=133914"}],"wp:term":[{"taxonomy":"category","embeddable":true,"href":"https:\/\/experienciadevida.com.ar\/portalurbano\/wp-json\/wp\/v2\/categories?post=133914"},{"taxonomy":"post_tag","embeddable":true,"href":"https:\/\/experienciadevida.com.ar\/portalurbano\/wp-json\/wp\/v2\/tags?post=133914"}],"curies":[{"name":"wp","href":"https:\/\/api.w.org\/{rel}","templated":true}]}}