{"id":133909,"date":"2021-01-31T15:41:04","date_gmt":"2021-01-31T18:41:04","guid":{"rendered":"https:\/\/experienciadevida.com.ar\/portalurbano\/?p=133909"},"modified":"2021-01-31T15:45:21","modified_gmt":"2021-01-31T18:45:21","slug":"febrero-sustentable-en-olavarria-cronograma-de-charlas","status":"publish","type":"post","link":"https:\/\/experienciadevida.com.ar\/portalurbano\/febrero-sustentable-en-olavarria-cronograma-de-charlas\/","title":{"rendered":"Febrero sustentable en Olavarr\u00eda: Cronograma de charlas"},"content":{"rendered":"<p>Febrero sustentable en Olavarr\u00eda: Cronograma de charlas. La Direcci\u00f3n de Desarrollo Sustentable de la Secretar\u00eda de Desarrollo Econ\u00f3mico da a conocer un cronograma de charlas sobre variadas tem\u00e1ticas vinculadas al \u00e1rea.<\/p>\n<p>Tales charlas se desarrollar\u00e1n bajo modalidad virtual \u2013 v\u00eda zoom. A continuaci\u00f3n se informan fechas, horarios y formularios de inscripci\u00f3n.<\/p>\n<p>Martes 02\/02, 19 horas: Confecci\u00f3n de montes de reparo y cortinas rompevientos.<br \/>\nDurante esta charla se analizar\u00e1n los beneficios de la forestaci\u00f3n en la producci\u00f3n de alimentos y las especies a utilizar en nuestra zona, entre otros temas. Pueden inscribirse a trav\u00e9s del siguiente link: https:\/\/forms.gle\/3GdQCQ2LbqG43v8F6.<\/p>\n<p>Jueves 04\/04, 19 horas: Compostaje Domiciliario.<br \/>\nEl objetivo de esta charla es brindar informaci\u00f3n necesaria para poder reciclar los restos org\u00e1nicos en casa. Se sortear\u00e1 una compostera entre quienes participen (solo para residentes del partido de Olavarr\u00eda). Pueden inscribirse a trav\u00e9s del siguiente link: https:\/\/forms.gle\/wPVowKxGuYCzuLQd9.<\/p>\n<p>Jueves 11\/02, 14 horas, Gesti\u00f3n de Residuos.<br \/>\nLa misma ser\u00e1 el y se trataran temas como la diferencia entre basura y residuos, el circuito que tienen en nuestra ciudad, relleno sanitario y GIRO. Se sortear\u00e1 una compostera entre quienes participen (solo para residentes del partido de Olavarr\u00eda) Pueden inscribirse a trav\u00e9s del link: https:\/\/forms.gle\/PiGm3J239JHC3z1K7<\/p>\n<p>Para m\u00e1s informaci\u00f3n pueden comunicarse con la Direcci\u00f3n de Desarrollo Sustentable al tel\u00e9fono 412600, o por correo electr\u00f3nico: gestionambiental@olavarria.gov.ar. Facebook e Instagram: Desarrollo Sustentable Olavarr\u00eda.<\/p>\n","protected":false},"excerpt":{"rendered":"<p>Febrero sustentable en Olavarr\u00eda: Cronograma de charlas. La Direcci\u00f3n de Desarrollo Sustentable de la Secretar\u00eda&#8230;<\/p>\n","protected":false},"author":1,"featured_media":133912,"comment_status":"closed","ping_status":"closed","sticky":false,"template":"","format":"standard","meta":{"content-type":""},"categories":[27,64],"tags":[],"nelio_content":{"isAutoShareEnabled":false,"autoShareEndMode":"default","automationSources":{"useContentSentences":true,"useSocialTemplates":true,"useCustomSentences":false,"customSentences":[]},"followers":[1],"suggestedReferences":[],"includedReferences":[],"efiUrl":"","efiAlt":"","highlights":[]},"yoast_head":"<!-- This site is optimized with the Yoast SEO plugin v20.7 - https:\/\/yoast.com\/wordpress\/plugins\/seo\/ -->\n<title>Febrero sustentabe en Olavrr\u00eda: Cronograma de charlas<\/title>\n<meta name=\"description\" content=\"Febrero sustentable en Olavarr\u00eda: Cronograma de charlas, la subsecretaria de desarrollo sustentable dio a conocer el cronograma\" \/>\n<meta name=\"robots\" content=\"index, follow, max-snippet:-1, max-image-preview:large, max-video-preview:-1\" \/>\n<link rel=\"canonical\" href=\"https:\/\/experienciadevida.com.ar\/portalurbano\/febrero-sustentable-en-olavarria-cronograma-de-charlas\/\" \/>\n<meta property=\"og:locale\" content=\"es_ES\" \/>\n<meta property=\"og:type\" content=\"article\" \/>\n<meta property=\"og:title\" content=\"Febrero sustentabe en Olavrr\u00eda: Cronograma de charlas\" \/>\n<meta property=\"og:description\" content=\"Febrero sustentable en Olavarr\u00eda: Cronograma de charlas, la subsecretaria de desarrollo sustentable dio a conocer el cronograma\" \/>\n<meta property=\"og:url\" content=\"https:\/\/experienciadevida.com.ar\/portalurbano\/febrero-sustentable-en-olavarria-cronograma-de-charlas\/\" \/>\n<meta property=\"article:publisher\" content=\"https:\/\/www.facebook.com\/Portal-Urbano-171542830093757\/\" \/>\n<meta property=\"article:published_time\" content=\"2021-01-31T18:41:04+00:00\" \/>\n<meta property=\"article:modified_time\" content=\"2021-01-31T18:45:21+00:00\" \/>\n<meta property=\"og:image\" content=\"https:\/\/experienciadevida.com.ar\/portalurbano\/wp-content\/uploads\/2021\/01\/Febrero-sustentable.jpg\" \/>\n\t<meta property=\"og:image:width\" content=\"1024\" \/>\n\t<meta property=\"og:image:height\" content=\"368\" \/>\n\t<meta property=\"og:image:type\" content=\"image\/jpeg\" \/>\n<meta name=\"author\" content=\"admpu17wp\" \/>\n<meta name=\"twitter:card\" content=\"summary_large_image\" \/>\n<meta name=\"twitter:creator\" content=\"@portalurbanook\" \/>\n<meta name=\"twitter:site\" content=\"@portalurbanook\" \/>\n<meta name=\"twitter:label1\" content=\"Escrito por\" \/>\n\t<meta name=\"twitter:data1\" content=\"admpu17wp\" \/>\n\t<meta name=\"twitter:label2\" content=\"Tiempo de lectura\" \/>\n\t<meta name=\"twitter:data2\" content=\"1 minuto\" \/>\n<script type=\"application\/ld+json\" class=\"yoast-schema-graph\">{\"@context\":\"https:\/\/schema.org\",\"@graph\":[{\"@type\":\"Article\",\"@id\":\"https:\/\/experienciadevida.com.ar\/portalurbano\/febrero-sustentable-en-olavarria-cronograma-de-charlas\/#article\",\"isPartOf\":{\"@id\":\"https:\/\/experienciadevida.com.ar\/portalurbano\/febrero-sustentable-en-olavarria-cronograma-de-charlas\/\"},\"author\":{\"name\":\"admpu17wp\",\"@id\":\"https:\/\/experienciadevida.com.ar\/portalurbano\/#\/schema\/person\/02dd326b1c4b056e9cc972486934a3a7\"},\"headline\":\"Febrero sustentable en Olavarr\u00eda: Cronograma de charlas\",\"datePublished\":\"2021-01-31T18:41:04+00:00\",\"dateModified\":\"2021-01-31T18:45:21+00:00\",\"mainEntityOfPage\":{\"@id\":\"https:\/\/experienciadevida.com.ar\/portalurbano\/febrero-sustentable-en-olavarria-cronograma-de-charlas\/\"},\"wordCount\":267,\"publisher\":{\"@id\":\"https:\/\/experienciadevida.com.ar\/portalurbano\/#organization\"},\"articleSection\":[\"Ciudad\",\"Destacadas 2\"],\"inLanguage\":\"es\"},{\"@type\":\"WebPage\",\"@id\":\"https:\/\/experienciadevida.com.ar\/portalurbano\/febrero-sustentable-en-olavarria-cronograma-de-charlas\/\",\"url\":\"https:\/\/experienciadevida.com.ar\/portalurbano\/febrero-sustentable-en-olavarria-cronograma-de-charlas\/\",\"name\":\"Febrero sustentabe en Olavrr\u00eda: Cronograma de charlas\",\"isPartOf\":{\"@id\":\"https:\/\/experienciadevida.com.ar\/portalurbano\/#website\"},\"datePublished\":\"2021-01-31T18:41:04+00:00\",\"dateModified\":\"2021-01-31T18:45:21+00:00\",\"description\":\"Febrero sustentable en Olavarr\u00eda: Cronograma de charlas, la subsecretaria de desarrollo sustentable dio a conocer el cronograma\",\"breadcrumb\":{\"@id\":\"https:\/\/experienciadevida.com.ar\/portalurbano\/febrero-sustentable-en-olavarria-cronograma-de-charlas\/#breadcrumb\"},\"inLanguage\":\"es\",\"potentialAction\":[{\"@type\":\"ReadAction\",\"target\":[\"https:\/\/experienciadevida.com.ar\/portalurbano\/febrero-sustentable-en-olavarria-cronograma-de-charlas\/\"]}]},{\"@type\":\"BreadcrumbList\",\"@id\":\"https:\/\/experienciadevida.com.ar\/portalurbano\/febrero-sustentable-en-olavarria-cronograma-de-charlas\/#breadcrumb\",\"itemListElement\":[{\"@type\":\"ListItem\",\"position\":1,\"name\":\"Portada\",\"item\":\"https:\/\/experienciadevida.com.ar\/portalurbano\/\"},{\"@type\":\"ListItem\",\"position\":2,\"name\":\"Febrero sustentable en Olavarr\u00eda: Cronograma de charlas\"}]},{\"@type\":\"WebSite\",\"@id\":\"https:\/\/experienciadevida.com.ar\/portalurbano\/#website\",\"url\":\"https:\/\/experienciadevida.com.ar\/portalurbano\/\",\"name\":\"\",\"description\":\"\",\"publisher\":{\"@id\":\"https:\/\/experienciadevida.com.ar\/portalurbano\/#organization\"},\"potentialAction\":[{\"@type\":\"SearchAction\",\"target\":{\"@type\":\"EntryPoint\",\"urlTemplate\":\"https:\/\/experienciadevida.com.ar\/portalurbano\/?s={search_term_string}\"},\"query-input\":\"required name=search_term_string\"}],\"inLanguage\":\"es\"},{\"@type\":\"Organization\",\"@id\":\"https:\/\/experienciadevida.com.ar\/portalurbano\/#organization\",\"name\":\"Portal Urbano\",\"url\":\"https:\/\/experienciadevida.com.ar\/portalurbano\/\",\"logo\":{\"@type\":\"ImageObject\",\"inLanguage\":\"es\",\"@id\":\"https:\/\/experienciadevida.com.ar\/portalurbano\/#\/schema\/logo\/image\/\",\"url\":\"https:\/\/experienciadevida.com.ar\/portalurbano\/wp-content\/uploads\/2019\/09\/Logo-Original.png\",\"contentUrl\":\"https:\/\/experienciadevida.com.ar\/portalurbano\/wp-content\/uploads\/2019\/09\/Logo-Original.png\",\"width\":2236,\"height\":1216,\"caption\":\"Portal Urbano\"},\"image\":{\"@id\":\"https:\/\/experienciadevida.com.ar\/portalurbano\/#\/schema\/logo\/image\/\"},\"sameAs\":[\"https:\/\/www.facebook.com\/Portal-Urbano-171542830093757\/\",\"https:\/\/twitter.com\/portalurbanook\",\"https:\/\/www.instagram.com\/_portalurbano\/\",\"https:\/\/www.youtube.com\/channel\/UCXhagIfszH8KxFiOok79zbA?view_as=subscriber\"]},{\"@type\":\"Person\",\"@id\":\"https:\/\/experienciadevida.com.ar\/portalurbano\/#\/schema\/person\/02dd326b1c4b056e9cc972486934a3a7\",\"name\":\"admpu17wp\",\"image\":{\"@type\":\"ImageObject\",\"inLanguage\":\"es\",\"@id\":\"https:\/\/experienciadevida.com.ar\/portalurbano\/#\/schema\/person\/image\/\",\"url\":\"https:\/\/secure.gravatar.com\/avatar\/830d4c57adaae6630765e449a6908047?s=96&d=mm&r=g\",\"contentUrl\":\"https:\/\/secure.gravatar.com\/avatar\/830d4c57adaae6630765e449a6908047?s=96&d=mm&r=g\",\"caption\":\"admpu17wp\"}}]}<\/script>\n<!-- \/ Yoast SEO plugin. -->","yoast_head_json":{"title":"Febrero sustentabe en Olavrr\u00eda: Cronograma de charlas","description":"Febrero sustentable en Olavarr\u00eda: Cronograma de charlas, la subsecretaria de desarrollo sustentable dio a conocer el cronograma","robots":{"index":"index","follow":"follow","max-snippet":"max-snippet:-1","max-image-preview":"max-image-preview:large","max-video-preview":"max-video-preview:-1"},"canonical":"https:\/\/experienciadevida.com.ar\/portalurbano\/febrero-sustentable-en-olavarria-cronograma-de-charlas\/","og_locale":"es_ES","og_type":"article","og_title":"Febrero sustentabe en Olavrr\u00eda: Cronograma de charlas","og_description":"Febrero sustentable en Olavarr\u00eda: Cronograma de charlas, la subsecretaria de desarrollo sustentable dio a conocer el cronograma","og_url":"https:\/\/experienciadevida.com.ar\/portalurbano\/febrero-sustentable-en-olavarria-cronograma-de-charlas\/","article_publisher":"https:\/\/www.facebook.com\/Portal-Urbano-171542830093757\/","article_published_time":"2021-01-31T18:41:04+00:00","article_modified_time":"2021-01-31T18:45:21+00:00","og_image":[{"width":1024,"height":368,"url":"https:\/\/experienciadevida.com.ar\/portalurbano\/wp-content\/uploads\/2021\/01\/Febrero-sustentable.jpg","type":"image\/jpeg"}],"author":"admpu17wp","twitter_card":"summary_large_image","twitter_creator":"@portalurbanook","twitter_site":"@portalurbanook","twitter_misc":{"Escrito por":"admpu17wp","Tiempo de lectura":"1 minuto"},"schema":{"@context":"https:\/\/schema.org","@graph":[{"@type":"Article","@id":"https:\/\/experienciadevida.com.ar\/portalurbano\/febrero-sustentable-en-olavarria-cronograma-de-charlas\/#article","isPartOf":{"@id":"https:\/\/experienciadevida.com.ar\/portalurbano\/febrero-sustentable-en-olavarria-cronograma-de-charlas\/"},"author":{"name":"admpu17wp","@id":"https:\/\/experienciadevida.com.ar\/portalurbano\/#\/schema\/person\/02dd326b1c4b056e9cc972486934a3a7"},"headline":"Febrero sustentable en Olavarr\u00eda: Cronograma de charlas","datePublished":"2021-01-31T18:41:04+00:00","dateModified":"2021-01-31T18:45:21+00:00","mainEntityOfPage":{"@id":"https:\/\/experienciadevida.com.ar\/portalurbano\/febrero-sustentable-en-olavarria-cronograma-de-charlas\/"},"wordCount":267,"publisher":{"@id":"https:\/\/experienciadevida.com.ar\/portalurbano\/#organization"},"articleSection":["Ciudad","Destacadas 2"],"inLanguage":"es"},{"@type":"WebPage","@id":"https:\/\/experienciadevida.com.ar\/portalurbano\/febrero-sustentable-en-olavarria-cronograma-de-charlas\/","url":"https:\/\/experienciadevida.com.ar\/portalurbano\/febrero-sustentable-en-olavarria-cronograma-de-charlas\/","name":"Febrero sustentabe en Olavrr\u00eda: Cronograma de charlas","isPartOf":{"@id":"https:\/\/experienciadevida.com.ar\/portalurbano\/#website"},"datePublished":"2021-01-31T18:41:04+00:00","dateModified":"2021-01-31T18:45:21+00:00","description":"Febrero sustentable en Olavarr\u00eda: Cronograma de charlas, la subsecretaria de desarrollo sustentable dio a conocer el cronograma","breadcrumb":{"@id":"https:\/\/experienciadevida.com.ar\/portalurbano\/febrero-sustentable-en-olavarria-cronograma-de-charlas\/#breadcrumb"},"inLanguage":"es","potentialAction":[{"@type":"ReadAction","target":["https:\/\/experienciadevida.com.ar\/portalurbano\/febrero-sustentable-en-olavarria-cronograma-de-charlas\/"]}]},{"@type":"BreadcrumbList","@id":"https:\/\/experienciadevida.com.ar\/portalurbano\/febrero-sustentable-en-olavarria-cronograma-de-charlas\/#breadcrumb","itemListElement":[{"@type":"ListItem","position":1,"name":"Portada","item":"https:\/\/experienciadevida.com.ar\/portalurbano\/"},{"@type":"ListItem","position":2,"name":"Febrero sustentable en Olavarr\u00eda: Cronograma de charlas"}]},{"@type":"WebSite","@id":"https:\/\/experienciadevida.com.ar\/portalurbano\/#website","url":"https:\/\/experienciadevida.com.ar\/portalurbano\/","name":"","description":"","publisher":{"@id":"https:\/\/experienciadevida.com.ar\/portalurbano\/#organization"},"potentialAction":[{"@type":"SearchAction","target":{"@type":"EntryPoint","urlTemplate":"https:\/\/experienciadevida.com.ar\/portalurbano\/?s={search_term_string}"},"query-input":"required name=search_term_string"}],"inLanguage":"es"},{"@type":"Organization","@id":"https:\/\/experienciadevida.com.ar\/portalurbano\/#organization","name":"Portal Urbano","url":"https:\/\/experienciadevida.com.ar\/portalurbano\/","logo":{"@type":"ImageObject","inLanguage":"es","@id":"https:\/\/experienciadevida.com.ar\/portalurbano\/#\/schema\/logo\/image\/","url":"https:\/\/experienciadevida.com.ar\/portalurbano\/wp-content\/uploads\/2019\/09\/Logo-Original.png","contentUrl":"https:\/\/experienciadevida.com.ar\/portalurbano\/wp-content\/uploads\/2019\/09\/Logo-Original.png","width":2236,"height":1216,"caption":"Portal Urbano"},"image":{"@id":"https:\/\/experienciadevida.com.ar\/portalurbano\/#\/schema\/logo\/image\/"},"sameAs":["https:\/\/www.facebook.com\/Portal-Urbano-171542830093757\/","https:\/\/twitter.com\/portalurbanook","https:\/\/www.instagram.com\/_portalurbano\/","https:\/\/www.youtube.com\/channel\/UCXhagIfszH8KxFiOok79zbA?view_as=subscriber"]},{"@type":"Person","@id":"https:\/\/experienciadevida.com.ar\/portalurbano\/#\/schema\/person\/02dd326b1c4b056e9cc972486934a3a7","name":"admpu17wp","image":{"@type":"ImageObject","inLanguage":"es","@id":"https:\/\/experienciadevida.com.ar\/portalurbano\/#\/schema\/person\/image\/","url":"https:\/\/secure.gravatar.com\/avatar\/830d4c57adaae6630765e449a6908047?s=96&d=mm&r=g","contentUrl":"https:\/\/secure.gravatar.com\/avatar\/830d4c57adaae6630765e449a6908047?s=96&d=mm&r=g","caption":"admpu17wp"}}]}},"featured_image_urls":{"full":["https:\/\/experienciadevida.com.ar\/portalurbano\/wp-content\/uploads\/2021\/01\/Febrero-sustentable.jpg",1024,368,false],"thumbnail":["https:\/\/experienciadevida.com.ar\/portalurbano\/wp-content\/uploads\/2021\/01\/Febrero-sustentable-150x150.jpg",150,150,true],"medium":["https:\/\/experienciadevida.com.ar\/portalurbano\/wp-content\/uploads\/2021\/01\/Febrero-sustentable-300x108.jpg",300,108,true],"medium_large":["https:\/\/experienciadevida.com.ar\/portalurbano\/wp-content\/uploads\/2021\/01\/Febrero-sustentable-768x276.jpg",640,230,true],"large":["https:\/\/experienciadevida.com.ar\/portalurbano\/wp-content\/uploads\/2021\/01\/Febrero-sustentable.jpg",640,230,false],"ug_big":["https:\/\/experienciadevida.com.ar\/portalurbano\/wp-content\/uploads\/2021\/01\/Febrero-sustentable-768x276.jpg",768,276,true],"1536x1536":["https:\/\/experienciadevida.com.ar\/portalurbano\/wp-content\/uploads\/2021\/01\/Febrero-sustentable.jpg",1024,368,false],"2048x2048":["https:\/\/experienciadevida.com.ar\/portalurbano\/wp-content\/uploads\/2021\/01\/Febrero-sustentable.jpg",1024,368,false],"newsever-slider-full":["https:\/\/experienciadevida.com.ar\/portalurbano\/wp-content\/uploads\/2021\/01\/Febrero-sustentable.jpg",1024,368,false],"newsever-featured":["https:\/\/experienciadevida.com.ar\/portalurbano\/wp-content\/uploads\/2021\/01\/Febrero-sustentable.jpg",1024,368,false],"newsever-medium":["https:\/\/experienciadevida.com.ar\/portalurbano\/wp-content\/uploads\/2021\/01\/Febrero-sustentable.jpg",720,259,false],"web-stories-poster-portrait":["https:\/\/experienciadevida.com.ar\/portalurbano\/wp-content\/uploads\/2021\/01\/Febrero-sustentable.jpg",640,230,false],"web-stories-publisher-logo":["https:\/\/experienciadevida.com.ar\/portalurbano\/wp-content\/uploads\/2021\/01\/Febrero-sustentable.jpg",96,35,false],"web-stories-thumbnail":["https:\/\/experienciadevida.com.ar\/portalurbano\/wp-content\/uploads\/2021\/01\/Febrero-sustentable.jpg",150,54,false]},"author_info":{"display_name":"admpu17wp","author_link":"https:\/\/experienciadevida.com.ar\/portalurbano\/author\/admpu17wp\/"},"category_info":"<a href=\"https:\/\/experienciadevida.com.ar\/portalurbano\/category\/ciudad\/\" rel=\"category tag\">Ciudad<\/a> <a href=\"https:\/\/experienciadevida.com.ar\/portalurbano\/category\/destacadas-2\/\" rel=\"category tag\">Destacadas 2<\/a>","tag_info":"Destacadas 2","comment_count":"0","amp_enabled":true,"_links":{"self":[{"href":"https:\/\/experienciadevida.com.ar\/portalurbano\/wp-json\/wp\/v2\/posts\/133909"}],"collection":[{"href":"https:\/\/experienciadevida.com.ar\/portalurbano\/wp-json\/wp\/v2\/posts"}],"about":[{"href":"https:\/\/experienciadevida.com.ar\/portalurbano\/wp-json\/wp\/v2\/types\/post"}],"author":[{"embeddable":true,"href":"https:\/\/experienciadevida.com.ar\/portalurbano\/wp-json\/wp\/v2\/users\/1"}],"replies":[{"embeddable":true,"href":"https:\/\/experienciadevida.com.ar\/portalurbano\/wp-json\/wp\/v2\/comments?post=133909"}],"version-history":[{"count":1,"href":"https:\/\/experienciadevida.com.ar\/portalurbano\/wp-json\/wp\/v2\/posts\/133909\/revisions"}],"predecessor-version":[{"id":133913,"href":"https:\/\/experienciadevida.com.ar\/portalurbano\/wp-json\/wp\/v2\/posts\/133909\/revisions\/133913"}],"wp:featuredmedia":[{"embeddable":true,"href":"https:\/\/experienciadevida.com.ar\/portalurbano\/wp-json\/wp\/v2\/media\/133912"}],"wp:attachment":[{"href":"https:\/\/experienciadevida.com.ar\/portalurbano\/wp-json\/wp\/v2\/media?parent=133909"}],"wp:term":[{"taxonomy":"category","embeddable":true,"href":"https:\/\/experienciadevida.com.ar\/portalurbano\/wp-json\/wp\/v2\/categories?post=133909"},{"taxonomy":"post_tag","embeddable":true,"href":"https:\/\/experienciadevida.com.ar\/portalurbano\/wp-json\/wp\/v2\/tags?post=133909"}],"curies":[{"name":"wp","href":"https:\/\/api.w.org\/{rel}","templated":true}]}}