{"id":133883,"date":"2021-01-31T12:35:39","date_gmt":"2021-01-31T15:35:39","guid":{"rendered":"https:\/\/experienciadevida.com.ar\/portalurbano\/?p=133883"},"modified":"2021-01-31T12:37:54","modified_gmt":"2021-01-31T15:37:54","slug":"schwindt-sobre-los-dichos-de-jorge-macri-lo-que-llamas-uso-politico-no-es-otra-cosa-que-ayuda-y-colaboracion","status":"publish","type":"post","link":"https:\/\/experienciadevida.com.ar\/portalurbano\/schwindt-sobre-los-dichos-de-jorge-macri-lo-que-llamas-uso-politico-no-es-otra-cosa-que-ayuda-y-colaboracion\/","title":{"rendered":"Schwindt sobre los dichos de Jorge Macri: &#8220;Lo que llamas uso pol\u00edtico no es otra cosa que ayuda y colaboraci\u00f3n&#8221;"},"content":{"rendered":"<p>Schwindt sobre los dichos de Jorge Macri: &#8220;Lo que llamas uso pol\u00edtico no es otra cosa que ayuda y colaboraci\u00f3n&#8221;. El Intendente del Partido de Vicente L\u00f3pez, el d\u00eda viernes emiti\u00f3 un comunicado sobre el plan de vacunaci\u00f3n del Gobierno Nacional, por lo que la Diputada Liliana Schwindt le respondi\u00f3 a trav\u00e9s de la red social <a href=\"https:\/\/twitter.com\/home\">Twitter<\/a>.<\/p>\n<p>El Intendente del Partido de Vicente L\u00f3pez, repudi\u00f3 d\u00edas atr\u00e1s a la utilizaci\u00f3n partidaria de la campa\u00f1a de vacunaci\u00f3n contra el Covid-19, en el mismo mencionaba que <em>&#8220;estamos atravesando un momento muy delicado, y buscando continuamente acuerdos que nos permitan salir adelante\u00a0 \u00a0y seguir haci\u00e9ndole frente al Covid-19. Desde nuestro rol como Intendentes, funcionarios, Diputados, senadores, concejales y dirigentes estamos comprometidos con proteger a nuestra comunidad a trav\u00e9s de las Instituciones p\u00fablicas que hoy nos toca liderar y de manera cooperativa con las que nos rodean&#8221;.<\/em><\/p>\n<p><em>&#8220;En ese\u00a0 sentido, no compartimos el uso pol\u00edtico, partidario y militante de la campa\u00f1a de vacunaci\u00f3n contra el Covid-19 que llevan adelante algunos dirigentes del Frente de Todos, en un proceso que deber\u00eda ser pura y exclusivamente de responsabilidad estatal en sus tres niveles de Gobierno: Nacional-Provincial y Municipal&#8221;.<\/em><\/p>\n<p>El Comunicado continuaba <em>&#8220;en los \u00faltimos d\u00edas hemos observado convocatorias y difusi\u00f3n de materiales digitales, gr\u00e1ficos y colocaci\u00f3n de mesas partidarias en algunos Municipios de la Provincia, con tono militante y en nombre del Frente de Todos y de pol\u00edticos que forman parte de sus agrupaciones internas. Esto contradice el esp\u00edritu de una campa\u00f1a de vacunci\u00f3n que debe ser institucional, una pol\u00edtica de Estado sin bander\u00edas partidarias y gestionada por personal id\u00f3neo&#8221;.<\/em><\/p>\n<p><em>&#8220;Los tres niveles del Estado cuentan con las herramientas necesarias para acompa\u00f1ar a las familias que no tienen acceso a la informaci\u00f3n necesaria. En este esquema los partidos pol\u00edticos deben cumplir otro rol en la democracia Argentina, y no debemos confundir el trabajo que realiza el Estado con la militancia pol\u00edtica. Consideramos una falta de respeto a la Institucionalidad las declaraciones que hizo el Jefe de Gabinete Bonaerense, Carlos Bianco, apoyando abiertamente este tipo de acciones. No s\u00f3lo son graves porque atentan contra el rol de las Instituciones sino que tambi\u00e9n generan confusi\u00f3n en una sociedad en la que es de extrema necesidad llevar claridad y buena informaci\u00f3n sobre el tema vacunas&#8221;.<\/em><\/p>\n<p>Al finalizar el comunicado dice<em> &#8220;no vamos a mirar para otro lado, ante situaciones como esta porque desnaturalizan el sentido\u00a0 y el objetivo del plan de vacunaci\u00f3n. De m\u00e1s est\u00e1 decir que nuestro compromiso es en cada vecino de nuestros Distritos y nos van a encontrar en todo momento dispuestos a trabajar codo a codo con la Provincia y Naci\u00f3n para ponerle fin a esta situaci\u00f3n inesperada&#8221;.<\/em><\/p>\n<p>Ante esto, la Diputada\u00a0 Liliana Schwindt le respondi\u00f3 a trav\u00e9s de las redes sociales <em>&#8220;lo que llamas uso pol\u00edtico no es otra cosa que ayuda y colaboraci\u00f3n. El mundo visto desde tu \u00f3ptica distorsiona la realidad. Personas sin internet, que no saben utilizar la web, gente que no tiene un familiar que les haga el tr\u00e1mite&#8221;.<\/em><\/p>\n<p><em>&#8220;Como no vas a pensar en el abuso si durante 4 a\u00f1os fuiste Intendente y Presidente del grupo provincia. Estas muy errado, inscribimos en locales partidarios porque sabemos que mucha gente no puede acceder a hacerlo y queremos colaborar. Ustedes podr\u00edan hacerlo tambi\u00e9n en lugar de criticar&#8221;.\u00a0<\/em><\/p>\n<p>Finaliz\u00f3 diciendo &#8220;<em>l\u00f3gico que el mundo visto desde tu lugar aprovechador de la pol\u00edtica te hace pensar en que la utilizaci\u00f3n y abuso en lugar de la solidaridad. El ladr\u00f3n piensa que son todos de su condici\u00f3n ya lo eh dicho todo&#8221;.\u00a0<\/em><\/p>\n","protected":false},"excerpt":{"rendered":"<p>Schwindt sobre los dichos de Jorge Macri: &#8220;Lo que llamas uso pol\u00edtico no es otra&#8230;<\/p>\n","protected":false},"author":1,"featured_media":101321,"comment_status":"closed","ping_status":"closed","sticky":false,"template":"","format":"standard","meta":{"content-type":""},"categories":[64,43],"tags":[],"nelio_content":{"isAutoShareEnabled":false,"autoShareEndMode":"default","automationSources":{"useContentSentences":true,"useSocialTemplates":true,"useCustomSentences":false,"customSentences":[]},"followers":[1],"suggestedReferences":[],"includedReferences":[],"efiUrl":"","efiAlt":"","highlights":[]},"yoast_head":"<!-- This site is optimized with the Yoast SEO plugin v20.7 - https:\/\/yoast.com\/wordpress\/plugins\/seo\/ -->\n<title>Schwindt sobre los dichos de Jorge Macri: &quot;Lo que llamas uso pol\u00edtico&quot;<\/title>\n<meta name=\"description\" content=\"Schwindt sobre los dichos de Jorge Macri: &quot;Lo que llamas uso pol\u00edtico no es otra cosa que ayuda y colaboraci\u00f3n&quot;, a trav\u00e9s de las redes.\" \/>\n<meta name=\"robots\" content=\"index, follow, max-snippet:-1, max-image-preview:large, max-video-preview:-1\" \/>\n<link rel=\"canonical\" href=\"https:\/\/experienciadevida.com.ar\/portalurbano\/schwindt-sobre-los-dichos-de-jorge-macri-lo-que-llamas-uso-politico-no-es-otra-cosa-que-ayuda-y-colaboracion\/\" \/>\n<meta property=\"og:locale\" content=\"es_ES\" \/>\n<meta property=\"og:type\" content=\"article\" \/>\n<meta property=\"og:title\" content=\"Schwindt sobre los dichos de Jorge Macri: &quot;Lo que llamas uso pol\u00edtico&quot;\" \/>\n<meta property=\"og:description\" content=\"Schwindt sobre los dichos de Jorge Macri: &quot;Lo que llamas uso pol\u00edtico no es otra cosa que ayuda y colaboraci\u00f3n&quot;, a trav\u00e9s de las redes.\" \/>\n<meta property=\"og:url\" content=\"https:\/\/experienciadevida.com.ar\/portalurbano\/schwindt-sobre-los-dichos-de-jorge-macri-lo-que-llamas-uso-politico-no-es-otra-cosa-que-ayuda-y-colaboracion\/\" \/>\n<meta property=\"article:publisher\" content=\"https:\/\/www.facebook.com\/Portal-Urbano-171542830093757\/\" \/>\n<meta property=\"article:published_time\" content=\"2021-01-31T15:35:39+00:00\" \/>\n<meta property=\"article:modified_time\" content=\"2021-01-31T15:37:54+00:00\" \/>\n<meta property=\"og:image\" content=\"https:\/\/experienciadevida.com.ar\/portalurbano\/wp-content\/uploads\/2020\/02\/LILIANASCHINDWT.jpg\" \/>\n\t<meta property=\"og:image:width\" content=\"955\" \/>\n\t<meta property=\"og:image:height\" content=\"556\" \/>\n\t<meta property=\"og:image:type\" content=\"image\/jpeg\" \/>\n<meta name=\"author\" content=\"admpu17wp\" \/>\n<meta name=\"twitter:card\" content=\"summary_large_image\" \/>\n<meta name=\"twitter:creator\" content=\"@portalurbanook\" \/>\n<meta name=\"twitter:site\" content=\"@portalurbanook\" \/>\n<meta name=\"twitter:label1\" content=\"Escrito por\" \/>\n\t<meta name=\"twitter:data1\" content=\"admpu17wp\" \/>\n\t<meta name=\"twitter:label2\" content=\"Tiempo de lectura\" \/>\n\t<meta name=\"twitter:data2\" content=\"3 minutos\" \/>\n<script type=\"application\/ld+json\" class=\"yoast-schema-graph\">{\"@context\":\"https:\/\/schema.org\",\"@graph\":[{\"@type\":\"Article\",\"@id\":\"https:\/\/experienciadevida.com.ar\/portalurbano\/schwindt-sobre-los-dichos-de-jorge-macri-lo-que-llamas-uso-politico-no-es-otra-cosa-que-ayuda-y-colaboracion\/#article\",\"isPartOf\":{\"@id\":\"https:\/\/experienciadevida.com.ar\/portalurbano\/schwindt-sobre-los-dichos-de-jorge-macri-lo-que-llamas-uso-politico-no-es-otra-cosa-que-ayuda-y-colaboracion\/\"},\"author\":{\"name\":\"admpu17wp\",\"@id\":\"https:\/\/experienciadevida.com.ar\/portalurbano\/#\/schema\/person\/02dd326b1c4b056e9cc972486934a3a7\"},\"headline\":\"Schwindt sobre los dichos de Jorge Macri: &#8220;Lo que llamas uso pol\u00edtico no es otra cosa que ayuda y colaboraci\u00f3n&#8221;\",\"datePublished\":\"2021-01-31T15:35:39+00:00\",\"dateModified\":\"2021-01-31T15:37:54+00:00\",\"mainEntityOfPage\":{\"@id\":\"https:\/\/experienciadevida.com.ar\/portalurbano\/schwindt-sobre-los-dichos-de-jorge-macri-lo-que-llamas-uso-politico-no-es-otra-cosa-que-ayuda-y-colaboracion\/\"},\"wordCount\":663,\"publisher\":{\"@id\":\"https:\/\/experienciadevida.com.ar\/portalurbano\/#organization\"},\"articleSection\":[\"Destacadas 2\",\"Pol\u00edtica\"],\"inLanguage\":\"es\"},{\"@type\":\"WebPage\",\"@id\":\"https:\/\/experienciadevida.com.ar\/portalurbano\/schwindt-sobre-los-dichos-de-jorge-macri-lo-que-llamas-uso-politico-no-es-otra-cosa-que-ayuda-y-colaboracion\/\",\"url\":\"https:\/\/experienciadevida.com.ar\/portalurbano\/schwindt-sobre-los-dichos-de-jorge-macri-lo-que-llamas-uso-politico-no-es-otra-cosa-que-ayuda-y-colaboracion\/\",\"name\":\"Schwindt sobre los dichos de Jorge Macri: \\\"Lo que llamas uso pol\u00edtico\\\"\",\"isPartOf\":{\"@id\":\"https:\/\/experienciadevida.com.ar\/portalurbano\/#website\"},\"datePublished\":\"2021-01-31T15:35:39+00:00\",\"dateModified\":\"2021-01-31T15:37:54+00:00\",\"description\":\"Schwindt sobre los dichos de Jorge Macri: \\\"Lo que llamas uso pol\u00edtico no es otra cosa que ayuda y colaboraci\u00f3n\\\", a trav\u00e9s de las redes.\",\"breadcrumb\":{\"@id\":\"https:\/\/experienciadevida.com.ar\/portalurbano\/schwindt-sobre-los-dichos-de-jorge-macri-lo-que-llamas-uso-politico-no-es-otra-cosa-que-ayuda-y-colaboracion\/#breadcrumb\"},\"inLanguage\":\"es\",\"potentialAction\":[{\"@type\":\"ReadAction\",\"target\":[\"https:\/\/experienciadevida.com.ar\/portalurbano\/schwindt-sobre-los-dichos-de-jorge-macri-lo-que-llamas-uso-politico-no-es-otra-cosa-que-ayuda-y-colaboracion\/\"]}]},{\"@type\":\"BreadcrumbList\",\"@id\":\"https:\/\/experienciadevida.com.ar\/portalurbano\/schwindt-sobre-los-dichos-de-jorge-macri-lo-que-llamas-uso-politico-no-es-otra-cosa-que-ayuda-y-colaboracion\/#breadcrumb\",\"itemListElement\":[{\"@type\":\"ListItem\",\"position\":1,\"name\":\"Portada\",\"item\":\"https:\/\/experienciadevida.com.ar\/portalurbano\/\"},{\"@type\":\"ListItem\",\"position\":2,\"name\":\"Schwindt sobre los dichos de Jorge Macri: \u00abLo que llamas uso pol\u00edtico no es otra cosa que ayuda y colaboraci\u00f3n\u00bb\"}]},{\"@type\":\"WebSite\",\"@id\":\"https:\/\/experienciadevida.com.ar\/portalurbano\/#website\",\"url\":\"https:\/\/experienciadevida.com.ar\/portalurbano\/\",\"name\":\"\",\"description\":\"\",\"publisher\":{\"@id\":\"https:\/\/experienciadevida.com.ar\/portalurbano\/#organization\"},\"potentialAction\":[{\"@type\":\"SearchAction\",\"target\":{\"@type\":\"EntryPoint\",\"urlTemplate\":\"https:\/\/experienciadevida.com.ar\/portalurbano\/?s={search_term_string}\"},\"query-input\":\"required name=search_term_string\"}],\"inLanguage\":\"es\"},{\"@type\":\"Organization\",\"@id\":\"https:\/\/experienciadevida.com.ar\/portalurbano\/#organization\",\"name\":\"Portal Urbano\",\"url\":\"https:\/\/experienciadevida.com.ar\/portalurbano\/\",\"logo\":{\"@type\":\"ImageObject\",\"inLanguage\":\"es\",\"@id\":\"https:\/\/experienciadevida.com.ar\/portalurbano\/#\/schema\/logo\/image\/\",\"url\":\"https:\/\/experienciadevida.com.ar\/portalurbano\/wp-content\/uploads\/2019\/09\/Logo-Original.png\",\"contentUrl\":\"https:\/\/experienciadevida.com.ar\/portalurbano\/wp-content\/uploads\/2019\/09\/Logo-Original.png\",\"width\":2236,\"height\":1216,\"caption\":\"Portal Urbano\"},\"image\":{\"@id\":\"https:\/\/experienciadevida.com.ar\/portalurbano\/#\/schema\/logo\/image\/\"},\"sameAs\":[\"https:\/\/www.facebook.com\/Portal-Urbano-171542830093757\/\",\"https:\/\/twitter.com\/portalurbanook\",\"https:\/\/www.instagram.com\/_portalurbano\/\",\"https:\/\/www.youtube.com\/channel\/UCXhagIfszH8KxFiOok79zbA?view_as=subscriber\"]},{\"@type\":\"Person\",\"@id\":\"https:\/\/experienciadevida.com.ar\/portalurbano\/#\/schema\/person\/02dd326b1c4b056e9cc972486934a3a7\",\"name\":\"admpu17wp\",\"image\":{\"@type\":\"ImageObject\",\"inLanguage\":\"es\",\"@id\":\"https:\/\/experienciadevida.com.ar\/portalurbano\/#\/schema\/person\/image\/\",\"url\":\"https:\/\/secure.gravatar.com\/avatar\/830d4c57adaae6630765e449a6908047?s=96&d=mm&r=g\",\"contentUrl\":\"https:\/\/secure.gravatar.com\/avatar\/830d4c57adaae6630765e449a6908047?s=96&d=mm&r=g\",\"caption\":\"admpu17wp\"}}]}<\/script>\n<!-- \/ Yoast SEO plugin. -->","yoast_head_json":{"title":"Schwindt sobre los dichos de Jorge Macri: \"Lo que llamas uso pol\u00edtico\"","description":"Schwindt sobre los dichos de Jorge Macri: \"Lo que llamas uso pol\u00edtico no es otra cosa que ayuda y colaboraci\u00f3n\", a trav\u00e9s de las redes.","robots":{"index":"index","follow":"follow","max-snippet":"max-snippet:-1","max-image-preview":"max-image-preview:large","max-video-preview":"max-video-preview:-1"},"canonical":"https:\/\/experienciadevida.com.ar\/portalurbano\/schwindt-sobre-los-dichos-de-jorge-macri-lo-que-llamas-uso-politico-no-es-otra-cosa-que-ayuda-y-colaboracion\/","og_locale":"es_ES","og_type":"article","og_title":"Schwindt sobre los dichos de Jorge Macri: \"Lo que llamas uso pol\u00edtico\"","og_description":"Schwindt sobre los dichos de Jorge Macri: \"Lo que llamas uso pol\u00edtico no es otra cosa que ayuda y colaboraci\u00f3n\", a trav\u00e9s de las redes.","og_url":"https:\/\/experienciadevida.com.ar\/portalurbano\/schwindt-sobre-los-dichos-de-jorge-macri-lo-que-llamas-uso-politico-no-es-otra-cosa-que-ayuda-y-colaboracion\/","article_publisher":"https:\/\/www.facebook.com\/Portal-Urbano-171542830093757\/","article_published_time":"2021-01-31T15:35:39+00:00","article_modified_time":"2021-01-31T15:37:54+00:00","og_image":[{"width":955,"height":556,"url":"https:\/\/experienciadevida.com.ar\/portalurbano\/wp-content\/uploads\/2020\/02\/LILIANASCHINDWT.jpg","type":"image\/jpeg"}],"author":"admpu17wp","twitter_card":"summary_large_image","twitter_creator":"@portalurbanook","twitter_site":"@portalurbanook","twitter_misc":{"Escrito por":"admpu17wp","Tiempo de lectura":"3 minutos"},"schema":{"@context":"https:\/\/schema.org","@graph":[{"@type":"Article","@id":"https:\/\/experienciadevida.com.ar\/portalurbano\/schwindt-sobre-los-dichos-de-jorge-macri-lo-que-llamas-uso-politico-no-es-otra-cosa-que-ayuda-y-colaboracion\/#article","isPartOf":{"@id":"https:\/\/experienciadevida.com.ar\/portalurbano\/schwindt-sobre-los-dichos-de-jorge-macri-lo-que-llamas-uso-politico-no-es-otra-cosa-que-ayuda-y-colaboracion\/"},"author":{"name":"admpu17wp","@id":"https:\/\/experienciadevida.com.ar\/portalurbano\/#\/schema\/person\/02dd326b1c4b056e9cc972486934a3a7"},"headline":"Schwindt sobre los dichos de Jorge Macri: &#8220;Lo que llamas uso pol\u00edtico no es otra cosa que ayuda y colaboraci\u00f3n&#8221;","datePublished":"2021-01-31T15:35:39+00:00","dateModified":"2021-01-31T15:37:54+00:00","mainEntityOfPage":{"@id":"https:\/\/experienciadevida.com.ar\/portalurbano\/schwindt-sobre-los-dichos-de-jorge-macri-lo-que-llamas-uso-politico-no-es-otra-cosa-que-ayuda-y-colaboracion\/"},"wordCount":663,"publisher":{"@id":"https:\/\/experienciadevida.com.ar\/portalurbano\/#organization"},"articleSection":["Destacadas 2","Pol\u00edtica"],"inLanguage":"es"},{"@type":"WebPage","@id":"https:\/\/experienciadevida.com.ar\/portalurbano\/schwindt-sobre-los-dichos-de-jorge-macri-lo-que-llamas-uso-politico-no-es-otra-cosa-que-ayuda-y-colaboracion\/","url":"https:\/\/experienciadevida.com.ar\/portalurbano\/schwindt-sobre-los-dichos-de-jorge-macri-lo-que-llamas-uso-politico-no-es-otra-cosa-que-ayuda-y-colaboracion\/","name":"Schwindt sobre los dichos de Jorge Macri: \"Lo que llamas uso pol\u00edtico\"","isPartOf":{"@id":"https:\/\/experienciadevida.com.ar\/portalurbano\/#website"},"datePublished":"2021-01-31T15:35:39+00:00","dateModified":"2021-01-31T15:37:54+00:00","description":"Schwindt sobre los dichos de Jorge Macri: \"Lo que llamas uso pol\u00edtico no es otra cosa que ayuda y colaboraci\u00f3n\", a trav\u00e9s de las redes.","breadcrumb":{"@id":"https:\/\/experienciadevida.com.ar\/portalurbano\/schwindt-sobre-los-dichos-de-jorge-macri-lo-que-llamas-uso-politico-no-es-otra-cosa-que-ayuda-y-colaboracion\/#breadcrumb"},"inLanguage":"es","potentialAction":[{"@type":"ReadAction","target":["https:\/\/experienciadevida.com.ar\/portalurbano\/schwindt-sobre-los-dichos-de-jorge-macri-lo-que-llamas-uso-politico-no-es-otra-cosa-que-ayuda-y-colaboracion\/"]}]},{"@type":"BreadcrumbList","@id":"https:\/\/experienciadevida.com.ar\/portalurbano\/schwindt-sobre-los-dichos-de-jorge-macri-lo-que-llamas-uso-politico-no-es-otra-cosa-que-ayuda-y-colaboracion\/#breadcrumb","itemListElement":[{"@type":"ListItem","position":1,"name":"Portada","item":"https:\/\/experienciadevida.com.ar\/portalurbano\/"},{"@type":"ListItem","position":2,"name":"Schwindt sobre los dichos de Jorge Macri: \u00abLo que llamas uso pol\u00edtico no es otra cosa que ayuda y colaboraci\u00f3n\u00bb"}]},{"@type":"WebSite","@id":"https:\/\/experienciadevida.com.ar\/portalurbano\/#website","url":"https:\/\/experienciadevida.com.ar\/portalurbano\/","name":"","description":"","publisher":{"@id":"https:\/\/experienciadevida.com.ar\/portalurbano\/#organization"},"potentialAction":[{"@type":"SearchAction","target":{"@type":"EntryPoint","urlTemplate":"https:\/\/experienciadevida.com.ar\/portalurbano\/?s={search_term_string}"},"query-input":"required name=search_term_string"}],"inLanguage":"es"},{"@type":"Organization","@id":"https:\/\/experienciadevida.com.ar\/portalurbano\/#organization","name":"Portal Urbano","url":"https:\/\/experienciadevida.com.ar\/portalurbano\/","logo":{"@type":"ImageObject","inLanguage":"es","@id":"https:\/\/experienciadevida.com.ar\/portalurbano\/#\/schema\/logo\/image\/","url":"https:\/\/experienciadevida.com.ar\/portalurbano\/wp-content\/uploads\/2019\/09\/Logo-Original.png","contentUrl":"https:\/\/experienciadevida.com.ar\/portalurbano\/wp-content\/uploads\/2019\/09\/Logo-Original.png","width":2236,"height":1216,"caption":"Portal Urbano"},"image":{"@id":"https:\/\/experienciadevida.com.ar\/portalurbano\/#\/schema\/logo\/image\/"},"sameAs":["https:\/\/www.facebook.com\/Portal-Urbano-171542830093757\/","https:\/\/twitter.com\/portalurbanook","https:\/\/www.instagram.com\/_portalurbano\/","https:\/\/www.youtube.com\/channel\/UCXhagIfszH8KxFiOok79zbA?view_as=subscriber"]},{"@type":"Person","@id":"https:\/\/experienciadevida.com.ar\/portalurbano\/#\/schema\/person\/02dd326b1c4b056e9cc972486934a3a7","name":"admpu17wp","image":{"@type":"ImageObject","inLanguage":"es","@id":"https:\/\/experienciadevida.com.ar\/portalurbano\/#\/schema\/person\/image\/","url":"https:\/\/secure.gravatar.com\/avatar\/830d4c57adaae6630765e449a6908047?s=96&d=mm&r=g","contentUrl":"https:\/\/secure.gravatar.com\/avatar\/830d4c57adaae6630765e449a6908047?s=96&d=mm&r=g","caption":"admpu17wp"}}]}},"featured_image_urls":{"full":["https:\/\/experienciadevida.com.ar\/portalurbano\/wp-content\/uploads\/2020\/02\/LILIANASCHINDWT.jpg",955,556,false],"thumbnail":["https:\/\/experienciadevida.com.ar\/portalurbano\/wp-content\/uploads\/2020\/02\/LILIANASCHINDWT-150x150.jpg",150,150,true],"medium":["https:\/\/experienciadevida.com.ar\/portalurbano\/wp-content\/uploads\/2020\/02\/LILIANASCHINDWT-300x175.jpg",300,175,true],"medium_large":["https:\/\/experienciadevida.com.ar\/portalurbano\/wp-content\/uploads\/2020\/02\/LILIANASCHINDWT-768x447.jpg",640,373,true],"large":["https:\/\/experienciadevida.com.ar\/portalurbano\/wp-content\/uploads\/2020\/02\/LILIANASCHINDWT.jpg",640,373,false],"ug_big":["https:\/\/experienciadevida.com.ar\/portalurbano\/wp-content\/uploads\/2020\/02\/LILIANASCHINDWT-768x447.jpg",768,447,true],"1536x1536":["https:\/\/experienciadevida.com.ar\/portalurbano\/wp-content\/uploads\/2020\/02\/LILIANASCHINDWT.jpg",955,556,false],"2048x2048":["https:\/\/experienciadevida.com.ar\/portalurbano\/wp-content\/uploads\/2020\/02\/LILIANASCHINDWT.jpg",955,556,false],"newsever-slider-full":["https:\/\/experienciadevida.com.ar\/portalurbano\/wp-content\/uploads\/2020\/02\/LILIANASCHINDWT.jpg",955,556,false],"newsever-featured":["https:\/\/experienciadevida.com.ar\/portalurbano\/wp-content\/uploads\/2020\/02\/LILIANASCHINDWT.jpg",955,556,false],"newsever-medium":["https:\/\/experienciadevida.com.ar\/portalurbano\/wp-content\/uploads\/2020\/02\/LILIANASCHINDWT.jpg",720,419,false],"web-stories-poster-portrait":["https:\/\/experienciadevida.com.ar\/portalurbano\/wp-content\/uploads\/2020\/02\/LILIANASCHINDWT.jpg",640,373,false],"web-stories-publisher-logo":["https:\/\/experienciadevida.com.ar\/portalurbano\/wp-content\/uploads\/2020\/02\/LILIANASCHINDWT.jpg",96,56,false],"web-stories-thumbnail":["https:\/\/experienciadevida.com.ar\/portalurbano\/wp-content\/uploads\/2020\/02\/LILIANASCHINDWT.jpg",150,87,false]},"author_info":{"display_name":"admpu17wp","author_link":"https:\/\/experienciadevida.com.ar\/portalurbano\/author\/admpu17wp\/"},"category_info":"<a href=\"https:\/\/experienciadevida.com.ar\/portalurbano\/category\/destacadas-2\/\" rel=\"category tag\">Destacadas 2<\/a> <a href=\"https:\/\/experienciadevida.com.ar\/portalurbano\/category\/politica\/\" rel=\"category tag\">Pol\u00edtica<\/a>","tag_info":"Pol\u00edtica","comment_count":"0","amp_enabled":true,"_links":{"self":[{"href":"https:\/\/experienciadevida.com.ar\/portalurbano\/wp-json\/wp\/v2\/posts\/133883"}],"collection":[{"href":"https:\/\/experienciadevida.com.ar\/portalurbano\/wp-json\/wp\/v2\/posts"}],"about":[{"href":"https:\/\/experienciadevida.com.ar\/portalurbano\/wp-json\/wp\/v2\/types\/post"}],"author":[{"embeddable":true,"href":"https:\/\/experienciadevida.com.ar\/portalurbano\/wp-json\/wp\/v2\/users\/1"}],"replies":[{"embeddable":true,"href":"https:\/\/experienciadevida.com.ar\/portalurbano\/wp-json\/wp\/v2\/comments?post=133883"}],"version-history":[{"count":3,"href":"https:\/\/experienciadevida.com.ar\/portalurbano\/wp-json\/wp\/v2\/posts\/133883\/revisions"}],"predecessor-version":[{"id":133886,"href":"https:\/\/experienciadevida.com.ar\/portalurbano\/wp-json\/wp\/v2\/posts\/133883\/revisions\/133886"}],"wp:featuredmedia":[{"embeddable":true,"href":"https:\/\/experienciadevida.com.ar\/portalurbano\/wp-json\/wp\/v2\/media\/101321"}],"wp:attachment":[{"href":"https:\/\/experienciadevida.com.ar\/portalurbano\/wp-json\/wp\/v2\/media?parent=133883"}],"wp:term":[{"taxonomy":"category","embeddable":true,"href":"https:\/\/experienciadevida.com.ar\/portalurbano\/wp-json\/wp\/v2\/categories?post=133883"},{"taxonomy":"post_tag","embeddable":true,"href":"https:\/\/experienciadevida.com.ar\/portalurbano\/wp-json\/wp\/v2\/tags?post=133883"}],"curies":[{"name":"wp","href":"https:\/\/api.w.org\/{rel}","templated":true}]}}