{"id":133842,"date":"2021-01-30T12:05:06","date_gmt":"2021-01-30T15:05:06","guid":{"rendered":"https:\/\/experienciadevida.com.ar\/portalurbano\/?p=133842"},"modified":"2021-01-30T12:16:12","modified_gmt":"2021-01-30T15:16:12","slug":"aprehendieron-a-un-joven-tras-una-confrontacion-vecinal-que-termino-con-una-mujer-herida","status":"publish","type":"post","link":"https:\/\/experienciadevida.com.ar\/portalurbano\/aprehendieron-a-un-joven-tras-una-confrontacion-vecinal-que-termino-con-una-mujer-herida\/","title":{"rendered":"Aprehendieron a un joven tras una confrontaci\u00f3n vecinal que termin\u00f3 con una mujer herida"},"content":{"rendered":"<p>Aprehendieron a un joven tras una confrontaci\u00f3n vecinal que termin\u00f3 con una mujer herida. El Personal policial a ra\u00edz de un llamado al 911 se dirigi\u00f3 hacia la calle Aguilar y 14, donde habr\u00eda una confrontaci\u00f3n vecinal y detonaciones de arma de fuego.<\/p>\n<p>Al llegar al lugar, observan a varias personas confrontando quienes ante la presencia policial arremeten contra los uniformados arrojando piedras y disparos de arma de fuego. Las personas logran disuadir la situaci\u00f3n\u00a0 y se dan a la fuga por las v\u00edas del ferrocarril.<\/p>\n<p>La polic\u00eda se retira del lugar pero minutos m\u00e1s tarde reciben nuevamente un llamado donde se dirigen nuevamente constatando que una mujer presentaba una herida de proyectil de arma de fuego en la zona de la espalda, siendo trasladada hacia el Hospital por su hijo.<\/p>\n<p>Por los testimonios que pudieron recabar refieren que dos personas con armas largas, desde arriba de la v\u00eda, efectuaron varios disparos hacia los domicilios de la calle Aguilar y 14.<\/p>\n<p>Se efect\u00faan recorridas por Pringles y 14, logr\u00e1ndose la aprehensi\u00f3n de un joven de 20 a\u00f1os de edad quien qued\u00f3 alojado en la comisar\u00eda segunda a disposici\u00f3n del Juzgado interviniente.<\/p>\n<p>Se inici\u00f3 una causa por &#8220;abuso de armas y lesiones&#8221;, con intervenci\u00f3n de la UFI n\u00b017.<\/p>\n","protected":false},"excerpt":{"rendered":"<p>Aprehendieron a un joven tras una confrontaci\u00f3n vecinal que termin\u00f3 con una mujer herida. El&#8230;<\/p>\n","protected":false},"author":1,"featured_media":133843,"comment_status":"closed","ping_status":"closed","sticky":false,"template":"","format":"standard","meta":{"content-type":""},"categories":[51,40],"tags":[],"nelio_content":{"isAutoShareEnabled":false,"autoShareEndMode":"default","automationSources":{"useContentSentences":true,"useSocialTemplates":true,"useCustomSentences":false,"customSentences":[]},"followers":[1],"suggestedReferences":[],"includedReferences":[],"efiUrl":"","efiAlt":"","highlights":[]},"yoast_head":"<!-- This site is optimized with the Yoast SEO plugin v20.7 - https:\/\/yoast.com\/wordpress\/plugins\/seo\/ -->\n<title>Aprehendieron a un joven tras una confrontaci\u00f3n vecinal<\/title>\n<meta name=\"description\" content=\"Aprehendieron a un joven tras una confrontaci\u00f3n vecinal que termin\u00f3 con una mujer herida, fue trasladada hacia el Hospital Municipal.\" \/>\n<meta name=\"robots\" content=\"index, follow, max-snippet:-1, max-image-preview:large, max-video-preview:-1\" \/>\n<link rel=\"canonical\" href=\"https:\/\/experienciadevida.com.ar\/portalurbano\/aprehendieron-a-un-joven-tras-una-confrontacion-vecinal-que-termino-con-una-mujer-herida\/\" \/>\n<meta property=\"og:locale\" content=\"es_ES\" \/>\n<meta property=\"og:type\" content=\"article\" \/>\n<meta property=\"og:title\" content=\"Aprehendieron a un joven tras una confrontaci\u00f3n vecinal\" \/>\n<meta property=\"og:description\" content=\"Aprehendieron a un joven tras una confrontaci\u00f3n vecinal que termin\u00f3 con una mujer herida, fue trasladada hacia el Hospital Municipal.\" \/>\n<meta property=\"og:url\" content=\"https:\/\/experienciadevida.com.ar\/portalurbano\/aprehendieron-a-un-joven-tras-una-confrontacion-vecinal-que-termino-con-una-mujer-herida\/\" \/>\n<meta property=\"article:publisher\" content=\"https:\/\/www.facebook.com\/Portal-Urbano-171542830093757\/\" \/>\n<meta property=\"article:published_time\" content=\"2021-01-30T15:05:06+00:00\" \/>\n<meta property=\"article:modified_time\" content=\"2021-01-30T15:16:12+00:00\" \/>\n<meta property=\"og:image\" content=\"https:\/\/experienciadevida.com.ar\/portalurbano\/wp-content\/uploads\/2021\/01\/Aprehendido.jpg\" \/>\n\t<meta property=\"og:image:width\" content=\"812\" \/>\n\t<meta property=\"og:image:height\" content=\"640\" \/>\n\t<meta property=\"og:image:type\" content=\"image\/jpeg\" \/>\n<meta name=\"author\" content=\"admpu17wp\" \/>\n<meta name=\"twitter:card\" content=\"summary_large_image\" \/>\n<meta name=\"twitter:creator\" content=\"@portalurbanook\" \/>\n<meta name=\"twitter:site\" content=\"@portalurbanook\" \/>\n<meta name=\"twitter:label1\" content=\"Escrito por\" \/>\n\t<meta name=\"twitter:data1\" content=\"admpu17wp\" \/>\n\t<meta name=\"twitter:label2\" content=\"Tiempo de lectura\" \/>\n\t<meta name=\"twitter:data2\" content=\"1 minuto\" \/>\n<script type=\"application\/ld+json\" class=\"yoast-schema-graph\">{\"@context\":\"https:\/\/schema.org\",\"@graph\":[{\"@type\":\"Article\",\"@id\":\"https:\/\/experienciadevida.com.ar\/portalurbano\/aprehendieron-a-un-joven-tras-una-confrontacion-vecinal-que-termino-con-una-mujer-herida\/#article\",\"isPartOf\":{\"@id\":\"https:\/\/experienciadevida.com.ar\/portalurbano\/aprehendieron-a-un-joven-tras-una-confrontacion-vecinal-que-termino-con-una-mujer-herida\/\"},\"author\":{\"name\":\"admpu17wp\",\"@id\":\"https:\/\/experienciadevida.com.ar\/portalurbano\/#\/schema\/person\/02dd326b1c4b056e9cc972486934a3a7\"},\"headline\":\"Aprehendieron a un joven tras una confrontaci\u00f3n vecinal que termin\u00f3 con una mujer herida\",\"datePublished\":\"2021-01-30T15:05:06+00:00\",\"dateModified\":\"2021-01-30T15:16:12+00:00\",\"mainEntityOfPage\":{\"@id\":\"https:\/\/experienciadevida.com.ar\/portalurbano\/aprehendieron-a-un-joven-tras-una-confrontacion-vecinal-que-termino-con-una-mujer-herida\/\"},\"wordCount\":233,\"publisher\":{\"@id\":\"https:\/\/experienciadevida.com.ar\/portalurbano\/#organization\"},\"articleSection\":[\"Destacadas\",\"Policiales\"],\"inLanguage\":\"es\"},{\"@type\":\"WebPage\",\"@id\":\"https:\/\/experienciadevida.com.ar\/portalurbano\/aprehendieron-a-un-joven-tras-una-confrontacion-vecinal-que-termino-con-una-mujer-herida\/\",\"url\":\"https:\/\/experienciadevida.com.ar\/portalurbano\/aprehendieron-a-un-joven-tras-una-confrontacion-vecinal-que-termino-con-una-mujer-herida\/\",\"name\":\"Aprehendieron a un joven tras una confrontaci\u00f3n vecinal\",\"isPartOf\":{\"@id\":\"https:\/\/experienciadevida.com.ar\/portalurbano\/#website\"},\"datePublished\":\"2021-01-30T15:05:06+00:00\",\"dateModified\":\"2021-01-30T15:16:12+00:00\",\"description\":\"Aprehendieron a un joven tras una confrontaci\u00f3n vecinal que termin\u00f3 con una mujer herida, fue trasladada hacia el Hospital Municipal.\",\"breadcrumb\":{\"@id\":\"https:\/\/experienciadevida.com.ar\/portalurbano\/aprehendieron-a-un-joven-tras-una-confrontacion-vecinal-que-termino-con-una-mujer-herida\/#breadcrumb\"},\"inLanguage\":\"es\",\"potentialAction\":[{\"@type\":\"ReadAction\",\"target\":[\"https:\/\/experienciadevida.com.ar\/portalurbano\/aprehendieron-a-un-joven-tras-una-confrontacion-vecinal-que-termino-con-una-mujer-herida\/\"]}]},{\"@type\":\"BreadcrumbList\",\"@id\":\"https:\/\/experienciadevida.com.ar\/portalurbano\/aprehendieron-a-un-joven-tras-una-confrontacion-vecinal-que-termino-con-una-mujer-herida\/#breadcrumb\",\"itemListElement\":[{\"@type\":\"ListItem\",\"position\":1,\"name\":\"Portada\",\"item\":\"https:\/\/experienciadevida.com.ar\/portalurbano\/\"},{\"@type\":\"ListItem\",\"position\":2,\"name\":\"Aprehendieron a un joven tras una confrontaci\u00f3n vecinal que termin\u00f3 con una mujer herida\"}]},{\"@type\":\"WebSite\",\"@id\":\"https:\/\/experienciadevida.com.ar\/portalurbano\/#website\",\"url\":\"https:\/\/experienciadevida.com.ar\/portalurbano\/\",\"name\":\"\",\"description\":\"\",\"publisher\":{\"@id\":\"https:\/\/experienciadevida.com.ar\/portalurbano\/#organization\"},\"potentialAction\":[{\"@type\":\"SearchAction\",\"target\":{\"@type\":\"EntryPoint\",\"urlTemplate\":\"https:\/\/experienciadevida.com.ar\/portalurbano\/?s={search_term_string}\"},\"query-input\":\"required name=search_term_string\"}],\"inLanguage\":\"es\"},{\"@type\":\"Organization\",\"@id\":\"https:\/\/experienciadevida.com.ar\/portalurbano\/#organization\",\"name\":\"Portal Urbano\",\"url\":\"https:\/\/experienciadevida.com.ar\/portalurbano\/\",\"logo\":{\"@type\":\"ImageObject\",\"inLanguage\":\"es\",\"@id\":\"https:\/\/experienciadevida.com.ar\/portalurbano\/#\/schema\/logo\/image\/\",\"url\":\"https:\/\/experienciadevida.com.ar\/portalurbano\/wp-content\/uploads\/2019\/09\/Logo-Original.png\",\"contentUrl\":\"https:\/\/experienciadevida.com.ar\/portalurbano\/wp-content\/uploads\/2019\/09\/Logo-Original.png\",\"width\":2236,\"height\":1216,\"caption\":\"Portal Urbano\"},\"image\":{\"@id\":\"https:\/\/experienciadevida.com.ar\/portalurbano\/#\/schema\/logo\/image\/\"},\"sameAs\":[\"https:\/\/www.facebook.com\/Portal-Urbano-171542830093757\/\",\"https:\/\/twitter.com\/portalurbanook\",\"https:\/\/www.instagram.com\/_portalurbano\/\",\"https:\/\/www.youtube.com\/channel\/UCXhagIfszH8KxFiOok79zbA?view_as=subscriber\"]},{\"@type\":\"Person\",\"@id\":\"https:\/\/experienciadevida.com.ar\/portalurbano\/#\/schema\/person\/02dd326b1c4b056e9cc972486934a3a7\",\"name\":\"admpu17wp\",\"image\":{\"@type\":\"ImageObject\",\"inLanguage\":\"es\",\"@id\":\"https:\/\/experienciadevida.com.ar\/portalurbano\/#\/schema\/person\/image\/\",\"url\":\"https:\/\/secure.gravatar.com\/avatar\/830d4c57adaae6630765e449a6908047?s=96&d=mm&r=g\",\"contentUrl\":\"https:\/\/secure.gravatar.com\/avatar\/830d4c57adaae6630765e449a6908047?s=96&d=mm&r=g\",\"caption\":\"admpu17wp\"}}]}<\/script>\n<!-- \/ Yoast SEO plugin. -->","yoast_head_json":{"title":"Aprehendieron a un joven tras una confrontaci\u00f3n vecinal","description":"Aprehendieron a un joven tras una confrontaci\u00f3n vecinal que termin\u00f3 con una mujer herida, fue trasladada hacia el Hospital Municipal.","robots":{"index":"index","follow":"follow","max-snippet":"max-snippet:-1","max-image-preview":"max-image-preview:large","max-video-preview":"max-video-preview:-1"},"canonical":"https:\/\/experienciadevida.com.ar\/portalurbano\/aprehendieron-a-un-joven-tras-una-confrontacion-vecinal-que-termino-con-una-mujer-herida\/","og_locale":"es_ES","og_type":"article","og_title":"Aprehendieron a un joven tras una confrontaci\u00f3n vecinal","og_description":"Aprehendieron a un joven tras una confrontaci\u00f3n vecinal que termin\u00f3 con una mujer herida, fue trasladada hacia el Hospital Municipal.","og_url":"https:\/\/experienciadevida.com.ar\/portalurbano\/aprehendieron-a-un-joven-tras-una-confrontacion-vecinal-que-termino-con-una-mujer-herida\/","article_publisher":"https:\/\/www.facebook.com\/Portal-Urbano-171542830093757\/","article_published_time":"2021-01-30T15:05:06+00:00","article_modified_time":"2021-01-30T15:16:12+00:00","og_image":[{"width":812,"height":640,"url":"https:\/\/experienciadevida.com.ar\/portalurbano\/wp-content\/uploads\/2021\/01\/Aprehendido.jpg","type":"image\/jpeg"}],"author":"admpu17wp","twitter_card":"summary_large_image","twitter_creator":"@portalurbanook","twitter_site":"@portalurbanook","twitter_misc":{"Escrito por":"admpu17wp","Tiempo de lectura":"1 minuto"},"schema":{"@context":"https:\/\/schema.org","@graph":[{"@type":"Article","@id":"https:\/\/experienciadevida.com.ar\/portalurbano\/aprehendieron-a-un-joven-tras-una-confrontacion-vecinal-que-termino-con-una-mujer-herida\/#article","isPartOf":{"@id":"https:\/\/experienciadevida.com.ar\/portalurbano\/aprehendieron-a-un-joven-tras-una-confrontacion-vecinal-que-termino-con-una-mujer-herida\/"},"author":{"name":"admpu17wp","@id":"https:\/\/experienciadevida.com.ar\/portalurbano\/#\/schema\/person\/02dd326b1c4b056e9cc972486934a3a7"},"headline":"Aprehendieron a un joven tras una confrontaci\u00f3n vecinal que termin\u00f3 con una mujer herida","datePublished":"2021-01-30T15:05:06+00:00","dateModified":"2021-01-30T15:16:12+00:00","mainEntityOfPage":{"@id":"https:\/\/experienciadevida.com.ar\/portalurbano\/aprehendieron-a-un-joven-tras-una-confrontacion-vecinal-que-termino-con-una-mujer-herida\/"},"wordCount":233,"publisher":{"@id":"https:\/\/experienciadevida.com.ar\/portalurbano\/#organization"},"articleSection":["Destacadas","Policiales"],"inLanguage":"es"},{"@type":"WebPage","@id":"https:\/\/experienciadevida.com.ar\/portalurbano\/aprehendieron-a-un-joven-tras-una-confrontacion-vecinal-que-termino-con-una-mujer-herida\/","url":"https:\/\/experienciadevida.com.ar\/portalurbano\/aprehendieron-a-un-joven-tras-una-confrontacion-vecinal-que-termino-con-una-mujer-herida\/","name":"Aprehendieron a un joven tras una confrontaci\u00f3n vecinal","isPartOf":{"@id":"https:\/\/experienciadevida.com.ar\/portalurbano\/#website"},"datePublished":"2021-01-30T15:05:06+00:00","dateModified":"2021-01-30T15:16:12+00:00","description":"Aprehendieron a un joven tras una confrontaci\u00f3n vecinal que termin\u00f3 con una mujer herida, fue trasladada hacia el Hospital Municipal.","breadcrumb":{"@id":"https:\/\/experienciadevida.com.ar\/portalurbano\/aprehendieron-a-un-joven-tras-una-confrontacion-vecinal-que-termino-con-una-mujer-herida\/#breadcrumb"},"inLanguage":"es","potentialAction":[{"@type":"ReadAction","target":["https:\/\/experienciadevida.com.ar\/portalurbano\/aprehendieron-a-un-joven-tras-una-confrontacion-vecinal-que-termino-con-una-mujer-herida\/"]}]},{"@type":"BreadcrumbList","@id":"https:\/\/experienciadevida.com.ar\/portalurbano\/aprehendieron-a-un-joven-tras-una-confrontacion-vecinal-que-termino-con-una-mujer-herida\/#breadcrumb","itemListElement":[{"@type":"ListItem","position":1,"name":"Portada","item":"https:\/\/experienciadevida.com.ar\/portalurbano\/"},{"@type":"ListItem","position":2,"name":"Aprehendieron a un joven tras una confrontaci\u00f3n vecinal que termin\u00f3 con una mujer herida"}]},{"@type":"WebSite","@id":"https:\/\/experienciadevida.com.ar\/portalurbano\/#website","url":"https:\/\/experienciadevida.com.ar\/portalurbano\/","name":"","description":"","publisher":{"@id":"https:\/\/experienciadevida.com.ar\/portalurbano\/#organization"},"potentialAction":[{"@type":"SearchAction","target":{"@type":"EntryPoint","urlTemplate":"https:\/\/experienciadevida.com.ar\/portalurbano\/?s={search_term_string}"},"query-input":"required name=search_term_string"}],"inLanguage":"es"},{"@type":"Organization","@id":"https:\/\/experienciadevida.com.ar\/portalurbano\/#organization","name":"Portal Urbano","url":"https:\/\/experienciadevida.com.ar\/portalurbano\/","logo":{"@type":"ImageObject","inLanguage":"es","@id":"https:\/\/experienciadevida.com.ar\/portalurbano\/#\/schema\/logo\/image\/","url":"https:\/\/experienciadevida.com.ar\/portalurbano\/wp-content\/uploads\/2019\/09\/Logo-Original.png","contentUrl":"https:\/\/experienciadevida.com.ar\/portalurbano\/wp-content\/uploads\/2019\/09\/Logo-Original.png","width":2236,"height":1216,"caption":"Portal Urbano"},"image":{"@id":"https:\/\/experienciadevida.com.ar\/portalurbano\/#\/schema\/logo\/image\/"},"sameAs":["https:\/\/www.facebook.com\/Portal-Urbano-171542830093757\/","https:\/\/twitter.com\/portalurbanook","https:\/\/www.instagram.com\/_portalurbano\/","https:\/\/www.youtube.com\/channel\/UCXhagIfszH8KxFiOok79zbA?view_as=subscriber"]},{"@type":"Person","@id":"https:\/\/experienciadevida.com.ar\/portalurbano\/#\/schema\/person\/02dd326b1c4b056e9cc972486934a3a7","name":"admpu17wp","image":{"@type":"ImageObject","inLanguage":"es","@id":"https:\/\/experienciadevida.com.ar\/portalurbano\/#\/schema\/person\/image\/","url":"https:\/\/secure.gravatar.com\/avatar\/830d4c57adaae6630765e449a6908047?s=96&d=mm&r=g","contentUrl":"https:\/\/secure.gravatar.com\/avatar\/830d4c57adaae6630765e449a6908047?s=96&d=mm&r=g","caption":"admpu17wp"}}]}},"featured_image_urls":{"full":["https:\/\/experienciadevida.com.ar\/portalurbano\/wp-content\/uploads\/2021\/01\/Aprehendido.jpg",812,640,false],"thumbnail":["https:\/\/experienciadevida.com.ar\/portalurbano\/wp-content\/uploads\/2021\/01\/Aprehendido-150x150.jpg",150,150,true],"medium":["https:\/\/experienciadevida.com.ar\/portalurbano\/wp-content\/uploads\/2021\/01\/Aprehendido-300x236.jpg",300,236,true],"medium_large":["https:\/\/experienciadevida.com.ar\/portalurbano\/wp-content\/uploads\/2021\/01\/Aprehendido-768x605.jpg",640,504,true],"large":["https:\/\/experienciadevida.com.ar\/portalurbano\/wp-content\/uploads\/2021\/01\/Aprehendido.jpg",640,504,false],"ug_big":["https:\/\/experienciadevida.com.ar\/portalurbano\/wp-content\/uploads\/2021\/01\/Aprehendido-768x605.jpg",768,605,true],"1536x1536":["https:\/\/experienciadevida.com.ar\/portalurbano\/wp-content\/uploads\/2021\/01\/Aprehendido.jpg",812,640,false],"2048x2048":["https:\/\/experienciadevida.com.ar\/portalurbano\/wp-content\/uploads\/2021\/01\/Aprehendido.jpg",812,640,false],"newsever-slider-full":["https:\/\/experienciadevida.com.ar\/portalurbano\/wp-content\/uploads\/2021\/01\/Aprehendido.jpg",812,640,false],"newsever-featured":["https:\/\/experienciadevida.com.ar\/portalurbano\/wp-content\/uploads\/2021\/01\/Aprehendido.jpg",812,640,false],"newsever-medium":["https:\/\/experienciadevida.com.ar\/portalurbano\/wp-content\/uploads\/2021\/01\/Aprehendido.jpg",603,475,false],"web-stories-poster-portrait":["https:\/\/experienciadevida.com.ar\/portalurbano\/wp-content\/uploads\/2021\/01\/Aprehendido.jpg",640,504,false],"web-stories-publisher-logo":["https:\/\/experienciadevida.com.ar\/portalurbano\/wp-content\/uploads\/2021\/01\/Aprehendido.jpg",96,76,false],"web-stories-thumbnail":["https:\/\/experienciadevida.com.ar\/portalurbano\/wp-content\/uploads\/2021\/01\/Aprehendido.jpg",150,118,false]},"author_info":{"display_name":"admpu17wp","author_link":"https:\/\/experienciadevida.com.ar\/portalurbano\/author\/admpu17wp\/"},"category_info":"<a href=\"https:\/\/experienciadevida.com.ar\/portalurbano\/category\/destacadas\/\" rel=\"category tag\">Destacadas<\/a> <a href=\"https:\/\/experienciadevida.com.ar\/portalurbano\/category\/policiales\/\" rel=\"category tag\">Policiales<\/a>","tag_info":"Policiales","comment_count":"0","amp_enabled":true,"_links":{"self":[{"href":"https:\/\/experienciadevida.com.ar\/portalurbano\/wp-json\/wp\/v2\/posts\/133842"}],"collection":[{"href":"https:\/\/experienciadevida.com.ar\/portalurbano\/wp-json\/wp\/v2\/posts"}],"about":[{"href":"https:\/\/experienciadevida.com.ar\/portalurbano\/wp-json\/wp\/v2\/types\/post"}],"author":[{"embeddable":true,"href":"https:\/\/experienciadevida.com.ar\/portalurbano\/wp-json\/wp\/v2\/users\/1"}],"replies":[{"embeddable":true,"href":"https:\/\/experienciadevida.com.ar\/portalurbano\/wp-json\/wp\/v2\/comments?post=133842"}],"version-history":[{"count":2,"href":"https:\/\/experienciadevida.com.ar\/portalurbano\/wp-json\/wp\/v2\/posts\/133842\/revisions"}],"predecessor-version":[{"id":133846,"href":"https:\/\/experienciadevida.com.ar\/portalurbano\/wp-json\/wp\/v2\/posts\/133842\/revisions\/133846"}],"wp:featuredmedia":[{"embeddable":true,"href":"https:\/\/experienciadevida.com.ar\/portalurbano\/wp-json\/wp\/v2\/media\/133843"}],"wp:attachment":[{"href":"https:\/\/experienciadevida.com.ar\/portalurbano\/wp-json\/wp\/v2\/media?parent=133842"}],"wp:term":[{"taxonomy":"category","embeddable":true,"href":"https:\/\/experienciadevida.com.ar\/portalurbano\/wp-json\/wp\/v2\/categories?post=133842"},{"taxonomy":"post_tag","embeddable":true,"href":"https:\/\/experienciadevida.com.ar\/portalurbano\/wp-json\/wp\/v2\/tags?post=133842"}],"curies":[{"name":"wp","href":"https:\/\/api.w.org\/{rel}","templated":true}]}}