{"id":133832,"date":"2021-01-30T11:02:41","date_gmt":"2021-01-30T14:02:41","guid":{"rendered":"https:\/\/experienciadevida.com.ar\/portalurbano\/?p=133832"},"modified":"2021-01-30T11:06:11","modified_gmt":"2021-01-30T14:06:11","slug":"nota-de-opinon-se-sigue-militando-con-nuestra-salud","status":"publish","type":"post","link":"https:\/\/experienciadevida.com.ar\/portalurbano\/nota-de-opinon-se-sigue-militando-con-nuestra-salud\/","title":{"rendered":"Nota de opin\u00f3n: &#8220;Se sigue militando con nuestra salud&#8221;"},"content":{"rendered":"<p>Nota de opin\u00f3n: &#8220;Se sigue militando con nuestra salud&#8221;. <a href=\"https:\/\/www.facebook.com\/gonzalo.dolagaray\">Gonzalo Dolagaray<\/a> y <a href=\"https:\/\/www.facebook.com\/belenvergel\">Bel\u00e9n Vergel<\/a>, emitieron un comunicado mostrando su preocupaci\u00f3n respecto a la utilizaci\u00f3n de la aplicaci\u00f3n de la vacuna Sputnik V, para nuevamente sacar r\u00e9ditos pol\u00edticos.<\/p>\n<p>Mencionan que es necesario que diferenciemos al Estado de un partido pol\u00edtico, la salud es p\u00fablica y no puede tener tinte pol\u00edtico,<em>\u00a0 &#8220;se sigue militando con nuestra salud, estamos atravesando un momento muy delicado y a ello debemos adicionarle mezquindades de actores inescrupulosos&#8221;.<\/em><\/p>\n<p>&#8220;<em>La campa\u00f1a de registro para la vacunaci\u00f3n contra el COVID-19 que est\u00e1 implementando el \u201cEstado\u201d y que utiliza el Frente de Todos para su propaganda pol\u00edtica, es preocupante. El solo hecho de citar a las personas a una entidad partidaria para un registro que debe ser una pol\u00edtica de Estado e implementado con la mayor seriedad que el caso amerita es irresponsable y oportunista&#8221;<\/em>, remarcaron.<\/p>\n<p>Por otro lado dijeron &#8220;<em>son muchos los vecinos que desean recibir la vacuna, y esperan ansiosos que ese momento llegue porque ven una salida a esta larga pandemia que nos toca vivir. Pero la alegr\u00eda de la posible soluci\u00f3n la ti\u00f1eron de oportunismo, el ciudadano para vacunarse tiene dos opciones ingresar a la app o hacerlo en forma presencial en una Unidad B\u00e1sica o alg\u00fan local partidario que responda al color pol\u00edtico gobernante. Contamos en la ciudad de Olavarr\u00eda con oficinas gubernamentales suficientes como para llevar adelante el registro sin necesidad de que nuestros vecinos deban acudir a un local partidario que nada tiene que ver con el Estado&#8221;<\/em>.<\/p>\n<p><em>&#8220;Fueron las mismas mezquindades e intenciones las que hicieron que tuvi\u00e9ramos el problema de donde se guardaban las vacunas: claramente deb\u00eda ser en un lugar de dominio provincial, no municipal, por lo que se sigue militando con nuestra salud. Para ello, el personal responsable mont\u00f3 un \u201ccentro de refrigeraci\u00f3n\u201d, con un freezer y una conexi\u00f3n el\u00e9ctrica insegura, que aguardamos que la justicia determine libremente las responsabilidades de la p\u00e9rdida de 400 dosis. Segundo, anotarnos en locales del PJ \u00f3 afines para poder recibirla y tercero (para terminar el relato) la vacunaci\u00f3n seg\u00fan se puede saber se realizar\u00eda en las escuelas&#8221;.<\/em><\/p>\n<p>A su vez <em>&#8220;esto \u00faltimo, nos obliga a reflexionar sobre lo siguiente: las escuelas deber\u00e1n estar equipadas con la refrigeraci\u00f3n necesaria para guardar las vacunas, contar con un sistema el\u00e9ctrico acorde a la circunstancias, y estar preparadas para llevar adelante esta labor. \u00bfQui\u00e9n ser\u00e1 el responsable si se vuelven a perder dosis? \u00bfTenemos escuelas preparadas para esto? Algunas de las interrogantes que surgen debido a que todos sabemos y conocemos el estado de la infraestructura de muchos edificios escolares&#8221;.<\/em><\/p>\n<p><em>&#8220;Por otro lado \u00bfQue m\u00e1s le vamos a pedir al sistema educativo o mejor dicho a la escuela? deben preparar para vacunar, planificar el inicio de clases, ser centro de contenci\u00f3n de la realidad que deja la pandemia en el hogar, etc. Sabemos tambi\u00e9n de la ola de problemas existentes que se encuentran encapsulados y cuando el ni\u00f1o logre volver a sociabilizar exteriorizar\u00e1 y desde la escuela se deber\u00e1 acompa\u00f1ar y resolver con todo su equipo en plenitud&#8221;.<\/em><\/p>\n<p>Tambi\u00e9n <em>&#8220;Olavarr\u00eda cuenta con un amplio sistema de salud p\u00fablico y privado, \u00bfporque no se utiliza? Ser\u00eda lo correcto, pero parece que lo correcto para el kirchnerismo no es importante, su prioridad es tratar de imponer su ideolog\u00eda aun con un tema tan sensible como este. La salud de los vecinos en segundo lugar, se sigue militando con la salud, siempre primero el beneficio pol\u00edtico&#8221;.<\/em><\/p>\n<p><em>&#8220;Seg\u00fan aseguro por ah\u00ed alg\u00fan ministro \u201cest\u00e1n prestando colaboraci\u00f3n y lo podr\u00eda hacer cualquiera\u201d. Por el contrario de la sensaci\u00f3n que ya ten\u00edan todo muy bien organizado y lamentamos tener que decir esto pero como confiar en que los datos de la gente que se inscriban van a estar bien resguardados, que no van a ser utilizados para otra cosa en un futuro cercano y que no van a hacer amiguismo con la vacunaci\u00f3n. Nos tomamos el atrevimiento de desconfiar porque hay sobrados ejemplos de negligencia, de oportunismo y de subestimaci\u00f3n&#8221;.<\/em><\/p>\n<p>Adem\u00e1s <em>&#8220;volvamos a principios de este a\u00f1o \u00a1fuimos noticia en todo el pa\u00eds porque se perdieron 400 vacunas de las primeras 450 que llegaron! Luego nos enteramos que en algunos lugares se vacunaron concejales que no ten\u00edan prioridad alguna. Tambi\u00e9n tuvimos que soportar al Secretario de DDHH de la Naci\u00f3n diciendo que las denuncias realizadas en la provincia de Formosa son operaciones pol\u00edticas cuando a los ojos de todos est\u00e1 en claro las aberraciones que se est\u00e1n cometiendo. Esto s\u00f3lo por citar algunos ejemplos&#8221;.<\/em><\/p>\n<p><em>&#8220;Es por esto que desde la Uni\u00f3n C\u00edvica Radical de Olavarr\u00eda le reclamamos al Frente de Todos y al Gobierno Nacional y Provincial mayor seriedad, menos improvisaci\u00f3n, m\u00e1s informaci\u00f3n y menos abuso de la autoridad y que no se siga militando con nuestra salud. Con la salud no.\u00a0 Basta de hacer pol\u00edtica con las necesidades del pueblo y con los recursos de los ciudadanos. Las vacunas no tienen color pol\u00edtico, son de todos los argentinos y para todos ellos debemos de albergar una soluci\u00f3n sin oportunismos y mezquindades&#8221;.<\/em><\/p>\n<p>Nota de opini\u00f3n realizada por el VicePresidente de la UCR de Olavarr\u00eda y candidato\u00a0 a Presidente por la lista 114 &#8220;Protagonismo radical&#8221;, y la candidata a Vicepresidenta de la UCR de Olavarr\u00eda por la lista 114 &#8220;Protagonismo Radical&#8221;.<\/p>\n","protected":false},"excerpt":{"rendered":"<p>Nota de opin\u00f3n: &#8220;Se sigue militando con nuestra salud&#8221;. Gonzalo Dolagaray y Bel\u00e9n Vergel, emitieron&#8230;<\/p>\n","protected":false},"author":1,"featured_media":133833,"comment_status":"closed","ping_status":"closed","sticky":false,"template":"","format":"standard","meta":{"content-type":""},"categories":[64,43],"tags":[],"nelio_content":{"isAutoShareEnabled":false,"autoShareEndMode":"default","automationSources":{"useContentSentences":true,"useSocialTemplates":true,"useCustomSentences":false,"customSentences":[]},"followers":[1],"suggestedReferences":[],"includedReferences":[],"efiUrl":"","efiAlt":"","highlights":[]},"yoast_head":"<!-- This site is optimized with the Yoast SEO plugin v20.7 - https:\/\/yoast.com\/wordpress\/plugins\/seo\/ -->\n<title>Nota de opini\u00f3n: &quot;Se sigue militando con nuestra salud&quot;<\/title>\n<meta name=\"description\" content=\"Nota de opin\u00f3n: &quot;Se sigue militando con nuestra salud&quot;. Gonzalo Dolagaray y Bel\u00e9n Vergel, emitieron un comunicado y muestran preocupaci\u00f3n.\" \/>\n<meta name=\"robots\" content=\"index, follow, max-snippet:-1, max-image-preview:large, max-video-preview:-1\" \/>\n<link rel=\"canonical\" href=\"https:\/\/experienciadevida.com.ar\/portalurbano\/nota-de-opinon-se-sigue-militando-con-nuestra-salud\/\" \/>\n<meta property=\"og:locale\" content=\"es_ES\" \/>\n<meta property=\"og:type\" content=\"article\" \/>\n<meta property=\"og:title\" content=\"Nota de opini\u00f3n: &quot;Se sigue militando con nuestra salud&quot;\" \/>\n<meta property=\"og:description\" content=\"Nota de opin\u00f3n: &quot;Se sigue militando con nuestra salud&quot;. Gonzalo Dolagaray y Bel\u00e9n Vergel, emitieron un comunicado y muestran preocupaci\u00f3n.\" \/>\n<meta property=\"og:url\" content=\"https:\/\/experienciadevida.com.ar\/portalurbano\/nota-de-opinon-se-sigue-militando-con-nuestra-salud\/\" \/>\n<meta property=\"article:publisher\" content=\"https:\/\/www.facebook.com\/Portal-Urbano-171542830093757\/\" \/>\n<meta property=\"article:published_time\" content=\"2021-01-30T14:02:41+00:00\" \/>\n<meta property=\"article:modified_time\" content=\"2021-01-30T14:06:11+00:00\" \/>\n<meta property=\"og:image\" content=\"https:\/\/experienciadevida.com.ar\/portalurbano\/wp-content\/uploads\/2021\/01\/Se-sigue-militando-scaled-e1612015109287.jpg\" \/>\n\t<meta property=\"og:image:width\" content=\"765\" \/>\n\t<meta property=\"og:image:height\" content=\"429\" \/>\n\t<meta property=\"og:image:type\" content=\"image\/jpeg\" \/>\n<meta name=\"author\" content=\"admpu17wp\" \/>\n<meta name=\"twitter:card\" content=\"summary_large_image\" \/>\n<meta name=\"twitter:creator\" content=\"@portalurbanook\" \/>\n<meta name=\"twitter:site\" content=\"@portalurbanook\" \/>\n<meta name=\"twitter:label1\" content=\"Escrito por\" \/>\n\t<meta name=\"twitter:data1\" content=\"admpu17wp\" \/>\n\t<meta name=\"twitter:label2\" content=\"Tiempo de lectura\" \/>\n\t<meta name=\"twitter:data2\" content=\"4 minutos\" \/>\n<script type=\"application\/ld+json\" class=\"yoast-schema-graph\">{\"@context\":\"https:\/\/schema.org\",\"@graph\":[{\"@type\":\"Article\",\"@id\":\"https:\/\/experienciadevida.com.ar\/portalurbano\/nota-de-opinon-se-sigue-militando-con-nuestra-salud\/#article\",\"isPartOf\":{\"@id\":\"https:\/\/experienciadevida.com.ar\/portalurbano\/nota-de-opinon-se-sigue-militando-con-nuestra-salud\/\"},\"author\":{\"name\":\"admpu17wp\",\"@id\":\"https:\/\/experienciadevida.com.ar\/portalurbano\/#\/schema\/person\/02dd326b1c4b056e9cc972486934a3a7\"},\"headline\":\"Nota de opin\u00f3n: &#8220;Se sigue militando con nuestra salud&#8221;\",\"datePublished\":\"2021-01-30T14:02:41+00:00\",\"dateModified\":\"2021-01-30T14:06:11+00:00\",\"mainEntityOfPage\":{\"@id\":\"https:\/\/experienciadevida.com.ar\/portalurbano\/nota-de-opinon-se-sigue-militando-con-nuestra-salud\/\"},\"wordCount\":956,\"publisher\":{\"@id\":\"https:\/\/experienciadevida.com.ar\/portalurbano\/#organization\"},\"articleSection\":[\"Destacadas 2\",\"Pol\u00edtica\"],\"inLanguage\":\"es\"},{\"@type\":\"WebPage\",\"@id\":\"https:\/\/experienciadevida.com.ar\/portalurbano\/nota-de-opinon-se-sigue-militando-con-nuestra-salud\/\",\"url\":\"https:\/\/experienciadevida.com.ar\/portalurbano\/nota-de-opinon-se-sigue-militando-con-nuestra-salud\/\",\"name\":\"Nota de opini\u00f3n: \\\"Se sigue militando con nuestra salud\\\"\",\"isPartOf\":{\"@id\":\"https:\/\/experienciadevida.com.ar\/portalurbano\/#website\"},\"datePublished\":\"2021-01-30T14:02:41+00:00\",\"dateModified\":\"2021-01-30T14:06:11+00:00\",\"description\":\"Nota de opin\u00f3n: \\\"Se sigue militando con nuestra salud\\\". Gonzalo Dolagaray y Bel\u00e9n Vergel, emitieron un comunicado y muestran preocupaci\u00f3n.\",\"breadcrumb\":{\"@id\":\"https:\/\/experienciadevida.com.ar\/portalurbano\/nota-de-opinon-se-sigue-militando-con-nuestra-salud\/#breadcrumb\"},\"inLanguage\":\"es\",\"potentialAction\":[{\"@type\":\"ReadAction\",\"target\":[\"https:\/\/experienciadevida.com.ar\/portalurbano\/nota-de-opinon-se-sigue-militando-con-nuestra-salud\/\"]}]},{\"@type\":\"BreadcrumbList\",\"@id\":\"https:\/\/experienciadevida.com.ar\/portalurbano\/nota-de-opinon-se-sigue-militando-con-nuestra-salud\/#breadcrumb\",\"itemListElement\":[{\"@type\":\"ListItem\",\"position\":1,\"name\":\"Portada\",\"item\":\"https:\/\/experienciadevida.com.ar\/portalurbano\/\"},{\"@type\":\"ListItem\",\"position\":2,\"name\":\"Nota de opin\u00f3n: \u00abSe sigue militando con nuestra salud\u00bb\"}]},{\"@type\":\"WebSite\",\"@id\":\"https:\/\/experienciadevida.com.ar\/portalurbano\/#website\",\"url\":\"https:\/\/experienciadevida.com.ar\/portalurbano\/\",\"name\":\"\",\"description\":\"\",\"publisher\":{\"@id\":\"https:\/\/experienciadevida.com.ar\/portalurbano\/#organization\"},\"potentialAction\":[{\"@type\":\"SearchAction\",\"target\":{\"@type\":\"EntryPoint\",\"urlTemplate\":\"https:\/\/experienciadevida.com.ar\/portalurbano\/?s={search_term_string}\"},\"query-input\":\"required name=search_term_string\"}],\"inLanguage\":\"es\"},{\"@type\":\"Organization\",\"@id\":\"https:\/\/experienciadevida.com.ar\/portalurbano\/#organization\",\"name\":\"Portal Urbano\",\"url\":\"https:\/\/experienciadevida.com.ar\/portalurbano\/\",\"logo\":{\"@type\":\"ImageObject\",\"inLanguage\":\"es\",\"@id\":\"https:\/\/experienciadevida.com.ar\/portalurbano\/#\/schema\/logo\/image\/\",\"url\":\"https:\/\/experienciadevida.com.ar\/portalurbano\/wp-content\/uploads\/2019\/09\/Logo-Original.png\",\"contentUrl\":\"https:\/\/experienciadevida.com.ar\/portalurbano\/wp-content\/uploads\/2019\/09\/Logo-Original.png\",\"width\":2236,\"height\":1216,\"caption\":\"Portal Urbano\"},\"image\":{\"@id\":\"https:\/\/experienciadevida.com.ar\/portalurbano\/#\/schema\/logo\/image\/\"},\"sameAs\":[\"https:\/\/www.facebook.com\/Portal-Urbano-171542830093757\/\",\"https:\/\/twitter.com\/portalurbanook\",\"https:\/\/www.instagram.com\/_portalurbano\/\",\"https:\/\/www.youtube.com\/channel\/UCXhagIfszH8KxFiOok79zbA?view_as=subscriber\"]},{\"@type\":\"Person\",\"@id\":\"https:\/\/experienciadevida.com.ar\/portalurbano\/#\/schema\/person\/02dd326b1c4b056e9cc972486934a3a7\",\"name\":\"admpu17wp\",\"image\":{\"@type\":\"ImageObject\",\"inLanguage\":\"es\",\"@id\":\"https:\/\/experienciadevida.com.ar\/portalurbano\/#\/schema\/person\/image\/\",\"url\":\"https:\/\/secure.gravatar.com\/avatar\/830d4c57adaae6630765e449a6908047?s=96&d=mm&r=g\",\"contentUrl\":\"https:\/\/secure.gravatar.com\/avatar\/830d4c57adaae6630765e449a6908047?s=96&d=mm&r=g\",\"caption\":\"admpu17wp\"}}]}<\/script>\n<!-- \/ Yoast SEO plugin. -->","yoast_head_json":{"title":"Nota de opini\u00f3n: \"Se sigue militando con nuestra salud\"","description":"Nota de opin\u00f3n: \"Se sigue militando con nuestra salud\". Gonzalo Dolagaray y Bel\u00e9n Vergel, emitieron un comunicado y muestran preocupaci\u00f3n.","robots":{"index":"index","follow":"follow","max-snippet":"max-snippet:-1","max-image-preview":"max-image-preview:large","max-video-preview":"max-video-preview:-1"},"canonical":"https:\/\/experienciadevida.com.ar\/portalurbano\/nota-de-opinon-se-sigue-militando-con-nuestra-salud\/","og_locale":"es_ES","og_type":"article","og_title":"Nota de opini\u00f3n: \"Se sigue militando con nuestra salud\"","og_description":"Nota de opin\u00f3n: \"Se sigue militando con nuestra salud\". Gonzalo Dolagaray y Bel\u00e9n Vergel, emitieron un comunicado y muestran preocupaci\u00f3n.","og_url":"https:\/\/experienciadevida.com.ar\/portalurbano\/nota-de-opinon-se-sigue-militando-con-nuestra-salud\/","article_publisher":"https:\/\/www.facebook.com\/Portal-Urbano-171542830093757\/","article_published_time":"2021-01-30T14:02:41+00:00","article_modified_time":"2021-01-30T14:06:11+00:00","og_image":[{"width":765,"height":429,"url":"https:\/\/experienciadevida.com.ar\/portalurbano\/wp-content\/uploads\/2021\/01\/Se-sigue-militando-scaled-e1612015109287.jpg","type":"image\/jpeg"}],"author":"admpu17wp","twitter_card":"summary_large_image","twitter_creator":"@portalurbanook","twitter_site":"@portalurbanook","twitter_misc":{"Escrito por":"admpu17wp","Tiempo de lectura":"4 minutos"},"schema":{"@context":"https:\/\/schema.org","@graph":[{"@type":"Article","@id":"https:\/\/experienciadevida.com.ar\/portalurbano\/nota-de-opinon-se-sigue-militando-con-nuestra-salud\/#article","isPartOf":{"@id":"https:\/\/experienciadevida.com.ar\/portalurbano\/nota-de-opinon-se-sigue-militando-con-nuestra-salud\/"},"author":{"name":"admpu17wp","@id":"https:\/\/experienciadevida.com.ar\/portalurbano\/#\/schema\/person\/02dd326b1c4b056e9cc972486934a3a7"},"headline":"Nota de opin\u00f3n: &#8220;Se sigue militando con nuestra salud&#8221;","datePublished":"2021-01-30T14:02:41+00:00","dateModified":"2021-01-30T14:06:11+00:00","mainEntityOfPage":{"@id":"https:\/\/experienciadevida.com.ar\/portalurbano\/nota-de-opinon-se-sigue-militando-con-nuestra-salud\/"},"wordCount":956,"publisher":{"@id":"https:\/\/experienciadevida.com.ar\/portalurbano\/#organization"},"articleSection":["Destacadas 2","Pol\u00edtica"],"inLanguage":"es"},{"@type":"WebPage","@id":"https:\/\/experienciadevida.com.ar\/portalurbano\/nota-de-opinon-se-sigue-militando-con-nuestra-salud\/","url":"https:\/\/experienciadevida.com.ar\/portalurbano\/nota-de-opinon-se-sigue-militando-con-nuestra-salud\/","name":"Nota de opini\u00f3n: \"Se sigue militando con nuestra salud\"","isPartOf":{"@id":"https:\/\/experienciadevida.com.ar\/portalurbano\/#website"},"datePublished":"2021-01-30T14:02:41+00:00","dateModified":"2021-01-30T14:06:11+00:00","description":"Nota de opin\u00f3n: \"Se sigue militando con nuestra salud\". Gonzalo Dolagaray y Bel\u00e9n Vergel, emitieron un comunicado y muestran preocupaci\u00f3n.","breadcrumb":{"@id":"https:\/\/experienciadevida.com.ar\/portalurbano\/nota-de-opinon-se-sigue-militando-con-nuestra-salud\/#breadcrumb"},"inLanguage":"es","potentialAction":[{"@type":"ReadAction","target":["https:\/\/experienciadevida.com.ar\/portalurbano\/nota-de-opinon-se-sigue-militando-con-nuestra-salud\/"]}]},{"@type":"BreadcrumbList","@id":"https:\/\/experienciadevida.com.ar\/portalurbano\/nota-de-opinon-se-sigue-militando-con-nuestra-salud\/#breadcrumb","itemListElement":[{"@type":"ListItem","position":1,"name":"Portada","item":"https:\/\/experienciadevida.com.ar\/portalurbano\/"},{"@type":"ListItem","position":2,"name":"Nota de opin\u00f3n: \u00abSe sigue militando con nuestra salud\u00bb"}]},{"@type":"WebSite","@id":"https:\/\/experienciadevida.com.ar\/portalurbano\/#website","url":"https:\/\/experienciadevida.com.ar\/portalurbano\/","name":"","description":"","publisher":{"@id":"https:\/\/experienciadevida.com.ar\/portalurbano\/#organization"},"potentialAction":[{"@type":"SearchAction","target":{"@type":"EntryPoint","urlTemplate":"https:\/\/experienciadevida.com.ar\/portalurbano\/?s={search_term_string}"},"query-input":"required name=search_term_string"}],"inLanguage":"es"},{"@type":"Organization","@id":"https:\/\/experienciadevida.com.ar\/portalurbano\/#organization","name":"Portal Urbano","url":"https:\/\/experienciadevida.com.ar\/portalurbano\/","logo":{"@type":"ImageObject","inLanguage":"es","@id":"https:\/\/experienciadevida.com.ar\/portalurbano\/#\/schema\/logo\/image\/","url":"https:\/\/experienciadevida.com.ar\/portalurbano\/wp-content\/uploads\/2019\/09\/Logo-Original.png","contentUrl":"https:\/\/experienciadevida.com.ar\/portalurbano\/wp-content\/uploads\/2019\/09\/Logo-Original.png","width":2236,"height":1216,"caption":"Portal Urbano"},"image":{"@id":"https:\/\/experienciadevida.com.ar\/portalurbano\/#\/schema\/logo\/image\/"},"sameAs":["https:\/\/www.facebook.com\/Portal-Urbano-171542830093757\/","https:\/\/twitter.com\/portalurbanook","https:\/\/www.instagram.com\/_portalurbano\/","https:\/\/www.youtube.com\/channel\/UCXhagIfszH8KxFiOok79zbA?view_as=subscriber"]},{"@type":"Person","@id":"https:\/\/experienciadevida.com.ar\/portalurbano\/#\/schema\/person\/02dd326b1c4b056e9cc972486934a3a7","name":"admpu17wp","image":{"@type":"ImageObject","inLanguage":"es","@id":"https:\/\/experienciadevida.com.ar\/portalurbano\/#\/schema\/person\/image\/","url":"https:\/\/secure.gravatar.com\/avatar\/830d4c57adaae6630765e449a6908047?s=96&d=mm&r=g","contentUrl":"https:\/\/secure.gravatar.com\/avatar\/830d4c57adaae6630765e449a6908047?s=96&d=mm&r=g","caption":"admpu17wp"}}]}},"featured_image_urls":{"full":["https:\/\/experienciadevida.com.ar\/portalurbano\/wp-content\/uploads\/2021\/01\/Se-sigue-militando-scaled-e1612015109287.jpg",765,429,false],"thumbnail":["https:\/\/experienciadevida.com.ar\/portalurbano\/wp-content\/uploads\/2021\/01\/Se-sigue-militando-150x150.jpg",150,150,true],"medium":["https:\/\/experienciadevida.com.ar\/portalurbano\/wp-content\/uploads\/2021\/01\/Se-sigue-militando-300x168.jpg",300,168,true],"medium_large":["https:\/\/experienciadevida.com.ar\/portalurbano\/wp-content\/uploads\/2021\/01\/Se-sigue-militando-768x431.jpg",640,359,true],"large":["https:\/\/experienciadevida.com.ar\/portalurbano\/wp-content\/uploads\/2021\/01\/Se-sigue-militando-1024x575.jpg",640,359,true],"ug_big":["https:\/\/experienciadevida.com.ar\/portalurbano\/wp-content\/uploads\/2021\/01\/Se-sigue-militando-768x431.jpg",768,431,true],"1536x1536":["https:\/\/experienciadevida.com.ar\/portalurbano\/wp-content\/uploads\/2021\/01\/Se-sigue-militando-1536x862.jpg",1536,862,true],"2048x2048":["https:\/\/experienciadevida.com.ar\/portalurbano\/wp-content\/uploads\/2021\/01\/Se-sigue-militando-2048x1150.jpg",2048,1150,true],"newsever-slider-full":["https:\/\/experienciadevida.com.ar\/portalurbano\/wp-content\/uploads\/2021\/01\/Se-sigue-militando-scaled-e1612015109287.jpg",765,429,false],"newsever-featured":["https:\/\/experienciadevida.com.ar\/portalurbano\/wp-content\/uploads\/2021\/01\/Se-sigue-militando-scaled-e1612015109287.jpg",765,429,false],"newsever-medium":["https:\/\/experienciadevida.com.ar\/portalurbano\/wp-content\/uploads\/2021\/01\/Se-sigue-militando-scaled-e1612015109287.jpg",720,404,false],"web-stories-poster-portrait":["https:\/\/experienciadevida.com.ar\/portalurbano\/wp-content\/uploads\/2021\/01\/Se-sigue-militando-scaled-e1612015109287.jpg",640,359,false],"web-stories-publisher-logo":["https:\/\/experienciadevida.com.ar\/portalurbano\/wp-content\/uploads\/2021\/01\/Se-sigue-militando-scaled-e1612015109287.jpg",96,54,false],"web-stories-thumbnail":["https:\/\/experienciadevida.com.ar\/portalurbano\/wp-content\/uploads\/2021\/01\/Se-sigue-militando-scaled-e1612015109287.jpg",150,84,false]},"author_info":{"display_name":"admpu17wp","author_link":"https:\/\/experienciadevida.com.ar\/portalurbano\/author\/admpu17wp\/"},"category_info":"<a href=\"https:\/\/experienciadevida.com.ar\/portalurbano\/category\/destacadas-2\/\" rel=\"category tag\">Destacadas 2<\/a> <a href=\"https:\/\/experienciadevida.com.ar\/portalurbano\/category\/politica\/\" rel=\"category tag\">Pol\u00edtica<\/a>","tag_info":"Pol\u00edtica","comment_count":"0","amp_enabled":true,"_links":{"self":[{"href":"https:\/\/experienciadevida.com.ar\/portalurbano\/wp-json\/wp\/v2\/posts\/133832"}],"collection":[{"href":"https:\/\/experienciadevida.com.ar\/portalurbano\/wp-json\/wp\/v2\/posts"}],"about":[{"href":"https:\/\/experienciadevida.com.ar\/portalurbano\/wp-json\/wp\/v2\/types\/post"}],"author":[{"embeddable":true,"href":"https:\/\/experienciadevida.com.ar\/portalurbano\/wp-json\/wp\/v2\/users\/1"}],"replies":[{"embeddable":true,"href":"https:\/\/experienciadevida.com.ar\/portalurbano\/wp-json\/wp\/v2\/comments?post=133832"}],"version-history":[{"count":3,"href":"https:\/\/experienciadevida.com.ar\/portalurbano\/wp-json\/wp\/v2\/posts\/133832\/revisions"}],"predecessor-version":[{"id":133836,"href":"https:\/\/experienciadevida.com.ar\/portalurbano\/wp-json\/wp\/v2\/posts\/133832\/revisions\/133836"}],"wp:featuredmedia":[{"embeddable":true,"href":"https:\/\/experienciadevida.com.ar\/portalurbano\/wp-json\/wp\/v2\/media\/133833"}],"wp:attachment":[{"href":"https:\/\/experienciadevida.com.ar\/portalurbano\/wp-json\/wp\/v2\/media?parent=133832"}],"wp:term":[{"taxonomy":"category","embeddable":true,"href":"https:\/\/experienciadevida.com.ar\/portalurbano\/wp-json\/wp\/v2\/categories?post=133832"},{"taxonomy":"post_tag","embeddable":true,"href":"https:\/\/experienciadevida.com.ar\/portalurbano\/wp-json\/wp\/v2\/tags?post=133832"}],"curies":[{"name":"wp","href":"https:\/\/api.w.org\/{rel}","templated":true}]}}