{"id":133766,"date":"2021-01-29T11:54:20","date_gmt":"2021-01-29T14:54:20","guid":{"rendered":"https:\/\/experienciadevida.com.ar\/portalurbano\/?p=133766"},"modified":"2021-01-29T11:55:43","modified_gmt":"2021-01-29T14:55:43","slug":"continuan-las-obras-de-saneamiento-en-loma-negra-se-licito-la-ampliacion-de-la-red-cloacal","status":"publish","type":"post","link":"https:\/\/experienciadevida.com.ar\/portalurbano\/continuan-las-obras-de-saneamiento-en-loma-negra-se-licito-la-ampliacion-de-la-red-cloacal\/","title":{"rendered":"Contin\u00faan las obras de saneamiento en Loma Negra: se licit\u00f3 la ampliaci\u00f3n de la red cloacal"},"content":{"rendered":"<p>Contin\u00faan las obras de saneamiento en Loma Negra: se licit\u00f3 la ampliaci\u00f3n de la red cloacal. Tras la inauguraci\u00f3n de la planta depuradora en octubre de 2019, y como parte de un plan estrat\u00e9gico para ofrecer soluciones a los vecinos de Loma Negra, este jueves por la ma\u00f1ana se llev\u00f3 a cabo la licitaci\u00f3n de la red de cloacas para la localidad.<\/p>\n<p>Contin\u00faan las obras de saneamiento en Loma Negra, el acto licitatorio se realiz\u00f3 a las 11:00 horas en el Palacio San Mart\u00edn y cont\u00f3 con la presencia del Secretario de Mantenimiento y Obras P\u00fablicas Julio Ferraro y la Directora de Licitaciones Pilar Ciardelli.<\/p>\n<p><a href=\"https:\/\/experienciadevida.com.ar\/portalurbano\/continuan-las-obras-de-saneamiento-en-loma-negra-se-licito-la-ampliacion-de-la-red-cloacal\/continuan-las-obras\/\" rel=\"attachment wp-att-133770\"><img decoding=\"async\" class=\"alignnone size-full wp-image-133770\" src=\"https:\/\/experienciadevida.com.ar\/portalurbano\/wp-content\/uploads\/2021\/01\/continuan-las-obras-e1611932134800.jpg\" alt=\"contin\u00faan las obras\" width=\"765\" height=\"510\" \/><\/a><\/p>\n<p>Desde la Secretar\u00eda de Mantenimiento y Obras P\u00fablicas se inform\u00f3 que la obra tendr\u00e1 una inversi\u00f3n superior a los 20 millones de pesos y permitir\u00e1 acceder a una mejor calidad de vida a cientos de vecinos de Loma Negra.<\/p>\n<p>En esta oportunidad se presentaron tres propuestas, que se detallan a continuaci\u00f3n:<\/p>\n<p>Proponente N\u00ba 1: Obras Civiles Alis S.A. cotiz\u00f3 la suma de $21.299.578,76.<br \/>\nProponente N\u00ba 2: Atak S.R.L. cotiz\u00f3 la suma de $26.106.836,56.<br \/>\nProponente N\u00ba 3: Transportes Malvinas S.R.L. cotiz\u00f3 la suma de $33.005.690,33.<\/p>\n<p>La construcci\u00f3n de la red cloacal a licitar en esta oportunidad, constituye el servicio de saneamiento N\u00ba 2 que se necesita en Loma Negra para disponer de una adecuada estructura sanitaria, junto con el agua potable que est\u00e1 en funcionamiento.<\/p>\n<p>Contin\u00faan las obras de saneamiento, los trabajos a realizar comprenden el tendido de la red cloacal en su segunda etapa; en Nueva Villa Fortabat, en un total de 20 manzanas aproximadamente.<\/p>\n<p>Los fondos para la concreci\u00f3n de la obra licitada provienen del ENHOSA \u2013 Ente Nacional de Obras H\u00eddricas de Saneamiento \u2013 del Ministerio de Obras P\u00fablicas de Naci\u00f3n, mediante el cual la cartera nacional administra, financia y realiza el seguimiento de los proyectos presentados por provincias y\/o municipios, quienes realizan las obras.<\/p>\n<p>En noviembre de 2020 el Ministro de Obras P\u00fablicas Gabriel Katopodis y el intendente Ezequiel Galli firmaron convenios para el financiamiento de siete proyectos enmarcados en el Plan \u201cArgentina Hace\u201d, que incluyen pavimentaci\u00f3n, ampliaci\u00f3n de la red de agua y cloacas, y equipamiento urbano.<\/p>\n<p>De la inversi\u00f3n en obras para Olavarr\u00eda, 81 millones de pesos se destinan a siete obras con el financiamiento directo del Ministerio de Infraestructura de Naci\u00f3n. Mientras que los restantes 22 millones correspondientes al ENHOSA se orientan a continuar con la extensi\u00f3n de cloacas en Loma Negra, con la finalidad de alcanzar el 100% de cobertura en la localidad.<\/p>\n<p>Detalles t\u00e9cnicos del proyecto:<\/p>\n<p>La presente licitaci\u00f3n corresponde a la primera parte de la segunda etapa de la red cloacal de Loma Negra. Esto incluye las redes de desag\u00fces cloacales comprendidos entre Av. Libertad, Av. de los Inmigrantes, J. Becker y Av. Alberdi. En Av. Libertad el servicio llegar\u00e1 a ambas aceras desde Av. Alberdi hasta Av. 9 de julio donde el proyecto tiene su salida hacia el colector de 250mm existente. Se lograr\u00e1 cubrir con el servicio sanitario a un \u00e1rea aproximada de 200H\u00e1 con unas 318 conexiones.<\/p>\n<p>A continuaci\u00f3n se detalla el alcance de la obra seg\u00fan calles y aceras:<\/p>\n<p>\u2013 1. Alberdi entre Av. De los Inmigrantes y Av. Libertad . 3 cuadras. Aceras sureste.<\/p>\n<p>\u2013 2. Santa Elena entre Av. De los Inmigrantes y Av. Libertad. 3 cuadras. Ambas aceras.<\/p>\n<p>\u2013 3. Sarmiento entre Av. De los Inmigrantes y Av. Libertad. 3 cuadras. Ambas aceras.<\/p>\n<p>\u2013 4. Brown entre Av. De los Inmigrantes y Av. Libertad 3 cuadras. Ambas aceras.<\/p>\n<p>\u2013 5. Av. 25 de Mayo entre Av. De los Inmigrantes y Av. Libertad. 3 cuadras. Ambas aceras.<\/p>\n<p>\u2013 6. A. Argentina entre Av. De los Inmigrantes y Av. Libertad. 3 cuadras. Ambas aceras.<\/p>\n<p>\u2013 7. J. Becker entre Pte. H. Yrigoyen y Av. Libertad. 1 cuadra. Ambas aceras.<\/p>\n<p>\u2013 8. 1\u00b0 de Mayo entre Alberdi y J. Becker. 6 cuadras. Ambas aceras.<\/p>\n<p>\u2013 9. Pte. H. Yrigoyen entre Alberdi y J. Becker. 6 cuadras. Ambas aceras.<\/p>\n<p>\u2013 10. Av. Libertad entre Alberdi y Av. 9 de julio. 7 cuadras. Ambas aceras.<\/p>\n<p>&nbsp;<\/p>\n","protected":false},"excerpt":{"rendered":"<p>Contin\u00faan las obras de saneamiento en Loma Negra: se licit\u00f3 la ampliaci\u00f3n de la red&#8230;<\/p>\n","protected":false},"author":1,"featured_media":133767,"comment_status":"closed","ping_status":"closed","sticky":false,"template":"","format":"standard","meta":{"content-type":""},"categories":[27,64],"tags":[],"nelio_content":{"isAutoShareEnabled":false,"autoShareEndMode":"default","automationSources":{"useContentSentences":true,"useSocialTemplates":true,"useCustomSentences":false,"customSentences":[]},"followers":[1],"suggestedReferences":[],"includedReferences":[],"efiUrl":"","efiAlt":"","highlights":[]},"yoast_head":"<!-- This site is optimized with the Yoast SEO plugin v20.7 - https:\/\/yoast.com\/wordpress\/plugins\/seo\/ -->\n<title>Contin\u00faan las obras de saneamiento en Loma Negra<\/title>\n<meta name=\"description\" content=\"Contin\u00faan las obras de saneamiento en Loma Negra: se licit\u00f3 la ampliaci\u00f3n de la red cloacal. Tras la inauguraci\u00f3n de la planta depuradora\" \/>\n<meta name=\"robots\" content=\"index, follow, max-snippet:-1, max-image-preview:large, max-video-preview:-1\" \/>\n<link rel=\"canonical\" href=\"https:\/\/experienciadevida.com.ar\/portalurbano\/continuan-las-obras-de-saneamiento-en-loma-negra-se-licito-la-ampliacion-de-la-red-cloacal\/\" \/>\n<meta property=\"og:locale\" content=\"es_ES\" \/>\n<meta property=\"og:type\" content=\"article\" \/>\n<meta property=\"og:title\" content=\"Contin\u00faan las obras de saneamiento en Loma Negra\" \/>\n<meta property=\"og:description\" content=\"Contin\u00faan las obras de saneamiento en Loma Negra: se licit\u00f3 la ampliaci\u00f3n de la red cloacal. Tras la inauguraci\u00f3n de la planta depuradora\" \/>\n<meta property=\"og:url\" content=\"https:\/\/experienciadevida.com.ar\/portalurbano\/continuan-las-obras-de-saneamiento-en-loma-negra-se-licito-la-ampliacion-de-la-red-cloacal\/\" \/>\n<meta property=\"article:publisher\" content=\"https:\/\/www.facebook.com\/Portal-Urbano-171542830093757\/\" \/>\n<meta property=\"article:published_time\" content=\"2021-01-29T14:54:20+00:00\" \/>\n<meta property=\"article:modified_time\" content=\"2021-01-29T14:55:43+00:00\" \/>\n<meta property=\"og:image\" content=\"https:\/\/experienciadevida.com.ar\/portalurbano\/wp-content\/uploads\/2021\/01\/Continuan-las-obras-de-saneamiento-e1611932010563.jpg\" \/>\n\t<meta property=\"og:image:width\" content=\"765\" \/>\n\t<meta property=\"og:image:height\" content=\"510\" \/>\n\t<meta property=\"og:image:type\" content=\"image\/jpeg\" \/>\n<meta name=\"author\" content=\"admpu17wp\" \/>\n<meta name=\"twitter:card\" content=\"summary_large_image\" \/>\n<meta name=\"twitter:creator\" content=\"@portalurbanook\" \/>\n<meta name=\"twitter:site\" content=\"@portalurbanook\" \/>\n<meta name=\"twitter:label1\" content=\"Escrito por\" \/>\n\t<meta name=\"twitter:data1\" content=\"admpu17wp\" \/>\n\t<meta name=\"twitter:label2\" content=\"Tiempo de lectura\" \/>\n\t<meta name=\"twitter:data2\" content=\"4 minutos\" \/>\n<script type=\"application\/ld+json\" class=\"yoast-schema-graph\">{\"@context\":\"https:\/\/schema.org\",\"@graph\":[{\"@type\":\"Article\",\"@id\":\"https:\/\/experienciadevida.com.ar\/portalurbano\/continuan-las-obras-de-saneamiento-en-loma-negra-se-licito-la-ampliacion-de-la-red-cloacal\/#article\",\"isPartOf\":{\"@id\":\"https:\/\/experienciadevida.com.ar\/portalurbano\/continuan-las-obras-de-saneamiento-en-loma-negra-se-licito-la-ampliacion-de-la-red-cloacal\/\"},\"author\":{\"name\":\"admpu17wp\",\"@id\":\"https:\/\/experienciadevida.com.ar\/portalurbano\/#\/schema\/person\/02dd326b1c4b056e9cc972486934a3a7\"},\"headline\":\"Contin\u00faan las obras de saneamiento en Loma Negra: se licit\u00f3 la ampliaci\u00f3n de la red cloacal\",\"datePublished\":\"2021-01-29T14:54:20+00:00\",\"dateModified\":\"2021-01-29T14:55:43+00:00\",\"mainEntityOfPage\":{\"@id\":\"https:\/\/experienciadevida.com.ar\/portalurbano\/continuan-las-obras-de-saneamiento-en-loma-negra-se-licito-la-ampliacion-de-la-red-cloacal\/\"},\"wordCount\":674,\"publisher\":{\"@id\":\"https:\/\/experienciadevida.com.ar\/portalurbano\/#organization\"},\"articleSection\":[\"Ciudad\",\"Destacadas 2\"],\"inLanguage\":\"es\"},{\"@type\":\"WebPage\",\"@id\":\"https:\/\/experienciadevida.com.ar\/portalurbano\/continuan-las-obras-de-saneamiento-en-loma-negra-se-licito-la-ampliacion-de-la-red-cloacal\/\",\"url\":\"https:\/\/experienciadevida.com.ar\/portalurbano\/continuan-las-obras-de-saneamiento-en-loma-negra-se-licito-la-ampliacion-de-la-red-cloacal\/\",\"name\":\"Contin\u00faan las obras de saneamiento en Loma Negra\",\"isPartOf\":{\"@id\":\"https:\/\/experienciadevida.com.ar\/portalurbano\/#website\"},\"datePublished\":\"2021-01-29T14:54:20+00:00\",\"dateModified\":\"2021-01-29T14:55:43+00:00\",\"description\":\"Contin\u00faan las obras de saneamiento en Loma Negra: se licit\u00f3 la ampliaci\u00f3n de la red cloacal. Tras la inauguraci\u00f3n de la planta depuradora\",\"breadcrumb\":{\"@id\":\"https:\/\/experienciadevida.com.ar\/portalurbano\/continuan-las-obras-de-saneamiento-en-loma-negra-se-licito-la-ampliacion-de-la-red-cloacal\/#breadcrumb\"},\"inLanguage\":\"es\",\"potentialAction\":[{\"@type\":\"ReadAction\",\"target\":[\"https:\/\/experienciadevida.com.ar\/portalurbano\/continuan-las-obras-de-saneamiento-en-loma-negra-se-licito-la-ampliacion-de-la-red-cloacal\/\"]}]},{\"@type\":\"BreadcrumbList\",\"@id\":\"https:\/\/experienciadevida.com.ar\/portalurbano\/continuan-las-obras-de-saneamiento-en-loma-negra-se-licito-la-ampliacion-de-la-red-cloacal\/#breadcrumb\",\"itemListElement\":[{\"@type\":\"ListItem\",\"position\":1,\"name\":\"Portada\",\"item\":\"https:\/\/experienciadevida.com.ar\/portalurbano\/\"},{\"@type\":\"ListItem\",\"position\":2,\"name\":\"Contin\u00faan las obras de saneamiento en Loma Negra: se licit\u00f3 la ampliaci\u00f3n de la red cloacal\"}]},{\"@type\":\"WebSite\",\"@id\":\"https:\/\/experienciadevida.com.ar\/portalurbano\/#website\",\"url\":\"https:\/\/experienciadevida.com.ar\/portalurbano\/\",\"name\":\"\",\"description\":\"\",\"publisher\":{\"@id\":\"https:\/\/experienciadevida.com.ar\/portalurbano\/#organization\"},\"potentialAction\":[{\"@type\":\"SearchAction\",\"target\":{\"@type\":\"EntryPoint\",\"urlTemplate\":\"https:\/\/experienciadevida.com.ar\/portalurbano\/?s={search_term_string}\"},\"query-input\":\"required name=search_term_string\"}],\"inLanguage\":\"es\"},{\"@type\":\"Organization\",\"@id\":\"https:\/\/experienciadevida.com.ar\/portalurbano\/#organization\",\"name\":\"Portal Urbano\",\"url\":\"https:\/\/experienciadevida.com.ar\/portalurbano\/\",\"logo\":{\"@type\":\"ImageObject\",\"inLanguage\":\"es\",\"@id\":\"https:\/\/experienciadevida.com.ar\/portalurbano\/#\/schema\/logo\/image\/\",\"url\":\"https:\/\/experienciadevida.com.ar\/portalurbano\/wp-content\/uploads\/2019\/09\/Logo-Original.png\",\"contentUrl\":\"https:\/\/experienciadevida.com.ar\/portalurbano\/wp-content\/uploads\/2019\/09\/Logo-Original.png\",\"width\":2236,\"height\":1216,\"caption\":\"Portal Urbano\"},\"image\":{\"@id\":\"https:\/\/experienciadevida.com.ar\/portalurbano\/#\/schema\/logo\/image\/\"},\"sameAs\":[\"https:\/\/www.facebook.com\/Portal-Urbano-171542830093757\/\",\"https:\/\/twitter.com\/portalurbanook\",\"https:\/\/www.instagram.com\/_portalurbano\/\",\"https:\/\/www.youtube.com\/channel\/UCXhagIfszH8KxFiOok79zbA?view_as=subscriber\"]},{\"@type\":\"Person\",\"@id\":\"https:\/\/experienciadevida.com.ar\/portalurbano\/#\/schema\/person\/02dd326b1c4b056e9cc972486934a3a7\",\"name\":\"admpu17wp\",\"image\":{\"@type\":\"ImageObject\",\"inLanguage\":\"es\",\"@id\":\"https:\/\/experienciadevida.com.ar\/portalurbano\/#\/schema\/person\/image\/\",\"url\":\"https:\/\/secure.gravatar.com\/avatar\/830d4c57adaae6630765e449a6908047?s=96&d=mm&r=g\",\"contentUrl\":\"https:\/\/secure.gravatar.com\/avatar\/830d4c57adaae6630765e449a6908047?s=96&d=mm&r=g\",\"caption\":\"admpu17wp\"}}]}<\/script>\n<!-- \/ Yoast SEO plugin. -->","yoast_head_json":{"title":"Contin\u00faan las obras de saneamiento en Loma Negra","description":"Contin\u00faan las obras de saneamiento en Loma Negra: se licit\u00f3 la ampliaci\u00f3n de la red cloacal. Tras la inauguraci\u00f3n de la planta depuradora","robots":{"index":"index","follow":"follow","max-snippet":"max-snippet:-1","max-image-preview":"max-image-preview:large","max-video-preview":"max-video-preview:-1"},"canonical":"https:\/\/experienciadevida.com.ar\/portalurbano\/continuan-las-obras-de-saneamiento-en-loma-negra-se-licito-la-ampliacion-de-la-red-cloacal\/","og_locale":"es_ES","og_type":"article","og_title":"Contin\u00faan las obras de saneamiento en Loma Negra","og_description":"Contin\u00faan las obras de saneamiento en Loma Negra: se licit\u00f3 la ampliaci\u00f3n de la red cloacal. Tras la inauguraci\u00f3n de la planta depuradora","og_url":"https:\/\/experienciadevida.com.ar\/portalurbano\/continuan-las-obras-de-saneamiento-en-loma-negra-se-licito-la-ampliacion-de-la-red-cloacal\/","article_publisher":"https:\/\/www.facebook.com\/Portal-Urbano-171542830093757\/","article_published_time":"2021-01-29T14:54:20+00:00","article_modified_time":"2021-01-29T14:55:43+00:00","og_image":[{"width":765,"height":510,"url":"https:\/\/experienciadevida.com.ar\/portalurbano\/wp-content\/uploads\/2021\/01\/Continuan-las-obras-de-saneamiento-e1611932010563.jpg","type":"image\/jpeg"}],"author":"admpu17wp","twitter_card":"summary_large_image","twitter_creator":"@portalurbanook","twitter_site":"@portalurbanook","twitter_misc":{"Escrito por":"admpu17wp","Tiempo de lectura":"4 minutos"},"schema":{"@context":"https:\/\/schema.org","@graph":[{"@type":"Article","@id":"https:\/\/experienciadevida.com.ar\/portalurbano\/continuan-las-obras-de-saneamiento-en-loma-negra-se-licito-la-ampliacion-de-la-red-cloacal\/#article","isPartOf":{"@id":"https:\/\/experienciadevida.com.ar\/portalurbano\/continuan-las-obras-de-saneamiento-en-loma-negra-se-licito-la-ampliacion-de-la-red-cloacal\/"},"author":{"name":"admpu17wp","@id":"https:\/\/experienciadevida.com.ar\/portalurbano\/#\/schema\/person\/02dd326b1c4b056e9cc972486934a3a7"},"headline":"Contin\u00faan las obras de saneamiento en Loma Negra: se licit\u00f3 la ampliaci\u00f3n de la red cloacal","datePublished":"2021-01-29T14:54:20+00:00","dateModified":"2021-01-29T14:55:43+00:00","mainEntityOfPage":{"@id":"https:\/\/experienciadevida.com.ar\/portalurbano\/continuan-las-obras-de-saneamiento-en-loma-negra-se-licito-la-ampliacion-de-la-red-cloacal\/"},"wordCount":674,"publisher":{"@id":"https:\/\/experienciadevida.com.ar\/portalurbano\/#organization"},"articleSection":["Ciudad","Destacadas 2"],"inLanguage":"es"},{"@type":"WebPage","@id":"https:\/\/experienciadevida.com.ar\/portalurbano\/continuan-las-obras-de-saneamiento-en-loma-negra-se-licito-la-ampliacion-de-la-red-cloacal\/","url":"https:\/\/experienciadevida.com.ar\/portalurbano\/continuan-las-obras-de-saneamiento-en-loma-negra-se-licito-la-ampliacion-de-la-red-cloacal\/","name":"Contin\u00faan las obras de saneamiento en Loma Negra","isPartOf":{"@id":"https:\/\/experienciadevida.com.ar\/portalurbano\/#website"},"datePublished":"2021-01-29T14:54:20+00:00","dateModified":"2021-01-29T14:55:43+00:00","description":"Contin\u00faan las obras de saneamiento en Loma Negra: se licit\u00f3 la ampliaci\u00f3n de la red cloacal. Tras la inauguraci\u00f3n de la planta depuradora","breadcrumb":{"@id":"https:\/\/experienciadevida.com.ar\/portalurbano\/continuan-las-obras-de-saneamiento-en-loma-negra-se-licito-la-ampliacion-de-la-red-cloacal\/#breadcrumb"},"inLanguage":"es","potentialAction":[{"@type":"ReadAction","target":["https:\/\/experienciadevida.com.ar\/portalurbano\/continuan-las-obras-de-saneamiento-en-loma-negra-se-licito-la-ampliacion-de-la-red-cloacal\/"]}]},{"@type":"BreadcrumbList","@id":"https:\/\/experienciadevida.com.ar\/portalurbano\/continuan-las-obras-de-saneamiento-en-loma-negra-se-licito-la-ampliacion-de-la-red-cloacal\/#breadcrumb","itemListElement":[{"@type":"ListItem","position":1,"name":"Portada","item":"https:\/\/experienciadevida.com.ar\/portalurbano\/"},{"@type":"ListItem","position":2,"name":"Contin\u00faan las obras de saneamiento en Loma Negra: se licit\u00f3 la ampliaci\u00f3n de la red cloacal"}]},{"@type":"WebSite","@id":"https:\/\/experienciadevida.com.ar\/portalurbano\/#website","url":"https:\/\/experienciadevida.com.ar\/portalurbano\/","name":"","description":"","publisher":{"@id":"https:\/\/experienciadevida.com.ar\/portalurbano\/#organization"},"potentialAction":[{"@type":"SearchAction","target":{"@type":"EntryPoint","urlTemplate":"https:\/\/experienciadevida.com.ar\/portalurbano\/?s={search_term_string}"},"query-input":"required name=search_term_string"}],"inLanguage":"es"},{"@type":"Organization","@id":"https:\/\/experienciadevida.com.ar\/portalurbano\/#organization","name":"Portal Urbano","url":"https:\/\/experienciadevida.com.ar\/portalurbano\/","logo":{"@type":"ImageObject","inLanguage":"es","@id":"https:\/\/experienciadevida.com.ar\/portalurbano\/#\/schema\/logo\/image\/","url":"https:\/\/experienciadevida.com.ar\/portalurbano\/wp-content\/uploads\/2019\/09\/Logo-Original.png","contentUrl":"https:\/\/experienciadevida.com.ar\/portalurbano\/wp-content\/uploads\/2019\/09\/Logo-Original.png","width":2236,"height":1216,"caption":"Portal Urbano"},"image":{"@id":"https:\/\/experienciadevida.com.ar\/portalurbano\/#\/schema\/logo\/image\/"},"sameAs":["https:\/\/www.facebook.com\/Portal-Urbano-171542830093757\/","https:\/\/twitter.com\/portalurbanook","https:\/\/www.instagram.com\/_portalurbano\/","https:\/\/www.youtube.com\/channel\/UCXhagIfszH8KxFiOok79zbA?view_as=subscriber"]},{"@type":"Person","@id":"https:\/\/experienciadevida.com.ar\/portalurbano\/#\/schema\/person\/02dd326b1c4b056e9cc972486934a3a7","name":"admpu17wp","image":{"@type":"ImageObject","inLanguage":"es","@id":"https:\/\/experienciadevida.com.ar\/portalurbano\/#\/schema\/person\/image\/","url":"https:\/\/secure.gravatar.com\/avatar\/830d4c57adaae6630765e449a6908047?s=96&d=mm&r=g","contentUrl":"https:\/\/secure.gravatar.com\/avatar\/830d4c57adaae6630765e449a6908047?s=96&d=mm&r=g","caption":"admpu17wp"}}]}},"featured_image_urls":{"full":["https:\/\/experienciadevida.com.ar\/portalurbano\/wp-content\/uploads\/2021\/01\/Continuan-las-obras-de-saneamiento-e1611932010563.jpg",765,510,false],"thumbnail":["https:\/\/experienciadevida.com.ar\/portalurbano\/wp-content\/uploads\/2021\/01\/Continuan-las-obras-de-saneamiento-150x150.jpg",150,150,true],"medium":["https:\/\/experienciadevida.com.ar\/portalurbano\/wp-content\/uploads\/2021\/01\/Continuan-las-obras-de-saneamiento-300x200.jpg",300,200,true],"medium_large":["https:\/\/experienciadevida.com.ar\/portalurbano\/wp-content\/uploads\/2021\/01\/Continuan-las-obras-de-saneamiento-768x512.jpg",640,427,true],"large":["https:\/\/experienciadevida.com.ar\/portalurbano\/wp-content\/uploads\/2021\/01\/Continuan-las-obras-de-saneamiento-1024x682.jpg",640,426,true],"ug_big":["https:\/\/experienciadevida.com.ar\/portalurbano\/wp-content\/uploads\/2021\/01\/Continuan-las-obras-de-saneamiento-768x512.jpg",768,512,true],"1536x1536":["https:\/\/experienciadevida.com.ar\/portalurbano\/wp-content\/uploads\/2021\/01\/Continuan-las-obras-de-saneamiento-1536x1024.jpg",1536,1024,true],"2048x2048":["https:\/\/experienciadevida.com.ar\/portalurbano\/wp-content\/uploads\/2021\/01\/Continuan-las-obras-de-saneamiento-e1611932010563.jpg",765,510,false],"newsever-slider-full":["https:\/\/experienciadevida.com.ar\/portalurbano\/wp-content\/uploads\/2021\/01\/Continuan-las-obras-de-saneamiento-e1611932010563.jpg",765,510,false],"newsever-featured":["https:\/\/experienciadevida.com.ar\/portalurbano\/wp-content\/uploads\/2021\/01\/Continuan-las-obras-de-saneamiento-e1611932010563.jpg",765,510,false],"newsever-medium":["https:\/\/experienciadevida.com.ar\/portalurbano\/wp-content\/uploads\/2021\/01\/Continuan-las-obras-de-saneamiento-e1611932010563.jpg",713,475,false],"web-stories-poster-portrait":["https:\/\/experienciadevida.com.ar\/portalurbano\/wp-content\/uploads\/2021\/01\/Continuan-las-obras-de-saneamiento-e1611932010563.jpg",640,427,false],"web-stories-publisher-logo":["https:\/\/experienciadevida.com.ar\/portalurbano\/wp-content\/uploads\/2021\/01\/Continuan-las-obras-de-saneamiento-e1611932010563.jpg",96,64,false],"web-stories-thumbnail":["https:\/\/experienciadevida.com.ar\/portalurbano\/wp-content\/uploads\/2021\/01\/Continuan-las-obras-de-saneamiento-e1611932010563.jpg",150,100,false]},"author_info":{"display_name":"admpu17wp","author_link":"https:\/\/experienciadevida.com.ar\/portalurbano\/author\/admpu17wp\/"},"category_info":"<a href=\"https:\/\/experienciadevida.com.ar\/portalurbano\/category\/ciudad\/\" rel=\"category tag\">Ciudad<\/a> <a href=\"https:\/\/experienciadevida.com.ar\/portalurbano\/category\/destacadas-2\/\" rel=\"category tag\">Destacadas 2<\/a>","tag_info":"Destacadas 2","comment_count":"0","amp_enabled":true,"_links":{"self":[{"href":"https:\/\/experienciadevida.com.ar\/portalurbano\/wp-json\/wp\/v2\/posts\/133766"}],"collection":[{"href":"https:\/\/experienciadevida.com.ar\/portalurbano\/wp-json\/wp\/v2\/posts"}],"about":[{"href":"https:\/\/experienciadevida.com.ar\/portalurbano\/wp-json\/wp\/v2\/types\/post"}],"author":[{"embeddable":true,"href":"https:\/\/experienciadevida.com.ar\/portalurbano\/wp-json\/wp\/v2\/users\/1"}],"replies":[{"embeddable":true,"href":"https:\/\/experienciadevida.com.ar\/portalurbano\/wp-json\/wp\/v2\/comments?post=133766"}],"version-history":[{"count":3,"href":"https:\/\/experienciadevida.com.ar\/portalurbano\/wp-json\/wp\/v2\/posts\/133766\/revisions"}],"predecessor-version":[{"id":133771,"href":"https:\/\/experienciadevida.com.ar\/portalurbano\/wp-json\/wp\/v2\/posts\/133766\/revisions\/133771"}],"wp:featuredmedia":[{"embeddable":true,"href":"https:\/\/experienciadevida.com.ar\/portalurbano\/wp-json\/wp\/v2\/media\/133767"}],"wp:attachment":[{"href":"https:\/\/experienciadevida.com.ar\/portalurbano\/wp-json\/wp\/v2\/media?parent=133766"}],"wp:term":[{"taxonomy":"category","embeddable":true,"href":"https:\/\/experienciadevida.com.ar\/portalurbano\/wp-json\/wp\/v2\/categories?post=133766"},{"taxonomy":"post_tag","embeddable":true,"href":"https:\/\/experienciadevida.com.ar\/portalurbano\/wp-json\/wp\/v2\/tags?post=133766"}],"curies":[{"name":"wp","href":"https:\/\/api.w.org\/{rel}","templated":true}]}}