{"id":133715,"date":"2021-01-29T10:02:49","date_gmt":"2021-01-29T13:02:49","guid":{"rendered":"https:\/\/experienciadevida.com.ar\/portalurbano\/?p=133715"},"modified":"2021-01-29T10:07:11","modified_gmt":"2021-01-29T13:07:11","slug":"por-hechos-delictivos-y-vandalicos-realizaron-un-allanamiento-y-secuestraron-varios-elementos","status":"publish","type":"post","link":"https:\/\/experienciadevida.com.ar\/portalurbano\/por-hechos-delictivos-y-vandalicos-realizaron-un-allanamiento-y-secuestraron-varios-elementos\/","title":{"rendered":"Por hechos delictivos y vand\u00e1licos realizaron un allanamiento y secuestraron varios elementos"},"content":{"rendered":"<p>El personal de la comisar\u00eda segunda junto con comisar\u00eda primera, moto polic\u00edas UPPL, SUB DDI y Grupo GAD realizaron un allanamiento otorgado por la Jueza la Dra. Giombini Virginia a cargo del Juzgado de Garant\u00edas del Joven N\u00b0 1 Tandil en un domicilio ubicado en Azopardo al 6000.<\/p>\n<p>All\u00ed procedieron al secuestro de dos cartuchos intactos calibre 22 marca FM, un cartucho intacto calibre 22 marca O.A, una bermuda tipo maya color gris oscuro con vivos color blanco marca RIP CURL, y un gorro tipo piluso, color blanco, marca \u201cLACOSTE\u201d.<\/p>\n<p>El allanamiento se dio a ra\u00edz de varios hechos delictivos y vand\u00e1licos ocurridos en el barrio los \u00faltimos d\u00edas.<\/p>\n<p>Los elementos secuestrados quedaron a disposici\u00f3n del Juzgado interviniente.<\/p>\n","protected":false},"excerpt":{"rendered":"<p>El personal de la comisar\u00eda segunda junto con comisar\u00eda primera, moto polic\u00edas UPPL, SUB DDI&#8230;<\/p>\n","protected":false},"author":1,"featured_media":133716,"comment_status":"closed","ping_status":"closed","sticky":false,"template":"","format":"standard","meta":{"content-type":""},"categories":[51,40],"tags":[],"nelio_content":{"isAutoShareEnabled":false,"autoShareEndMode":"default","automationSources":{"useContentSentences":true,"useSocialTemplates":true,"useCustomSentences":false,"customSentences":[]},"followers":[1],"suggestedReferences":[],"includedReferences":[],"efiUrl":"","efiAlt":"","highlights":[]},"yoast_head":"<!-- This site is optimized with the Yoast SEO plugin v20.7 - https:\/\/yoast.com\/wordpress\/plugins\/seo\/ -->\n<title>Por hechos delictivos y vand\u00e1licos realizaron un allanamiento<\/title>\n<meta name=\"description\" content=\"Por hechos delictivos y vand\u00e1licos realizaron un allanamiento y secuestraron varios elementos, en la calle Azopardo al 6000\" \/>\n<meta name=\"robots\" content=\"index, follow, max-snippet:-1, max-image-preview:large, max-video-preview:-1\" \/>\n<link rel=\"canonical\" href=\"https:\/\/experienciadevida.com.ar\/portalurbano\/por-hechos-delictivos-y-vandalicos-realizaron-un-allanamiento-y-secuestraron-varios-elementos\/\" \/>\n<meta property=\"og:locale\" content=\"es_ES\" \/>\n<meta property=\"og:type\" content=\"article\" \/>\n<meta property=\"og:title\" content=\"Por hechos delictivos y vand\u00e1licos realizaron un allanamiento\" \/>\n<meta property=\"og:description\" content=\"Por hechos delictivos y vand\u00e1licos realizaron un allanamiento y secuestraron varios elementos, en la calle Azopardo al 6000\" \/>\n<meta property=\"og:url\" content=\"https:\/\/experienciadevida.com.ar\/portalurbano\/por-hechos-delictivos-y-vandalicos-realizaron-un-allanamiento-y-secuestraron-varios-elementos\/\" \/>\n<meta property=\"article:publisher\" content=\"https:\/\/www.facebook.com\/Portal-Urbano-171542830093757\/\" \/>\n<meta property=\"article:published_time\" content=\"2021-01-29T13:02:49+00:00\" \/>\n<meta property=\"article:modified_time\" content=\"2021-01-29T13:07:11+00:00\" \/>\n<meta property=\"og:image\" content=\"https:\/\/experienciadevida.com.ar\/portalurbano\/wp-content\/uploads\/2021\/01\/Allanamiento-1.jpg\" \/>\n\t<meta property=\"og:image:width\" content=\"1280\" \/>\n\t<meta property=\"og:image:height\" content=\"720\" \/>\n\t<meta property=\"og:image:type\" content=\"image\/jpeg\" \/>\n<meta name=\"author\" content=\"admpu17wp\" \/>\n<meta name=\"twitter:card\" content=\"summary_large_image\" \/>\n<meta name=\"twitter:creator\" content=\"@portalurbanook\" \/>\n<meta name=\"twitter:site\" content=\"@portalurbanook\" \/>\n<meta name=\"twitter:label1\" content=\"Escrito por\" \/>\n\t<meta name=\"twitter:data1\" content=\"admpu17wp\" \/>\n\t<meta name=\"twitter:label2\" content=\"Tiempo de lectura\" \/>\n\t<meta name=\"twitter:data2\" content=\"1 minuto\" \/>\n<script type=\"application\/ld+json\" class=\"yoast-schema-graph\">{\"@context\":\"https:\/\/schema.org\",\"@graph\":[{\"@type\":\"Article\",\"@id\":\"https:\/\/experienciadevida.com.ar\/portalurbano\/por-hechos-delictivos-y-vandalicos-realizaron-un-allanamiento-y-secuestraron-varios-elementos\/#article\",\"isPartOf\":{\"@id\":\"https:\/\/experienciadevida.com.ar\/portalurbano\/por-hechos-delictivos-y-vandalicos-realizaron-un-allanamiento-y-secuestraron-varios-elementos\/\"},\"author\":{\"name\":\"admpu17wp\",\"@id\":\"https:\/\/experienciadevida.com.ar\/portalurbano\/#\/schema\/person\/02dd326b1c4b056e9cc972486934a3a7\"},\"headline\":\"Por hechos delictivos y vand\u00e1licos realizaron un allanamiento y secuestraron varios elementos\",\"datePublished\":\"2021-01-29T13:02:49+00:00\",\"dateModified\":\"2021-01-29T13:07:11+00:00\",\"mainEntityOfPage\":{\"@id\":\"https:\/\/experienciadevida.com.ar\/portalurbano\/por-hechos-delictivos-y-vandalicos-realizaron-un-allanamiento-y-secuestraron-varios-elementos\/\"},\"wordCount\":136,\"publisher\":{\"@id\":\"https:\/\/experienciadevida.com.ar\/portalurbano\/#organization\"},\"articleSection\":[\"Destacadas\",\"Policiales\"],\"inLanguage\":\"es\"},{\"@type\":\"WebPage\",\"@id\":\"https:\/\/experienciadevida.com.ar\/portalurbano\/por-hechos-delictivos-y-vandalicos-realizaron-un-allanamiento-y-secuestraron-varios-elementos\/\",\"url\":\"https:\/\/experienciadevida.com.ar\/portalurbano\/por-hechos-delictivos-y-vandalicos-realizaron-un-allanamiento-y-secuestraron-varios-elementos\/\",\"name\":\"Por hechos delictivos y vand\u00e1licos realizaron un allanamiento\",\"isPartOf\":{\"@id\":\"https:\/\/experienciadevida.com.ar\/portalurbano\/#website\"},\"datePublished\":\"2021-01-29T13:02:49+00:00\",\"dateModified\":\"2021-01-29T13:07:11+00:00\",\"description\":\"Por hechos delictivos y vand\u00e1licos realizaron un allanamiento y secuestraron varios elementos, en la calle Azopardo al 6000\",\"breadcrumb\":{\"@id\":\"https:\/\/experienciadevida.com.ar\/portalurbano\/por-hechos-delictivos-y-vandalicos-realizaron-un-allanamiento-y-secuestraron-varios-elementos\/#breadcrumb\"},\"inLanguage\":\"es\",\"potentialAction\":[{\"@type\":\"ReadAction\",\"target\":[\"https:\/\/experienciadevida.com.ar\/portalurbano\/por-hechos-delictivos-y-vandalicos-realizaron-un-allanamiento-y-secuestraron-varios-elementos\/\"]}]},{\"@type\":\"BreadcrumbList\",\"@id\":\"https:\/\/experienciadevida.com.ar\/portalurbano\/por-hechos-delictivos-y-vandalicos-realizaron-un-allanamiento-y-secuestraron-varios-elementos\/#breadcrumb\",\"itemListElement\":[{\"@type\":\"ListItem\",\"position\":1,\"name\":\"Portada\",\"item\":\"https:\/\/experienciadevida.com.ar\/portalurbano\/\"},{\"@type\":\"ListItem\",\"position\":2,\"name\":\"Por hechos delictivos y vand\u00e1licos realizaron un allanamiento y secuestraron varios elementos\"}]},{\"@type\":\"WebSite\",\"@id\":\"https:\/\/experienciadevida.com.ar\/portalurbano\/#website\",\"url\":\"https:\/\/experienciadevida.com.ar\/portalurbano\/\",\"name\":\"\",\"description\":\"\",\"publisher\":{\"@id\":\"https:\/\/experienciadevida.com.ar\/portalurbano\/#organization\"},\"potentialAction\":[{\"@type\":\"SearchAction\",\"target\":{\"@type\":\"EntryPoint\",\"urlTemplate\":\"https:\/\/experienciadevida.com.ar\/portalurbano\/?s={search_term_string}\"},\"query-input\":\"required name=search_term_string\"}],\"inLanguage\":\"es\"},{\"@type\":\"Organization\",\"@id\":\"https:\/\/experienciadevida.com.ar\/portalurbano\/#organization\",\"name\":\"Portal Urbano\",\"url\":\"https:\/\/experienciadevida.com.ar\/portalurbano\/\",\"logo\":{\"@type\":\"ImageObject\",\"inLanguage\":\"es\",\"@id\":\"https:\/\/experienciadevida.com.ar\/portalurbano\/#\/schema\/logo\/image\/\",\"url\":\"https:\/\/experienciadevida.com.ar\/portalurbano\/wp-content\/uploads\/2019\/09\/Logo-Original.png\",\"contentUrl\":\"https:\/\/experienciadevida.com.ar\/portalurbano\/wp-content\/uploads\/2019\/09\/Logo-Original.png\",\"width\":2236,\"height\":1216,\"caption\":\"Portal Urbano\"},\"image\":{\"@id\":\"https:\/\/experienciadevida.com.ar\/portalurbano\/#\/schema\/logo\/image\/\"},\"sameAs\":[\"https:\/\/www.facebook.com\/Portal-Urbano-171542830093757\/\",\"https:\/\/twitter.com\/portalurbanook\",\"https:\/\/www.instagram.com\/_portalurbano\/\",\"https:\/\/www.youtube.com\/channel\/UCXhagIfszH8KxFiOok79zbA?view_as=subscriber\"]},{\"@type\":\"Person\",\"@id\":\"https:\/\/experienciadevida.com.ar\/portalurbano\/#\/schema\/person\/02dd326b1c4b056e9cc972486934a3a7\",\"name\":\"admpu17wp\",\"image\":{\"@type\":\"ImageObject\",\"inLanguage\":\"es\",\"@id\":\"https:\/\/experienciadevida.com.ar\/portalurbano\/#\/schema\/person\/image\/\",\"url\":\"https:\/\/secure.gravatar.com\/avatar\/830d4c57adaae6630765e449a6908047?s=96&d=mm&r=g\",\"contentUrl\":\"https:\/\/secure.gravatar.com\/avatar\/830d4c57adaae6630765e449a6908047?s=96&d=mm&r=g\",\"caption\":\"admpu17wp\"}}]}<\/script>\n<!-- \/ Yoast SEO plugin. -->","yoast_head_json":{"title":"Por hechos delictivos y vand\u00e1licos realizaron un allanamiento","description":"Por hechos delictivos y vand\u00e1licos realizaron un allanamiento y secuestraron varios elementos, en la calle Azopardo al 6000","robots":{"index":"index","follow":"follow","max-snippet":"max-snippet:-1","max-image-preview":"max-image-preview:large","max-video-preview":"max-video-preview:-1"},"canonical":"https:\/\/experienciadevida.com.ar\/portalurbano\/por-hechos-delictivos-y-vandalicos-realizaron-un-allanamiento-y-secuestraron-varios-elementos\/","og_locale":"es_ES","og_type":"article","og_title":"Por hechos delictivos y vand\u00e1licos realizaron un allanamiento","og_description":"Por hechos delictivos y vand\u00e1licos realizaron un allanamiento y secuestraron varios elementos, en la calle Azopardo al 6000","og_url":"https:\/\/experienciadevida.com.ar\/portalurbano\/por-hechos-delictivos-y-vandalicos-realizaron-un-allanamiento-y-secuestraron-varios-elementos\/","article_publisher":"https:\/\/www.facebook.com\/Portal-Urbano-171542830093757\/","article_published_time":"2021-01-29T13:02:49+00:00","article_modified_time":"2021-01-29T13:07:11+00:00","og_image":[{"width":1280,"height":720,"url":"https:\/\/experienciadevida.com.ar\/portalurbano\/wp-content\/uploads\/2021\/01\/Allanamiento-1.jpg","type":"image\/jpeg"}],"author":"admpu17wp","twitter_card":"summary_large_image","twitter_creator":"@portalurbanook","twitter_site":"@portalurbanook","twitter_misc":{"Escrito por":"admpu17wp","Tiempo de lectura":"1 minuto"},"schema":{"@context":"https:\/\/schema.org","@graph":[{"@type":"Article","@id":"https:\/\/experienciadevida.com.ar\/portalurbano\/por-hechos-delictivos-y-vandalicos-realizaron-un-allanamiento-y-secuestraron-varios-elementos\/#article","isPartOf":{"@id":"https:\/\/experienciadevida.com.ar\/portalurbano\/por-hechos-delictivos-y-vandalicos-realizaron-un-allanamiento-y-secuestraron-varios-elementos\/"},"author":{"name":"admpu17wp","@id":"https:\/\/experienciadevida.com.ar\/portalurbano\/#\/schema\/person\/02dd326b1c4b056e9cc972486934a3a7"},"headline":"Por hechos delictivos y vand\u00e1licos realizaron un allanamiento y secuestraron varios elementos","datePublished":"2021-01-29T13:02:49+00:00","dateModified":"2021-01-29T13:07:11+00:00","mainEntityOfPage":{"@id":"https:\/\/experienciadevida.com.ar\/portalurbano\/por-hechos-delictivos-y-vandalicos-realizaron-un-allanamiento-y-secuestraron-varios-elementos\/"},"wordCount":136,"publisher":{"@id":"https:\/\/experienciadevida.com.ar\/portalurbano\/#organization"},"articleSection":["Destacadas","Policiales"],"inLanguage":"es"},{"@type":"WebPage","@id":"https:\/\/experienciadevida.com.ar\/portalurbano\/por-hechos-delictivos-y-vandalicos-realizaron-un-allanamiento-y-secuestraron-varios-elementos\/","url":"https:\/\/experienciadevida.com.ar\/portalurbano\/por-hechos-delictivos-y-vandalicos-realizaron-un-allanamiento-y-secuestraron-varios-elementos\/","name":"Por hechos delictivos y vand\u00e1licos realizaron un allanamiento","isPartOf":{"@id":"https:\/\/experienciadevida.com.ar\/portalurbano\/#website"},"datePublished":"2021-01-29T13:02:49+00:00","dateModified":"2021-01-29T13:07:11+00:00","description":"Por hechos delictivos y vand\u00e1licos realizaron un allanamiento y secuestraron varios elementos, en la calle Azopardo al 6000","breadcrumb":{"@id":"https:\/\/experienciadevida.com.ar\/portalurbano\/por-hechos-delictivos-y-vandalicos-realizaron-un-allanamiento-y-secuestraron-varios-elementos\/#breadcrumb"},"inLanguage":"es","potentialAction":[{"@type":"ReadAction","target":["https:\/\/experienciadevida.com.ar\/portalurbano\/por-hechos-delictivos-y-vandalicos-realizaron-un-allanamiento-y-secuestraron-varios-elementos\/"]}]},{"@type":"BreadcrumbList","@id":"https:\/\/experienciadevida.com.ar\/portalurbano\/por-hechos-delictivos-y-vandalicos-realizaron-un-allanamiento-y-secuestraron-varios-elementos\/#breadcrumb","itemListElement":[{"@type":"ListItem","position":1,"name":"Portada","item":"https:\/\/experienciadevida.com.ar\/portalurbano\/"},{"@type":"ListItem","position":2,"name":"Por hechos delictivos y vand\u00e1licos realizaron un allanamiento y secuestraron varios elementos"}]},{"@type":"WebSite","@id":"https:\/\/experienciadevida.com.ar\/portalurbano\/#website","url":"https:\/\/experienciadevida.com.ar\/portalurbano\/","name":"","description":"","publisher":{"@id":"https:\/\/experienciadevida.com.ar\/portalurbano\/#organization"},"potentialAction":[{"@type":"SearchAction","target":{"@type":"EntryPoint","urlTemplate":"https:\/\/experienciadevida.com.ar\/portalurbano\/?s={search_term_string}"},"query-input":"required name=search_term_string"}],"inLanguage":"es"},{"@type":"Organization","@id":"https:\/\/experienciadevida.com.ar\/portalurbano\/#organization","name":"Portal Urbano","url":"https:\/\/experienciadevida.com.ar\/portalurbano\/","logo":{"@type":"ImageObject","inLanguage":"es","@id":"https:\/\/experienciadevida.com.ar\/portalurbano\/#\/schema\/logo\/image\/","url":"https:\/\/experienciadevida.com.ar\/portalurbano\/wp-content\/uploads\/2019\/09\/Logo-Original.png","contentUrl":"https:\/\/experienciadevida.com.ar\/portalurbano\/wp-content\/uploads\/2019\/09\/Logo-Original.png","width":2236,"height":1216,"caption":"Portal Urbano"},"image":{"@id":"https:\/\/experienciadevida.com.ar\/portalurbano\/#\/schema\/logo\/image\/"},"sameAs":["https:\/\/www.facebook.com\/Portal-Urbano-171542830093757\/","https:\/\/twitter.com\/portalurbanook","https:\/\/www.instagram.com\/_portalurbano\/","https:\/\/www.youtube.com\/channel\/UCXhagIfszH8KxFiOok79zbA?view_as=subscriber"]},{"@type":"Person","@id":"https:\/\/experienciadevida.com.ar\/portalurbano\/#\/schema\/person\/02dd326b1c4b056e9cc972486934a3a7","name":"admpu17wp","image":{"@type":"ImageObject","inLanguage":"es","@id":"https:\/\/experienciadevida.com.ar\/portalurbano\/#\/schema\/person\/image\/","url":"https:\/\/secure.gravatar.com\/avatar\/830d4c57adaae6630765e449a6908047?s=96&d=mm&r=g","contentUrl":"https:\/\/secure.gravatar.com\/avatar\/830d4c57adaae6630765e449a6908047?s=96&d=mm&r=g","caption":"admpu17wp"}}]}},"featured_image_urls":{"full":["https:\/\/experienciadevida.com.ar\/portalurbano\/wp-content\/uploads\/2021\/01\/Allanamiento-1.jpg",1280,720,false],"thumbnail":["https:\/\/experienciadevida.com.ar\/portalurbano\/wp-content\/uploads\/2021\/01\/Allanamiento-1-150x150.jpg",150,150,true],"medium":["https:\/\/experienciadevida.com.ar\/portalurbano\/wp-content\/uploads\/2021\/01\/Allanamiento-1-300x169.jpg",300,169,true],"medium_large":["https:\/\/experienciadevida.com.ar\/portalurbano\/wp-content\/uploads\/2021\/01\/Allanamiento-1-768x432.jpg",640,360,true],"large":["https:\/\/experienciadevida.com.ar\/portalurbano\/wp-content\/uploads\/2021\/01\/Allanamiento-1-1024x576.jpg",640,360,true],"ug_big":["https:\/\/experienciadevida.com.ar\/portalurbano\/wp-content\/uploads\/2021\/01\/Allanamiento-1-768x432.jpg",768,432,true],"1536x1536":["https:\/\/experienciadevida.com.ar\/portalurbano\/wp-content\/uploads\/2021\/01\/Allanamiento-1.jpg",1280,720,false],"2048x2048":["https:\/\/experienciadevida.com.ar\/portalurbano\/wp-content\/uploads\/2021\/01\/Allanamiento-1.jpg",1280,720,false],"newsever-slider-full":["https:\/\/experienciadevida.com.ar\/portalurbano\/wp-content\/uploads\/2021\/01\/Allanamiento-1.jpg",1280,720,false],"newsever-featured":["https:\/\/experienciadevida.com.ar\/portalurbano\/wp-content\/uploads\/2021\/01\/Allanamiento-1.jpg",1024,576,false],"newsever-medium":["https:\/\/experienciadevida.com.ar\/portalurbano\/wp-content\/uploads\/2021\/01\/Allanamiento-1.jpg",720,405,false],"web-stories-poster-portrait":["https:\/\/experienciadevida.com.ar\/portalurbano\/wp-content\/uploads\/2021\/01\/Allanamiento-1.jpg",640,360,false],"web-stories-publisher-logo":["https:\/\/experienciadevida.com.ar\/portalurbano\/wp-content\/uploads\/2021\/01\/Allanamiento-1.jpg",96,54,false],"web-stories-thumbnail":["https:\/\/experienciadevida.com.ar\/portalurbano\/wp-content\/uploads\/2021\/01\/Allanamiento-1.jpg",150,84,false]},"author_info":{"display_name":"admpu17wp","author_link":"https:\/\/experienciadevida.com.ar\/portalurbano\/author\/admpu17wp\/"},"category_info":"<a href=\"https:\/\/experienciadevida.com.ar\/portalurbano\/category\/destacadas\/\" rel=\"category tag\">Destacadas<\/a> <a href=\"https:\/\/experienciadevida.com.ar\/portalurbano\/category\/policiales\/\" rel=\"category tag\">Policiales<\/a>","tag_info":"Policiales","comment_count":"0","amp_enabled":true,"_links":{"self":[{"href":"https:\/\/experienciadevida.com.ar\/portalurbano\/wp-json\/wp\/v2\/posts\/133715"}],"collection":[{"href":"https:\/\/experienciadevida.com.ar\/portalurbano\/wp-json\/wp\/v2\/posts"}],"about":[{"href":"https:\/\/experienciadevida.com.ar\/portalurbano\/wp-json\/wp\/v2\/types\/post"}],"author":[{"embeddable":true,"href":"https:\/\/experienciadevida.com.ar\/portalurbano\/wp-json\/wp\/v2\/users\/1"}],"replies":[{"embeddable":true,"href":"https:\/\/experienciadevida.com.ar\/portalurbano\/wp-json\/wp\/v2\/comments?post=133715"}],"version-history":[{"count":2,"href":"https:\/\/experienciadevida.com.ar\/portalurbano\/wp-json\/wp\/v2\/posts\/133715\/revisions"}],"predecessor-version":[{"id":133718,"href":"https:\/\/experienciadevida.com.ar\/portalurbano\/wp-json\/wp\/v2\/posts\/133715\/revisions\/133718"}],"wp:featuredmedia":[{"embeddable":true,"href":"https:\/\/experienciadevida.com.ar\/portalurbano\/wp-json\/wp\/v2\/media\/133716"}],"wp:attachment":[{"href":"https:\/\/experienciadevida.com.ar\/portalurbano\/wp-json\/wp\/v2\/media?parent=133715"}],"wp:term":[{"taxonomy":"category","embeddable":true,"href":"https:\/\/experienciadevida.com.ar\/portalurbano\/wp-json\/wp\/v2\/categories?post=133715"},{"taxonomy":"post_tag","embeddable":true,"href":"https:\/\/experienciadevida.com.ar\/portalurbano\/wp-json\/wp\/v2\/tags?post=133715"}],"curies":[{"name":"wp","href":"https:\/\/api.w.org\/{rel}","templated":true}]}}