{"id":133707,"date":"2021-01-28T21:00:05","date_gmt":"2021-01-29T00:00:05","guid":{"rendered":"https:\/\/experienciadevida.com.ar\/portalurbano\/?p=133707"},"modified":"2021-01-28T21:02:20","modified_gmt":"2021-01-29T00:02:20","slug":"anuncian-un-corte-de-energia-para-este-viernes-en-varios-sectores-de-la-ciudad-localidades-y-kochi-tue","status":"publish","type":"post","link":"https:\/\/experienciadevida.com.ar\/portalurbano\/anuncian-un-corte-de-energia-para-este-viernes-en-varios-sectores-de-la-ciudad-localidades-y-kochi-tue\/","title":{"rendered":"Anuncian un corte de energ\u00eda para este viernes en varios sectores de la ciudad, localidades y Kochi Tue"},"content":{"rendered":"<p>Coopelectric anunci\u00f3 un corte de energ\u00eda el\u00e9ctrica programado para este viernes, por tareas de mantenimiento. Es importante mencionar que en caso de que las condiciones clim\u00e1ticas sean adversas deber\u00e1 ser reprogramado.<\/p>\n<p><strong>De 6 a 10 de la ma\u00f1ana en dos sectores:<\/strong><\/p>\n<p>Sector 1: Autopista Fortabat- V\u00edas FFCC- Avenida Pueyrred\u00f3n- Avenida Circunvalaci\u00f3n<\/p>\n<p>Sector 2: Country Sauvaterre<\/p>\n<p><strong>De 8 a 9 de la ma\u00f1ana:<\/strong><\/p>\n<p>Villa Arrieta &#8211; Sierras Bayas<\/p>\n<p><strong>De 8 a 12hs:<\/strong><\/p>\n<p>Sector Kochi Tue<\/p>\n","protected":false},"excerpt":{"rendered":"<p>Coopelectric anunci\u00f3 un corte de energ\u00eda el\u00e9ctrica programado para este viernes, por tareas de mantenimiento&#8230;.<\/p>\n","protected":false},"author":1,"featured_media":0,"comment_status":"closed","ping_status":"closed","sticky":false,"template":"","format":"standard","meta":{"content-type":""},"categories":[27,64],"tags":[],"nelio_content":{"isAutoShareEnabled":false,"autoShareEndMode":"default","automationSources":{"useContentSentences":true,"useSocialTemplates":true,"useCustomSentences":false,"customSentences":[]},"followers":[1],"suggestedReferences":[],"includedReferences":[],"efiUrl":"","efiAlt":"","highlights":[]},"yoast_head":"<!-- This site is optimized with the Yoast SEO plugin v20.7 - https:\/\/yoast.com\/wordpress\/plugins\/seo\/ -->\n<title>Anuncian un corte de energ\u00eda para este viernes en varios sectores<\/title>\n<meta name=\"description\" content=\"Coopelectric anunci\u00f3 un corte de energ\u00eda el\u00e9ctrica programado para este viernes, por tareas de mantenimiento, en caso de lluvia se pospondr\u00e1\" \/>\n<meta name=\"robots\" content=\"index, follow, max-snippet:-1, max-image-preview:large, max-video-preview:-1\" \/>\n<link rel=\"canonical\" href=\"https:\/\/experienciadevida.com.ar\/portalurbano\/anuncian-un-corte-de-energia-para-este-viernes-en-varios-sectores-de-la-ciudad-localidades-y-kochi-tue\/\" \/>\n<meta property=\"og:locale\" content=\"es_ES\" \/>\n<meta property=\"og:type\" content=\"article\" \/>\n<meta property=\"og:title\" content=\"Anuncian un corte de energ\u00eda para este viernes en varios sectores\" \/>\n<meta property=\"og:description\" content=\"Coopelectric anunci\u00f3 un corte de energ\u00eda el\u00e9ctrica programado para este viernes, por tareas de mantenimiento, en caso de lluvia se pospondr\u00e1\" \/>\n<meta property=\"og:url\" content=\"https:\/\/experienciadevida.com.ar\/portalurbano\/anuncian-un-corte-de-energia-para-este-viernes-en-varios-sectores-de-la-ciudad-localidades-y-kochi-tue\/\" \/>\n<meta property=\"article:publisher\" content=\"https:\/\/www.facebook.com\/Portal-Urbano-171542830093757\/\" \/>\n<meta property=\"article:published_time\" content=\"2021-01-29T00:00:05+00:00\" \/>\n<meta property=\"article:modified_time\" content=\"2021-01-29T00:02:20+00:00\" \/>\n<meta property=\"og:image\" content=\"https:\/\/experienciadevida.com.ar\/portalurbano\/wp-content\/uploads\/2018\/12\/coopelectric-e1557533121764.jpg\" \/>\n\t<meta property=\"og:image:width\" content=\"750\" \/>\n\t<meta property=\"og:image:height\" content=\"500\" \/>\n\t<meta property=\"og:image:type\" content=\"image\/jpeg\" \/>\n<meta name=\"author\" content=\"admpu17wp\" \/>\n<meta name=\"twitter:card\" content=\"summary_large_image\" \/>\n<meta name=\"twitter:creator\" content=\"@portalurbanook\" \/>\n<meta name=\"twitter:site\" content=\"@portalurbanook\" \/>\n<meta name=\"twitter:label1\" content=\"Escrito por\" \/>\n\t<meta name=\"twitter:data1\" content=\"admpu17wp\" \/>\n\t<meta name=\"twitter:label2\" content=\"Tiempo de lectura\" \/>\n\t<meta name=\"twitter:data2\" content=\"1 minuto\" \/>\n<script type=\"application\/ld+json\" class=\"yoast-schema-graph\">{\"@context\":\"https:\/\/schema.org\",\"@graph\":[{\"@type\":\"Article\",\"@id\":\"https:\/\/experienciadevida.com.ar\/portalurbano\/anuncian-un-corte-de-energia-para-este-viernes-en-varios-sectores-de-la-ciudad-localidades-y-kochi-tue\/#article\",\"isPartOf\":{\"@id\":\"https:\/\/experienciadevida.com.ar\/portalurbano\/anuncian-un-corte-de-energia-para-este-viernes-en-varios-sectores-de-la-ciudad-localidades-y-kochi-tue\/\"},\"author\":{\"name\":\"admpu17wp\",\"@id\":\"https:\/\/experienciadevida.com.ar\/portalurbano\/#\/schema\/person\/02dd326b1c4b056e9cc972486934a3a7\"},\"headline\":\"Anuncian un corte de energ\u00eda para este viernes en varios sectores de la ciudad, localidades y Kochi Tue\",\"datePublished\":\"2021-01-29T00:00:05+00:00\",\"dateModified\":\"2021-01-29T00:02:20+00:00\",\"mainEntityOfPage\":{\"@id\":\"https:\/\/experienciadevida.com.ar\/portalurbano\/anuncian-un-corte-de-energia-para-este-viernes-en-varios-sectores-de-la-ciudad-localidades-y-kochi-tue\/\"},\"wordCount\":94,\"publisher\":{\"@id\":\"https:\/\/experienciadevida.com.ar\/portalurbano\/#organization\"},\"articleSection\":[\"Ciudad\",\"Destacadas 2\"],\"inLanguage\":\"es\"},{\"@type\":\"WebPage\",\"@id\":\"https:\/\/experienciadevida.com.ar\/portalurbano\/anuncian-un-corte-de-energia-para-este-viernes-en-varios-sectores-de-la-ciudad-localidades-y-kochi-tue\/\",\"url\":\"https:\/\/experienciadevida.com.ar\/portalurbano\/anuncian-un-corte-de-energia-para-este-viernes-en-varios-sectores-de-la-ciudad-localidades-y-kochi-tue\/\",\"name\":\"Anuncian un corte de energ\u00eda para este viernes en varios sectores\",\"isPartOf\":{\"@id\":\"https:\/\/experienciadevida.com.ar\/portalurbano\/#website\"},\"datePublished\":\"2021-01-29T00:00:05+00:00\",\"dateModified\":\"2021-01-29T00:02:20+00:00\",\"description\":\"Coopelectric anunci\u00f3 un corte de energ\u00eda el\u00e9ctrica programado para este viernes, por tareas de mantenimiento, en caso de lluvia se pospondr\u00e1\",\"breadcrumb\":{\"@id\":\"https:\/\/experienciadevida.com.ar\/portalurbano\/anuncian-un-corte-de-energia-para-este-viernes-en-varios-sectores-de-la-ciudad-localidades-y-kochi-tue\/#breadcrumb\"},\"inLanguage\":\"es\",\"potentialAction\":[{\"@type\":\"ReadAction\",\"target\":[\"https:\/\/experienciadevida.com.ar\/portalurbano\/anuncian-un-corte-de-energia-para-este-viernes-en-varios-sectores-de-la-ciudad-localidades-y-kochi-tue\/\"]}]},{\"@type\":\"BreadcrumbList\",\"@id\":\"https:\/\/experienciadevida.com.ar\/portalurbano\/anuncian-un-corte-de-energia-para-este-viernes-en-varios-sectores-de-la-ciudad-localidades-y-kochi-tue\/#breadcrumb\",\"itemListElement\":[{\"@type\":\"ListItem\",\"position\":1,\"name\":\"Portada\",\"item\":\"https:\/\/experienciadevida.com.ar\/portalurbano\/\"},{\"@type\":\"ListItem\",\"position\":2,\"name\":\"Anuncian un corte de energ\u00eda para este viernes en varios sectores de la ciudad, localidades y Kochi Tue\"}]},{\"@type\":\"WebSite\",\"@id\":\"https:\/\/experienciadevida.com.ar\/portalurbano\/#website\",\"url\":\"https:\/\/experienciadevida.com.ar\/portalurbano\/\",\"name\":\"\",\"description\":\"\",\"publisher\":{\"@id\":\"https:\/\/experienciadevida.com.ar\/portalurbano\/#organization\"},\"potentialAction\":[{\"@type\":\"SearchAction\",\"target\":{\"@type\":\"EntryPoint\",\"urlTemplate\":\"https:\/\/experienciadevida.com.ar\/portalurbano\/?s={search_term_string}\"},\"query-input\":\"required name=search_term_string\"}],\"inLanguage\":\"es\"},{\"@type\":\"Organization\",\"@id\":\"https:\/\/experienciadevida.com.ar\/portalurbano\/#organization\",\"name\":\"Portal Urbano\",\"url\":\"https:\/\/experienciadevida.com.ar\/portalurbano\/\",\"logo\":{\"@type\":\"ImageObject\",\"inLanguage\":\"es\",\"@id\":\"https:\/\/experienciadevida.com.ar\/portalurbano\/#\/schema\/logo\/image\/\",\"url\":\"https:\/\/experienciadevida.com.ar\/portalurbano\/wp-content\/uploads\/2019\/09\/Logo-Original.png\",\"contentUrl\":\"https:\/\/experienciadevida.com.ar\/portalurbano\/wp-content\/uploads\/2019\/09\/Logo-Original.png\",\"width\":2236,\"height\":1216,\"caption\":\"Portal Urbano\"},\"image\":{\"@id\":\"https:\/\/experienciadevida.com.ar\/portalurbano\/#\/schema\/logo\/image\/\"},\"sameAs\":[\"https:\/\/www.facebook.com\/Portal-Urbano-171542830093757\/\",\"https:\/\/twitter.com\/portalurbanook\",\"https:\/\/www.instagram.com\/_portalurbano\/\",\"https:\/\/www.youtube.com\/channel\/UCXhagIfszH8KxFiOok79zbA?view_as=subscriber\"]},{\"@type\":\"Person\",\"@id\":\"https:\/\/experienciadevida.com.ar\/portalurbano\/#\/schema\/person\/02dd326b1c4b056e9cc972486934a3a7\",\"name\":\"admpu17wp\",\"image\":{\"@type\":\"ImageObject\",\"inLanguage\":\"es\",\"@id\":\"https:\/\/experienciadevida.com.ar\/portalurbano\/#\/schema\/person\/image\/\",\"url\":\"https:\/\/secure.gravatar.com\/avatar\/830d4c57adaae6630765e449a6908047?s=96&d=mm&r=g\",\"contentUrl\":\"https:\/\/secure.gravatar.com\/avatar\/830d4c57adaae6630765e449a6908047?s=96&d=mm&r=g\",\"caption\":\"admpu17wp\"}}]}<\/script>\n<!-- \/ Yoast SEO plugin. -->","yoast_head_json":{"title":"Anuncian un corte de energ\u00eda para este viernes en varios sectores","description":"Coopelectric anunci\u00f3 un corte de energ\u00eda el\u00e9ctrica programado para este viernes, por tareas de mantenimiento, en caso de lluvia se pospondr\u00e1","robots":{"index":"index","follow":"follow","max-snippet":"max-snippet:-1","max-image-preview":"max-image-preview:large","max-video-preview":"max-video-preview:-1"},"canonical":"https:\/\/experienciadevida.com.ar\/portalurbano\/anuncian-un-corte-de-energia-para-este-viernes-en-varios-sectores-de-la-ciudad-localidades-y-kochi-tue\/","og_locale":"es_ES","og_type":"article","og_title":"Anuncian un corte de energ\u00eda para este viernes en varios sectores","og_description":"Coopelectric anunci\u00f3 un corte de energ\u00eda el\u00e9ctrica programado para este viernes, por tareas de mantenimiento, en caso de lluvia se pospondr\u00e1","og_url":"https:\/\/experienciadevida.com.ar\/portalurbano\/anuncian-un-corte-de-energia-para-este-viernes-en-varios-sectores-de-la-ciudad-localidades-y-kochi-tue\/","article_publisher":"https:\/\/www.facebook.com\/Portal-Urbano-171542830093757\/","article_published_time":"2021-01-29T00:00:05+00:00","article_modified_time":"2021-01-29T00:02:20+00:00","og_image":[{"width":750,"height":500,"url":"https:\/\/experienciadevida.com.ar\/portalurbano\/wp-content\/uploads\/2018\/12\/coopelectric-e1557533121764.jpg","type":"image\/jpeg"}],"author":"admpu17wp","twitter_card":"summary_large_image","twitter_creator":"@portalurbanook","twitter_site":"@portalurbanook","twitter_misc":{"Escrito por":"admpu17wp","Tiempo de lectura":"1 minuto"},"schema":{"@context":"https:\/\/schema.org","@graph":[{"@type":"Article","@id":"https:\/\/experienciadevida.com.ar\/portalurbano\/anuncian-un-corte-de-energia-para-este-viernes-en-varios-sectores-de-la-ciudad-localidades-y-kochi-tue\/#article","isPartOf":{"@id":"https:\/\/experienciadevida.com.ar\/portalurbano\/anuncian-un-corte-de-energia-para-este-viernes-en-varios-sectores-de-la-ciudad-localidades-y-kochi-tue\/"},"author":{"name":"admpu17wp","@id":"https:\/\/experienciadevida.com.ar\/portalurbano\/#\/schema\/person\/02dd326b1c4b056e9cc972486934a3a7"},"headline":"Anuncian un corte de energ\u00eda para este viernes en varios sectores de la ciudad, localidades y Kochi Tue","datePublished":"2021-01-29T00:00:05+00:00","dateModified":"2021-01-29T00:02:20+00:00","mainEntityOfPage":{"@id":"https:\/\/experienciadevida.com.ar\/portalurbano\/anuncian-un-corte-de-energia-para-este-viernes-en-varios-sectores-de-la-ciudad-localidades-y-kochi-tue\/"},"wordCount":94,"publisher":{"@id":"https:\/\/experienciadevida.com.ar\/portalurbano\/#organization"},"articleSection":["Ciudad","Destacadas 2"],"inLanguage":"es"},{"@type":"WebPage","@id":"https:\/\/experienciadevida.com.ar\/portalurbano\/anuncian-un-corte-de-energia-para-este-viernes-en-varios-sectores-de-la-ciudad-localidades-y-kochi-tue\/","url":"https:\/\/experienciadevida.com.ar\/portalurbano\/anuncian-un-corte-de-energia-para-este-viernes-en-varios-sectores-de-la-ciudad-localidades-y-kochi-tue\/","name":"Anuncian un corte de energ\u00eda para este viernes en varios sectores","isPartOf":{"@id":"https:\/\/experienciadevida.com.ar\/portalurbano\/#website"},"datePublished":"2021-01-29T00:00:05+00:00","dateModified":"2021-01-29T00:02:20+00:00","description":"Coopelectric anunci\u00f3 un corte de energ\u00eda el\u00e9ctrica programado para este viernes, por tareas de mantenimiento, en caso de lluvia se pospondr\u00e1","breadcrumb":{"@id":"https:\/\/experienciadevida.com.ar\/portalurbano\/anuncian-un-corte-de-energia-para-este-viernes-en-varios-sectores-de-la-ciudad-localidades-y-kochi-tue\/#breadcrumb"},"inLanguage":"es","potentialAction":[{"@type":"ReadAction","target":["https:\/\/experienciadevida.com.ar\/portalurbano\/anuncian-un-corte-de-energia-para-este-viernes-en-varios-sectores-de-la-ciudad-localidades-y-kochi-tue\/"]}]},{"@type":"BreadcrumbList","@id":"https:\/\/experienciadevida.com.ar\/portalurbano\/anuncian-un-corte-de-energia-para-este-viernes-en-varios-sectores-de-la-ciudad-localidades-y-kochi-tue\/#breadcrumb","itemListElement":[{"@type":"ListItem","position":1,"name":"Portada","item":"https:\/\/experienciadevida.com.ar\/portalurbano\/"},{"@type":"ListItem","position":2,"name":"Anuncian un corte de energ\u00eda para este viernes en varios sectores de la ciudad, localidades y Kochi Tue"}]},{"@type":"WebSite","@id":"https:\/\/experienciadevida.com.ar\/portalurbano\/#website","url":"https:\/\/experienciadevida.com.ar\/portalurbano\/","name":"","description":"","publisher":{"@id":"https:\/\/experienciadevida.com.ar\/portalurbano\/#organization"},"potentialAction":[{"@type":"SearchAction","target":{"@type":"EntryPoint","urlTemplate":"https:\/\/experienciadevida.com.ar\/portalurbano\/?s={search_term_string}"},"query-input":"required name=search_term_string"}],"inLanguage":"es"},{"@type":"Organization","@id":"https:\/\/experienciadevida.com.ar\/portalurbano\/#organization","name":"Portal Urbano","url":"https:\/\/experienciadevida.com.ar\/portalurbano\/","logo":{"@type":"ImageObject","inLanguage":"es","@id":"https:\/\/experienciadevida.com.ar\/portalurbano\/#\/schema\/logo\/image\/","url":"https:\/\/experienciadevida.com.ar\/portalurbano\/wp-content\/uploads\/2019\/09\/Logo-Original.png","contentUrl":"https:\/\/experienciadevida.com.ar\/portalurbano\/wp-content\/uploads\/2019\/09\/Logo-Original.png","width":2236,"height":1216,"caption":"Portal Urbano"},"image":{"@id":"https:\/\/experienciadevida.com.ar\/portalurbano\/#\/schema\/logo\/image\/"},"sameAs":["https:\/\/www.facebook.com\/Portal-Urbano-171542830093757\/","https:\/\/twitter.com\/portalurbanook","https:\/\/www.instagram.com\/_portalurbano\/","https:\/\/www.youtube.com\/channel\/UCXhagIfszH8KxFiOok79zbA?view_as=subscriber"]},{"@type":"Person","@id":"https:\/\/experienciadevida.com.ar\/portalurbano\/#\/schema\/person\/02dd326b1c4b056e9cc972486934a3a7","name":"admpu17wp","image":{"@type":"ImageObject","inLanguage":"es","@id":"https:\/\/experienciadevida.com.ar\/portalurbano\/#\/schema\/person\/image\/","url":"https:\/\/secure.gravatar.com\/avatar\/830d4c57adaae6630765e449a6908047?s=96&d=mm&r=g","contentUrl":"https:\/\/secure.gravatar.com\/avatar\/830d4c57adaae6630765e449a6908047?s=96&d=mm&r=g","caption":"admpu17wp"}}]}},"featured_image_urls":{"full":"","thumbnail":"","medium":"","medium_large":"","large":"","ug_big":"","1536x1536":"","2048x2048":"","newsever-slider-full":"","newsever-featured":"","newsever-medium":"","web-stories-poster-portrait":"","web-stories-publisher-logo":"","web-stories-thumbnail":""},"author_info":{"display_name":"admpu17wp","author_link":"https:\/\/experienciadevida.com.ar\/portalurbano\/author\/admpu17wp\/"},"category_info":"<a href=\"https:\/\/experienciadevida.com.ar\/portalurbano\/category\/ciudad\/\" rel=\"category tag\">Ciudad<\/a> <a href=\"https:\/\/experienciadevida.com.ar\/portalurbano\/category\/destacadas-2\/\" rel=\"category tag\">Destacadas 2<\/a>","tag_info":"Destacadas 2","comment_count":"0","amp_enabled":true,"_links":{"self":[{"href":"https:\/\/experienciadevida.com.ar\/portalurbano\/wp-json\/wp\/v2\/posts\/133707"}],"collection":[{"href":"https:\/\/experienciadevida.com.ar\/portalurbano\/wp-json\/wp\/v2\/posts"}],"about":[{"href":"https:\/\/experienciadevida.com.ar\/portalurbano\/wp-json\/wp\/v2\/types\/post"}],"author":[{"embeddable":true,"href":"https:\/\/experienciadevida.com.ar\/portalurbano\/wp-json\/wp\/v2\/users\/1"}],"replies":[{"embeddable":true,"href":"https:\/\/experienciadevida.com.ar\/portalurbano\/wp-json\/wp\/v2\/comments?post=133707"}],"version-history":[{"count":3,"href":"https:\/\/experienciadevida.com.ar\/portalurbano\/wp-json\/wp\/v2\/posts\/133707\/revisions"}],"predecessor-version":[{"id":133711,"href":"https:\/\/experienciadevida.com.ar\/portalurbano\/wp-json\/wp\/v2\/posts\/133707\/revisions\/133711"}],"wp:attachment":[{"href":"https:\/\/experienciadevida.com.ar\/portalurbano\/wp-json\/wp\/v2\/media?parent=133707"}],"wp:term":[{"taxonomy":"category","embeddable":true,"href":"https:\/\/experienciadevida.com.ar\/portalurbano\/wp-json\/wp\/v2\/categories?post=133707"},{"taxonomy":"post_tag","embeddable":true,"href":"https:\/\/experienciadevida.com.ar\/portalurbano\/wp-json\/wp\/v2\/tags?post=133707"}],"curies":[{"name":"wp","href":"https:\/\/api.w.org\/{rel}","templated":true}]}}