{"id":133593,"date":"2021-01-27T17:52:37","date_gmt":"2021-01-27T20:52:37","guid":{"rendered":"https:\/\/experienciadevida.com.ar\/portalurbano\/?p=133593"},"modified":"2021-01-27T18:03:25","modified_gmt":"2021-01-27T21:03:25","slug":"galli-se-reunio-con-conte-grand-y-agustin-simone-firmaron-varios-convenios","status":"publish","type":"post","link":"https:\/\/experienciadevida.com.ar\/portalurbano\/galli-se-reunio-con-conte-grand-y-agustin-simone-firmaron-varios-convenios\/","title":{"rendered":"Galli se reuni\u00f3 con Conte Grand y Agust\u00edn Simone: firmaron varios convenios"},"content":{"rendered":"<p>Galli se reuni\u00f3 con Conte Grand y Agust\u00edn Simone: firmaron varios convenios. El Jefe comunal mantuvo una agenda variada en la ciudad de la Plata.<\/p>\n<p>En horas de la ma\u00f1ana <a href=\"https:\/\/www.facebook.com\/galliezequiel\">Galli<\/a> se reuni\u00f3 con Conte Grand y Agust\u00edn Simone. Con Grand\u00a0 firm\u00f3 un convenio en el marco de colaboraci\u00f3n que permite trabajar articuladamente entre el Ministerio P\u00fablico Fiscal y el Municipio.<\/p>\n<p>Adem\u00e1s, en la reuni\u00f3n de Galli con Conte Grand firmaron otros convenios tales como de capacitaci\u00f3n, cooperaci\u00f3n, tecnolog\u00eda y de informaci\u00f3n estad\u00edstica.<\/p>\n<p>Por otra parte, durante la tarde el jefe comunal, que estuvo acompa\u00f1ado por el Secretario de Gobierno Hilario Galli, se reuni\u00f3 con el Ministro de Infraestructura provincial Agust\u00edn Simone.<\/p>\n<p>Seg\u00fan explic\u00f3 el propio Ezequiel Galli pudieron dialogar \u201csobre los proyectos que tenemos en Olavarr\u00eda del Fondo de Infraestructura Municipal (FIM) de 2020 y 2021, las obras que vamos a llevar adelante en el Partido y le transmit\u00ed la importancia que tiene para nuestros vecinos la obra de doble mano de la Ruta N\u00b0 51 entre la Ruta Nacional N\u00b0 226 y Lamal\u00ed y me confirm\u00f3 que la tienen en carpeta\u201d.<\/p>\n<p>Asimismo, el Intendente dijo que \u201cabordamos tambi\u00e9n el tema del transporte y la convalidaci\u00f3n de las ordenanzas para generar nuevos lotes para los vecinos del Partido de Olavarr\u00eda\u201d.<\/p>\n<p>Finalmente, Ezequiel Galli calific\u00f3 de \u201cmuy buena\u201d la reuni\u00f3n y asegur\u00f3 que van a \u201cseguir trabajando de manera mancomunada para mejorar la calidad de vida de los olavarrienses\u201d.<\/p>\n<p>Adem\u00e1s se firmaron convenios con otros Municipios tales como tres de febrero, San Mart\u00edn, San Miguel, San Nicol\u00e1s, Bol\u00edvar, Baradero, Lobos, Rojas, Jun\u00edn, Pinamar, San Pedro, La Plata, Trenque Launquen, Lan\u00fas, Berisso, Chacabuco, San Isidro, Escobar, Balcarce, 9 de julio, Brandsen, Corone Suarez, General Pinto, Lober\u00eda, Pilar, Hurlingham, Quilmes, Vicente L\u00f3pez, Bah\u00eda Blanca, Lomas de Zamora, General Arenales, Tigre, Pergamino, Carmen de Areco entre otros Municipios de la Provincia.<\/p>\n<p><a href=\"https:\/\/experienciadevida.com.ar\/portalurbano\/galli-se-reunio-con-conte-grand-y-agustin-simone-firmaron-varios-convenios\/galli-se-reunio\/\" rel=\"attachment wp-att-133599\"><img decoding=\"async\" class=\"alignnone size-full wp-image-133599\" src=\"https:\/\/experienciadevida.com.ar\/portalurbano\/wp-content\/uploads\/2021\/01\/Galli-se-reunio.jpeg\" alt=\"Galli se reuni\u00f3\" width=\"1280\" height=\"854\" srcset=\"https:\/\/experienciadevida.com.ar\/portalurbano\/wp-content\/uploads\/2021\/01\/Galli-se-reunio.jpeg 1280w, https:\/\/experienciadevida.com.ar\/portalurbano\/wp-content\/uploads\/2021\/01\/Galli-se-reunio-300x200.jpeg 300w, https:\/\/experienciadevida.com.ar\/portalurbano\/wp-content\/uploads\/2021\/01\/Galli-se-reunio-1024x683.jpeg 1024w, https:\/\/experienciadevida.com.ar\/portalurbano\/wp-content\/uploads\/2021\/01\/Galli-se-reunio-768x512.jpeg 768w\" sizes=\"(max-width: 1280px) 100vw, 1280px\" \/><\/a><\/p>\n","protected":false},"excerpt":{"rendered":"<p>Galli se reuni\u00f3 con Conte Grand y Agust\u00edn Simone: firmaron varios convenios. El Jefe comunal&#8230;<\/p>\n","protected":false},"author":1,"featured_media":133594,"comment_status":"closed","ping_status":"closed","sticky":false,"template":"","format":"standard","meta":{"content-type":""},"categories":[27,64],"tags":[],"nelio_content":{"isAutoShareEnabled":false,"autoShareEndMode":"default","automationSources":{"useContentSentences":true,"useSocialTemplates":true,"useCustomSentences":false,"customSentences":[]},"followers":[1],"suggestedReferences":[],"includedReferences":[],"efiUrl":"","efiAlt":"","highlights":[]},"yoast_head":"<!-- This site is optimized with the Yoast SEO plugin v20.7 - https:\/\/yoast.com\/wordpress\/plugins\/seo\/ -->\n<title>Galli se reuni\u00f3 con Conte Grand y Agust\u00edn Simone: firmaron convenios<\/title>\n<meta name=\"description\" content=\"Galli se reuni\u00f3 con Conte Grand y Agust\u00edn Simone: firmaron varios convenios, mantuvo una agenda variada en la ciudad de La Plata.\" \/>\n<meta name=\"robots\" content=\"index, follow, max-snippet:-1, max-image-preview:large, max-video-preview:-1\" \/>\n<link rel=\"canonical\" href=\"https:\/\/experienciadevida.com.ar\/portalurbano\/galli-se-reunio-con-conte-grand-y-agustin-simone-firmaron-varios-convenios\/\" \/>\n<meta property=\"og:locale\" content=\"es_ES\" \/>\n<meta property=\"og:type\" content=\"article\" \/>\n<meta property=\"og:title\" content=\"Galli se reuni\u00f3 con Conte Grand y Agust\u00edn Simone: firmaron convenios\" \/>\n<meta property=\"og:description\" content=\"Galli se reuni\u00f3 con Conte Grand y Agust\u00edn Simone: firmaron varios convenios, mantuvo una agenda variada en la ciudad de La Plata.\" \/>\n<meta property=\"og:url\" content=\"https:\/\/experienciadevida.com.ar\/portalurbano\/galli-se-reunio-con-conte-grand-y-agustin-simone-firmaron-varios-convenios\/\" \/>\n<meta property=\"article:publisher\" content=\"https:\/\/www.facebook.com\/Portal-Urbano-171542830093757\/\" \/>\n<meta property=\"article:published_time\" content=\"2021-01-27T20:52:37+00:00\" \/>\n<meta property=\"article:modified_time\" content=\"2021-01-27T21:03:25+00:00\" \/>\n<meta property=\"og:image\" content=\"https:\/\/experienciadevida.com.ar\/portalurbano\/wp-content\/uploads\/2021\/01\/Galli-se-reunio-con-Conte.jpeg\" \/>\n\t<meta property=\"og:image:width\" content=\"1280\" \/>\n\t<meta property=\"og:image:height\" content=\"854\" \/>\n\t<meta property=\"og:image:type\" content=\"image\/jpeg\" \/>\n<meta name=\"author\" content=\"admpu17wp\" \/>\n<meta name=\"twitter:card\" content=\"summary_large_image\" \/>\n<meta name=\"twitter:creator\" content=\"@portalurbanook\" \/>\n<meta name=\"twitter:site\" content=\"@portalurbanook\" \/>\n<meta name=\"twitter:label1\" content=\"Escrito por\" \/>\n\t<meta name=\"twitter:data1\" content=\"admpu17wp\" \/>\n\t<meta name=\"twitter:label2\" content=\"Tiempo de lectura\" \/>\n\t<meta name=\"twitter:data2\" content=\"2 minutos\" \/>\n<script type=\"application\/ld+json\" class=\"yoast-schema-graph\">{\"@context\":\"https:\/\/schema.org\",\"@graph\":[{\"@type\":\"Article\",\"@id\":\"https:\/\/experienciadevida.com.ar\/portalurbano\/galli-se-reunio-con-conte-grand-y-agustin-simone-firmaron-varios-convenios\/#article\",\"isPartOf\":{\"@id\":\"https:\/\/experienciadevida.com.ar\/portalurbano\/galli-se-reunio-con-conte-grand-y-agustin-simone-firmaron-varios-convenios\/\"},\"author\":{\"name\":\"admpu17wp\",\"@id\":\"https:\/\/experienciadevida.com.ar\/portalurbano\/#\/schema\/person\/02dd326b1c4b056e9cc972486934a3a7\"},\"headline\":\"Galli se reuni\u00f3 con Conte Grand y Agust\u00edn Simone: firmaron varios convenios\",\"datePublished\":\"2021-01-27T20:52:37+00:00\",\"dateModified\":\"2021-01-27T21:03:25+00:00\",\"mainEntityOfPage\":{\"@id\":\"https:\/\/experienciadevida.com.ar\/portalurbano\/galli-se-reunio-con-conte-grand-y-agustin-simone-firmaron-varios-convenios\/\"},\"wordCount\":345,\"publisher\":{\"@id\":\"https:\/\/experienciadevida.com.ar\/portalurbano\/#organization\"},\"articleSection\":[\"Ciudad\",\"Destacadas 2\"],\"inLanguage\":\"es\"},{\"@type\":\"WebPage\",\"@id\":\"https:\/\/experienciadevida.com.ar\/portalurbano\/galli-se-reunio-con-conte-grand-y-agustin-simone-firmaron-varios-convenios\/\",\"url\":\"https:\/\/experienciadevida.com.ar\/portalurbano\/galli-se-reunio-con-conte-grand-y-agustin-simone-firmaron-varios-convenios\/\",\"name\":\"Galli se reuni\u00f3 con Conte Grand y Agust\u00edn Simone: firmaron convenios\",\"isPartOf\":{\"@id\":\"https:\/\/experienciadevida.com.ar\/portalurbano\/#website\"},\"datePublished\":\"2021-01-27T20:52:37+00:00\",\"dateModified\":\"2021-01-27T21:03:25+00:00\",\"description\":\"Galli se reuni\u00f3 con Conte Grand y Agust\u00edn Simone: firmaron varios convenios, mantuvo una agenda variada en la ciudad de La Plata.\",\"breadcrumb\":{\"@id\":\"https:\/\/experienciadevida.com.ar\/portalurbano\/galli-se-reunio-con-conte-grand-y-agustin-simone-firmaron-varios-convenios\/#breadcrumb\"},\"inLanguage\":\"es\",\"potentialAction\":[{\"@type\":\"ReadAction\",\"target\":[\"https:\/\/experienciadevida.com.ar\/portalurbano\/galli-se-reunio-con-conte-grand-y-agustin-simone-firmaron-varios-convenios\/\"]}]},{\"@type\":\"BreadcrumbList\",\"@id\":\"https:\/\/experienciadevida.com.ar\/portalurbano\/galli-se-reunio-con-conte-grand-y-agustin-simone-firmaron-varios-convenios\/#breadcrumb\",\"itemListElement\":[{\"@type\":\"ListItem\",\"position\":1,\"name\":\"Portada\",\"item\":\"https:\/\/experienciadevida.com.ar\/portalurbano\/\"},{\"@type\":\"ListItem\",\"position\":2,\"name\":\"Galli se reuni\u00f3 con Conte Grand y Agust\u00edn Simone: firmaron varios convenios\"}]},{\"@type\":\"WebSite\",\"@id\":\"https:\/\/experienciadevida.com.ar\/portalurbano\/#website\",\"url\":\"https:\/\/experienciadevida.com.ar\/portalurbano\/\",\"name\":\"\",\"description\":\"\",\"publisher\":{\"@id\":\"https:\/\/experienciadevida.com.ar\/portalurbano\/#organization\"},\"potentialAction\":[{\"@type\":\"SearchAction\",\"target\":{\"@type\":\"EntryPoint\",\"urlTemplate\":\"https:\/\/experienciadevida.com.ar\/portalurbano\/?s={search_term_string}\"},\"query-input\":\"required name=search_term_string\"}],\"inLanguage\":\"es\"},{\"@type\":\"Organization\",\"@id\":\"https:\/\/experienciadevida.com.ar\/portalurbano\/#organization\",\"name\":\"Portal Urbano\",\"url\":\"https:\/\/experienciadevida.com.ar\/portalurbano\/\",\"logo\":{\"@type\":\"ImageObject\",\"inLanguage\":\"es\",\"@id\":\"https:\/\/experienciadevida.com.ar\/portalurbano\/#\/schema\/logo\/image\/\",\"url\":\"https:\/\/experienciadevida.com.ar\/portalurbano\/wp-content\/uploads\/2019\/09\/Logo-Original.png\",\"contentUrl\":\"https:\/\/experienciadevida.com.ar\/portalurbano\/wp-content\/uploads\/2019\/09\/Logo-Original.png\",\"width\":2236,\"height\":1216,\"caption\":\"Portal Urbano\"},\"image\":{\"@id\":\"https:\/\/experienciadevida.com.ar\/portalurbano\/#\/schema\/logo\/image\/\"},\"sameAs\":[\"https:\/\/www.facebook.com\/Portal-Urbano-171542830093757\/\",\"https:\/\/twitter.com\/portalurbanook\",\"https:\/\/www.instagram.com\/_portalurbano\/\",\"https:\/\/www.youtube.com\/channel\/UCXhagIfszH8KxFiOok79zbA?view_as=subscriber\"]},{\"@type\":\"Person\",\"@id\":\"https:\/\/experienciadevida.com.ar\/portalurbano\/#\/schema\/person\/02dd326b1c4b056e9cc972486934a3a7\",\"name\":\"admpu17wp\",\"image\":{\"@type\":\"ImageObject\",\"inLanguage\":\"es\",\"@id\":\"https:\/\/experienciadevida.com.ar\/portalurbano\/#\/schema\/person\/image\/\",\"url\":\"https:\/\/secure.gravatar.com\/avatar\/830d4c57adaae6630765e449a6908047?s=96&d=mm&r=g\",\"contentUrl\":\"https:\/\/secure.gravatar.com\/avatar\/830d4c57adaae6630765e449a6908047?s=96&d=mm&r=g\",\"caption\":\"admpu17wp\"}}]}<\/script>\n<!-- \/ Yoast SEO plugin. -->","yoast_head_json":{"title":"Galli se reuni\u00f3 con Conte Grand y Agust\u00edn Simone: firmaron convenios","description":"Galli se reuni\u00f3 con Conte Grand y Agust\u00edn Simone: firmaron varios convenios, mantuvo una agenda variada en la ciudad de La Plata.","robots":{"index":"index","follow":"follow","max-snippet":"max-snippet:-1","max-image-preview":"max-image-preview:large","max-video-preview":"max-video-preview:-1"},"canonical":"https:\/\/experienciadevida.com.ar\/portalurbano\/galli-se-reunio-con-conte-grand-y-agustin-simone-firmaron-varios-convenios\/","og_locale":"es_ES","og_type":"article","og_title":"Galli se reuni\u00f3 con Conte Grand y Agust\u00edn Simone: firmaron convenios","og_description":"Galli se reuni\u00f3 con Conte Grand y Agust\u00edn Simone: firmaron varios convenios, mantuvo una agenda variada en la ciudad de La Plata.","og_url":"https:\/\/experienciadevida.com.ar\/portalurbano\/galli-se-reunio-con-conte-grand-y-agustin-simone-firmaron-varios-convenios\/","article_publisher":"https:\/\/www.facebook.com\/Portal-Urbano-171542830093757\/","article_published_time":"2021-01-27T20:52:37+00:00","article_modified_time":"2021-01-27T21:03:25+00:00","og_image":[{"width":1280,"height":854,"url":"https:\/\/experienciadevida.com.ar\/portalurbano\/wp-content\/uploads\/2021\/01\/Galli-se-reunio-con-Conte.jpeg","type":"image\/jpeg"}],"author":"admpu17wp","twitter_card":"summary_large_image","twitter_creator":"@portalurbanook","twitter_site":"@portalurbanook","twitter_misc":{"Escrito por":"admpu17wp","Tiempo de lectura":"2 minutos"},"schema":{"@context":"https:\/\/schema.org","@graph":[{"@type":"Article","@id":"https:\/\/experienciadevida.com.ar\/portalurbano\/galli-se-reunio-con-conte-grand-y-agustin-simone-firmaron-varios-convenios\/#article","isPartOf":{"@id":"https:\/\/experienciadevida.com.ar\/portalurbano\/galli-se-reunio-con-conte-grand-y-agustin-simone-firmaron-varios-convenios\/"},"author":{"name":"admpu17wp","@id":"https:\/\/experienciadevida.com.ar\/portalurbano\/#\/schema\/person\/02dd326b1c4b056e9cc972486934a3a7"},"headline":"Galli se reuni\u00f3 con Conte Grand y Agust\u00edn Simone: firmaron varios convenios","datePublished":"2021-01-27T20:52:37+00:00","dateModified":"2021-01-27T21:03:25+00:00","mainEntityOfPage":{"@id":"https:\/\/experienciadevida.com.ar\/portalurbano\/galli-se-reunio-con-conte-grand-y-agustin-simone-firmaron-varios-convenios\/"},"wordCount":345,"publisher":{"@id":"https:\/\/experienciadevida.com.ar\/portalurbano\/#organization"},"articleSection":["Ciudad","Destacadas 2"],"inLanguage":"es"},{"@type":"WebPage","@id":"https:\/\/experienciadevida.com.ar\/portalurbano\/galli-se-reunio-con-conte-grand-y-agustin-simone-firmaron-varios-convenios\/","url":"https:\/\/experienciadevida.com.ar\/portalurbano\/galli-se-reunio-con-conte-grand-y-agustin-simone-firmaron-varios-convenios\/","name":"Galli se reuni\u00f3 con Conte Grand y Agust\u00edn Simone: firmaron convenios","isPartOf":{"@id":"https:\/\/experienciadevida.com.ar\/portalurbano\/#website"},"datePublished":"2021-01-27T20:52:37+00:00","dateModified":"2021-01-27T21:03:25+00:00","description":"Galli se reuni\u00f3 con Conte Grand y Agust\u00edn Simone: firmaron varios convenios, mantuvo una agenda variada en la ciudad de La Plata.","breadcrumb":{"@id":"https:\/\/experienciadevida.com.ar\/portalurbano\/galli-se-reunio-con-conte-grand-y-agustin-simone-firmaron-varios-convenios\/#breadcrumb"},"inLanguage":"es","potentialAction":[{"@type":"ReadAction","target":["https:\/\/experienciadevida.com.ar\/portalurbano\/galli-se-reunio-con-conte-grand-y-agustin-simone-firmaron-varios-convenios\/"]}]},{"@type":"BreadcrumbList","@id":"https:\/\/experienciadevida.com.ar\/portalurbano\/galli-se-reunio-con-conte-grand-y-agustin-simone-firmaron-varios-convenios\/#breadcrumb","itemListElement":[{"@type":"ListItem","position":1,"name":"Portada","item":"https:\/\/experienciadevida.com.ar\/portalurbano\/"},{"@type":"ListItem","position":2,"name":"Galli se reuni\u00f3 con Conte Grand y Agust\u00edn Simone: firmaron varios convenios"}]},{"@type":"WebSite","@id":"https:\/\/experienciadevida.com.ar\/portalurbano\/#website","url":"https:\/\/experienciadevida.com.ar\/portalurbano\/","name":"","description":"","publisher":{"@id":"https:\/\/experienciadevida.com.ar\/portalurbano\/#organization"},"potentialAction":[{"@type":"SearchAction","target":{"@type":"EntryPoint","urlTemplate":"https:\/\/experienciadevida.com.ar\/portalurbano\/?s={search_term_string}"},"query-input":"required name=search_term_string"}],"inLanguage":"es"},{"@type":"Organization","@id":"https:\/\/experienciadevida.com.ar\/portalurbano\/#organization","name":"Portal Urbano","url":"https:\/\/experienciadevida.com.ar\/portalurbano\/","logo":{"@type":"ImageObject","inLanguage":"es","@id":"https:\/\/experienciadevida.com.ar\/portalurbano\/#\/schema\/logo\/image\/","url":"https:\/\/experienciadevida.com.ar\/portalurbano\/wp-content\/uploads\/2019\/09\/Logo-Original.png","contentUrl":"https:\/\/experienciadevida.com.ar\/portalurbano\/wp-content\/uploads\/2019\/09\/Logo-Original.png","width":2236,"height":1216,"caption":"Portal Urbano"},"image":{"@id":"https:\/\/experienciadevida.com.ar\/portalurbano\/#\/schema\/logo\/image\/"},"sameAs":["https:\/\/www.facebook.com\/Portal-Urbano-171542830093757\/","https:\/\/twitter.com\/portalurbanook","https:\/\/www.instagram.com\/_portalurbano\/","https:\/\/www.youtube.com\/channel\/UCXhagIfszH8KxFiOok79zbA?view_as=subscriber"]},{"@type":"Person","@id":"https:\/\/experienciadevida.com.ar\/portalurbano\/#\/schema\/person\/02dd326b1c4b056e9cc972486934a3a7","name":"admpu17wp","image":{"@type":"ImageObject","inLanguage":"es","@id":"https:\/\/experienciadevida.com.ar\/portalurbano\/#\/schema\/person\/image\/","url":"https:\/\/secure.gravatar.com\/avatar\/830d4c57adaae6630765e449a6908047?s=96&d=mm&r=g","contentUrl":"https:\/\/secure.gravatar.com\/avatar\/830d4c57adaae6630765e449a6908047?s=96&d=mm&r=g","caption":"admpu17wp"}}]}},"featured_image_urls":{"full":["https:\/\/experienciadevida.com.ar\/portalurbano\/wp-content\/uploads\/2021\/01\/Galli-se-reunio-con-Conte.jpeg",1280,854,false],"thumbnail":["https:\/\/experienciadevida.com.ar\/portalurbano\/wp-content\/uploads\/2021\/01\/Galli-se-reunio-con-Conte-150x150.jpeg",150,150,true],"medium":["https:\/\/experienciadevida.com.ar\/portalurbano\/wp-content\/uploads\/2021\/01\/Galli-se-reunio-con-Conte-300x200.jpeg",300,200,true],"medium_large":["https:\/\/experienciadevida.com.ar\/portalurbano\/wp-content\/uploads\/2021\/01\/Galli-se-reunio-con-Conte-768x512.jpeg",640,427,true],"large":["https:\/\/experienciadevida.com.ar\/portalurbano\/wp-content\/uploads\/2021\/01\/Galli-se-reunio-con-Conte-1024x683.jpeg",640,427,true],"ug_big":["https:\/\/experienciadevida.com.ar\/portalurbano\/wp-content\/uploads\/2021\/01\/Galli-se-reunio-con-Conte-768x512.jpeg",768,512,true],"1536x1536":["https:\/\/experienciadevida.com.ar\/portalurbano\/wp-content\/uploads\/2021\/01\/Galli-se-reunio-con-Conte.jpeg",1280,854,false],"2048x2048":["https:\/\/experienciadevida.com.ar\/portalurbano\/wp-content\/uploads\/2021\/01\/Galli-se-reunio-con-Conte.jpeg",1280,854,false],"newsever-slider-full":["https:\/\/experienciadevida.com.ar\/portalurbano\/wp-content\/uploads\/2021\/01\/Galli-se-reunio-con-Conte.jpeg",1267,845,false],"newsever-featured":["https:\/\/experienciadevida.com.ar\/portalurbano\/wp-content\/uploads\/2021\/01\/Galli-se-reunio-con-Conte.jpeg",1024,683,false],"newsever-medium":["https:\/\/experienciadevida.com.ar\/portalurbano\/wp-content\/uploads\/2021\/01\/Galli-se-reunio-con-Conte.jpeg",712,475,false],"web-stories-poster-portrait":["https:\/\/experienciadevida.com.ar\/portalurbano\/wp-content\/uploads\/2021\/01\/Galli-se-reunio-con-Conte.jpeg",640,427,false],"web-stories-publisher-logo":["https:\/\/experienciadevida.com.ar\/portalurbano\/wp-content\/uploads\/2021\/01\/Galli-se-reunio-con-Conte.jpeg",96,64,false],"web-stories-thumbnail":["https:\/\/experienciadevida.com.ar\/portalurbano\/wp-content\/uploads\/2021\/01\/Galli-se-reunio-con-Conte.jpeg",150,100,false]},"author_info":{"display_name":"admpu17wp","author_link":"https:\/\/experienciadevida.com.ar\/portalurbano\/author\/admpu17wp\/"},"category_info":"<a href=\"https:\/\/experienciadevida.com.ar\/portalurbano\/category\/ciudad\/\" rel=\"category tag\">Ciudad<\/a> <a href=\"https:\/\/experienciadevida.com.ar\/portalurbano\/category\/destacadas-2\/\" rel=\"category tag\">Destacadas 2<\/a>","tag_info":"Destacadas 2","comment_count":"0","amp_enabled":true,"_links":{"self":[{"href":"https:\/\/experienciadevida.com.ar\/portalurbano\/wp-json\/wp\/v2\/posts\/133593"}],"collection":[{"href":"https:\/\/experienciadevida.com.ar\/portalurbano\/wp-json\/wp\/v2\/posts"}],"about":[{"href":"https:\/\/experienciadevida.com.ar\/portalurbano\/wp-json\/wp\/v2\/types\/post"}],"author":[{"embeddable":true,"href":"https:\/\/experienciadevida.com.ar\/portalurbano\/wp-json\/wp\/v2\/users\/1"}],"replies":[{"embeddable":true,"href":"https:\/\/experienciadevida.com.ar\/portalurbano\/wp-json\/wp\/v2\/comments?post=133593"}],"version-history":[{"count":4,"href":"https:\/\/experienciadevida.com.ar\/portalurbano\/wp-json\/wp\/v2\/posts\/133593\/revisions"}],"predecessor-version":[{"id":133600,"href":"https:\/\/experienciadevida.com.ar\/portalurbano\/wp-json\/wp\/v2\/posts\/133593\/revisions\/133600"}],"wp:featuredmedia":[{"embeddable":true,"href":"https:\/\/experienciadevida.com.ar\/portalurbano\/wp-json\/wp\/v2\/media\/133594"}],"wp:attachment":[{"href":"https:\/\/experienciadevida.com.ar\/portalurbano\/wp-json\/wp\/v2\/media?parent=133593"}],"wp:term":[{"taxonomy":"category","embeddable":true,"href":"https:\/\/experienciadevida.com.ar\/portalurbano\/wp-json\/wp\/v2\/categories?post=133593"},{"taxonomy":"post_tag","embeddable":true,"href":"https:\/\/experienciadevida.com.ar\/portalurbano\/wp-json\/wp\/v2\/tags?post=133593"}],"curies":[{"name":"wp","href":"https:\/\/api.w.org\/{rel}","templated":true}]}}