{"id":133575,"date":"2021-01-27T14:12:02","date_gmt":"2021-01-27T17:12:02","guid":{"rendered":"https:\/\/experienciadevida.com.ar\/portalurbano\/?p=133575"},"modified":"2021-01-27T14:41:11","modified_gmt":"2021-01-27T17:41:11","slug":"ignacio-aramburu-llamaremos-a-elecciones-ni-bien-se-pueda","status":"publish","type":"post","link":"https:\/\/experienciadevida.com.ar\/portalurbano\/ignacio-aramburu-llamaremos-a-elecciones-ni-bien-se-pueda\/","title":{"rendered":"Ignacio Aramburu: &#8220;Llamaremos a elecciones ni bien se pueda&#8221;"},"content":{"rendered":"<p>Ignacio Aramburu: &#8220;Llamaremos a elecciones ni bien se pueda&#8221;. Lo expres\u00f3 el Dr. Ignacio Aramburu, presidente del Consejo de Administraci\u00f3n de Coopelectric, en referencia a la falta de autorizaci\u00f3n del INAES para concretar el acto eleccionario, pese al pedido de la cooperativa.<\/p>\n<p>Explic\u00f3 que, a ra\u00edz de la pandemia, no se puede dar una fecha acerca de cu\u00e1ndo podr\u00e1 concretarse la elecci\u00f3n.<\/p>\n<p>Por otro lado, destac\u00f3 que vecinos hayan conformado una nueva lista y detall\u00f3 que, a prima facie, sin cerrar padrones, unos 30 mil socios podr\u00edan participar de la elecci\u00f3n.<\/p>\n<p>Cree que los asociados reconocer\u00e1n lo actuado por la Lista Amarilla durante estos a\u00f1os.<\/p>\n<p><em>&#8220;En primer lugar a nosotros la pandemia nos afecta como a todas las empresas, b\u00e1sicamente por una disminuci\u00f3n sobre los niveles de cobrabilidad y tambi\u00e9n una disminuci\u00f3n en el personal disponible para prestar\u00a0 tareas y ademas toda la instauraci\u00f3n de los protocolos que significan una preocupaci\u00f3n constante para la empresa, una situaci\u00f3n muy dif\u00edcil como la que vivimos todos.<\/em><\/p>\n<p>Adem\u00e1s &#8220;<em>Tambi\u00e9n est\u00e1 el tema de las elecciones, nosotros hace much\u00edsimos a\u00f1os que la cooperativa dentro de los l\u00edmites que marca el estatuto se hace la convocatoria a elecciones a la Asamblea eleccionaria todos los a\u00f1os, respetando absolutamente los t\u00e9rminos del estatuto, este a\u00f1o se dio una situaci\u00f3n excepcional el Inaes que es el \u00f3rgano que nos regula en todo el quehacer cooperativo ha dictado una serie de resoluciones y por esas resoluciones es que no se han convocado a las elecciones&#8221;.\u00a0<\/em><\/p>\n<p>Por otro lado mencion\u00f3 <em>&#8220;es una elecci\u00f3n donde los empleados son los que hacen de mesa electoral, es much\u00edsima la gente que entra en riesgo\u00a0 y nosotros lo \u00fanico que hacemos es a trav\u00e9s del cumplimiento de estas resoluciones lograr que la gente no entre en riesgo y ya los organismos competentes dir\u00e1n cuando es que se pueden efectuar las elecciones y nosotros vamos a cumplir y llamara a elecci\u00f3n ni bien se pueda&#8221;.<\/em><\/p>\n<p><em>&#8220;No hay fecha porque en estos momentos no estamos en condiciones de llamar, no es una cuesti\u00f3n nuestra sino que nos excede y est\u00e1 fundamentado en la pandemia. Todos los a\u00f1os hemos cumplido con los plazos y no hay ninguna intenci\u00f3n de dejar de cumplimentar esto, entonces este a\u00f1o por la pandemia y las resoluciones del INAES no se han cumplido los plazos pero ni bien haya una resoluci\u00f3n que nos permita realizar el acto eleccionario se va a realizar inmediatamente&#8221;.<\/em><\/p>\n<p>A su vez &#8220;<em>lo que hemos hecho es pedir la autorizaci\u00f3n a los organismos correspondientes para realizar el acto eleccionario, pero no depende de nosotros, todo lo que depend\u00eda ya lo hemos hecho&#8221;.<\/em><\/p>\n<p>Al finalizar Ignacio Aramburu dijo &#8220;<em>la pandemia nos ha afectado mucho a todos los vecinos, el \u00e1nimo no es bueno. Creo que los socios van a rescatar\u00a0 todo el esfuerzo que se hace&#8221;.<\/em><\/p>\n<p><em>&#8220;La cooperativa es una entidad democr\u00e1tica y se expresar\u00e1n de la manera que consideren&#8221;.\u00a0<\/em><\/p>\n","protected":false},"excerpt":{"rendered":"<p>Ignacio Aramburu: &#8220;Llamaremos a elecciones ni bien se pueda&#8221;. Lo expres\u00f3 el Dr. Ignacio Aramburu,&#8230;<\/p>\n","protected":false},"author":1,"featured_media":0,"comment_status":"closed","ping_status":"closed","sticky":false,"template":"","format":"standard","meta":{"content-type":""},"categories":[27,51],"tags":[],"nelio_content":{"isAutoShareEnabled":false,"autoShareEndMode":"default","automationSources":{"useContentSentences":true,"useSocialTemplates":true,"useCustomSentences":false,"customSentences":[]},"followers":[1],"suggestedReferences":[],"includedReferences":[],"efiUrl":"","efiAlt":"","highlights":[]},"yoast_head":"<!-- This site is optimized with the Yoast SEO plugin v20.7 - https:\/\/yoast.com\/wordpress\/plugins\/seo\/ -->\n<title>Ignacio Aramburu: &quot;llamaremos a elecciones ni bien se pueda&quot;<\/title>\n<meta name=\"description\" content=\"Ignacio Aramburu: &quot;Llamaremos a elecciones ni bien se pueda&quot;. Lo expres\u00f3 el Dr. Ignacio Aramburu, presidente del Consejo de Coopelectric\" \/>\n<meta name=\"robots\" content=\"index, follow, max-snippet:-1, max-image-preview:large, max-video-preview:-1\" \/>\n<link rel=\"canonical\" href=\"https:\/\/experienciadevida.com.ar\/portalurbano\/ignacio-aramburu-llamaremos-a-elecciones-ni-bien-se-pueda\/\" \/>\n<meta property=\"og:locale\" content=\"es_ES\" \/>\n<meta property=\"og:type\" content=\"article\" \/>\n<meta property=\"og:title\" content=\"Ignacio Aramburu: &quot;llamaremos a elecciones ni bien se pueda&quot;\" \/>\n<meta property=\"og:description\" content=\"Ignacio Aramburu: &quot;Llamaremos a elecciones ni bien se pueda&quot;. Lo expres\u00f3 el Dr. Ignacio Aramburu, presidente del Consejo de Coopelectric\" \/>\n<meta property=\"og:url\" content=\"https:\/\/experienciadevida.com.ar\/portalurbano\/ignacio-aramburu-llamaremos-a-elecciones-ni-bien-se-pueda\/\" \/>\n<meta property=\"article:publisher\" content=\"https:\/\/www.facebook.com\/Portal-Urbano-171542830093757\/\" \/>\n<meta property=\"article:published_time\" content=\"2021-01-27T17:12:02+00:00\" \/>\n<meta property=\"article:modified_time\" content=\"2021-01-27T17:41:11+00:00\" \/>\n<meta property=\"og:image\" content=\"https:\/\/experienciadevida.com.ar\/portalurbano\/wp-content\/uploads\/2018\/10\/PARO2-1.jpg\" \/>\n\t<meta property=\"og:image:width\" content=\"667\" \/>\n\t<meta property=\"og:image:height\" content=\"445\" \/>\n\t<meta property=\"og:image:type\" content=\"image\/jpeg\" \/>\n<meta name=\"author\" content=\"admpu17wp\" \/>\n<meta name=\"twitter:card\" content=\"summary_large_image\" \/>\n<meta name=\"twitter:creator\" content=\"@portalurbanook\" \/>\n<meta name=\"twitter:site\" content=\"@portalurbanook\" \/>\n<meta name=\"twitter:label1\" content=\"Escrito por\" \/>\n\t<meta name=\"twitter:data1\" content=\"admpu17wp\" \/>\n\t<meta name=\"twitter:label2\" content=\"Tiempo de lectura\" \/>\n\t<meta name=\"twitter:data2\" content=\"3 minutos\" \/>\n<script type=\"application\/ld+json\" class=\"yoast-schema-graph\">{\"@context\":\"https:\/\/schema.org\",\"@graph\":[{\"@type\":\"Article\",\"@id\":\"https:\/\/experienciadevida.com.ar\/portalurbano\/ignacio-aramburu-llamaremos-a-elecciones-ni-bien-se-pueda\/#article\",\"isPartOf\":{\"@id\":\"https:\/\/experienciadevida.com.ar\/portalurbano\/ignacio-aramburu-llamaremos-a-elecciones-ni-bien-se-pueda\/\"},\"author\":{\"name\":\"admpu17wp\",\"@id\":\"https:\/\/experienciadevida.com.ar\/portalurbano\/#\/schema\/person\/02dd326b1c4b056e9cc972486934a3a7\"},\"headline\":\"Ignacio Aramburu: &#8220;Llamaremos a elecciones ni bien se pueda&#8221;\",\"datePublished\":\"2021-01-27T17:12:02+00:00\",\"dateModified\":\"2021-01-27T17:41:11+00:00\",\"mainEntityOfPage\":{\"@id\":\"https:\/\/experienciadevida.com.ar\/portalurbano\/ignacio-aramburu-llamaremos-a-elecciones-ni-bien-se-pueda\/\"},\"wordCount\":529,\"publisher\":{\"@id\":\"https:\/\/experienciadevida.com.ar\/portalurbano\/#organization\"},\"articleSection\":[\"Ciudad\",\"Destacadas\"],\"inLanguage\":\"es\"},{\"@type\":\"WebPage\",\"@id\":\"https:\/\/experienciadevida.com.ar\/portalurbano\/ignacio-aramburu-llamaremos-a-elecciones-ni-bien-se-pueda\/\",\"url\":\"https:\/\/experienciadevida.com.ar\/portalurbano\/ignacio-aramburu-llamaremos-a-elecciones-ni-bien-se-pueda\/\",\"name\":\"Ignacio Aramburu: \\\"llamaremos a elecciones ni bien se pueda\\\"\",\"isPartOf\":{\"@id\":\"https:\/\/experienciadevida.com.ar\/portalurbano\/#website\"},\"datePublished\":\"2021-01-27T17:12:02+00:00\",\"dateModified\":\"2021-01-27T17:41:11+00:00\",\"description\":\"Ignacio Aramburu: \\\"Llamaremos a elecciones ni bien se pueda\\\". Lo expres\u00f3 el Dr. Ignacio Aramburu, presidente del Consejo de Coopelectric\",\"breadcrumb\":{\"@id\":\"https:\/\/experienciadevida.com.ar\/portalurbano\/ignacio-aramburu-llamaremos-a-elecciones-ni-bien-se-pueda\/#breadcrumb\"},\"inLanguage\":\"es\",\"potentialAction\":[{\"@type\":\"ReadAction\",\"target\":[\"https:\/\/experienciadevida.com.ar\/portalurbano\/ignacio-aramburu-llamaremos-a-elecciones-ni-bien-se-pueda\/\"]}]},{\"@type\":\"BreadcrumbList\",\"@id\":\"https:\/\/experienciadevida.com.ar\/portalurbano\/ignacio-aramburu-llamaremos-a-elecciones-ni-bien-se-pueda\/#breadcrumb\",\"itemListElement\":[{\"@type\":\"ListItem\",\"position\":1,\"name\":\"Portada\",\"item\":\"https:\/\/experienciadevida.com.ar\/portalurbano\/\"},{\"@type\":\"ListItem\",\"position\":2,\"name\":\"Ignacio Aramburu: \u00abLlamaremos a elecciones ni bien se pueda\u00bb\"}]},{\"@type\":\"WebSite\",\"@id\":\"https:\/\/experienciadevida.com.ar\/portalurbano\/#website\",\"url\":\"https:\/\/experienciadevida.com.ar\/portalurbano\/\",\"name\":\"\",\"description\":\"\",\"publisher\":{\"@id\":\"https:\/\/experienciadevida.com.ar\/portalurbano\/#organization\"},\"potentialAction\":[{\"@type\":\"SearchAction\",\"target\":{\"@type\":\"EntryPoint\",\"urlTemplate\":\"https:\/\/experienciadevida.com.ar\/portalurbano\/?s={search_term_string}\"},\"query-input\":\"required name=search_term_string\"}],\"inLanguage\":\"es\"},{\"@type\":\"Organization\",\"@id\":\"https:\/\/experienciadevida.com.ar\/portalurbano\/#organization\",\"name\":\"Portal Urbano\",\"url\":\"https:\/\/experienciadevida.com.ar\/portalurbano\/\",\"logo\":{\"@type\":\"ImageObject\",\"inLanguage\":\"es\",\"@id\":\"https:\/\/experienciadevida.com.ar\/portalurbano\/#\/schema\/logo\/image\/\",\"url\":\"https:\/\/experienciadevida.com.ar\/portalurbano\/wp-content\/uploads\/2019\/09\/Logo-Original.png\",\"contentUrl\":\"https:\/\/experienciadevida.com.ar\/portalurbano\/wp-content\/uploads\/2019\/09\/Logo-Original.png\",\"width\":2236,\"height\":1216,\"caption\":\"Portal Urbano\"},\"image\":{\"@id\":\"https:\/\/experienciadevida.com.ar\/portalurbano\/#\/schema\/logo\/image\/\"},\"sameAs\":[\"https:\/\/www.facebook.com\/Portal-Urbano-171542830093757\/\",\"https:\/\/twitter.com\/portalurbanook\",\"https:\/\/www.instagram.com\/_portalurbano\/\",\"https:\/\/www.youtube.com\/channel\/UCXhagIfszH8KxFiOok79zbA?view_as=subscriber\"]},{\"@type\":\"Person\",\"@id\":\"https:\/\/experienciadevida.com.ar\/portalurbano\/#\/schema\/person\/02dd326b1c4b056e9cc972486934a3a7\",\"name\":\"admpu17wp\",\"image\":{\"@type\":\"ImageObject\",\"inLanguage\":\"es\",\"@id\":\"https:\/\/experienciadevida.com.ar\/portalurbano\/#\/schema\/person\/image\/\",\"url\":\"https:\/\/secure.gravatar.com\/avatar\/830d4c57adaae6630765e449a6908047?s=96&d=mm&r=g\",\"contentUrl\":\"https:\/\/secure.gravatar.com\/avatar\/830d4c57adaae6630765e449a6908047?s=96&d=mm&r=g\",\"caption\":\"admpu17wp\"}}]}<\/script>\n<!-- \/ Yoast SEO plugin. -->","yoast_head_json":{"title":"Ignacio Aramburu: \"llamaremos a elecciones ni bien se pueda\"","description":"Ignacio Aramburu: \"Llamaremos a elecciones ni bien se pueda\". Lo expres\u00f3 el Dr. Ignacio Aramburu, presidente del Consejo de Coopelectric","robots":{"index":"index","follow":"follow","max-snippet":"max-snippet:-1","max-image-preview":"max-image-preview:large","max-video-preview":"max-video-preview:-1"},"canonical":"https:\/\/experienciadevida.com.ar\/portalurbano\/ignacio-aramburu-llamaremos-a-elecciones-ni-bien-se-pueda\/","og_locale":"es_ES","og_type":"article","og_title":"Ignacio Aramburu: \"llamaremos a elecciones ni bien se pueda\"","og_description":"Ignacio Aramburu: \"Llamaremos a elecciones ni bien se pueda\". Lo expres\u00f3 el Dr. Ignacio Aramburu, presidente del Consejo de Coopelectric","og_url":"https:\/\/experienciadevida.com.ar\/portalurbano\/ignacio-aramburu-llamaremos-a-elecciones-ni-bien-se-pueda\/","article_publisher":"https:\/\/www.facebook.com\/Portal-Urbano-171542830093757\/","article_published_time":"2021-01-27T17:12:02+00:00","article_modified_time":"2021-01-27T17:41:11+00:00","og_image":[{"width":667,"height":445,"url":"https:\/\/experienciadevida.com.ar\/portalurbano\/wp-content\/uploads\/2018\/10\/PARO2-1.jpg","type":"image\/jpeg"}],"author":"admpu17wp","twitter_card":"summary_large_image","twitter_creator":"@portalurbanook","twitter_site":"@portalurbanook","twitter_misc":{"Escrito por":"admpu17wp","Tiempo de lectura":"3 minutos"},"schema":{"@context":"https:\/\/schema.org","@graph":[{"@type":"Article","@id":"https:\/\/experienciadevida.com.ar\/portalurbano\/ignacio-aramburu-llamaremos-a-elecciones-ni-bien-se-pueda\/#article","isPartOf":{"@id":"https:\/\/experienciadevida.com.ar\/portalurbano\/ignacio-aramburu-llamaremos-a-elecciones-ni-bien-se-pueda\/"},"author":{"name":"admpu17wp","@id":"https:\/\/experienciadevida.com.ar\/portalurbano\/#\/schema\/person\/02dd326b1c4b056e9cc972486934a3a7"},"headline":"Ignacio Aramburu: &#8220;Llamaremos a elecciones ni bien se pueda&#8221;","datePublished":"2021-01-27T17:12:02+00:00","dateModified":"2021-01-27T17:41:11+00:00","mainEntityOfPage":{"@id":"https:\/\/experienciadevida.com.ar\/portalurbano\/ignacio-aramburu-llamaremos-a-elecciones-ni-bien-se-pueda\/"},"wordCount":529,"publisher":{"@id":"https:\/\/experienciadevida.com.ar\/portalurbano\/#organization"},"articleSection":["Ciudad","Destacadas"],"inLanguage":"es"},{"@type":"WebPage","@id":"https:\/\/experienciadevida.com.ar\/portalurbano\/ignacio-aramburu-llamaremos-a-elecciones-ni-bien-se-pueda\/","url":"https:\/\/experienciadevida.com.ar\/portalurbano\/ignacio-aramburu-llamaremos-a-elecciones-ni-bien-se-pueda\/","name":"Ignacio Aramburu: \"llamaremos a elecciones ni bien se pueda\"","isPartOf":{"@id":"https:\/\/experienciadevida.com.ar\/portalurbano\/#website"},"datePublished":"2021-01-27T17:12:02+00:00","dateModified":"2021-01-27T17:41:11+00:00","description":"Ignacio Aramburu: \"Llamaremos a elecciones ni bien se pueda\". Lo expres\u00f3 el Dr. Ignacio Aramburu, presidente del Consejo de Coopelectric","breadcrumb":{"@id":"https:\/\/experienciadevida.com.ar\/portalurbano\/ignacio-aramburu-llamaremos-a-elecciones-ni-bien-se-pueda\/#breadcrumb"},"inLanguage":"es","potentialAction":[{"@type":"ReadAction","target":["https:\/\/experienciadevida.com.ar\/portalurbano\/ignacio-aramburu-llamaremos-a-elecciones-ni-bien-se-pueda\/"]}]},{"@type":"BreadcrumbList","@id":"https:\/\/experienciadevida.com.ar\/portalurbano\/ignacio-aramburu-llamaremos-a-elecciones-ni-bien-se-pueda\/#breadcrumb","itemListElement":[{"@type":"ListItem","position":1,"name":"Portada","item":"https:\/\/experienciadevida.com.ar\/portalurbano\/"},{"@type":"ListItem","position":2,"name":"Ignacio Aramburu: \u00abLlamaremos a elecciones ni bien se pueda\u00bb"}]},{"@type":"WebSite","@id":"https:\/\/experienciadevida.com.ar\/portalurbano\/#website","url":"https:\/\/experienciadevida.com.ar\/portalurbano\/","name":"","description":"","publisher":{"@id":"https:\/\/experienciadevida.com.ar\/portalurbano\/#organization"},"potentialAction":[{"@type":"SearchAction","target":{"@type":"EntryPoint","urlTemplate":"https:\/\/experienciadevida.com.ar\/portalurbano\/?s={search_term_string}"},"query-input":"required name=search_term_string"}],"inLanguage":"es"},{"@type":"Organization","@id":"https:\/\/experienciadevida.com.ar\/portalurbano\/#organization","name":"Portal Urbano","url":"https:\/\/experienciadevida.com.ar\/portalurbano\/","logo":{"@type":"ImageObject","inLanguage":"es","@id":"https:\/\/experienciadevida.com.ar\/portalurbano\/#\/schema\/logo\/image\/","url":"https:\/\/experienciadevida.com.ar\/portalurbano\/wp-content\/uploads\/2019\/09\/Logo-Original.png","contentUrl":"https:\/\/experienciadevida.com.ar\/portalurbano\/wp-content\/uploads\/2019\/09\/Logo-Original.png","width":2236,"height":1216,"caption":"Portal Urbano"},"image":{"@id":"https:\/\/experienciadevida.com.ar\/portalurbano\/#\/schema\/logo\/image\/"},"sameAs":["https:\/\/www.facebook.com\/Portal-Urbano-171542830093757\/","https:\/\/twitter.com\/portalurbanook","https:\/\/www.instagram.com\/_portalurbano\/","https:\/\/www.youtube.com\/channel\/UCXhagIfszH8KxFiOok79zbA?view_as=subscriber"]},{"@type":"Person","@id":"https:\/\/experienciadevida.com.ar\/portalurbano\/#\/schema\/person\/02dd326b1c4b056e9cc972486934a3a7","name":"admpu17wp","image":{"@type":"ImageObject","inLanguage":"es","@id":"https:\/\/experienciadevida.com.ar\/portalurbano\/#\/schema\/person\/image\/","url":"https:\/\/secure.gravatar.com\/avatar\/830d4c57adaae6630765e449a6908047?s=96&d=mm&r=g","contentUrl":"https:\/\/secure.gravatar.com\/avatar\/830d4c57adaae6630765e449a6908047?s=96&d=mm&r=g","caption":"admpu17wp"}}]}},"featured_image_urls":{"full":"","thumbnail":"","medium":"","medium_large":"","large":"","ug_big":"","1536x1536":"","2048x2048":"","newsever-slider-full":"","newsever-featured":"","newsever-medium":"","web-stories-poster-portrait":"","web-stories-publisher-logo":"","web-stories-thumbnail":""},"author_info":{"display_name":"admpu17wp","author_link":"https:\/\/experienciadevida.com.ar\/portalurbano\/author\/admpu17wp\/"},"category_info":"<a href=\"https:\/\/experienciadevida.com.ar\/portalurbano\/category\/ciudad\/\" rel=\"category tag\">Ciudad<\/a> <a href=\"https:\/\/experienciadevida.com.ar\/portalurbano\/category\/destacadas\/\" rel=\"category tag\">Destacadas<\/a>","tag_info":"Destacadas","comment_count":"0","amp_enabled":true,"_links":{"self":[{"href":"https:\/\/experienciadevida.com.ar\/portalurbano\/wp-json\/wp\/v2\/posts\/133575"}],"collection":[{"href":"https:\/\/experienciadevida.com.ar\/portalurbano\/wp-json\/wp\/v2\/posts"}],"about":[{"href":"https:\/\/experienciadevida.com.ar\/portalurbano\/wp-json\/wp\/v2\/types\/post"}],"author":[{"embeddable":true,"href":"https:\/\/experienciadevida.com.ar\/portalurbano\/wp-json\/wp\/v2\/users\/1"}],"replies":[{"embeddable":true,"href":"https:\/\/experienciadevida.com.ar\/portalurbano\/wp-json\/wp\/v2\/comments?post=133575"}],"version-history":[{"count":4,"href":"https:\/\/experienciadevida.com.ar\/portalurbano\/wp-json\/wp\/v2\/posts\/133575\/revisions"}],"predecessor-version":[{"id":133579,"href":"https:\/\/experienciadevida.com.ar\/portalurbano\/wp-json\/wp\/v2\/posts\/133575\/revisions\/133579"}],"wp:attachment":[{"href":"https:\/\/experienciadevida.com.ar\/portalurbano\/wp-json\/wp\/v2\/media?parent=133575"}],"wp:term":[{"taxonomy":"category","embeddable":true,"href":"https:\/\/experienciadevida.com.ar\/portalurbano\/wp-json\/wp\/v2\/categories?post=133575"},{"taxonomy":"post_tag","embeddable":true,"href":"https:\/\/experienciadevida.com.ar\/portalurbano\/wp-json\/wp\/v2\/tags?post=133575"}],"curies":[{"name":"wp","href":"https:\/\/api.w.org\/{rel}","templated":true}]}}