{"id":133560,"date":"2021-01-27T10:11:32","date_gmt":"2021-01-27T13:11:32","guid":{"rendered":"https:\/\/experienciadevida.com.ar\/portalurbano\/?p=133560"},"modified":"2021-01-27T10:18:34","modified_gmt":"2021-01-27T13:18:34","slug":"unicen-emitio-un-comunicado-sobre-como-se-preparan-las-facultades-para-la-presencialidad","status":"publish","type":"post","link":"https:\/\/experienciadevida.com.ar\/portalurbano\/unicen-emitio-un-comunicado-sobre-como-se-preparan-las-facultades-para-la-presencialidad\/","title":{"rendered":"UNICEN emiti\u00f3 un comunicado sobre c\u00f3mo se preparan las facultades para la presencialidad"},"content":{"rendered":"<p>En el d\u00eda de ayer UNICEN\u00a0 emiti\u00f3 un comunicado con la necesidad de establecer pautas claras respecto de las actividades acad\u00e9micas dispuestas para el a\u00f1o 2021.<\/p>\n<p>El comunicado fue elaborado por el comit\u00e9 de emergencia de la UNCPBA y tiene varios puntos. Durante los meses de febrero y marzo se espera poder recuperar las actividades pr\u00e1cticaspresenciales pendientes del a\u00f1o acad\u00e9mico 2020,de acuerdo, con los cronogramas presentados por cada una de las Facultades, remarcan.<\/p>\n<p>Los puntos son los siguientes:<\/p>\n<p>La factibilidad de realizaci\u00f3n de las actividades pr\u00e1cticas presenciales previstas en el Anexo 1, estar\u00e1 sujeta en todo momento a la evoluci\u00f3n epidemiol\u00f3gica de la pandemia y cada Facultad informar\u00e1 a sus estudiantes, docentes y no docentes, las fechas de las actividades que puedan concretarse.<\/p>\n<p>En el ANEXO 2 del presente, se detallan las fechas de inicio de las clases correspondientes al calendario 2021 de acuerdo a las Resoluciones emanadas de los respectivo Consejos Acad\u00e9micos de cada Facultad.<\/p>\n<p>El inicio de las actividades acad\u00e9micas previstas en el ANEXO 2 ser\u00e1 en todos los casos con la modalidad virtual y a medida que la evoluci\u00f3n de la situaci\u00f3n epidemiol\u00f3gica lo permita, se ir\u00e1n incorporando actividades presenciales que ser\u00e1n definidas e informadas a alumnos y docentes por cada una de las Facultades. En ning\u00fan caso la presencialidad para actividades acad\u00e9micas 2021, se iniciar\u00e1 hasta tanto haya finalizado el periodo de recuperaci\u00f3n de Febrero \u2013 Marzo.<\/p>\n<p>En relaci\u00f3n al inicio de las actividades previstas en el ANEXO 1, la Universidad prev\u00e9 brindar a partir del 15 de febrero un servicio de viandas, siempre que las condiciones epidemiol\u00f3gicas lo permitan..<\/p>\n<p>Simult\u00e1neamente se habilitar\u00e1n las Residencias Estudiantiles exclusivamente para aquellos estudiantes que deban realizar las actividades presenciales por convocatoria de su Unidad Acad\u00e9mica.<\/p>\n<p>Tambi\u00e9n se habilitar\u00e1 el servicio de Biblioteca, exclusivamente para retiro y devoluci\u00f3n dematerial bibliogr\u00e1fico.<\/p>\n<p>se detalla el sistema de Ingreso de alumnos y personal a los Campus de Tandil, Azul, Olavarr\u00eda y Quequ\u00e9n, la Facultad de Arte, la Facultad de Ciencias de la Salud y todo otro espacio que resulte habilitado para actividades acad\u00e9micas.<\/p>\n<p>Foto- archivo<\/p>\n<p>Fuente: UNICEN<\/p>\n","protected":false},"excerpt":{"rendered":"<p>En el d\u00eda de ayer UNICEN\u00a0 emiti\u00f3 un comunicado con la necesidad de establecer pautas&#8230;<\/p>\n","protected":false},"author":1,"featured_media":100559,"comment_status":"closed","ping_status":"closed","sticky":false,"template":"","format":"standard","meta":{"content-type":""},"categories":[64,31],"tags":[],"nelio_content":{"isAutoShareEnabled":false,"autoShareEndMode":"default","automationSources":{"useContentSentences":true,"useSocialTemplates":true,"useCustomSentences":false,"customSentences":[]},"followers":[1],"suggestedReferences":[],"includedReferences":[],"efiUrl":"","efiAlt":"","highlights":[]},"yoast_head":"<!-- This site is optimized with the Yoast SEO plugin v20.7 - https:\/\/yoast.com\/wordpress\/plugins\/seo\/ -->\n<title>UNICEN emiti\u00f3 un comunicado sobre c\u00f3mo se preparan las facultades<\/title>\n<meta name=\"description\" content=\"En el d\u00eda de ayer UNICEN\u00a0 emiti\u00f3 un comunicado con la necesidad de establecer pautas claras respecto de las actividades acad\u00e9micas.\" \/>\n<meta name=\"robots\" content=\"index, follow, max-snippet:-1, max-image-preview:large, max-video-preview:-1\" \/>\n<link rel=\"canonical\" href=\"https:\/\/experienciadevida.com.ar\/portalurbano\/unicen-emitio-un-comunicado-sobre-como-se-preparan-las-facultades-para-la-presencialidad\/\" \/>\n<meta property=\"og:locale\" content=\"es_ES\" \/>\n<meta property=\"og:type\" content=\"article\" \/>\n<meta property=\"og:title\" content=\"UNICEN emiti\u00f3 un comunicado sobre c\u00f3mo se preparan las facultades\" \/>\n<meta property=\"og:description\" content=\"En el d\u00eda de ayer UNICEN\u00a0 emiti\u00f3 un comunicado con la necesidad de establecer pautas claras respecto de las actividades acad\u00e9micas.\" \/>\n<meta property=\"og:url\" content=\"https:\/\/experienciadevida.com.ar\/portalurbano\/unicen-emitio-un-comunicado-sobre-como-se-preparan-las-facultades-para-la-presencialidad\/\" \/>\n<meta property=\"article:publisher\" content=\"https:\/\/www.facebook.com\/Portal-Urbano-171542830093757\/\" \/>\n<meta property=\"article:published_time\" content=\"2021-01-27T13:11:32+00:00\" \/>\n<meta property=\"article:modified_time\" content=\"2021-01-27T13:18:34+00:00\" \/>\n<meta property=\"og:image\" content=\"https:\/\/experienciadevida.com.ar\/portalurbano\/wp-content\/uploads\/2020\/02\/UNICEN.jpg\" \/>\n\t<meta property=\"og:image:width\" content=\"826\" \/>\n\t<meta property=\"og:image:height\" content=\"496\" \/>\n\t<meta property=\"og:image:type\" content=\"image\/jpeg\" \/>\n<meta name=\"author\" content=\"admpu17wp\" \/>\n<meta name=\"twitter:card\" content=\"summary_large_image\" \/>\n<meta name=\"twitter:creator\" content=\"@portalurbanook\" \/>\n<meta name=\"twitter:site\" content=\"@portalurbanook\" \/>\n<meta name=\"twitter:label1\" content=\"Escrito por\" \/>\n\t<meta name=\"twitter:data1\" content=\"admpu17wp\" \/>\n\t<meta name=\"twitter:label2\" content=\"Tiempo de lectura\" \/>\n\t<meta name=\"twitter:data2\" content=\"2 minutos\" \/>\n<script type=\"application\/ld+json\" class=\"yoast-schema-graph\">{\"@context\":\"https:\/\/schema.org\",\"@graph\":[{\"@type\":\"Article\",\"@id\":\"https:\/\/experienciadevida.com.ar\/portalurbano\/unicen-emitio-un-comunicado-sobre-como-se-preparan-las-facultades-para-la-presencialidad\/#article\",\"isPartOf\":{\"@id\":\"https:\/\/experienciadevida.com.ar\/portalurbano\/unicen-emitio-un-comunicado-sobre-como-se-preparan-las-facultades-para-la-presencialidad\/\"},\"author\":{\"name\":\"admpu17wp\",\"@id\":\"https:\/\/experienciadevida.com.ar\/portalurbano\/#\/schema\/person\/02dd326b1c4b056e9cc972486934a3a7\"},\"headline\":\"UNICEN emiti\u00f3 un comunicado sobre c\u00f3mo se preparan las facultades para la presencialidad\",\"datePublished\":\"2021-01-27T13:11:32+00:00\",\"dateModified\":\"2021-01-27T13:18:34+00:00\",\"mainEntityOfPage\":{\"@id\":\"https:\/\/experienciadevida.com.ar\/portalurbano\/unicen-emitio-un-comunicado-sobre-como-se-preparan-las-facultades-para-la-presencialidad\/\"},\"wordCount\":380,\"publisher\":{\"@id\":\"https:\/\/experienciadevida.com.ar\/portalurbano\/#organization\"},\"articleSection\":[\"Destacadas 2\",\"Educaci\u00f3n\"],\"inLanguage\":\"es\"},{\"@type\":\"WebPage\",\"@id\":\"https:\/\/experienciadevida.com.ar\/portalurbano\/unicen-emitio-un-comunicado-sobre-como-se-preparan-las-facultades-para-la-presencialidad\/\",\"url\":\"https:\/\/experienciadevida.com.ar\/portalurbano\/unicen-emitio-un-comunicado-sobre-como-se-preparan-las-facultades-para-la-presencialidad\/\",\"name\":\"UNICEN emiti\u00f3 un comunicado sobre c\u00f3mo se preparan las facultades\",\"isPartOf\":{\"@id\":\"https:\/\/experienciadevida.com.ar\/portalurbano\/#website\"},\"datePublished\":\"2021-01-27T13:11:32+00:00\",\"dateModified\":\"2021-01-27T13:18:34+00:00\",\"description\":\"En el d\u00eda de ayer UNICEN\u00a0 emiti\u00f3 un comunicado con la necesidad de establecer pautas claras respecto de las actividades acad\u00e9micas.\",\"breadcrumb\":{\"@id\":\"https:\/\/experienciadevida.com.ar\/portalurbano\/unicen-emitio-un-comunicado-sobre-como-se-preparan-las-facultades-para-la-presencialidad\/#breadcrumb\"},\"inLanguage\":\"es\",\"potentialAction\":[{\"@type\":\"ReadAction\",\"target\":[\"https:\/\/experienciadevida.com.ar\/portalurbano\/unicen-emitio-un-comunicado-sobre-como-se-preparan-las-facultades-para-la-presencialidad\/\"]}]},{\"@type\":\"BreadcrumbList\",\"@id\":\"https:\/\/experienciadevida.com.ar\/portalurbano\/unicen-emitio-un-comunicado-sobre-como-se-preparan-las-facultades-para-la-presencialidad\/#breadcrumb\",\"itemListElement\":[{\"@type\":\"ListItem\",\"position\":1,\"name\":\"Portada\",\"item\":\"https:\/\/experienciadevida.com.ar\/portalurbano\/\"},{\"@type\":\"ListItem\",\"position\":2,\"name\":\"UNICEN emiti\u00f3 un comunicado sobre c\u00f3mo se preparan las facultades para la presencialidad\"}]},{\"@type\":\"WebSite\",\"@id\":\"https:\/\/experienciadevida.com.ar\/portalurbano\/#website\",\"url\":\"https:\/\/experienciadevida.com.ar\/portalurbano\/\",\"name\":\"\",\"description\":\"\",\"publisher\":{\"@id\":\"https:\/\/experienciadevida.com.ar\/portalurbano\/#organization\"},\"potentialAction\":[{\"@type\":\"SearchAction\",\"target\":{\"@type\":\"EntryPoint\",\"urlTemplate\":\"https:\/\/experienciadevida.com.ar\/portalurbano\/?s={search_term_string}\"},\"query-input\":\"required name=search_term_string\"}],\"inLanguage\":\"es\"},{\"@type\":\"Organization\",\"@id\":\"https:\/\/experienciadevida.com.ar\/portalurbano\/#organization\",\"name\":\"Portal Urbano\",\"url\":\"https:\/\/experienciadevida.com.ar\/portalurbano\/\",\"logo\":{\"@type\":\"ImageObject\",\"inLanguage\":\"es\",\"@id\":\"https:\/\/experienciadevida.com.ar\/portalurbano\/#\/schema\/logo\/image\/\",\"url\":\"https:\/\/experienciadevida.com.ar\/portalurbano\/wp-content\/uploads\/2019\/09\/Logo-Original.png\",\"contentUrl\":\"https:\/\/experienciadevida.com.ar\/portalurbano\/wp-content\/uploads\/2019\/09\/Logo-Original.png\",\"width\":2236,\"height\":1216,\"caption\":\"Portal Urbano\"},\"image\":{\"@id\":\"https:\/\/experienciadevida.com.ar\/portalurbano\/#\/schema\/logo\/image\/\"},\"sameAs\":[\"https:\/\/www.facebook.com\/Portal-Urbano-171542830093757\/\",\"https:\/\/twitter.com\/portalurbanook\",\"https:\/\/www.instagram.com\/_portalurbano\/\",\"https:\/\/www.youtube.com\/channel\/UCXhagIfszH8KxFiOok79zbA?view_as=subscriber\"]},{\"@type\":\"Person\",\"@id\":\"https:\/\/experienciadevida.com.ar\/portalurbano\/#\/schema\/person\/02dd326b1c4b056e9cc972486934a3a7\",\"name\":\"admpu17wp\",\"image\":{\"@type\":\"ImageObject\",\"inLanguage\":\"es\",\"@id\":\"https:\/\/experienciadevida.com.ar\/portalurbano\/#\/schema\/person\/image\/\",\"url\":\"https:\/\/secure.gravatar.com\/avatar\/830d4c57adaae6630765e449a6908047?s=96&d=mm&r=g\",\"contentUrl\":\"https:\/\/secure.gravatar.com\/avatar\/830d4c57adaae6630765e449a6908047?s=96&d=mm&r=g\",\"caption\":\"admpu17wp\"}}]}<\/script>\n<!-- \/ Yoast SEO plugin. -->","yoast_head_json":{"title":"UNICEN emiti\u00f3 un comunicado sobre c\u00f3mo se preparan las facultades","description":"En el d\u00eda de ayer UNICEN\u00a0 emiti\u00f3 un comunicado con la necesidad de establecer pautas claras respecto de las actividades acad\u00e9micas.","robots":{"index":"index","follow":"follow","max-snippet":"max-snippet:-1","max-image-preview":"max-image-preview:large","max-video-preview":"max-video-preview:-1"},"canonical":"https:\/\/experienciadevida.com.ar\/portalurbano\/unicen-emitio-un-comunicado-sobre-como-se-preparan-las-facultades-para-la-presencialidad\/","og_locale":"es_ES","og_type":"article","og_title":"UNICEN emiti\u00f3 un comunicado sobre c\u00f3mo se preparan las facultades","og_description":"En el d\u00eda de ayer UNICEN\u00a0 emiti\u00f3 un comunicado con la necesidad de establecer pautas claras respecto de las actividades acad\u00e9micas.","og_url":"https:\/\/experienciadevida.com.ar\/portalurbano\/unicen-emitio-un-comunicado-sobre-como-se-preparan-las-facultades-para-la-presencialidad\/","article_publisher":"https:\/\/www.facebook.com\/Portal-Urbano-171542830093757\/","article_published_time":"2021-01-27T13:11:32+00:00","article_modified_time":"2021-01-27T13:18:34+00:00","og_image":[{"width":826,"height":496,"url":"https:\/\/experienciadevida.com.ar\/portalurbano\/wp-content\/uploads\/2020\/02\/UNICEN.jpg","type":"image\/jpeg"}],"author":"admpu17wp","twitter_card":"summary_large_image","twitter_creator":"@portalurbanook","twitter_site":"@portalurbanook","twitter_misc":{"Escrito por":"admpu17wp","Tiempo de lectura":"2 minutos"},"schema":{"@context":"https:\/\/schema.org","@graph":[{"@type":"Article","@id":"https:\/\/experienciadevida.com.ar\/portalurbano\/unicen-emitio-un-comunicado-sobre-como-se-preparan-las-facultades-para-la-presencialidad\/#article","isPartOf":{"@id":"https:\/\/experienciadevida.com.ar\/portalurbano\/unicen-emitio-un-comunicado-sobre-como-se-preparan-las-facultades-para-la-presencialidad\/"},"author":{"name":"admpu17wp","@id":"https:\/\/experienciadevida.com.ar\/portalurbano\/#\/schema\/person\/02dd326b1c4b056e9cc972486934a3a7"},"headline":"UNICEN emiti\u00f3 un comunicado sobre c\u00f3mo se preparan las facultades para la presencialidad","datePublished":"2021-01-27T13:11:32+00:00","dateModified":"2021-01-27T13:18:34+00:00","mainEntityOfPage":{"@id":"https:\/\/experienciadevida.com.ar\/portalurbano\/unicen-emitio-un-comunicado-sobre-como-se-preparan-las-facultades-para-la-presencialidad\/"},"wordCount":380,"publisher":{"@id":"https:\/\/experienciadevida.com.ar\/portalurbano\/#organization"},"articleSection":["Destacadas 2","Educaci\u00f3n"],"inLanguage":"es"},{"@type":"WebPage","@id":"https:\/\/experienciadevida.com.ar\/portalurbano\/unicen-emitio-un-comunicado-sobre-como-se-preparan-las-facultades-para-la-presencialidad\/","url":"https:\/\/experienciadevida.com.ar\/portalurbano\/unicen-emitio-un-comunicado-sobre-como-se-preparan-las-facultades-para-la-presencialidad\/","name":"UNICEN emiti\u00f3 un comunicado sobre c\u00f3mo se preparan las facultades","isPartOf":{"@id":"https:\/\/experienciadevida.com.ar\/portalurbano\/#website"},"datePublished":"2021-01-27T13:11:32+00:00","dateModified":"2021-01-27T13:18:34+00:00","description":"En el d\u00eda de ayer UNICEN\u00a0 emiti\u00f3 un comunicado con la necesidad de establecer pautas claras respecto de las actividades acad\u00e9micas.","breadcrumb":{"@id":"https:\/\/experienciadevida.com.ar\/portalurbano\/unicen-emitio-un-comunicado-sobre-como-se-preparan-las-facultades-para-la-presencialidad\/#breadcrumb"},"inLanguage":"es","potentialAction":[{"@type":"ReadAction","target":["https:\/\/experienciadevida.com.ar\/portalurbano\/unicen-emitio-un-comunicado-sobre-como-se-preparan-las-facultades-para-la-presencialidad\/"]}]},{"@type":"BreadcrumbList","@id":"https:\/\/experienciadevida.com.ar\/portalurbano\/unicen-emitio-un-comunicado-sobre-como-se-preparan-las-facultades-para-la-presencialidad\/#breadcrumb","itemListElement":[{"@type":"ListItem","position":1,"name":"Portada","item":"https:\/\/experienciadevida.com.ar\/portalurbano\/"},{"@type":"ListItem","position":2,"name":"UNICEN emiti\u00f3 un comunicado sobre c\u00f3mo se preparan las facultades para la presencialidad"}]},{"@type":"WebSite","@id":"https:\/\/experienciadevida.com.ar\/portalurbano\/#website","url":"https:\/\/experienciadevida.com.ar\/portalurbano\/","name":"","description":"","publisher":{"@id":"https:\/\/experienciadevida.com.ar\/portalurbano\/#organization"},"potentialAction":[{"@type":"SearchAction","target":{"@type":"EntryPoint","urlTemplate":"https:\/\/experienciadevida.com.ar\/portalurbano\/?s={search_term_string}"},"query-input":"required name=search_term_string"}],"inLanguage":"es"},{"@type":"Organization","@id":"https:\/\/experienciadevida.com.ar\/portalurbano\/#organization","name":"Portal Urbano","url":"https:\/\/experienciadevida.com.ar\/portalurbano\/","logo":{"@type":"ImageObject","inLanguage":"es","@id":"https:\/\/experienciadevida.com.ar\/portalurbano\/#\/schema\/logo\/image\/","url":"https:\/\/experienciadevida.com.ar\/portalurbano\/wp-content\/uploads\/2019\/09\/Logo-Original.png","contentUrl":"https:\/\/experienciadevida.com.ar\/portalurbano\/wp-content\/uploads\/2019\/09\/Logo-Original.png","width":2236,"height":1216,"caption":"Portal Urbano"},"image":{"@id":"https:\/\/experienciadevida.com.ar\/portalurbano\/#\/schema\/logo\/image\/"},"sameAs":["https:\/\/www.facebook.com\/Portal-Urbano-171542830093757\/","https:\/\/twitter.com\/portalurbanook","https:\/\/www.instagram.com\/_portalurbano\/","https:\/\/www.youtube.com\/channel\/UCXhagIfszH8KxFiOok79zbA?view_as=subscriber"]},{"@type":"Person","@id":"https:\/\/experienciadevida.com.ar\/portalurbano\/#\/schema\/person\/02dd326b1c4b056e9cc972486934a3a7","name":"admpu17wp","image":{"@type":"ImageObject","inLanguage":"es","@id":"https:\/\/experienciadevida.com.ar\/portalurbano\/#\/schema\/person\/image\/","url":"https:\/\/secure.gravatar.com\/avatar\/830d4c57adaae6630765e449a6908047?s=96&d=mm&r=g","contentUrl":"https:\/\/secure.gravatar.com\/avatar\/830d4c57adaae6630765e449a6908047?s=96&d=mm&r=g","caption":"admpu17wp"}}]}},"featured_image_urls":{"full":["https:\/\/experienciadevida.com.ar\/portalurbano\/wp-content\/uploads\/2020\/02\/UNICEN.jpg",826,496,false],"thumbnail":["https:\/\/experienciadevida.com.ar\/portalurbano\/wp-content\/uploads\/2020\/02\/UNICEN-150x150.jpg",150,150,true],"medium":["https:\/\/experienciadevida.com.ar\/portalurbano\/wp-content\/uploads\/2020\/02\/UNICEN-300x180.jpg",300,180,true],"medium_large":["https:\/\/experienciadevida.com.ar\/portalurbano\/wp-content\/uploads\/2020\/02\/UNICEN-768x461.jpg",640,384,true],"large":["https:\/\/experienciadevida.com.ar\/portalurbano\/wp-content\/uploads\/2020\/02\/UNICEN.jpg",640,384,false],"ug_big":["https:\/\/experienciadevida.com.ar\/portalurbano\/wp-content\/uploads\/2020\/02\/UNICEN-768x461.jpg",768,461,true],"1536x1536":["https:\/\/experienciadevida.com.ar\/portalurbano\/wp-content\/uploads\/2020\/02\/UNICEN.jpg",826,496,false],"2048x2048":["https:\/\/experienciadevida.com.ar\/portalurbano\/wp-content\/uploads\/2020\/02\/UNICEN.jpg",826,496,false],"newsever-slider-full":["https:\/\/experienciadevida.com.ar\/portalurbano\/wp-content\/uploads\/2020\/02\/UNICEN.jpg",826,496,false],"newsever-featured":["https:\/\/experienciadevida.com.ar\/portalurbano\/wp-content\/uploads\/2020\/02\/UNICEN.jpg",826,496,false],"newsever-medium":["https:\/\/experienciadevida.com.ar\/portalurbano\/wp-content\/uploads\/2020\/02\/UNICEN.jpg",720,432,false],"web-stories-poster-portrait":["https:\/\/experienciadevida.com.ar\/portalurbano\/wp-content\/uploads\/2020\/02\/UNICEN.jpg",640,384,false],"web-stories-publisher-logo":["https:\/\/experienciadevida.com.ar\/portalurbano\/wp-content\/uploads\/2020\/02\/UNICEN.jpg",96,58,false],"web-stories-thumbnail":["https:\/\/experienciadevida.com.ar\/portalurbano\/wp-content\/uploads\/2020\/02\/UNICEN.jpg",150,90,false]},"author_info":{"display_name":"admpu17wp","author_link":"https:\/\/experienciadevida.com.ar\/portalurbano\/author\/admpu17wp\/"},"category_info":"<a href=\"https:\/\/experienciadevida.com.ar\/portalurbano\/category\/destacadas-2\/\" rel=\"category tag\">Destacadas 2<\/a> <a href=\"https:\/\/experienciadevida.com.ar\/portalurbano\/category\/ciudad\/educacion\/\" rel=\"category tag\">Educaci\u00f3n<\/a>","tag_info":"Educaci\u00f3n","comment_count":"0","amp_enabled":true,"_links":{"self":[{"href":"https:\/\/experienciadevida.com.ar\/portalurbano\/wp-json\/wp\/v2\/posts\/133560"}],"collection":[{"href":"https:\/\/experienciadevida.com.ar\/portalurbano\/wp-json\/wp\/v2\/posts"}],"about":[{"href":"https:\/\/experienciadevida.com.ar\/portalurbano\/wp-json\/wp\/v2\/types\/post"}],"author":[{"embeddable":true,"href":"https:\/\/experienciadevida.com.ar\/portalurbano\/wp-json\/wp\/v2\/users\/1"}],"replies":[{"embeddable":true,"href":"https:\/\/experienciadevida.com.ar\/portalurbano\/wp-json\/wp\/v2\/comments?post=133560"}],"version-history":[{"count":1,"href":"https:\/\/experienciadevida.com.ar\/portalurbano\/wp-json\/wp\/v2\/posts\/133560\/revisions"}],"predecessor-version":[{"id":133561,"href":"https:\/\/experienciadevida.com.ar\/portalurbano\/wp-json\/wp\/v2\/posts\/133560\/revisions\/133561"}],"wp:featuredmedia":[{"embeddable":true,"href":"https:\/\/experienciadevida.com.ar\/portalurbano\/wp-json\/wp\/v2\/media\/100559"}],"wp:attachment":[{"href":"https:\/\/experienciadevida.com.ar\/portalurbano\/wp-json\/wp\/v2\/media?parent=133560"}],"wp:term":[{"taxonomy":"category","embeddable":true,"href":"https:\/\/experienciadevida.com.ar\/portalurbano\/wp-json\/wp\/v2\/categories?post=133560"},{"taxonomy":"post_tag","embeddable":true,"href":"https:\/\/experienciadevida.com.ar\/portalurbano\/wp-json\/wp\/v2\/tags?post=133560"}],"curies":[{"name":"wp","href":"https:\/\/api.w.org\/{rel}","templated":true}]}}