{"id":133538,"date":"2021-01-26T21:06:32","date_gmt":"2021-01-27T00:06:32","guid":{"rendered":"https:\/\/experienciadevida.com.ar\/portalurbano\/?p=133538"},"modified":"2021-01-26T21:07:23","modified_gmt":"2021-01-27T00:07:23","slug":"potenciar-trabajo-la-posibilidad-a-26-personas-de-nuestra-ciudad-de-atravesar-la-situacion-con-mejores-herramientas","status":"publish","type":"post","link":"https:\/\/experienciadevida.com.ar\/portalurbano\/potenciar-trabajo-la-posibilidad-a-26-personas-de-nuestra-ciudad-de-atravesar-la-situacion-con-mejores-herramientas\/","title":{"rendered":"Potenciar Trabajo: \u201cla posibilidad a 26 personas de nuestra ciudad de atravesar la situaci\u00f3n con mejores herramientas\u201d"},"content":{"rendered":"<p>Potenciar Trabajo: \u201cla posibilidad a 26 personas de nuestra ciudad de atravesar la situaci\u00f3n con mejores herramientas\u201d. En Olavarr\u00eda se entregaron los certificados correspondientes al Programa \u00a0que tuvo al Ministerio de Transporte como Unidad Ejecutora.<\/p>\n<p><a href=\"https:\/\/experienciadevida.com.ar\/portalurbano\/potenciar-trabajo-la-posibilidad-a-26-personas-de-nuestra-ciudad-de-atravesar-la-situacion-con-mejores-herramientas\/potenciar\/\" rel=\"attachment wp-att-133540\"><img decoding=\"async\" class=\"alignnone size-full wp-image-133540\" src=\"https:\/\/experienciadevida.com.ar\/portalurbano\/wp-content\/uploads\/2021\/01\/Potenciar.jpg\" alt=\"Potenciar\" width=\"1280\" height=\"853\" srcset=\"https:\/\/experienciadevida.com.ar\/portalurbano\/wp-content\/uploads\/2021\/01\/Potenciar.jpg 1280w, https:\/\/experienciadevida.com.ar\/portalurbano\/wp-content\/uploads\/2021\/01\/Potenciar-300x200.jpg 300w, https:\/\/experienciadevida.com.ar\/portalurbano\/wp-content\/uploads\/2021\/01\/Potenciar-1024x682.jpg 1024w, https:\/\/experienciadevida.com.ar\/portalurbano\/wp-content\/uploads\/2021\/01\/Potenciar-768x512.jpg 768w\" sizes=\"(max-width: 1280px) 100vw, 1280px\" \/><\/a><\/p>\n<p>Bajo el marco del Programa Nacional de Inclusi\u00f3n Socio-productiva y Desarrollo Local \u201cPotenciar trabajo\u201d, muchas personas accedieron a cursos y propuestas productivas destinadas a la inclusi\u00f3n social para personas en situaci\u00f3n de vulnerabilidad social y econ\u00f3mica. El programa es impulsado por el Ministerio de Desarrollo Social de Naci\u00f3n, en articulaci\u00f3n con otros Ministerios y \u00e1reas del Gobierno Nacional, entre ellos con el Ministerio de Transporte de la Naci\u00f3n.<\/p>\n<p>De este modo, Potenciar Trabajo se afianza como una herramienta de ayuda social con el fin mejorar la empleabilidad y la generaci\u00f3n de propuestas productivas a trav\u00e9s de la finalizaci\u00f3n educativa, la formaci\u00f3n laboral y la capacitaci\u00f3n en oficios.<\/p>\n<p>Los proyectos que se planificaron para Olavarr\u00eda abarcan el trabajo en predios no operativos de ferrocarriles que no est\u00e1n en funcionamiento, es decir, no generan empleo, y presentan estados de abandono y de impacto ambiental. Ante la imposibilidad de realizar trabajos de forma presencial, la Plataforma de Formaci\u00f3n Virtual de Trenes Argentinos Capital Humano, Unidad Ejecutora del Programa, estuvo dedicada a la capacitaci\u00f3n en tem\u00e1ticas como Primeros Auxilios y RCP, Seguridad e Higiene, Introducci\u00f3n al Mundo del Trabajo, Derecho del Trabajador, Educaci\u00f3n Sexual Integral, entre otras.<\/p>\n<p>Este programa, orientado para personas mayores a 18 a\u00f1os y menores a 65, se aplic\u00f3 en la ciudad de manera muy satisfactoria logrando una interesante convocatoria de vecinas y vecinos que no cuentan con empleo. En total, fueron 26 olavarrienses incluidos en la primera etapa del Potenciar Trabajo.<\/p>\n<p>El \u00e9xito de la implementaci\u00f3n de potenciar trabajo en Olavarr\u00eda no s\u00f3lo se evidencia a trav\u00e9s de la convocatoria lograda. Tambi\u00e9n se refleja mediante las experiencias personales de sus participantes. Tal es el caso de Micaela Alfonzo, promotora socio-educativa, quien en su rol \u201cestamos acompa\u00f1ando a que siete integrantes del Potenciar puedan cursar sus estudios para finalizar el nivel secundario, bajo una modalidad de terminalidad educativa\u201d. Por otra parte, Rosana Cabrera se\u00f1al\u00f3 que el Programa \u201cPotenciar Trabajo fue una ayuda importante. Hoy en d\u00eda no hay muchas oportunidades para personas mayores, y esta herramienta nos permite capacitarnos y facilitar la inserci\u00f3n laboral\u201d.<\/p>\n<p>La semana pasada tuvo lugar la entrega de certificados de las primeras capacitaciones realizadas, oportunidad que dio espacio para algunas reflexiones. La Concejala In\u00e9s Creimer manifest\u00f3 que \u201cen charlas con algunas de las personas inclu\u00eddas en esta instancia de capacitaci\u00f3n del programa,\u00a0 me result\u00f3 muy interesante que resaltaron lo valioso de haber participado\u201d. Tambi\u00e9n destac\u00f3 la importancia de la capacitaci\u00f3n al se\u00f1alar que \u201cla formaci\u00f3n siempre es enriquecedora y muchas veces impulsa a mejorar. En este sentido algunas de ellas han decidido, por ejemplo, continuar con otras instancias de aprendizaje que ofrece el programa y que son optativas\u201d.<\/p>\n<p>Al respecto, el Concejal <a href=\"https:\/\/www.facebook.com\/rodriguezolav\">Eduardo Rodr\u00edguez<\/a> reflej\u00f3 su satisfacci\u00f3n ya que \u201cel Potenciar y las capacitaciones brindaron una posibilidad a 26 personas de nuestra ciudad de atravesar la situaci\u00f3n con mayores herramientas\u201d. A su vez, el Concejal se mostr\u00f3 confiado en que \u201ccuando retomemos la contraprestaci\u00f3n presencial del programa, el proyecto es volver a darle el valor que tiene a algunos de los predios ferroviarios, integr\u00e1ndolos con las posibilidades de trabajo, capacitaci\u00f3n y con que esas personas puedan volver a reinsertarse al trabajo comunitario en cada uno de esos lugares\u201d.<\/p>\n<p>Para m\u00e1s informaci\u00f3n contactarse a trav\u00e9s de las v\u00edas de comunicaci\u00f3n del<br \/>\nForo Olavarr\u00eda:<\/p>\n<p>WhatsApp: 2284 554873<br \/>\nE-Mail: foroolavarria@gmail.com<br \/>\nP\u00e1gina Web: www.foroolavarria.org<\/p>\n","protected":false},"excerpt":{"rendered":"<p>Potenciar Trabajo: \u201cla posibilidad a 26 personas de nuestra ciudad de atravesar la situaci\u00f3n con&#8230;<\/p>\n","protected":false},"author":1,"featured_media":133539,"comment_status":"closed","ping_status":"closed","sticky":false,"template":"","format":"standard","meta":{"content-type":""},"categories":[27,51],"tags":[],"nelio_content":{"isAutoShareEnabled":false,"autoShareEndMode":"default","automationSources":{"useContentSentences":true,"useSocialTemplates":true,"useCustomSentences":false,"customSentences":[]},"followers":[1],"suggestedReferences":[],"includedReferences":[],"efiUrl":"","efiAlt":"","highlights":[]},"yoast_head":"<!-- This site is optimized with the Yoast SEO plugin v20.7 - https:\/\/yoast.com\/wordpress\/plugins\/seo\/ -->\n<title>Potenciar trabajo: &quot;la posibilidad a 26 personas de nuestra ciudad&quot;<\/title>\n<meta name=\"description\" content=\"Potenciar Trabajo: \u201cla posibilidad a 26 personas de nuestra ciudad de atravesar la situaci\u00f3n con mejores herramientas\u201d, por el foro Olavarr\u00eda\" \/>\n<meta name=\"robots\" content=\"index, follow, max-snippet:-1, max-image-preview:large, max-video-preview:-1\" \/>\n<link rel=\"canonical\" href=\"https:\/\/experienciadevida.com.ar\/portalurbano\/potenciar-trabajo-la-posibilidad-a-26-personas-de-nuestra-ciudad-de-atravesar-la-situacion-con-mejores-herramientas\/\" \/>\n<meta property=\"og:locale\" content=\"es_ES\" \/>\n<meta property=\"og:type\" content=\"article\" \/>\n<meta property=\"og:title\" content=\"Potenciar trabajo: &quot;la posibilidad a 26 personas de nuestra ciudad&quot;\" \/>\n<meta property=\"og:description\" content=\"Potenciar Trabajo: \u201cla posibilidad a 26 personas de nuestra ciudad de atravesar la situaci\u00f3n con mejores herramientas\u201d, por el foro Olavarr\u00eda\" \/>\n<meta property=\"og:url\" content=\"https:\/\/experienciadevida.com.ar\/portalurbano\/potenciar-trabajo-la-posibilidad-a-26-personas-de-nuestra-ciudad-de-atravesar-la-situacion-con-mejores-herramientas\/\" \/>\n<meta property=\"article:publisher\" content=\"https:\/\/www.facebook.com\/Portal-Urbano-171542830093757\/\" \/>\n<meta property=\"article:published_time\" content=\"2021-01-27T00:06:32+00:00\" \/>\n<meta property=\"article:modified_time\" content=\"2021-01-27T00:07:23+00:00\" \/>\n<meta property=\"og:image\" content=\"https:\/\/experienciadevida.com.ar\/portalurbano\/wp-content\/uploads\/2021\/01\/Potenciar-trabajo.jpg\" \/>\n\t<meta property=\"og:image:width\" content=\"1280\" \/>\n\t<meta property=\"og:image:height\" content=\"853\" \/>\n\t<meta property=\"og:image:type\" content=\"image\/jpeg\" \/>\n<meta name=\"author\" content=\"admpu17wp\" \/>\n<meta name=\"twitter:card\" content=\"summary_large_image\" \/>\n<meta name=\"twitter:creator\" content=\"@portalurbanook\" \/>\n<meta name=\"twitter:site\" content=\"@portalurbanook\" \/>\n<meta name=\"twitter:label1\" content=\"Escrito por\" \/>\n\t<meta name=\"twitter:data1\" content=\"admpu17wp\" \/>\n\t<meta name=\"twitter:label2\" content=\"Tiempo de lectura\" \/>\n\t<meta name=\"twitter:data2\" content=\"3 minutos\" \/>\n<script type=\"application\/ld+json\" class=\"yoast-schema-graph\">{\"@context\":\"https:\/\/schema.org\",\"@graph\":[{\"@type\":\"Article\",\"@id\":\"https:\/\/experienciadevida.com.ar\/portalurbano\/potenciar-trabajo-la-posibilidad-a-26-personas-de-nuestra-ciudad-de-atravesar-la-situacion-con-mejores-herramientas\/#article\",\"isPartOf\":{\"@id\":\"https:\/\/experienciadevida.com.ar\/portalurbano\/potenciar-trabajo-la-posibilidad-a-26-personas-de-nuestra-ciudad-de-atravesar-la-situacion-con-mejores-herramientas\/\"},\"author\":{\"name\":\"admpu17wp\",\"@id\":\"https:\/\/experienciadevida.com.ar\/portalurbano\/#\/schema\/person\/02dd326b1c4b056e9cc972486934a3a7\"},\"headline\":\"Potenciar Trabajo: \u201cla posibilidad a 26 personas de nuestra ciudad de atravesar la situaci\u00f3n con mejores herramientas\u201d\",\"datePublished\":\"2021-01-27T00:06:32+00:00\",\"dateModified\":\"2021-01-27T00:07:23+00:00\",\"mainEntityOfPage\":{\"@id\":\"https:\/\/experienciadevida.com.ar\/portalurbano\/potenciar-trabajo-la-posibilidad-a-26-personas-de-nuestra-ciudad-de-atravesar-la-situacion-con-mejores-herramientas\/\"},\"wordCount\":653,\"publisher\":{\"@id\":\"https:\/\/experienciadevida.com.ar\/portalurbano\/#organization\"},\"articleSection\":[\"Ciudad\",\"Destacadas\"],\"inLanguage\":\"es\"},{\"@type\":\"WebPage\",\"@id\":\"https:\/\/experienciadevida.com.ar\/portalurbano\/potenciar-trabajo-la-posibilidad-a-26-personas-de-nuestra-ciudad-de-atravesar-la-situacion-con-mejores-herramientas\/\",\"url\":\"https:\/\/experienciadevida.com.ar\/portalurbano\/potenciar-trabajo-la-posibilidad-a-26-personas-de-nuestra-ciudad-de-atravesar-la-situacion-con-mejores-herramientas\/\",\"name\":\"Potenciar trabajo: \\\"la posibilidad a 26 personas de nuestra ciudad\\\"\",\"isPartOf\":{\"@id\":\"https:\/\/experienciadevida.com.ar\/portalurbano\/#website\"},\"datePublished\":\"2021-01-27T00:06:32+00:00\",\"dateModified\":\"2021-01-27T00:07:23+00:00\",\"description\":\"Potenciar Trabajo: \u201cla posibilidad a 26 personas de nuestra ciudad de atravesar la situaci\u00f3n con mejores herramientas\u201d, por el foro Olavarr\u00eda\",\"breadcrumb\":{\"@id\":\"https:\/\/experienciadevida.com.ar\/portalurbano\/potenciar-trabajo-la-posibilidad-a-26-personas-de-nuestra-ciudad-de-atravesar-la-situacion-con-mejores-herramientas\/#breadcrumb\"},\"inLanguage\":\"es\",\"potentialAction\":[{\"@type\":\"ReadAction\",\"target\":[\"https:\/\/experienciadevida.com.ar\/portalurbano\/potenciar-trabajo-la-posibilidad-a-26-personas-de-nuestra-ciudad-de-atravesar-la-situacion-con-mejores-herramientas\/\"]}]},{\"@type\":\"BreadcrumbList\",\"@id\":\"https:\/\/experienciadevida.com.ar\/portalurbano\/potenciar-trabajo-la-posibilidad-a-26-personas-de-nuestra-ciudad-de-atravesar-la-situacion-con-mejores-herramientas\/#breadcrumb\",\"itemListElement\":[{\"@type\":\"ListItem\",\"position\":1,\"name\":\"Portada\",\"item\":\"https:\/\/experienciadevida.com.ar\/portalurbano\/\"},{\"@type\":\"ListItem\",\"position\":2,\"name\":\"Potenciar Trabajo: \u201cla posibilidad a 26 personas de nuestra ciudad de atravesar la situaci\u00f3n con mejores herramientas\u201d\"}]},{\"@type\":\"WebSite\",\"@id\":\"https:\/\/experienciadevida.com.ar\/portalurbano\/#website\",\"url\":\"https:\/\/experienciadevida.com.ar\/portalurbano\/\",\"name\":\"\",\"description\":\"\",\"publisher\":{\"@id\":\"https:\/\/experienciadevida.com.ar\/portalurbano\/#organization\"},\"potentialAction\":[{\"@type\":\"SearchAction\",\"target\":{\"@type\":\"EntryPoint\",\"urlTemplate\":\"https:\/\/experienciadevida.com.ar\/portalurbano\/?s={search_term_string}\"},\"query-input\":\"required name=search_term_string\"}],\"inLanguage\":\"es\"},{\"@type\":\"Organization\",\"@id\":\"https:\/\/experienciadevida.com.ar\/portalurbano\/#organization\",\"name\":\"Portal Urbano\",\"url\":\"https:\/\/experienciadevida.com.ar\/portalurbano\/\",\"logo\":{\"@type\":\"ImageObject\",\"inLanguage\":\"es\",\"@id\":\"https:\/\/experienciadevida.com.ar\/portalurbano\/#\/schema\/logo\/image\/\",\"url\":\"https:\/\/experienciadevida.com.ar\/portalurbano\/wp-content\/uploads\/2019\/09\/Logo-Original.png\",\"contentUrl\":\"https:\/\/experienciadevida.com.ar\/portalurbano\/wp-content\/uploads\/2019\/09\/Logo-Original.png\",\"width\":2236,\"height\":1216,\"caption\":\"Portal Urbano\"},\"image\":{\"@id\":\"https:\/\/experienciadevida.com.ar\/portalurbano\/#\/schema\/logo\/image\/\"},\"sameAs\":[\"https:\/\/www.facebook.com\/Portal-Urbano-171542830093757\/\",\"https:\/\/twitter.com\/portalurbanook\",\"https:\/\/www.instagram.com\/_portalurbano\/\",\"https:\/\/www.youtube.com\/channel\/UCXhagIfszH8KxFiOok79zbA?view_as=subscriber\"]},{\"@type\":\"Person\",\"@id\":\"https:\/\/experienciadevida.com.ar\/portalurbano\/#\/schema\/person\/02dd326b1c4b056e9cc972486934a3a7\",\"name\":\"admpu17wp\",\"image\":{\"@type\":\"ImageObject\",\"inLanguage\":\"es\",\"@id\":\"https:\/\/experienciadevida.com.ar\/portalurbano\/#\/schema\/person\/image\/\",\"url\":\"https:\/\/secure.gravatar.com\/avatar\/830d4c57adaae6630765e449a6908047?s=96&d=mm&r=g\",\"contentUrl\":\"https:\/\/secure.gravatar.com\/avatar\/830d4c57adaae6630765e449a6908047?s=96&d=mm&r=g\",\"caption\":\"admpu17wp\"}}]}<\/script>\n<!-- \/ Yoast SEO plugin. -->","yoast_head_json":{"title":"Potenciar trabajo: \"la posibilidad a 26 personas de nuestra ciudad\"","description":"Potenciar Trabajo: \u201cla posibilidad a 26 personas de nuestra ciudad de atravesar la situaci\u00f3n con mejores herramientas\u201d, por el foro Olavarr\u00eda","robots":{"index":"index","follow":"follow","max-snippet":"max-snippet:-1","max-image-preview":"max-image-preview:large","max-video-preview":"max-video-preview:-1"},"canonical":"https:\/\/experienciadevida.com.ar\/portalurbano\/potenciar-trabajo-la-posibilidad-a-26-personas-de-nuestra-ciudad-de-atravesar-la-situacion-con-mejores-herramientas\/","og_locale":"es_ES","og_type":"article","og_title":"Potenciar trabajo: \"la posibilidad a 26 personas de nuestra ciudad\"","og_description":"Potenciar Trabajo: \u201cla posibilidad a 26 personas de nuestra ciudad de atravesar la situaci\u00f3n con mejores herramientas\u201d, por el foro Olavarr\u00eda","og_url":"https:\/\/experienciadevida.com.ar\/portalurbano\/potenciar-trabajo-la-posibilidad-a-26-personas-de-nuestra-ciudad-de-atravesar-la-situacion-con-mejores-herramientas\/","article_publisher":"https:\/\/www.facebook.com\/Portal-Urbano-171542830093757\/","article_published_time":"2021-01-27T00:06:32+00:00","article_modified_time":"2021-01-27T00:07:23+00:00","og_image":[{"width":1280,"height":853,"url":"https:\/\/experienciadevida.com.ar\/portalurbano\/wp-content\/uploads\/2021\/01\/Potenciar-trabajo.jpg","type":"image\/jpeg"}],"author":"admpu17wp","twitter_card":"summary_large_image","twitter_creator":"@portalurbanook","twitter_site":"@portalurbanook","twitter_misc":{"Escrito por":"admpu17wp","Tiempo de lectura":"3 minutos"},"schema":{"@context":"https:\/\/schema.org","@graph":[{"@type":"Article","@id":"https:\/\/experienciadevida.com.ar\/portalurbano\/potenciar-trabajo-la-posibilidad-a-26-personas-de-nuestra-ciudad-de-atravesar-la-situacion-con-mejores-herramientas\/#article","isPartOf":{"@id":"https:\/\/experienciadevida.com.ar\/portalurbano\/potenciar-trabajo-la-posibilidad-a-26-personas-de-nuestra-ciudad-de-atravesar-la-situacion-con-mejores-herramientas\/"},"author":{"name":"admpu17wp","@id":"https:\/\/experienciadevida.com.ar\/portalurbano\/#\/schema\/person\/02dd326b1c4b056e9cc972486934a3a7"},"headline":"Potenciar Trabajo: \u201cla posibilidad a 26 personas de nuestra ciudad de atravesar la situaci\u00f3n con mejores herramientas\u201d","datePublished":"2021-01-27T00:06:32+00:00","dateModified":"2021-01-27T00:07:23+00:00","mainEntityOfPage":{"@id":"https:\/\/experienciadevida.com.ar\/portalurbano\/potenciar-trabajo-la-posibilidad-a-26-personas-de-nuestra-ciudad-de-atravesar-la-situacion-con-mejores-herramientas\/"},"wordCount":653,"publisher":{"@id":"https:\/\/experienciadevida.com.ar\/portalurbano\/#organization"},"articleSection":["Ciudad","Destacadas"],"inLanguage":"es"},{"@type":"WebPage","@id":"https:\/\/experienciadevida.com.ar\/portalurbano\/potenciar-trabajo-la-posibilidad-a-26-personas-de-nuestra-ciudad-de-atravesar-la-situacion-con-mejores-herramientas\/","url":"https:\/\/experienciadevida.com.ar\/portalurbano\/potenciar-trabajo-la-posibilidad-a-26-personas-de-nuestra-ciudad-de-atravesar-la-situacion-con-mejores-herramientas\/","name":"Potenciar trabajo: \"la posibilidad a 26 personas de nuestra ciudad\"","isPartOf":{"@id":"https:\/\/experienciadevida.com.ar\/portalurbano\/#website"},"datePublished":"2021-01-27T00:06:32+00:00","dateModified":"2021-01-27T00:07:23+00:00","description":"Potenciar Trabajo: \u201cla posibilidad a 26 personas de nuestra ciudad de atravesar la situaci\u00f3n con mejores herramientas\u201d, por el foro Olavarr\u00eda","breadcrumb":{"@id":"https:\/\/experienciadevida.com.ar\/portalurbano\/potenciar-trabajo-la-posibilidad-a-26-personas-de-nuestra-ciudad-de-atravesar-la-situacion-con-mejores-herramientas\/#breadcrumb"},"inLanguage":"es","potentialAction":[{"@type":"ReadAction","target":["https:\/\/experienciadevida.com.ar\/portalurbano\/potenciar-trabajo-la-posibilidad-a-26-personas-de-nuestra-ciudad-de-atravesar-la-situacion-con-mejores-herramientas\/"]}]},{"@type":"BreadcrumbList","@id":"https:\/\/experienciadevida.com.ar\/portalurbano\/potenciar-trabajo-la-posibilidad-a-26-personas-de-nuestra-ciudad-de-atravesar-la-situacion-con-mejores-herramientas\/#breadcrumb","itemListElement":[{"@type":"ListItem","position":1,"name":"Portada","item":"https:\/\/experienciadevida.com.ar\/portalurbano\/"},{"@type":"ListItem","position":2,"name":"Potenciar Trabajo: \u201cla posibilidad a 26 personas de nuestra ciudad de atravesar la situaci\u00f3n con mejores herramientas\u201d"}]},{"@type":"WebSite","@id":"https:\/\/experienciadevida.com.ar\/portalurbano\/#website","url":"https:\/\/experienciadevida.com.ar\/portalurbano\/","name":"","description":"","publisher":{"@id":"https:\/\/experienciadevida.com.ar\/portalurbano\/#organization"},"potentialAction":[{"@type":"SearchAction","target":{"@type":"EntryPoint","urlTemplate":"https:\/\/experienciadevida.com.ar\/portalurbano\/?s={search_term_string}"},"query-input":"required name=search_term_string"}],"inLanguage":"es"},{"@type":"Organization","@id":"https:\/\/experienciadevida.com.ar\/portalurbano\/#organization","name":"Portal Urbano","url":"https:\/\/experienciadevida.com.ar\/portalurbano\/","logo":{"@type":"ImageObject","inLanguage":"es","@id":"https:\/\/experienciadevida.com.ar\/portalurbano\/#\/schema\/logo\/image\/","url":"https:\/\/experienciadevida.com.ar\/portalurbano\/wp-content\/uploads\/2019\/09\/Logo-Original.png","contentUrl":"https:\/\/experienciadevida.com.ar\/portalurbano\/wp-content\/uploads\/2019\/09\/Logo-Original.png","width":2236,"height":1216,"caption":"Portal Urbano"},"image":{"@id":"https:\/\/experienciadevida.com.ar\/portalurbano\/#\/schema\/logo\/image\/"},"sameAs":["https:\/\/www.facebook.com\/Portal-Urbano-171542830093757\/","https:\/\/twitter.com\/portalurbanook","https:\/\/www.instagram.com\/_portalurbano\/","https:\/\/www.youtube.com\/channel\/UCXhagIfszH8KxFiOok79zbA?view_as=subscriber"]},{"@type":"Person","@id":"https:\/\/experienciadevida.com.ar\/portalurbano\/#\/schema\/person\/02dd326b1c4b056e9cc972486934a3a7","name":"admpu17wp","image":{"@type":"ImageObject","inLanguage":"es","@id":"https:\/\/experienciadevida.com.ar\/portalurbano\/#\/schema\/person\/image\/","url":"https:\/\/secure.gravatar.com\/avatar\/830d4c57adaae6630765e449a6908047?s=96&d=mm&r=g","contentUrl":"https:\/\/secure.gravatar.com\/avatar\/830d4c57adaae6630765e449a6908047?s=96&d=mm&r=g","caption":"admpu17wp"}}]}},"featured_image_urls":{"full":["https:\/\/experienciadevida.com.ar\/portalurbano\/wp-content\/uploads\/2021\/01\/Potenciar-trabajo.jpg",1280,853,false],"thumbnail":["https:\/\/experienciadevida.com.ar\/portalurbano\/wp-content\/uploads\/2021\/01\/Potenciar-trabajo-150x150.jpg",150,150,true],"medium":["https:\/\/experienciadevida.com.ar\/portalurbano\/wp-content\/uploads\/2021\/01\/Potenciar-trabajo-300x200.jpg",300,200,true],"medium_large":["https:\/\/experienciadevida.com.ar\/portalurbano\/wp-content\/uploads\/2021\/01\/Potenciar-trabajo-768x512.jpg",640,427,true],"large":["https:\/\/experienciadevida.com.ar\/portalurbano\/wp-content\/uploads\/2021\/01\/Potenciar-trabajo-1024x682.jpg",640,426,true],"ug_big":["https:\/\/experienciadevida.com.ar\/portalurbano\/wp-content\/uploads\/2021\/01\/Potenciar-trabajo-768x512.jpg",768,512,true],"1536x1536":["https:\/\/experienciadevida.com.ar\/portalurbano\/wp-content\/uploads\/2021\/01\/Potenciar-trabajo.jpg",1280,853,false],"2048x2048":["https:\/\/experienciadevida.com.ar\/portalurbano\/wp-content\/uploads\/2021\/01\/Potenciar-trabajo.jpg",1280,853,false],"newsever-slider-full":["https:\/\/experienciadevida.com.ar\/portalurbano\/wp-content\/uploads\/2021\/01\/Potenciar-trabajo.jpg",1268,845,false],"newsever-featured":["https:\/\/experienciadevida.com.ar\/portalurbano\/wp-content\/uploads\/2021\/01\/Potenciar-trabajo.jpg",1024,682,false],"newsever-medium":["https:\/\/experienciadevida.com.ar\/portalurbano\/wp-content\/uploads\/2021\/01\/Potenciar-trabajo.jpg",713,475,false],"web-stories-poster-portrait":["https:\/\/experienciadevida.com.ar\/portalurbano\/wp-content\/uploads\/2021\/01\/Potenciar-trabajo.jpg",640,427,false],"web-stories-publisher-logo":["https:\/\/experienciadevida.com.ar\/portalurbano\/wp-content\/uploads\/2021\/01\/Potenciar-trabajo.jpg",96,64,false],"web-stories-thumbnail":["https:\/\/experienciadevida.com.ar\/portalurbano\/wp-content\/uploads\/2021\/01\/Potenciar-trabajo.jpg",150,100,false]},"author_info":{"display_name":"admpu17wp","author_link":"https:\/\/experienciadevida.com.ar\/portalurbano\/author\/admpu17wp\/"},"category_info":"<a href=\"https:\/\/experienciadevida.com.ar\/portalurbano\/category\/ciudad\/\" rel=\"category tag\">Ciudad<\/a> <a href=\"https:\/\/experienciadevida.com.ar\/portalurbano\/category\/destacadas\/\" rel=\"category tag\">Destacadas<\/a>","tag_info":"Destacadas","comment_count":"0","amp_enabled":true,"_links":{"self":[{"href":"https:\/\/experienciadevida.com.ar\/portalurbano\/wp-json\/wp\/v2\/posts\/133538"}],"collection":[{"href":"https:\/\/experienciadevida.com.ar\/portalurbano\/wp-json\/wp\/v2\/posts"}],"about":[{"href":"https:\/\/experienciadevida.com.ar\/portalurbano\/wp-json\/wp\/v2\/types\/post"}],"author":[{"embeddable":true,"href":"https:\/\/experienciadevida.com.ar\/portalurbano\/wp-json\/wp\/v2\/users\/1"}],"replies":[{"embeddable":true,"href":"https:\/\/experienciadevida.com.ar\/portalurbano\/wp-json\/wp\/v2\/comments?post=133538"}],"version-history":[{"count":2,"href":"https:\/\/experienciadevida.com.ar\/portalurbano\/wp-json\/wp\/v2\/posts\/133538\/revisions"}],"predecessor-version":[{"id":133542,"href":"https:\/\/experienciadevida.com.ar\/portalurbano\/wp-json\/wp\/v2\/posts\/133538\/revisions\/133542"}],"wp:featuredmedia":[{"embeddable":true,"href":"https:\/\/experienciadevida.com.ar\/portalurbano\/wp-json\/wp\/v2\/media\/133539"}],"wp:attachment":[{"href":"https:\/\/experienciadevida.com.ar\/portalurbano\/wp-json\/wp\/v2\/media?parent=133538"}],"wp:term":[{"taxonomy":"category","embeddable":true,"href":"https:\/\/experienciadevida.com.ar\/portalurbano\/wp-json\/wp\/v2\/categories?post=133538"},{"taxonomy":"post_tag","embeddable":true,"href":"https:\/\/experienciadevida.com.ar\/portalurbano\/wp-json\/wp\/v2\/tags?post=133538"}],"curies":[{"name":"wp","href":"https:\/\/api.w.org\/{rel}","templated":true}]}}