{"id":133533,"date":"2021-01-26T20:55:42","date_gmt":"2021-01-26T23:55:42","guid":{"rendered":"https:\/\/experienciadevida.com.ar\/portalurbano\/?p=133533"},"modified":"2021-01-26T20:56:26","modified_gmt":"2021-01-26T23:56:26","slug":"ascendieron-a-landoni-y-jefes-de-dependencias-locales","status":"publish","type":"post","link":"https:\/\/experienciadevida.com.ar\/portalurbano\/ascendieron-a-landoni-y-jefes-de-dependencias-locales\/","title":{"rendered":"Ascendieron a Landoni y jefes de dependencias locales"},"content":{"rendered":"<p>En la jornada de este martes, el Ministro de seguridad de la Provincia de Buenos Aires Sergio Berni, dispuso promover al grado superior al personal de las Policias de la Provincia de Buenos Aires.<\/p>\n<p>Los polic\u00edas ascendieron a subescalafones Comando, General, Administrativos, Tecnicos, profesionales, Servicios generales, mediante Resoluci\u00f3n 2120, publicado en el Bolet\u00edn Oficial 05\/21, entre los que se encuentran varios efectivos de nuestra ciudad:<\/p>\n<p>Comisario Roberto Landoni Jefe Estaci\u00f3n de Polic\u00eda Departamental Olavarr\u00eda, subcomisario Lauge\u00a0 Vanesa Soledad, jefe de la comisar\u00eda de la mujer y familia. Subcomisario Lestani Silvana Valeria, jefe de la comisar\u00eda segunda.<\/p>\n<p>Adem\u00e1s al subcomisario Rodr\u00edguez Lucas Mat\u00edas Jefe Unidad prevenci\u00f3n Polic\u00eda Local Olavarr\u00eda.<\/p>\n<p>A oficial principal (CDO) ascendieron:<\/p>\n<p>Ofl. Inspector FALCO CRISTIAN<br \/>\nOfl. Inspector FERNANDEZ ALBERTO MARTIN<br \/>\nOfl. Inspector SANCHEZ CECILIA MARIEL<br \/>\nOfl. Inspector HEINRICH MARISOL<br \/>\nOfl. Inspector HERRERA NATALIA<br \/>\nOfl. Inspector BORGHI JUAN MIGUEL<br \/>\nOfl. Inspector AHUMADA RICARDO<br \/>\nA OFICIAL INSPECTOR (CDO)<br \/>\nOfl. Subinspector COWES PAMELA<br \/>\nOfl. Subinspector GILEZ MARCELO ALEJANDRO<br \/>\nOfl. Subinspector PEDRERO MARIA DE LOS ANGELES<br \/>\nOfl. Subinspector PEREZ YESICA SOLEDAD<br \/>\nOfl. Subinspector SEBA MAURO<br \/>\nOfl. Subinspector ALVAREZ LUCIANA<br \/>\nOfl. Subinspector DE RICO POSSE MARIA<br \/>\nOfl. Subinspector BIANCHI ERICA<br \/>\nA OFICIAL SUBINSPECTOR (CDO)<br \/>\nOfl Ayudante ROLDAN MARIA ALAJANDRA<br \/>\nA MAYOR (E.G.)<br \/>\nCapitan FALCON LUIS OSCAR<br \/>\nCapitan SUAREZ ANGEL OMAR<br \/>\nA CAPITAN (E.G.)<br \/>\nTte 1\u00ba VICTORERO SILVIO<br \/>\nTte 1\u00ba COUSTE LORENA<br \/>\nA TENIENTE 1RO. (E.G.)<br \/>\nTeniente ARFUCH JORGE<br \/>\nTeniente DOLESCHAN PEDRO<br \/>\nTeniente WAGNER ANDREA<br \/>\nTeniente LANDAVERRIA NATALIA<br \/>\nA TENIENTE (E.G.)<br \/>\nSubteniente SCHWINDT JUAN PEDRO<br \/>\nSubteniente ALVAREZ JUAN IGNACIO<br \/>\nSubteniente ANTISTA MARIA FLORENCIA<br \/>\nSubteniente AVILA AMXIMILIANO<br \/>\nSubteniente CASIRAGHI DARIO<br \/>\nSubteniente LOPEZ JUAN DOMINGO<br \/>\nSubteniente ROLDAN NATALIA<br \/>\nSubteniente MORGEADO EDISON<br \/>\nSubteniente ROMAN VANESA<br \/>\nSubteniente VIEIRA ALEJANDRO<br \/>\nSubteniente GALLARDO GERARDO<br \/>\nA TENIENTE (S.G.)<br \/>\nSubteniente PEREZ NATALIA VANESA<br \/>\nA SUBTENIENTE (E.G.)<br \/>\nSargento ANDREU ANABELA<br \/>\nSargento BUSTAMANTE GUILLERMO<br \/>\nSargento CORIA NATAN<br \/>\nSargento FRANCO GUILLERMO<br \/>\nSargento GONZALEZ CAROLINA<br \/>\nSargento SMIDT MARCELA<br \/>\nSargento TABORDA ALEJANDRA<br \/>\nSargento VENECIANO LEOPOLDO<br \/>\nSargento CABRERA OSCAR LEONARDO<br \/>\nA SUBTENIENTE (S.G.)<br \/>\nSargento CASAMAYOR FRANCO<br \/>\nSargento FRANCISCO JULIA<br \/>\nSargento IZARRIAGA YESICA<br \/>\nSargento LANDONI LAURA<br \/>\nSargento PERALTA MARINA<br \/>\nA SARGENTO (E.G.)<br \/>\nOficial ARMANDO LUCIA<br \/>\nOficial BRAVO MAXIMILIANO<br \/>\nOficial COLOMBO ALFREDO<br \/>\nOficial CORDOBA LETICIA<br \/>\nOficial DEMARCO DANIEL<br \/>\nOficial DIAZ ANTONELLA<br \/>\nOficial DIETRICH RAMIRO<br \/>\nOficial ESPINOLA MAYRA<br \/>\nOficial FIERRO ANA LAURA<br \/>\nOficial LATAPIE JONATAN<br \/>\nOficial FRIAS BARBARA<br \/>\nOficial FUENTES CHICOPAR ISAIAS<br \/>\nOficial VICENTE GERARDO<br \/>\nOficial GALLO ELIANA<br \/>\nOficial GARCIA BRAIAN<br \/>\nOficial LOPEZ MICAELA MARILINA<br \/>\nOficial MARMOL GISELLE<br \/>\nOficial OLIVETTO KAREN<br \/>\nOficial RODRIGUEZ FRANCO<br \/>\nOficial SIPLE LEANDRO<br \/>\nOficial PEREZ DAIANA<br \/>\nOficial MORA NICOLAS ANTONIO<br \/>\nOficial SCHAMBERGER MILAGROS<br \/>\nOficial BARRIENTOS EZEQUIEL<br \/>\nOficial QUINTANA GLADYS<br \/>\nOficial VIEIRA GUADALUPE<br \/>\nOficial RODRIGUEZ MAXIMILIANO<br \/>\nOficial TERENZANO MIGUEL<br \/>\nOficial VIDAL GISEL<br \/>\nOficial DE SOUZA CARLOS<br \/>\nOficial BETANCUR YESICA<br \/>\nOficial BOADO NOEMI<br \/>\nOficial BOURNOT ANDREA<br \/>\nOficial VICTORERO CLAUDIA<br \/>\nOficial VILLARRUELA CECILIA<br \/>\nOficial ZARATE DAMIANA<br \/>\nA SARGENTO (S.G.)<br \/>\nOficial PE\u00d1ALOZA MARTIN FLORENCIA<\/p>\n","protected":false},"excerpt":{"rendered":"<p>En la jornada de este martes, el Ministro de seguridad de la Provincia de Buenos&#8230;<\/p>\n","protected":false},"author":1,"featured_media":133535,"comment_status":"closed","ping_status":"closed","sticky":false,"template":"","format":"standard","meta":{"content-type":""},"categories":[64,40],"tags":[],"nelio_content":{"isAutoShareEnabled":false,"autoShareEndMode":"default","automationSources":{"useContentSentences":true,"useSocialTemplates":true,"useCustomSentences":false,"customSentences":[]},"followers":[1],"suggestedReferences":[],"includedReferences":[],"efiUrl":"","efiAlt":"","highlights":[]},"yoast_head":"<!-- This site is optimized with the Yoast SEO plugin v20.7 - https:\/\/yoast.com\/wordpress\/plugins\/seo\/ -->\n<title>Ascendieron a Landoni y jefes de dependencias locales -<\/title>\n<meta name=\"robots\" content=\"index, follow, max-snippet:-1, max-image-preview:large, max-video-preview:-1\" \/>\n<link rel=\"canonical\" href=\"https:\/\/experienciadevida.com.ar\/portalurbano\/ascendieron-a-landoni-y-jefes-de-dependencias-locales\/\" \/>\n<meta property=\"og:locale\" content=\"es_ES\" \/>\n<meta property=\"og:type\" content=\"article\" \/>\n<meta property=\"og:title\" content=\"Ascendieron a Landoni y jefes de dependencias locales -\" \/>\n<meta property=\"og:description\" content=\"En la jornada de este martes, el Ministro de seguridad de la Provincia de Buenos...\" \/>\n<meta property=\"og:url\" content=\"https:\/\/experienciadevida.com.ar\/portalurbano\/ascendieron-a-landoni-y-jefes-de-dependencias-locales\/\" \/>\n<meta property=\"article:publisher\" content=\"https:\/\/www.facebook.com\/Portal-Urbano-171542830093757\/\" \/>\n<meta property=\"article:published_time\" content=\"2021-01-26T23:55:42+00:00\" \/>\n<meta property=\"article:modified_time\" content=\"2021-01-26T23:56:26+00:00\" \/>\n<meta property=\"og:image\" content=\"https:\/\/experienciadevida.com.ar\/portalurbano\/wp-content\/uploads\/2021\/01\/Landoni.png\" \/>\n\t<meta property=\"og:image:width\" content=\"765\" \/>\n\t<meta property=\"og:image:height\" content=\"599\" \/>\n\t<meta property=\"og:image:type\" content=\"image\/png\" \/>\n<meta name=\"author\" content=\"admpu17wp\" \/>\n<meta name=\"twitter:card\" content=\"summary_large_image\" \/>\n<meta name=\"twitter:creator\" content=\"@portalurbanook\" \/>\n<meta name=\"twitter:site\" content=\"@portalurbanook\" \/>\n<meta name=\"twitter:label1\" content=\"Escrito por\" \/>\n\t<meta name=\"twitter:data1\" content=\"admpu17wp\" \/>\n\t<meta name=\"twitter:label2\" content=\"Tiempo de lectura\" \/>\n\t<meta name=\"twitter:data2\" content=\"2 minutos\" \/>\n<script type=\"application\/ld+json\" class=\"yoast-schema-graph\">{\"@context\":\"https:\/\/schema.org\",\"@graph\":[{\"@type\":\"Article\",\"@id\":\"https:\/\/experienciadevida.com.ar\/portalurbano\/ascendieron-a-landoni-y-jefes-de-dependencias-locales\/#article\",\"isPartOf\":{\"@id\":\"https:\/\/experienciadevida.com.ar\/portalurbano\/ascendieron-a-landoni-y-jefes-de-dependencias-locales\/\"},\"author\":{\"name\":\"admpu17wp\",\"@id\":\"https:\/\/experienciadevida.com.ar\/portalurbano\/#\/schema\/person\/02dd326b1c4b056e9cc972486934a3a7\"},\"headline\":\"Ascendieron a Landoni y jefes de dependencias locales\",\"datePublished\":\"2021-01-26T23:55:42+00:00\",\"dateModified\":\"2021-01-26T23:56:26+00:00\",\"mainEntityOfPage\":{\"@id\":\"https:\/\/experienciadevida.com.ar\/portalurbano\/ascendieron-a-landoni-y-jefes-de-dependencias-locales\/\"},\"wordCount\":481,\"publisher\":{\"@id\":\"https:\/\/experienciadevida.com.ar\/portalurbano\/#organization\"},\"articleSection\":[\"Destacadas 2\",\"Policiales\"],\"inLanguage\":\"es\"},{\"@type\":\"WebPage\",\"@id\":\"https:\/\/experienciadevida.com.ar\/portalurbano\/ascendieron-a-landoni-y-jefes-de-dependencias-locales\/\",\"url\":\"https:\/\/experienciadevida.com.ar\/portalurbano\/ascendieron-a-landoni-y-jefes-de-dependencias-locales\/\",\"name\":\"Ascendieron a Landoni y jefes de dependencias locales -\",\"isPartOf\":{\"@id\":\"https:\/\/experienciadevida.com.ar\/portalurbano\/#website\"},\"datePublished\":\"2021-01-26T23:55:42+00:00\",\"dateModified\":\"2021-01-26T23:56:26+00:00\",\"breadcrumb\":{\"@id\":\"https:\/\/experienciadevida.com.ar\/portalurbano\/ascendieron-a-landoni-y-jefes-de-dependencias-locales\/#breadcrumb\"},\"inLanguage\":\"es\",\"potentialAction\":[{\"@type\":\"ReadAction\",\"target\":[\"https:\/\/experienciadevida.com.ar\/portalurbano\/ascendieron-a-landoni-y-jefes-de-dependencias-locales\/\"]}]},{\"@type\":\"BreadcrumbList\",\"@id\":\"https:\/\/experienciadevida.com.ar\/portalurbano\/ascendieron-a-landoni-y-jefes-de-dependencias-locales\/#breadcrumb\",\"itemListElement\":[{\"@type\":\"ListItem\",\"position\":1,\"name\":\"Portada\",\"item\":\"https:\/\/experienciadevida.com.ar\/portalurbano\/\"},{\"@type\":\"ListItem\",\"position\":2,\"name\":\"Ascendieron a Landoni y jefes de dependencias locales\"}]},{\"@type\":\"WebSite\",\"@id\":\"https:\/\/experienciadevida.com.ar\/portalurbano\/#website\",\"url\":\"https:\/\/experienciadevida.com.ar\/portalurbano\/\",\"name\":\"\",\"description\":\"\",\"publisher\":{\"@id\":\"https:\/\/experienciadevida.com.ar\/portalurbano\/#organization\"},\"potentialAction\":[{\"@type\":\"SearchAction\",\"target\":{\"@type\":\"EntryPoint\",\"urlTemplate\":\"https:\/\/experienciadevida.com.ar\/portalurbano\/?s={search_term_string}\"},\"query-input\":\"required name=search_term_string\"}],\"inLanguage\":\"es\"},{\"@type\":\"Organization\",\"@id\":\"https:\/\/experienciadevida.com.ar\/portalurbano\/#organization\",\"name\":\"Portal Urbano\",\"url\":\"https:\/\/experienciadevida.com.ar\/portalurbano\/\",\"logo\":{\"@type\":\"ImageObject\",\"inLanguage\":\"es\",\"@id\":\"https:\/\/experienciadevida.com.ar\/portalurbano\/#\/schema\/logo\/image\/\",\"url\":\"https:\/\/experienciadevida.com.ar\/portalurbano\/wp-content\/uploads\/2019\/09\/Logo-Original.png\",\"contentUrl\":\"https:\/\/experienciadevida.com.ar\/portalurbano\/wp-content\/uploads\/2019\/09\/Logo-Original.png\",\"width\":2236,\"height\":1216,\"caption\":\"Portal Urbano\"},\"image\":{\"@id\":\"https:\/\/experienciadevida.com.ar\/portalurbano\/#\/schema\/logo\/image\/\"},\"sameAs\":[\"https:\/\/www.facebook.com\/Portal-Urbano-171542830093757\/\",\"https:\/\/twitter.com\/portalurbanook\",\"https:\/\/www.instagram.com\/_portalurbano\/\",\"https:\/\/www.youtube.com\/channel\/UCXhagIfszH8KxFiOok79zbA?view_as=subscriber\"]},{\"@type\":\"Person\",\"@id\":\"https:\/\/experienciadevida.com.ar\/portalurbano\/#\/schema\/person\/02dd326b1c4b056e9cc972486934a3a7\",\"name\":\"admpu17wp\",\"image\":{\"@type\":\"ImageObject\",\"inLanguage\":\"es\",\"@id\":\"https:\/\/experienciadevida.com.ar\/portalurbano\/#\/schema\/person\/image\/\",\"url\":\"https:\/\/secure.gravatar.com\/avatar\/830d4c57adaae6630765e449a6908047?s=96&d=mm&r=g\",\"contentUrl\":\"https:\/\/secure.gravatar.com\/avatar\/830d4c57adaae6630765e449a6908047?s=96&d=mm&r=g\",\"caption\":\"admpu17wp\"}}]}<\/script>\n<!-- \/ Yoast SEO plugin. -->","yoast_head_json":{"title":"Ascendieron a Landoni y jefes de dependencias locales -","robots":{"index":"index","follow":"follow","max-snippet":"max-snippet:-1","max-image-preview":"max-image-preview:large","max-video-preview":"max-video-preview:-1"},"canonical":"https:\/\/experienciadevida.com.ar\/portalurbano\/ascendieron-a-landoni-y-jefes-de-dependencias-locales\/","og_locale":"es_ES","og_type":"article","og_title":"Ascendieron a Landoni y jefes de dependencias locales -","og_description":"En la jornada de este martes, el Ministro de seguridad de la Provincia de Buenos...","og_url":"https:\/\/experienciadevida.com.ar\/portalurbano\/ascendieron-a-landoni-y-jefes-de-dependencias-locales\/","article_publisher":"https:\/\/www.facebook.com\/Portal-Urbano-171542830093757\/","article_published_time":"2021-01-26T23:55:42+00:00","article_modified_time":"2021-01-26T23:56:26+00:00","og_image":[{"width":765,"height":599,"url":"https:\/\/experienciadevida.com.ar\/portalurbano\/wp-content\/uploads\/2021\/01\/Landoni.png","type":"image\/png"}],"author":"admpu17wp","twitter_card":"summary_large_image","twitter_creator":"@portalurbanook","twitter_site":"@portalurbanook","twitter_misc":{"Escrito por":"admpu17wp","Tiempo de lectura":"2 minutos"},"schema":{"@context":"https:\/\/schema.org","@graph":[{"@type":"Article","@id":"https:\/\/experienciadevida.com.ar\/portalurbano\/ascendieron-a-landoni-y-jefes-de-dependencias-locales\/#article","isPartOf":{"@id":"https:\/\/experienciadevida.com.ar\/portalurbano\/ascendieron-a-landoni-y-jefes-de-dependencias-locales\/"},"author":{"name":"admpu17wp","@id":"https:\/\/experienciadevida.com.ar\/portalurbano\/#\/schema\/person\/02dd326b1c4b056e9cc972486934a3a7"},"headline":"Ascendieron a Landoni y jefes de dependencias locales","datePublished":"2021-01-26T23:55:42+00:00","dateModified":"2021-01-26T23:56:26+00:00","mainEntityOfPage":{"@id":"https:\/\/experienciadevida.com.ar\/portalurbano\/ascendieron-a-landoni-y-jefes-de-dependencias-locales\/"},"wordCount":481,"publisher":{"@id":"https:\/\/experienciadevida.com.ar\/portalurbano\/#organization"},"articleSection":["Destacadas 2","Policiales"],"inLanguage":"es"},{"@type":"WebPage","@id":"https:\/\/experienciadevida.com.ar\/portalurbano\/ascendieron-a-landoni-y-jefes-de-dependencias-locales\/","url":"https:\/\/experienciadevida.com.ar\/portalurbano\/ascendieron-a-landoni-y-jefes-de-dependencias-locales\/","name":"Ascendieron a Landoni y jefes de dependencias locales -","isPartOf":{"@id":"https:\/\/experienciadevida.com.ar\/portalurbano\/#website"},"datePublished":"2021-01-26T23:55:42+00:00","dateModified":"2021-01-26T23:56:26+00:00","breadcrumb":{"@id":"https:\/\/experienciadevida.com.ar\/portalurbano\/ascendieron-a-landoni-y-jefes-de-dependencias-locales\/#breadcrumb"},"inLanguage":"es","potentialAction":[{"@type":"ReadAction","target":["https:\/\/experienciadevida.com.ar\/portalurbano\/ascendieron-a-landoni-y-jefes-de-dependencias-locales\/"]}]},{"@type":"BreadcrumbList","@id":"https:\/\/experienciadevida.com.ar\/portalurbano\/ascendieron-a-landoni-y-jefes-de-dependencias-locales\/#breadcrumb","itemListElement":[{"@type":"ListItem","position":1,"name":"Portada","item":"https:\/\/experienciadevida.com.ar\/portalurbano\/"},{"@type":"ListItem","position":2,"name":"Ascendieron a Landoni y jefes de dependencias locales"}]},{"@type":"WebSite","@id":"https:\/\/experienciadevida.com.ar\/portalurbano\/#website","url":"https:\/\/experienciadevida.com.ar\/portalurbano\/","name":"","description":"","publisher":{"@id":"https:\/\/experienciadevida.com.ar\/portalurbano\/#organization"},"potentialAction":[{"@type":"SearchAction","target":{"@type":"EntryPoint","urlTemplate":"https:\/\/experienciadevida.com.ar\/portalurbano\/?s={search_term_string}"},"query-input":"required name=search_term_string"}],"inLanguage":"es"},{"@type":"Organization","@id":"https:\/\/experienciadevida.com.ar\/portalurbano\/#organization","name":"Portal Urbano","url":"https:\/\/experienciadevida.com.ar\/portalurbano\/","logo":{"@type":"ImageObject","inLanguage":"es","@id":"https:\/\/experienciadevida.com.ar\/portalurbano\/#\/schema\/logo\/image\/","url":"https:\/\/experienciadevida.com.ar\/portalurbano\/wp-content\/uploads\/2019\/09\/Logo-Original.png","contentUrl":"https:\/\/experienciadevida.com.ar\/portalurbano\/wp-content\/uploads\/2019\/09\/Logo-Original.png","width":2236,"height":1216,"caption":"Portal Urbano"},"image":{"@id":"https:\/\/experienciadevida.com.ar\/portalurbano\/#\/schema\/logo\/image\/"},"sameAs":["https:\/\/www.facebook.com\/Portal-Urbano-171542830093757\/","https:\/\/twitter.com\/portalurbanook","https:\/\/www.instagram.com\/_portalurbano\/","https:\/\/www.youtube.com\/channel\/UCXhagIfszH8KxFiOok79zbA?view_as=subscriber"]},{"@type":"Person","@id":"https:\/\/experienciadevida.com.ar\/portalurbano\/#\/schema\/person\/02dd326b1c4b056e9cc972486934a3a7","name":"admpu17wp","image":{"@type":"ImageObject","inLanguage":"es","@id":"https:\/\/experienciadevida.com.ar\/portalurbano\/#\/schema\/person\/image\/","url":"https:\/\/secure.gravatar.com\/avatar\/830d4c57adaae6630765e449a6908047?s=96&d=mm&r=g","contentUrl":"https:\/\/secure.gravatar.com\/avatar\/830d4c57adaae6630765e449a6908047?s=96&d=mm&r=g","caption":"admpu17wp"}}]}},"featured_image_urls":{"full":["https:\/\/experienciadevida.com.ar\/portalurbano\/wp-content\/uploads\/2021\/01\/Landoni.png",765,599,false],"thumbnail":["https:\/\/experienciadevida.com.ar\/portalurbano\/wp-content\/uploads\/2021\/01\/Landoni-150x150.png",150,150,true],"medium":["https:\/\/experienciadevida.com.ar\/portalurbano\/wp-content\/uploads\/2021\/01\/Landoni-300x235.png",300,235,true],"medium_large":["https:\/\/experienciadevida.com.ar\/portalurbano\/wp-content\/uploads\/2021\/01\/Landoni.png",640,501,false],"large":["https:\/\/experienciadevida.com.ar\/portalurbano\/wp-content\/uploads\/2021\/01\/Landoni.png",640,501,false],"ug_big":["https:\/\/experienciadevida.com.ar\/portalurbano\/wp-content\/uploads\/2021\/01\/Landoni.png",765,599,false],"1536x1536":["https:\/\/experienciadevida.com.ar\/portalurbano\/wp-content\/uploads\/2021\/01\/Landoni.png",765,599,false],"2048x2048":["https:\/\/experienciadevida.com.ar\/portalurbano\/wp-content\/uploads\/2021\/01\/Landoni.png",765,599,false],"newsever-slider-full":["https:\/\/experienciadevida.com.ar\/portalurbano\/wp-content\/uploads\/2021\/01\/Landoni.png",765,599,false],"newsever-featured":["https:\/\/experienciadevida.com.ar\/portalurbano\/wp-content\/uploads\/2021\/01\/Landoni.png",765,599,false],"newsever-medium":["https:\/\/experienciadevida.com.ar\/portalurbano\/wp-content\/uploads\/2021\/01\/Landoni.png",607,475,false],"web-stories-poster-portrait":["https:\/\/experienciadevida.com.ar\/portalurbano\/wp-content\/uploads\/2021\/01\/Landoni.png",640,501,false],"web-stories-publisher-logo":["https:\/\/experienciadevida.com.ar\/portalurbano\/wp-content\/uploads\/2021\/01\/Landoni.png",96,75,false],"web-stories-thumbnail":["https:\/\/experienciadevida.com.ar\/portalurbano\/wp-content\/uploads\/2021\/01\/Landoni.png",150,117,false]},"author_info":{"display_name":"admpu17wp","author_link":"https:\/\/experienciadevida.com.ar\/portalurbano\/author\/admpu17wp\/"},"category_info":"<a href=\"https:\/\/experienciadevida.com.ar\/portalurbano\/category\/destacadas-2\/\" rel=\"category tag\">Destacadas 2<\/a> <a href=\"https:\/\/experienciadevida.com.ar\/portalurbano\/category\/policiales\/\" rel=\"category tag\">Policiales<\/a>","tag_info":"Policiales","comment_count":"0","amp_enabled":true,"_links":{"self":[{"href":"https:\/\/experienciadevida.com.ar\/portalurbano\/wp-json\/wp\/v2\/posts\/133533"}],"collection":[{"href":"https:\/\/experienciadevida.com.ar\/portalurbano\/wp-json\/wp\/v2\/posts"}],"about":[{"href":"https:\/\/experienciadevida.com.ar\/portalurbano\/wp-json\/wp\/v2\/types\/post"}],"author":[{"embeddable":true,"href":"https:\/\/experienciadevida.com.ar\/portalurbano\/wp-json\/wp\/v2\/users\/1"}],"replies":[{"embeddable":true,"href":"https:\/\/experienciadevida.com.ar\/portalurbano\/wp-json\/wp\/v2\/comments?post=133533"}],"version-history":[{"count":3,"href":"https:\/\/experienciadevida.com.ar\/portalurbano\/wp-json\/wp\/v2\/posts\/133533\/revisions"}],"predecessor-version":[{"id":133537,"href":"https:\/\/experienciadevida.com.ar\/portalurbano\/wp-json\/wp\/v2\/posts\/133533\/revisions\/133537"}],"wp:featuredmedia":[{"embeddable":true,"href":"https:\/\/experienciadevida.com.ar\/portalurbano\/wp-json\/wp\/v2\/media\/133535"}],"wp:attachment":[{"href":"https:\/\/experienciadevida.com.ar\/portalurbano\/wp-json\/wp\/v2\/media?parent=133533"}],"wp:term":[{"taxonomy":"category","embeddable":true,"href":"https:\/\/experienciadevida.com.ar\/portalurbano\/wp-json\/wp\/v2\/categories?post=133533"},{"taxonomy":"post_tag","embeddable":true,"href":"https:\/\/experienciadevida.com.ar\/portalurbano\/wp-json\/wp\/v2\/tags?post=133533"}],"curies":[{"name":"wp","href":"https:\/\/api.w.org\/{rel}","templated":true}]}}