{"id":133515,"date":"2021-01-26T14:59:52","date_gmt":"2021-01-26T17:59:52","guid":{"rendered":"https:\/\/experienciadevida.com.ar\/portalurbano\/?p=133515"},"modified":"2021-01-26T15:00:24","modified_gmt":"2021-01-26T18:00:24","slug":"kicillof-anuncio-que-si-los-casos-siguen-en-baja-extendera-el-horario-nocturno-hasta-las-2-am","status":"publish","type":"post","link":"https:\/\/experienciadevida.com.ar\/portalurbano\/kicillof-anuncio-que-si-los-casos-siguen-en-baja-extendera-el-horario-nocturno-hasta-las-2-am\/","title":{"rendered":"Kicillof anunci\u00f3 que si los casos siguen en baja extender\u00e1 el horario nocturno hasta las 2 am"},"content":{"rendered":"<p>Kicillof anunci\u00f3 que si los casos siguen en baja extender\u00e1 el horario nocturno hasta las 2 am. El gobernador se mostr\u00f3 satisfecho ante la ca\u00edda de los contagios por dos semanas consecutivas y lo adjudic\u00f3 a las \u00faltimas medidas tomadas.<\/p>\n<p>El gobernador Axel Kicillof destac\u00f3 este martes que los contagios contin\u00faan en baja por segunda semana consecutiva en la provincia de Buenos Aires y anunci\u00f3 que si persiste esta tendencia, extender\u00e1 el horario nocturno hasta las 2 am a partir de la semana pr\u00f3xima.<\/p>\n<p>\u201cDespu\u00e9s de escuchar muchas voces oportunistas, creo que por haber tomado medidas de cuidado y restricciones que afectaron las reuniones y los horarios nocturnos, tenemos el resultado que esper\u00e1bamos\u201d, dijo Axel Kicillof.<\/p>\n<p>Kicillof anunci\u00f3 que &#8220;de continuar la ca\u00edda de los casos la pr\u00f3xima semana, el martes que viene estar\u00edamos en condiciones de extender el horario nocturno de la 1 a las 2 am\u201d, anunci\u00f3. \u201cEs un pedido l\u00f3gico y razonable de los comerciantes de determinado rubro que tiene que ver con esos horarios\u201d, dijo Kicillof, pero aclar\u00f3 que \u201ces una medida condicionada\u201d a que bajen los contagios.<\/p>\n<p>Las declaraciones del gobernador fueron realizadas al encabezar una conferencia de prensa en Villa Gesell tras una nueva reuni\u00f3n con todos los intendentes bonaerenses para analizar la situaci\u00f3n epidemiol\u00f3gica.<\/p>\n<p>\u201cLa situaci\u00f3n epidemiol\u00f3gica ha tenido una trayectoria de altibajos\u201d, dijo el mandatario, y destac\u00f3 que tras el rebrote, los contagios comenzaron a bajar \u201ccomo resultados del trabajo con nuestros expertos, y por la coordinaci\u00f3n y la unidad con los intendentes\u201d, que derivaron en nuevas medidas.<\/p>\n<p>Para Kicillof, si no se hubiesen tomado las \u00faltimas restricciones respecto al horario nocturno y al n\u00famero de personas en las reuniones, hubiese sido \u201cun desastre\u201d, al tiempo que destac\u00f3 que pese a las medidas tomadas tomadas y a la pandemia \u201ces una excelente temporada dada las circunstancias\u201d con m\u00e1s de 3 millones de turistas.<\/p>\n<p>\u201cSeguimos con un descenso progresivo de la cantidad de casos\u201d, dijo por su parte el ministro de Salud provincial, Daniel Gollan. \u201cLas medidas est\u00e1n dando resultados porque se detuvo lo que era un crecimiento abrupto y comenzamos un proceso de descenso que es m\u00e1s lento, pero venimos descendiendo a unos 300 casos promedio diarios\u201d.<\/p>\n<p>Asimismo, destac\u00f3 que la l\u00ednea 148, que seg\u00fan Gollan \u201cpermite predecir con llamativa exactitud lo que va a suceder con el comportamiento del virus entre 10 y 14 d\u00edas antes\u201d, tambi\u00e9n viene en descenso.<\/p>\n<p>En tanto, respecto al nivel de ocupaci\u00f3n de camas dijo que se mantiene estable y que el rebrote \u2013que ya deber\u00eda haber impactado\u2013 no resinti\u00f3 el sistema de salud.<\/p>\n<p>Fuente: DIB<\/p>\n","protected":false},"excerpt":{"rendered":"<p>Kicillof anunci\u00f3 que si los casos siguen en baja extender\u00e1 el horario nocturno hasta las&#8230;<\/p>\n","protected":false},"author":1,"featured_media":133516,"comment_status":"closed","ping_status":"closed","sticky":false,"template":"","format":"standard","meta":{"content-type":""},"categories":[51,44],"tags":[],"nelio_content":{"isAutoShareEnabled":false,"autoShareEndMode":"default","automationSources":{"useContentSentences":true,"useSocialTemplates":true,"useCustomSentences":false,"customSentences":[]},"followers":[1],"suggestedReferences":[],"includedReferences":[],"efiUrl":"","efiAlt":"","highlights":[]},"yoast_head":"<!-- This site is optimized with the Yoast SEO plugin v20.7 - https:\/\/yoast.com\/wordpress\/plugins\/seo\/ -->\n<title>Kicillof anunci\u00f3 que si los casos bajan extender\u00e1n el horario nocturno<\/title>\n<meta name=\"description\" content=\"Kicillof anunci\u00f3 que si los casos siguen en baja extender\u00e1 el horario nocturno hasta las 2 am. El gobernador se mostr\u00f3 satisfecho\" \/>\n<meta name=\"robots\" content=\"index, follow, max-snippet:-1, max-image-preview:large, max-video-preview:-1\" \/>\n<link rel=\"canonical\" href=\"https:\/\/experienciadevida.com.ar\/portalurbano\/kicillof-anuncio-que-si-los-casos-siguen-en-baja-extendera-el-horario-nocturno-hasta-las-2-am\/\" \/>\n<meta property=\"og:locale\" content=\"es_ES\" \/>\n<meta property=\"og:type\" content=\"article\" \/>\n<meta property=\"og:title\" content=\"Kicillof anunci\u00f3 que si los casos bajan extender\u00e1n el horario nocturno\" \/>\n<meta property=\"og:description\" content=\"Kicillof anunci\u00f3 que si los casos siguen en baja extender\u00e1 el horario nocturno hasta las 2 am. El gobernador se mostr\u00f3 satisfecho\" \/>\n<meta property=\"og:url\" content=\"https:\/\/experienciadevida.com.ar\/portalurbano\/kicillof-anuncio-que-si-los-casos-siguen-en-baja-extendera-el-horario-nocturno-hasta-las-2-am\/\" \/>\n<meta property=\"article:publisher\" content=\"https:\/\/www.facebook.com\/Portal-Urbano-171542830093757\/\" \/>\n<meta property=\"article:published_time\" content=\"2021-01-26T17:59:52+00:00\" \/>\n<meta property=\"article:modified_time\" content=\"2021-01-26T18:00:24+00:00\" \/>\n<meta property=\"og:image\" content=\"https:\/\/experienciadevida.com.ar\/portalurbano\/wp-content\/uploads\/2021\/01\/Kicillof-anuncio.jpg\" \/>\n\t<meta property=\"og:image:width\" content=\"1068\" \/>\n\t<meta property=\"og:image:height\" content=\"790\" \/>\n\t<meta property=\"og:image:type\" content=\"image\/jpeg\" \/>\n<meta name=\"author\" content=\"admpu17wp\" \/>\n<meta name=\"twitter:card\" content=\"summary_large_image\" \/>\n<meta name=\"twitter:creator\" content=\"@portalurbanook\" \/>\n<meta name=\"twitter:site\" content=\"@portalurbanook\" \/>\n<meta name=\"twitter:label1\" content=\"Escrito por\" \/>\n\t<meta name=\"twitter:data1\" content=\"admpu17wp\" \/>\n\t<meta name=\"twitter:label2\" content=\"Tiempo de lectura\" \/>\n\t<meta name=\"twitter:data2\" content=\"2 minutos\" \/>\n<script type=\"application\/ld+json\" class=\"yoast-schema-graph\">{\"@context\":\"https:\/\/schema.org\",\"@graph\":[{\"@type\":\"Article\",\"@id\":\"https:\/\/experienciadevida.com.ar\/portalurbano\/kicillof-anuncio-que-si-los-casos-siguen-en-baja-extendera-el-horario-nocturno-hasta-las-2-am\/#article\",\"isPartOf\":{\"@id\":\"https:\/\/experienciadevida.com.ar\/portalurbano\/kicillof-anuncio-que-si-los-casos-siguen-en-baja-extendera-el-horario-nocturno-hasta-las-2-am\/\"},\"author\":{\"name\":\"admpu17wp\",\"@id\":\"https:\/\/experienciadevida.com.ar\/portalurbano\/#\/schema\/person\/02dd326b1c4b056e9cc972486934a3a7\"},\"headline\":\"Kicillof anunci\u00f3 que si los casos siguen en baja extender\u00e1 el horario nocturno hasta las 2 am\",\"datePublished\":\"2021-01-26T17:59:52+00:00\",\"dateModified\":\"2021-01-26T18:00:24+00:00\",\"mainEntityOfPage\":{\"@id\":\"https:\/\/experienciadevida.com.ar\/portalurbano\/kicillof-anuncio-que-si-los-casos-siguen-en-baja-extendera-el-horario-nocturno-hasta-las-2-am\/\"},\"wordCount\":462,\"publisher\":{\"@id\":\"https:\/\/experienciadevida.com.ar\/portalurbano\/#organization\"},\"articleSection\":[\"Destacadas\",\"Provincia\"],\"inLanguage\":\"es\"},{\"@type\":\"WebPage\",\"@id\":\"https:\/\/experienciadevida.com.ar\/portalurbano\/kicillof-anuncio-que-si-los-casos-siguen-en-baja-extendera-el-horario-nocturno-hasta-las-2-am\/\",\"url\":\"https:\/\/experienciadevida.com.ar\/portalurbano\/kicillof-anuncio-que-si-los-casos-siguen-en-baja-extendera-el-horario-nocturno-hasta-las-2-am\/\",\"name\":\"Kicillof anunci\u00f3 que si los casos bajan extender\u00e1n el horario nocturno\",\"isPartOf\":{\"@id\":\"https:\/\/experienciadevida.com.ar\/portalurbano\/#website\"},\"datePublished\":\"2021-01-26T17:59:52+00:00\",\"dateModified\":\"2021-01-26T18:00:24+00:00\",\"description\":\"Kicillof anunci\u00f3 que si los casos siguen en baja extender\u00e1 el horario nocturno hasta las 2 am. El gobernador se mostr\u00f3 satisfecho\",\"breadcrumb\":{\"@id\":\"https:\/\/experienciadevida.com.ar\/portalurbano\/kicillof-anuncio-que-si-los-casos-siguen-en-baja-extendera-el-horario-nocturno-hasta-las-2-am\/#breadcrumb\"},\"inLanguage\":\"es\",\"potentialAction\":[{\"@type\":\"ReadAction\",\"target\":[\"https:\/\/experienciadevida.com.ar\/portalurbano\/kicillof-anuncio-que-si-los-casos-siguen-en-baja-extendera-el-horario-nocturno-hasta-las-2-am\/\"]}]},{\"@type\":\"BreadcrumbList\",\"@id\":\"https:\/\/experienciadevida.com.ar\/portalurbano\/kicillof-anuncio-que-si-los-casos-siguen-en-baja-extendera-el-horario-nocturno-hasta-las-2-am\/#breadcrumb\",\"itemListElement\":[{\"@type\":\"ListItem\",\"position\":1,\"name\":\"Portada\",\"item\":\"https:\/\/experienciadevida.com.ar\/portalurbano\/\"},{\"@type\":\"ListItem\",\"position\":2,\"name\":\"Kicillof anunci\u00f3 que si los casos siguen en baja extender\u00e1 el horario nocturno hasta las 2 am\"}]},{\"@type\":\"WebSite\",\"@id\":\"https:\/\/experienciadevida.com.ar\/portalurbano\/#website\",\"url\":\"https:\/\/experienciadevida.com.ar\/portalurbano\/\",\"name\":\"\",\"description\":\"\",\"publisher\":{\"@id\":\"https:\/\/experienciadevida.com.ar\/portalurbano\/#organization\"},\"potentialAction\":[{\"@type\":\"SearchAction\",\"target\":{\"@type\":\"EntryPoint\",\"urlTemplate\":\"https:\/\/experienciadevida.com.ar\/portalurbano\/?s={search_term_string}\"},\"query-input\":\"required name=search_term_string\"}],\"inLanguage\":\"es\"},{\"@type\":\"Organization\",\"@id\":\"https:\/\/experienciadevida.com.ar\/portalurbano\/#organization\",\"name\":\"Portal Urbano\",\"url\":\"https:\/\/experienciadevida.com.ar\/portalurbano\/\",\"logo\":{\"@type\":\"ImageObject\",\"inLanguage\":\"es\",\"@id\":\"https:\/\/experienciadevida.com.ar\/portalurbano\/#\/schema\/logo\/image\/\",\"url\":\"https:\/\/experienciadevida.com.ar\/portalurbano\/wp-content\/uploads\/2019\/09\/Logo-Original.png\",\"contentUrl\":\"https:\/\/experienciadevida.com.ar\/portalurbano\/wp-content\/uploads\/2019\/09\/Logo-Original.png\",\"width\":2236,\"height\":1216,\"caption\":\"Portal Urbano\"},\"image\":{\"@id\":\"https:\/\/experienciadevida.com.ar\/portalurbano\/#\/schema\/logo\/image\/\"},\"sameAs\":[\"https:\/\/www.facebook.com\/Portal-Urbano-171542830093757\/\",\"https:\/\/twitter.com\/portalurbanook\",\"https:\/\/www.instagram.com\/_portalurbano\/\",\"https:\/\/www.youtube.com\/channel\/UCXhagIfszH8KxFiOok79zbA?view_as=subscriber\"]},{\"@type\":\"Person\",\"@id\":\"https:\/\/experienciadevida.com.ar\/portalurbano\/#\/schema\/person\/02dd326b1c4b056e9cc972486934a3a7\",\"name\":\"admpu17wp\",\"image\":{\"@type\":\"ImageObject\",\"inLanguage\":\"es\",\"@id\":\"https:\/\/experienciadevida.com.ar\/portalurbano\/#\/schema\/person\/image\/\",\"url\":\"https:\/\/secure.gravatar.com\/avatar\/830d4c57adaae6630765e449a6908047?s=96&d=mm&r=g\",\"contentUrl\":\"https:\/\/secure.gravatar.com\/avatar\/830d4c57adaae6630765e449a6908047?s=96&d=mm&r=g\",\"caption\":\"admpu17wp\"}}]}<\/script>\n<!-- \/ Yoast SEO plugin. -->","yoast_head_json":{"title":"Kicillof anunci\u00f3 que si los casos bajan extender\u00e1n el horario nocturno","description":"Kicillof anunci\u00f3 que si los casos siguen en baja extender\u00e1 el horario nocturno hasta las 2 am. El gobernador se mostr\u00f3 satisfecho","robots":{"index":"index","follow":"follow","max-snippet":"max-snippet:-1","max-image-preview":"max-image-preview:large","max-video-preview":"max-video-preview:-1"},"canonical":"https:\/\/experienciadevida.com.ar\/portalurbano\/kicillof-anuncio-que-si-los-casos-siguen-en-baja-extendera-el-horario-nocturno-hasta-las-2-am\/","og_locale":"es_ES","og_type":"article","og_title":"Kicillof anunci\u00f3 que si los casos bajan extender\u00e1n el horario nocturno","og_description":"Kicillof anunci\u00f3 que si los casos siguen en baja extender\u00e1 el horario nocturno hasta las 2 am. El gobernador se mostr\u00f3 satisfecho","og_url":"https:\/\/experienciadevida.com.ar\/portalurbano\/kicillof-anuncio-que-si-los-casos-siguen-en-baja-extendera-el-horario-nocturno-hasta-las-2-am\/","article_publisher":"https:\/\/www.facebook.com\/Portal-Urbano-171542830093757\/","article_published_time":"2021-01-26T17:59:52+00:00","article_modified_time":"2021-01-26T18:00:24+00:00","og_image":[{"width":1068,"height":790,"url":"https:\/\/experienciadevida.com.ar\/portalurbano\/wp-content\/uploads\/2021\/01\/Kicillof-anuncio.jpg","type":"image\/jpeg"}],"author":"admpu17wp","twitter_card":"summary_large_image","twitter_creator":"@portalurbanook","twitter_site":"@portalurbanook","twitter_misc":{"Escrito por":"admpu17wp","Tiempo de lectura":"2 minutos"},"schema":{"@context":"https:\/\/schema.org","@graph":[{"@type":"Article","@id":"https:\/\/experienciadevida.com.ar\/portalurbano\/kicillof-anuncio-que-si-los-casos-siguen-en-baja-extendera-el-horario-nocturno-hasta-las-2-am\/#article","isPartOf":{"@id":"https:\/\/experienciadevida.com.ar\/portalurbano\/kicillof-anuncio-que-si-los-casos-siguen-en-baja-extendera-el-horario-nocturno-hasta-las-2-am\/"},"author":{"name":"admpu17wp","@id":"https:\/\/experienciadevida.com.ar\/portalurbano\/#\/schema\/person\/02dd326b1c4b056e9cc972486934a3a7"},"headline":"Kicillof anunci\u00f3 que si los casos siguen en baja extender\u00e1 el horario nocturno hasta las 2 am","datePublished":"2021-01-26T17:59:52+00:00","dateModified":"2021-01-26T18:00:24+00:00","mainEntityOfPage":{"@id":"https:\/\/experienciadevida.com.ar\/portalurbano\/kicillof-anuncio-que-si-los-casos-siguen-en-baja-extendera-el-horario-nocturno-hasta-las-2-am\/"},"wordCount":462,"publisher":{"@id":"https:\/\/experienciadevida.com.ar\/portalurbano\/#organization"},"articleSection":["Destacadas","Provincia"],"inLanguage":"es"},{"@type":"WebPage","@id":"https:\/\/experienciadevida.com.ar\/portalurbano\/kicillof-anuncio-que-si-los-casos-siguen-en-baja-extendera-el-horario-nocturno-hasta-las-2-am\/","url":"https:\/\/experienciadevida.com.ar\/portalurbano\/kicillof-anuncio-que-si-los-casos-siguen-en-baja-extendera-el-horario-nocturno-hasta-las-2-am\/","name":"Kicillof anunci\u00f3 que si los casos bajan extender\u00e1n el horario nocturno","isPartOf":{"@id":"https:\/\/experienciadevida.com.ar\/portalurbano\/#website"},"datePublished":"2021-01-26T17:59:52+00:00","dateModified":"2021-01-26T18:00:24+00:00","description":"Kicillof anunci\u00f3 que si los casos siguen en baja extender\u00e1 el horario nocturno hasta las 2 am. El gobernador se mostr\u00f3 satisfecho","breadcrumb":{"@id":"https:\/\/experienciadevida.com.ar\/portalurbano\/kicillof-anuncio-que-si-los-casos-siguen-en-baja-extendera-el-horario-nocturno-hasta-las-2-am\/#breadcrumb"},"inLanguage":"es","potentialAction":[{"@type":"ReadAction","target":["https:\/\/experienciadevida.com.ar\/portalurbano\/kicillof-anuncio-que-si-los-casos-siguen-en-baja-extendera-el-horario-nocturno-hasta-las-2-am\/"]}]},{"@type":"BreadcrumbList","@id":"https:\/\/experienciadevida.com.ar\/portalurbano\/kicillof-anuncio-que-si-los-casos-siguen-en-baja-extendera-el-horario-nocturno-hasta-las-2-am\/#breadcrumb","itemListElement":[{"@type":"ListItem","position":1,"name":"Portada","item":"https:\/\/experienciadevida.com.ar\/portalurbano\/"},{"@type":"ListItem","position":2,"name":"Kicillof anunci\u00f3 que si los casos siguen en baja extender\u00e1 el horario nocturno hasta las 2 am"}]},{"@type":"WebSite","@id":"https:\/\/experienciadevida.com.ar\/portalurbano\/#website","url":"https:\/\/experienciadevida.com.ar\/portalurbano\/","name":"","description":"","publisher":{"@id":"https:\/\/experienciadevida.com.ar\/portalurbano\/#organization"},"potentialAction":[{"@type":"SearchAction","target":{"@type":"EntryPoint","urlTemplate":"https:\/\/experienciadevida.com.ar\/portalurbano\/?s={search_term_string}"},"query-input":"required name=search_term_string"}],"inLanguage":"es"},{"@type":"Organization","@id":"https:\/\/experienciadevida.com.ar\/portalurbano\/#organization","name":"Portal Urbano","url":"https:\/\/experienciadevida.com.ar\/portalurbano\/","logo":{"@type":"ImageObject","inLanguage":"es","@id":"https:\/\/experienciadevida.com.ar\/portalurbano\/#\/schema\/logo\/image\/","url":"https:\/\/experienciadevida.com.ar\/portalurbano\/wp-content\/uploads\/2019\/09\/Logo-Original.png","contentUrl":"https:\/\/experienciadevida.com.ar\/portalurbano\/wp-content\/uploads\/2019\/09\/Logo-Original.png","width":2236,"height":1216,"caption":"Portal Urbano"},"image":{"@id":"https:\/\/experienciadevida.com.ar\/portalurbano\/#\/schema\/logo\/image\/"},"sameAs":["https:\/\/www.facebook.com\/Portal-Urbano-171542830093757\/","https:\/\/twitter.com\/portalurbanook","https:\/\/www.instagram.com\/_portalurbano\/","https:\/\/www.youtube.com\/channel\/UCXhagIfszH8KxFiOok79zbA?view_as=subscriber"]},{"@type":"Person","@id":"https:\/\/experienciadevida.com.ar\/portalurbano\/#\/schema\/person\/02dd326b1c4b056e9cc972486934a3a7","name":"admpu17wp","image":{"@type":"ImageObject","inLanguage":"es","@id":"https:\/\/experienciadevida.com.ar\/portalurbano\/#\/schema\/person\/image\/","url":"https:\/\/secure.gravatar.com\/avatar\/830d4c57adaae6630765e449a6908047?s=96&d=mm&r=g","contentUrl":"https:\/\/secure.gravatar.com\/avatar\/830d4c57adaae6630765e449a6908047?s=96&d=mm&r=g","caption":"admpu17wp"}}]}},"featured_image_urls":{"full":["https:\/\/experienciadevida.com.ar\/portalurbano\/wp-content\/uploads\/2021\/01\/Kicillof-anuncio.jpg",1068,790,false],"thumbnail":["https:\/\/experienciadevida.com.ar\/portalurbano\/wp-content\/uploads\/2021\/01\/Kicillof-anuncio-150x150.jpg",150,150,true],"medium":["https:\/\/experienciadevida.com.ar\/portalurbano\/wp-content\/uploads\/2021\/01\/Kicillof-anuncio-300x222.jpg",300,222,true],"medium_large":["https:\/\/experienciadevida.com.ar\/portalurbano\/wp-content\/uploads\/2021\/01\/Kicillof-anuncio-768x568.jpg",640,473,true],"large":["https:\/\/experienciadevida.com.ar\/portalurbano\/wp-content\/uploads\/2021\/01\/Kicillof-anuncio-1024x757.jpg",640,473,true],"ug_big":["https:\/\/experienciadevida.com.ar\/portalurbano\/wp-content\/uploads\/2021\/01\/Kicillof-anuncio-768x568.jpg",768,568,true],"1536x1536":["https:\/\/experienciadevida.com.ar\/portalurbano\/wp-content\/uploads\/2021\/01\/Kicillof-anuncio.jpg",1068,790,false],"2048x2048":["https:\/\/experienciadevida.com.ar\/portalurbano\/wp-content\/uploads\/2021\/01\/Kicillof-anuncio.jpg",1068,790,false],"newsever-slider-full":["https:\/\/experienciadevida.com.ar\/portalurbano\/wp-content\/uploads\/2021\/01\/Kicillof-anuncio.jpg",1068,790,false],"newsever-featured":["https:\/\/experienciadevida.com.ar\/portalurbano\/wp-content\/uploads\/2021\/01\/Kicillof-anuncio.jpg",1024,757,false],"newsever-medium":["https:\/\/experienciadevida.com.ar\/portalurbano\/wp-content\/uploads\/2021\/01\/Kicillof-anuncio.jpg",642,475,false],"web-stories-poster-portrait":["https:\/\/experienciadevida.com.ar\/portalurbano\/wp-content\/uploads\/2021\/01\/Kicillof-anuncio.jpg",640,473,false],"web-stories-publisher-logo":["https:\/\/experienciadevida.com.ar\/portalurbano\/wp-content\/uploads\/2021\/01\/Kicillof-anuncio.jpg",96,71,false],"web-stories-thumbnail":["https:\/\/experienciadevida.com.ar\/portalurbano\/wp-content\/uploads\/2021\/01\/Kicillof-anuncio.jpg",150,111,false]},"author_info":{"display_name":"admpu17wp","author_link":"https:\/\/experienciadevida.com.ar\/portalurbano\/author\/admpu17wp\/"},"category_info":"<a href=\"https:\/\/experienciadevida.com.ar\/portalurbano\/category\/destacadas\/\" rel=\"category tag\">Destacadas<\/a> <a href=\"https:\/\/experienciadevida.com.ar\/portalurbano\/category\/provincia\/\" rel=\"category tag\">Provincia<\/a>","tag_info":"Provincia","comment_count":"0","amp_enabled":true,"_links":{"self":[{"href":"https:\/\/experienciadevida.com.ar\/portalurbano\/wp-json\/wp\/v2\/posts\/133515"}],"collection":[{"href":"https:\/\/experienciadevida.com.ar\/portalurbano\/wp-json\/wp\/v2\/posts"}],"about":[{"href":"https:\/\/experienciadevida.com.ar\/portalurbano\/wp-json\/wp\/v2\/types\/post"}],"author":[{"embeddable":true,"href":"https:\/\/experienciadevida.com.ar\/portalurbano\/wp-json\/wp\/v2\/users\/1"}],"replies":[{"embeddable":true,"href":"https:\/\/experienciadevida.com.ar\/portalurbano\/wp-json\/wp\/v2\/comments?post=133515"}],"version-history":[{"count":1,"href":"https:\/\/experienciadevida.com.ar\/portalurbano\/wp-json\/wp\/v2\/posts\/133515\/revisions"}],"predecessor-version":[{"id":133517,"href":"https:\/\/experienciadevida.com.ar\/portalurbano\/wp-json\/wp\/v2\/posts\/133515\/revisions\/133517"}],"wp:featuredmedia":[{"embeddable":true,"href":"https:\/\/experienciadevida.com.ar\/portalurbano\/wp-json\/wp\/v2\/media\/133516"}],"wp:attachment":[{"href":"https:\/\/experienciadevida.com.ar\/portalurbano\/wp-json\/wp\/v2\/media?parent=133515"}],"wp:term":[{"taxonomy":"category","embeddable":true,"href":"https:\/\/experienciadevida.com.ar\/portalurbano\/wp-json\/wp\/v2\/categories?post=133515"},{"taxonomy":"post_tag","embeddable":true,"href":"https:\/\/experienciadevida.com.ar\/portalurbano\/wp-json\/wp\/v2\/tags?post=133515"}],"curies":[{"name":"wp","href":"https:\/\/api.w.org\/{rel}","templated":true}]}}