{"id":133455,"date":"2021-01-26T08:22:33","date_gmt":"2021-01-26T11:22:33","guid":{"rendered":"https:\/\/experienciadevida.com.ar\/portalurbano\/?p=133455"},"modified":"2021-01-26T08:29:42","modified_gmt":"2021-01-26T11:29:42","slug":"construi-este-heinkel-electrico-para-demostrar-que-podemos-transportarnos-con-menos-consumo-que-una-tostadora","status":"publish","type":"post","link":"https:\/\/experienciadevida.com.ar\/portalurbano\/construi-este-heinkel-electrico-para-demostrar-que-podemos-transportarnos-con-menos-consumo-que-una-tostadora\/","title":{"rendered":"\u201cConstru\u00ed este Heinkel el\u00e9ctrico para demostrar que podemos transportarnos con menos consumo que una tostadora\u201d"},"content":{"rendered":"<p><em>\u201cConstru\u00ed este Heinkel el\u00e9ctrico para demostrar que podemos transportarnos con menos consumo que una tostadora\u201d<\/em>. El autor de la frase es el ingeniero\u00a0<strong>Marcelo Spina<\/strong>, docente de la Facultad de Ingenier\u00eda de la\u00a0<strong>Unicen Olavarr\u00eda<\/strong>. Y creador de la transformaci\u00f3n que se puede ver en estas fotos. El ingeniero Spina tom\u00f3 un\u00a0<strong>Heinkel Kabine<\/strong>\u00a0de 1960 y lo convirti\u00f3 en un veh\u00edculo 100% el\u00e9ctrico.<\/p>\n<p><strong>-\u00bfC\u00f3mo fue el proceso de aprendizaje hasta llegar a este Heinkel el\u00e9ctrico?<\/strong><br \/>\n-En el pasado, he dirigido los proyectos de los veh\u00edculos solares \u201cPampa\u201d que compitieron en el desierto de Atacama, obteniendo resultados destacados de uso de litio y generaci\u00f3n solar. Tambi\u00e9n trabaj\u00e9 en el desarrollo de un veh\u00edculo urbano biplaza de tres ruedas. Trabajo en energ\u00edas renovables y en electromovilidad, convencido de que es posible cambiar la matriz energ\u00e9tica y generar transporte de bajo impacto ambiental.<\/p>\n<p><strong>-\u00bfPor qu\u00e9 eligi\u00f3 un Heinkel para hacer esta transformaci\u00f3n?<\/strong><br \/>\n-Desde lo personal entend\u00ed que la actividad de desarrollo cient\u00edfico tecnol\u00f3gico tambi\u00e9n me deb\u00eda acompa\u00f1ar en mi vida personal. Desde hace un tiempo, busqu\u00e9 un Isetta 300 o un Heinkel para convertirlo a el\u00e9ctrico y que me permitiera usarlo en modo urbano para movilizarme. B\u00e1sicamente, ambos modelos representan el desarrollo en posguerra de microautos que permitieron transporte econ\u00f3mico de personas. Desde el dise\u00f1o, tama\u00f1o y concepci\u00f3n cre\u00ed que era la mejor plataforma para convertirlo en un veh\u00edculo el\u00e9ctrico enchufable y demostrar que con un consumo menor que una tostadora el\u00e9ctrica nos podemos transportar. Luego de bastante recorrido y tiempo de ver ese tipo de veh\u00edculos a la venta logr\u00e9 dar con un Heinkel Kabine que estaba guardado en un galp\u00f3n en Olavarr\u00eda, que hab\u00eda sido comprado en Mar del Plata y medianamente puesto en valor. Se trata de un auto fabricado en Argentina en 1960, por la empresa Los Cedros Sacif. Algo que no pens\u00e9 cuando lo buscaba era que me llevar\u00eda un a\u00f1o de restauraci\u00f3n completa, para reci\u00e9n entonces incorporarle la tecnolog\u00eda de tracci\u00f3n el\u00e9ctrica. Entiendo que, para los puritanos de los veh\u00edculos de \u00e9poca, puede ser una ofensa. Sin embargo, en mi concepci\u00f3n es un homenaje al dise\u00f1o y eficiencia mudado a la realidad necesaria. Adem\u00e1s, no tengo antecedentes de que exista otro Heinkel convertido.<\/p>\n<p><strong>-\u00bfCu\u00e1les son las caracter\u00edsticas t\u00e9cnicas del e-Heinkel?<\/strong><br \/>\n-Se mantuvo la transmisi\u00f3n a cadena en ba\u00f1o de aceite a las ruedas traseras y se agreg\u00f3 entre motor y transmisi\u00f3n una reducci\u00f3n adicional, para poder extraer la caja de cambios manteniendo prestaciones de par de arranque y aceleraci\u00f3n. Se coloc\u00f3 un motor Brushless de alta eficiencia de 5kw 48V-CC, con controlador electr\u00f3nico de velocidad y par. Se mantuvo pedalera original adaptada a un acelerador electr\u00f3nico y se incorpor\u00f3 al freno mec\u00e1nico uno regenerativo, en el mismo pedal. Se dispuso en la palanca de cambios original la marcha adelante, punto muerto y marcha atr\u00e1s. Se incorpor\u00f3 una bater\u00eda de Pol\u00edmero de Litio con BMS (Battery Management System) y cargador enchufable a la red domiciliaria de 220V. Se coloc\u00f3 en la tapa del tanque de nafta original un conector de carga Tipo 2 de VE. Se dispuso de telemetr\u00eda desarrollada en la Universidad P\u00fablica, en convenio, que mide y calcula tensi\u00f3n de bater\u00eda, temperatura, corriente de consumo y generaci\u00f3n de motor, corriente de los consumos de los sistemas auxiliares en 12 V, velocidad, distancia, energ\u00eda disponible en bater\u00eda a trav\u00e9s de nodos de un bus cuyos datos son transmitidos Bluetooth a un dispositivo celular con App Android que cumple las funciones de display y guarda los archivos diarios de recorrido y consumos para poder procesarlos y publicarlos. La inversi\u00f3n s\u00f3lo del sistema de electromovilidad y adaptaciones mec\u00e1nicas fue de 3.000 d\u00f3lares, aproximadamente.<\/p>\n<p><strong>-\u00bfQu\u00e9 uso le est\u00e1 dando al veh\u00edculo?<\/strong><br \/>\n-El uso es urbano, reemplazando el veh\u00edculo a combusti\u00f3n para las actividades diarias, y hasta lo analizado y probado posee las siguientes prestaciones. Autonom\u00eda en ciudad: 60 kil\u00f3metros. Velocidad m\u00e1xima en condiciones no urbanas: 80 km\/h. Tiempo de recarga bater\u00eda completa: 6 horas.<\/p>\n<p><a href=\"https:\/\/autoblog.com.ar\/wp-content\/uploads\/2021\/01\/HEINKEL3.jpg\" rel=\"lightbox-1\"><img decoding=\"async\" class=\"alignnone size-full wp-image-175981\" src=\"https:\/\/autoblog.com.ar\/wp-content\/uploads\/2021\/01\/HEINKEL3.jpg\" sizes=\"(max-width: 1500px) 100vw, 1500px\" srcset=\"https:\/\/autoblog.com.ar\/wp-content\/uploads\/2021\/01\/HEINKEL3.jpg 1500w, https:\/\/autoblog.com.ar\/wp-content\/uploads\/2021\/01\/HEINKEL3-457x245.jpg 457w, https:\/\/autoblog.com.ar\/wp-content\/uploads\/2021\/01\/HEINKEL3-768x412.jpg 768w\" alt=\"\" width=\"1500\" height=\"805\" \/><\/a>\u00a0<strong>Todo comenz\u00f3 con la compra y restauraci\u00f3n del Heinkel Kabine de 1960.<\/strong><\/p>\n<p><a href=\"https:\/\/autoblog.com.ar\/wp-content\/uploads\/2021\/01\/HEINKEL4.jpg\" rel=\"lightbox-2\"><img decoding=\"async\" class=\"alignnone size-full wp-image-175982\" src=\"https:\/\/autoblog.com.ar\/wp-content\/uploads\/2021\/01\/HEINKEL4.jpg\" sizes=\"(max-width: 1500px) 100vw, 1500px\" srcset=\"https:\/\/autoblog.com.ar\/wp-content\/uploads\/2021\/01\/HEINKEL4.jpg 1500w, https:\/\/autoblog.com.ar\/wp-content\/uploads\/2021\/01\/HEINKEL4-471x245.jpg 471w, https:\/\/autoblog.com.ar\/wp-content\/uploads\/2021\/01\/HEINKEL4-768x399.jpg 768w\" alt=\"\" width=\"1500\" height=\"780\" \/><\/a>\u00a0<strong>Uno de los m\u00e1s famosos microautos fabricados en Argentina\u00a0<\/strong><\/p>\n<p><a href=\"https:\/\/autoblog.com.ar\/wp-content\/uploads\/2021\/01\/HEINKEL5.jpg\" rel=\"lightbox-3\"><img decoding=\"async\" class=\"alignnone size-full wp-image-175983\" src=\"https:\/\/autoblog.com.ar\/wp-content\/uploads\/2021\/01\/HEINKEL5.jpg\" sizes=\"(max-width: 1500px) 100vw, 1500px\" srcset=\"https:\/\/autoblog.com.ar\/wp-content\/uploads\/2021\/01\/HEINKEL5.jpg 1500w, https:\/\/autoblog.com.ar\/wp-content\/uploads\/2021\/01\/HEINKEL5-455x245.jpg 455w, https:\/\/autoblog.com.ar\/wp-content\/uploads\/2021\/01\/HEINKEL5-768x413.jpg 768w\" alt=\"\" width=\"1500\" height=\"807\" \/><\/a>\u00a0<strong>El proceso de rearmado se aprovech\u00f3 para instalar el sistema el\u00e9ctrico.<\/strong><\/p>\n<p><a href=\"https:\/\/autoblog.com.ar\/wp-content\/uploads\/2021\/01\/HEINKEL6.jpg\" rel=\"lightbox-4\"><img decoding=\"async\" class=\"alignnone size-full wp-image-175984\" src=\"https:\/\/autoblog.com.ar\/wp-content\/uploads\/2021\/01\/HEINKEL6.jpg\" sizes=\"(max-width: 1500px) 100vw, 1500px\" srcset=\"https:\/\/autoblog.com.ar\/wp-content\/uploads\/2021\/01\/HEINKEL6.jpg 1500w, https:\/\/autoblog.com.ar\/wp-content\/uploads\/2021\/01\/HEINKEL6-490x245.jpg 490w, https:\/\/autoblog.com.ar\/wp-content\/uploads\/2021\/01\/HEINKEL6-768x384.jpg 768w\" alt=\"\" width=\"1500\" height=\"750\" \/><\/a><strong>Esto permiti\u00f3 que la instalaci\u00f3n quedar\u00e1 muy prolija.<\/strong><\/p>\n<p><a href=\"https:\/\/autoblog.com.ar\/wp-content\/uploads\/2021\/01\/HEINKEL7.jpg\" rel=\"lightbox-5\"><img decoding=\"async\" class=\"alignnone wp-image-175985 size-full\" src=\"https:\/\/autoblog.com.ar\/wp-content\/uploads\/2021\/01\/HEINKEL7.jpg\" sizes=\"(max-width: 1500px) 100vw, 1500px\" srcset=\"https:\/\/autoblog.com.ar\/wp-content\/uploads\/2021\/01\/HEINKEL7.jpg 1500w, https:\/\/autoblog.com.ar\/wp-content\/uploads\/2021\/01\/HEINKEL7-438x245.jpg 438w, https:\/\/autoblog.com.ar\/wp-content\/uploads\/2021\/01\/HEINKEL7-768x430.jpg 768w\" alt=\"Heinkel el\u00e9ctrico\" width=\"1500\" height=\"839\" \/><\/a>\u00a0<strong>La nueva transmisi\u00f3n.<\/strong><\/p>\n<p><a href=\"https:\/\/autoblog.com.ar\/wp-content\/uploads\/2021\/01\/HEINKEL8.jpg\" rel=\"lightbox-6\"><img decoding=\"async\" class=\"alignnone wp-image-175986 size-full\" src=\"https:\/\/autoblog.com.ar\/wp-content\/uploads\/2021\/01\/HEINKEL8.jpg\" sizes=\"(max-width: 1000px) 100vw, 1000px\" srcset=\"https:\/\/autoblog.com.ar\/wp-content\/uploads\/2021\/01\/HEINKEL8.jpg 1000w, https:\/\/autoblog.com.ar\/wp-content\/uploads\/2021\/01\/HEINKEL8-250x245.jpg 250w, https:\/\/autoblog.com.ar\/wp-content\/uploads\/2021\/01\/HEINKEL8-768x753.jpg 768w\" alt=\"Heinkel el\u00e9ctrico\" width=\"1000\" height=\"981\" \/><\/a>\u00a0<strong>Toma de recarga de bater\u00edas.<\/strong><\/p>\n<p><a href=\"https:\/\/autoblog.com.ar\/wp-content\/uploads\/2021\/01\/HEINKEL10.jpg\" rel=\"lightbox-7\"><img decoding=\"async\" class=\"alignnone size-full wp-image-175988\" src=\"https:\/\/autoblog.com.ar\/wp-content\/uploads\/2021\/01\/HEINKEL10.jpg\" sizes=\"(max-width: 1500px) 100vw, 1500px\" srcset=\"https:\/\/autoblog.com.ar\/wp-content\/uploads\/2021\/01\/HEINKEL10.jpg 1500w, https:\/\/autoblog.com.ar\/wp-content\/uploads\/2021\/01\/HEINKEL10-504x245.jpg 504w, https:\/\/autoblog.com.ar\/wp-content\/uploads\/2021\/01\/HEINKEL10-768x373.jpg 768w\" alt=\"\" width=\"1500\" height=\"729\" \/><\/a>\u00a0<strong>Un celular como computadora de abordo para controlar el desempe\u00f1o del sistema el\u00e9ctrico.<\/strong><\/p>\n<p><a href=\"https:\/\/autoblog.com.ar\/wp-content\/uploads\/2021\/01\/HEINKEL9.jpg\" rel=\"lightbox-8\"><img decoding=\"async\" class=\"alignnone wp-image-175987 size-full\" src=\"https:\/\/autoblog.com.ar\/wp-content\/uploads\/2021\/01\/HEINKEL9.jpg\" sizes=\"(max-width: 1500px) 100vw, 1500px\" srcset=\"https:\/\/autoblog.com.ar\/wp-content\/uploads\/2021\/01\/HEINKEL9.jpg 1500w, https:\/\/autoblog.com.ar\/wp-content\/uploads\/2021\/01\/HEINKEL9-338x245.jpg 338w, https:\/\/autoblog.com.ar\/wp-content\/uploads\/2021\/01\/HEINKEL9-768x556.jpg 768w\" alt=\"Heinkel el\u00e9ctrico\" width=\"1500\" height=\"1086\" \/><\/a>\u00a0<strong>Un el\u00e9ctrico con el intacto encanto del Heinkel.<\/strong><\/p>\n<p><a href=\"https:\/\/autoblog.com.ar\/wp-content\/uploads\/2021\/01\/HEINKEL2.jpg\" rel=\"lightbox-9\"><img decoding=\"async\" class=\"alignnone size-full wp-image-175980\" src=\"https:\/\/autoblog.com.ar\/wp-content\/uploads\/2021\/01\/HEINKEL2.jpg\" sizes=\"(max-width: 1500px) 100vw, 1500px\" srcset=\"https:\/\/autoblog.com.ar\/wp-content\/uploads\/2021\/01\/HEINKEL2.jpg 1500w, https:\/\/autoblog.com.ar\/wp-content\/uploads\/2021\/01\/HEINKEL2-259x245.jpg 259w, https:\/\/autoblog.com.ar\/wp-content\/uploads\/2021\/01\/HEINKEL2-768x727.jpg 768w\" alt=\"\" width=\"1500\" height=\"1419\" \/><\/a>\u00a0<strong>Incluyendo a su famosa puerta frontal.<\/strong><\/p>\n<p><a href=\"https:\/\/autoblog.com.ar\/wp-content\/uploads\/2021\/01\/HEINKEL1.jpg\" rel=\"lightbox-10\"><img decoding=\"async\" class=\"alignnone wp-image-175979 size-full\" src=\"https:\/\/autoblog.com.ar\/wp-content\/uploads\/2021\/01\/HEINKEL1.jpg\" sizes=\"(max-width: 1000px) 100vw, 1000px\" srcset=\"https:\/\/autoblog.com.ar\/wp-content\/uploads\/2021\/01\/HEINKEL1.jpg 1000w, https:\/\/autoblog.com.ar\/wp-content\/uploads\/2021\/01\/HEINKEL1-333x245.jpg 333w, https:\/\/autoblog.com.ar\/wp-content\/uploads\/2021\/01\/HEINKEL1-768x565.jpg 768w\" alt=\"Heinkel el\u00e9ctrico\" width=\"1000\" height=\"736\" \/><\/a>\u00a0<strong>El ingeniero Marcelo Spina:\u00a0<em>\u201cUn hombre y su sue\u00f1o\u201d<\/em>.<\/strong><\/p>\n<p><a href=\"https:\/\/autoblog.com.ar\/wp-content\/uploads\/2021\/01\/HEINKEL12.jpg\" rel=\"lightbox-11\"><img decoding=\"async\" class=\"alignnone wp-image-175990 size-full\" src=\"https:\/\/autoblog.com.ar\/wp-content\/uploads\/2021\/01\/HEINKEL12.jpg\" sizes=\"(max-width: 1300px) 100vw, 1300px\" srcset=\"https:\/\/autoblog.com.ar\/wp-content\/uploads\/2021\/01\/HEINKEL12.jpg 1300w, https:\/\/autoblog.com.ar\/wp-content\/uploads\/2021\/01\/HEINKEL12-325x245.jpg 325w, https:\/\/autoblog.com.ar\/wp-content\/uploads\/2021\/01\/HEINKEL12-768x578.jpg 768w\" alt=\"Heinkel el\u00e9ctrico\" width=\"1300\" height=\"979\" \/><\/a><\/p>\n<p><a href=\"https:\/\/autoblog.com.ar\/wp-content\/uploads\/2021\/01\/HEINKEL11.jpg\" rel=\"lightbox-12\"><img decoding=\"async\" class=\"alignnone size-full wp-image-175989\" src=\"https:\/\/autoblog.com.ar\/wp-content\/uploads\/2021\/01\/HEINKEL11.jpg\" sizes=\"(max-width: 800px) 100vw, 800px\" srcset=\"https:\/\/autoblog.com.ar\/wp-content\/uploads\/2021\/01\/HEINKEL11.jpg 800w, https:\/\/autoblog.com.ar\/wp-content\/uploads\/2021\/01\/HEINKEL11-148x245.jpg 148w, https:\/\/autoblog.com.ar\/wp-content\/uploads\/2021\/01\/HEINKEL11-768x1267.jpg 768w\" alt=\"\" width=\"800\" height=\"1320\" \/><\/a><\/p>\n<div class=\"sharedaddy sd-sharing-enabled\">\n<div class=\"robots-nocontent sd-block sd-social sd-social-icon sd-sharing\">\n<p class=\"sd-title\">Fuente: Autoblog<\/p>\n<\/div>\n<\/div>\n","protected":false},"excerpt":{"rendered":"<p>\u201cConstru\u00ed este Heinkel el\u00e9ctrico para demostrar que podemos transportarnos con menos consumo que una tostadora\u201d&#8230;.<\/p>\n","protected":false},"author":1,"featured_media":133456,"comment_status":"closed","ping_status":"closed","sticky":false,"template":"","format":"standard","meta":{"content-type":""},"categories":[27,64],"tags":[610],"nelio_content":{"isAutoShareEnabled":false,"autoShareEndMode":"default","automationSources":{"useContentSentences":true,"useSocialTemplates":true,"useCustomSentences":false,"customSentences":[]},"followers":[1],"suggestedReferences":[],"includedReferences":["https:\/\/autoblog.com.ar\/wp-content\/uploads\/2021\/01\/HEINKEL3.jpg","https:\/\/autoblog.com.ar\/wp-content\/uploads\/2021\/01\/HEINKEL4.jpg","https:\/\/autoblog.com.ar\/wp-content\/uploads\/2021\/01\/HEINKEL5.jpg","https:\/\/autoblog.com.ar\/wp-content\/uploads\/2021\/01\/HEINKEL6.jpg","https:\/\/autoblog.com.ar\/wp-content\/uploads\/2021\/01\/HEINKEL7.jpg","https:\/\/autoblog.com.ar\/wp-content\/uploads\/2021\/01\/HEINKEL8.jpg","https:\/\/autoblog.com.ar\/wp-content\/uploads\/2021\/01\/HEINKEL10.jpg","https:\/\/autoblog.com.ar\/wp-content\/uploads\/2021\/01\/HEINKEL9.jpg","https:\/\/autoblog.com.ar\/wp-content\/uploads\/2021\/01\/HEINKEL2.jpg","https:\/\/autoblog.com.ar\/wp-content\/uploads\/2021\/01\/HEINKEL1.jpg","https:\/\/autoblog.com.ar\/wp-content\/uploads\/2021\/01\/HEINKEL12.jpg","https:\/\/autoblog.com.ar\/wp-content\/uploads\/2021\/01\/HEINKEL11.jpg"],"efiUrl":"","efiAlt":"","highlights":[]},"yoast_head":"<!-- This site is optimized with the Yoast SEO plugin v20.7 - https:\/\/yoast.com\/wordpress\/plugins\/seo\/ -->\n<title>Heinkel el\u00e9ctrico: Podemos transportarnos con menos consumo que una<\/title>\n<meta name=\"description\" content=\"Heinkel el\u00e9ctrico . \u201cConstru\u00ed este Heinkel el\u00e9ctrico para demostrar que podemos transportarnos con menos consumo que una tostadora\u201d\" \/>\n<meta name=\"robots\" content=\"index, follow, max-snippet:-1, max-image-preview:large, max-video-preview:-1\" \/>\n<link rel=\"canonical\" href=\"https:\/\/experienciadevida.com.ar\/portalurbano\/construi-este-heinkel-electrico-para-demostrar-que-podemos-transportarnos-con-menos-consumo-que-una-tostadora\/\" \/>\n<meta property=\"og:locale\" content=\"es_ES\" \/>\n<meta property=\"og:type\" content=\"article\" \/>\n<meta property=\"og:title\" content=\"Heinkel el\u00e9ctrico: Podemos transportarnos con menos consumo que una\" \/>\n<meta property=\"og:description\" content=\"Heinkel el\u00e9ctrico . \u201cConstru\u00ed este Heinkel el\u00e9ctrico para demostrar que podemos transportarnos con menos consumo que una tostadora\u201d\" \/>\n<meta property=\"og:url\" content=\"https:\/\/experienciadevida.com.ar\/portalurbano\/construi-este-heinkel-electrico-para-demostrar-que-podemos-transportarnos-con-menos-consumo-que-una-tostadora\/\" \/>\n<meta property=\"article:publisher\" content=\"https:\/\/www.facebook.com\/Portal-Urbano-171542830093757\/\" \/>\n<meta property=\"article:published_time\" content=\"2021-01-26T11:22:33+00:00\" \/>\n<meta property=\"article:modified_time\" content=\"2021-01-26T11:29:42+00:00\" \/>\n<meta property=\"og:image\" content=\"https:\/\/experienciadevida.com.ar\/portalurbano\/wp-content\/uploads\/2021\/01\/HEINKEL0-e1611660045883.jpg\" \/>\n\t<meta property=\"og:image:width\" content=\"800\" \/>\n\t<meta property=\"og:image:height\" content=\"495\" \/>\n\t<meta property=\"og:image:type\" content=\"image\/jpeg\" \/>\n<meta name=\"author\" content=\"admpu17wp\" \/>\n<meta name=\"twitter:card\" content=\"summary_large_image\" \/>\n<meta name=\"twitter:creator\" content=\"@portalurbanook\" \/>\n<meta name=\"twitter:site\" content=\"@portalurbanook\" \/>\n<meta name=\"twitter:label1\" content=\"Escrito por\" \/>\n\t<meta name=\"twitter:data1\" content=\"admpu17wp\" \/>\n\t<meta name=\"twitter:label2\" content=\"Tiempo de lectura\" \/>\n\t<meta name=\"twitter:data2\" content=\"6 minutos\" \/>\n<script type=\"application\/ld+json\" class=\"yoast-schema-graph\">{\"@context\":\"https:\/\/schema.org\",\"@graph\":[{\"@type\":\"Article\",\"@id\":\"https:\/\/experienciadevida.com.ar\/portalurbano\/construi-este-heinkel-electrico-para-demostrar-que-podemos-transportarnos-con-menos-consumo-que-una-tostadora\/#article\",\"isPartOf\":{\"@id\":\"https:\/\/experienciadevida.com.ar\/portalurbano\/construi-este-heinkel-electrico-para-demostrar-que-podemos-transportarnos-con-menos-consumo-que-una-tostadora\/\"},\"author\":{\"name\":\"admpu17wp\",\"@id\":\"https:\/\/experienciadevida.com.ar\/portalurbano\/#\/schema\/person\/02dd326b1c4b056e9cc972486934a3a7\"},\"headline\":\"\u201cConstru\u00ed este Heinkel el\u00e9ctrico para demostrar que podemos transportarnos con menos consumo que una tostadora\u201d\",\"datePublished\":\"2021-01-26T11:22:33+00:00\",\"dateModified\":\"2021-01-26T11:29:42+00:00\",\"mainEntityOfPage\":{\"@id\":\"https:\/\/experienciadevida.com.ar\/portalurbano\/construi-este-heinkel-electrico-para-demostrar-que-podemos-transportarnos-con-menos-consumo-que-una-tostadora\/\"},\"wordCount\":838,\"publisher\":{\"@id\":\"https:\/\/experienciadevida.com.ar\/portalurbano\/#organization\"},\"keywords\":[\"Heinkel el\u00e9ctrico\"],\"articleSection\":[\"Ciudad\",\"Destacadas 2\"],\"inLanguage\":\"es\"},{\"@type\":\"WebPage\",\"@id\":\"https:\/\/experienciadevida.com.ar\/portalurbano\/construi-este-heinkel-electrico-para-demostrar-que-podemos-transportarnos-con-menos-consumo-que-una-tostadora\/\",\"url\":\"https:\/\/experienciadevida.com.ar\/portalurbano\/construi-este-heinkel-electrico-para-demostrar-que-podemos-transportarnos-con-menos-consumo-que-una-tostadora\/\",\"name\":\"Heinkel el\u00e9ctrico: Podemos transportarnos con menos consumo que una\",\"isPartOf\":{\"@id\":\"https:\/\/experienciadevida.com.ar\/portalurbano\/#website\"},\"datePublished\":\"2021-01-26T11:22:33+00:00\",\"dateModified\":\"2021-01-26T11:29:42+00:00\",\"description\":\"Heinkel el\u00e9ctrico . \u201cConstru\u00ed este Heinkel el\u00e9ctrico para demostrar que podemos transportarnos con menos consumo que una tostadora\u201d\",\"breadcrumb\":{\"@id\":\"https:\/\/experienciadevida.com.ar\/portalurbano\/construi-este-heinkel-electrico-para-demostrar-que-podemos-transportarnos-con-menos-consumo-que-una-tostadora\/#breadcrumb\"},\"inLanguage\":\"es\",\"potentialAction\":[{\"@type\":\"ReadAction\",\"target\":[\"https:\/\/experienciadevida.com.ar\/portalurbano\/construi-este-heinkel-electrico-para-demostrar-que-podemos-transportarnos-con-menos-consumo-que-una-tostadora\/\"]}]},{\"@type\":\"BreadcrumbList\",\"@id\":\"https:\/\/experienciadevida.com.ar\/portalurbano\/construi-este-heinkel-electrico-para-demostrar-que-podemos-transportarnos-con-menos-consumo-que-una-tostadora\/#breadcrumb\",\"itemListElement\":[{\"@type\":\"ListItem\",\"position\":1,\"name\":\"Portada\",\"item\":\"https:\/\/experienciadevida.com.ar\/portalurbano\/\"},{\"@type\":\"ListItem\",\"position\":2,\"name\":\"\u201cConstru\u00ed este Heinkel el\u00e9ctrico para demostrar que podemos transportarnos con menos consumo que una tostadora\u201d\"}]},{\"@type\":\"WebSite\",\"@id\":\"https:\/\/experienciadevida.com.ar\/portalurbano\/#website\",\"url\":\"https:\/\/experienciadevida.com.ar\/portalurbano\/\",\"name\":\"\",\"description\":\"\",\"publisher\":{\"@id\":\"https:\/\/experienciadevida.com.ar\/portalurbano\/#organization\"},\"potentialAction\":[{\"@type\":\"SearchAction\",\"target\":{\"@type\":\"EntryPoint\",\"urlTemplate\":\"https:\/\/experienciadevida.com.ar\/portalurbano\/?s={search_term_string}\"},\"query-input\":\"required name=search_term_string\"}],\"inLanguage\":\"es\"},{\"@type\":\"Organization\",\"@id\":\"https:\/\/experienciadevida.com.ar\/portalurbano\/#organization\",\"name\":\"Portal Urbano\",\"url\":\"https:\/\/experienciadevida.com.ar\/portalurbano\/\",\"logo\":{\"@type\":\"ImageObject\",\"inLanguage\":\"es\",\"@id\":\"https:\/\/experienciadevida.com.ar\/portalurbano\/#\/schema\/logo\/image\/\",\"url\":\"https:\/\/experienciadevida.com.ar\/portalurbano\/wp-content\/uploads\/2019\/09\/Logo-Original.png\",\"contentUrl\":\"https:\/\/experienciadevida.com.ar\/portalurbano\/wp-content\/uploads\/2019\/09\/Logo-Original.png\",\"width\":2236,\"height\":1216,\"caption\":\"Portal Urbano\"},\"image\":{\"@id\":\"https:\/\/experienciadevida.com.ar\/portalurbano\/#\/schema\/logo\/image\/\"},\"sameAs\":[\"https:\/\/www.facebook.com\/Portal-Urbano-171542830093757\/\",\"https:\/\/twitter.com\/portalurbanook\",\"https:\/\/www.instagram.com\/_portalurbano\/\",\"https:\/\/www.youtube.com\/channel\/UCXhagIfszH8KxFiOok79zbA?view_as=subscriber\"]},{\"@type\":\"Person\",\"@id\":\"https:\/\/experienciadevida.com.ar\/portalurbano\/#\/schema\/person\/02dd326b1c4b056e9cc972486934a3a7\",\"name\":\"admpu17wp\",\"image\":{\"@type\":\"ImageObject\",\"inLanguage\":\"es\",\"@id\":\"https:\/\/experienciadevida.com.ar\/portalurbano\/#\/schema\/person\/image\/\",\"url\":\"https:\/\/secure.gravatar.com\/avatar\/830d4c57adaae6630765e449a6908047?s=96&d=mm&r=g\",\"contentUrl\":\"https:\/\/secure.gravatar.com\/avatar\/830d4c57adaae6630765e449a6908047?s=96&d=mm&r=g\",\"caption\":\"admpu17wp\"}}]}<\/script>\n<!-- \/ Yoast SEO plugin. -->","yoast_head_json":{"title":"Heinkel el\u00e9ctrico: Podemos transportarnos con menos consumo que una","description":"Heinkel el\u00e9ctrico . \u201cConstru\u00ed este Heinkel el\u00e9ctrico para demostrar que podemos transportarnos con menos consumo que una tostadora\u201d","robots":{"index":"index","follow":"follow","max-snippet":"max-snippet:-1","max-image-preview":"max-image-preview:large","max-video-preview":"max-video-preview:-1"},"canonical":"https:\/\/experienciadevida.com.ar\/portalurbano\/construi-este-heinkel-electrico-para-demostrar-que-podemos-transportarnos-con-menos-consumo-que-una-tostadora\/","og_locale":"es_ES","og_type":"article","og_title":"Heinkel el\u00e9ctrico: Podemos transportarnos con menos consumo que una","og_description":"Heinkel el\u00e9ctrico . \u201cConstru\u00ed este Heinkel el\u00e9ctrico para demostrar que podemos transportarnos con menos consumo que una tostadora\u201d","og_url":"https:\/\/experienciadevida.com.ar\/portalurbano\/construi-este-heinkel-electrico-para-demostrar-que-podemos-transportarnos-con-menos-consumo-que-una-tostadora\/","article_publisher":"https:\/\/www.facebook.com\/Portal-Urbano-171542830093757\/","article_published_time":"2021-01-26T11:22:33+00:00","article_modified_time":"2021-01-26T11:29:42+00:00","og_image":[{"width":800,"height":495,"url":"https:\/\/experienciadevida.com.ar\/portalurbano\/wp-content\/uploads\/2021\/01\/HEINKEL0-e1611660045883.jpg","type":"image\/jpeg"}],"author":"admpu17wp","twitter_card":"summary_large_image","twitter_creator":"@portalurbanook","twitter_site":"@portalurbanook","twitter_misc":{"Escrito por":"admpu17wp","Tiempo de lectura":"6 minutos"},"schema":{"@context":"https:\/\/schema.org","@graph":[{"@type":"Article","@id":"https:\/\/experienciadevida.com.ar\/portalurbano\/construi-este-heinkel-electrico-para-demostrar-que-podemos-transportarnos-con-menos-consumo-que-una-tostadora\/#article","isPartOf":{"@id":"https:\/\/experienciadevida.com.ar\/portalurbano\/construi-este-heinkel-electrico-para-demostrar-que-podemos-transportarnos-con-menos-consumo-que-una-tostadora\/"},"author":{"name":"admpu17wp","@id":"https:\/\/experienciadevida.com.ar\/portalurbano\/#\/schema\/person\/02dd326b1c4b056e9cc972486934a3a7"},"headline":"\u201cConstru\u00ed este Heinkel el\u00e9ctrico para demostrar que podemos transportarnos con menos consumo que una tostadora\u201d","datePublished":"2021-01-26T11:22:33+00:00","dateModified":"2021-01-26T11:29:42+00:00","mainEntityOfPage":{"@id":"https:\/\/experienciadevida.com.ar\/portalurbano\/construi-este-heinkel-electrico-para-demostrar-que-podemos-transportarnos-con-menos-consumo-que-una-tostadora\/"},"wordCount":838,"publisher":{"@id":"https:\/\/experienciadevida.com.ar\/portalurbano\/#organization"},"keywords":["Heinkel el\u00e9ctrico"],"articleSection":["Ciudad","Destacadas 2"],"inLanguage":"es"},{"@type":"WebPage","@id":"https:\/\/experienciadevida.com.ar\/portalurbano\/construi-este-heinkel-electrico-para-demostrar-que-podemos-transportarnos-con-menos-consumo-que-una-tostadora\/","url":"https:\/\/experienciadevida.com.ar\/portalurbano\/construi-este-heinkel-electrico-para-demostrar-que-podemos-transportarnos-con-menos-consumo-que-una-tostadora\/","name":"Heinkel el\u00e9ctrico: Podemos transportarnos con menos consumo que una","isPartOf":{"@id":"https:\/\/experienciadevida.com.ar\/portalurbano\/#website"},"datePublished":"2021-01-26T11:22:33+00:00","dateModified":"2021-01-26T11:29:42+00:00","description":"Heinkel el\u00e9ctrico . \u201cConstru\u00ed este Heinkel el\u00e9ctrico para demostrar que podemos transportarnos con menos consumo que una tostadora\u201d","breadcrumb":{"@id":"https:\/\/experienciadevida.com.ar\/portalurbano\/construi-este-heinkel-electrico-para-demostrar-que-podemos-transportarnos-con-menos-consumo-que-una-tostadora\/#breadcrumb"},"inLanguage":"es","potentialAction":[{"@type":"ReadAction","target":["https:\/\/experienciadevida.com.ar\/portalurbano\/construi-este-heinkel-electrico-para-demostrar-que-podemos-transportarnos-con-menos-consumo-que-una-tostadora\/"]}]},{"@type":"BreadcrumbList","@id":"https:\/\/experienciadevida.com.ar\/portalurbano\/construi-este-heinkel-electrico-para-demostrar-que-podemos-transportarnos-con-menos-consumo-que-una-tostadora\/#breadcrumb","itemListElement":[{"@type":"ListItem","position":1,"name":"Portada","item":"https:\/\/experienciadevida.com.ar\/portalurbano\/"},{"@type":"ListItem","position":2,"name":"\u201cConstru\u00ed este Heinkel el\u00e9ctrico para demostrar que podemos transportarnos con menos consumo que una tostadora\u201d"}]},{"@type":"WebSite","@id":"https:\/\/experienciadevida.com.ar\/portalurbano\/#website","url":"https:\/\/experienciadevida.com.ar\/portalurbano\/","name":"","description":"","publisher":{"@id":"https:\/\/experienciadevida.com.ar\/portalurbano\/#organization"},"potentialAction":[{"@type":"SearchAction","target":{"@type":"EntryPoint","urlTemplate":"https:\/\/experienciadevida.com.ar\/portalurbano\/?s={search_term_string}"},"query-input":"required name=search_term_string"}],"inLanguage":"es"},{"@type":"Organization","@id":"https:\/\/experienciadevida.com.ar\/portalurbano\/#organization","name":"Portal Urbano","url":"https:\/\/experienciadevida.com.ar\/portalurbano\/","logo":{"@type":"ImageObject","inLanguage":"es","@id":"https:\/\/experienciadevida.com.ar\/portalurbano\/#\/schema\/logo\/image\/","url":"https:\/\/experienciadevida.com.ar\/portalurbano\/wp-content\/uploads\/2019\/09\/Logo-Original.png","contentUrl":"https:\/\/experienciadevida.com.ar\/portalurbano\/wp-content\/uploads\/2019\/09\/Logo-Original.png","width":2236,"height":1216,"caption":"Portal Urbano"},"image":{"@id":"https:\/\/experienciadevida.com.ar\/portalurbano\/#\/schema\/logo\/image\/"},"sameAs":["https:\/\/www.facebook.com\/Portal-Urbano-171542830093757\/","https:\/\/twitter.com\/portalurbanook","https:\/\/www.instagram.com\/_portalurbano\/","https:\/\/www.youtube.com\/channel\/UCXhagIfszH8KxFiOok79zbA?view_as=subscriber"]},{"@type":"Person","@id":"https:\/\/experienciadevida.com.ar\/portalurbano\/#\/schema\/person\/02dd326b1c4b056e9cc972486934a3a7","name":"admpu17wp","image":{"@type":"ImageObject","inLanguage":"es","@id":"https:\/\/experienciadevida.com.ar\/portalurbano\/#\/schema\/person\/image\/","url":"https:\/\/secure.gravatar.com\/avatar\/830d4c57adaae6630765e449a6908047?s=96&d=mm&r=g","contentUrl":"https:\/\/secure.gravatar.com\/avatar\/830d4c57adaae6630765e449a6908047?s=96&d=mm&r=g","caption":"admpu17wp"}}]}},"featured_image_urls":{"full":["https:\/\/experienciadevida.com.ar\/portalurbano\/wp-content\/uploads\/2021\/01\/HEINKEL0-e1611660045883.jpg",800,495,false],"thumbnail":["https:\/\/experienciadevida.com.ar\/portalurbano\/wp-content\/uploads\/2021\/01\/HEINKEL0-150x150.jpg",150,150,true],"medium":["https:\/\/experienciadevida.com.ar\/portalurbano\/wp-content\/uploads\/2021\/01\/HEINKEL0-300x186.jpg",300,186,true],"medium_large":["https:\/\/experienciadevida.com.ar\/portalurbano\/wp-content\/uploads\/2021\/01\/HEINKEL0-768x476.jpg",640,397,true],"large":["https:\/\/experienciadevida.com.ar\/portalurbano\/wp-content\/uploads\/2021\/01\/HEINKEL0-1024x634.jpg",640,396,true],"ug_big":["https:\/\/experienciadevida.com.ar\/portalurbano\/wp-content\/uploads\/2021\/01\/HEINKEL0-768x476.jpg",768,476,true],"1536x1536":["https:\/\/experienciadevida.com.ar\/portalurbano\/wp-content\/uploads\/2021\/01\/HEINKEL0-e1611660045883.jpg",800,495,false],"2048x2048":["https:\/\/experienciadevida.com.ar\/portalurbano\/wp-content\/uploads\/2021\/01\/HEINKEL0-e1611660045883.jpg",800,495,false],"newsever-slider-full":["https:\/\/experienciadevida.com.ar\/portalurbano\/wp-content\/uploads\/2021\/01\/HEINKEL0-e1611660045883.jpg",800,495,false],"newsever-featured":["https:\/\/experienciadevida.com.ar\/portalurbano\/wp-content\/uploads\/2021\/01\/HEINKEL0-e1611660045883.jpg",800,495,false],"newsever-medium":["https:\/\/experienciadevida.com.ar\/portalurbano\/wp-content\/uploads\/2021\/01\/HEINKEL0-e1611660045883.jpg",720,446,false],"web-stories-poster-portrait":["https:\/\/experienciadevida.com.ar\/portalurbano\/wp-content\/uploads\/2021\/01\/HEINKEL0-e1611660045883.jpg",640,396,false],"web-stories-publisher-logo":["https:\/\/experienciadevida.com.ar\/portalurbano\/wp-content\/uploads\/2021\/01\/HEINKEL0-e1611660045883.jpg",96,59,false],"web-stories-thumbnail":["https:\/\/experienciadevida.com.ar\/portalurbano\/wp-content\/uploads\/2021\/01\/HEINKEL0-e1611660045883.jpg",150,93,false]},"author_info":{"display_name":"admpu17wp","author_link":"https:\/\/experienciadevida.com.ar\/portalurbano\/author\/admpu17wp\/"},"category_info":"<a href=\"https:\/\/experienciadevida.com.ar\/portalurbano\/category\/ciudad\/\" rel=\"category tag\">Ciudad<\/a> <a href=\"https:\/\/experienciadevida.com.ar\/portalurbano\/category\/destacadas-2\/\" rel=\"category tag\">Destacadas 2<\/a>","tag_info":"Destacadas 2","comment_count":"0","amp_enabled":true,"_links":{"self":[{"href":"https:\/\/experienciadevida.com.ar\/portalurbano\/wp-json\/wp\/v2\/posts\/133455"}],"collection":[{"href":"https:\/\/experienciadevida.com.ar\/portalurbano\/wp-json\/wp\/v2\/posts"}],"about":[{"href":"https:\/\/experienciadevida.com.ar\/portalurbano\/wp-json\/wp\/v2\/types\/post"}],"author":[{"embeddable":true,"href":"https:\/\/experienciadevida.com.ar\/portalurbano\/wp-json\/wp\/v2\/users\/1"}],"replies":[{"embeddable":true,"href":"https:\/\/experienciadevida.com.ar\/portalurbano\/wp-json\/wp\/v2\/comments?post=133455"}],"version-history":[{"count":4,"href":"https:\/\/experienciadevida.com.ar\/portalurbano\/wp-json\/wp\/v2\/posts\/133455\/revisions"}],"predecessor-version":[{"id":133472,"href":"https:\/\/experienciadevida.com.ar\/portalurbano\/wp-json\/wp\/v2\/posts\/133455\/revisions\/133472"}],"wp:featuredmedia":[{"embeddable":true,"href":"https:\/\/experienciadevida.com.ar\/portalurbano\/wp-json\/wp\/v2\/media\/133456"}],"wp:attachment":[{"href":"https:\/\/experienciadevida.com.ar\/portalurbano\/wp-json\/wp\/v2\/media?parent=133455"}],"wp:term":[{"taxonomy":"category","embeddable":true,"href":"https:\/\/experienciadevida.com.ar\/portalurbano\/wp-json\/wp\/v2\/categories?post=133455"},{"taxonomy":"post_tag","embeddable":true,"href":"https:\/\/experienciadevida.com.ar\/portalurbano\/wp-json\/wp\/v2\/tags?post=133455"}],"curies":[{"name":"wp","href":"https:\/\/api.w.org\/{rel}","templated":true}]}}