{"id":133429,"date":"2021-01-25T18:59:54","date_gmt":"2021-01-25T21:59:54","guid":{"rendered":"https:\/\/experienciadevida.com.ar\/portalurbano\/?p=133429"},"modified":"2021-01-25T19:00:32","modified_gmt":"2021-01-25T22:00:32","slug":"cursos-de-verano-de-la-escuela-provincial-de-derechos-humanos","status":"publish","type":"post","link":"https:\/\/experienciadevida.com.ar\/portalurbano\/cursos-de-verano-de-la-escuela-provincial-de-derechos-humanos\/","title":{"rendered":"Cursos de verano de la Escuela Provincial de Derechos Humanos"},"content":{"rendered":"<p>Cursos de verano de la Escuela Provincial de Derechos Humanos. La delegada local de la Subsecretar\u00eda de Derechos Humanos, Griselda Lemiez, inform\u00f3 que se lanza en febrero la Escuela de Verano con cuatro encuentros. Las inscripciones estar\u00e1n abiertas hasta el 29 de enero.<\/p>\n<p>La Subsecretar\u00eda de Derechos Humanos lanza en febrero la Escuela de Verano, las inscripciones estar\u00e1n abiertas del 22 al 29 de enero. A partir del pr\u00f3ximo 1 de febrero, comenzar\u00e1 a dictarse de manera virtual una edici\u00f3n especial va a tener lugar durante todo el mes y que abordar\u00e1 un eje tem\u00e1tico por semana.<\/p>\n<p>La Escuela de Verano de la Direcci\u00f3n de Promoci\u00f3n y Formaci\u00f3n de la Subsecretar\u00eda de Derechos Humanos del Ministerio de Justicia y DDHH de la Provincia de Buenos Aires, tiene como objetivo promover instancias de reflexi\u00f3n y producci\u00f3n de conocimiento en torno a diferentes problem\u00e1ticas sociales desde la perspectiva de los Derechos Humanos, a la vez que apunta a promover la participaci\u00f3n de los y las bonaerenses en los cursos que se desarrollar\u00e1n.<\/p>\n<p>Los cursos de verano tendr\u00e1n modalidad virtual y la clase de la semana (con sus respectivos materiales bibliogr\u00e1ficos y recursos educativos) y el breve ejercicio de evaluaci\u00f3n se subir\u00e1 a la plataforma de la Escuela Provincial de Derechos Humanos los d\u00edas lunes. En tanto, los jueves tendr\u00e1 lugar un encuentro sincr\u00f3nico a trav\u00e9s de la plataforma Zoom que contar\u00e1 con invitados e invitadas, y referentes de los temas a trabajar.<\/p>\n<p>Constar\u00e1 de cuatro encuentros:<br \/>\nSemana 1. Pensar las dictaduras latinoamericanas<br \/>\nEncuentro virtual: jueves 4 de febrero 18 hs. Cine Debate con Manuela Irianni, directora de los Documentales \u201cVera\u201d y \u201cDe Facto\u201d.<br \/>\nSemana 2. Pensar el envejecimiento activo desde los Derechos Humanos<br \/>\nEncuentro virtual: jueves 11 de febrero 18 hs. Experiencias art\u00edsticas en primera persona.<br \/>\nSemana 3. Pensar la Seguridad Democr\u00e1tica<br \/>\nEncuentro virtual: jueves 18 de febrero 18 hs. Conversaci\u00f3n con Ra\u00fal Zaffaroni y C\u00e9sar Gonz\u00e1lez.<br \/>\nSemana 4. Pensar la interculturalidad y el g\u00e9nero<\/p>\n<p>Encuentro virtual: jueves 25 a las 18 hs. Ronda de mujeres por los derechos interculturales y migrantes.<\/p>\n<p>LINK para inscribirse: https:\/\/forms.gle\/Q2Kus72KUWTu1T3b7<\/p>\n<p>Se expedir\u00e1n certificados de participaci\u00f3n y de aprobaci\u00f3n por \u00e1rea tem\u00e1tica.<\/p>\n","protected":false},"excerpt":{"rendered":"<p>Cursos de verano de la Escuela Provincial de Derechos Humanos. La delegada local de la&#8230;<\/p>\n","protected":false},"author":1,"featured_media":133430,"comment_status":"closed","ping_status":"closed","sticky":false,"template":"","format":"standard","meta":{"content-type":""},"categories":[27,64],"tags":[],"nelio_content":{"isAutoShareEnabled":false,"autoShareEndMode":"default","automationSources":{"useContentSentences":true,"useSocialTemplates":true,"useCustomSentences":false,"customSentences":[]},"followers":[1],"suggestedReferences":[],"includedReferences":[],"efiUrl":"","efiAlt":"","highlights":[]},"yoast_head":"<!-- This site is optimized with the Yoast SEO plugin v20.7 - https:\/\/yoast.com\/wordpress\/plugins\/seo\/ -->\n<title>Cursos de verano de la escuela provincial de derechos humanos<\/title>\n<meta name=\"description\" content=\"Cursos de verano de la Escuela Provincial de Derechos Humanos, la delegada local inform\u00f3 que se lanza en febrero la Escuela de Verano.\" \/>\n<meta name=\"robots\" content=\"index, follow, max-snippet:-1, max-image-preview:large, max-video-preview:-1\" \/>\n<link rel=\"canonical\" href=\"https:\/\/experienciadevida.com.ar\/portalurbano\/cursos-de-verano-de-la-escuela-provincial-de-derechos-humanos\/\" \/>\n<meta property=\"og:locale\" content=\"es_ES\" \/>\n<meta property=\"og:type\" content=\"article\" \/>\n<meta property=\"og:title\" content=\"Cursos de verano de la escuela provincial de derechos humanos\" \/>\n<meta property=\"og:description\" content=\"Cursos de verano de la Escuela Provincial de Derechos Humanos, la delegada local inform\u00f3 que se lanza en febrero la Escuela de Verano.\" \/>\n<meta property=\"og:url\" content=\"https:\/\/experienciadevida.com.ar\/portalurbano\/cursos-de-verano-de-la-escuela-provincial-de-derechos-humanos\/\" \/>\n<meta property=\"article:publisher\" content=\"https:\/\/www.facebook.com\/Portal-Urbano-171542830093757\/\" \/>\n<meta property=\"article:published_time\" content=\"2021-01-25T21:59:54+00:00\" \/>\n<meta property=\"article:modified_time\" content=\"2021-01-25T22:00:32+00:00\" \/>\n<meta property=\"og:image\" content=\"https:\/\/experienciadevida.com.ar\/portalurbano\/wp-content\/uploads\/2021\/01\/cursos-de-verano.jpg\" \/>\n\t<meta property=\"og:image:width\" content=\"500\" \/>\n\t<meta property=\"og:image:height\" content=\"500\" \/>\n\t<meta property=\"og:image:type\" content=\"image\/jpeg\" \/>\n<meta name=\"author\" content=\"admpu17wp\" \/>\n<meta name=\"twitter:card\" content=\"summary_large_image\" \/>\n<meta name=\"twitter:creator\" content=\"@portalurbanook\" \/>\n<meta name=\"twitter:site\" content=\"@portalurbanook\" \/>\n<meta name=\"twitter:label1\" content=\"Escrito por\" \/>\n\t<meta name=\"twitter:data1\" content=\"admpu17wp\" \/>\n\t<meta name=\"twitter:label2\" content=\"Tiempo de lectura\" \/>\n\t<meta name=\"twitter:data2\" content=\"2 minutos\" \/>\n<script type=\"application\/ld+json\" class=\"yoast-schema-graph\">{\"@context\":\"https:\/\/schema.org\",\"@graph\":[{\"@type\":\"Article\",\"@id\":\"https:\/\/experienciadevida.com.ar\/portalurbano\/cursos-de-verano-de-la-escuela-provincial-de-derechos-humanos\/#article\",\"isPartOf\":{\"@id\":\"https:\/\/experienciadevida.com.ar\/portalurbano\/cursos-de-verano-de-la-escuela-provincial-de-derechos-humanos\/\"},\"author\":{\"name\":\"admpu17wp\",\"@id\":\"https:\/\/experienciadevida.com.ar\/portalurbano\/#\/schema\/person\/02dd326b1c4b056e9cc972486934a3a7\"},\"headline\":\"Cursos de verano de la Escuela Provincial de Derechos Humanos\",\"datePublished\":\"2021-01-25T21:59:54+00:00\",\"dateModified\":\"2021-01-25T22:00:32+00:00\",\"mainEntityOfPage\":{\"@id\":\"https:\/\/experienciadevida.com.ar\/portalurbano\/cursos-de-verano-de-la-escuela-provincial-de-derechos-humanos\/\"},\"wordCount\":389,\"publisher\":{\"@id\":\"https:\/\/experienciadevida.com.ar\/portalurbano\/#organization\"},\"articleSection\":[\"Ciudad\",\"Destacadas 2\"],\"inLanguage\":\"es\"},{\"@type\":\"WebPage\",\"@id\":\"https:\/\/experienciadevida.com.ar\/portalurbano\/cursos-de-verano-de-la-escuela-provincial-de-derechos-humanos\/\",\"url\":\"https:\/\/experienciadevida.com.ar\/portalurbano\/cursos-de-verano-de-la-escuela-provincial-de-derechos-humanos\/\",\"name\":\"Cursos de verano de la escuela provincial de derechos humanos\",\"isPartOf\":{\"@id\":\"https:\/\/experienciadevida.com.ar\/portalurbano\/#website\"},\"datePublished\":\"2021-01-25T21:59:54+00:00\",\"dateModified\":\"2021-01-25T22:00:32+00:00\",\"description\":\"Cursos de verano de la Escuela Provincial de Derechos Humanos, la delegada local inform\u00f3 que se lanza en febrero la Escuela de Verano.\",\"breadcrumb\":{\"@id\":\"https:\/\/experienciadevida.com.ar\/portalurbano\/cursos-de-verano-de-la-escuela-provincial-de-derechos-humanos\/#breadcrumb\"},\"inLanguage\":\"es\",\"potentialAction\":[{\"@type\":\"ReadAction\",\"target\":[\"https:\/\/experienciadevida.com.ar\/portalurbano\/cursos-de-verano-de-la-escuela-provincial-de-derechos-humanos\/\"]}]},{\"@type\":\"BreadcrumbList\",\"@id\":\"https:\/\/experienciadevida.com.ar\/portalurbano\/cursos-de-verano-de-la-escuela-provincial-de-derechos-humanos\/#breadcrumb\",\"itemListElement\":[{\"@type\":\"ListItem\",\"position\":1,\"name\":\"Portada\",\"item\":\"https:\/\/experienciadevida.com.ar\/portalurbano\/\"},{\"@type\":\"ListItem\",\"position\":2,\"name\":\"Cursos de verano de la Escuela Provincial de Derechos Humanos\"}]},{\"@type\":\"WebSite\",\"@id\":\"https:\/\/experienciadevida.com.ar\/portalurbano\/#website\",\"url\":\"https:\/\/experienciadevida.com.ar\/portalurbano\/\",\"name\":\"\",\"description\":\"\",\"publisher\":{\"@id\":\"https:\/\/experienciadevida.com.ar\/portalurbano\/#organization\"},\"potentialAction\":[{\"@type\":\"SearchAction\",\"target\":{\"@type\":\"EntryPoint\",\"urlTemplate\":\"https:\/\/experienciadevida.com.ar\/portalurbano\/?s={search_term_string}\"},\"query-input\":\"required name=search_term_string\"}],\"inLanguage\":\"es\"},{\"@type\":\"Organization\",\"@id\":\"https:\/\/experienciadevida.com.ar\/portalurbano\/#organization\",\"name\":\"Portal Urbano\",\"url\":\"https:\/\/experienciadevida.com.ar\/portalurbano\/\",\"logo\":{\"@type\":\"ImageObject\",\"inLanguage\":\"es\",\"@id\":\"https:\/\/experienciadevida.com.ar\/portalurbano\/#\/schema\/logo\/image\/\",\"url\":\"https:\/\/experienciadevida.com.ar\/portalurbano\/wp-content\/uploads\/2019\/09\/Logo-Original.png\",\"contentUrl\":\"https:\/\/experienciadevida.com.ar\/portalurbano\/wp-content\/uploads\/2019\/09\/Logo-Original.png\",\"width\":2236,\"height\":1216,\"caption\":\"Portal Urbano\"},\"image\":{\"@id\":\"https:\/\/experienciadevida.com.ar\/portalurbano\/#\/schema\/logo\/image\/\"},\"sameAs\":[\"https:\/\/www.facebook.com\/Portal-Urbano-171542830093757\/\",\"https:\/\/twitter.com\/portalurbanook\",\"https:\/\/www.instagram.com\/_portalurbano\/\",\"https:\/\/www.youtube.com\/channel\/UCXhagIfszH8KxFiOok79zbA?view_as=subscriber\"]},{\"@type\":\"Person\",\"@id\":\"https:\/\/experienciadevida.com.ar\/portalurbano\/#\/schema\/person\/02dd326b1c4b056e9cc972486934a3a7\",\"name\":\"admpu17wp\",\"image\":{\"@type\":\"ImageObject\",\"inLanguage\":\"es\",\"@id\":\"https:\/\/experienciadevida.com.ar\/portalurbano\/#\/schema\/person\/image\/\",\"url\":\"https:\/\/secure.gravatar.com\/avatar\/830d4c57adaae6630765e449a6908047?s=96&d=mm&r=g\",\"contentUrl\":\"https:\/\/secure.gravatar.com\/avatar\/830d4c57adaae6630765e449a6908047?s=96&d=mm&r=g\",\"caption\":\"admpu17wp\"}}]}<\/script>\n<!-- \/ Yoast SEO plugin. -->","yoast_head_json":{"title":"Cursos de verano de la escuela provincial de derechos humanos","description":"Cursos de verano de la Escuela Provincial de Derechos Humanos, la delegada local inform\u00f3 que se lanza en febrero la Escuela de Verano.","robots":{"index":"index","follow":"follow","max-snippet":"max-snippet:-1","max-image-preview":"max-image-preview:large","max-video-preview":"max-video-preview:-1"},"canonical":"https:\/\/experienciadevida.com.ar\/portalurbano\/cursos-de-verano-de-la-escuela-provincial-de-derechos-humanos\/","og_locale":"es_ES","og_type":"article","og_title":"Cursos de verano de la escuela provincial de derechos humanos","og_description":"Cursos de verano de la Escuela Provincial de Derechos Humanos, la delegada local inform\u00f3 que se lanza en febrero la Escuela de Verano.","og_url":"https:\/\/experienciadevida.com.ar\/portalurbano\/cursos-de-verano-de-la-escuela-provincial-de-derechos-humanos\/","article_publisher":"https:\/\/www.facebook.com\/Portal-Urbano-171542830093757\/","article_published_time":"2021-01-25T21:59:54+00:00","article_modified_time":"2021-01-25T22:00:32+00:00","og_image":[{"width":500,"height":500,"url":"https:\/\/experienciadevida.com.ar\/portalurbano\/wp-content\/uploads\/2021\/01\/cursos-de-verano.jpg","type":"image\/jpeg"}],"author":"admpu17wp","twitter_card":"summary_large_image","twitter_creator":"@portalurbanook","twitter_site":"@portalurbanook","twitter_misc":{"Escrito por":"admpu17wp","Tiempo de lectura":"2 minutos"},"schema":{"@context":"https:\/\/schema.org","@graph":[{"@type":"Article","@id":"https:\/\/experienciadevida.com.ar\/portalurbano\/cursos-de-verano-de-la-escuela-provincial-de-derechos-humanos\/#article","isPartOf":{"@id":"https:\/\/experienciadevida.com.ar\/portalurbano\/cursos-de-verano-de-la-escuela-provincial-de-derechos-humanos\/"},"author":{"name":"admpu17wp","@id":"https:\/\/experienciadevida.com.ar\/portalurbano\/#\/schema\/person\/02dd326b1c4b056e9cc972486934a3a7"},"headline":"Cursos de verano de la Escuela Provincial de Derechos Humanos","datePublished":"2021-01-25T21:59:54+00:00","dateModified":"2021-01-25T22:00:32+00:00","mainEntityOfPage":{"@id":"https:\/\/experienciadevida.com.ar\/portalurbano\/cursos-de-verano-de-la-escuela-provincial-de-derechos-humanos\/"},"wordCount":389,"publisher":{"@id":"https:\/\/experienciadevida.com.ar\/portalurbano\/#organization"},"articleSection":["Ciudad","Destacadas 2"],"inLanguage":"es"},{"@type":"WebPage","@id":"https:\/\/experienciadevida.com.ar\/portalurbano\/cursos-de-verano-de-la-escuela-provincial-de-derechos-humanos\/","url":"https:\/\/experienciadevida.com.ar\/portalurbano\/cursos-de-verano-de-la-escuela-provincial-de-derechos-humanos\/","name":"Cursos de verano de la escuela provincial de derechos humanos","isPartOf":{"@id":"https:\/\/experienciadevida.com.ar\/portalurbano\/#website"},"datePublished":"2021-01-25T21:59:54+00:00","dateModified":"2021-01-25T22:00:32+00:00","description":"Cursos de verano de la Escuela Provincial de Derechos Humanos, la delegada local inform\u00f3 que se lanza en febrero la Escuela de Verano.","breadcrumb":{"@id":"https:\/\/experienciadevida.com.ar\/portalurbano\/cursos-de-verano-de-la-escuela-provincial-de-derechos-humanos\/#breadcrumb"},"inLanguage":"es","potentialAction":[{"@type":"ReadAction","target":["https:\/\/experienciadevida.com.ar\/portalurbano\/cursos-de-verano-de-la-escuela-provincial-de-derechos-humanos\/"]}]},{"@type":"BreadcrumbList","@id":"https:\/\/experienciadevida.com.ar\/portalurbano\/cursos-de-verano-de-la-escuela-provincial-de-derechos-humanos\/#breadcrumb","itemListElement":[{"@type":"ListItem","position":1,"name":"Portada","item":"https:\/\/experienciadevida.com.ar\/portalurbano\/"},{"@type":"ListItem","position":2,"name":"Cursos de verano de la Escuela Provincial de Derechos Humanos"}]},{"@type":"WebSite","@id":"https:\/\/experienciadevida.com.ar\/portalurbano\/#website","url":"https:\/\/experienciadevida.com.ar\/portalurbano\/","name":"","description":"","publisher":{"@id":"https:\/\/experienciadevida.com.ar\/portalurbano\/#organization"},"potentialAction":[{"@type":"SearchAction","target":{"@type":"EntryPoint","urlTemplate":"https:\/\/experienciadevida.com.ar\/portalurbano\/?s={search_term_string}"},"query-input":"required name=search_term_string"}],"inLanguage":"es"},{"@type":"Organization","@id":"https:\/\/experienciadevida.com.ar\/portalurbano\/#organization","name":"Portal Urbano","url":"https:\/\/experienciadevida.com.ar\/portalurbano\/","logo":{"@type":"ImageObject","inLanguage":"es","@id":"https:\/\/experienciadevida.com.ar\/portalurbano\/#\/schema\/logo\/image\/","url":"https:\/\/experienciadevida.com.ar\/portalurbano\/wp-content\/uploads\/2019\/09\/Logo-Original.png","contentUrl":"https:\/\/experienciadevida.com.ar\/portalurbano\/wp-content\/uploads\/2019\/09\/Logo-Original.png","width":2236,"height":1216,"caption":"Portal Urbano"},"image":{"@id":"https:\/\/experienciadevida.com.ar\/portalurbano\/#\/schema\/logo\/image\/"},"sameAs":["https:\/\/www.facebook.com\/Portal-Urbano-171542830093757\/","https:\/\/twitter.com\/portalurbanook","https:\/\/www.instagram.com\/_portalurbano\/","https:\/\/www.youtube.com\/channel\/UCXhagIfszH8KxFiOok79zbA?view_as=subscriber"]},{"@type":"Person","@id":"https:\/\/experienciadevida.com.ar\/portalurbano\/#\/schema\/person\/02dd326b1c4b056e9cc972486934a3a7","name":"admpu17wp","image":{"@type":"ImageObject","inLanguage":"es","@id":"https:\/\/experienciadevida.com.ar\/portalurbano\/#\/schema\/person\/image\/","url":"https:\/\/secure.gravatar.com\/avatar\/830d4c57adaae6630765e449a6908047?s=96&d=mm&r=g","contentUrl":"https:\/\/secure.gravatar.com\/avatar\/830d4c57adaae6630765e449a6908047?s=96&d=mm&r=g","caption":"admpu17wp"}}]}},"featured_image_urls":{"full":["https:\/\/experienciadevida.com.ar\/portalurbano\/wp-content\/uploads\/2021\/01\/cursos-de-verano.jpg",500,500,false],"thumbnail":["https:\/\/experienciadevida.com.ar\/portalurbano\/wp-content\/uploads\/2021\/01\/cursos-de-verano-150x150.jpg",150,150,true],"medium":["https:\/\/experienciadevida.com.ar\/portalurbano\/wp-content\/uploads\/2021\/01\/cursos-de-verano-300x300.jpg",300,300,true],"medium_large":["https:\/\/experienciadevida.com.ar\/portalurbano\/wp-content\/uploads\/2021\/01\/cursos-de-verano.jpg",500,500,false],"large":["https:\/\/experienciadevida.com.ar\/portalurbano\/wp-content\/uploads\/2021\/01\/cursos-de-verano.jpg",500,500,false],"ug_big":["https:\/\/experienciadevida.com.ar\/portalurbano\/wp-content\/uploads\/2021\/01\/cursos-de-verano.jpg",500,500,false],"1536x1536":["https:\/\/experienciadevida.com.ar\/portalurbano\/wp-content\/uploads\/2021\/01\/cursos-de-verano.jpg",500,500,false],"2048x2048":["https:\/\/experienciadevida.com.ar\/portalurbano\/wp-content\/uploads\/2021\/01\/cursos-de-verano.jpg",500,500,false],"newsever-slider-full":["https:\/\/experienciadevida.com.ar\/portalurbano\/wp-content\/uploads\/2021\/01\/cursos-de-verano.jpg",500,500,false],"newsever-featured":["https:\/\/experienciadevida.com.ar\/portalurbano\/wp-content\/uploads\/2021\/01\/cursos-de-verano.jpg",500,500,false],"newsever-medium":["https:\/\/experienciadevida.com.ar\/portalurbano\/wp-content\/uploads\/2021\/01\/cursos-de-verano.jpg",475,475,false],"web-stories-poster-portrait":["https:\/\/experienciadevida.com.ar\/portalurbano\/wp-content\/uploads\/2021\/01\/cursos-de-verano.jpg",500,500,false],"web-stories-publisher-logo":["https:\/\/experienciadevida.com.ar\/portalurbano\/wp-content\/uploads\/2021\/01\/cursos-de-verano.jpg",96,96,false],"web-stories-thumbnail":["https:\/\/experienciadevida.com.ar\/portalurbano\/wp-content\/uploads\/2021\/01\/cursos-de-verano.jpg",150,150,false]},"author_info":{"display_name":"admpu17wp","author_link":"https:\/\/experienciadevida.com.ar\/portalurbano\/author\/admpu17wp\/"},"category_info":"<a href=\"https:\/\/experienciadevida.com.ar\/portalurbano\/category\/ciudad\/\" rel=\"category tag\">Ciudad<\/a> <a href=\"https:\/\/experienciadevida.com.ar\/portalurbano\/category\/destacadas-2\/\" rel=\"category tag\">Destacadas 2<\/a>","tag_info":"Destacadas 2","comment_count":"0","amp_enabled":true,"_links":{"self":[{"href":"https:\/\/experienciadevida.com.ar\/portalurbano\/wp-json\/wp\/v2\/posts\/133429"}],"collection":[{"href":"https:\/\/experienciadevida.com.ar\/portalurbano\/wp-json\/wp\/v2\/posts"}],"about":[{"href":"https:\/\/experienciadevida.com.ar\/portalurbano\/wp-json\/wp\/v2\/types\/post"}],"author":[{"embeddable":true,"href":"https:\/\/experienciadevida.com.ar\/portalurbano\/wp-json\/wp\/v2\/users\/1"}],"replies":[{"embeddable":true,"href":"https:\/\/experienciadevida.com.ar\/portalurbano\/wp-json\/wp\/v2\/comments?post=133429"}],"version-history":[{"count":1,"href":"https:\/\/experienciadevida.com.ar\/portalurbano\/wp-json\/wp\/v2\/posts\/133429\/revisions"}],"predecessor-version":[{"id":133431,"href":"https:\/\/experienciadevida.com.ar\/portalurbano\/wp-json\/wp\/v2\/posts\/133429\/revisions\/133431"}],"wp:featuredmedia":[{"embeddable":true,"href":"https:\/\/experienciadevida.com.ar\/portalurbano\/wp-json\/wp\/v2\/media\/133430"}],"wp:attachment":[{"href":"https:\/\/experienciadevida.com.ar\/portalurbano\/wp-json\/wp\/v2\/media?parent=133429"}],"wp:term":[{"taxonomy":"category","embeddable":true,"href":"https:\/\/experienciadevida.com.ar\/portalurbano\/wp-json\/wp\/v2\/categories?post=133429"},{"taxonomy":"post_tag","embeddable":true,"href":"https:\/\/experienciadevida.com.ar\/portalurbano\/wp-json\/wp\/v2\/tags?post=133429"}],"curies":[{"name":"wp","href":"https:\/\/api.w.org\/{rel}","templated":true}]}}