{"id":133408,"date":"2021-01-25T15:06:21","date_gmt":"2021-01-25T18:06:21","guid":{"rendered":"https:\/\/experienciadevida.com.ar\/portalurbano\/?p=133408"},"modified":"2021-01-25T15:07:01","modified_gmt":"2021-01-25T18:07:01","slug":"el-gobierno-posterga-hasta-mediados-de-marzo-la-suba-en-el-impuesto-a-los-combustibles","status":"publish","type":"post","link":"https:\/\/experienciadevida.com.ar\/portalurbano\/el-gobierno-posterga-hasta-mediados-de-marzo-la-suba-en-el-impuesto-a-los-combustibles\/","title":{"rendered":"El Gobierno posterga hasta mediados de marzo la suba en el impuesto a los combustibles"},"content":{"rendered":"<p>El Gobierno posterga hasta mediados de marzo la suba en el impuesto a los combustibles. Naci\u00f3n atribuy\u00f3 la postergaci\u00f3n a \u201clas circunstancias actuales y la necesaria estabilizaci\u00f3n de los precios\u201d.<\/p>\n<p>El gobierno posterga hasta el 12 de marzo pr\u00f3ximo la suba en el impuesto a los combustibles, debido a \u201clas circunstancias actuales y la necesaria estabilizaci\u00f3n de los precios\u201d. De esta manera, se detuvo por diez d\u00edas otro incremento de hasta 5,2% en las naftas y el gasoil que deb\u00eda regir desde el 1 de marzo.<\/p>\n<p>A trav\u00e9s del decreto 35\/2021, publicado hoy en el Bolet\u00edn Oficial, se indic\u00f3 que \u201cel incremento en los montos de impuesto correspondiente al cuarto trimestre de 2020, surtir\u00e1 efectos para la nafta sin plomo, la nafta virgen y el gasoil, desde el 12 de marzo de 2021\u201d.<\/p>\n<p>El gobierno posterga la suba de combustibles por &#8220;las circunstancias actuales y la necesaria estabilizaci\u00f3n de los precios\u201d.<\/p>\n<p>El 16 de enero \u00faltimo, <a href=\"https:\/\/experienciadevida.com.ar\/portalurbano\/volvio-a-aumentar-el-combustible-dos-aumentos-en-menos-de-una-semana\/\">la petrolera YPF dispuso un aumento de precios<\/a> del 3,5% promedio de sus combustibles, lo que incluye el ajuste diferencial por el incremento del componente impositivo de la nafta y el gasoil.<\/p>\n<p>Este aumento incluye el incremento del Impuesto a los Combustibles L\u00edquidos (ICL) y el Impuesto al Di\u00f3xido de Carbono (IDC) del 7,7% que entr\u00f3 en vigencia a partir del 15 de enero, seg\u00fan lo dispuesto por el Gobierno.<\/p>\n<p>Fuente: DIB<\/p>\n","protected":false},"excerpt":{"rendered":"<p>El Gobierno posterga hasta mediados de marzo la suba en el impuesto a los combustibles&#8230;.<\/p>\n","protected":false},"author":1,"featured_media":20181,"comment_status":"closed","ping_status":"closed","sticky":false,"template":"","format":"standard","meta":{"content-type":""},"categories":[39],"tags":[],"nelio_content":{"isAutoShareEnabled":false,"autoShareEndMode":"default","automationSources":{"useContentSentences":true,"useSocialTemplates":true,"useCustomSentences":false,"customSentences":[]},"followers":[1],"suggestedReferences":[],"includedReferences":[],"efiUrl":"","efiAlt":"","highlights":[]},"yoast_head":"<!-- This site is optimized with the Yoast SEO plugin v20.7 - https:\/\/yoast.com\/wordpress\/plugins\/seo\/ -->\n<title>El gobierno posterga la suba en el impuesto a los combustibles<\/title>\n<meta name=\"description\" content=\"El Gobierno posterga hasta mediados de marzo la suba en el impuesto a los combustibles, atribuyeron a las circunstancias actuales.\" \/>\n<meta name=\"robots\" content=\"index, follow, max-snippet:-1, max-image-preview:large, max-video-preview:-1\" \/>\n<link rel=\"canonical\" href=\"https:\/\/experienciadevida.com.ar\/portalurbano\/el-gobierno-posterga-hasta-mediados-de-marzo-la-suba-en-el-impuesto-a-los-combustibles\/\" \/>\n<meta property=\"og:locale\" content=\"es_ES\" \/>\n<meta property=\"og:type\" content=\"article\" \/>\n<meta property=\"og:title\" content=\"El gobierno posterga la suba en el impuesto a los combustibles\" \/>\n<meta property=\"og:description\" content=\"El Gobierno posterga hasta mediados de marzo la suba en el impuesto a los combustibles, atribuyeron a las circunstancias actuales.\" \/>\n<meta property=\"og:url\" content=\"https:\/\/experienciadevida.com.ar\/portalurbano\/el-gobierno-posterga-hasta-mediados-de-marzo-la-suba-en-el-impuesto-a-los-combustibles\/\" \/>\n<meta property=\"article:publisher\" content=\"https:\/\/www.facebook.com\/Portal-Urbano-171542830093757\/\" \/>\n<meta property=\"article:published_time\" content=\"2021-01-25T18:06:21+00:00\" \/>\n<meta property=\"article:modified_time\" content=\"2021-01-25T18:07:01+00:00\" \/>\n<meta property=\"og:image\" content=\"https:\/\/experienciadevida.com.ar\/portalurbano\/wp-content\/uploads\/2018\/04\/20180405064432_.combustible-posible.jpg\" \/>\n\t<meta property=\"og:image:width\" content=\"680\" \/>\n\t<meta property=\"og:image:height\" content=\"453\" \/>\n\t<meta property=\"og:image:type\" content=\"image\/jpeg\" \/>\n<meta name=\"author\" content=\"admpu17wp\" \/>\n<meta name=\"twitter:card\" content=\"summary_large_image\" \/>\n<meta name=\"twitter:creator\" content=\"@portalurbanook\" \/>\n<meta name=\"twitter:site\" content=\"@portalurbanook\" \/>\n<meta name=\"twitter:label1\" content=\"Escrito por\" \/>\n\t<meta name=\"twitter:data1\" content=\"admpu17wp\" \/>\n\t<meta name=\"twitter:label2\" content=\"Tiempo de lectura\" \/>\n\t<meta name=\"twitter:data2\" content=\"1 minuto\" \/>\n<script type=\"application\/ld+json\" class=\"yoast-schema-graph\">{\"@context\":\"https:\/\/schema.org\",\"@graph\":[{\"@type\":\"Article\",\"@id\":\"https:\/\/experienciadevida.com.ar\/portalurbano\/el-gobierno-posterga-hasta-mediados-de-marzo-la-suba-en-el-impuesto-a-los-combustibles\/#article\",\"isPartOf\":{\"@id\":\"https:\/\/experienciadevida.com.ar\/portalurbano\/el-gobierno-posterga-hasta-mediados-de-marzo-la-suba-en-el-impuesto-a-los-combustibles\/\"},\"author\":{\"name\":\"admpu17wp\",\"@id\":\"https:\/\/experienciadevida.com.ar\/portalurbano\/#\/schema\/person\/02dd326b1c4b056e9cc972486934a3a7\"},\"headline\":\"El Gobierno posterga hasta mediados de marzo la suba en el impuesto a los combustibles\",\"datePublished\":\"2021-01-25T18:06:21+00:00\",\"dateModified\":\"2021-01-25T18:07:01+00:00\",\"mainEntityOfPage\":{\"@id\":\"https:\/\/experienciadevida.com.ar\/portalurbano\/el-gobierno-posterga-hasta-mediados-de-marzo-la-suba-en-el-impuesto-a-los-combustibles\/\"},\"wordCount\":245,\"publisher\":{\"@id\":\"https:\/\/experienciadevida.com.ar\/portalurbano\/#organization\"},\"articleSection\":[\"Naci\u00f3n\"],\"inLanguage\":\"es\"},{\"@type\":\"WebPage\",\"@id\":\"https:\/\/experienciadevida.com.ar\/portalurbano\/el-gobierno-posterga-hasta-mediados-de-marzo-la-suba-en-el-impuesto-a-los-combustibles\/\",\"url\":\"https:\/\/experienciadevida.com.ar\/portalurbano\/el-gobierno-posterga-hasta-mediados-de-marzo-la-suba-en-el-impuesto-a-los-combustibles\/\",\"name\":\"El gobierno posterga la suba en el impuesto a los combustibles\",\"isPartOf\":{\"@id\":\"https:\/\/experienciadevida.com.ar\/portalurbano\/#website\"},\"datePublished\":\"2021-01-25T18:06:21+00:00\",\"dateModified\":\"2021-01-25T18:07:01+00:00\",\"description\":\"El Gobierno posterga hasta mediados de marzo la suba en el impuesto a los combustibles, atribuyeron a las circunstancias actuales.\",\"breadcrumb\":{\"@id\":\"https:\/\/experienciadevida.com.ar\/portalurbano\/el-gobierno-posterga-hasta-mediados-de-marzo-la-suba-en-el-impuesto-a-los-combustibles\/#breadcrumb\"},\"inLanguage\":\"es\",\"potentialAction\":[{\"@type\":\"ReadAction\",\"target\":[\"https:\/\/experienciadevida.com.ar\/portalurbano\/el-gobierno-posterga-hasta-mediados-de-marzo-la-suba-en-el-impuesto-a-los-combustibles\/\"]}]},{\"@type\":\"BreadcrumbList\",\"@id\":\"https:\/\/experienciadevida.com.ar\/portalurbano\/el-gobierno-posterga-hasta-mediados-de-marzo-la-suba-en-el-impuesto-a-los-combustibles\/#breadcrumb\",\"itemListElement\":[{\"@type\":\"ListItem\",\"position\":1,\"name\":\"Portada\",\"item\":\"https:\/\/experienciadevida.com.ar\/portalurbano\/\"},{\"@type\":\"ListItem\",\"position\":2,\"name\":\"El Gobierno posterga hasta mediados de marzo la suba en el impuesto a los combustibles\"}]},{\"@type\":\"WebSite\",\"@id\":\"https:\/\/experienciadevida.com.ar\/portalurbano\/#website\",\"url\":\"https:\/\/experienciadevida.com.ar\/portalurbano\/\",\"name\":\"\",\"description\":\"\",\"publisher\":{\"@id\":\"https:\/\/experienciadevida.com.ar\/portalurbano\/#organization\"},\"potentialAction\":[{\"@type\":\"SearchAction\",\"target\":{\"@type\":\"EntryPoint\",\"urlTemplate\":\"https:\/\/experienciadevida.com.ar\/portalurbano\/?s={search_term_string}\"},\"query-input\":\"required name=search_term_string\"}],\"inLanguage\":\"es\"},{\"@type\":\"Organization\",\"@id\":\"https:\/\/experienciadevida.com.ar\/portalurbano\/#organization\",\"name\":\"Portal Urbano\",\"url\":\"https:\/\/experienciadevida.com.ar\/portalurbano\/\",\"logo\":{\"@type\":\"ImageObject\",\"inLanguage\":\"es\",\"@id\":\"https:\/\/experienciadevida.com.ar\/portalurbano\/#\/schema\/logo\/image\/\",\"url\":\"https:\/\/experienciadevida.com.ar\/portalurbano\/wp-content\/uploads\/2019\/09\/Logo-Original.png\",\"contentUrl\":\"https:\/\/experienciadevida.com.ar\/portalurbano\/wp-content\/uploads\/2019\/09\/Logo-Original.png\",\"width\":2236,\"height\":1216,\"caption\":\"Portal Urbano\"},\"image\":{\"@id\":\"https:\/\/experienciadevida.com.ar\/portalurbano\/#\/schema\/logo\/image\/\"},\"sameAs\":[\"https:\/\/www.facebook.com\/Portal-Urbano-171542830093757\/\",\"https:\/\/twitter.com\/portalurbanook\",\"https:\/\/www.instagram.com\/_portalurbano\/\",\"https:\/\/www.youtube.com\/channel\/UCXhagIfszH8KxFiOok79zbA?view_as=subscriber\"]},{\"@type\":\"Person\",\"@id\":\"https:\/\/experienciadevida.com.ar\/portalurbano\/#\/schema\/person\/02dd326b1c4b056e9cc972486934a3a7\",\"name\":\"admpu17wp\",\"image\":{\"@type\":\"ImageObject\",\"inLanguage\":\"es\",\"@id\":\"https:\/\/experienciadevida.com.ar\/portalurbano\/#\/schema\/person\/image\/\",\"url\":\"https:\/\/secure.gravatar.com\/avatar\/830d4c57adaae6630765e449a6908047?s=96&d=mm&r=g\",\"contentUrl\":\"https:\/\/secure.gravatar.com\/avatar\/830d4c57adaae6630765e449a6908047?s=96&d=mm&r=g\",\"caption\":\"admpu17wp\"}}]}<\/script>\n<!-- \/ Yoast SEO plugin. -->","yoast_head_json":{"title":"El gobierno posterga la suba en el impuesto a los combustibles","description":"El Gobierno posterga hasta mediados de marzo la suba en el impuesto a los combustibles, atribuyeron a las circunstancias actuales.","robots":{"index":"index","follow":"follow","max-snippet":"max-snippet:-1","max-image-preview":"max-image-preview:large","max-video-preview":"max-video-preview:-1"},"canonical":"https:\/\/experienciadevida.com.ar\/portalurbano\/el-gobierno-posterga-hasta-mediados-de-marzo-la-suba-en-el-impuesto-a-los-combustibles\/","og_locale":"es_ES","og_type":"article","og_title":"El gobierno posterga la suba en el impuesto a los combustibles","og_description":"El Gobierno posterga hasta mediados de marzo la suba en el impuesto a los combustibles, atribuyeron a las circunstancias actuales.","og_url":"https:\/\/experienciadevida.com.ar\/portalurbano\/el-gobierno-posterga-hasta-mediados-de-marzo-la-suba-en-el-impuesto-a-los-combustibles\/","article_publisher":"https:\/\/www.facebook.com\/Portal-Urbano-171542830093757\/","article_published_time":"2021-01-25T18:06:21+00:00","article_modified_time":"2021-01-25T18:07:01+00:00","og_image":[{"width":680,"height":453,"url":"https:\/\/experienciadevida.com.ar\/portalurbano\/wp-content\/uploads\/2018\/04\/20180405064432_.combustible-posible.jpg","type":"image\/jpeg"}],"author":"admpu17wp","twitter_card":"summary_large_image","twitter_creator":"@portalurbanook","twitter_site":"@portalurbanook","twitter_misc":{"Escrito por":"admpu17wp","Tiempo de lectura":"1 minuto"},"schema":{"@context":"https:\/\/schema.org","@graph":[{"@type":"Article","@id":"https:\/\/experienciadevida.com.ar\/portalurbano\/el-gobierno-posterga-hasta-mediados-de-marzo-la-suba-en-el-impuesto-a-los-combustibles\/#article","isPartOf":{"@id":"https:\/\/experienciadevida.com.ar\/portalurbano\/el-gobierno-posterga-hasta-mediados-de-marzo-la-suba-en-el-impuesto-a-los-combustibles\/"},"author":{"name":"admpu17wp","@id":"https:\/\/experienciadevida.com.ar\/portalurbano\/#\/schema\/person\/02dd326b1c4b056e9cc972486934a3a7"},"headline":"El Gobierno posterga hasta mediados de marzo la suba en el impuesto a los combustibles","datePublished":"2021-01-25T18:06:21+00:00","dateModified":"2021-01-25T18:07:01+00:00","mainEntityOfPage":{"@id":"https:\/\/experienciadevida.com.ar\/portalurbano\/el-gobierno-posterga-hasta-mediados-de-marzo-la-suba-en-el-impuesto-a-los-combustibles\/"},"wordCount":245,"publisher":{"@id":"https:\/\/experienciadevida.com.ar\/portalurbano\/#organization"},"articleSection":["Naci\u00f3n"],"inLanguage":"es"},{"@type":"WebPage","@id":"https:\/\/experienciadevida.com.ar\/portalurbano\/el-gobierno-posterga-hasta-mediados-de-marzo-la-suba-en-el-impuesto-a-los-combustibles\/","url":"https:\/\/experienciadevida.com.ar\/portalurbano\/el-gobierno-posterga-hasta-mediados-de-marzo-la-suba-en-el-impuesto-a-los-combustibles\/","name":"El gobierno posterga la suba en el impuesto a los combustibles","isPartOf":{"@id":"https:\/\/experienciadevida.com.ar\/portalurbano\/#website"},"datePublished":"2021-01-25T18:06:21+00:00","dateModified":"2021-01-25T18:07:01+00:00","description":"El Gobierno posterga hasta mediados de marzo la suba en el impuesto a los combustibles, atribuyeron a las circunstancias actuales.","breadcrumb":{"@id":"https:\/\/experienciadevida.com.ar\/portalurbano\/el-gobierno-posterga-hasta-mediados-de-marzo-la-suba-en-el-impuesto-a-los-combustibles\/#breadcrumb"},"inLanguage":"es","potentialAction":[{"@type":"ReadAction","target":["https:\/\/experienciadevida.com.ar\/portalurbano\/el-gobierno-posterga-hasta-mediados-de-marzo-la-suba-en-el-impuesto-a-los-combustibles\/"]}]},{"@type":"BreadcrumbList","@id":"https:\/\/experienciadevida.com.ar\/portalurbano\/el-gobierno-posterga-hasta-mediados-de-marzo-la-suba-en-el-impuesto-a-los-combustibles\/#breadcrumb","itemListElement":[{"@type":"ListItem","position":1,"name":"Portada","item":"https:\/\/experienciadevida.com.ar\/portalurbano\/"},{"@type":"ListItem","position":2,"name":"El Gobierno posterga hasta mediados de marzo la suba en el impuesto a los combustibles"}]},{"@type":"WebSite","@id":"https:\/\/experienciadevida.com.ar\/portalurbano\/#website","url":"https:\/\/experienciadevida.com.ar\/portalurbano\/","name":"","description":"","publisher":{"@id":"https:\/\/experienciadevida.com.ar\/portalurbano\/#organization"},"potentialAction":[{"@type":"SearchAction","target":{"@type":"EntryPoint","urlTemplate":"https:\/\/experienciadevida.com.ar\/portalurbano\/?s={search_term_string}"},"query-input":"required name=search_term_string"}],"inLanguage":"es"},{"@type":"Organization","@id":"https:\/\/experienciadevida.com.ar\/portalurbano\/#organization","name":"Portal Urbano","url":"https:\/\/experienciadevida.com.ar\/portalurbano\/","logo":{"@type":"ImageObject","inLanguage":"es","@id":"https:\/\/experienciadevida.com.ar\/portalurbano\/#\/schema\/logo\/image\/","url":"https:\/\/experienciadevida.com.ar\/portalurbano\/wp-content\/uploads\/2019\/09\/Logo-Original.png","contentUrl":"https:\/\/experienciadevida.com.ar\/portalurbano\/wp-content\/uploads\/2019\/09\/Logo-Original.png","width":2236,"height":1216,"caption":"Portal Urbano"},"image":{"@id":"https:\/\/experienciadevida.com.ar\/portalurbano\/#\/schema\/logo\/image\/"},"sameAs":["https:\/\/www.facebook.com\/Portal-Urbano-171542830093757\/","https:\/\/twitter.com\/portalurbanook","https:\/\/www.instagram.com\/_portalurbano\/","https:\/\/www.youtube.com\/channel\/UCXhagIfszH8KxFiOok79zbA?view_as=subscriber"]},{"@type":"Person","@id":"https:\/\/experienciadevida.com.ar\/portalurbano\/#\/schema\/person\/02dd326b1c4b056e9cc972486934a3a7","name":"admpu17wp","image":{"@type":"ImageObject","inLanguage":"es","@id":"https:\/\/experienciadevida.com.ar\/portalurbano\/#\/schema\/person\/image\/","url":"https:\/\/secure.gravatar.com\/avatar\/830d4c57adaae6630765e449a6908047?s=96&d=mm&r=g","contentUrl":"https:\/\/secure.gravatar.com\/avatar\/830d4c57adaae6630765e449a6908047?s=96&d=mm&r=g","caption":"admpu17wp"}}]}},"featured_image_urls":{"full":["https:\/\/experienciadevida.com.ar\/portalurbano\/wp-content\/uploads\/2018\/04\/20180405064432_.combustible-posible.jpg",680,453,false],"thumbnail":["https:\/\/experienciadevida.com.ar\/portalurbano\/wp-content\/uploads\/2018\/04\/20180405064432_.combustible-posible-150x150.jpg",150,150,true],"medium":["https:\/\/experienciadevida.com.ar\/portalurbano\/wp-content\/uploads\/2018\/04\/20180405064432_.combustible-posible-300x200.jpg",300,200,true],"medium_large":["https:\/\/experienciadevida.com.ar\/portalurbano\/wp-content\/uploads\/2018\/04\/20180405064432_.combustible-posible.jpg",640,426,false],"large":["https:\/\/experienciadevida.com.ar\/portalurbano\/wp-content\/uploads\/2018\/04\/20180405064432_.combustible-posible.jpg",640,426,false],"ug_big":["https:\/\/experienciadevida.com.ar\/portalurbano\/wp-content\/uploads\/2018\/04\/20180405064432_.combustible-posible.jpg",680,453,false],"1536x1536":["https:\/\/experienciadevida.com.ar\/portalurbano\/wp-content\/uploads\/2018\/04\/20180405064432_.combustible-posible.jpg",680,453,false],"2048x2048":["https:\/\/experienciadevida.com.ar\/portalurbano\/wp-content\/uploads\/2018\/04\/20180405064432_.combustible-posible.jpg",680,453,false],"newsever-slider-full":["https:\/\/experienciadevida.com.ar\/portalurbano\/wp-content\/uploads\/2018\/04\/20180405064432_.combustible-posible.jpg",680,453,false],"newsever-featured":["https:\/\/experienciadevida.com.ar\/portalurbano\/wp-content\/uploads\/2018\/04\/20180405064432_.combustible-posible.jpg",680,453,false],"newsever-medium":["https:\/\/experienciadevida.com.ar\/portalurbano\/wp-content\/uploads\/2018\/04\/20180405064432_.combustible-posible.jpg",680,453,false],"web-stories-poster-portrait":["https:\/\/experienciadevida.com.ar\/portalurbano\/wp-content\/uploads\/2018\/04\/20180405064432_.combustible-posible.jpg",640,426,false],"web-stories-publisher-logo":["https:\/\/experienciadevida.com.ar\/portalurbano\/wp-content\/uploads\/2018\/04\/20180405064432_.combustible-posible.jpg",96,64,false],"web-stories-thumbnail":["https:\/\/experienciadevida.com.ar\/portalurbano\/wp-content\/uploads\/2018\/04\/20180405064432_.combustible-posible.jpg",150,100,false]},"author_info":{"display_name":"admpu17wp","author_link":"https:\/\/experienciadevida.com.ar\/portalurbano\/author\/admpu17wp\/"},"category_info":"<a href=\"https:\/\/experienciadevida.com.ar\/portalurbano\/category\/nacion\/\" rel=\"category tag\">Naci\u00f3n<\/a>","tag_info":"Naci\u00f3n","comment_count":"0","amp_enabled":true,"_links":{"self":[{"href":"https:\/\/experienciadevida.com.ar\/portalurbano\/wp-json\/wp\/v2\/posts\/133408"}],"collection":[{"href":"https:\/\/experienciadevida.com.ar\/portalurbano\/wp-json\/wp\/v2\/posts"}],"about":[{"href":"https:\/\/experienciadevida.com.ar\/portalurbano\/wp-json\/wp\/v2\/types\/post"}],"author":[{"embeddable":true,"href":"https:\/\/experienciadevida.com.ar\/portalurbano\/wp-json\/wp\/v2\/users\/1"}],"replies":[{"embeddable":true,"href":"https:\/\/experienciadevida.com.ar\/portalurbano\/wp-json\/wp\/v2\/comments?post=133408"}],"version-history":[{"count":2,"href":"https:\/\/experienciadevida.com.ar\/portalurbano\/wp-json\/wp\/v2\/posts\/133408\/revisions"}],"predecessor-version":[{"id":133410,"href":"https:\/\/experienciadevida.com.ar\/portalurbano\/wp-json\/wp\/v2\/posts\/133408\/revisions\/133410"}],"wp:featuredmedia":[{"embeddable":true,"href":"https:\/\/experienciadevida.com.ar\/portalurbano\/wp-json\/wp\/v2\/media\/20181"}],"wp:attachment":[{"href":"https:\/\/experienciadevida.com.ar\/portalurbano\/wp-json\/wp\/v2\/media?parent=133408"}],"wp:term":[{"taxonomy":"category","embeddable":true,"href":"https:\/\/experienciadevida.com.ar\/portalurbano\/wp-json\/wp\/v2\/categories?post=133408"},{"taxonomy":"post_tag","embeddable":true,"href":"https:\/\/experienciadevida.com.ar\/portalurbano\/wp-json\/wp\/v2\/tags?post=133408"}],"curies":[{"name":"wp","href":"https:\/\/api.w.org\/{rel}","templated":true}]}}