{"id":133302,"date":"2021-01-24T18:47:48","date_gmt":"2021-01-24T21:47:48","guid":{"rendered":"https:\/\/experienciadevida.com.ar\/portalurbano\/?p=133302"},"modified":"2021-01-24T18:51:30","modified_gmt":"2021-01-24T21:51:30","slug":"suspension-de-las-paso-no-es-un-tema-prioritario-para-mi-dijo-kicillof","status":"publish","type":"post","link":"https:\/\/experienciadevida.com.ar\/portalurbano\/suspension-de-las-paso-no-es-un-tema-prioritario-para-mi-dijo-kicillof\/","title":{"rendered":"Suspensi\u00f3n de las PASO: \u201cNo es un tema prioritario para m\u00ed\u201d, dijo Kicillof"},"content":{"rendered":"<p><strong>Suspensi\u00f3n de las PASO<\/strong><\/p>\n<p><strong>En una entrevista con el diario P\u00e1gina 12, el mandatario sostuvo tambi\u00e9n que \u201chay un acuerdo bastante amplio\u201d M\u00e1ximo Kirchner sea presidente del PJ bonaerense.<\/strong><\/p>\n<hr \/>\n<p>El gobernador bonaerense Axel Kicillof dijo que la discusi\u00f3n sobre la una eventual suspensi\u00f3n de las PASO \u201cno es un tema prioritario\u201d para \u00e9l, aunque advirti\u00f3 que \u201chay un tema epidemiol\u00f3gico\u201d a tener en cuenta.<\/p>\n<p>\u201cEn la provincia tenemos una ley propia de PASO y no tenemos mayor\u00eda en las c\u00e1maras. Es decir que necesariamente la discusi\u00f3n involucra a la oposici\u00f3n\u201d, indic\u00f3 el mandatario sobre la suspensi\u00f3n que piden varios gobernadores del norte.<\/p>\n<p>Y agreg\u00f3: \u201cEs un debate que para m\u00ed no depende ni del tema costos ni de la conveniencia pol\u00edtica, b\u00e1sicamente hay una ley y un tema epidemiol\u00f3gico. La verdad, en este momento no es un tema prioritario para m\u00ed\u201d.<\/p>\n<div class=\"teads-inread sm-screen\">\n<div>\n<div id=\"teads0\" class=\"teads-player\">En tanto, en referencia a la interna del PJ bonaerense sostuvo que \u201chay un acuerdo bastante amplio para que sea M\u00e1ximo (Kirchner) el pr\u00f3ximo presidente\u201d, ya que \u201csu figura es muy convocante\u201d. \u201cDespu\u00e9s, la vida del partido tiene su propios tiempos, la idea es consolidar el Frente de Todos, y un oficialismo que viene de cuatro a\u00f1os de ser oposici\u00f3n y que por la pandemia vio suspendido todo\u201d, detall\u00f3.<\/div>\n<\/div>\n<\/div>\n<p>En el marco de una entrevista con el diario P\u00e1gina 12, el Gobernador destac\u00f3 la realizaci\u00f3n de la temporada de verano, y dijo que se ve un \u201ccumplimiento muy fuerte\u201d de las medidas de prevenci\u00f3n contra el coronavirus por parte de los turistas y de \u201cmuch\u00edsimos j\u00f3venes\u201d.<\/p>\n<p>\u201cA los que incumplen, que no son s\u00f3lo los j\u00f3venes, hay que aplicar las sanciones del caso pero tambi\u00e9n seguir concientizando, porque se hizo una campa\u00f1a para que no cumplan. Hay grupos que han hecho del incumplimiento una bandera\u201d, agreg\u00f3 el mandatario.<\/p>\n<p>Y detall\u00f3: \u201cSe ha manifestado por el absurdo: cuando hab\u00eda muchas medidas de aislamiento y cuidado, las combat\u00edan. Cuando se fueron relajando, se quejaban de que hab\u00eda muchos contagios. Est\u00e1n en contra de las vacunas, de la Sputnik, pero despu\u00e9s critican que son pocas dosis\u201d. En esta l\u00ednea, sostuvo que \u201cmilitar contra las vacunas es algo muy miserable\u201d.<\/p>\n<p>Kicillof opin\u00f3 que \u201clos que cumplen funciones importantes deber\u00edan vacunarse urgentemente\u201d y sostuvo que en la ciudad de Buenos Aires \u201cpuede haber un doble discurso\u201d, pero \u201cse est\u00e1 aplicando la vacuna\u201d. \u201cPoco despu\u00e9s de la llegada de la vacuna, el jefe de Gobierno se contagi\u00f3. Yo ya me hab\u00eda vacunado a esa altura, y el test previo a la segunda dosis mostr\u00f3 que mi cuerpo gener\u00f3 defensas contra el coronavirus\u201d, se\u00f1al\u00f3. (DIB) MT<\/p>\n","protected":false},"excerpt":{"rendered":"<p>Suspensi\u00f3n de las PASO En una entrevista con el diario P\u00e1gina 12, el mandatario sostuvo&#8230;<\/p>\n","protected":false},"author":1,"featured_media":133303,"comment_status":"closed","ping_status":"closed","sticky":false,"template":"","format":"standard","meta":{"content-type":""},"categories":[51,44],"tags":[607],"nelio_content":{"isAutoShareEnabled":false,"autoShareEndMode":"default","automationSources":{"useContentSentences":true,"useSocialTemplates":true,"useCustomSentences":false,"customSentences":[]},"followers":[1],"suggestedReferences":[],"includedReferences":[],"efiUrl":"","efiAlt":"","highlights":[]},"yoast_head":"<!-- This site is optimized with the Yoast SEO plugin v20.7 - https:\/\/yoast.com\/wordpress\/plugins\/seo\/ -->\n<title>Suspensi\u00f3n de las PASO: \u201cNo es un tema prioritario para m\u00ed\u201d, dijo Kicillof<\/title>\n<meta name=\"description\" content=\"Suspensi\u00f3n de las PASO . En una entrevista con el diario P\u00e1gina 12, el mandatario sostuvo tambi\u00e9n que \u201chay un acuerdo bastante amplio\u201d para\" \/>\n<meta name=\"robots\" content=\"index, follow, max-snippet:-1, max-image-preview:large, max-video-preview:-1\" \/>\n<link rel=\"canonical\" href=\"https:\/\/experienciadevida.com.ar\/portalurbano\/suspension-de-las-paso-no-es-un-tema-prioritario-para-mi-dijo-kicillof\/\" \/>\n<meta property=\"og:locale\" content=\"es_ES\" \/>\n<meta property=\"og:type\" content=\"article\" \/>\n<meta property=\"og:title\" content=\"Suspensi\u00f3n de las PASO: \u201cNo es un tema prioritario para m\u00ed\u201d, dijo Kicillof\" \/>\n<meta property=\"og:description\" content=\"Suspensi\u00f3n de las PASO . En una entrevista con el diario P\u00e1gina 12, el mandatario sostuvo tambi\u00e9n que \u201chay un acuerdo bastante amplio\u201d para\" \/>\n<meta property=\"og:url\" content=\"https:\/\/experienciadevida.com.ar\/portalurbano\/suspension-de-las-paso-no-es-un-tema-prioritario-para-mi-dijo-kicillof\/\" \/>\n<meta property=\"article:publisher\" content=\"https:\/\/www.facebook.com\/Portal-Urbano-171542830093757\/\" \/>\n<meta property=\"article:published_time\" content=\"2021-01-24T21:47:48+00:00\" \/>\n<meta property=\"article:modified_time\" content=\"2021-01-24T21:51:30+00:00\" \/>\n<meta property=\"og:image\" content=\"https:\/\/experienciadevida.com.ar\/portalurbano\/wp-content\/uploads\/2021\/01\/Kicillof-1-696x464-1.jpg\" \/>\n\t<meta property=\"og:image:width\" content=\"696\" \/>\n\t<meta property=\"og:image:height\" content=\"464\" \/>\n\t<meta property=\"og:image:type\" content=\"image\/jpeg\" \/>\n<meta name=\"author\" content=\"admpu17wp\" \/>\n<meta name=\"twitter:card\" content=\"summary_large_image\" \/>\n<meta name=\"twitter:creator\" content=\"@portalurbanook\" \/>\n<meta name=\"twitter:site\" content=\"@portalurbanook\" \/>\n<meta name=\"twitter:label1\" content=\"Escrito por\" \/>\n\t<meta name=\"twitter:data1\" content=\"admpu17wp\" \/>\n\t<meta name=\"twitter:label2\" content=\"Tiempo de lectura\" \/>\n\t<meta name=\"twitter:data2\" content=\"2 minutos\" \/>\n<script type=\"application\/ld+json\" class=\"yoast-schema-graph\">{\"@context\":\"https:\/\/schema.org\",\"@graph\":[{\"@type\":\"Article\",\"@id\":\"https:\/\/experienciadevida.com.ar\/portalurbano\/suspension-de-las-paso-no-es-un-tema-prioritario-para-mi-dijo-kicillof\/#article\",\"isPartOf\":{\"@id\":\"https:\/\/experienciadevida.com.ar\/portalurbano\/suspension-de-las-paso-no-es-un-tema-prioritario-para-mi-dijo-kicillof\/\"},\"author\":{\"name\":\"admpu17wp\",\"@id\":\"https:\/\/experienciadevida.com.ar\/portalurbano\/#\/schema\/person\/02dd326b1c4b056e9cc972486934a3a7\"},\"headline\":\"Suspensi\u00f3n de las PASO: \u201cNo es un tema prioritario para m\u00ed\u201d, dijo Kicillof\",\"datePublished\":\"2021-01-24T21:47:48+00:00\",\"dateModified\":\"2021-01-24T21:51:30+00:00\",\"mainEntityOfPage\":{\"@id\":\"https:\/\/experienciadevida.com.ar\/portalurbano\/suspension-de-las-paso-no-es-un-tema-prioritario-para-mi-dijo-kicillof\/\"},\"wordCount\":481,\"publisher\":{\"@id\":\"https:\/\/experienciadevida.com.ar\/portalurbano\/#organization\"},\"keywords\":[\"PASO\"],\"articleSection\":[\"Destacadas\",\"Provincia\"],\"inLanguage\":\"es\"},{\"@type\":\"WebPage\",\"@id\":\"https:\/\/experienciadevida.com.ar\/portalurbano\/suspension-de-las-paso-no-es-un-tema-prioritario-para-mi-dijo-kicillof\/\",\"url\":\"https:\/\/experienciadevida.com.ar\/portalurbano\/suspension-de-las-paso-no-es-un-tema-prioritario-para-mi-dijo-kicillof\/\",\"name\":\"Suspensi\u00f3n de las PASO: \u201cNo es un tema prioritario para m\u00ed\u201d, dijo Kicillof\",\"isPartOf\":{\"@id\":\"https:\/\/experienciadevida.com.ar\/portalurbano\/#website\"},\"datePublished\":\"2021-01-24T21:47:48+00:00\",\"dateModified\":\"2021-01-24T21:51:30+00:00\",\"description\":\"Suspensi\u00f3n de las PASO . En una entrevista con el diario P\u00e1gina 12, el mandatario sostuvo tambi\u00e9n que \u201chay un acuerdo bastante amplio\u201d para\",\"breadcrumb\":{\"@id\":\"https:\/\/experienciadevida.com.ar\/portalurbano\/suspension-de-las-paso-no-es-un-tema-prioritario-para-mi-dijo-kicillof\/#breadcrumb\"},\"inLanguage\":\"es\",\"potentialAction\":[{\"@type\":\"ReadAction\",\"target\":[\"https:\/\/experienciadevida.com.ar\/portalurbano\/suspension-de-las-paso-no-es-un-tema-prioritario-para-mi-dijo-kicillof\/\"]}]},{\"@type\":\"BreadcrumbList\",\"@id\":\"https:\/\/experienciadevida.com.ar\/portalurbano\/suspension-de-las-paso-no-es-un-tema-prioritario-para-mi-dijo-kicillof\/#breadcrumb\",\"itemListElement\":[{\"@type\":\"ListItem\",\"position\":1,\"name\":\"Portada\",\"item\":\"https:\/\/experienciadevida.com.ar\/portalurbano\/\"},{\"@type\":\"ListItem\",\"position\":2,\"name\":\"Suspensi\u00f3n de las PASO: \u201cNo es un tema prioritario para m\u00ed\u201d, dijo Kicillof\"}]},{\"@type\":\"WebSite\",\"@id\":\"https:\/\/experienciadevida.com.ar\/portalurbano\/#website\",\"url\":\"https:\/\/experienciadevida.com.ar\/portalurbano\/\",\"name\":\"\",\"description\":\"\",\"publisher\":{\"@id\":\"https:\/\/experienciadevida.com.ar\/portalurbano\/#organization\"},\"potentialAction\":[{\"@type\":\"SearchAction\",\"target\":{\"@type\":\"EntryPoint\",\"urlTemplate\":\"https:\/\/experienciadevida.com.ar\/portalurbano\/?s={search_term_string}\"},\"query-input\":\"required name=search_term_string\"}],\"inLanguage\":\"es\"},{\"@type\":\"Organization\",\"@id\":\"https:\/\/experienciadevida.com.ar\/portalurbano\/#organization\",\"name\":\"Portal Urbano\",\"url\":\"https:\/\/experienciadevida.com.ar\/portalurbano\/\",\"logo\":{\"@type\":\"ImageObject\",\"inLanguage\":\"es\",\"@id\":\"https:\/\/experienciadevida.com.ar\/portalurbano\/#\/schema\/logo\/image\/\",\"url\":\"https:\/\/experienciadevida.com.ar\/portalurbano\/wp-content\/uploads\/2019\/09\/Logo-Original.png\",\"contentUrl\":\"https:\/\/experienciadevida.com.ar\/portalurbano\/wp-content\/uploads\/2019\/09\/Logo-Original.png\",\"width\":2236,\"height\":1216,\"caption\":\"Portal Urbano\"},\"image\":{\"@id\":\"https:\/\/experienciadevida.com.ar\/portalurbano\/#\/schema\/logo\/image\/\"},\"sameAs\":[\"https:\/\/www.facebook.com\/Portal-Urbano-171542830093757\/\",\"https:\/\/twitter.com\/portalurbanook\",\"https:\/\/www.instagram.com\/_portalurbano\/\",\"https:\/\/www.youtube.com\/channel\/UCXhagIfszH8KxFiOok79zbA?view_as=subscriber\"]},{\"@type\":\"Person\",\"@id\":\"https:\/\/experienciadevida.com.ar\/portalurbano\/#\/schema\/person\/02dd326b1c4b056e9cc972486934a3a7\",\"name\":\"admpu17wp\",\"image\":{\"@type\":\"ImageObject\",\"inLanguage\":\"es\",\"@id\":\"https:\/\/experienciadevida.com.ar\/portalurbano\/#\/schema\/person\/image\/\",\"url\":\"https:\/\/secure.gravatar.com\/avatar\/830d4c57adaae6630765e449a6908047?s=96&d=mm&r=g\",\"contentUrl\":\"https:\/\/secure.gravatar.com\/avatar\/830d4c57adaae6630765e449a6908047?s=96&d=mm&r=g\",\"caption\":\"admpu17wp\"}}]}<\/script>\n<!-- \/ Yoast SEO plugin. -->","yoast_head_json":{"title":"Suspensi\u00f3n de las PASO: \u201cNo es un tema prioritario para m\u00ed\u201d, dijo Kicillof","description":"Suspensi\u00f3n de las PASO . En una entrevista con el diario P\u00e1gina 12, el mandatario sostuvo tambi\u00e9n que \u201chay un acuerdo bastante amplio\u201d para","robots":{"index":"index","follow":"follow","max-snippet":"max-snippet:-1","max-image-preview":"max-image-preview:large","max-video-preview":"max-video-preview:-1"},"canonical":"https:\/\/experienciadevida.com.ar\/portalurbano\/suspension-de-las-paso-no-es-un-tema-prioritario-para-mi-dijo-kicillof\/","og_locale":"es_ES","og_type":"article","og_title":"Suspensi\u00f3n de las PASO: \u201cNo es un tema prioritario para m\u00ed\u201d, dijo Kicillof","og_description":"Suspensi\u00f3n de las PASO . En una entrevista con el diario P\u00e1gina 12, el mandatario sostuvo tambi\u00e9n que \u201chay un acuerdo bastante amplio\u201d para","og_url":"https:\/\/experienciadevida.com.ar\/portalurbano\/suspension-de-las-paso-no-es-un-tema-prioritario-para-mi-dijo-kicillof\/","article_publisher":"https:\/\/www.facebook.com\/Portal-Urbano-171542830093757\/","article_published_time":"2021-01-24T21:47:48+00:00","article_modified_time":"2021-01-24T21:51:30+00:00","og_image":[{"width":696,"height":464,"url":"https:\/\/experienciadevida.com.ar\/portalurbano\/wp-content\/uploads\/2021\/01\/Kicillof-1-696x464-1.jpg","type":"image\/jpeg"}],"author":"admpu17wp","twitter_card":"summary_large_image","twitter_creator":"@portalurbanook","twitter_site":"@portalurbanook","twitter_misc":{"Escrito por":"admpu17wp","Tiempo de lectura":"2 minutos"},"schema":{"@context":"https:\/\/schema.org","@graph":[{"@type":"Article","@id":"https:\/\/experienciadevida.com.ar\/portalurbano\/suspension-de-las-paso-no-es-un-tema-prioritario-para-mi-dijo-kicillof\/#article","isPartOf":{"@id":"https:\/\/experienciadevida.com.ar\/portalurbano\/suspension-de-las-paso-no-es-un-tema-prioritario-para-mi-dijo-kicillof\/"},"author":{"name":"admpu17wp","@id":"https:\/\/experienciadevida.com.ar\/portalurbano\/#\/schema\/person\/02dd326b1c4b056e9cc972486934a3a7"},"headline":"Suspensi\u00f3n de las PASO: \u201cNo es un tema prioritario para m\u00ed\u201d, dijo Kicillof","datePublished":"2021-01-24T21:47:48+00:00","dateModified":"2021-01-24T21:51:30+00:00","mainEntityOfPage":{"@id":"https:\/\/experienciadevida.com.ar\/portalurbano\/suspension-de-las-paso-no-es-un-tema-prioritario-para-mi-dijo-kicillof\/"},"wordCount":481,"publisher":{"@id":"https:\/\/experienciadevida.com.ar\/portalurbano\/#organization"},"keywords":["PASO"],"articleSection":["Destacadas","Provincia"],"inLanguage":"es"},{"@type":"WebPage","@id":"https:\/\/experienciadevida.com.ar\/portalurbano\/suspension-de-las-paso-no-es-un-tema-prioritario-para-mi-dijo-kicillof\/","url":"https:\/\/experienciadevida.com.ar\/portalurbano\/suspension-de-las-paso-no-es-un-tema-prioritario-para-mi-dijo-kicillof\/","name":"Suspensi\u00f3n de las PASO: \u201cNo es un tema prioritario para m\u00ed\u201d, dijo Kicillof","isPartOf":{"@id":"https:\/\/experienciadevida.com.ar\/portalurbano\/#website"},"datePublished":"2021-01-24T21:47:48+00:00","dateModified":"2021-01-24T21:51:30+00:00","description":"Suspensi\u00f3n de las PASO . En una entrevista con el diario P\u00e1gina 12, el mandatario sostuvo tambi\u00e9n que \u201chay un acuerdo bastante amplio\u201d para","breadcrumb":{"@id":"https:\/\/experienciadevida.com.ar\/portalurbano\/suspension-de-las-paso-no-es-un-tema-prioritario-para-mi-dijo-kicillof\/#breadcrumb"},"inLanguage":"es","potentialAction":[{"@type":"ReadAction","target":["https:\/\/experienciadevida.com.ar\/portalurbano\/suspension-de-las-paso-no-es-un-tema-prioritario-para-mi-dijo-kicillof\/"]}]},{"@type":"BreadcrumbList","@id":"https:\/\/experienciadevida.com.ar\/portalurbano\/suspension-de-las-paso-no-es-un-tema-prioritario-para-mi-dijo-kicillof\/#breadcrumb","itemListElement":[{"@type":"ListItem","position":1,"name":"Portada","item":"https:\/\/experienciadevida.com.ar\/portalurbano\/"},{"@type":"ListItem","position":2,"name":"Suspensi\u00f3n de las PASO: \u201cNo es un tema prioritario para m\u00ed\u201d, dijo Kicillof"}]},{"@type":"WebSite","@id":"https:\/\/experienciadevida.com.ar\/portalurbano\/#website","url":"https:\/\/experienciadevida.com.ar\/portalurbano\/","name":"","description":"","publisher":{"@id":"https:\/\/experienciadevida.com.ar\/portalurbano\/#organization"},"potentialAction":[{"@type":"SearchAction","target":{"@type":"EntryPoint","urlTemplate":"https:\/\/experienciadevida.com.ar\/portalurbano\/?s={search_term_string}"},"query-input":"required name=search_term_string"}],"inLanguage":"es"},{"@type":"Organization","@id":"https:\/\/experienciadevida.com.ar\/portalurbano\/#organization","name":"Portal Urbano","url":"https:\/\/experienciadevida.com.ar\/portalurbano\/","logo":{"@type":"ImageObject","inLanguage":"es","@id":"https:\/\/experienciadevida.com.ar\/portalurbano\/#\/schema\/logo\/image\/","url":"https:\/\/experienciadevida.com.ar\/portalurbano\/wp-content\/uploads\/2019\/09\/Logo-Original.png","contentUrl":"https:\/\/experienciadevida.com.ar\/portalurbano\/wp-content\/uploads\/2019\/09\/Logo-Original.png","width":2236,"height":1216,"caption":"Portal Urbano"},"image":{"@id":"https:\/\/experienciadevida.com.ar\/portalurbano\/#\/schema\/logo\/image\/"},"sameAs":["https:\/\/www.facebook.com\/Portal-Urbano-171542830093757\/","https:\/\/twitter.com\/portalurbanook","https:\/\/www.instagram.com\/_portalurbano\/","https:\/\/www.youtube.com\/channel\/UCXhagIfszH8KxFiOok79zbA?view_as=subscriber"]},{"@type":"Person","@id":"https:\/\/experienciadevida.com.ar\/portalurbano\/#\/schema\/person\/02dd326b1c4b056e9cc972486934a3a7","name":"admpu17wp","image":{"@type":"ImageObject","inLanguage":"es","@id":"https:\/\/experienciadevida.com.ar\/portalurbano\/#\/schema\/person\/image\/","url":"https:\/\/secure.gravatar.com\/avatar\/830d4c57adaae6630765e449a6908047?s=96&d=mm&r=g","contentUrl":"https:\/\/secure.gravatar.com\/avatar\/830d4c57adaae6630765e449a6908047?s=96&d=mm&r=g","caption":"admpu17wp"}}]}},"featured_image_urls":{"full":["https:\/\/experienciadevida.com.ar\/portalurbano\/wp-content\/uploads\/2021\/01\/Kicillof-1-696x464-1.jpg",696,464,false],"thumbnail":["https:\/\/experienciadevida.com.ar\/portalurbano\/wp-content\/uploads\/2021\/01\/Kicillof-1-696x464-1-150x150.jpg",150,150,true],"medium":["https:\/\/experienciadevida.com.ar\/portalurbano\/wp-content\/uploads\/2021\/01\/Kicillof-1-696x464-1-300x200.jpg",300,200,true],"medium_large":["https:\/\/experienciadevida.com.ar\/portalurbano\/wp-content\/uploads\/2021\/01\/Kicillof-1-696x464-1.jpg",640,427,false],"large":["https:\/\/experienciadevida.com.ar\/portalurbano\/wp-content\/uploads\/2021\/01\/Kicillof-1-696x464-1.jpg",640,427,false],"ug_big":["https:\/\/experienciadevida.com.ar\/portalurbano\/wp-content\/uploads\/2021\/01\/Kicillof-1-696x464-1.jpg",696,464,false],"1536x1536":["https:\/\/experienciadevida.com.ar\/portalurbano\/wp-content\/uploads\/2021\/01\/Kicillof-1-696x464-1.jpg",696,464,false],"2048x2048":["https:\/\/experienciadevida.com.ar\/portalurbano\/wp-content\/uploads\/2021\/01\/Kicillof-1-696x464-1.jpg",696,464,false],"newsever-slider-full":["https:\/\/experienciadevida.com.ar\/portalurbano\/wp-content\/uploads\/2021\/01\/Kicillof-1-696x464-1.jpg",696,464,false],"newsever-featured":["https:\/\/experienciadevida.com.ar\/portalurbano\/wp-content\/uploads\/2021\/01\/Kicillof-1-696x464-1.jpg",696,464,false],"newsever-medium":["https:\/\/experienciadevida.com.ar\/portalurbano\/wp-content\/uploads\/2021\/01\/Kicillof-1-696x464-1.jpg",696,464,false],"web-stories-poster-portrait":["https:\/\/experienciadevida.com.ar\/portalurbano\/wp-content\/uploads\/2021\/01\/Kicillof-1-696x464-1.jpg",640,427,false],"web-stories-publisher-logo":["https:\/\/experienciadevida.com.ar\/portalurbano\/wp-content\/uploads\/2021\/01\/Kicillof-1-696x464-1.jpg",96,64,false],"web-stories-thumbnail":["https:\/\/experienciadevida.com.ar\/portalurbano\/wp-content\/uploads\/2021\/01\/Kicillof-1-696x464-1.jpg",150,100,false]},"author_info":{"display_name":"admpu17wp","author_link":"https:\/\/experienciadevida.com.ar\/portalurbano\/author\/admpu17wp\/"},"category_info":"<a href=\"https:\/\/experienciadevida.com.ar\/portalurbano\/category\/destacadas\/\" rel=\"category tag\">Destacadas<\/a> <a href=\"https:\/\/experienciadevida.com.ar\/portalurbano\/category\/provincia\/\" rel=\"category tag\">Provincia<\/a>","tag_info":"Provincia","comment_count":"0","amp_enabled":true,"_links":{"self":[{"href":"https:\/\/experienciadevida.com.ar\/portalurbano\/wp-json\/wp\/v2\/posts\/133302"}],"collection":[{"href":"https:\/\/experienciadevida.com.ar\/portalurbano\/wp-json\/wp\/v2\/posts"}],"about":[{"href":"https:\/\/experienciadevida.com.ar\/portalurbano\/wp-json\/wp\/v2\/types\/post"}],"author":[{"embeddable":true,"href":"https:\/\/experienciadevida.com.ar\/portalurbano\/wp-json\/wp\/v2\/users\/1"}],"replies":[{"embeddable":true,"href":"https:\/\/experienciadevida.com.ar\/portalurbano\/wp-json\/wp\/v2\/comments?post=133302"}],"version-history":[{"count":3,"href":"https:\/\/experienciadevida.com.ar\/portalurbano\/wp-json\/wp\/v2\/posts\/133302\/revisions"}],"predecessor-version":[{"id":133306,"href":"https:\/\/experienciadevida.com.ar\/portalurbano\/wp-json\/wp\/v2\/posts\/133302\/revisions\/133306"}],"wp:featuredmedia":[{"embeddable":true,"href":"https:\/\/experienciadevida.com.ar\/portalurbano\/wp-json\/wp\/v2\/media\/133303"}],"wp:attachment":[{"href":"https:\/\/experienciadevida.com.ar\/portalurbano\/wp-json\/wp\/v2\/media?parent=133302"}],"wp:term":[{"taxonomy":"category","embeddable":true,"href":"https:\/\/experienciadevida.com.ar\/portalurbano\/wp-json\/wp\/v2\/categories?post=133302"},{"taxonomy":"post_tag","embeddable":true,"href":"https:\/\/experienciadevida.com.ar\/portalurbano\/wp-json\/wp\/v2\/tags?post=133302"}],"curies":[{"name":"wp","href":"https:\/\/api.w.org\/{rel}","templated":true}]}}