{"id":133286,"date":"2021-01-24T11:48:45","date_gmt":"2021-01-24T14:48:45","guid":{"rendered":"https:\/\/experienciadevida.com.ar\/portalurbano\/?p=133286"},"modified":"2021-01-24T12:09:46","modified_gmt":"2021-01-24T15:09:46","slug":"jose-eseverri-los-municipios-del-interior-no-agregaron-una-cama-de-terapia","status":"publish","type":"post","link":"https:\/\/experienciadevida.com.ar\/portalurbano\/jose-eseverri-los-municipios-del-interior-no-agregaron-una-cama-de-terapia\/","title":{"rendered":"Jos\u00e9 Eseverri: &#8220;Los municipios del interior no agregaron una cama de terapia&#8221;"},"content":{"rendered":"<section class=\"detail-note_news-article\">\n<div class=\"detail-note_body\" data-twitter-link=\"https:\/\/twitter.com\/intent\/tweet?url=https%3A%2F%2Finfocielo.com%2Fc703186&amp;related=infocielo&amp;text=Jos%C3%A9+Eseverri%3A+%22Los+municipios+del+interior+no+agregaron+una+cama+de+terapia%22+&amp;via=infocielo\">\n<p>El periodista Local <a href=\"https:\/\/twitter.com\/s_dipino\"><strong>Sergio Di Pino<\/strong><\/a> , en dos entrevistas para el portal Platense Infocielo, dialog\u00f3 con El ex intendente de Olavarr\u00eda Jos\u00e9 Eseverri quien realiz\u00f3 un agudo an\u00e1lisis de la realidad nacional y bonaerense.<\/p>\n<p>Durante m\u00e1s de dos d\u00e9cadas,<strong>\u00a0Olavarr\u00eda<\/strong>\u00a0fue sin\u00f3nimo de los Eseverri en materia pol\u00edtica. Tras 16 a\u00f1os de mandato consecutivos de su padre Helios- que tuvo un antecedente en la intendencia con el advenimiento de la democracia-,<strong>\u00a0Jos\u00e9 Eseverri<\/strong>\u00a0continu\u00f3 el legado y fue alcalde durante otros dos periodos de\u00a0<strong>gobierno<\/strong>.<\/p>\n<\/div>\n<\/section>\n<div class=\"banner-centered mx-auto text-center\" role=\"banner\">\n<div id=\"horizontal_body\" class=\"ad-slot\" data-adtype=\"horizontal_body\"><\/div>\n<div id=\"div-notas-cuerpo-nota-320-max\" data-google-query-id=\"CNmkwsvltO4CFV4wuQYdbO8EKQ\">\n<div id=\"google_ads_iframe_\/21877607779\/notas-cuerpo-nota-320-max_0__container__\">Desde los puntos fuertes de su gesti\u00f3n, que dej\u00f3 su impronta en la historia reciente de la localidad, <strong>se convirti\u00f3 en un dirigente de peso a nivel provincial<\/strong>. Pero asumi\u00f3 muchos riesgos en sus acuerdos electorales que le costaron caro. En 2015 perdi\u00f3 las elecciones a manos de Ezequiel Galli y tras su \u00faltimo intento por volver al poder, como candidato de Roberto Lavagna en 2019, se alej\u00f3 de la pol\u00edtica para\u00a0<strong>dedicarse de lleno a su actividad profesional y de empresario.<\/strong><\/div>\n<\/div>\n<\/div>\n<section class=\"it-may-interest-you_section\">\n<header class=\"news-article_section-title-wrapper \"><\/header>\n<article class=\"news-article landscape-news row no-gutters align-items-center\" role=\"article\">\n<div><\/div>\n<div class=\"news-article_info-wrapper col-12 col-md d-flex flex-column \">Con una mirada puesta en los desaf\u00edos estrat\u00e9gicos del pa\u00eds analiz\u00f3, con agudeza, la realidad nacional y bonaerense, en una charla imperdible con <strong>Infocielo\u00a0<\/strong>que se dividir\u00e1 en dos partes.<\/div>\n<\/article>\n<\/section>\n<section class=\"detail-note_news-article\">\n<div class=\"detail-note_body\" data-twitter-link=\"https:\/\/twitter.com\/intent\/tweet?url=https%3A%2F%2Finfocielo.com%2Fc703186&amp;related=infocielo&amp;text=Jos%C3%A9+Eseverri%3A+%22Los+municipios+del+interior+no+agregaron+una+cama+de+terapia%22+&amp;via=infocielo\">\n<p><strong>-\u00bfDesde qu\u00e9 lugar te relacionas hoy con la pol\u00edtica? \u00bfCambia mucho la percepci\u00f3n a medida que se produce el alejamiento de la gesti\u00f3n?<\/strong><\/p>\n<p>Yo tengo un pase a la actividad privada que me dio una perspectiva mucho m\u00e1s amplia que la que hab\u00eda tenido mientras fui senador e intendente. Estuve 14 a\u00f1os muy metido en la funci\u00f3n p\u00fablica. Las percepciones pasaron a ser una experiencia vivida en primera persona que me permite adquirir un nuevo conocimiento de la realidad. Ver el esfuerzo de los empresarios de la Argentina y el conocimiento de la vida del trabajador de una manera mucho m\u00e1s directa y realista. Y tambi\u00e9n una mirada de la ciudad, la provincia y el pa\u00eds en t\u00e9rminos de un ciudadano mucho m\u00e1s com\u00fan en esa vida diaria. Tener los problemas que tenemos todos los a\u00f1os con los chicos, en este a\u00f1o particular de la pandemia, los que ten\u00e9s como empresario o con el desarrollo de tu vida en una comunidad, desde las limitaciones que han puesto los gobiernos.<\/p>\n<p><strong>En ese marco y teniendo en cuenta que la agenda inicial del gobierno \u00bfen qu\u00e9 situaci\u00f3n se encuentra hoy la Argentina?<\/strong><\/p>\n<p>Estamos en v\u00edsperas de ofrecer un balance modesto de lo que han sido casi 40 a\u00f1os de democracia. Me parece poner este an\u00e1lisis en aquellas palabras de Alfons\u00edn que eran \u2018con la democracia se come, se cura y educa\u2019 como un par\u00e1metro base para saber lo que ha hecho la pol\u00edtica con la Argentina. Ha habido consensos importantes, aunque no son m\u00e1s que tres o cuatro. 1) sostener la democracia a raja tabla (en las crisis que tuvimos con Alfons\u00edn y De la R\u00faa) la democracia se mantuvo) 2) definir la cuesti\u00f3n de los l\u00edmites. La Argentina ten\u00eda cuestiones lim\u00edtrofes complicadas y nos queda solo resolver Malvinas. Tenemos resueltos los conflictos con Chile y no fue un tema menor. Y 3) esos consensos nos permiten tener una alternancia en el poder garantizada. Parec\u00eda imposible que al pa\u00eds lo gobernara un partido no peronista y gobern\u00f3 Alfons\u00edn, De la R\u00faa con sus limitaciones y Macri.<\/p>\n<p><span id=\"saysCMSEmphasismxzc8j7e5tr\" class=\"saysCMSEmphasis\">Ahora esta democracia llega al 19 de marzo del a\u00f1o pasado con 40% de pobreza, 10% de indigencia y un 10 o 12% de desocupaci\u00f3n estructural<\/span>. Una baja calidad educativa, que hace que vayamos retrocediendo a\u00f1o a a\u00f1o en los conocimientos que tienen que tener nuestros chicos en un mundo con otros desaf\u00edos. Hemos dejado de crecer en los \u00faltimos doce a\u00f1os y hay mucho menos para distribuir en funci\u00f3n del crecimiento poblacional. Me parece que ah\u00ed est\u00e1 el problema de la Argentina.<\/p>\n<p>Lo que vino despu\u00e9s es otra historia. Desde el 20 de marzo estamos viviendo los efectos de la pandemia que aceler\u00f3 procesos pero\u00a0<span id=\"saysCMSEmphasis3697g0l0dhd\" class=\"saysCMSEmphasis\">me parece que la foto de la Argentina del 19 de marzo es la que tenemos que tomar con much\u00edsima responsabilidad y pensar si ese es el pa\u00eds que queremos. Si no lo es, es el que construimos en 40 a\u00f1os.<\/span><\/p>\n<div id=\"88098-Libre-845601509_wrap\" class=\"embed_cont type_imagen\" contenteditable=\"false\">\n<div id=\"88098-Libre-845601509_content\" class=\"embed_content\"><img decoding=\"async\" id=\"88098-Libre-845601509_embed\" src=\"https:\/\/media.infocielo.com\/p\/2c474fca49825c306c5384d74d9359db\/adjuntos\/299\/imagenes\/001\/013\/0001013480\/eseverri3jpg.jpg?0000-00-00-00-00-00\" alt=\"Jos\u00e9 Eseverri, exintendente de Olavarr\u00eda\" \/><\/div>\n<div id=\"88098-Libre-845601509_epigrafe\" class=\"embed_epigrafe\">\n<p>Jos\u00e9 Eseverri, exintendente de Olavarr\u00eda<\/p>\n<\/div>\n<\/div>\n<p>Despu\u00e9s hay cuestiones que no han sido alternadas como la visi\u00f3n y estructura corporativa y prebendar\u00eda de nuestra econom\u00eda: concentraci\u00f3n de riqueza, una p\u00e9rdida de la pol\u00edtica respecto de organizaciones como la de los grandes empresarios, los gerentes de las organizaciones sociales que condicionan el accionar de las pol\u00edticas sociales del Estado, los condicionamientos que las fuerzas policiales ejercen sobre los gobernadores. Y todo esto fue p\u00e9rdida de poder de la pol\u00edtica porque no encontr\u00f3 ni los canales para que haya m\u00e1s riqueza y menos planes sociales (le pas\u00f3 a Cristina y a Macri que engord\u00f3 los planes sociales de manera descomunal). La polic\u00eda en la provincia de Buenos Aires no ha tenido una soluci\u00f3n estructural en 40 a\u00f1os sino pactos de gobernabilidad. Y lo mismo ha pasado con los sindicalistas. Hay una actitud casi extorsiva del sindicalismo que tiene como condicionante al rol de las obras sociales. Y esto Cristina lo ha detectado y para m\u00ed es uno de los planteos m\u00e1s interesantes y desafiantes que tiene este gobierno.<\/p>\n<p>Y lo otro que veo y me parece la causa de los problemas de la Argentina es que\u00a0<span id=\"saysCMSEmphasisxyzrfnk4vb\" class=\"saysCMSEmphasis\">todas las crisis econ\u00f3micas se basan en el d\u00e9ficit fiscal<\/span>. La de Alfons\u00edn, la de final de convertibilidad, la de los tres \u00faltimos a\u00f1os de Cristina, la de un Macri te endeudaba y generaba inflaci\u00f3n, una cosa \u00fanica en el mundo y te lleva a un estado con un d\u00e9ficit fiscal estable de 6 o 7%.<\/p>\n<p><strong>\u00bfQu\u00e9 evaluaci\u00f3n hac\u00e9s de la gesti\u00f3n de la pandemia que hizo el gobierno? \u00bfY qu\u00e9 perspectiva ves para dos temas centrales de la agenda actual: la vacunaci\u00f3n y la recuperaci\u00f3n de la econom\u00eda?<\/strong><\/p>\n<p>Hablo como un tipo del interior.\u00a0<span id=\"saysCMSEmphasis1f85j0yy08ah\">Hubo una mirada muy porte\u00f1a y del conurbano en el inicio de la administraci\u00f3n de la pandemia<\/span>. Ac\u00e1 en el interior estuvimos tres meses cerrados con cero casos. No ten\u00eda ning\u00fan sentido econ\u00f3mico ni sanitario habernos hecho el da\u00f1o econ\u00f3mico que nos hicieron los gobiernos. Ning\u00fan intendente de ning\u00fan partido pol\u00edtico defendi\u00f3 a sus ciudades. Nunca pusieron la cara para reactivar la econom\u00eda de nuestras ciudades a pesar de estar con cero casos. Y despu\u00e9s se hizo lo que el manual mundial empezaba a indicar con mayor o menor \u00e9xito. Hubo una enorme inversi\u00f3n para revertir el d\u00e9ficit sanitario que hab\u00eda en el Gran Buenos Aires que ven\u00eda de cinco a\u00f1os en la que no solo no se creci\u00f3 sino que baj\u00f3 la cantidad de camas de terapia intensiva. El gobierno nacional a trav\u00e9s del ministerio de Katopodis y de Salud gener\u00f3 una cantidad enorme de camas disponibles impensada de hacer en la Argentina. Es uno de los grandes \u00e9xitos de este gobierno. Eso, la IFE y la ATP son claves porque cuid\u00f3 la econom\u00eda.\u00a0<span id=\"saysCMSEmphasisebgdo5jsfdf\">La Argentina no hubiera tenido 2001 si hab\u00eda IFE y ATP<\/span>. Son herramientas que al menos permitieron sostener los niveles de consumo en la econom\u00eda y con esos niveles de emisi\u00f3n incluso tuviste menos inflaci\u00f3n. Ven\u00edamos del 56% de Macri y bajamos al 36% este a\u00f1o a pesar de la enormidad de plata que se imprimi\u00f3. Y no era que se jugaba al estanciero sino que los niveles de consumo eran equivalentes a la emisi\u00f3n monetaria.<\/p>\n<p><span id=\"saysCMSEmphasis36gza3j2c2c\">Los municipios del interior no agregaron una cama de terapia a sus hospitales<\/span>. Lo que no fue gesti\u00f3n nacional hacia el conurbano, no lo vi en el interior de la provincia. No hubo un municipio que se interesara por la salud en t\u00e9rminos reales. Porque el problema que vas a tener en la segunda ola es el mismo y va a tener consecuencias econ\u00f3micas. Van a tener que volver a cerrar los pueblos si el cronograma de vacunaci\u00f3n no logra llevar la inmunidad y es imposible en tres meses. Se va a estar en marzo o abril ante la decisi\u00f3n de un cierre de las econom\u00edas porque no hubo inversi\u00f3n en salud p\u00fablica de parte de los municipios y esto es un llamado de atenci\u00f3n a todos los intendentes sin intenci\u00f3n de partidos pol\u00edticos. No tengo la informaci\u00f3n que haya habido una cama m\u00e1s en un municipio del interior.<\/p>\n<div id=\"88097-Libre-2112914000_wrap\" class=\"embed_cont type_imagen\" contenteditable=\"false\">\n<div id=\"88097-Libre-2112914000_content\" class=\"embed_content\"><img decoding=\"async\" id=\"88097-Libre-2112914000_embed\" src=\"https:\/\/media.infocielo.com\/p\/3f840134e74026daef2969621d9f1996\/adjuntos\/299\/imagenes\/001\/013\/0001013464\/eseverri6jpg.jpg?0000-00-00-00-00-00\" alt=\"\" \/><\/div>\n<\/div>\n<p><strong>\u00bfEsto lo vincul\u00e1s \u00fanicamente con la inacci\u00f3n de los municipios o tiene que ver con el rol de la Provincia?<\/strong><\/p>\n<p>La salud p\u00fablica en buena medida en el interior est\u00e1 en manos de los intendentes porque tienen un coeficiente distinto de coparticipaci\u00f3n por la salud p\u00fablica. La acci\u00f3n de la Provincia ha estado volcada claramente a donde tiene responsabilidades sanitarias que son en los hospitales provinciales. Los que ten\u00edan que tomar decisiones eran los intendentes del interior. Cuando hay mayor circulaci\u00f3n hay accidentes de tr\u00e1nsito y casos COVID y est\u00e1s al borde inmediato de la saturaci\u00f3n de los sistemas sanitarios. Por eso el gobernador y Gollan dicen que est\u00e1 garantizada la atenci\u00f3n m\u00e9dica pero es gracias al sistema de red hospitalaria con lo cual van a tener que generar sistema de traslado de pacientes.<\/p>\n<p><strong>\u00bfQu\u00e9 rol va a tener la obra p\u00fablica en la recuperaci\u00f3n econ\u00f3mica?<\/strong><\/p>\n<p>Hubo dos o tres cosas importantes con la obra p\u00fablica. Una es que se transparent\u00f3 la mentira de la obra p\u00fablica en la \u00e9poca de Macri. En materia de rutas, anuncios, las PPP. Vimos tres veces la inauguraci\u00f3n de la Ruta 3 y fue una enorme mentira del gobierno de Macri. Nadie sab\u00eda cuanto iba a terminar costando el kil\u00f3metro cuadrado de ruta. Iba a ser un enorme negocio financiero para las empresas y los bancos y p\u00e9rdida para el estado nacional. Lo mismo pas\u00f3 en la provincia. Axel est\u00e1 empezando a retomar las obras que Vidal dej\u00f3 en el 2017 porque entre 2028 y 2019 no hubo obra p\u00fablica. Lo tenemos en el mamotreto este, el elefante blanco del Palacio Judicial en Olavarr\u00eda o con la Ruta 51 que ahora Axel termina de licitar. Y en materia de obra p\u00fablica se pudo, con las restricciones que impon\u00edan los protocolos, retomar buena parte de los trabajos y generar el sentido federal de la obra, algo que se hab\u00eda perdido y es producto del di\u00e1logo directo del ministerio de Obra P\u00fablica con los intendentes. La actividad genera un clima de negocios en ciudades como las nuestras con movimiento de las f\u00e1bricas, los camiones, m\u00e1s trabajo.<\/p>\n<p><strong>Ese mayor di\u00e1logo \u00bftiene que ver con la experiencia que tuvo Gabriel Katopodis como intendente?<\/strong><\/p>\n<p>El gobierno nacional tiene un presidente que se puso al hombro una pandemia. Hay que entender que lleg\u00f3 para hacer otras cosas en la Argentina y se encontr\u00f3 con esto y tuvo que empezar a encontrar soluciones para cuidar a la gente, mantener la actividad econ\u00f3mica. Lo de Alberto debe ser tremendamente desgastante. El gobierno tiene muy buenos ministros como Guzm\u00e1n, como Gabriel Katopodis que es un tipo que por su experiencia de intendente est\u00e1 todos los d\u00edas buscando eficiencia en su gesti\u00f3n. Y un ministro que para m\u00ed es de lo mejor, en un \u00e1rea poco visible, como es el Chivo Rossi. Es uno de los dirigentes m\u00e1s interesantes que tiene este gobierno por su mirada y ser consecuente con su mirada y con capacidad de di\u00e1logo. Tiene a todos los ministros de Defensa de la democracia trabajando con \u00e9l y eso genera una visi\u00f3n estrat\u00e9gica de la defensa multipartidaria. Son esquemas a los que hay que ir. Se abandon\u00f3 el esquema del pacto econ\u00f3mico y social y es importante retomarlo.<\/p>\n<p><strong>\u00bfC\u00f3mo fue para vos el comportamiento de la oposici\u00f3n en la pandemia? \u00bfHubo responsabilidad?<\/strong><\/p>\n<p>Tuvieron etapas. El Cambiemos que gobierna tuvo una etapa de di\u00e1logo que le hizo muy bien al pa\u00eds con en ese di\u00e1logo entre Alberto, Axel y Rodr\u00edguez Larreta. Daba tranquilidad a la poblaci\u00f3n que la pol\u00edtica estuviera junta, resolviendo un tema tan grave y luego aparecieron los vivos que no tienen verg\u00fcenza de hablar.\u00a0<span id=\"saysCMSEmphasisiglz52aihnq\">Que Rubinstein, un tipo al que se le vencieron las vacunas nos d\u00e9 clases de c\u00f3mo vacunar en la Argentina parece un chiste.<\/span>\u00a0Y qu\u00e9 est\u00e9 todos los d\u00edas en los canales de televisi\u00f3n habla muy mal de los medios de comunicaci\u00f3n. Son tipos jodidos que han intentado desprestigiar el rol de la vacuna. Esta necesidad de confrontar para tener un espacio en la pol\u00edtica nos destruye como sociedad. La grieta nos destruy\u00f3 en t\u00e9rminos econ\u00f3micos. Hay que parar la pelota alguna vez y preguntarnos a quien nos sirve. La \u00fanica esperanza de los argentinos no puede ser que tengamos una cosecha de soja. El peronismo por suerte tiene la mirada que a m\u00ed me queda m\u00e1s c\u00f3moda porque no se olvidan de los que menos tienen, se quieren construir oportunidades. Pero el peronismo tiene el enorme desaf\u00edo de generar dirigentes con una mirada para el siglo XXI. Y si los partidos pol\u00edticos no generan cuadros que sepan administrar el estado nos van a manejar imb\u00e9ciles, tipos que no entienden nada de c\u00f3mo administrar y que nos llevan a que pasen cosas rid\u00edculas.<\/p>\n<p><span id=\"saysCMSEmphasises554n62etk\" class=\"saysCMSEmphasis\">Por primera vez en doce a\u00f1os un gobernador est\u00e1 cuidando las cuentas fiscales<\/span>. Si algo est\u00e1 haciendo Axel es cuidar las cuentas fiscales y es un enorme salto cualitativo. Es un piso m\u00ednimo de calidad en la gesti\u00f3n muy importante. Ahora despu\u00e9s es un gobernador que tiene que fijarse tres o cuatro objetivos, no 200. \u00bfQu\u00e9 polic\u00eda quiero al final de mi mandato? Por ejemplo. El gobernador va a poder mostrar resultados si se fija objetivos. Est\u00e1 rodeado de gente inteligente y \u00e9l lo es.<\/p>\n<div id=\"88096-Libre-1191195761_wrap\" class=\"embed_cont type_imagen\" contenteditable=\"false\">\n<div id=\"88096-Libre-1191195761_content\" class=\"embed_content\"><img decoding=\"async\" id=\"88096-Libre-1191195761_embed\" src=\"https:\/\/media.infocielo.com\/p\/577e7da8202aa0dea6ca418b81c6d3b1\/adjuntos\/299\/imagenes\/001\/013\/0001013448\/eseverri4jpg.jpg?0000-00-00-00-00-00\" alt=\"Jos\u00e9 Eseverri: \" \/><\/div>\n<div id=\"88096-Libre-1191195761_epigrafe\" class=\"embed_epigrafe\">\n<p>Jos\u00e9 Eseverri: &#8220;Por primera vez en 12 a\u00f1os un gobernador est\u00e1 cuidando las cuentas fiscales&#8221;<\/p>\n<\/div>\n<\/div>\n<p><strong>\u00bfExtra\u00f1as la gesti\u00f3n?<\/strong><\/p>\n<p>No. He decidido no perder el h\u00e1bito de la lectura que es algo que no abunda mucho en la pol\u00edtica. Trato de hacerlo. Es un lindo momento para leer y transmitirle a los que est\u00e1n cerca de la militancia otras ideas. Hoy en el mundo las ciudades empiezan a discutir el nuevo urbanismo. Es un enorme desaf\u00edo porque se est\u00e1 pensando en las ciudades de los quince minutos, en las s\u00faper manzanas, en otros dise\u00f1os del transporte. Uno de los mayores problemas de la vinculaci\u00f3n del conurbano con la ciudad de Buenos Aires ha sido el transporte. Eso se solucion\u00f3 con el intento de llevar a todo el mundo con el transporte p\u00fablico con enormes recursos p\u00fablicos puestos en subsidios para que el transporte sea accesible a los trabajadores. Ese transporte p\u00fablico no existe m\u00e1s por razones de salud, distancia, teletrabajo. El nuevo urbanismo territorial empieza a ver estas cosas. Cuando nosotros en chiquito empezamos con los Servicios Territoriales, con la idea de establecer peque\u00f1as delegaciones municipales en cada barrio, lo que el garantiz\u00e1bamos a la gente era poder ir caminado a cada delegaci\u00f3n de la municipalidad. A llevar a sus pibes al Jard\u00edn maternal, a atenderse en la salud y en otra etapa que anunciamos a hacer tr\u00e1mites administrativos. Porque el mundo va a necesitar menos transporte. Necesariamente hay que anular distancias. Y lo haces descentralizando el Estado. El absurdo de hacer venir a todo el mundo a hacer tr\u00e1mites a la municipalidad es una estupidez. Ahora todo eso tiene que tener una mirada estrat\u00e9gica y un fortalecimiento.<\/p>\n<p>Fuente: <a href=\"https:\/\/infocielo.com\/\">Infocielo<\/a> \/ <a href=\"https:\/\/twitter.com\/s_dipino\">Sergio Di Pino<\/a><\/p>\n<\/div>\n<\/section>\n","protected":false},"excerpt":{"rendered":"<p>El periodista Local Sergio Di Pino , en dos entrevistas para el portal Platense Infocielo,&#8230;<\/p>\n","protected":false},"author":1,"featured_media":133288,"comment_status":"closed","ping_status":"closed","sticky":false,"template":"","format":"standard","meta":{"content-type":""},"categories":[64,43],"tags":[],"nelio_content":{"isAutoShareEnabled":false,"autoShareEndMode":"default","automationSources":{"useContentSentences":true,"useSocialTemplates":true,"useCustomSentences":false,"customSentences":[]},"followers":[1],"suggestedReferences":[],"includedReferences":["https:\/\/infocielo.com\/"],"efiUrl":"","efiAlt":"","highlights":[]},"yoast_head":"<!-- This site is optimized with the Yoast SEO plugin v20.7 - https:\/\/yoast.com\/wordpress\/plugins\/seo\/ -->\n<title>Jos\u00e9 Eseverri: &quot;Los municipios del interior no agregaron una cama de tera<\/title>\n<meta name=\"description\" content=\"Jos\u00e9 Eseverri\" \/>\n<meta name=\"robots\" content=\"index, follow, max-snippet:-1, max-image-preview:large, max-video-preview:-1\" \/>\n<link rel=\"canonical\" href=\"https:\/\/experienciadevida.com.ar\/portalurbano\/jose-eseverri-los-municipios-del-interior-no-agregaron-una-cama-de-terapia\/\" \/>\n<meta property=\"og:locale\" content=\"es_ES\" \/>\n<meta property=\"og:type\" content=\"article\" \/>\n<meta property=\"og:title\" content=\"Jos\u00e9 Eseverri: &quot;Los municipios del interior no agregaron una cama de tera\" \/>\n<meta property=\"og:description\" content=\"Jos\u00e9 Eseverri\" \/>\n<meta property=\"og:url\" content=\"https:\/\/experienciadevida.com.ar\/portalurbano\/jose-eseverri-los-municipios-del-interior-no-agregaron-una-cama-de-terapia\/\" \/>\n<meta property=\"article:publisher\" content=\"https:\/\/www.facebook.com\/Portal-Urbano-171542830093757\/\" \/>\n<meta property=\"article:published_time\" content=\"2021-01-24T14:48:45+00:00\" \/>\n<meta property=\"article:modified_time\" content=\"2021-01-24T15:09:46+00:00\" \/>\n<meta property=\"og:image\" content=\"https:\/\/experienciadevida.com.ar\/portalurbano\/wp-content\/uploads\/2021\/01\/eseverri6jpg-e1611499619264.jpg\" \/>\n\t<meta property=\"og:image:width\" content=\"800\" \/>\n\t<meta property=\"og:image:height\" content=\"529\" \/>\n\t<meta property=\"og:image:type\" content=\"image\/jpeg\" \/>\n<meta name=\"author\" content=\"admpu17wp\" \/>\n<meta name=\"twitter:card\" content=\"summary_large_image\" \/>\n<meta name=\"twitter:creator\" content=\"@portalurbanook\" \/>\n<meta name=\"twitter:site\" content=\"@portalurbanook\" \/>\n<meta name=\"twitter:label1\" content=\"Escrito por\" \/>\n\t<meta name=\"twitter:data1\" content=\"admpu17wp\" \/>\n\t<meta name=\"twitter:label2\" content=\"Tiempo de lectura\" \/>\n\t<meta name=\"twitter:data2\" content=\"12 minutos\" \/>\n<script type=\"application\/ld+json\" class=\"yoast-schema-graph\">{\"@context\":\"https:\/\/schema.org\",\"@graph\":[{\"@type\":\"Article\",\"@id\":\"https:\/\/experienciadevida.com.ar\/portalurbano\/jose-eseverri-los-municipios-del-interior-no-agregaron-una-cama-de-terapia\/#article\",\"isPartOf\":{\"@id\":\"https:\/\/experienciadevida.com.ar\/portalurbano\/jose-eseverri-los-municipios-del-interior-no-agregaron-una-cama-de-terapia\/\"},\"author\":{\"name\":\"admpu17wp\",\"@id\":\"https:\/\/experienciadevida.com.ar\/portalurbano\/#\/schema\/person\/02dd326b1c4b056e9cc972486934a3a7\"},\"headline\":\"Jos\u00e9 Eseverri: &#8220;Los municipios del interior no agregaron una cama de terapia&#8221;\",\"datePublished\":\"2021-01-24T14:48:45+00:00\",\"dateModified\":\"2021-01-24T15:09:46+00:00\",\"mainEntityOfPage\":{\"@id\":\"https:\/\/experienciadevida.com.ar\/portalurbano\/jose-eseverri-los-municipios-del-interior-no-agregaron-una-cama-de-terapia\/\"},\"wordCount\":2731,\"publisher\":{\"@id\":\"https:\/\/experienciadevida.com.ar\/portalurbano\/#organization\"},\"articleSection\":[\"Destacadas 2\",\"Pol\u00edtica\"],\"inLanguage\":\"es\"},{\"@type\":\"WebPage\",\"@id\":\"https:\/\/experienciadevida.com.ar\/portalurbano\/jose-eseverri-los-municipios-del-interior-no-agregaron-una-cama-de-terapia\/\",\"url\":\"https:\/\/experienciadevida.com.ar\/portalurbano\/jose-eseverri-los-municipios-del-interior-no-agregaron-una-cama-de-terapia\/\",\"name\":\"Jos\u00e9 Eseverri: \\\"Los municipios del interior no agregaron una cama de tera\",\"isPartOf\":{\"@id\":\"https:\/\/experienciadevida.com.ar\/portalurbano\/#website\"},\"datePublished\":\"2021-01-24T14:48:45+00:00\",\"dateModified\":\"2021-01-24T15:09:46+00:00\",\"description\":\"Jos\u00e9 Eseverri\",\"breadcrumb\":{\"@id\":\"https:\/\/experienciadevida.com.ar\/portalurbano\/jose-eseverri-los-municipios-del-interior-no-agregaron-una-cama-de-terapia\/#breadcrumb\"},\"inLanguage\":\"es\",\"potentialAction\":[{\"@type\":\"ReadAction\",\"target\":[\"https:\/\/experienciadevida.com.ar\/portalurbano\/jose-eseverri-los-municipios-del-interior-no-agregaron-una-cama-de-terapia\/\"]}]},{\"@type\":\"BreadcrumbList\",\"@id\":\"https:\/\/experienciadevida.com.ar\/portalurbano\/jose-eseverri-los-municipios-del-interior-no-agregaron-una-cama-de-terapia\/#breadcrumb\",\"itemListElement\":[{\"@type\":\"ListItem\",\"position\":1,\"name\":\"Portada\",\"item\":\"https:\/\/experienciadevida.com.ar\/portalurbano\/\"},{\"@type\":\"ListItem\",\"position\":2,\"name\":\"Jos\u00e9 Eseverri: \u00abLos municipios del interior no agregaron una cama de terapia\u00bb\"}]},{\"@type\":\"WebSite\",\"@id\":\"https:\/\/experienciadevida.com.ar\/portalurbano\/#website\",\"url\":\"https:\/\/experienciadevida.com.ar\/portalurbano\/\",\"name\":\"\",\"description\":\"\",\"publisher\":{\"@id\":\"https:\/\/experienciadevida.com.ar\/portalurbano\/#organization\"},\"potentialAction\":[{\"@type\":\"SearchAction\",\"target\":{\"@type\":\"EntryPoint\",\"urlTemplate\":\"https:\/\/experienciadevida.com.ar\/portalurbano\/?s={search_term_string}\"},\"query-input\":\"required name=search_term_string\"}],\"inLanguage\":\"es\"},{\"@type\":\"Organization\",\"@id\":\"https:\/\/experienciadevida.com.ar\/portalurbano\/#organization\",\"name\":\"Portal Urbano\",\"url\":\"https:\/\/experienciadevida.com.ar\/portalurbano\/\",\"logo\":{\"@type\":\"ImageObject\",\"inLanguage\":\"es\",\"@id\":\"https:\/\/experienciadevida.com.ar\/portalurbano\/#\/schema\/logo\/image\/\",\"url\":\"https:\/\/experienciadevida.com.ar\/portalurbano\/wp-content\/uploads\/2019\/09\/Logo-Original.png\",\"contentUrl\":\"https:\/\/experienciadevida.com.ar\/portalurbano\/wp-content\/uploads\/2019\/09\/Logo-Original.png\",\"width\":2236,\"height\":1216,\"caption\":\"Portal Urbano\"},\"image\":{\"@id\":\"https:\/\/experienciadevida.com.ar\/portalurbano\/#\/schema\/logo\/image\/\"},\"sameAs\":[\"https:\/\/www.facebook.com\/Portal-Urbano-171542830093757\/\",\"https:\/\/twitter.com\/portalurbanook\",\"https:\/\/www.instagram.com\/_portalurbano\/\",\"https:\/\/www.youtube.com\/channel\/UCXhagIfszH8KxFiOok79zbA?view_as=subscriber\"]},{\"@type\":\"Person\",\"@id\":\"https:\/\/experienciadevida.com.ar\/portalurbano\/#\/schema\/person\/02dd326b1c4b056e9cc972486934a3a7\",\"name\":\"admpu17wp\",\"image\":{\"@type\":\"ImageObject\",\"inLanguage\":\"es\",\"@id\":\"https:\/\/experienciadevida.com.ar\/portalurbano\/#\/schema\/person\/image\/\",\"url\":\"https:\/\/secure.gravatar.com\/avatar\/830d4c57adaae6630765e449a6908047?s=96&d=mm&r=g\",\"contentUrl\":\"https:\/\/secure.gravatar.com\/avatar\/830d4c57adaae6630765e449a6908047?s=96&d=mm&r=g\",\"caption\":\"admpu17wp\"}}]}<\/script>\n<!-- \/ Yoast SEO plugin. -->","yoast_head_json":{"title":"Jos\u00e9 Eseverri: \"Los municipios del interior no agregaron una cama de tera","description":"Jos\u00e9 Eseverri","robots":{"index":"index","follow":"follow","max-snippet":"max-snippet:-1","max-image-preview":"max-image-preview:large","max-video-preview":"max-video-preview:-1"},"canonical":"https:\/\/experienciadevida.com.ar\/portalurbano\/jose-eseverri-los-municipios-del-interior-no-agregaron-una-cama-de-terapia\/","og_locale":"es_ES","og_type":"article","og_title":"Jos\u00e9 Eseverri: \"Los municipios del interior no agregaron una cama de tera","og_description":"Jos\u00e9 Eseverri","og_url":"https:\/\/experienciadevida.com.ar\/portalurbano\/jose-eseverri-los-municipios-del-interior-no-agregaron-una-cama-de-terapia\/","article_publisher":"https:\/\/www.facebook.com\/Portal-Urbano-171542830093757\/","article_published_time":"2021-01-24T14:48:45+00:00","article_modified_time":"2021-01-24T15:09:46+00:00","og_image":[{"width":800,"height":529,"url":"https:\/\/experienciadevida.com.ar\/portalurbano\/wp-content\/uploads\/2021\/01\/eseverri6jpg-e1611499619264.jpg","type":"image\/jpeg"}],"author":"admpu17wp","twitter_card":"summary_large_image","twitter_creator":"@portalurbanook","twitter_site":"@portalurbanook","twitter_misc":{"Escrito por":"admpu17wp","Tiempo de lectura":"12 minutos"},"schema":{"@context":"https:\/\/schema.org","@graph":[{"@type":"Article","@id":"https:\/\/experienciadevida.com.ar\/portalurbano\/jose-eseverri-los-municipios-del-interior-no-agregaron-una-cama-de-terapia\/#article","isPartOf":{"@id":"https:\/\/experienciadevida.com.ar\/portalurbano\/jose-eseverri-los-municipios-del-interior-no-agregaron-una-cama-de-terapia\/"},"author":{"name":"admpu17wp","@id":"https:\/\/experienciadevida.com.ar\/portalurbano\/#\/schema\/person\/02dd326b1c4b056e9cc972486934a3a7"},"headline":"Jos\u00e9 Eseverri: &#8220;Los municipios del interior no agregaron una cama de terapia&#8221;","datePublished":"2021-01-24T14:48:45+00:00","dateModified":"2021-01-24T15:09:46+00:00","mainEntityOfPage":{"@id":"https:\/\/experienciadevida.com.ar\/portalurbano\/jose-eseverri-los-municipios-del-interior-no-agregaron-una-cama-de-terapia\/"},"wordCount":2731,"publisher":{"@id":"https:\/\/experienciadevida.com.ar\/portalurbano\/#organization"},"articleSection":["Destacadas 2","Pol\u00edtica"],"inLanguage":"es"},{"@type":"WebPage","@id":"https:\/\/experienciadevida.com.ar\/portalurbano\/jose-eseverri-los-municipios-del-interior-no-agregaron-una-cama-de-terapia\/","url":"https:\/\/experienciadevida.com.ar\/portalurbano\/jose-eseverri-los-municipios-del-interior-no-agregaron-una-cama-de-terapia\/","name":"Jos\u00e9 Eseverri: \"Los municipios del interior no agregaron una cama de tera","isPartOf":{"@id":"https:\/\/experienciadevida.com.ar\/portalurbano\/#website"},"datePublished":"2021-01-24T14:48:45+00:00","dateModified":"2021-01-24T15:09:46+00:00","description":"Jos\u00e9 Eseverri","breadcrumb":{"@id":"https:\/\/experienciadevida.com.ar\/portalurbano\/jose-eseverri-los-municipios-del-interior-no-agregaron-una-cama-de-terapia\/#breadcrumb"},"inLanguage":"es","potentialAction":[{"@type":"ReadAction","target":["https:\/\/experienciadevida.com.ar\/portalurbano\/jose-eseverri-los-municipios-del-interior-no-agregaron-una-cama-de-terapia\/"]}]},{"@type":"BreadcrumbList","@id":"https:\/\/experienciadevida.com.ar\/portalurbano\/jose-eseverri-los-municipios-del-interior-no-agregaron-una-cama-de-terapia\/#breadcrumb","itemListElement":[{"@type":"ListItem","position":1,"name":"Portada","item":"https:\/\/experienciadevida.com.ar\/portalurbano\/"},{"@type":"ListItem","position":2,"name":"Jos\u00e9 Eseverri: \u00abLos municipios del interior no agregaron una cama de terapia\u00bb"}]},{"@type":"WebSite","@id":"https:\/\/experienciadevida.com.ar\/portalurbano\/#website","url":"https:\/\/experienciadevida.com.ar\/portalurbano\/","name":"","description":"","publisher":{"@id":"https:\/\/experienciadevida.com.ar\/portalurbano\/#organization"},"potentialAction":[{"@type":"SearchAction","target":{"@type":"EntryPoint","urlTemplate":"https:\/\/experienciadevida.com.ar\/portalurbano\/?s={search_term_string}"},"query-input":"required name=search_term_string"}],"inLanguage":"es"},{"@type":"Organization","@id":"https:\/\/experienciadevida.com.ar\/portalurbano\/#organization","name":"Portal Urbano","url":"https:\/\/experienciadevida.com.ar\/portalurbano\/","logo":{"@type":"ImageObject","inLanguage":"es","@id":"https:\/\/experienciadevida.com.ar\/portalurbano\/#\/schema\/logo\/image\/","url":"https:\/\/experienciadevida.com.ar\/portalurbano\/wp-content\/uploads\/2019\/09\/Logo-Original.png","contentUrl":"https:\/\/experienciadevida.com.ar\/portalurbano\/wp-content\/uploads\/2019\/09\/Logo-Original.png","width":2236,"height":1216,"caption":"Portal Urbano"},"image":{"@id":"https:\/\/experienciadevida.com.ar\/portalurbano\/#\/schema\/logo\/image\/"},"sameAs":["https:\/\/www.facebook.com\/Portal-Urbano-171542830093757\/","https:\/\/twitter.com\/portalurbanook","https:\/\/www.instagram.com\/_portalurbano\/","https:\/\/www.youtube.com\/channel\/UCXhagIfszH8KxFiOok79zbA?view_as=subscriber"]},{"@type":"Person","@id":"https:\/\/experienciadevida.com.ar\/portalurbano\/#\/schema\/person\/02dd326b1c4b056e9cc972486934a3a7","name":"admpu17wp","image":{"@type":"ImageObject","inLanguage":"es","@id":"https:\/\/experienciadevida.com.ar\/portalurbano\/#\/schema\/person\/image\/","url":"https:\/\/secure.gravatar.com\/avatar\/830d4c57adaae6630765e449a6908047?s=96&d=mm&r=g","contentUrl":"https:\/\/secure.gravatar.com\/avatar\/830d4c57adaae6630765e449a6908047?s=96&d=mm&r=g","caption":"admpu17wp"}}]}},"featured_image_urls":{"full":["https:\/\/experienciadevida.com.ar\/portalurbano\/wp-content\/uploads\/2021\/01\/eseverri6jpg-e1611499619264.jpg",800,529,false],"thumbnail":["https:\/\/experienciadevida.com.ar\/portalurbano\/wp-content\/uploads\/2021\/01\/eseverri6jpg-150x150.jpg",150,150,true],"medium":["https:\/\/experienciadevida.com.ar\/portalurbano\/wp-content\/uploads\/2021\/01\/eseverri6jpg-300x199.jpg",300,199,true],"medium_large":["https:\/\/experienciadevida.com.ar\/portalurbano\/wp-content\/uploads\/2021\/01\/eseverri6jpg-768x508.jpg",640,423,true],"large":["https:\/\/experienciadevida.com.ar\/portalurbano\/wp-content\/uploads\/2021\/01\/eseverri6jpg-e1611499619264.jpg",640,423,false],"ug_big":["https:\/\/experienciadevida.com.ar\/portalurbano\/wp-content\/uploads\/2021\/01\/eseverri6jpg-768x508.jpg",768,508,true],"1536x1536":["https:\/\/experienciadevida.com.ar\/portalurbano\/wp-content\/uploads\/2021\/01\/eseverri6jpg-e1611499619264.jpg",800,529,false],"2048x2048":["https:\/\/experienciadevida.com.ar\/portalurbano\/wp-content\/uploads\/2021\/01\/eseverri6jpg-e1611499619264.jpg",800,529,false],"newsever-slider-full":["https:\/\/experienciadevida.com.ar\/portalurbano\/wp-content\/uploads\/2021\/01\/eseverri6jpg-e1611499619264.jpg",800,529,false],"newsever-featured":["https:\/\/experienciadevida.com.ar\/portalurbano\/wp-content\/uploads\/2021\/01\/eseverri6jpg-e1611499619264.jpg",800,529,false],"newsever-medium":["https:\/\/experienciadevida.com.ar\/portalurbano\/wp-content\/uploads\/2021\/01\/eseverri6jpg-e1611499619264.jpg",718,475,false],"web-stories-poster-portrait":["https:\/\/experienciadevida.com.ar\/portalurbano\/wp-content\/uploads\/2021\/01\/eseverri6jpg-e1611499619264.jpg",640,423,false],"web-stories-publisher-logo":["https:\/\/experienciadevida.com.ar\/portalurbano\/wp-content\/uploads\/2021\/01\/eseverri6jpg-e1611499619264.jpg",96,63,false],"web-stories-thumbnail":["https:\/\/experienciadevida.com.ar\/portalurbano\/wp-content\/uploads\/2021\/01\/eseverri6jpg-e1611499619264.jpg",150,99,false]},"author_info":{"display_name":"admpu17wp","author_link":"https:\/\/experienciadevida.com.ar\/portalurbano\/author\/admpu17wp\/"},"category_info":"<a href=\"https:\/\/experienciadevida.com.ar\/portalurbano\/category\/destacadas-2\/\" rel=\"category tag\">Destacadas 2<\/a> <a href=\"https:\/\/experienciadevida.com.ar\/portalurbano\/category\/politica\/\" rel=\"category tag\">Pol\u00edtica<\/a>","tag_info":"Pol\u00edtica","comment_count":"0","amp_enabled":true,"_links":{"self":[{"href":"https:\/\/experienciadevida.com.ar\/portalurbano\/wp-json\/wp\/v2\/posts\/133286"}],"collection":[{"href":"https:\/\/experienciadevida.com.ar\/portalurbano\/wp-json\/wp\/v2\/posts"}],"about":[{"href":"https:\/\/experienciadevida.com.ar\/portalurbano\/wp-json\/wp\/v2\/types\/post"}],"author":[{"embeddable":true,"href":"https:\/\/experienciadevida.com.ar\/portalurbano\/wp-json\/wp\/v2\/users\/1"}],"replies":[{"embeddable":true,"href":"https:\/\/experienciadevida.com.ar\/portalurbano\/wp-json\/wp\/v2\/comments?post=133286"}],"version-history":[{"count":4,"href":"https:\/\/experienciadevida.com.ar\/portalurbano\/wp-json\/wp\/v2\/posts\/133286\/revisions"}],"predecessor-version":[{"id":133290,"href":"https:\/\/experienciadevida.com.ar\/portalurbano\/wp-json\/wp\/v2\/posts\/133286\/revisions\/133290"}],"wp:featuredmedia":[{"embeddable":true,"href":"https:\/\/experienciadevida.com.ar\/portalurbano\/wp-json\/wp\/v2\/media\/133288"}],"wp:attachment":[{"href":"https:\/\/experienciadevida.com.ar\/portalurbano\/wp-json\/wp\/v2\/media?parent=133286"}],"wp:term":[{"taxonomy":"category","embeddable":true,"href":"https:\/\/experienciadevida.com.ar\/portalurbano\/wp-json\/wp\/v2\/categories?post=133286"},{"taxonomy":"post_tag","embeddable":true,"href":"https:\/\/experienciadevida.com.ar\/portalurbano\/wp-json\/wp\/v2\/tags?post=133286"}],"curies":[{"name":"wp","href":"https:\/\/api.w.org\/{rel}","templated":true}]}}