{"id":133277,"date":"2021-01-24T11:21:39","date_gmt":"2021-01-24T14:21:39","guid":{"rendered":"https:\/\/experienciadevida.com.ar\/portalurbano\/?p=133277"},"modified":"2021-01-24T11:33:56","modified_gmt":"2021-01-24T14:33:56","slug":"opinion-nuestros-bolsillos-percibieron-en-21-dias-constantes-aumentos-en-los-combustibles-de-la-empresa-estatal-ypf-y-el-tuyo","status":"publish","type":"post","link":"https:\/\/experienciadevida.com.ar\/portalurbano\/opinion-nuestros-bolsillos-percibieron-en-21-dias-constantes-aumentos-en-los-combustibles-de-la-empresa-estatal-ypf-y-el-tuyo\/","title":{"rendered":"Opini\u00f3n: Nuestros bolsillos percibieron en 21 d\u00edas constantes aumentos en los combustibles de la empresa Estatal YPF. \u00bfY el tuyo?"},"content":{"rendered":"<p>Existe una man\u00eda por vaciar constantemente los bolsillos de los vecinos sin tocar sus salarios.<\/p>\n<p>Desde agosto de 2020, el gobierno de \u201ctodos\u201d, que entre sus filas se encuentran part\u00edcipes de la expropiaci\u00f3n de la empresa YPF, que por 13 a\u00f1os estuvo en manos de la espa\u00f1ola REPSOL, gracias a la desestatizaci\u00f3n que<br \/>\ninici\u00f3 el entonces Presidente, Carlos Menem en los \u00b490, pero que hoy muy alejados o muy acertadamente, se han permitido, a\u00fan transitando un contexto de pandemia y casi paralizaci\u00f3n laboral del plano formal, ni hablar de lo<br \/>\npadecido por aquellos que obligadamente subsisten a diario dentro de la econom\u00eda informal, que pese a restricciones de aumento de ese bien, los combustibles nos aumentaron un 34 % promedio en el a\u00f1o pasado, y esto parece continuar en las pocas lunas que llevamos de este 2021.<\/p>\n<p>El primer aumento en los constantes aumentos de los combustibles de este a\u00f1o, lleg\u00f3 mientras los Reyes Magos descend\u00edan, 11 d\u00edas despu\u00e9s el segundo y tan solo en 5 posteriores, el 21 de enero, nos encontramos con los n\u00fameros modificados en sus placas, n\u00fameros que a hoy se mantienen, pero, \u00bfa qu\u00e9 referencia los quieren llevar? acaso, \u00bfa la cotizaci\u00f3n del d\u00f3lar?, \u00bfQu\u00e9 sueldo a cobrado o cobrar\u00e1 por incremento de paritaria con el mismo ritmo con el que sube el carburante generado de la compa\u00f1\u00eda Estatal y recuperada en la ef\u00edmera \u201cd\u00e9cada ganada \u201d?.\u00bfO acaso hay funcionarios que est\u00e1n adquiriendo acciones en f\u00e1bricas de bicicletas?, entonces aumentando ese bien, la gente se volcar\u00eda por las dos ruedas o cualquier otro veh\u00edculo que no use derivados f\u00f3siles, por lo tanto, comprar\u00edan m\u00e1s su producto y posiblemente, les ser\u00eda remunerativo.<\/p>\n<p>No se entiende como el tim\u00f3n de proa recuperado all\u00e1 por mayo de 2012, con el fin de ser una actividad estrat\u00e9gica, seg\u00fan as\u00ed, recuperar\u00edamos la soberan\u00eda hidrocarbur\u00edfera y terminar con la restricci\u00f3n de divisas, que hab\u00eda, por la importaci\u00f3n del recurso, lo cual resultar\u00eda m\u00e1s conveniente a la econom\u00eda nacional, tambi\u00e9n se argument\u00f3 el sobre precio de venta que ten\u00eda el petr\u00f3leo extra\u00eddo de nuestra propia tierra, el vaciamiento y la falta de inversiones y, \u00bfvaca muerta?, o se est\u00e1n haciendo grandes negocios, personales, o no sirvi\u00f3 como no las vendieron porque\u00a0 hoy en<br \/>\npleno riesgo sanitario, que potenci\u00f3 toda crisis laboral y econ\u00f3mica, arrastrada del gobierno saliente de 2019, hoy pareciera que nada ha cambiado, a prop\u00f3sito, por suerte para a ellos y a desgracia de los sectores populares, quienes siempre somos los perjudicados por las p\u00e9simas decisiones de los gobernantes, considerando que sumar 2 pesos al valor de esa energ\u00eda no nos perjudican, a ellos que por investidura ganan sueldos de 200 0 300 lucas, seguro que no y que adem\u00e1s, al andar en autos oficiales, el combustible les es gratis, mejor dicho, lo pagamos nosotros, \u00bfc\u00f3mo<br \/>\nleemos esta cuesti\u00f3n?<\/p>\n<p>Porque ma\u00f1ana los trabajadores que salen a buscar dignamente su changa, cortando pasto, pagar\u00e1n alto el costo de la nafta, y por consecuencia, se ver\u00e1n obligados de aumentar su servicio y que creen, \u00bfQu\u00e9 los benefician empuj\u00e1ndolos a cobrar m\u00e1s por su prestaci\u00f3n, que crecer\u00e1 la rentabilidad de su oficio?\u00a0 igual pasa con el remisero, el<br \/>\nfletero, el moto mandados.<\/p>\n<p>Hay dos argumentos que usan para aumentarlo, uno, es un impuesto que el propio gobierno, due\u00f1o del m\u00e1s del 50% de las acciones de la empresa cre\u00f3, y que son 2, en primer lugar a los Combustibles L\u00edquidos (ICL) y el que lo<br \/>\nsecunda corresponde al Di\u00f3xido de Carbono (IDC), por lo tanto, hoy tienen la potestad de tomar decisiones a gusto o, \u00bfa conveniencia?, porque se prev\u00e9 que, en la segunda quincena del segundo mes del a\u00f1o, los tributos internos sobre naftas y gasoil trepar\u00edan $ 1,24 y $ 1,22 por litro, respectivamente, con un impacto porcentual que rondar\u00eda el 2%, si se levantan con el pie derecho, claro.<\/p>\n<p>Hoy son ellos mismos, nuestros gobernantes, los que gobiernan para \u201ctodos\u201d, quienes nos meten la mano en el bolsillo, como dec\u00edan del que se fue, que si lo hac\u00eda, pero ustedes no son muy distintos, a ese impuesto le suman en<br \/>\nplus por la p\u00e9rdida de ventas, porque con tanta crisis, hay vecinos que no pueden pagar el combustible o lo usan menos por las restricciones, por esa acci\u00f3n que, si antes ganaban 100, y hoy ganan 80, pretenden seguir<br \/>\npercibiendo esos 100, entonces, gobierno mediante, se permiten aumentar el precio y que pese a la baja de cantidad de autos circulando, continuar adquiriendo ganancias por 100.<\/p>\n<p>En Olavarr\u00eda por flete, traslado y anda a saber que otros impuestos, m\u00e1s los locales, pagaremos, al menos por hoy, el precio de la imagen fechada hoy, porque desconocemos a cu\u00e1nto se podr\u00eda disparar pasado ma\u00f1ana.<\/p>\n<p>\u00bfCre\u00edste que eras parte del grupo de \u201ctodos\u201d? \u00bfCu\u00e1ntos constantes aumentos en los combustibles\u00a0 te aguanta el bolsillo?<\/p>\n<p><strong>Nos encuentran en redes como @bdpolavarria, tu voz cuenta y nosotros estaremos predispuestos a escucharlos, todos los d\u00edas es una posibilidad de sumarse, Pongamos los BARRIOS DE PIE.<\/strong><\/p>\n","protected":false},"excerpt":{"rendered":"<p>Existe una man\u00eda por vaciar constantemente los bolsillos de los vecinos sin tocar sus salarios&#8230;.<\/p>\n","protected":false},"author":1,"featured_media":133278,"comment_status":"closed","ping_status":"closed","sticky":false,"template":"","format":"standard","meta":{"content-type":""},"categories":[51,43],"tags":[606],"nelio_content":{"isAutoShareEnabled":false,"autoShareEndMode":"default","automationSources":{"useContentSentences":true,"useSocialTemplates":true,"useCustomSentences":false,"customSentences":[]},"followers":[1],"suggestedReferences":[],"includedReferences":[],"efiUrl":"","efiAlt":"","highlights":[]},"yoast_head":"<!-- This site is optimized with the Yoast SEO plugin v20.7 - https:\/\/yoast.com\/wordpress\/plugins\/seo\/ -->\n<title>Opini\u00f3n: constantes aumentos en los combustibles en los \u00faltimos 21 d\u00edas<\/title>\n<meta name=\"description\" content=\"constantes aumentos en los combustibles . esde agosto de 2020, el gobierno de \u201ctodos\u201d, que entre sus filas se encuentran part\u00edcipes de la\" \/>\n<meta name=\"robots\" content=\"index, follow, max-snippet:-1, max-image-preview:large, max-video-preview:-1\" \/>\n<link rel=\"canonical\" href=\"https:\/\/experienciadevida.com.ar\/portalurbano\/opinion-nuestros-bolsillos-percibieron-en-21-dias-constantes-aumentos-en-los-combustibles-de-la-empresa-estatal-ypf-y-el-tuyo\/\" \/>\n<meta property=\"og:locale\" content=\"es_ES\" \/>\n<meta property=\"og:type\" content=\"article\" \/>\n<meta property=\"og:title\" content=\"Opini\u00f3n: constantes aumentos en los combustibles en los \u00faltimos 21 d\u00edas\" \/>\n<meta property=\"og:description\" content=\"constantes aumentos en los combustibles . esde agosto de 2020, el gobierno de \u201ctodos\u201d, que entre sus filas se encuentran part\u00edcipes de la\" \/>\n<meta property=\"og:url\" content=\"https:\/\/experienciadevida.com.ar\/portalurbano\/opinion-nuestros-bolsillos-percibieron-en-21-dias-constantes-aumentos-en-los-combustibles-de-la-empresa-estatal-ypf-y-el-tuyo\/\" \/>\n<meta property=\"article:publisher\" content=\"https:\/\/www.facebook.com\/Portal-Urbano-171542830093757\/\" \/>\n<meta property=\"article:published_time\" content=\"2021-01-24T14:21:39+00:00\" \/>\n<meta property=\"article:modified_time\" content=\"2021-01-24T14:33:56+00:00\" \/>\n<meta property=\"og:image\" content=\"https:\/\/experienciadevida.com.ar\/portalurbano\/wp-content\/uploads\/2021\/01\/OLAVARRIA.jpg\" \/>\n\t<meta property=\"og:image:width\" content=\"800\" \/>\n\t<meta property=\"og:image:height\" content=\"671\" \/>\n\t<meta property=\"og:image:type\" content=\"image\/jpeg\" \/>\n<meta name=\"author\" content=\"admpu17wp\" \/>\n<meta name=\"twitter:card\" content=\"summary_large_image\" \/>\n<meta name=\"twitter:creator\" content=\"@portalurbanook\" \/>\n<meta name=\"twitter:site\" content=\"@portalurbanook\" \/>\n<meta name=\"twitter:label1\" content=\"Escrito por\" \/>\n\t<meta name=\"twitter:data1\" content=\"admpu17wp\" \/>\n\t<meta name=\"twitter:label2\" content=\"Tiempo de lectura\" \/>\n\t<meta name=\"twitter:data2\" content=\"4 minutos\" \/>\n<script type=\"application\/ld+json\" class=\"yoast-schema-graph\">{\"@context\":\"https:\/\/schema.org\",\"@graph\":[{\"@type\":\"Article\",\"@id\":\"https:\/\/experienciadevida.com.ar\/portalurbano\/opinion-nuestros-bolsillos-percibieron-en-21-dias-constantes-aumentos-en-los-combustibles-de-la-empresa-estatal-ypf-y-el-tuyo\/#article\",\"isPartOf\":{\"@id\":\"https:\/\/experienciadevida.com.ar\/portalurbano\/opinion-nuestros-bolsillos-percibieron-en-21-dias-constantes-aumentos-en-los-combustibles-de-la-empresa-estatal-ypf-y-el-tuyo\/\"},\"author\":{\"name\":\"admpu17wp\",\"@id\":\"https:\/\/experienciadevida.com.ar\/portalurbano\/#\/schema\/person\/02dd326b1c4b056e9cc972486934a3a7\"},\"headline\":\"Opini\u00f3n: Nuestros bolsillos percibieron en 21 d\u00edas constantes aumentos en los combustibles de la empresa Estatal YPF. \u00bfY el tuyo?\",\"datePublished\":\"2021-01-24T14:21:39+00:00\",\"dateModified\":\"2021-01-24T14:33:56+00:00\",\"mainEntityOfPage\":{\"@id\":\"https:\/\/experienciadevida.com.ar\/portalurbano\/opinion-nuestros-bolsillos-percibieron-en-21-dias-constantes-aumentos-en-los-combustibles-de-la-empresa-estatal-ypf-y-el-tuyo\/\"},\"wordCount\":901,\"publisher\":{\"@id\":\"https:\/\/experienciadevida.com.ar\/portalurbano\/#organization\"},\"keywords\":[\"barrios de pie\"],\"articleSection\":[\"Destacadas\",\"Pol\u00edtica\"],\"inLanguage\":\"es\"},{\"@type\":\"WebPage\",\"@id\":\"https:\/\/experienciadevida.com.ar\/portalurbano\/opinion-nuestros-bolsillos-percibieron-en-21-dias-constantes-aumentos-en-los-combustibles-de-la-empresa-estatal-ypf-y-el-tuyo\/\",\"url\":\"https:\/\/experienciadevida.com.ar\/portalurbano\/opinion-nuestros-bolsillos-percibieron-en-21-dias-constantes-aumentos-en-los-combustibles-de-la-empresa-estatal-ypf-y-el-tuyo\/\",\"name\":\"Opini\u00f3n: constantes aumentos en los combustibles en los \u00faltimos 21 d\u00edas\",\"isPartOf\":{\"@id\":\"https:\/\/experienciadevida.com.ar\/portalurbano\/#website\"},\"datePublished\":\"2021-01-24T14:21:39+00:00\",\"dateModified\":\"2021-01-24T14:33:56+00:00\",\"description\":\"constantes aumentos en los combustibles . esde agosto de 2020, el gobierno de \u201ctodos\u201d, que entre sus filas se encuentran part\u00edcipes de la\",\"breadcrumb\":{\"@id\":\"https:\/\/experienciadevida.com.ar\/portalurbano\/opinion-nuestros-bolsillos-percibieron-en-21-dias-constantes-aumentos-en-los-combustibles-de-la-empresa-estatal-ypf-y-el-tuyo\/#breadcrumb\"},\"inLanguage\":\"es\",\"potentialAction\":[{\"@type\":\"ReadAction\",\"target\":[\"https:\/\/experienciadevida.com.ar\/portalurbano\/opinion-nuestros-bolsillos-percibieron-en-21-dias-constantes-aumentos-en-los-combustibles-de-la-empresa-estatal-ypf-y-el-tuyo\/\"]}]},{\"@type\":\"BreadcrumbList\",\"@id\":\"https:\/\/experienciadevida.com.ar\/portalurbano\/opinion-nuestros-bolsillos-percibieron-en-21-dias-constantes-aumentos-en-los-combustibles-de-la-empresa-estatal-ypf-y-el-tuyo\/#breadcrumb\",\"itemListElement\":[{\"@type\":\"ListItem\",\"position\":1,\"name\":\"Portada\",\"item\":\"https:\/\/experienciadevida.com.ar\/portalurbano\/\"},{\"@type\":\"ListItem\",\"position\":2,\"name\":\"Opini\u00f3n: Nuestros bolsillos percibieron en 21 d\u00edas constantes aumentos en los combustibles de la empresa Estatal YPF. \u00bfY el tuyo?\"}]},{\"@type\":\"WebSite\",\"@id\":\"https:\/\/experienciadevida.com.ar\/portalurbano\/#website\",\"url\":\"https:\/\/experienciadevida.com.ar\/portalurbano\/\",\"name\":\"\",\"description\":\"\",\"publisher\":{\"@id\":\"https:\/\/experienciadevida.com.ar\/portalurbano\/#organization\"},\"potentialAction\":[{\"@type\":\"SearchAction\",\"target\":{\"@type\":\"EntryPoint\",\"urlTemplate\":\"https:\/\/experienciadevida.com.ar\/portalurbano\/?s={search_term_string}\"},\"query-input\":\"required name=search_term_string\"}],\"inLanguage\":\"es\"},{\"@type\":\"Organization\",\"@id\":\"https:\/\/experienciadevida.com.ar\/portalurbano\/#organization\",\"name\":\"Portal Urbano\",\"url\":\"https:\/\/experienciadevida.com.ar\/portalurbano\/\",\"logo\":{\"@type\":\"ImageObject\",\"inLanguage\":\"es\",\"@id\":\"https:\/\/experienciadevida.com.ar\/portalurbano\/#\/schema\/logo\/image\/\",\"url\":\"https:\/\/experienciadevida.com.ar\/portalurbano\/wp-content\/uploads\/2019\/09\/Logo-Original.png\",\"contentUrl\":\"https:\/\/experienciadevida.com.ar\/portalurbano\/wp-content\/uploads\/2019\/09\/Logo-Original.png\",\"width\":2236,\"height\":1216,\"caption\":\"Portal Urbano\"},\"image\":{\"@id\":\"https:\/\/experienciadevida.com.ar\/portalurbano\/#\/schema\/logo\/image\/\"},\"sameAs\":[\"https:\/\/www.facebook.com\/Portal-Urbano-171542830093757\/\",\"https:\/\/twitter.com\/portalurbanook\",\"https:\/\/www.instagram.com\/_portalurbano\/\",\"https:\/\/www.youtube.com\/channel\/UCXhagIfszH8KxFiOok79zbA?view_as=subscriber\"]},{\"@type\":\"Person\",\"@id\":\"https:\/\/experienciadevida.com.ar\/portalurbano\/#\/schema\/person\/02dd326b1c4b056e9cc972486934a3a7\",\"name\":\"admpu17wp\",\"image\":{\"@type\":\"ImageObject\",\"inLanguage\":\"es\",\"@id\":\"https:\/\/experienciadevida.com.ar\/portalurbano\/#\/schema\/person\/image\/\",\"url\":\"https:\/\/secure.gravatar.com\/avatar\/830d4c57adaae6630765e449a6908047?s=96&d=mm&r=g\",\"contentUrl\":\"https:\/\/secure.gravatar.com\/avatar\/830d4c57adaae6630765e449a6908047?s=96&d=mm&r=g\",\"caption\":\"admpu17wp\"}}]}<\/script>\n<!-- \/ Yoast SEO plugin. -->","yoast_head_json":{"title":"Opini\u00f3n: constantes aumentos en los combustibles en los \u00faltimos 21 d\u00edas","description":"constantes aumentos en los combustibles . esde agosto de 2020, el gobierno de \u201ctodos\u201d, que entre sus filas se encuentran part\u00edcipes de la","robots":{"index":"index","follow":"follow","max-snippet":"max-snippet:-1","max-image-preview":"max-image-preview:large","max-video-preview":"max-video-preview:-1"},"canonical":"https:\/\/experienciadevida.com.ar\/portalurbano\/opinion-nuestros-bolsillos-percibieron-en-21-dias-constantes-aumentos-en-los-combustibles-de-la-empresa-estatal-ypf-y-el-tuyo\/","og_locale":"es_ES","og_type":"article","og_title":"Opini\u00f3n: constantes aumentos en los combustibles en los \u00faltimos 21 d\u00edas","og_description":"constantes aumentos en los combustibles . esde agosto de 2020, el gobierno de \u201ctodos\u201d, que entre sus filas se encuentran part\u00edcipes de la","og_url":"https:\/\/experienciadevida.com.ar\/portalurbano\/opinion-nuestros-bolsillos-percibieron-en-21-dias-constantes-aumentos-en-los-combustibles-de-la-empresa-estatal-ypf-y-el-tuyo\/","article_publisher":"https:\/\/www.facebook.com\/Portal-Urbano-171542830093757\/","article_published_time":"2021-01-24T14:21:39+00:00","article_modified_time":"2021-01-24T14:33:56+00:00","og_image":[{"width":800,"height":671,"url":"https:\/\/experienciadevida.com.ar\/portalurbano\/wp-content\/uploads\/2021\/01\/OLAVARRIA.jpg","type":"image\/jpeg"}],"author":"admpu17wp","twitter_card":"summary_large_image","twitter_creator":"@portalurbanook","twitter_site":"@portalurbanook","twitter_misc":{"Escrito por":"admpu17wp","Tiempo de lectura":"4 minutos"},"schema":{"@context":"https:\/\/schema.org","@graph":[{"@type":"Article","@id":"https:\/\/experienciadevida.com.ar\/portalurbano\/opinion-nuestros-bolsillos-percibieron-en-21-dias-constantes-aumentos-en-los-combustibles-de-la-empresa-estatal-ypf-y-el-tuyo\/#article","isPartOf":{"@id":"https:\/\/experienciadevida.com.ar\/portalurbano\/opinion-nuestros-bolsillos-percibieron-en-21-dias-constantes-aumentos-en-los-combustibles-de-la-empresa-estatal-ypf-y-el-tuyo\/"},"author":{"name":"admpu17wp","@id":"https:\/\/experienciadevida.com.ar\/portalurbano\/#\/schema\/person\/02dd326b1c4b056e9cc972486934a3a7"},"headline":"Opini\u00f3n: Nuestros bolsillos percibieron en 21 d\u00edas constantes aumentos en los combustibles de la empresa Estatal YPF. \u00bfY el tuyo?","datePublished":"2021-01-24T14:21:39+00:00","dateModified":"2021-01-24T14:33:56+00:00","mainEntityOfPage":{"@id":"https:\/\/experienciadevida.com.ar\/portalurbano\/opinion-nuestros-bolsillos-percibieron-en-21-dias-constantes-aumentos-en-los-combustibles-de-la-empresa-estatal-ypf-y-el-tuyo\/"},"wordCount":901,"publisher":{"@id":"https:\/\/experienciadevida.com.ar\/portalurbano\/#organization"},"keywords":["barrios de pie"],"articleSection":["Destacadas","Pol\u00edtica"],"inLanguage":"es"},{"@type":"WebPage","@id":"https:\/\/experienciadevida.com.ar\/portalurbano\/opinion-nuestros-bolsillos-percibieron-en-21-dias-constantes-aumentos-en-los-combustibles-de-la-empresa-estatal-ypf-y-el-tuyo\/","url":"https:\/\/experienciadevida.com.ar\/portalurbano\/opinion-nuestros-bolsillos-percibieron-en-21-dias-constantes-aumentos-en-los-combustibles-de-la-empresa-estatal-ypf-y-el-tuyo\/","name":"Opini\u00f3n: constantes aumentos en los combustibles en los \u00faltimos 21 d\u00edas","isPartOf":{"@id":"https:\/\/experienciadevida.com.ar\/portalurbano\/#website"},"datePublished":"2021-01-24T14:21:39+00:00","dateModified":"2021-01-24T14:33:56+00:00","description":"constantes aumentos en los combustibles . esde agosto de 2020, el gobierno de \u201ctodos\u201d, que entre sus filas se encuentran part\u00edcipes de la","breadcrumb":{"@id":"https:\/\/experienciadevida.com.ar\/portalurbano\/opinion-nuestros-bolsillos-percibieron-en-21-dias-constantes-aumentos-en-los-combustibles-de-la-empresa-estatal-ypf-y-el-tuyo\/#breadcrumb"},"inLanguage":"es","potentialAction":[{"@type":"ReadAction","target":["https:\/\/experienciadevida.com.ar\/portalurbano\/opinion-nuestros-bolsillos-percibieron-en-21-dias-constantes-aumentos-en-los-combustibles-de-la-empresa-estatal-ypf-y-el-tuyo\/"]}]},{"@type":"BreadcrumbList","@id":"https:\/\/experienciadevida.com.ar\/portalurbano\/opinion-nuestros-bolsillos-percibieron-en-21-dias-constantes-aumentos-en-los-combustibles-de-la-empresa-estatal-ypf-y-el-tuyo\/#breadcrumb","itemListElement":[{"@type":"ListItem","position":1,"name":"Portada","item":"https:\/\/experienciadevida.com.ar\/portalurbano\/"},{"@type":"ListItem","position":2,"name":"Opini\u00f3n: Nuestros bolsillos percibieron en 21 d\u00edas constantes aumentos en los combustibles de la empresa Estatal YPF. \u00bfY el tuyo?"}]},{"@type":"WebSite","@id":"https:\/\/experienciadevida.com.ar\/portalurbano\/#website","url":"https:\/\/experienciadevida.com.ar\/portalurbano\/","name":"","description":"","publisher":{"@id":"https:\/\/experienciadevida.com.ar\/portalurbano\/#organization"},"potentialAction":[{"@type":"SearchAction","target":{"@type":"EntryPoint","urlTemplate":"https:\/\/experienciadevida.com.ar\/portalurbano\/?s={search_term_string}"},"query-input":"required name=search_term_string"}],"inLanguage":"es"},{"@type":"Organization","@id":"https:\/\/experienciadevida.com.ar\/portalurbano\/#organization","name":"Portal Urbano","url":"https:\/\/experienciadevida.com.ar\/portalurbano\/","logo":{"@type":"ImageObject","inLanguage":"es","@id":"https:\/\/experienciadevida.com.ar\/portalurbano\/#\/schema\/logo\/image\/","url":"https:\/\/experienciadevida.com.ar\/portalurbano\/wp-content\/uploads\/2019\/09\/Logo-Original.png","contentUrl":"https:\/\/experienciadevida.com.ar\/portalurbano\/wp-content\/uploads\/2019\/09\/Logo-Original.png","width":2236,"height":1216,"caption":"Portal Urbano"},"image":{"@id":"https:\/\/experienciadevida.com.ar\/portalurbano\/#\/schema\/logo\/image\/"},"sameAs":["https:\/\/www.facebook.com\/Portal-Urbano-171542830093757\/","https:\/\/twitter.com\/portalurbanook","https:\/\/www.instagram.com\/_portalurbano\/","https:\/\/www.youtube.com\/channel\/UCXhagIfszH8KxFiOok79zbA?view_as=subscriber"]},{"@type":"Person","@id":"https:\/\/experienciadevida.com.ar\/portalurbano\/#\/schema\/person\/02dd326b1c4b056e9cc972486934a3a7","name":"admpu17wp","image":{"@type":"ImageObject","inLanguage":"es","@id":"https:\/\/experienciadevida.com.ar\/portalurbano\/#\/schema\/person\/image\/","url":"https:\/\/secure.gravatar.com\/avatar\/830d4c57adaae6630765e449a6908047?s=96&d=mm&r=g","contentUrl":"https:\/\/secure.gravatar.com\/avatar\/830d4c57adaae6630765e449a6908047?s=96&d=mm&r=g","caption":"admpu17wp"}}]}},"featured_image_urls":{"full":["https:\/\/experienciadevida.com.ar\/portalurbano\/wp-content\/uploads\/2021\/01\/OLAVARRIA.jpg",800,671,false],"thumbnail":["https:\/\/experienciadevida.com.ar\/portalurbano\/wp-content\/uploads\/2021\/01\/OLAVARRIA-150x150.jpg",150,150,true],"medium":["https:\/\/experienciadevida.com.ar\/portalurbano\/wp-content\/uploads\/2021\/01\/OLAVARRIA-300x252.jpg",300,252,true],"medium_large":["https:\/\/experienciadevida.com.ar\/portalurbano\/wp-content\/uploads\/2021\/01\/OLAVARRIA-768x644.jpg",640,537,true],"large":["https:\/\/experienciadevida.com.ar\/portalurbano\/wp-content\/uploads\/2021\/01\/OLAVARRIA.jpg",640,537,false],"ug_big":["https:\/\/experienciadevida.com.ar\/portalurbano\/wp-content\/uploads\/2021\/01\/OLAVARRIA-768x644.jpg",768,644,true],"1536x1536":["https:\/\/experienciadevida.com.ar\/portalurbano\/wp-content\/uploads\/2021\/01\/OLAVARRIA.jpg",800,671,false],"2048x2048":["https:\/\/experienciadevida.com.ar\/portalurbano\/wp-content\/uploads\/2021\/01\/OLAVARRIA.jpg",800,671,false],"newsever-slider-full":["https:\/\/experienciadevida.com.ar\/portalurbano\/wp-content\/uploads\/2021\/01\/OLAVARRIA.jpg",800,671,false],"newsever-featured":["https:\/\/experienciadevida.com.ar\/portalurbano\/wp-content\/uploads\/2021\/01\/OLAVARRIA.jpg",800,671,false],"newsever-medium":["https:\/\/experienciadevida.com.ar\/portalurbano\/wp-content\/uploads\/2021\/01\/OLAVARRIA.jpg",566,475,false],"web-stories-poster-portrait":["https:\/\/experienciadevida.com.ar\/portalurbano\/wp-content\/uploads\/2021\/01\/OLAVARRIA.jpg",640,537,false],"web-stories-publisher-logo":["https:\/\/experienciadevida.com.ar\/portalurbano\/wp-content\/uploads\/2021\/01\/OLAVARRIA.jpg",96,81,false],"web-stories-thumbnail":["https:\/\/experienciadevida.com.ar\/portalurbano\/wp-content\/uploads\/2021\/01\/OLAVARRIA.jpg",150,126,false]},"author_info":{"display_name":"admpu17wp","author_link":"https:\/\/experienciadevida.com.ar\/portalurbano\/author\/admpu17wp\/"},"category_info":"<a href=\"https:\/\/experienciadevida.com.ar\/portalurbano\/category\/destacadas\/\" rel=\"category tag\">Destacadas<\/a> <a href=\"https:\/\/experienciadevida.com.ar\/portalurbano\/category\/politica\/\" rel=\"category tag\">Pol\u00edtica<\/a>","tag_info":"Pol\u00edtica","comment_count":"0","amp_enabled":true,"_links":{"self":[{"href":"https:\/\/experienciadevida.com.ar\/portalurbano\/wp-json\/wp\/v2\/posts\/133277"}],"collection":[{"href":"https:\/\/experienciadevida.com.ar\/portalurbano\/wp-json\/wp\/v2\/posts"}],"about":[{"href":"https:\/\/experienciadevida.com.ar\/portalurbano\/wp-json\/wp\/v2\/types\/post"}],"author":[{"embeddable":true,"href":"https:\/\/experienciadevida.com.ar\/portalurbano\/wp-json\/wp\/v2\/users\/1"}],"replies":[{"embeddable":true,"href":"https:\/\/experienciadevida.com.ar\/portalurbano\/wp-json\/wp\/v2\/comments?post=133277"}],"version-history":[{"count":7,"href":"https:\/\/experienciadevida.com.ar\/portalurbano\/wp-json\/wp\/v2\/posts\/133277\/revisions"}],"predecessor-version":[{"id":133285,"href":"https:\/\/experienciadevida.com.ar\/portalurbano\/wp-json\/wp\/v2\/posts\/133277\/revisions\/133285"}],"wp:featuredmedia":[{"embeddable":true,"href":"https:\/\/experienciadevida.com.ar\/portalurbano\/wp-json\/wp\/v2\/media\/133278"}],"wp:attachment":[{"href":"https:\/\/experienciadevida.com.ar\/portalurbano\/wp-json\/wp\/v2\/media?parent=133277"}],"wp:term":[{"taxonomy":"category","embeddable":true,"href":"https:\/\/experienciadevida.com.ar\/portalurbano\/wp-json\/wp\/v2\/categories?post=133277"},{"taxonomy":"post_tag","embeddable":true,"href":"https:\/\/experienciadevida.com.ar\/portalurbano\/wp-json\/wp\/v2\/tags?post=133277"}],"curies":[{"name":"wp","href":"https:\/\/api.w.org\/{rel}","templated":true}]}}