{"id":133229,"date":"2021-01-23T14:49:32","date_gmt":"2021-01-23T17:49:32","guid":{"rendered":"https:\/\/experienciadevida.com.ar\/portalurbano\/?p=133229"},"modified":"2021-01-23T14:50:48","modified_gmt":"2021-01-23T17:50:48","slug":"franco-cominotto-y-martin-lousteau-en-una-reunion-de-evolucion-radical","status":"publish","type":"post","link":"https:\/\/experienciadevida.com.ar\/portalurbano\/franco-cominotto-y-martin-lousteau-en-una-reunion-de-evolucion-radical\/","title":{"rendered":"Franco Cominotto y Mart\u00edn Lousteau en una reuni\u00f3n de Evoluci\u00f3n Radical"},"content":{"rendered":"<p><a href=\"https:\/\/www.facebook.com\/francobruno.cominotto\">Franco Cominotto<\/a> y <a href=\"https:\/\/twitter.com\/GugaLusto\">Mart\u00edn Lousteau<\/a> en una reuni\u00f3n de Evoluci\u00f3n Radical. El d\u00eda viernes el olavarriense, candidato a Secretario General para la UCR bonaerense, particip\u00f3 de una reuni\u00f3n en Capital Federal junto al Senador Nacional Mart\u00edn Lousteau, donde dialogaron sobre el armado nacional del espacio y se analizaron estrategias para el a\u00f1o electoral que est\u00e1 dando inicio.<\/p>\n<p>Adem\u00e1s de Franco Cominotto y Mart\u00edn Lousteau, estuvieron presentes el Diputado Nacional y Vicedecano de la Facultad de Ciencias Econ\u00f3micas de la UBA Emiliano Yacobitti, la Vicerrectora de la UNNOBA y candidata a Vicepresidente por la Lista 14 Danya Tavela, el Rector de la UNAB Pablo Domenichini, el Diputado Provincial Fernando P\u00e9rez, y el Presidente de la FUA Bernardo Weber.<\/p>\n<p>Lousteau insisti\u00f3 en la necesidad de seguir trabajando para tener un radicalismo fuerte, de cara a la gente, con la responsabilidad de construir una oposici\u00f3n responsable que brinde soluciones a nuestra sociedad para salir de est\u00e1 profunda crisis que estamos atravesando.<\/p>\n<p><a href=\"https:\/\/experienciadevida.com.ar\/portalurbano\/franco-cominotto-junto-a-martin-lousteau-en-el-plenario-de-evolucion-radical-en-la-tercera-seccion\/\">Anteriormente se hab\u00edan reunido en el plenario de evoluci\u00f3n radical,<\/a> entre otras reuniones que mantuvieron.<\/p>\n","protected":false},"excerpt":{"rendered":"<p>Franco Cominotto y Mart\u00edn Lousteau en una reuni\u00f3n de Evoluci\u00f3n Radical. El d\u00eda viernes el&#8230;<\/p>\n","protected":false},"author":1,"featured_media":133230,"comment_status":"closed","ping_status":"closed","sticky":false,"template":"","format":"standard","meta":{"content-type":""},"categories":[51,43],"tags":[],"nelio_content":{"isAutoShareEnabled":false,"autoShareEndMode":"default","automationSources":{"useContentSentences":true,"useSocialTemplates":true,"useCustomSentences":false,"customSentences":[]},"followers":[1],"suggestedReferences":[],"includedReferences":[],"efiUrl":"","efiAlt":"","highlights":[]},"yoast_head":"<!-- This site is optimized with the Yoast SEO plugin v20.7 - https:\/\/yoast.com\/wordpress\/plugins\/seo\/ -->\n<title>Franco Cominotto y Mart\u00edn Lousteau en una reuni\u00f3n de evoluci\u00f3n radical<\/title>\n<meta name=\"description\" content=\"Franco Cominotto y Mart\u00edn Lousteau en una reuni\u00f3n de Evoluci\u00f3n Radical, el d\u00eda viernes se realiz\u00f3 una reuni\u00f3n de Evoluci\u00f3n Radical\" \/>\n<meta name=\"robots\" content=\"index, follow, max-snippet:-1, max-image-preview:large, max-video-preview:-1\" \/>\n<link rel=\"canonical\" href=\"https:\/\/experienciadevida.com.ar\/portalurbano\/franco-cominotto-y-martin-lousteau-en-una-reunion-de-evolucion-radical\/\" \/>\n<meta property=\"og:locale\" content=\"es_ES\" \/>\n<meta property=\"og:type\" content=\"article\" \/>\n<meta property=\"og:title\" content=\"Franco Cominotto y Mart\u00edn Lousteau en una reuni\u00f3n de evoluci\u00f3n radical\" \/>\n<meta property=\"og:description\" content=\"Franco Cominotto y Mart\u00edn Lousteau en una reuni\u00f3n de Evoluci\u00f3n Radical, el d\u00eda viernes se realiz\u00f3 una reuni\u00f3n de Evoluci\u00f3n Radical\" \/>\n<meta property=\"og:url\" content=\"https:\/\/experienciadevida.com.ar\/portalurbano\/franco-cominotto-y-martin-lousteau-en-una-reunion-de-evolucion-radical\/\" \/>\n<meta property=\"article:publisher\" content=\"https:\/\/www.facebook.com\/Portal-Urbano-171542830093757\/\" \/>\n<meta property=\"article:published_time\" content=\"2021-01-23T17:49:32+00:00\" \/>\n<meta property=\"article:modified_time\" content=\"2021-01-23T17:50:48+00:00\" \/>\n<meta property=\"og:image\" content=\"https:\/\/experienciadevida.com.ar\/portalurbano\/wp-content\/uploads\/2021\/01\/Franco-Cominotto-y-Martin-Lousteau.jpg\" \/>\n\t<meta property=\"og:image:width\" content=\"1280\" \/>\n\t<meta property=\"og:image:height\" content=\"958\" \/>\n\t<meta property=\"og:image:type\" content=\"image\/jpeg\" \/>\n<meta name=\"author\" content=\"admpu17wp\" \/>\n<meta name=\"twitter:card\" content=\"summary_large_image\" \/>\n<meta name=\"twitter:creator\" content=\"@portalurbanook\" \/>\n<meta name=\"twitter:site\" content=\"@portalurbanook\" \/>\n<meta name=\"twitter:label1\" content=\"Escrito por\" \/>\n\t<meta name=\"twitter:data1\" content=\"admpu17wp\" \/>\n\t<meta name=\"twitter:label2\" content=\"Tiempo de lectura\" \/>\n\t<meta name=\"twitter:data2\" content=\"1 minuto\" \/>\n<script type=\"application\/ld+json\" class=\"yoast-schema-graph\">{\"@context\":\"https:\/\/schema.org\",\"@graph\":[{\"@type\":\"Article\",\"@id\":\"https:\/\/experienciadevida.com.ar\/portalurbano\/franco-cominotto-y-martin-lousteau-en-una-reunion-de-evolucion-radical\/#article\",\"isPartOf\":{\"@id\":\"https:\/\/experienciadevida.com.ar\/portalurbano\/franco-cominotto-y-martin-lousteau-en-una-reunion-de-evolucion-radical\/\"},\"author\":{\"name\":\"admpu17wp\",\"@id\":\"https:\/\/experienciadevida.com.ar\/portalurbano\/#\/schema\/person\/02dd326b1c4b056e9cc972486934a3a7\"},\"headline\":\"Franco Cominotto y Mart\u00edn Lousteau en una reuni\u00f3n de Evoluci\u00f3n Radical\",\"datePublished\":\"2021-01-23T17:49:32+00:00\",\"dateModified\":\"2021-01-23T17:50:48+00:00\",\"mainEntityOfPage\":{\"@id\":\"https:\/\/experienciadevida.com.ar\/portalurbano\/franco-cominotto-y-martin-lousteau-en-una-reunion-de-evolucion-radical\/\"},\"wordCount\":200,\"publisher\":{\"@id\":\"https:\/\/experienciadevida.com.ar\/portalurbano\/#organization\"},\"articleSection\":[\"Destacadas\",\"Pol\u00edtica\"],\"inLanguage\":\"es\"},{\"@type\":\"WebPage\",\"@id\":\"https:\/\/experienciadevida.com.ar\/portalurbano\/franco-cominotto-y-martin-lousteau-en-una-reunion-de-evolucion-radical\/\",\"url\":\"https:\/\/experienciadevida.com.ar\/portalurbano\/franco-cominotto-y-martin-lousteau-en-una-reunion-de-evolucion-radical\/\",\"name\":\"Franco Cominotto y Mart\u00edn Lousteau en una reuni\u00f3n de evoluci\u00f3n radical\",\"isPartOf\":{\"@id\":\"https:\/\/experienciadevida.com.ar\/portalurbano\/#website\"},\"datePublished\":\"2021-01-23T17:49:32+00:00\",\"dateModified\":\"2021-01-23T17:50:48+00:00\",\"description\":\"Franco Cominotto y Mart\u00edn Lousteau en una reuni\u00f3n de Evoluci\u00f3n Radical, el d\u00eda viernes se realiz\u00f3 una reuni\u00f3n de Evoluci\u00f3n Radical\",\"breadcrumb\":{\"@id\":\"https:\/\/experienciadevida.com.ar\/portalurbano\/franco-cominotto-y-martin-lousteau-en-una-reunion-de-evolucion-radical\/#breadcrumb\"},\"inLanguage\":\"es\",\"potentialAction\":[{\"@type\":\"ReadAction\",\"target\":[\"https:\/\/experienciadevida.com.ar\/portalurbano\/franco-cominotto-y-martin-lousteau-en-una-reunion-de-evolucion-radical\/\"]}]},{\"@type\":\"BreadcrumbList\",\"@id\":\"https:\/\/experienciadevida.com.ar\/portalurbano\/franco-cominotto-y-martin-lousteau-en-una-reunion-de-evolucion-radical\/#breadcrumb\",\"itemListElement\":[{\"@type\":\"ListItem\",\"position\":1,\"name\":\"Portada\",\"item\":\"https:\/\/experienciadevida.com.ar\/portalurbano\/\"},{\"@type\":\"ListItem\",\"position\":2,\"name\":\"Franco Cominotto y Mart\u00edn Lousteau en una reuni\u00f3n de Evoluci\u00f3n Radical\"}]},{\"@type\":\"WebSite\",\"@id\":\"https:\/\/experienciadevida.com.ar\/portalurbano\/#website\",\"url\":\"https:\/\/experienciadevida.com.ar\/portalurbano\/\",\"name\":\"\",\"description\":\"\",\"publisher\":{\"@id\":\"https:\/\/experienciadevida.com.ar\/portalurbano\/#organization\"},\"potentialAction\":[{\"@type\":\"SearchAction\",\"target\":{\"@type\":\"EntryPoint\",\"urlTemplate\":\"https:\/\/experienciadevida.com.ar\/portalurbano\/?s={search_term_string}\"},\"query-input\":\"required name=search_term_string\"}],\"inLanguage\":\"es\"},{\"@type\":\"Organization\",\"@id\":\"https:\/\/experienciadevida.com.ar\/portalurbano\/#organization\",\"name\":\"Portal Urbano\",\"url\":\"https:\/\/experienciadevida.com.ar\/portalurbano\/\",\"logo\":{\"@type\":\"ImageObject\",\"inLanguage\":\"es\",\"@id\":\"https:\/\/experienciadevida.com.ar\/portalurbano\/#\/schema\/logo\/image\/\",\"url\":\"https:\/\/experienciadevida.com.ar\/portalurbano\/wp-content\/uploads\/2019\/09\/Logo-Original.png\",\"contentUrl\":\"https:\/\/experienciadevida.com.ar\/portalurbano\/wp-content\/uploads\/2019\/09\/Logo-Original.png\",\"width\":2236,\"height\":1216,\"caption\":\"Portal Urbano\"},\"image\":{\"@id\":\"https:\/\/experienciadevida.com.ar\/portalurbano\/#\/schema\/logo\/image\/\"},\"sameAs\":[\"https:\/\/www.facebook.com\/Portal-Urbano-171542830093757\/\",\"https:\/\/twitter.com\/portalurbanook\",\"https:\/\/www.instagram.com\/_portalurbano\/\",\"https:\/\/www.youtube.com\/channel\/UCXhagIfszH8KxFiOok79zbA?view_as=subscriber\"]},{\"@type\":\"Person\",\"@id\":\"https:\/\/experienciadevida.com.ar\/portalurbano\/#\/schema\/person\/02dd326b1c4b056e9cc972486934a3a7\",\"name\":\"admpu17wp\",\"image\":{\"@type\":\"ImageObject\",\"inLanguage\":\"es\",\"@id\":\"https:\/\/experienciadevida.com.ar\/portalurbano\/#\/schema\/person\/image\/\",\"url\":\"https:\/\/secure.gravatar.com\/avatar\/830d4c57adaae6630765e449a6908047?s=96&d=mm&r=g\",\"contentUrl\":\"https:\/\/secure.gravatar.com\/avatar\/830d4c57adaae6630765e449a6908047?s=96&d=mm&r=g\",\"caption\":\"admpu17wp\"}}]}<\/script>\n<!-- \/ Yoast SEO plugin. -->","yoast_head_json":{"title":"Franco Cominotto y Mart\u00edn Lousteau en una reuni\u00f3n de evoluci\u00f3n radical","description":"Franco Cominotto y Mart\u00edn Lousteau en una reuni\u00f3n de Evoluci\u00f3n Radical, el d\u00eda viernes se realiz\u00f3 una reuni\u00f3n de Evoluci\u00f3n Radical","robots":{"index":"index","follow":"follow","max-snippet":"max-snippet:-1","max-image-preview":"max-image-preview:large","max-video-preview":"max-video-preview:-1"},"canonical":"https:\/\/experienciadevida.com.ar\/portalurbano\/franco-cominotto-y-martin-lousteau-en-una-reunion-de-evolucion-radical\/","og_locale":"es_ES","og_type":"article","og_title":"Franco Cominotto y Mart\u00edn Lousteau en una reuni\u00f3n de evoluci\u00f3n radical","og_description":"Franco Cominotto y Mart\u00edn Lousteau en una reuni\u00f3n de Evoluci\u00f3n Radical, el d\u00eda viernes se realiz\u00f3 una reuni\u00f3n de Evoluci\u00f3n Radical","og_url":"https:\/\/experienciadevida.com.ar\/portalurbano\/franco-cominotto-y-martin-lousteau-en-una-reunion-de-evolucion-radical\/","article_publisher":"https:\/\/www.facebook.com\/Portal-Urbano-171542830093757\/","article_published_time":"2021-01-23T17:49:32+00:00","article_modified_time":"2021-01-23T17:50:48+00:00","og_image":[{"width":1280,"height":958,"url":"https:\/\/experienciadevida.com.ar\/portalurbano\/wp-content\/uploads\/2021\/01\/Franco-Cominotto-y-Martin-Lousteau.jpg","type":"image\/jpeg"}],"author":"admpu17wp","twitter_card":"summary_large_image","twitter_creator":"@portalurbanook","twitter_site":"@portalurbanook","twitter_misc":{"Escrito por":"admpu17wp","Tiempo de lectura":"1 minuto"},"schema":{"@context":"https:\/\/schema.org","@graph":[{"@type":"Article","@id":"https:\/\/experienciadevida.com.ar\/portalurbano\/franco-cominotto-y-martin-lousteau-en-una-reunion-de-evolucion-radical\/#article","isPartOf":{"@id":"https:\/\/experienciadevida.com.ar\/portalurbano\/franco-cominotto-y-martin-lousteau-en-una-reunion-de-evolucion-radical\/"},"author":{"name":"admpu17wp","@id":"https:\/\/experienciadevida.com.ar\/portalurbano\/#\/schema\/person\/02dd326b1c4b056e9cc972486934a3a7"},"headline":"Franco Cominotto y Mart\u00edn Lousteau en una reuni\u00f3n de Evoluci\u00f3n Radical","datePublished":"2021-01-23T17:49:32+00:00","dateModified":"2021-01-23T17:50:48+00:00","mainEntityOfPage":{"@id":"https:\/\/experienciadevida.com.ar\/portalurbano\/franco-cominotto-y-martin-lousteau-en-una-reunion-de-evolucion-radical\/"},"wordCount":200,"publisher":{"@id":"https:\/\/experienciadevida.com.ar\/portalurbano\/#organization"},"articleSection":["Destacadas","Pol\u00edtica"],"inLanguage":"es"},{"@type":"WebPage","@id":"https:\/\/experienciadevida.com.ar\/portalurbano\/franco-cominotto-y-martin-lousteau-en-una-reunion-de-evolucion-radical\/","url":"https:\/\/experienciadevida.com.ar\/portalurbano\/franco-cominotto-y-martin-lousteau-en-una-reunion-de-evolucion-radical\/","name":"Franco Cominotto y Mart\u00edn Lousteau en una reuni\u00f3n de evoluci\u00f3n radical","isPartOf":{"@id":"https:\/\/experienciadevida.com.ar\/portalurbano\/#website"},"datePublished":"2021-01-23T17:49:32+00:00","dateModified":"2021-01-23T17:50:48+00:00","description":"Franco Cominotto y Mart\u00edn Lousteau en una reuni\u00f3n de Evoluci\u00f3n Radical, el d\u00eda viernes se realiz\u00f3 una reuni\u00f3n de Evoluci\u00f3n Radical","breadcrumb":{"@id":"https:\/\/experienciadevida.com.ar\/portalurbano\/franco-cominotto-y-martin-lousteau-en-una-reunion-de-evolucion-radical\/#breadcrumb"},"inLanguage":"es","potentialAction":[{"@type":"ReadAction","target":["https:\/\/experienciadevida.com.ar\/portalurbano\/franco-cominotto-y-martin-lousteau-en-una-reunion-de-evolucion-radical\/"]}]},{"@type":"BreadcrumbList","@id":"https:\/\/experienciadevida.com.ar\/portalurbano\/franco-cominotto-y-martin-lousteau-en-una-reunion-de-evolucion-radical\/#breadcrumb","itemListElement":[{"@type":"ListItem","position":1,"name":"Portada","item":"https:\/\/experienciadevida.com.ar\/portalurbano\/"},{"@type":"ListItem","position":2,"name":"Franco Cominotto y Mart\u00edn Lousteau en una reuni\u00f3n de Evoluci\u00f3n Radical"}]},{"@type":"WebSite","@id":"https:\/\/experienciadevida.com.ar\/portalurbano\/#website","url":"https:\/\/experienciadevida.com.ar\/portalurbano\/","name":"","description":"","publisher":{"@id":"https:\/\/experienciadevida.com.ar\/portalurbano\/#organization"},"potentialAction":[{"@type":"SearchAction","target":{"@type":"EntryPoint","urlTemplate":"https:\/\/experienciadevida.com.ar\/portalurbano\/?s={search_term_string}"},"query-input":"required name=search_term_string"}],"inLanguage":"es"},{"@type":"Organization","@id":"https:\/\/experienciadevida.com.ar\/portalurbano\/#organization","name":"Portal Urbano","url":"https:\/\/experienciadevida.com.ar\/portalurbano\/","logo":{"@type":"ImageObject","inLanguage":"es","@id":"https:\/\/experienciadevida.com.ar\/portalurbano\/#\/schema\/logo\/image\/","url":"https:\/\/experienciadevida.com.ar\/portalurbano\/wp-content\/uploads\/2019\/09\/Logo-Original.png","contentUrl":"https:\/\/experienciadevida.com.ar\/portalurbano\/wp-content\/uploads\/2019\/09\/Logo-Original.png","width":2236,"height":1216,"caption":"Portal Urbano"},"image":{"@id":"https:\/\/experienciadevida.com.ar\/portalurbano\/#\/schema\/logo\/image\/"},"sameAs":["https:\/\/www.facebook.com\/Portal-Urbano-171542830093757\/","https:\/\/twitter.com\/portalurbanook","https:\/\/www.instagram.com\/_portalurbano\/","https:\/\/www.youtube.com\/channel\/UCXhagIfszH8KxFiOok79zbA?view_as=subscriber"]},{"@type":"Person","@id":"https:\/\/experienciadevida.com.ar\/portalurbano\/#\/schema\/person\/02dd326b1c4b056e9cc972486934a3a7","name":"admpu17wp","image":{"@type":"ImageObject","inLanguage":"es","@id":"https:\/\/experienciadevida.com.ar\/portalurbano\/#\/schema\/person\/image\/","url":"https:\/\/secure.gravatar.com\/avatar\/830d4c57adaae6630765e449a6908047?s=96&d=mm&r=g","contentUrl":"https:\/\/secure.gravatar.com\/avatar\/830d4c57adaae6630765e449a6908047?s=96&d=mm&r=g","caption":"admpu17wp"}}]}},"featured_image_urls":{"full":["https:\/\/experienciadevida.com.ar\/portalurbano\/wp-content\/uploads\/2021\/01\/Franco-Cominotto-y-Martin-Lousteau.jpg",1280,958,false],"thumbnail":["https:\/\/experienciadevida.com.ar\/portalurbano\/wp-content\/uploads\/2021\/01\/Franco-Cominotto-y-Martin-Lousteau-150x150.jpg",150,150,true],"medium":["https:\/\/experienciadevida.com.ar\/portalurbano\/wp-content\/uploads\/2021\/01\/Franco-Cominotto-y-Martin-Lousteau-300x225.jpg",300,225,true],"medium_large":["https:\/\/experienciadevida.com.ar\/portalurbano\/wp-content\/uploads\/2021\/01\/Franco-Cominotto-y-Martin-Lousteau-768x575.jpg",640,479,true],"large":["https:\/\/experienciadevida.com.ar\/portalurbano\/wp-content\/uploads\/2021\/01\/Franco-Cominotto-y-Martin-Lousteau-1024x766.jpg",640,479,true],"ug_big":["https:\/\/experienciadevida.com.ar\/portalurbano\/wp-content\/uploads\/2021\/01\/Franco-Cominotto-y-Martin-Lousteau-768x575.jpg",768,575,true],"1536x1536":["https:\/\/experienciadevida.com.ar\/portalurbano\/wp-content\/uploads\/2021\/01\/Franco-Cominotto-y-Martin-Lousteau.jpg",1280,958,false],"2048x2048":["https:\/\/experienciadevida.com.ar\/portalurbano\/wp-content\/uploads\/2021\/01\/Franco-Cominotto-y-Martin-Lousteau.jpg",1280,958,false],"newsever-slider-full":["https:\/\/experienciadevida.com.ar\/portalurbano\/wp-content\/uploads\/2021\/01\/Franco-Cominotto-y-Martin-Lousteau.jpg",1129,845,false],"newsever-featured":["https:\/\/experienciadevida.com.ar\/portalurbano\/wp-content\/uploads\/2021\/01\/Franco-Cominotto-y-Martin-Lousteau.jpg",1024,766,false],"newsever-medium":["https:\/\/experienciadevida.com.ar\/portalurbano\/wp-content\/uploads\/2021\/01\/Franco-Cominotto-y-Martin-Lousteau.jpg",635,475,false],"web-stories-poster-portrait":["https:\/\/experienciadevida.com.ar\/portalurbano\/wp-content\/uploads\/2021\/01\/Franco-Cominotto-y-Martin-Lousteau.jpg",640,479,false],"web-stories-publisher-logo":["https:\/\/experienciadevida.com.ar\/portalurbano\/wp-content\/uploads\/2021\/01\/Franco-Cominotto-y-Martin-Lousteau.jpg",96,72,false],"web-stories-thumbnail":["https:\/\/experienciadevida.com.ar\/portalurbano\/wp-content\/uploads\/2021\/01\/Franco-Cominotto-y-Martin-Lousteau.jpg",150,112,false]},"author_info":{"display_name":"admpu17wp","author_link":"https:\/\/experienciadevida.com.ar\/portalurbano\/author\/admpu17wp\/"},"category_info":"<a href=\"https:\/\/experienciadevida.com.ar\/portalurbano\/category\/destacadas\/\" rel=\"category tag\">Destacadas<\/a> <a href=\"https:\/\/experienciadevida.com.ar\/portalurbano\/category\/politica\/\" rel=\"category tag\">Pol\u00edtica<\/a>","tag_info":"Pol\u00edtica","comment_count":"0","amp_enabled":true,"_links":{"self":[{"href":"https:\/\/experienciadevida.com.ar\/portalurbano\/wp-json\/wp\/v2\/posts\/133229"}],"collection":[{"href":"https:\/\/experienciadevida.com.ar\/portalurbano\/wp-json\/wp\/v2\/posts"}],"about":[{"href":"https:\/\/experienciadevida.com.ar\/portalurbano\/wp-json\/wp\/v2\/types\/post"}],"author":[{"embeddable":true,"href":"https:\/\/experienciadevida.com.ar\/portalurbano\/wp-json\/wp\/v2\/users\/1"}],"replies":[{"embeddable":true,"href":"https:\/\/experienciadevida.com.ar\/portalurbano\/wp-json\/wp\/v2\/comments?post=133229"}],"version-history":[{"count":2,"href":"https:\/\/experienciadevida.com.ar\/portalurbano\/wp-json\/wp\/v2\/posts\/133229\/revisions"}],"predecessor-version":[{"id":133232,"href":"https:\/\/experienciadevida.com.ar\/portalurbano\/wp-json\/wp\/v2\/posts\/133229\/revisions\/133232"}],"wp:featuredmedia":[{"embeddable":true,"href":"https:\/\/experienciadevida.com.ar\/portalurbano\/wp-json\/wp\/v2\/media\/133230"}],"wp:attachment":[{"href":"https:\/\/experienciadevida.com.ar\/portalurbano\/wp-json\/wp\/v2\/media?parent=133229"}],"wp:term":[{"taxonomy":"category","embeddable":true,"href":"https:\/\/experienciadevida.com.ar\/portalurbano\/wp-json\/wp\/v2\/categories?post=133229"},{"taxonomy":"post_tag","embeddable":true,"href":"https:\/\/experienciadevida.com.ar\/portalurbano\/wp-json\/wp\/v2\/tags?post=133229"}],"curies":[{"name":"wp","href":"https:\/\/api.w.org\/{rel}","templated":true}]}}