{"id":133216,"date":"2021-01-23T12:48:13","date_gmt":"2021-01-23T15:48:13","guid":{"rendered":"https:\/\/experienciadevida.com.ar\/portalurbano\/?p=133216"},"modified":"2021-01-23T12:48:50","modified_gmt":"2021-01-23T15:48:50","slug":"nota-de-opinion-la-estigmatizacion-de-la-juventud-como-peregrinacion-mediatica","status":"publish","type":"post","link":"https:\/\/experienciadevida.com.ar\/portalurbano\/nota-de-opinion-la-estigmatizacion-de-la-juventud-como-peregrinacion-mediatica\/","title":{"rendered":"Nota de opini\u00f3n: La estigmatizaci\u00f3n de la juventud como peregrinaci\u00f3n medi\u00e1tica"},"content":{"rendered":"<p>Desde el movimiento barrios de pie emitieron una nota de opini\u00f3n, sobre la estigmatizaci\u00f3n de la juventud como peregrinaci\u00f3n medi\u00e1tica del Pro y del Frente de Todos.<\/p>\n<p>Al comenzar la nota sobre la estigmatizaci\u00f3n de la juventud mencionan <em>&#8220;cuando es tiempo de deslindarse de las atribuciones solicitadas y adquiridas, el primer culpable para cualquier bandera \u201cideol\u00f3gica\u201d gobernante, ha sido el acusar a otra gesti\u00f3n y, en continuaci\u00f3n de opciones, recriminar al pueblo. En este contexto ambos dedos, de las fuerzas pol\u00edticas mayoritarias, se\u00f1alan a los j\u00f3venes mostr\u00e1ndolos en potencial de ser autores intelectuales y materiales de la propagaci\u00f3n del coronavirus&#8221;.<\/em><\/p>\n<p><em>&#8220;Los persiguen en encuentros de casas particulares, en quintas, en las &#8220;fiestas clandestinas&#8221;, con base en esto, \u201clas fuerzas del orden&#8221;, acosan en cualquier lugar y horario, donde los medios de comunicaci\u00f3n apoyan la direccionalidad de ambas fuerzas pol\u00edticas en esta l\u00ednea de estigmatizaci\u00f3n con el fin de desligarse de la propia culpa, mostrando reiteradas veces al d\u00eda, encuentros en por ejemplo, la playa, espacio que por decisi\u00f3n de los gobiernos nacional, provincial y municipal, sin distinci\u00f3n de color partidario, permitieron levantar restricciones, sin controlar cantidad de personas ingresantes, ser\u00e1 quiz\u00e1s, que ellos si premeditaron estos actos, aprovech\u00e1ndose de los que pueden tener el privilegio desde vacacionar, a salir a la calle, a las plazas, los parques, a la costa, a fin de que el despliegue de masas, sea el mejor escenario a dar motivos de que es la imprudencia de la sociedad, el causante del porque contin\u00faa la transmisi\u00f3n del covid-19&#8243;.<\/em><\/p>\n<p>Por otro lado, &#8220;<em>haciendo \u00e9nfasis en la juventud, y as\u00ed el que continua en su casa, cree en su inconsciente, gracias al oportuno estallido medi\u00e1tico que el avance de los contagios, \u201cla segunda ola\u201d, es menester de los m\u00e1s j\u00f3venes, a quienes incriminan, golpean, denigran, multan, inventan causas y les dan arresto cual homicida, un sistema judicial que no avanza tan r\u00e1pido, tal como debiera proceder con las denuncias por violencia de g\u00e9nero que luego se convierten en v\u00edctimas de femicidios por su mal desempe\u00f1o&#8221;.<\/em><\/p>\n<p><em>&#8220;Parece olvid\u00e1rseles a nuestros gobernantes, que\u00a0 los j\u00f3venes residentes y estudiantes de medicina tambi\u00e9n asistieron en centros de salud, que circularon j\u00f3venes en bici, moto o a pie acercando alimentos, medicamentos y mandados en general, hubo j\u00f3venes atendiendo comedores, merenderos o roperitos comunitarios, llevando a la puerta de las casas elementos que la poblaci\u00f3n m\u00e1s vulnerable requiri\u00f3&#8221;.<\/em><\/p>\n<p>A su vez sobre la estigmatizaci\u00f3n de la juventud mencionan <em>&#8220;parece que fue all\u00e1 lejos y hace tiempo, pero no, fue por estos d\u00edas, que los j\u00f3venes fuimos parte de un proceso, que como pertenecemos a un grupo que presentaba menos probabilidades de infecci\u00f3n, salimos a la calle a dar lo mejor de nosotros, aun sabiendo que las posibilidades de contagio estaban all\u00ed&#8221;.<\/em><\/p>\n<p><em>&#8220;Hoy los gobernantes pretenden lavar su mano, tranquilizar su conciencia, viendo el desenlace que generan sus propias decisiones y no se distingue bandera partidaria, sean &#8220;pro&#8221; o del &#8220;frente de todos&#8221;, parece que se encontraron aline\u00e1ndose para perseguir a esta franja etaria, la juventud, por ello en tele nacional, asimismo en medios locales, la primera info que ves son t\u00edtulos similares a, \u201dclausuraron fiesta clandestina\u201d, \u201cj\u00f3venes descontrolados en playa fulana\u201d, pero ninguno muestra las juntadas de los \u201cadultos\u201d, encuentros a plena luz del d\u00eda, intendente, subsecretario, diputado, de ambos matices partidarios, eso no se cuestiona, como nadie interpela que los comedores del partido de Olavarr\u00eda no alineados al Pro o al &#8220;frente de todos&#8221;, no hayan recibido ni siquiera alcohol en gel, mucho menos mercader\u00eda, velorios multitudinarios no se cuestionaron con tanto esfuerzo, la ida de vacaciones del intendente olavarriense, donde nos encontramos hasta con fotos trucadas aludiendo que se encontraba entre nosotros, qui\u00e9n osar\u00eda cuestionar al HCD local luego de conceder el pedido de licencia por 28 d\u00edas en favor del jefe comunal&#8221;.<\/em><\/p>\n<p>Por otra parte remarcan <em>&#8220;existen hechos, acciones y decisiones que son perjudicables para la salud, da\u00f1inas y que generan m\u00e1s muertes, todas ellas son atravesadas por un mismo com\u00fan denominador, y es que son efectuadas por funcionarios p\u00fablicos, \u201cnuestros gobernantes\u201d, la juventud no es el problema, dejen de perseguir y hostigar, responsabil\u00edcense mejor por las 400 dosis de vacuna anti coronavirus que perdieron, hablen sobre que hicieron con los 350 millones de pesos que le falta a la caja fuerte de la ciudad que es dinero aportado por los Olavarrienses respondan porque permitieron que en plena pandemia y congelamiento de precios el combustible, los alimentos y de m\u00e1s suministros y servicios, aumentaran y no valgan hoy, siquiera lo que val\u00edan en abril, previo a una gran ola de despidos y p\u00e9rdidas de empleos informales, expl\u00edquenle al pueblo el impedimento legal por el que no se permite la creaci\u00f3n y pos afiliaci\u00f3n a otros sindicatos municipales y se le da exclusividad a uno, h\u00e1ganse cargo que en el peor momento econ\u00f3mico y laboral cortaron los ATP y el IFE, h\u00e1ganse cargo que las organizaciones no kirchneristas\/camporistas NO reciben altas del programa \u201cpotenciar trabajo\u201d, que en consecuencia son remitidas a ustedes privilegiando su dedo tal cual acci\u00f3n de puntero pol\u00edtico, h\u00e1ganse cargo que el responsable de desarrollo social de naci\u00f3n por la s\u00e9ptima, un olavarriense, entrega mercader\u00eda solo a comedores afines, tal y como lo hace la subsecretaria de desarrollo y calidad de vida y la secretaria de desarrollo social local&#8221;.<\/em><\/p>\n<p>Para finalizar sobre la estigmatizaci\u00f3n de la juventud remarcan &#8220;<em>h\u00e1ganse cargo prediquen con el ejemplo si pretenden que la juventud haga lo que sugieren, empiecen por cumplir sus propias demandas, pero claro, les j\u00f3venes les son convenientes, \u00fatiles, necesarios, \u201ctenidos en cuenta\u201d, al momento del contexto electoral, para que sostengan la bandera, golpeen un bombo, cuelguen pancartas y pinten pasacalles, luego, antes y despu\u00e9s de ese proceso, somos los motes que ustedes a la poblaci\u00f3n hoy les inculcan, el ser culpables, ser el problema, los irresponsables&#8221;.<\/em><\/p>\n<p><em>&#8220;A los j\u00f3venes les sugerimos, lean este contexto, no se permitan ser t\u00edteres de pol\u00edticos hambrientos de poder y dinero, y con ansias de perjudicarnos en este presente, y m\u00e1s dolosamente, de vulnerar nuestro futuro&#8221;.<\/em><\/p>\n<div class=\"yrc-shell-cover yrc-single\" data-yrc-uid=\"69f08e345b831\" data-yrc-channel=\"{&quot;meta&quot;:{&quot;user&quot;:&quot;Portal Urbano&quot;,&quot;channel&quot;:&quot;UCXhagIfszH8KxFiOok79zbA&quot;,&quot;key&quot;:&quot;yrc_1524317601&quot;,&quot;apikey&quot;:&quot;AIzaSyCEhi-95k6t1rX4pDVqugauM-UyTfNHj8Q&quot;,&quot;cache&quot;:&quot;180&quot;,&quot;channel_uploads&quot;:&quot;UUXhagIfszH8KxFiOok79zbA&quot;,&quot;onlyonce&quot;:&quot;&quot;,&quot;tag&quot;:&quot;&quot;,&quot;per_page&quot;:&quot;12&quot;,&quot;maxv&quot;:&quot;500&quot;,&quot;ads&quot;:&quot;1&quot;,&quot;uid&quot;:&quot;69f08e345b831&quot;,&quot;nocookie&quot;:&quot;&quot;,&quot;single&quot;:true},&quot;style&quot;:{&quot;colors&quot;:{&quot;item&quot;:{&quot;background&quot;:&quot;inherit&quot;},&quot;button&quot;:{&quot;background&quot;:&quot;#333&quot;,&quot;color&quot;:&quot;#fff&quot;},&quot;color&quot;:{&quot;text&quot;:&quot;#fff&quot;,&quot;link&quot;:&quot;inherit&quot;,&quot;menu&quot;:&quot;#000&quot;,&quot;meta&quot;:&quot;inherit&quot;}},&quot;theme&quot;:{&quot;videos&quot;:{&quot;style&quot;:&quot;__grid&quot;,&quot;thumb&quot;:[&quot;large&quot;,&quot;open&quot;],&quot;desc&quot;:&quot;&quot;,&quot;carousel&quot;:{&quot;thumbs&quot;:&quot;4&quot;,&quot;thumbs_to_slide&quot;:&quot;2&quot;,&quot;spacing&quot;:&quot;8&quot;},&quot;carousel_nav&quot;:{&quot;modifier&quot;:&quot;__sides&quot;,&quot;position&quot;:&quot;left-none&quot;,&quot;location&quot;:&quot;prepend&quot;,&quot;background&quot;:&quot;#fff&quot;,&quot;color&quot;:&quot;#000&quot;,&quot;font_size&quot;:&quot;2&quot;,&quot;border_radius&quot;:&quot;0&quot;}},&quot;a&quot;:&quot;1&quot;},&quot;fit&quot;:&quot;false&quot;,&quot;playlists&quot;:&quot;true&quot;,&quot;uploads&quot;:&quot;true&quot;,&quot;player_mode&quot;:&quot;1&quot;,&quot;truncate&quot;:&quot;1&quot;,&quot;banner&quot;:&quot;true&quot;,&quot;thumb_margin&quot;:&quot;8&quot;,&quot;play_icon&quot;:&quot;&quot;,&quot;youtube_play_icon&quot;:&quot;&quot;,&quot;thumb_image_size&quot;:&quot;medium&quot;,&quot;default_tab&quot;:&quot;uploads&quot;,&quot;sticky&quot;:{&quot;enable&quot;:&quot;&quot;,&quot;width&quot;:&quot;400&quot;,&quot;position&quot;:&quot;bottom-right&quot;,&quot;only_above&quot;:&quot;768&quot;,&quot;margin&quot;:&quot;12&quot;},&quot;player&quot;:{&quot;show_desc&quot;:&quot;&quot;,&quot;show_meta&quot;:&quot;&quot;},&quot;menu&quot;:&quot;1&quot;,&quot;rating_style&quot;:&quot;NaN&quot;,&quot;rtl&quot;:false}}\" data-yrc-setup=\"\"><\/div>\r\n\t\t\t<script data-cfasync=\"false\" type=\"text\/javascript\">\r\n\t\t\t\tif( !window.YRC ) var YRC = {Data:{}};\r\n\t\t\t\tYRC.Data[\"69f08e345b831\"] = {\"video\":\"CBwR0dn7t1c\"};\r\n\t\t\t\t(function(){\r\n\t\t\t\t\tif(!YRC.loaded){\r\n\t\t\t\t\t    YRC.loaded = true;\r\n\t\t\t\t\t\tfunction YRC_Loader(){\r\n\t\t\t\t\t\t\t\/\/YRC.loaded = true;\r\n\t\t\t\t\t\t\tYRC.is_pro = false;\r\n\t\t\t\t\t\t\tYRC.is_pb = false;\r\n\t\t\t\t\t\t\tYRC.lang = {\"form\":{\"Videos\":\"Videos\",\"Playlists\":\"Playlists\",\"Search\":\"Search\",\"Loading\":\"Loading\",\"more\":\"more\",\"Nothing_found\":\"Nothing found\",\"Prev\":\"Previous\",\"Next\":\"Next\",\"consent_statement\":\"Allow cookies?\",\"consent_button\":\"Allow\",\"consent_privacy_policy\":\"Privacy policy\"},\"fui\":{\"sort_by\":\"Sort by\",\"relevant\":\"Relevant\",\"latest\":\"Latest\",\"liked\":\"Liked\",\"title\":\"Title\",\"views\":\"Views\",\"duration\":\"Duration\",\"any\":\"Any\",\"_short\":\"Short\",\"medium\":\"Medium\",\"_long\":\"Long\",\"uploaded\":\"Uploaded\",\"all_time\":\"All time\",\"live_now\":\"Live Now\",\"today\":\"Today\",\"ago\":\"ago\",\"last\":\"Last\",\"day\":\"day\",\"days\":\"days\",\"week\":\"week\",\"weeks\":\"weeks\",\"month\":\"month\",\"months\":\"months\",\"year\":\"year\",\"years\":\"years\",\"older\":\"Older\",\"show_more\":\"Show More\",\"show_less\":\"Show Less\",\"reply\":\"REPLY\",\"view_replies\":\"View replies\",\"write_comment\":\"Write comment...\",\"billion\":\"B\",\"million\":\"M\",\"thousand\":\"K\",\"max_plain_number\":1000,\"wplocale\":\"es_ES\"}};\r\n\t\t\t\t\t\t\tYRC.is_admin = false;\r\n\t\t\t\t\t\t\tvar script = document.createElement(\"script\");\r\n\t\t\t\t\t\t\t\tscript.setAttribute(\"data-cfasync\", \"false\");\r\n\t\t\t\t\t\t\t\tscript.setAttribute(\"type\", \"text\/javascript\");\r\n\t\t\t\t\t\t\t\tscript.src = \"https:\/\/experienciadevida.com.ar\/portalurbano\/wp-content\/plugins\/yourchannel\/js\/yrc.js?1.2.6\";\r\n\t\t\t\t\t\t\t\tscript.id = \"yrc-script\";\r\n\t\t\t\t\t\t\t\tdocument.querySelector(\"head\").appendChild(script);\r\n\t\t\t\t\t\t\tvar style = document.createElement(\"link\");\r\n\t\t\t\t\t\t\t\tstyle.rel = \"stylesheet\";\r\n\t\t\t\t\t\t\t\tstyle.href = \"https:\/\/experienciadevida.com.ar\/portalurbano\/wp-content\/plugins\/yourchannel\/css\/style.css?1.2.6\";\r\n\t\t\t\t\t\t\t\tstyle.type = \"text\/css\";\r\n\t\t\t\t\t\t\t\tdocument.querySelector(\"head\").appendChild(style);\r\n\t\t\t\t\t\t}\r\n\t\t\t\t\t\tif(window.jQuery){YRC_Loader();}else { var yrctimer2324 = window.setInterval(function(){\r\n\t\t\t\t\t\t\tif(window.jQuery){YRC_Loader(); window.clearInterval(yrctimer2324); }\r\n\t\t\t\t\t\t}, 250);}\r\n\t\t\t\t\t} else {if(YRC.EM)YRC.EM.trigger(\"yrc.newchannel\");}\r\n\t\t\t\t}());<\/script>\n","protected":false},"excerpt":{"rendered":"<p>Desde el movimiento barrios de pie emitieron una nota de opini\u00f3n, sobre la estigmatizaci\u00f3n de&#8230;<\/p>\n","protected":false},"author":1,"featured_media":0,"comment_status":"closed","ping_status":"closed","sticky":false,"template":"","format":"standard","meta":{"content-type":""},"categories":[27,64],"tags":[],"nelio_content":{"isAutoShareEnabled":false,"autoShareEndMode":"default","automationSources":{"useContentSentences":true,"useSocialTemplates":true,"useCustomSentences":false,"customSentences":[]},"followers":[1],"suggestedReferences":[],"includedReferences":[],"efiUrl":"","efiAlt":"","highlights":[]},"yoast_head":"<!-- This site is optimized with the Yoast SEO plugin v20.7 - https:\/\/yoast.com\/wordpress\/plugins\/seo\/ -->\n<title>Nota de opini\u00f3n: La estigmatizaci\u00f3n de la juventud<\/title>\n<meta name=\"description\" content=\"La estigmatizaci\u00f3n de la juventud como peregrinaci\u00f3n medi\u00e1tica del Frente de Todos y del Pro, una nota de opini\u00f3n por barrios de pie.\" \/>\n<meta name=\"robots\" content=\"index, follow, max-snippet:-1, max-image-preview:large, max-video-preview:-1\" \/>\n<link rel=\"canonical\" href=\"https:\/\/experienciadevida.com.ar\/portalurbano\/nota-de-opinion-la-estigmatizacion-de-la-juventud-como-peregrinacion-mediatica\/\" \/>\n<meta property=\"og:locale\" content=\"es_ES\" \/>\n<meta property=\"og:type\" content=\"article\" \/>\n<meta property=\"og:title\" content=\"Nota de opini\u00f3n: La estigmatizaci\u00f3n de la juventud\" \/>\n<meta property=\"og:description\" content=\"La estigmatizaci\u00f3n de la juventud como peregrinaci\u00f3n medi\u00e1tica del Frente de Todos y del Pro, una nota de opini\u00f3n por barrios de pie.\" \/>\n<meta property=\"og:url\" content=\"https:\/\/experienciadevida.com.ar\/portalurbano\/nota-de-opinion-la-estigmatizacion-de-la-juventud-como-peregrinacion-mediatica\/\" \/>\n<meta property=\"article:publisher\" content=\"https:\/\/www.facebook.com\/Portal-Urbano-171542830093757\/\" \/>\n<meta property=\"article:published_time\" content=\"2021-01-23T15:48:13+00:00\" \/>\n<meta property=\"article:modified_time\" content=\"2021-01-23T15:48:50+00:00\" \/>\n<meta property=\"og:image\" content=\"https:\/\/experienciadevida.com.ar\/portalurbano\/wp-content\/uploads\/2018\/05\/FIESTAS-1.jpg\" \/>\n\t<meta property=\"og:image:width\" content=\"660\" \/>\n\t<meta property=\"og:image:height\" content=\"370\" \/>\n\t<meta property=\"og:image:type\" content=\"image\/jpeg\" \/>\n<meta name=\"author\" content=\"admpu17wp\" \/>\n<meta name=\"twitter:card\" content=\"summary_large_image\" \/>\n<meta name=\"twitter:creator\" content=\"@portalurbanook\" \/>\n<meta name=\"twitter:site\" content=\"@portalurbanook\" \/>\n<meta name=\"twitter:label1\" content=\"Escrito por\" \/>\n\t<meta name=\"twitter:data1\" content=\"admpu17wp\" \/>\n\t<meta name=\"twitter:label2\" content=\"Tiempo de lectura\" \/>\n\t<meta name=\"twitter:data2\" content=\"5 minutos\" \/>\n<script type=\"application\/ld+json\" class=\"yoast-schema-graph\">{\"@context\":\"https:\/\/schema.org\",\"@graph\":[{\"@type\":\"Article\",\"@id\":\"https:\/\/experienciadevida.com.ar\/portalurbano\/nota-de-opinion-la-estigmatizacion-de-la-juventud-como-peregrinacion-mediatica\/#article\",\"isPartOf\":{\"@id\":\"https:\/\/experienciadevida.com.ar\/portalurbano\/nota-de-opinion-la-estigmatizacion-de-la-juventud-como-peregrinacion-mediatica\/\"},\"author\":{\"name\":\"admpu17wp\",\"@id\":\"https:\/\/experienciadevida.com.ar\/portalurbano\/#\/schema\/person\/02dd326b1c4b056e9cc972486934a3a7\"},\"headline\":\"Nota de opini\u00f3n: La estigmatizaci\u00f3n de la juventud como peregrinaci\u00f3n medi\u00e1tica\",\"datePublished\":\"2021-01-23T15:48:13+00:00\",\"dateModified\":\"2021-01-23T15:48:50+00:00\",\"mainEntityOfPage\":{\"@id\":\"https:\/\/experienciadevida.com.ar\/portalurbano\/nota-de-opinion-la-estigmatizacion-de-la-juventud-como-peregrinacion-mediatica\/\"},\"wordCount\":1106,\"publisher\":{\"@id\":\"https:\/\/experienciadevida.com.ar\/portalurbano\/#organization\"},\"articleSection\":[\"Ciudad\",\"Destacadas 2\"],\"inLanguage\":\"es\"},{\"@type\":\"WebPage\",\"@id\":\"https:\/\/experienciadevida.com.ar\/portalurbano\/nota-de-opinion-la-estigmatizacion-de-la-juventud-como-peregrinacion-mediatica\/\",\"url\":\"https:\/\/experienciadevida.com.ar\/portalurbano\/nota-de-opinion-la-estigmatizacion-de-la-juventud-como-peregrinacion-mediatica\/\",\"name\":\"Nota de opini\u00f3n: La estigmatizaci\u00f3n de la juventud\",\"isPartOf\":{\"@id\":\"https:\/\/experienciadevida.com.ar\/portalurbano\/#website\"},\"datePublished\":\"2021-01-23T15:48:13+00:00\",\"dateModified\":\"2021-01-23T15:48:50+00:00\",\"description\":\"La estigmatizaci\u00f3n de la juventud como peregrinaci\u00f3n medi\u00e1tica del Frente de Todos y del Pro, una nota de opini\u00f3n por barrios de pie.\",\"breadcrumb\":{\"@id\":\"https:\/\/experienciadevida.com.ar\/portalurbano\/nota-de-opinion-la-estigmatizacion-de-la-juventud-como-peregrinacion-mediatica\/#breadcrumb\"},\"inLanguage\":\"es\",\"potentialAction\":[{\"@type\":\"ReadAction\",\"target\":[\"https:\/\/experienciadevida.com.ar\/portalurbano\/nota-de-opinion-la-estigmatizacion-de-la-juventud-como-peregrinacion-mediatica\/\"]}]},{\"@type\":\"BreadcrumbList\",\"@id\":\"https:\/\/experienciadevida.com.ar\/portalurbano\/nota-de-opinion-la-estigmatizacion-de-la-juventud-como-peregrinacion-mediatica\/#breadcrumb\",\"itemListElement\":[{\"@type\":\"ListItem\",\"position\":1,\"name\":\"Portada\",\"item\":\"https:\/\/experienciadevida.com.ar\/portalurbano\/\"},{\"@type\":\"ListItem\",\"position\":2,\"name\":\"Nota de opini\u00f3n: La estigmatizaci\u00f3n de la juventud como peregrinaci\u00f3n medi\u00e1tica\"}]},{\"@type\":\"WebSite\",\"@id\":\"https:\/\/experienciadevida.com.ar\/portalurbano\/#website\",\"url\":\"https:\/\/experienciadevida.com.ar\/portalurbano\/\",\"name\":\"\",\"description\":\"\",\"publisher\":{\"@id\":\"https:\/\/experienciadevida.com.ar\/portalurbano\/#organization\"},\"potentialAction\":[{\"@type\":\"SearchAction\",\"target\":{\"@type\":\"EntryPoint\",\"urlTemplate\":\"https:\/\/experienciadevida.com.ar\/portalurbano\/?s={search_term_string}\"},\"query-input\":\"required name=search_term_string\"}],\"inLanguage\":\"es\"},{\"@type\":\"Organization\",\"@id\":\"https:\/\/experienciadevida.com.ar\/portalurbano\/#organization\",\"name\":\"Portal Urbano\",\"url\":\"https:\/\/experienciadevida.com.ar\/portalurbano\/\",\"logo\":{\"@type\":\"ImageObject\",\"inLanguage\":\"es\",\"@id\":\"https:\/\/experienciadevida.com.ar\/portalurbano\/#\/schema\/logo\/image\/\",\"url\":\"https:\/\/experienciadevida.com.ar\/portalurbano\/wp-content\/uploads\/2019\/09\/Logo-Original.png\",\"contentUrl\":\"https:\/\/experienciadevida.com.ar\/portalurbano\/wp-content\/uploads\/2019\/09\/Logo-Original.png\",\"width\":2236,\"height\":1216,\"caption\":\"Portal Urbano\"},\"image\":{\"@id\":\"https:\/\/experienciadevida.com.ar\/portalurbano\/#\/schema\/logo\/image\/\"},\"sameAs\":[\"https:\/\/www.facebook.com\/Portal-Urbano-171542830093757\/\",\"https:\/\/twitter.com\/portalurbanook\",\"https:\/\/www.instagram.com\/_portalurbano\/\",\"https:\/\/www.youtube.com\/channel\/UCXhagIfszH8KxFiOok79zbA?view_as=subscriber\"]},{\"@type\":\"Person\",\"@id\":\"https:\/\/experienciadevida.com.ar\/portalurbano\/#\/schema\/person\/02dd326b1c4b056e9cc972486934a3a7\",\"name\":\"admpu17wp\",\"image\":{\"@type\":\"ImageObject\",\"inLanguage\":\"es\",\"@id\":\"https:\/\/experienciadevida.com.ar\/portalurbano\/#\/schema\/person\/image\/\",\"url\":\"https:\/\/secure.gravatar.com\/avatar\/830d4c57adaae6630765e449a6908047?s=96&d=mm&r=g\",\"contentUrl\":\"https:\/\/secure.gravatar.com\/avatar\/830d4c57adaae6630765e449a6908047?s=96&d=mm&r=g\",\"caption\":\"admpu17wp\"}}]}<\/script>\n<!-- \/ Yoast SEO plugin. -->","yoast_head_json":{"title":"Nota de opini\u00f3n: La estigmatizaci\u00f3n de la juventud","description":"La estigmatizaci\u00f3n de la juventud como peregrinaci\u00f3n medi\u00e1tica del Frente de Todos y del Pro, una nota de opini\u00f3n por barrios de pie.","robots":{"index":"index","follow":"follow","max-snippet":"max-snippet:-1","max-image-preview":"max-image-preview:large","max-video-preview":"max-video-preview:-1"},"canonical":"https:\/\/experienciadevida.com.ar\/portalurbano\/nota-de-opinion-la-estigmatizacion-de-la-juventud-como-peregrinacion-mediatica\/","og_locale":"es_ES","og_type":"article","og_title":"Nota de opini\u00f3n: La estigmatizaci\u00f3n de la juventud","og_description":"La estigmatizaci\u00f3n de la juventud como peregrinaci\u00f3n medi\u00e1tica del Frente de Todos y del Pro, una nota de opini\u00f3n por barrios de pie.","og_url":"https:\/\/experienciadevida.com.ar\/portalurbano\/nota-de-opinion-la-estigmatizacion-de-la-juventud-como-peregrinacion-mediatica\/","article_publisher":"https:\/\/www.facebook.com\/Portal-Urbano-171542830093757\/","article_published_time":"2021-01-23T15:48:13+00:00","article_modified_time":"2021-01-23T15:48:50+00:00","og_image":[{"width":660,"height":370,"url":"https:\/\/experienciadevida.com.ar\/portalurbano\/wp-content\/uploads\/2018\/05\/FIESTAS-1.jpg","type":"image\/jpeg"}],"author":"admpu17wp","twitter_card":"summary_large_image","twitter_creator":"@portalurbanook","twitter_site":"@portalurbanook","twitter_misc":{"Escrito por":"admpu17wp","Tiempo de lectura":"5 minutos"},"schema":{"@context":"https:\/\/schema.org","@graph":[{"@type":"Article","@id":"https:\/\/experienciadevida.com.ar\/portalurbano\/nota-de-opinion-la-estigmatizacion-de-la-juventud-como-peregrinacion-mediatica\/#article","isPartOf":{"@id":"https:\/\/experienciadevida.com.ar\/portalurbano\/nota-de-opinion-la-estigmatizacion-de-la-juventud-como-peregrinacion-mediatica\/"},"author":{"name":"admpu17wp","@id":"https:\/\/experienciadevida.com.ar\/portalurbano\/#\/schema\/person\/02dd326b1c4b056e9cc972486934a3a7"},"headline":"Nota de opini\u00f3n: La estigmatizaci\u00f3n de la juventud como peregrinaci\u00f3n medi\u00e1tica","datePublished":"2021-01-23T15:48:13+00:00","dateModified":"2021-01-23T15:48:50+00:00","mainEntityOfPage":{"@id":"https:\/\/experienciadevida.com.ar\/portalurbano\/nota-de-opinion-la-estigmatizacion-de-la-juventud-como-peregrinacion-mediatica\/"},"wordCount":1106,"publisher":{"@id":"https:\/\/experienciadevida.com.ar\/portalurbano\/#organization"},"articleSection":["Ciudad","Destacadas 2"],"inLanguage":"es"},{"@type":"WebPage","@id":"https:\/\/experienciadevida.com.ar\/portalurbano\/nota-de-opinion-la-estigmatizacion-de-la-juventud-como-peregrinacion-mediatica\/","url":"https:\/\/experienciadevida.com.ar\/portalurbano\/nota-de-opinion-la-estigmatizacion-de-la-juventud-como-peregrinacion-mediatica\/","name":"Nota de opini\u00f3n: La estigmatizaci\u00f3n de la juventud","isPartOf":{"@id":"https:\/\/experienciadevida.com.ar\/portalurbano\/#website"},"datePublished":"2021-01-23T15:48:13+00:00","dateModified":"2021-01-23T15:48:50+00:00","description":"La estigmatizaci\u00f3n de la juventud como peregrinaci\u00f3n medi\u00e1tica del Frente de Todos y del Pro, una nota de opini\u00f3n por barrios de pie.","breadcrumb":{"@id":"https:\/\/experienciadevida.com.ar\/portalurbano\/nota-de-opinion-la-estigmatizacion-de-la-juventud-como-peregrinacion-mediatica\/#breadcrumb"},"inLanguage":"es","potentialAction":[{"@type":"ReadAction","target":["https:\/\/experienciadevida.com.ar\/portalurbano\/nota-de-opinion-la-estigmatizacion-de-la-juventud-como-peregrinacion-mediatica\/"]}]},{"@type":"BreadcrumbList","@id":"https:\/\/experienciadevida.com.ar\/portalurbano\/nota-de-opinion-la-estigmatizacion-de-la-juventud-como-peregrinacion-mediatica\/#breadcrumb","itemListElement":[{"@type":"ListItem","position":1,"name":"Portada","item":"https:\/\/experienciadevida.com.ar\/portalurbano\/"},{"@type":"ListItem","position":2,"name":"Nota de opini\u00f3n: La estigmatizaci\u00f3n de la juventud como peregrinaci\u00f3n medi\u00e1tica"}]},{"@type":"WebSite","@id":"https:\/\/experienciadevida.com.ar\/portalurbano\/#website","url":"https:\/\/experienciadevida.com.ar\/portalurbano\/","name":"","description":"","publisher":{"@id":"https:\/\/experienciadevida.com.ar\/portalurbano\/#organization"},"potentialAction":[{"@type":"SearchAction","target":{"@type":"EntryPoint","urlTemplate":"https:\/\/experienciadevida.com.ar\/portalurbano\/?s={search_term_string}"},"query-input":"required name=search_term_string"}],"inLanguage":"es"},{"@type":"Organization","@id":"https:\/\/experienciadevida.com.ar\/portalurbano\/#organization","name":"Portal Urbano","url":"https:\/\/experienciadevida.com.ar\/portalurbano\/","logo":{"@type":"ImageObject","inLanguage":"es","@id":"https:\/\/experienciadevida.com.ar\/portalurbano\/#\/schema\/logo\/image\/","url":"https:\/\/experienciadevida.com.ar\/portalurbano\/wp-content\/uploads\/2019\/09\/Logo-Original.png","contentUrl":"https:\/\/experienciadevida.com.ar\/portalurbano\/wp-content\/uploads\/2019\/09\/Logo-Original.png","width":2236,"height":1216,"caption":"Portal Urbano"},"image":{"@id":"https:\/\/experienciadevida.com.ar\/portalurbano\/#\/schema\/logo\/image\/"},"sameAs":["https:\/\/www.facebook.com\/Portal-Urbano-171542830093757\/","https:\/\/twitter.com\/portalurbanook","https:\/\/www.instagram.com\/_portalurbano\/","https:\/\/www.youtube.com\/channel\/UCXhagIfszH8KxFiOok79zbA?view_as=subscriber"]},{"@type":"Person","@id":"https:\/\/experienciadevida.com.ar\/portalurbano\/#\/schema\/person\/02dd326b1c4b056e9cc972486934a3a7","name":"admpu17wp","image":{"@type":"ImageObject","inLanguage":"es","@id":"https:\/\/experienciadevida.com.ar\/portalurbano\/#\/schema\/person\/image\/","url":"https:\/\/secure.gravatar.com\/avatar\/830d4c57adaae6630765e449a6908047?s=96&d=mm&r=g","contentUrl":"https:\/\/secure.gravatar.com\/avatar\/830d4c57adaae6630765e449a6908047?s=96&d=mm&r=g","caption":"admpu17wp"}}]}},"featured_image_urls":{"full":"","thumbnail":"","medium":"","medium_large":"","large":"","ug_big":"","1536x1536":"","2048x2048":"","newsever-slider-full":"","newsever-featured":"","newsever-medium":"","web-stories-poster-portrait":"","web-stories-publisher-logo":"","web-stories-thumbnail":""},"author_info":{"display_name":"admpu17wp","author_link":"https:\/\/experienciadevida.com.ar\/portalurbano\/author\/admpu17wp\/"},"category_info":"<a href=\"https:\/\/experienciadevida.com.ar\/portalurbano\/category\/ciudad\/\" rel=\"category tag\">Ciudad<\/a> <a href=\"https:\/\/experienciadevida.com.ar\/portalurbano\/category\/destacadas-2\/\" rel=\"category tag\">Destacadas 2<\/a>","tag_info":"Destacadas 2","comment_count":"0","amp_enabled":true,"_links":{"self":[{"href":"https:\/\/experienciadevida.com.ar\/portalurbano\/wp-json\/wp\/v2\/posts\/133216"}],"collection":[{"href":"https:\/\/experienciadevida.com.ar\/portalurbano\/wp-json\/wp\/v2\/posts"}],"about":[{"href":"https:\/\/experienciadevida.com.ar\/portalurbano\/wp-json\/wp\/v2\/types\/post"}],"author":[{"embeddable":true,"href":"https:\/\/experienciadevida.com.ar\/portalurbano\/wp-json\/wp\/v2\/users\/1"}],"replies":[{"embeddable":true,"href":"https:\/\/experienciadevida.com.ar\/portalurbano\/wp-json\/wp\/v2\/comments?post=133216"}],"version-history":[{"count":2,"href":"https:\/\/experienciadevida.com.ar\/portalurbano\/wp-json\/wp\/v2\/posts\/133216\/revisions"}],"predecessor-version":[{"id":133228,"href":"https:\/\/experienciadevida.com.ar\/portalurbano\/wp-json\/wp\/v2\/posts\/133216\/revisions\/133228"}],"wp:attachment":[{"href":"https:\/\/experienciadevida.com.ar\/portalurbano\/wp-json\/wp\/v2\/media?parent=133216"}],"wp:term":[{"taxonomy":"category","embeddable":true,"href":"https:\/\/experienciadevida.com.ar\/portalurbano\/wp-json\/wp\/v2\/categories?post=133216"},{"taxonomy":"post_tag","embeddable":true,"href":"https:\/\/experienciadevida.com.ar\/portalurbano\/wp-json\/wp\/v2\/tags?post=133216"}],"curies":[{"name":"wp","href":"https:\/\/api.w.org\/{rel}","templated":true}]}}