{"id":133161,"date":"2021-01-22T16:15:51","date_gmt":"2021-01-22T19:15:51","guid":{"rendered":"https:\/\/experienciadevida.com.ar\/portalurbano\/?p=133161"},"modified":"2021-01-22T16:16:29","modified_gmt":"2021-01-22T19:16:29","slug":"galli-se-mostro-favorable-a-la-vuelta-de-clases-todos-queremos-que-los-chicos-vuelvan","status":"publish","type":"post","link":"https:\/\/experienciadevida.com.ar\/portalurbano\/galli-se-mostro-favorable-a-la-vuelta-de-clases-todos-queremos-que-los-chicos-vuelvan\/","title":{"rendered":"Galli se mostr\u00f3 favorable a la vuelta de clases: &#8220;Todos queremos que los chicos vuelvan&#8221;"},"content":{"rendered":"<p>Galli se mostr\u00f3 favorable a la vuelta de clases: &#8220;Todos queremos que los chicos vuelvan&#8221;. El Intendente <a href=\"https:\/\/www.facebook.com\/galliezequiel\">Ezequiel Galli<\/a> habl\u00f3 con Radio Olavarr\u00eda, donde se mostr\u00f3 favorable por la posible vuelta de clases presenciales. Adelant\u00f3 que ser\u00eda, por ahora, dos veces por semana y se\u00f1al\u00f3 que est\u00e1n los Consejos Escolares trabajando en los protocolos que deber\u00e1n aplicarse.<\/p>\n<p>Galli\u00a0 con respecto a la &#8220;restricci\u00f3n nocturna&#8221; dijo &#8220;<em>no tenemos mucha informaci\u00f3n, vamos a esperar cu\u00e1l es la decisi\u00f3n que toma la Provincia, y de acuerdo a lo que dictamine el Presidente de la Naci\u00f3n veremos c\u00f3mo acompa\u00f1amos esa medida como lo hemos hecho anteriormente, no hay mucha expectativa porque los casos siguen estando en un n\u00famero que preocupa, muchos de los contagios son personas j\u00f3venes pero que tambi\u00e9n contagia a los adultos mayores que son los de mayor riesgo pero estamos buscando el equilibrio entre econom\u00eda y salud para evitar el colapso&#8221;.<\/em><\/p>\n<p><em>&#8220;Pasamos el momento que m\u00e1s nos preocupaba que era el postfiesta, ya hab\u00edamos previsto un aumento de casos y sucedi\u00f3. Ahora lo que estamos viendo es gente que vuelve de vacaciones, tenemos\u00a0 que estar m\u00e1s alertas que nunca porque todos queremos que los chicos vuelvan a las clases, que no falta tanto&#8221;.<\/em><\/p>\n<p>Por otro lado dijo<em> &#8220;los j\u00f3venes tienen que pensar que cuando van a visitar a sus familiares los pueden contagiar y complicarlo&#8221;.<\/em><\/p>\n<p>En cuanto a las clases dijo <em>&#8220;los protocolos hay que trabajarlos bastantes, la opini\u00f3n de los Intendentes es importante a la hora de mostrar la realidad de nuestro sector, yo creo que ninguna escuela est\u00e1 adaptada para que los chicos tengan el 100% de la proyecci\u00f3n de no contagiarse.\u00a0 Se est\u00e1 hablando de dos d\u00edas a la semana, consideramos que la educaci\u00f3n es tan esencial como otras actividades&#8221;.<\/em><\/p>\n<p>Fuente: Radio Olavarr\u00eda<\/p>\n","protected":false},"excerpt":{"rendered":"<p>Galli se mostr\u00f3 favorable a la vuelta de clases: &#8220;Todos queremos que los chicos vuelvan&#8221;&#8230;.<\/p>\n","protected":false},"author":1,"featured_media":128776,"comment_status":"closed","ping_status":"closed","sticky":false,"template":"","format":"standard","meta":{"content-type":""},"categories":[27,64],"tags":[],"nelio_content":{"isAutoShareEnabled":false,"autoShareEndMode":"default","automationSources":{"useContentSentences":true,"useSocialTemplates":true,"useCustomSentences":false,"customSentences":[]},"followers":[1],"suggestedReferences":[],"includedReferences":[],"efiUrl":"","efiAlt":"","highlights":[]},"yoast_head":"<!-- This site is optimized with the Yoast SEO plugin v20.7 - https:\/\/yoast.com\/wordpress\/plugins\/seo\/ -->\n<title>Galli se mostr\u00f3 favorable a la vuelta de clases: &quot;Queremos que vuelvan&quot;<\/title>\n<meta name=\"description\" content=\"Galli se mostr\u00f3 favorable a la vuelta de clases: &quot;Todos queremos que los chicos vuelvan&quot; as\u00ed lo mencion\u00f3 en una entrevista radial este jueves\" \/>\n<meta name=\"robots\" content=\"index, follow, max-snippet:-1, max-image-preview:large, max-video-preview:-1\" \/>\n<link rel=\"canonical\" href=\"https:\/\/experienciadevida.com.ar\/portalurbano\/galli-se-mostro-favorable-a-la-vuelta-de-clases-todos-queremos-que-los-chicos-vuelvan\/\" \/>\n<meta property=\"og:locale\" content=\"es_ES\" \/>\n<meta property=\"og:type\" content=\"article\" \/>\n<meta property=\"og:title\" content=\"Galli se mostr\u00f3 favorable a la vuelta de clases: &quot;Queremos que vuelvan&quot;\" \/>\n<meta property=\"og:description\" content=\"Galli se mostr\u00f3 favorable a la vuelta de clases: &quot;Todos queremos que los chicos vuelvan&quot; as\u00ed lo mencion\u00f3 en una entrevista radial este jueves\" \/>\n<meta property=\"og:url\" content=\"https:\/\/experienciadevida.com.ar\/portalurbano\/galli-se-mostro-favorable-a-la-vuelta-de-clases-todos-queremos-que-los-chicos-vuelvan\/\" \/>\n<meta property=\"article:publisher\" content=\"https:\/\/www.facebook.com\/Portal-Urbano-171542830093757\/\" \/>\n<meta property=\"article:published_time\" content=\"2021-01-22T19:15:51+00:00\" \/>\n<meta property=\"article:modified_time\" content=\"2021-01-22T19:16:29+00:00\" \/>\n<meta property=\"og:image\" content=\"https:\/\/experienciadevida.com.ar\/portalurbano\/wp-content\/uploads\/2020\/11\/Galli-3-e1606784708810.jpg\" \/>\n\t<meta property=\"og:image:width\" content=\"765\" \/>\n\t<meta property=\"og:image:height\" content=\"511\" \/>\n\t<meta property=\"og:image:type\" content=\"image\/jpeg\" \/>\n<meta name=\"author\" content=\"admpu17wp\" \/>\n<meta name=\"twitter:card\" content=\"summary_large_image\" \/>\n<meta name=\"twitter:creator\" content=\"@portalurbanook\" \/>\n<meta name=\"twitter:site\" content=\"@portalurbanook\" \/>\n<meta name=\"twitter:label1\" content=\"Escrito por\" \/>\n\t<meta name=\"twitter:data1\" content=\"admpu17wp\" \/>\n\t<meta name=\"twitter:label2\" content=\"Tiempo de lectura\" \/>\n\t<meta name=\"twitter:data2\" content=\"2 minutos\" \/>\n<script type=\"application\/ld+json\" class=\"yoast-schema-graph\">{\"@context\":\"https:\/\/schema.org\",\"@graph\":[{\"@type\":\"Article\",\"@id\":\"https:\/\/experienciadevida.com.ar\/portalurbano\/galli-se-mostro-favorable-a-la-vuelta-de-clases-todos-queremos-que-los-chicos-vuelvan\/#article\",\"isPartOf\":{\"@id\":\"https:\/\/experienciadevida.com.ar\/portalurbano\/galli-se-mostro-favorable-a-la-vuelta-de-clases-todos-queremos-que-los-chicos-vuelvan\/\"},\"author\":{\"name\":\"admpu17wp\",\"@id\":\"https:\/\/experienciadevida.com.ar\/portalurbano\/#\/schema\/person\/02dd326b1c4b056e9cc972486934a3a7\"},\"headline\":\"Galli se mostr\u00f3 favorable a la vuelta de clases: &#8220;Todos queremos que los chicos vuelvan&#8221;\",\"datePublished\":\"2021-01-22T19:15:51+00:00\",\"dateModified\":\"2021-01-22T19:16:29+00:00\",\"mainEntityOfPage\":{\"@id\":\"https:\/\/experienciadevida.com.ar\/portalurbano\/galli-se-mostro-favorable-a-la-vuelta-de-clases-todos-queremos-que-los-chicos-vuelvan\/\"},\"wordCount\":334,\"publisher\":{\"@id\":\"https:\/\/experienciadevida.com.ar\/portalurbano\/#organization\"},\"articleSection\":[\"Ciudad\",\"Destacadas 2\"],\"inLanguage\":\"es\"},{\"@type\":\"WebPage\",\"@id\":\"https:\/\/experienciadevida.com.ar\/portalurbano\/galli-se-mostro-favorable-a-la-vuelta-de-clases-todos-queremos-que-los-chicos-vuelvan\/\",\"url\":\"https:\/\/experienciadevida.com.ar\/portalurbano\/galli-se-mostro-favorable-a-la-vuelta-de-clases-todos-queremos-que-los-chicos-vuelvan\/\",\"name\":\"Galli se mostr\u00f3 favorable a la vuelta de clases: \\\"Queremos que vuelvan\\\"\",\"isPartOf\":{\"@id\":\"https:\/\/experienciadevida.com.ar\/portalurbano\/#website\"},\"datePublished\":\"2021-01-22T19:15:51+00:00\",\"dateModified\":\"2021-01-22T19:16:29+00:00\",\"description\":\"Galli se mostr\u00f3 favorable a la vuelta de clases: \\\"Todos queremos que los chicos vuelvan\\\" as\u00ed lo mencion\u00f3 en una entrevista radial este jueves\",\"breadcrumb\":{\"@id\":\"https:\/\/experienciadevida.com.ar\/portalurbano\/galli-se-mostro-favorable-a-la-vuelta-de-clases-todos-queremos-que-los-chicos-vuelvan\/#breadcrumb\"},\"inLanguage\":\"es\",\"potentialAction\":[{\"@type\":\"ReadAction\",\"target\":[\"https:\/\/experienciadevida.com.ar\/portalurbano\/galli-se-mostro-favorable-a-la-vuelta-de-clases-todos-queremos-que-los-chicos-vuelvan\/\"]}]},{\"@type\":\"BreadcrumbList\",\"@id\":\"https:\/\/experienciadevida.com.ar\/portalurbano\/galli-se-mostro-favorable-a-la-vuelta-de-clases-todos-queremos-que-los-chicos-vuelvan\/#breadcrumb\",\"itemListElement\":[{\"@type\":\"ListItem\",\"position\":1,\"name\":\"Portada\",\"item\":\"https:\/\/experienciadevida.com.ar\/portalurbano\/\"},{\"@type\":\"ListItem\",\"position\":2,\"name\":\"Galli se mostr\u00f3 favorable a la vuelta de clases: \u00abTodos queremos que los chicos vuelvan\u00bb\"}]},{\"@type\":\"WebSite\",\"@id\":\"https:\/\/experienciadevida.com.ar\/portalurbano\/#website\",\"url\":\"https:\/\/experienciadevida.com.ar\/portalurbano\/\",\"name\":\"\",\"description\":\"\",\"publisher\":{\"@id\":\"https:\/\/experienciadevida.com.ar\/portalurbano\/#organization\"},\"potentialAction\":[{\"@type\":\"SearchAction\",\"target\":{\"@type\":\"EntryPoint\",\"urlTemplate\":\"https:\/\/experienciadevida.com.ar\/portalurbano\/?s={search_term_string}\"},\"query-input\":\"required name=search_term_string\"}],\"inLanguage\":\"es\"},{\"@type\":\"Organization\",\"@id\":\"https:\/\/experienciadevida.com.ar\/portalurbano\/#organization\",\"name\":\"Portal Urbano\",\"url\":\"https:\/\/experienciadevida.com.ar\/portalurbano\/\",\"logo\":{\"@type\":\"ImageObject\",\"inLanguage\":\"es\",\"@id\":\"https:\/\/experienciadevida.com.ar\/portalurbano\/#\/schema\/logo\/image\/\",\"url\":\"https:\/\/experienciadevida.com.ar\/portalurbano\/wp-content\/uploads\/2019\/09\/Logo-Original.png\",\"contentUrl\":\"https:\/\/experienciadevida.com.ar\/portalurbano\/wp-content\/uploads\/2019\/09\/Logo-Original.png\",\"width\":2236,\"height\":1216,\"caption\":\"Portal Urbano\"},\"image\":{\"@id\":\"https:\/\/experienciadevida.com.ar\/portalurbano\/#\/schema\/logo\/image\/\"},\"sameAs\":[\"https:\/\/www.facebook.com\/Portal-Urbano-171542830093757\/\",\"https:\/\/twitter.com\/portalurbanook\",\"https:\/\/www.instagram.com\/_portalurbano\/\",\"https:\/\/www.youtube.com\/channel\/UCXhagIfszH8KxFiOok79zbA?view_as=subscriber\"]},{\"@type\":\"Person\",\"@id\":\"https:\/\/experienciadevida.com.ar\/portalurbano\/#\/schema\/person\/02dd326b1c4b056e9cc972486934a3a7\",\"name\":\"admpu17wp\",\"image\":{\"@type\":\"ImageObject\",\"inLanguage\":\"es\",\"@id\":\"https:\/\/experienciadevida.com.ar\/portalurbano\/#\/schema\/person\/image\/\",\"url\":\"https:\/\/secure.gravatar.com\/avatar\/830d4c57adaae6630765e449a6908047?s=96&d=mm&r=g\",\"contentUrl\":\"https:\/\/secure.gravatar.com\/avatar\/830d4c57adaae6630765e449a6908047?s=96&d=mm&r=g\",\"caption\":\"admpu17wp\"}}]}<\/script>\n<!-- \/ Yoast SEO plugin. -->","yoast_head_json":{"title":"Galli se mostr\u00f3 favorable a la vuelta de clases: \"Queremos que vuelvan\"","description":"Galli se mostr\u00f3 favorable a la vuelta de clases: \"Todos queremos que los chicos vuelvan\" as\u00ed lo mencion\u00f3 en una entrevista radial este jueves","robots":{"index":"index","follow":"follow","max-snippet":"max-snippet:-1","max-image-preview":"max-image-preview:large","max-video-preview":"max-video-preview:-1"},"canonical":"https:\/\/experienciadevida.com.ar\/portalurbano\/galli-se-mostro-favorable-a-la-vuelta-de-clases-todos-queremos-que-los-chicos-vuelvan\/","og_locale":"es_ES","og_type":"article","og_title":"Galli se mostr\u00f3 favorable a la vuelta de clases: \"Queremos que vuelvan\"","og_description":"Galli se mostr\u00f3 favorable a la vuelta de clases: \"Todos queremos que los chicos vuelvan\" as\u00ed lo mencion\u00f3 en una entrevista radial este jueves","og_url":"https:\/\/experienciadevida.com.ar\/portalurbano\/galli-se-mostro-favorable-a-la-vuelta-de-clases-todos-queremos-que-los-chicos-vuelvan\/","article_publisher":"https:\/\/www.facebook.com\/Portal-Urbano-171542830093757\/","article_published_time":"2021-01-22T19:15:51+00:00","article_modified_time":"2021-01-22T19:16:29+00:00","og_image":[{"width":765,"height":511,"url":"https:\/\/experienciadevida.com.ar\/portalurbano\/wp-content\/uploads\/2020\/11\/Galli-3-e1606784708810.jpg","type":"image\/jpeg"}],"author":"admpu17wp","twitter_card":"summary_large_image","twitter_creator":"@portalurbanook","twitter_site":"@portalurbanook","twitter_misc":{"Escrito por":"admpu17wp","Tiempo de lectura":"2 minutos"},"schema":{"@context":"https:\/\/schema.org","@graph":[{"@type":"Article","@id":"https:\/\/experienciadevida.com.ar\/portalurbano\/galli-se-mostro-favorable-a-la-vuelta-de-clases-todos-queremos-que-los-chicos-vuelvan\/#article","isPartOf":{"@id":"https:\/\/experienciadevida.com.ar\/portalurbano\/galli-se-mostro-favorable-a-la-vuelta-de-clases-todos-queremos-que-los-chicos-vuelvan\/"},"author":{"name":"admpu17wp","@id":"https:\/\/experienciadevida.com.ar\/portalurbano\/#\/schema\/person\/02dd326b1c4b056e9cc972486934a3a7"},"headline":"Galli se mostr\u00f3 favorable a la vuelta de clases: &#8220;Todos queremos que los chicos vuelvan&#8221;","datePublished":"2021-01-22T19:15:51+00:00","dateModified":"2021-01-22T19:16:29+00:00","mainEntityOfPage":{"@id":"https:\/\/experienciadevida.com.ar\/portalurbano\/galli-se-mostro-favorable-a-la-vuelta-de-clases-todos-queremos-que-los-chicos-vuelvan\/"},"wordCount":334,"publisher":{"@id":"https:\/\/experienciadevida.com.ar\/portalurbano\/#organization"},"articleSection":["Ciudad","Destacadas 2"],"inLanguage":"es"},{"@type":"WebPage","@id":"https:\/\/experienciadevida.com.ar\/portalurbano\/galli-se-mostro-favorable-a-la-vuelta-de-clases-todos-queremos-que-los-chicos-vuelvan\/","url":"https:\/\/experienciadevida.com.ar\/portalurbano\/galli-se-mostro-favorable-a-la-vuelta-de-clases-todos-queremos-que-los-chicos-vuelvan\/","name":"Galli se mostr\u00f3 favorable a la vuelta de clases: \"Queremos que vuelvan\"","isPartOf":{"@id":"https:\/\/experienciadevida.com.ar\/portalurbano\/#website"},"datePublished":"2021-01-22T19:15:51+00:00","dateModified":"2021-01-22T19:16:29+00:00","description":"Galli se mostr\u00f3 favorable a la vuelta de clases: \"Todos queremos que los chicos vuelvan\" as\u00ed lo mencion\u00f3 en una entrevista radial este jueves","breadcrumb":{"@id":"https:\/\/experienciadevida.com.ar\/portalurbano\/galli-se-mostro-favorable-a-la-vuelta-de-clases-todos-queremos-que-los-chicos-vuelvan\/#breadcrumb"},"inLanguage":"es","potentialAction":[{"@type":"ReadAction","target":["https:\/\/experienciadevida.com.ar\/portalurbano\/galli-se-mostro-favorable-a-la-vuelta-de-clases-todos-queremos-que-los-chicos-vuelvan\/"]}]},{"@type":"BreadcrumbList","@id":"https:\/\/experienciadevida.com.ar\/portalurbano\/galli-se-mostro-favorable-a-la-vuelta-de-clases-todos-queremos-que-los-chicos-vuelvan\/#breadcrumb","itemListElement":[{"@type":"ListItem","position":1,"name":"Portada","item":"https:\/\/experienciadevida.com.ar\/portalurbano\/"},{"@type":"ListItem","position":2,"name":"Galli se mostr\u00f3 favorable a la vuelta de clases: \u00abTodos queremos que los chicos vuelvan\u00bb"}]},{"@type":"WebSite","@id":"https:\/\/experienciadevida.com.ar\/portalurbano\/#website","url":"https:\/\/experienciadevida.com.ar\/portalurbano\/","name":"","description":"","publisher":{"@id":"https:\/\/experienciadevida.com.ar\/portalurbano\/#organization"},"potentialAction":[{"@type":"SearchAction","target":{"@type":"EntryPoint","urlTemplate":"https:\/\/experienciadevida.com.ar\/portalurbano\/?s={search_term_string}"},"query-input":"required name=search_term_string"}],"inLanguage":"es"},{"@type":"Organization","@id":"https:\/\/experienciadevida.com.ar\/portalurbano\/#organization","name":"Portal Urbano","url":"https:\/\/experienciadevida.com.ar\/portalurbano\/","logo":{"@type":"ImageObject","inLanguage":"es","@id":"https:\/\/experienciadevida.com.ar\/portalurbano\/#\/schema\/logo\/image\/","url":"https:\/\/experienciadevida.com.ar\/portalurbano\/wp-content\/uploads\/2019\/09\/Logo-Original.png","contentUrl":"https:\/\/experienciadevida.com.ar\/portalurbano\/wp-content\/uploads\/2019\/09\/Logo-Original.png","width":2236,"height":1216,"caption":"Portal Urbano"},"image":{"@id":"https:\/\/experienciadevida.com.ar\/portalurbano\/#\/schema\/logo\/image\/"},"sameAs":["https:\/\/www.facebook.com\/Portal-Urbano-171542830093757\/","https:\/\/twitter.com\/portalurbanook","https:\/\/www.instagram.com\/_portalurbano\/","https:\/\/www.youtube.com\/channel\/UCXhagIfszH8KxFiOok79zbA?view_as=subscriber"]},{"@type":"Person","@id":"https:\/\/experienciadevida.com.ar\/portalurbano\/#\/schema\/person\/02dd326b1c4b056e9cc972486934a3a7","name":"admpu17wp","image":{"@type":"ImageObject","inLanguage":"es","@id":"https:\/\/experienciadevida.com.ar\/portalurbano\/#\/schema\/person\/image\/","url":"https:\/\/secure.gravatar.com\/avatar\/830d4c57adaae6630765e449a6908047?s=96&d=mm&r=g","contentUrl":"https:\/\/secure.gravatar.com\/avatar\/830d4c57adaae6630765e449a6908047?s=96&d=mm&r=g","caption":"admpu17wp"}}]}},"featured_image_urls":{"full":["https:\/\/experienciadevida.com.ar\/portalurbano\/wp-content\/uploads\/2020\/11\/Galli-3-e1606784708810.jpg",765,511,false],"thumbnail":["https:\/\/experienciadevida.com.ar\/portalurbano\/wp-content\/uploads\/2020\/11\/Galli-3-150x150.jpg",150,150,true],"medium":["https:\/\/experienciadevida.com.ar\/portalurbano\/wp-content\/uploads\/2020\/11\/Galli-3-300x201.jpg",300,201,true],"medium_large":["https:\/\/experienciadevida.com.ar\/portalurbano\/wp-content\/uploads\/2020\/11\/Galli-3-768x513.jpg",640,428,true],"large":["https:\/\/experienciadevida.com.ar\/portalurbano\/wp-content\/uploads\/2020\/11\/Galli-3-1024x684.jpg",640,428,true],"ug_big":["https:\/\/experienciadevida.com.ar\/portalurbano\/wp-content\/uploads\/2020\/11\/Galli-3-768x513.jpg",768,513,true],"1536x1536":["https:\/\/experienciadevida.com.ar\/portalurbano\/wp-content\/uploads\/2020\/11\/Galli-3-1536x1027.jpg",1536,1027,true],"2048x2048":["https:\/\/experienciadevida.com.ar\/portalurbano\/wp-content\/uploads\/2020\/11\/Galli-3-2048x1369.jpg",2048,1369,true],"newsever-slider-full":["https:\/\/experienciadevida.com.ar\/portalurbano\/wp-content\/uploads\/2020\/11\/Galli-3-e1606784708810.jpg",765,511,false],"newsever-featured":["https:\/\/experienciadevida.com.ar\/portalurbano\/wp-content\/uploads\/2020\/11\/Galli-3-e1606784708810.jpg",765,511,false],"newsever-medium":["https:\/\/experienciadevida.com.ar\/portalurbano\/wp-content\/uploads\/2020\/11\/Galli-3-e1606784708810.jpg",711,475,false],"web-stories-poster-portrait":["https:\/\/experienciadevida.com.ar\/portalurbano\/wp-content\/uploads\/2020\/11\/Galli-3-e1606784708810.jpg",640,428,false],"web-stories-publisher-logo":["https:\/\/experienciadevida.com.ar\/portalurbano\/wp-content\/uploads\/2020\/11\/Galli-3-e1606784708810.jpg",96,64,false],"web-stories-thumbnail":["https:\/\/experienciadevida.com.ar\/portalurbano\/wp-content\/uploads\/2020\/11\/Galli-3-e1606784708810.jpg",150,100,false]},"author_info":{"display_name":"admpu17wp","author_link":"https:\/\/experienciadevida.com.ar\/portalurbano\/author\/admpu17wp\/"},"category_info":"<a href=\"https:\/\/experienciadevida.com.ar\/portalurbano\/category\/ciudad\/\" rel=\"category tag\">Ciudad<\/a> <a href=\"https:\/\/experienciadevida.com.ar\/portalurbano\/category\/destacadas-2\/\" rel=\"category tag\">Destacadas 2<\/a>","tag_info":"Destacadas 2","comment_count":"0","amp_enabled":true,"_links":{"self":[{"href":"https:\/\/experienciadevida.com.ar\/portalurbano\/wp-json\/wp\/v2\/posts\/133161"}],"collection":[{"href":"https:\/\/experienciadevida.com.ar\/portalurbano\/wp-json\/wp\/v2\/posts"}],"about":[{"href":"https:\/\/experienciadevida.com.ar\/portalurbano\/wp-json\/wp\/v2\/types\/post"}],"author":[{"embeddable":true,"href":"https:\/\/experienciadevida.com.ar\/portalurbano\/wp-json\/wp\/v2\/users\/1"}],"replies":[{"embeddable":true,"href":"https:\/\/experienciadevida.com.ar\/portalurbano\/wp-json\/wp\/v2\/comments?post=133161"}],"version-history":[{"count":4,"href":"https:\/\/experienciadevida.com.ar\/portalurbano\/wp-json\/wp\/v2\/posts\/133161\/revisions"}],"predecessor-version":[{"id":133165,"href":"https:\/\/experienciadevida.com.ar\/portalurbano\/wp-json\/wp\/v2\/posts\/133161\/revisions\/133165"}],"wp:featuredmedia":[{"embeddable":true,"href":"https:\/\/experienciadevida.com.ar\/portalurbano\/wp-json\/wp\/v2\/media\/128776"}],"wp:attachment":[{"href":"https:\/\/experienciadevida.com.ar\/portalurbano\/wp-json\/wp\/v2\/media?parent=133161"}],"wp:term":[{"taxonomy":"category","embeddable":true,"href":"https:\/\/experienciadevida.com.ar\/portalurbano\/wp-json\/wp\/v2\/categories?post=133161"},{"taxonomy":"post_tag","embeddable":true,"href":"https:\/\/experienciadevida.com.ar\/portalurbano\/wp-json\/wp\/v2\/tags?post=133161"}],"curies":[{"name":"wp","href":"https:\/\/api.w.org\/{rel}","templated":true}]}}