{"id":133118,"date":"2021-01-22T10:31:18","date_gmt":"2021-01-22T13:31:18","guid":{"rendered":"https:\/\/experienciadevida.com.ar\/portalurbano\/?p=133118"},"modified":"2021-01-22T10:35:07","modified_gmt":"2021-01-22T13:35:07","slug":"implementaran-en-febrero-programas-de-recuperacion-y-revinculacion-escolar","status":"publish","type":"post","link":"https:\/\/experienciadevida.com.ar\/portalurbano\/implementaran-en-febrero-programas-de-recuperacion-y-revinculacion-escolar\/","title":{"rendered":"Implementar\u00e1n en febrero programas de recuperaci\u00f3n y revinculaci\u00f3n escolar"},"content":{"rendered":"<p>Implementar\u00e1n en febrero programas de recuperaci\u00f3n y revinculaci\u00f3n escolar. El ministro de Educaci\u00f3n de la Naci\u00f3n, Nicol\u00e1s Trotta, record\u00f3 que para recuperar el v\u00ednculo con la escuela buscar\u00e1 que &#8220;cada una de nuestras ni\u00f1as y ni\u00f1os vuelvan y se queden en la escuela&#8221;.<\/p>\n<p>Las provincias implementar\u00e1n a partir de febrero programas de recuperaci\u00f3n de contenidos educativos y espacios para la revinculaci\u00f3n de estudiantes que a ra\u00edz de la pandemia de coronavirus tuvieron trayectorias escolares discontinuas el a\u00f1o pasado y para ello pondr\u00e1n en marcha unidades pedag\u00f3gicas, actividades especiales y tutor\u00edas docentes, ante el inicio del ciclo lectivo 2021.<\/p>\n<p>Varias de esas actividades se enmarcan en el Programa Acompa\u00f1ar, Puentes de Igualdad implementado por el Ministerio de Educaci\u00f3n de la Naci\u00f3n, cuyo titular, Nicol\u00e1s Trotta, record\u00f3 que para recuperar el v\u00ednculo con la escuela buscar\u00e1 que &#8220;cada una de nuestras ni\u00f1as y ni\u00f1os vuelvan y se queden en la escuela&#8221; con un plan de &#8220;codise\u00f1o federal, que est\u00e1 dirigido a complementar iniciativas existentes y generar solidaridades territoriales atendiendo a las necesidades de cada regi\u00f3n&#8221;.<\/p>\n<p>En ese sentido, la ministra de Educaci\u00f3n de Neuqu\u00e9n, Cristina Storioni, resalt\u00f3 como un desaf\u00edo &#8220;proponer una agenda desde ahora, durante la post-pandemia inmediata y a mediano plazo&#8221; con &#8220;pol\u00edticas de solidaridad, reconocimiento, participaci\u00f3n y di\u00e1logo&#8221;.<\/p>\n<p>Al describir el objetivo de los programas que implementar\u00e1n en febrero, la funcionaria explic\u00f3 que se apela a &#8220;una solidaridad que tiene su trama en lo que no es escolar pero que se pone al servicio de lo escolar, para propiciar unos modos hacia el &#8216;adentro&#8217; de la escuela que aminoren frustraciones y decepciones&#8221;.<\/p>\n<p>Por su parte, en la provincia de Buenos Aires se reanudar\u00e1n en febrero los procesos de intensificaci\u00f3n de la ense\u00f1anza, con el objetivo de acompa\u00f1ar a los estudiantes que durante 2020 tuvieron trayectorias educativas discontinuas, dado que seg\u00fan una resoluci\u00f3n del \u00e1rea educativa se contempla como un mismo ciclo a la unidad pedag\u00f3gica 2020-2021 a ra\u00edz de la pandemia.<\/p>\n<p>Durante enero, la provincia lleva adelante el ciclo &#8220;Verano ATR&#8221; (Ante Todo Responsables), destinado a m\u00e1s de 300 mil estudiantes que realizar\u00e1n actividades pedag\u00f3gicas, l\u00fadicas y recreativas para abordar los contenidos curriculares priorizados en cada a\u00f1o y nivel de ense\u00f1anza.<\/p>\n<p>En C\u00f3rdoba, 232 escuelas de la provincia van a disponer de docentes tutores para empezar un trabajo de apoyo para quienes por diversas circunstancias discontinuaron la presentaci\u00f3n de los trabajos escolares, y de este modo reforzar su situaci\u00f3n educativa.<\/p>\n<p>En Santa Fe, donde las clases comenzar\u00e1n el 15 de marzo, los docentes regresar\u00e1n a las escuelas el 17 de febrero para completar con los alumnos de 7mo grado y 5to y 6to a\u00f1o de la secundaria el &#8220;per\u00edodo de intensificaci\u00f3n pedag\u00f3gica&#8221; que culminar\u00e1 el 10 de marzo.<\/p>\n<p>La ministra de Educaci\u00f3n, Adriana Cantero, expres\u00f3 que &#8220;a partir de ese momento vamos a trabajar con los grupos prioritarios hasta el 10 de marzo, complementando y asegurando las competencias b\u00e1sicas del nivel&#8221;.<\/p>\n<p>En Mendoza, el gobernador Rodolfo Suarez ratific\u00f3 que &#8220;el 10 de febrero comienzan los chicos de trayectorias d\u00e9biles que no han podido acceder durante el 2020 a las clases por la falta de acceso tecnol\u00f3gico&#8221;.<\/p>\n<p>El director general de escuelas, Jos\u00e9 Thomas, explic\u00f3 que implementaran en febrero programas de revinculaci\u00f3n &#8220;el plan que se maneja en el gobierno de la provincia es que haya asistencia con la mayor intensidad posible para los primeros meses del a\u00f1o&#8221;, ya que fueron casi 19.000 los estudiantes con inconvenientes.<\/p>\n<p>En Santiago del Estero, el 17 de febrero volver\u00e1n a clases los alumnos de los a\u00f1os superiores del Nivel Primario y Secundario que no pudieron alcanzar los objetivos en diciembre quienes, seg\u00fan la ministra de Educaci\u00f3n, Mariela Nassif, van a trabajar &#8220;en unidades pedag\u00f3gicas para que los contenidos no abarcados se puedan unir con los de este a\u00f1o&#8221;.<\/p>\n<p>Nassif se\u00f1al\u00f3 que &#8220;es esencial que los chicos puedan estar incluidos en el sistema educativo&#8221; y sostuvo que &#8220;est\u00e1n puestos en marcha todos los mecanismos para que nuestros alumnos avancen y recuperen los contenidos&#8221;.<\/p>\n<p>&#8220;Es un trabajo artesanal, para que la escuela sea el mejor lugar donde los chicos puedan estar&#8221;, a\u00f1adi\u00f3 y record\u00f3 que el 8 de febrero los equipos de gesti\u00f3n, administrativos y de maestranza retomar\u00e1n el acondicionamiento y la organizaci\u00f3n de las instituciones educativas.<\/p>\n<p>Adem\u00e1s, detall\u00f3 que est\u00e1n &#8220;incluidos en el programa Acompa\u00f1ar: Puentes de Igualdad, que significa que muchas instituciones gubernamentales y no gubernamentales nos van a acompa\u00f1ar en este proceso de revincular a los alumnos que quiz\u00e1s no pudieron cumplir con los objetivos del 2020 o que han estado desvinculado del \u00e1mbito educativo&#8221;.<\/p>\n<p>En R\u00edo Negro, donde las clases comienzan el 3 de marzo, &#8220;los docentes podr\u00e1n comenzar con tareas de vinculaci\u00f3n desde el 8 de febrero y los cursos no podr\u00e1n superar una capacidad m\u00e1xima de 15 estudiantes&#8221;, se\u00f1alaron fuentes de la cartera educativa provincial.<\/p>\n<p>La ministra de Educaci\u00f3n de Tierra del Fuego, Anal\u00eda Cubino, detall\u00f3 que para reactivar el dictado de clases &#8220;lo primero ser\u00e1 concluir las actividades de los estudiantes que est\u00e1n terminando el nivel secundario, y que corresponden al ciclo 2020&#8221;.<\/p>\n<p>&#8220;Estos alumnos volver\u00e1n a tener contacto con sus docentes desde el 17 de febrero y hasta el 30 de marzo, de manera virtual y con la realizaci\u00f3n de un trabajo final integrador&#8221;, acot\u00f3.<\/p>\n<p>Jujuy, por su parte, desarroll\u00f3 en noviembre y diciembre un programa destinado a la revinculaci\u00f3n social escolar, de car\u00e1cter optativo, del cual participaron los alumnos de primero a sexto grado de la primaria y de primero a cuarto de secundaria.<\/p>\n<p>Las escuelas de educaci\u00f3n t\u00e9cnica y agrot\u00e9cnica realizaron pr\u00e1cticas en talleres, laboratorios y espacios productivos, y cada tres horas un intervalo de quince minutos para la higienizaci\u00f3n.<\/p>\n<p>En esa provincia, las clases comenzar\u00e1n el 17 de febrero de forma presencial, d\u00eda h\u00e1bil de por medio, en los horarios habituales para diferentes turnos. Los d\u00edas en que no asistan deber\u00e1n cumplir con tareas que los docentes les asignen.<\/p>\n<p>En Misiones se instalar\u00e1n Centros de Apoyo Pedag\u00f3gicos y Tecnol\u00f3gicos en cada municipio para acompa\u00f1ar a los estudiantes de sexto grado hasta el nivel superior, a alcanzar los contenidos del ciclo lectivo 2020-21, inform\u00f3 hoy el Ministerio de Educaci\u00f3n, Ciencia y Tecnolog\u00eda local.<\/p>\n<p>Los Centros de Apoyo comenzar\u00e1n a funcionar en febrero, ser\u00e1n gratuitos y estar\u00e1n equipados con computadoras, wifi, entornos virtuales formativos y ser\u00e1n espacios no escolares que buscar\u00e1n garantizar y democratizar el acceso a la educaci\u00f3n.<\/p>\n<p>En Neuqu\u00e9n, el Ministerio de Educaci\u00f3n implementar\u00e1 el programa &#8220;Puentes de Verano&#8221;, para generar estrategias de regreso y revinculaci\u00f3n escolar a trayectorias educativas interrumpidas total o parcialmente durante el 2020.<\/p>\n<p>La ministra de Educaci\u00f3n y presidenta del Consejo Provincial de Educaci\u00f3n (CPE), Cristina Storioni explic\u00f3 que &#8220;se proyecta acompa\u00f1ar a m\u00e1s de 2.200 trayectorias de estudiantes de secundaria y tercer ciclo de primaria, para lo que se dispondr\u00e1n 35 nodos que desplegar\u00e1n diferentes actividades&#8221;.<\/p>\n<p>&#8220;Acompa\u00f1ar implica asumir pol\u00edticas de solidaridad, reconocimiento, participaci\u00f3n&#8221;, a\u00f1adi\u00f3 y destall\u00f3 que una de las acciones del Puentes de Verano consiste en la implementaci\u00f3n de Centros Educativos Comunitarios en los que se desarrollar\u00e1n espacios art\u00edsticos, a partir de talleres de: m\u00fasica, medios audiovisuales, literarios, artes visuales, oralidad, l\u00fadico y organizaci\u00f3n escolar.<\/p>\n<p>Asimismo, los programas Puentes de Verano que se vinculan con el nacional Acompa\u00f1ar se implementan en Chaco, Salta, Catamarca y otras provincias.<\/p>\n<p>Fuente: Telam<\/p>\n","protected":false},"excerpt":{"rendered":"<p>Implementar\u00e1n en febrero programas de recuperaci\u00f3n y revinculaci\u00f3n escolar. El ministro de Educaci\u00f3n de la&#8230;<\/p>\n","protected":false},"author":1,"featured_media":133119,"comment_status":"closed","ping_status":"closed","sticky":false,"template":"","format":"standard","meta":{"content-type":""},"categories":[51,44],"tags":[],"nelio_content":{"isAutoShareEnabled":false,"autoShareEndMode":"default","automationSources":{"useContentSentences":true,"useSocialTemplates":true,"useCustomSentences":false,"customSentences":[]},"followers":[1],"suggestedReferences":[],"includedReferences":[],"efiUrl":"","efiAlt":"","highlights":[]},"yoast_head":"<!-- This site is optimized with the Yoast SEO plugin v20.7 - https:\/\/yoast.com\/wordpress\/plugins\/seo\/ -->\n<title>Implementaran en febrero programas de recuperaci\u00f3n escolar<\/title>\n<meta name=\"description\" content=\"Implementar\u00e1n en febrero programas de recuperaci\u00f3n y revinculaci\u00f3n escolar, Trotta record\u00f3 que buscar\u00e1n que los ni\u00f1os se queden en la escuela\" \/>\n<meta name=\"robots\" content=\"index, follow, max-snippet:-1, max-image-preview:large, max-video-preview:-1\" \/>\n<link rel=\"canonical\" href=\"https:\/\/experienciadevida.com.ar\/portalurbano\/implementaran-en-febrero-programas-de-recuperacion-y-revinculacion-escolar\/\" \/>\n<meta property=\"og:locale\" content=\"es_ES\" \/>\n<meta property=\"og:type\" content=\"article\" \/>\n<meta property=\"og:title\" content=\"Implementaran en febrero programas de recuperaci\u00f3n escolar\" \/>\n<meta property=\"og:description\" content=\"Implementar\u00e1n en febrero programas de recuperaci\u00f3n y revinculaci\u00f3n escolar, Trotta record\u00f3 que buscar\u00e1n que los ni\u00f1os se queden en la escuela\" \/>\n<meta property=\"og:url\" content=\"https:\/\/experienciadevida.com.ar\/portalurbano\/implementaran-en-febrero-programas-de-recuperacion-y-revinculacion-escolar\/\" \/>\n<meta property=\"article:publisher\" content=\"https:\/\/www.facebook.com\/Portal-Urbano-171542830093757\/\" \/>\n<meta property=\"article:published_time\" content=\"2021-01-22T13:31:18+00:00\" \/>\n<meta property=\"article:modified_time\" content=\"2021-01-22T13:35:07+00:00\" \/>\n<meta property=\"og:image\" content=\"https:\/\/experienciadevida.com.ar\/portalurbano\/wp-content\/uploads\/2021\/01\/Implementaran-en-febrero-programas.jpg\" \/>\n\t<meta property=\"og:image:width\" content=\"1004\" \/>\n\t<meta property=\"og:image:height\" content=\"565\" \/>\n\t<meta property=\"og:image:type\" content=\"image\/jpeg\" \/>\n<meta name=\"author\" content=\"admpu17wp\" \/>\n<meta name=\"twitter:card\" content=\"summary_large_image\" \/>\n<meta name=\"twitter:creator\" content=\"@portalurbanook\" \/>\n<meta name=\"twitter:site\" content=\"@portalurbanook\" \/>\n<meta name=\"twitter:label1\" content=\"Escrito por\" \/>\n\t<meta name=\"twitter:data1\" content=\"admpu17wp\" \/>\n\t<meta name=\"twitter:label2\" content=\"Tiempo de lectura\" \/>\n\t<meta name=\"twitter:data2\" content=\"6 minutos\" \/>\n<script type=\"application\/ld+json\" class=\"yoast-schema-graph\">{\"@context\":\"https:\/\/schema.org\",\"@graph\":[{\"@type\":\"Article\",\"@id\":\"https:\/\/experienciadevida.com.ar\/portalurbano\/implementaran-en-febrero-programas-de-recuperacion-y-revinculacion-escolar\/#article\",\"isPartOf\":{\"@id\":\"https:\/\/experienciadevida.com.ar\/portalurbano\/implementaran-en-febrero-programas-de-recuperacion-y-revinculacion-escolar\/\"},\"author\":{\"name\":\"admpu17wp\",\"@id\":\"https:\/\/experienciadevida.com.ar\/portalurbano\/#\/schema\/person\/02dd326b1c4b056e9cc972486934a3a7\"},\"headline\":\"Implementar\u00e1n en febrero programas de recuperaci\u00f3n y revinculaci\u00f3n escolar\",\"datePublished\":\"2021-01-22T13:31:18+00:00\",\"dateModified\":\"2021-01-22T13:35:07+00:00\",\"mainEntityOfPage\":{\"@id\":\"https:\/\/experienciadevida.com.ar\/portalurbano\/implementaran-en-febrero-programas-de-recuperacion-y-revinculacion-escolar\/\"},\"wordCount\":1324,\"publisher\":{\"@id\":\"https:\/\/experienciadevida.com.ar\/portalurbano\/#organization\"},\"articleSection\":[\"Destacadas\",\"Provincia\"],\"inLanguage\":\"es\"},{\"@type\":\"WebPage\",\"@id\":\"https:\/\/experienciadevida.com.ar\/portalurbano\/implementaran-en-febrero-programas-de-recuperacion-y-revinculacion-escolar\/\",\"url\":\"https:\/\/experienciadevida.com.ar\/portalurbano\/implementaran-en-febrero-programas-de-recuperacion-y-revinculacion-escolar\/\",\"name\":\"Implementaran en febrero programas de recuperaci\u00f3n escolar\",\"isPartOf\":{\"@id\":\"https:\/\/experienciadevida.com.ar\/portalurbano\/#website\"},\"datePublished\":\"2021-01-22T13:31:18+00:00\",\"dateModified\":\"2021-01-22T13:35:07+00:00\",\"description\":\"Implementar\u00e1n en febrero programas de recuperaci\u00f3n y revinculaci\u00f3n escolar, Trotta record\u00f3 que buscar\u00e1n que los ni\u00f1os se queden en la escuela\",\"breadcrumb\":{\"@id\":\"https:\/\/experienciadevida.com.ar\/portalurbano\/implementaran-en-febrero-programas-de-recuperacion-y-revinculacion-escolar\/#breadcrumb\"},\"inLanguage\":\"es\",\"potentialAction\":[{\"@type\":\"ReadAction\",\"target\":[\"https:\/\/experienciadevida.com.ar\/portalurbano\/implementaran-en-febrero-programas-de-recuperacion-y-revinculacion-escolar\/\"]}]},{\"@type\":\"BreadcrumbList\",\"@id\":\"https:\/\/experienciadevida.com.ar\/portalurbano\/implementaran-en-febrero-programas-de-recuperacion-y-revinculacion-escolar\/#breadcrumb\",\"itemListElement\":[{\"@type\":\"ListItem\",\"position\":1,\"name\":\"Portada\",\"item\":\"https:\/\/experienciadevida.com.ar\/portalurbano\/\"},{\"@type\":\"ListItem\",\"position\":2,\"name\":\"Implementar\u00e1n en febrero programas de recuperaci\u00f3n y revinculaci\u00f3n escolar\"}]},{\"@type\":\"WebSite\",\"@id\":\"https:\/\/experienciadevida.com.ar\/portalurbano\/#website\",\"url\":\"https:\/\/experienciadevida.com.ar\/portalurbano\/\",\"name\":\"\",\"description\":\"\",\"publisher\":{\"@id\":\"https:\/\/experienciadevida.com.ar\/portalurbano\/#organization\"},\"potentialAction\":[{\"@type\":\"SearchAction\",\"target\":{\"@type\":\"EntryPoint\",\"urlTemplate\":\"https:\/\/experienciadevida.com.ar\/portalurbano\/?s={search_term_string}\"},\"query-input\":\"required name=search_term_string\"}],\"inLanguage\":\"es\"},{\"@type\":\"Organization\",\"@id\":\"https:\/\/experienciadevida.com.ar\/portalurbano\/#organization\",\"name\":\"Portal Urbano\",\"url\":\"https:\/\/experienciadevida.com.ar\/portalurbano\/\",\"logo\":{\"@type\":\"ImageObject\",\"inLanguage\":\"es\",\"@id\":\"https:\/\/experienciadevida.com.ar\/portalurbano\/#\/schema\/logo\/image\/\",\"url\":\"https:\/\/experienciadevida.com.ar\/portalurbano\/wp-content\/uploads\/2019\/09\/Logo-Original.png\",\"contentUrl\":\"https:\/\/experienciadevida.com.ar\/portalurbano\/wp-content\/uploads\/2019\/09\/Logo-Original.png\",\"width\":2236,\"height\":1216,\"caption\":\"Portal Urbano\"},\"image\":{\"@id\":\"https:\/\/experienciadevida.com.ar\/portalurbano\/#\/schema\/logo\/image\/\"},\"sameAs\":[\"https:\/\/www.facebook.com\/Portal-Urbano-171542830093757\/\",\"https:\/\/twitter.com\/portalurbanook\",\"https:\/\/www.instagram.com\/_portalurbano\/\",\"https:\/\/www.youtube.com\/channel\/UCXhagIfszH8KxFiOok79zbA?view_as=subscriber\"]},{\"@type\":\"Person\",\"@id\":\"https:\/\/experienciadevida.com.ar\/portalurbano\/#\/schema\/person\/02dd326b1c4b056e9cc972486934a3a7\",\"name\":\"admpu17wp\",\"image\":{\"@type\":\"ImageObject\",\"inLanguage\":\"es\",\"@id\":\"https:\/\/experienciadevida.com.ar\/portalurbano\/#\/schema\/person\/image\/\",\"url\":\"https:\/\/secure.gravatar.com\/avatar\/830d4c57adaae6630765e449a6908047?s=96&d=mm&r=g\",\"contentUrl\":\"https:\/\/secure.gravatar.com\/avatar\/830d4c57adaae6630765e449a6908047?s=96&d=mm&r=g\",\"caption\":\"admpu17wp\"}}]}<\/script>\n<!-- \/ Yoast SEO plugin. -->","yoast_head_json":{"title":"Implementaran en febrero programas de recuperaci\u00f3n escolar","description":"Implementar\u00e1n en febrero programas de recuperaci\u00f3n y revinculaci\u00f3n escolar, Trotta record\u00f3 que buscar\u00e1n que los ni\u00f1os se queden en la escuela","robots":{"index":"index","follow":"follow","max-snippet":"max-snippet:-1","max-image-preview":"max-image-preview:large","max-video-preview":"max-video-preview:-1"},"canonical":"https:\/\/experienciadevida.com.ar\/portalurbano\/implementaran-en-febrero-programas-de-recuperacion-y-revinculacion-escolar\/","og_locale":"es_ES","og_type":"article","og_title":"Implementaran en febrero programas de recuperaci\u00f3n escolar","og_description":"Implementar\u00e1n en febrero programas de recuperaci\u00f3n y revinculaci\u00f3n escolar, Trotta record\u00f3 que buscar\u00e1n que los ni\u00f1os se queden en la escuela","og_url":"https:\/\/experienciadevida.com.ar\/portalurbano\/implementaran-en-febrero-programas-de-recuperacion-y-revinculacion-escolar\/","article_publisher":"https:\/\/www.facebook.com\/Portal-Urbano-171542830093757\/","article_published_time":"2021-01-22T13:31:18+00:00","article_modified_time":"2021-01-22T13:35:07+00:00","og_image":[{"width":1004,"height":565,"url":"https:\/\/experienciadevida.com.ar\/portalurbano\/wp-content\/uploads\/2021\/01\/Implementaran-en-febrero-programas.jpg","type":"image\/jpeg"}],"author":"admpu17wp","twitter_card":"summary_large_image","twitter_creator":"@portalurbanook","twitter_site":"@portalurbanook","twitter_misc":{"Escrito por":"admpu17wp","Tiempo de lectura":"6 minutos"},"schema":{"@context":"https:\/\/schema.org","@graph":[{"@type":"Article","@id":"https:\/\/experienciadevida.com.ar\/portalurbano\/implementaran-en-febrero-programas-de-recuperacion-y-revinculacion-escolar\/#article","isPartOf":{"@id":"https:\/\/experienciadevida.com.ar\/portalurbano\/implementaran-en-febrero-programas-de-recuperacion-y-revinculacion-escolar\/"},"author":{"name":"admpu17wp","@id":"https:\/\/experienciadevida.com.ar\/portalurbano\/#\/schema\/person\/02dd326b1c4b056e9cc972486934a3a7"},"headline":"Implementar\u00e1n en febrero programas de recuperaci\u00f3n y revinculaci\u00f3n escolar","datePublished":"2021-01-22T13:31:18+00:00","dateModified":"2021-01-22T13:35:07+00:00","mainEntityOfPage":{"@id":"https:\/\/experienciadevida.com.ar\/portalurbano\/implementaran-en-febrero-programas-de-recuperacion-y-revinculacion-escolar\/"},"wordCount":1324,"publisher":{"@id":"https:\/\/experienciadevida.com.ar\/portalurbano\/#organization"},"articleSection":["Destacadas","Provincia"],"inLanguage":"es"},{"@type":"WebPage","@id":"https:\/\/experienciadevida.com.ar\/portalurbano\/implementaran-en-febrero-programas-de-recuperacion-y-revinculacion-escolar\/","url":"https:\/\/experienciadevida.com.ar\/portalurbano\/implementaran-en-febrero-programas-de-recuperacion-y-revinculacion-escolar\/","name":"Implementaran en febrero programas de recuperaci\u00f3n escolar","isPartOf":{"@id":"https:\/\/experienciadevida.com.ar\/portalurbano\/#website"},"datePublished":"2021-01-22T13:31:18+00:00","dateModified":"2021-01-22T13:35:07+00:00","description":"Implementar\u00e1n en febrero programas de recuperaci\u00f3n y revinculaci\u00f3n escolar, Trotta record\u00f3 que buscar\u00e1n que los ni\u00f1os se queden en la escuela","breadcrumb":{"@id":"https:\/\/experienciadevida.com.ar\/portalurbano\/implementaran-en-febrero-programas-de-recuperacion-y-revinculacion-escolar\/#breadcrumb"},"inLanguage":"es","potentialAction":[{"@type":"ReadAction","target":["https:\/\/experienciadevida.com.ar\/portalurbano\/implementaran-en-febrero-programas-de-recuperacion-y-revinculacion-escolar\/"]}]},{"@type":"BreadcrumbList","@id":"https:\/\/experienciadevida.com.ar\/portalurbano\/implementaran-en-febrero-programas-de-recuperacion-y-revinculacion-escolar\/#breadcrumb","itemListElement":[{"@type":"ListItem","position":1,"name":"Portada","item":"https:\/\/experienciadevida.com.ar\/portalurbano\/"},{"@type":"ListItem","position":2,"name":"Implementar\u00e1n en febrero programas de recuperaci\u00f3n y revinculaci\u00f3n escolar"}]},{"@type":"WebSite","@id":"https:\/\/experienciadevida.com.ar\/portalurbano\/#website","url":"https:\/\/experienciadevida.com.ar\/portalurbano\/","name":"","description":"","publisher":{"@id":"https:\/\/experienciadevida.com.ar\/portalurbano\/#organization"},"potentialAction":[{"@type":"SearchAction","target":{"@type":"EntryPoint","urlTemplate":"https:\/\/experienciadevida.com.ar\/portalurbano\/?s={search_term_string}"},"query-input":"required name=search_term_string"}],"inLanguage":"es"},{"@type":"Organization","@id":"https:\/\/experienciadevida.com.ar\/portalurbano\/#organization","name":"Portal Urbano","url":"https:\/\/experienciadevida.com.ar\/portalurbano\/","logo":{"@type":"ImageObject","inLanguage":"es","@id":"https:\/\/experienciadevida.com.ar\/portalurbano\/#\/schema\/logo\/image\/","url":"https:\/\/experienciadevida.com.ar\/portalurbano\/wp-content\/uploads\/2019\/09\/Logo-Original.png","contentUrl":"https:\/\/experienciadevida.com.ar\/portalurbano\/wp-content\/uploads\/2019\/09\/Logo-Original.png","width":2236,"height":1216,"caption":"Portal Urbano"},"image":{"@id":"https:\/\/experienciadevida.com.ar\/portalurbano\/#\/schema\/logo\/image\/"},"sameAs":["https:\/\/www.facebook.com\/Portal-Urbano-171542830093757\/","https:\/\/twitter.com\/portalurbanook","https:\/\/www.instagram.com\/_portalurbano\/","https:\/\/www.youtube.com\/channel\/UCXhagIfszH8KxFiOok79zbA?view_as=subscriber"]},{"@type":"Person","@id":"https:\/\/experienciadevida.com.ar\/portalurbano\/#\/schema\/person\/02dd326b1c4b056e9cc972486934a3a7","name":"admpu17wp","image":{"@type":"ImageObject","inLanguage":"es","@id":"https:\/\/experienciadevida.com.ar\/portalurbano\/#\/schema\/person\/image\/","url":"https:\/\/secure.gravatar.com\/avatar\/830d4c57adaae6630765e449a6908047?s=96&d=mm&r=g","contentUrl":"https:\/\/secure.gravatar.com\/avatar\/830d4c57adaae6630765e449a6908047?s=96&d=mm&r=g","caption":"admpu17wp"}}]}},"featured_image_urls":{"full":["https:\/\/experienciadevida.com.ar\/portalurbano\/wp-content\/uploads\/2021\/01\/Implementaran-en-febrero-programas.jpg",1004,565,false],"thumbnail":["https:\/\/experienciadevida.com.ar\/portalurbano\/wp-content\/uploads\/2021\/01\/Implementaran-en-febrero-programas-150x150.jpg",150,150,true],"medium":["https:\/\/experienciadevida.com.ar\/portalurbano\/wp-content\/uploads\/2021\/01\/Implementaran-en-febrero-programas-300x169.jpg",300,169,true],"medium_large":["https:\/\/experienciadevida.com.ar\/portalurbano\/wp-content\/uploads\/2021\/01\/Implementaran-en-febrero-programas-768x432.jpg",640,360,true],"large":["https:\/\/experienciadevida.com.ar\/portalurbano\/wp-content\/uploads\/2021\/01\/Implementaran-en-febrero-programas.jpg",640,360,false],"ug_big":["https:\/\/experienciadevida.com.ar\/portalurbano\/wp-content\/uploads\/2021\/01\/Implementaran-en-febrero-programas-768x432.jpg",768,432,true],"1536x1536":["https:\/\/experienciadevida.com.ar\/portalurbano\/wp-content\/uploads\/2021\/01\/Implementaran-en-febrero-programas.jpg",1004,565,false],"2048x2048":["https:\/\/experienciadevida.com.ar\/portalurbano\/wp-content\/uploads\/2021\/01\/Implementaran-en-febrero-programas.jpg",1004,565,false],"newsever-slider-full":["https:\/\/experienciadevida.com.ar\/portalurbano\/wp-content\/uploads\/2021\/01\/Implementaran-en-febrero-programas.jpg",1004,565,false],"newsever-featured":["https:\/\/experienciadevida.com.ar\/portalurbano\/wp-content\/uploads\/2021\/01\/Implementaran-en-febrero-programas.jpg",1004,565,false],"newsever-medium":["https:\/\/experienciadevida.com.ar\/portalurbano\/wp-content\/uploads\/2021\/01\/Implementaran-en-febrero-programas.jpg",720,405,false],"web-stories-poster-portrait":["https:\/\/experienciadevida.com.ar\/portalurbano\/wp-content\/uploads\/2021\/01\/Implementaran-en-febrero-programas.jpg",640,360,false],"web-stories-publisher-logo":["https:\/\/experienciadevida.com.ar\/portalurbano\/wp-content\/uploads\/2021\/01\/Implementaran-en-febrero-programas.jpg",96,54,false],"web-stories-thumbnail":["https:\/\/experienciadevida.com.ar\/portalurbano\/wp-content\/uploads\/2021\/01\/Implementaran-en-febrero-programas.jpg",150,84,false]},"author_info":{"display_name":"admpu17wp","author_link":"https:\/\/experienciadevida.com.ar\/portalurbano\/author\/admpu17wp\/"},"category_info":"<a href=\"https:\/\/experienciadevida.com.ar\/portalurbano\/category\/destacadas\/\" rel=\"category tag\">Destacadas<\/a> <a href=\"https:\/\/experienciadevida.com.ar\/portalurbano\/category\/provincia\/\" rel=\"category tag\">Provincia<\/a>","tag_info":"Provincia","comment_count":"0","amp_enabled":true,"_links":{"self":[{"href":"https:\/\/experienciadevida.com.ar\/portalurbano\/wp-json\/wp\/v2\/posts\/133118"}],"collection":[{"href":"https:\/\/experienciadevida.com.ar\/portalurbano\/wp-json\/wp\/v2\/posts"}],"about":[{"href":"https:\/\/experienciadevida.com.ar\/portalurbano\/wp-json\/wp\/v2\/types\/post"}],"author":[{"embeddable":true,"href":"https:\/\/experienciadevida.com.ar\/portalurbano\/wp-json\/wp\/v2\/users\/1"}],"replies":[{"embeddable":true,"href":"https:\/\/experienciadevida.com.ar\/portalurbano\/wp-json\/wp\/v2\/comments?post=133118"}],"version-history":[{"count":3,"href":"https:\/\/experienciadevida.com.ar\/portalurbano\/wp-json\/wp\/v2\/posts\/133118\/revisions"}],"predecessor-version":[{"id":133121,"href":"https:\/\/experienciadevida.com.ar\/portalurbano\/wp-json\/wp\/v2\/posts\/133118\/revisions\/133121"}],"wp:featuredmedia":[{"embeddable":true,"href":"https:\/\/experienciadevida.com.ar\/portalurbano\/wp-json\/wp\/v2\/media\/133119"}],"wp:attachment":[{"href":"https:\/\/experienciadevida.com.ar\/portalurbano\/wp-json\/wp\/v2\/media?parent=133118"}],"wp:term":[{"taxonomy":"category","embeddable":true,"href":"https:\/\/experienciadevida.com.ar\/portalurbano\/wp-json\/wp\/v2\/categories?post=133118"},{"taxonomy":"post_tag","embeddable":true,"href":"https:\/\/experienciadevida.com.ar\/portalurbano\/wp-json\/wp\/v2\/tags?post=133118"}],"curies":[{"name":"wp","href":"https:\/\/api.w.org\/{rel}","templated":true}]}}