{"id":133042,"date":"2021-01-21T10:34:44","date_gmt":"2021-01-21T13:34:44","guid":{"rendered":"https:\/\/experienciadevida.com.ar\/portalurbano\/?p=133042"},"modified":"2021-01-21T10:38:32","modified_gmt":"2021-01-21T13:38:32","slug":"robaron-dos-transformadores-y-podria-haber-baja-presion-de-agua","status":"publish","type":"post","link":"https:\/\/experienciadevida.com.ar\/portalurbano\/robaron-dos-transformadores-y-podria-haber-baja-presion-de-agua\/","title":{"rendered":"Robaron dos transformadores y podr\u00eda haber baja presi\u00f3n de agua"},"content":{"rendered":"<p>Robaron dos transformadores y podr\u00eda haber baja presi\u00f3n de agua. Durante la ma\u00f1ana de este jueves, <a href=\"https:\/\/www.coopelectric.com.ar\/\">Coopelectric<\/a> tom\u00f3 conocimiento sobre el robo de dos transformadores trif\u00e1sicos de 63 y 40 KVA (33000\/380 Volts) que alimentan dos pozos de extracci\u00f3n de agua del Servicio Sanitario. Seg\u00fan la informaci\u00f3n recabada, el hecho vand\u00e1lico habr\u00eda ocurrido durante la madrugada de hoy en la zona de Circunvalaci\u00f3n Sur y La Rioja.<\/p>\n<p>En ocasiones anteriores <a href=\"https:\/\/experienciadevida.com.ar\/portalurbano\/robaron-un-transformador-trifasico-y-trabajan-para-reponerlo\/\">coopelectirc tambi\u00e9n ha reportado el robo de transformadores.<\/a><\/p>\n<p><a href=\"https:\/\/experienciadevida.com.ar\/portalurbano\/robaron-dos-transformadores-y-podria-haber-baja-presion-de-agua\/dos-transformadores\/\" rel=\"attachment wp-att-133045\"><img decoding=\"async\" class=\"alignnone size-full wp-image-133045\" src=\"https:\/\/experienciadevida.com.ar\/portalurbano\/wp-content\/uploads\/2021\/01\/Dos-transformadores.jpeg\" alt=\"Dos transformadores\" width=\"1152\" height=\"864\" srcset=\"https:\/\/experienciadevida.com.ar\/portalurbano\/wp-content\/uploads\/2021\/01\/Dos-transformadores.jpeg 1152w, https:\/\/experienciadevida.com.ar\/portalurbano\/wp-content\/uploads\/2021\/01\/Dos-transformadores-300x225.jpeg 300w, https:\/\/experienciadevida.com.ar\/portalurbano\/wp-content\/uploads\/2021\/01\/Dos-transformadores-1024x768.jpeg 1024w, https:\/\/experienciadevida.com.ar\/portalurbano\/wp-content\/uploads\/2021\/01\/Dos-transformadores-768x576.jpeg 768w\" sizes=\"(max-width: 1152px) 100vw, 1152px\" \/><\/a><\/p>\n<p>El personal operativo de Energ\u00eda El\u00e9ctrica se encuentra realizando las tareas necesarias para reemplazar ambos transformadores.<\/p>\n<p>No obstante, al estar interrumpido el funcionamiento de dichos pozos podr\u00eda generarse baja presi\u00f3n de agua en el Servicio Sanitario. Por tal motivo, solicitan a los vecinos hacer un uso racional y administrar su consumo de<br \/>\nforma tal que puedan abastecerse con la reserva de su tanque domiciliario.<\/p>\n<p><a href=\"https:\/\/experienciadevida.com.ar\/portalurbano\/robaron-dos-transformadores-y-podria-haber-baja-presion-de-agua\/transformadores\/\" rel=\"attachment wp-att-133048\"><img decoding=\"async\" class=\"alignnone size-full wp-image-133048\" src=\"https:\/\/experienciadevida.com.ar\/portalurbano\/wp-content\/uploads\/2021\/01\/Transformadores.jpeg\" alt=\"Transformadores\" width=\"859\" height=\"573\" srcset=\"https:\/\/experienciadevida.com.ar\/portalurbano\/wp-content\/uploads\/2021\/01\/Transformadores.jpeg 859w, https:\/\/experienciadevida.com.ar\/portalurbano\/wp-content\/uploads\/2021\/01\/Transformadores-300x200.jpeg 300w, https:\/\/experienciadevida.com.ar\/portalurbano\/wp-content\/uploads\/2021\/01\/Transformadores-768x512.jpeg 768w\" sizes=\"(max-width: 859px) 100vw, 859px\" \/><\/a><\/p>\n<p>Las personas que robaron dos transformadores hacen que este hecho represente un perjuicio material para un Servicio que nos pertenece a todos los olavarrienses, por lo que en las pr\u00f3ximas horas Coopelectric radicar\u00e1 la denuncia correspondiente.<\/p>\n<p>Es importante mencionar, que quienes robaron dos transformadores,\u00a0 ponen en riesgo su propia vida al violentar instalaciones el\u00e9ctricas que requieren de personal calificado y elementos de protecci\u00f3n personal para ser manipuladas.<\/p>\n","protected":false},"excerpt":{"rendered":"<p>Robaron dos transformadores y podr\u00eda haber baja presi\u00f3n de agua. Durante la ma\u00f1ana de este&#8230;<\/p>\n","protected":false},"author":1,"featured_media":133043,"comment_status":"closed","ping_status":"closed","sticky":false,"template":"","format":"standard","meta":{"content-type":""},"categories":[27,51],"tags":[],"nelio_content":{"isAutoShareEnabled":false,"autoShareEndMode":"default","automationSources":{"useContentSentences":true,"useSocialTemplates":true,"useCustomSentences":false,"customSentences":[]},"followers":[1],"suggestedReferences":[],"includedReferences":["https:\/\/www.coopelectric.com.ar\/"],"efiUrl":"","efiAlt":"","highlights":[]},"yoast_head":"<!-- This site is optimized with the Yoast SEO plugin v20.7 - https:\/\/yoast.com\/wordpress\/plugins\/seo\/ -->\n<title>Robaron dos transformadores y podr\u00eda haber baja presi\u00f3n de agua<\/title>\n<meta name=\"description\" content=\"Robaron dos transformadores y podr\u00eda haber baja presi\u00f3n de agua, Coopelectric tom\u00f3 conocimiento este jueves por la ma\u00f1ana.\" \/>\n<meta name=\"robots\" content=\"index, follow, max-snippet:-1, max-image-preview:large, max-video-preview:-1\" \/>\n<link rel=\"canonical\" href=\"https:\/\/experienciadevida.com.ar\/portalurbano\/robaron-dos-transformadores-y-podria-haber-baja-presion-de-agua\/\" \/>\n<meta property=\"og:locale\" content=\"es_ES\" \/>\n<meta property=\"og:type\" content=\"article\" \/>\n<meta property=\"og:title\" content=\"Robaron dos transformadores y podr\u00eda haber baja presi\u00f3n de agua\" \/>\n<meta property=\"og:description\" content=\"Robaron dos transformadores y podr\u00eda haber baja presi\u00f3n de agua, Coopelectric tom\u00f3 conocimiento este jueves por la ma\u00f1ana.\" \/>\n<meta property=\"og:url\" content=\"https:\/\/experienciadevida.com.ar\/portalurbano\/robaron-dos-transformadores-y-podria-haber-baja-presion-de-agua\/\" \/>\n<meta property=\"article:publisher\" content=\"https:\/\/www.facebook.com\/Portal-Urbano-171542830093757\/\" \/>\n<meta property=\"article:published_time\" content=\"2021-01-21T13:34:44+00:00\" \/>\n<meta property=\"article:modified_time\" content=\"2021-01-21T13:38:32+00:00\" \/>\n<meta property=\"og:image\" content=\"https:\/\/experienciadevida.com.ar\/portalurbano\/wp-content\/uploads\/2021\/01\/Robaron-dos-transformadores.jpeg\" \/>\n\t<meta property=\"og:image:width\" content=\"1152\" \/>\n\t<meta property=\"og:image:height\" content=\"864\" \/>\n\t<meta property=\"og:image:type\" content=\"image\/jpeg\" \/>\n<meta name=\"author\" content=\"admpu17wp\" \/>\n<meta name=\"twitter:card\" content=\"summary_large_image\" \/>\n<meta name=\"twitter:creator\" content=\"@portalurbanook\" \/>\n<meta name=\"twitter:site\" content=\"@portalurbanook\" \/>\n<meta name=\"twitter:label1\" content=\"Escrito por\" \/>\n\t<meta name=\"twitter:data1\" content=\"admpu17wp\" \/>\n\t<meta name=\"twitter:label2\" content=\"Tiempo de lectura\" \/>\n\t<meta name=\"twitter:data2\" content=\"2 minutos\" \/>\n<script type=\"application\/ld+json\" class=\"yoast-schema-graph\">{\"@context\":\"https:\/\/schema.org\",\"@graph\":[{\"@type\":\"Article\",\"@id\":\"https:\/\/experienciadevida.com.ar\/portalurbano\/robaron-dos-transformadores-y-podria-haber-baja-presion-de-agua\/#article\",\"isPartOf\":{\"@id\":\"https:\/\/experienciadevida.com.ar\/portalurbano\/robaron-dos-transformadores-y-podria-haber-baja-presion-de-agua\/\"},\"author\":{\"name\":\"admpu17wp\",\"@id\":\"https:\/\/experienciadevida.com.ar\/portalurbano\/#\/schema\/person\/02dd326b1c4b056e9cc972486934a3a7\"},\"headline\":\"Robaron dos transformadores y podr\u00eda haber baja presi\u00f3n de agua\",\"datePublished\":\"2021-01-21T13:34:44+00:00\",\"dateModified\":\"2021-01-21T13:38:32+00:00\",\"mainEntityOfPage\":{\"@id\":\"https:\/\/experienciadevida.com.ar\/portalurbano\/robaron-dos-transformadores-y-podria-haber-baja-presion-de-agua\/\"},\"wordCount\":236,\"publisher\":{\"@id\":\"https:\/\/experienciadevida.com.ar\/portalurbano\/#organization\"},\"articleSection\":[\"Ciudad\",\"Destacadas\"],\"inLanguage\":\"es\"},{\"@type\":\"WebPage\",\"@id\":\"https:\/\/experienciadevida.com.ar\/portalurbano\/robaron-dos-transformadores-y-podria-haber-baja-presion-de-agua\/\",\"url\":\"https:\/\/experienciadevida.com.ar\/portalurbano\/robaron-dos-transformadores-y-podria-haber-baja-presion-de-agua\/\",\"name\":\"Robaron dos transformadores y podr\u00eda haber baja presi\u00f3n de agua\",\"isPartOf\":{\"@id\":\"https:\/\/experienciadevida.com.ar\/portalurbano\/#website\"},\"datePublished\":\"2021-01-21T13:34:44+00:00\",\"dateModified\":\"2021-01-21T13:38:32+00:00\",\"description\":\"Robaron dos transformadores y podr\u00eda haber baja presi\u00f3n de agua, Coopelectric tom\u00f3 conocimiento este jueves por la ma\u00f1ana.\",\"breadcrumb\":{\"@id\":\"https:\/\/experienciadevida.com.ar\/portalurbano\/robaron-dos-transformadores-y-podria-haber-baja-presion-de-agua\/#breadcrumb\"},\"inLanguage\":\"es\",\"potentialAction\":[{\"@type\":\"ReadAction\",\"target\":[\"https:\/\/experienciadevida.com.ar\/portalurbano\/robaron-dos-transformadores-y-podria-haber-baja-presion-de-agua\/\"]}]},{\"@type\":\"BreadcrumbList\",\"@id\":\"https:\/\/experienciadevida.com.ar\/portalurbano\/robaron-dos-transformadores-y-podria-haber-baja-presion-de-agua\/#breadcrumb\",\"itemListElement\":[{\"@type\":\"ListItem\",\"position\":1,\"name\":\"Portada\",\"item\":\"https:\/\/experienciadevida.com.ar\/portalurbano\/\"},{\"@type\":\"ListItem\",\"position\":2,\"name\":\"Robaron dos transformadores y podr\u00eda haber baja presi\u00f3n de agua\"}]},{\"@type\":\"WebSite\",\"@id\":\"https:\/\/experienciadevida.com.ar\/portalurbano\/#website\",\"url\":\"https:\/\/experienciadevida.com.ar\/portalurbano\/\",\"name\":\"\",\"description\":\"\",\"publisher\":{\"@id\":\"https:\/\/experienciadevida.com.ar\/portalurbano\/#organization\"},\"potentialAction\":[{\"@type\":\"SearchAction\",\"target\":{\"@type\":\"EntryPoint\",\"urlTemplate\":\"https:\/\/experienciadevida.com.ar\/portalurbano\/?s={search_term_string}\"},\"query-input\":\"required name=search_term_string\"}],\"inLanguage\":\"es\"},{\"@type\":\"Organization\",\"@id\":\"https:\/\/experienciadevida.com.ar\/portalurbano\/#organization\",\"name\":\"Portal Urbano\",\"url\":\"https:\/\/experienciadevida.com.ar\/portalurbano\/\",\"logo\":{\"@type\":\"ImageObject\",\"inLanguage\":\"es\",\"@id\":\"https:\/\/experienciadevida.com.ar\/portalurbano\/#\/schema\/logo\/image\/\",\"url\":\"https:\/\/experienciadevida.com.ar\/portalurbano\/wp-content\/uploads\/2019\/09\/Logo-Original.png\",\"contentUrl\":\"https:\/\/experienciadevida.com.ar\/portalurbano\/wp-content\/uploads\/2019\/09\/Logo-Original.png\",\"width\":2236,\"height\":1216,\"caption\":\"Portal Urbano\"},\"image\":{\"@id\":\"https:\/\/experienciadevida.com.ar\/portalurbano\/#\/schema\/logo\/image\/\"},\"sameAs\":[\"https:\/\/www.facebook.com\/Portal-Urbano-171542830093757\/\",\"https:\/\/twitter.com\/portalurbanook\",\"https:\/\/www.instagram.com\/_portalurbano\/\",\"https:\/\/www.youtube.com\/channel\/UCXhagIfszH8KxFiOok79zbA?view_as=subscriber\"]},{\"@type\":\"Person\",\"@id\":\"https:\/\/experienciadevida.com.ar\/portalurbano\/#\/schema\/person\/02dd326b1c4b056e9cc972486934a3a7\",\"name\":\"admpu17wp\",\"image\":{\"@type\":\"ImageObject\",\"inLanguage\":\"es\",\"@id\":\"https:\/\/experienciadevida.com.ar\/portalurbano\/#\/schema\/person\/image\/\",\"url\":\"https:\/\/secure.gravatar.com\/avatar\/830d4c57adaae6630765e449a6908047?s=96&d=mm&r=g\",\"contentUrl\":\"https:\/\/secure.gravatar.com\/avatar\/830d4c57adaae6630765e449a6908047?s=96&d=mm&r=g\",\"caption\":\"admpu17wp\"}}]}<\/script>\n<!-- \/ Yoast SEO plugin. -->","yoast_head_json":{"title":"Robaron dos transformadores y podr\u00eda haber baja presi\u00f3n de agua","description":"Robaron dos transformadores y podr\u00eda haber baja presi\u00f3n de agua, Coopelectric tom\u00f3 conocimiento este jueves por la ma\u00f1ana.","robots":{"index":"index","follow":"follow","max-snippet":"max-snippet:-1","max-image-preview":"max-image-preview:large","max-video-preview":"max-video-preview:-1"},"canonical":"https:\/\/experienciadevida.com.ar\/portalurbano\/robaron-dos-transformadores-y-podria-haber-baja-presion-de-agua\/","og_locale":"es_ES","og_type":"article","og_title":"Robaron dos transformadores y podr\u00eda haber baja presi\u00f3n de agua","og_description":"Robaron dos transformadores y podr\u00eda haber baja presi\u00f3n de agua, Coopelectric tom\u00f3 conocimiento este jueves por la ma\u00f1ana.","og_url":"https:\/\/experienciadevida.com.ar\/portalurbano\/robaron-dos-transformadores-y-podria-haber-baja-presion-de-agua\/","article_publisher":"https:\/\/www.facebook.com\/Portal-Urbano-171542830093757\/","article_published_time":"2021-01-21T13:34:44+00:00","article_modified_time":"2021-01-21T13:38:32+00:00","og_image":[{"width":1152,"height":864,"url":"https:\/\/experienciadevida.com.ar\/portalurbano\/wp-content\/uploads\/2021\/01\/Robaron-dos-transformadores.jpeg","type":"image\/jpeg"}],"author":"admpu17wp","twitter_card":"summary_large_image","twitter_creator":"@portalurbanook","twitter_site":"@portalurbanook","twitter_misc":{"Escrito por":"admpu17wp","Tiempo de lectura":"2 minutos"},"schema":{"@context":"https:\/\/schema.org","@graph":[{"@type":"Article","@id":"https:\/\/experienciadevida.com.ar\/portalurbano\/robaron-dos-transformadores-y-podria-haber-baja-presion-de-agua\/#article","isPartOf":{"@id":"https:\/\/experienciadevida.com.ar\/portalurbano\/robaron-dos-transformadores-y-podria-haber-baja-presion-de-agua\/"},"author":{"name":"admpu17wp","@id":"https:\/\/experienciadevida.com.ar\/portalurbano\/#\/schema\/person\/02dd326b1c4b056e9cc972486934a3a7"},"headline":"Robaron dos transformadores y podr\u00eda haber baja presi\u00f3n de agua","datePublished":"2021-01-21T13:34:44+00:00","dateModified":"2021-01-21T13:38:32+00:00","mainEntityOfPage":{"@id":"https:\/\/experienciadevida.com.ar\/portalurbano\/robaron-dos-transformadores-y-podria-haber-baja-presion-de-agua\/"},"wordCount":236,"publisher":{"@id":"https:\/\/experienciadevida.com.ar\/portalurbano\/#organization"},"articleSection":["Ciudad","Destacadas"],"inLanguage":"es"},{"@type":"WebPage","@id":"https:\/\/experienciadevida.com.ar\/portalurbano\/robaron-dos-transformadores-y-podria-haber-baja-presion-de-agua\/","url":"https:\/\/experienciadevida.com.ar\/portalurbano\/robaron-dos-transformadores-y-podria-haber-baja-presion-de-agua\/","name":"Robaron dos transformadores y podr\u00eda haber baja presi\u00f3n de agua","isPartOf":{"@id":"https:\/\/experienciadevida.com.ar\/portalurbano\/#website"},"datePublished":"2021-01-21T13:34:44+00:00","dateModified":"2021-01-21T13:38:32+00:00","description":"Robaron dos transformadores y podr\u00eda haber baja presi\u00f3n de agua, Coopelectric tom\u00f3 conocimiento este jueves por la ma\u00f1ana.","breadcrumb":{"@id":"https:\/\/experienciadevida.com.ar\/portalurbano\/robaron-dos-transformadores-y-podria-haber-baja-presion-de-agua\/#breadcrumb"},"inLanguage":"es","potentialAction":[{"@type":"ReadAction","target":["https:\/\/experienciadevida.com.ar\/portalurbano\/robaron-dos-transformadores-y-podria-haber-baja-presion-de-agua\/"]}]},{"@type":"BreadcrumbList","@id":"https:\/\/experienciadevida.com.ar\/portalurbano\/robaron-dos-transformadores-y-podria-haber-baja-presion-de-agua\/#breadcrumb","itemListElement":[{"@type":"ListItem","position":1,"name":"Portada","item":"https:\/\/experienciadevida.com.ar\/portalurbano\/"},{"@type":"ListItem","position":2,"name":"Robaron dos transformadores y podr\u00eda haber baja presi\u00f3n de agua"}]},{"@type":"WebSite","@id":"https:\/\/experienciadevida.com.ar\/portalurbano\/#website","url":"https:\/\/experienciadevida.com.ar\/portalurbano\/","name":"","description":"","publisher":{"@id":"https:\/\/experienciadevida.com.ar\/portalurbano\/#organization"},"potentialAction":[{"@type":"SearchAction","target":{"@type":"EntryPoint","urlTemplate":"https:\/\/experienciadevida.com.ar\/portalurbano\/?s={search_term_string}"},"query-input":"required name=search_term_string"}],"inLanguage":"es"},{"@type":"Organization","@id":"https:\/\/experienciadevida.com.ar\/portalurbano\/#organization","name":"Portal Urbano","url":"https:\/\/experienciadevida.com.ar\/portalurbano\/","logo":{"@type":"ImageObject","inLanguage":"es","@id":"https:\/\/experienciadevida.com.ar\/portalurbano\/#\/schema\/logo\/image\/","url":"https:\/\/experienciadevida.com.ar\/portalurbano\/wp-content\/uploads\/2019\/09\/Logo-Original.png","contentUrl":"https:\/\/experienciadevida.com.ar\/portalurbano\/wp-content\/uploads\/2019\/09\/Logo-Original.png","width":2236,"height":1216,"caption":"Portal Urbano"},"image":{"@id":"https:\/\/experienciadevida.com.ar\/portalurbano\/#\/schema\/logo\/image\/"},"sameAs":["https:\/\/www.facebook.com\/Portal-Urbano-171542830093757\/","https:\/\/twitter.com\/portalurbanook","https:\/\/www.instagram.com\/_portalurbano\/","https:\/\/www.youtube.com\/channel\/UCXhagIfszH8KxFiOok79zbA?view_as=subscriber"]},{"@type":"Person","@id":"https:\/\/experienciadevida.com.ar\/portalurbano\/#\/schema\/person\/02dd326b1c4b056e9cc972486934a3a7","name":"admpu17wp","image":{"@type":"ImageObject","inLanguage":"es","@id":"https:\/\/experienciadevida.com.ar\/portalurbano\/#\/schema\/person\/image\/","url":"https:\/\/secure.gravatar.com\/avatar\/830d4c57adaae6630765e449a6908047?s=96&d=mm&r=g","contentUrl":"https:\/\/secure.gravatar.com\/avatar\/830d4c57adaae6630765e449a6908047?s=96&d=mm&r=g","caption":"admpu17wp"}}]}},"featured_image_urls":{"full":["https:\/\/experienciadevida.com.ar\/portalurbano\/wp-content\/uploads\/2021\/01\/Robaron-dos-transformadores.jpeg",1152,864,false],"thumbnail":["https:\/\/experienciadevida.com.ar\/portalurbano\/wp-content\/uploads\/2021\/01\/Robaron-dos-transformadores-150x150.jpeg",150,150,true],"medium":["https:\/\/experienciadevida.com.ar\/portalurbano\/wp-content\/uploads\/2021\/01\/Robaron-dos-transformadores-300x225.jpeg",300,225,true],"medium_large":["https:\/\/experienciadevida.com.ar\/portalurbano\/wp-content\/uploads\/2021\/01\/Robaron-dos-transformadores-768x576.jpeg",640,480,true],"large":["https:\/\/experienciadevida.com.ar\/portalurbano\/wp-content\/uploads\/2021\/01\/Robaron-dos-transformadores-1024x768.jpeg",640,480,true],"ug_big":["https:\/\/experienciadevida.com.ar\/portalurbano\/wp-content\/uploads\/2021\/01\/Robaron-dos-transformadores-768x576.jpeg",768,576,true],"1536x1536":["https:\/\/experienciadevida.com.ar\/portalurbano\/wp-content\/uploads\/2021\/01\/Robaron-dos-transformadores.jpeg",1152,864,false],"2048x2048":["https:\/\/experienciadevida.com.ar\/portalurbano\/wp-content\/uploads\/2021\/01\/Robaron-dos-transformadores.jpeg",1152,864,false],"newsever-slider-full":["https:\/\/experienciadevida.com.ar\/portalurbano\/wp-content\/uploads\/2021\/01\/Robaron-dos-transformadores.jpeg",1127,845,false],"newsever-featured":["https:\/\/experienciadevida.com.ar\/portalurbano\/wp-content\/uploads\/2021\/01\/Robaron-dos-transformadores.jpeg",1024,768,false],"newsever-medium":["https:\/\/experienciadevida.com.ar\/portalurbano\/wp-content\/uploads\/2021\/01\/Robaron-dos-transformadores.jpeg",633,475,false],"web-stories-poster-portrait":["https:\/\/experienciadevida.com.ar\/portalurbano\/wp-content\/uploads\/2021\/01\/Robaron-dos-transformadores.jpeg",640,480,false],"web-stories-publisher-logo":["https:\/\/experienciadevida.com.ar\/portalurbano\/wp-content\/uploads\/2021\/01\/Robaron-dos-transformadores.jpeg",96,72,false],"web-stories-thumbnail":["https:\/\/experienciadevida.com.ar\/portalurbano\/wp-content\/uploads\/2021\/01\/Robaron-dos-transformadores.jpeg",150,113,false]},"author_info":{"display_name":"admpu17wp","author_link":"https:\/\/experienciadevida.com.ar\/portalurbano\/author\/admpu17wp\/"},"category_info":"<a href=\"https:\/\/experienciadevida.com.ar\/portalurbano\/category\/ciudad\/\" rel=\"category tag\">Ciudad<\/a> <a href=\"https:\/\/experienciadevida.com.ar\/portalurbano\/category\/destacadas\/\" rel=\"category tag\">Destacadas<\/a>","tag_info":"Destacadas","comment_count":"0","amp_enabled":true,"_links":{"self":[{"href":"https:\/\/experienciadevida.com.ar\/portalurbano\/wp-json\/wp\/v2\/posts\/133042"}],"collection":[{"href":"https:\/\/experienciadevida.com.ar\/portalurbano\/wp-json\/wp\/v2\/posts"}],"about":[{"href":"https:\/\/experienciadevida.com.ar\/portalurbano\/wp-json\/wp\/v2\/types\/post"}],"author":[{"embeddable":true,"href":"https:\/\/experienciadevida.com.ar\/portalurbano\/wp-json\/wp\/v2\/users\/1"}],"replies":[{"embeddable":true,"href":"https:\/\/experienciadevida.com.ar\/portalurbano\/wp-json\/wp\/v2\/comments?post=133042"}],"version-history":[{"count":6,"href":"https:\/\/experienciadevida.com.ar\/portalurbano\/wp-json\/wp\/v2\/posts\/133042\/revisions"}],"predecessor-version":[{"id":133051,"href":"https:\/\/experienciadevida.com.ar\/portalurbano\/wp-json\/wp\/v2\/posts\/133042\/revisions\/133051"}],"wp:featuredmedia":[{"embeddable":true,"href":"https:\/\/experienciadevida.com.ar\/portalurbano\/wp-json\/wp\/v2\/media\/133043"}],"wp:attachment":[{"href":"https:\/\/experienciadevida.com.ar\/portalurbano\/wp-json\/wp\/v2\/media?parent=133042"}],"wp:term":[{"taxonomy":"category","embeddable":true,"href":"https:\/\/experienciadevida.com.ar\/portalurbano\/wp-json\/wp\/v2\/categories?post=133042"},{"taxonomy":"post_tag","embeddable":true,"href":"https:\/\/experienciadevida.com.ar\/portalurbano\/wp-json\/wp\/v2\/tags?post=133042"}],"curies":[{"name":"wp","href":"https:\/\/api.w.org\/{rel}","templated":true}]}}