{"id":133032,"date":"2021-01-21T09:59:15","date_gmt":"2021-01-21T12:59:15","guid":{"rendered":"https:\/\/experienciadevida.com.ar\/portalurbano\/?p=133032"},"modified":"2021-01-21T10:01:31","modified_gmt":"2021-01-21T13:01:31","slug":"trotta-hablo-de-presencialidad-cuidada-y-dijo-que-con-protocolos-la-escuela-es-un-lugar-seguro","status":"publish","type":"post","link":"https:\/\/experienciadevida.com.ar\/portalurbano\/trotta-hablo-de-presencialidad-cuidada-y-dijo-que-con-protocolos-la-escuela-es-un-lugar-seguro\/","title":{"rendered":"Trotta habl\u00f3 de \u201cpresencialidad cuidada\u201d y dijo que con protocolos, la escuela es un lugar seguro"},"content":{"rendered":"<p>Trotta habl\u00f3 de \u201cpresencialidad cuidada\u201d y dijo que con protocolos, la escuela es un lugar seguro.<\/p>\n<p>El ministro de Educaci\u00f3n nacional, Nicol\u00e1s Trotta, ratific\u00f3 anoche que el objetivo del regreso a clases es \u201cmaximizar la presencialidad cuidada\u201d y sostuvo que \u201ccon protocolos, la escuela es un lugar seguro\u201d. En ese sentido, dijo que hay un compromiso de los gobernadores para volver a las aulas.<\/p>\n<p>\u201cQueremos lograr que la presencialidad en la escuela vuelva a ser ordenado que sea una presencialidad cuidada, para ello he estado en seis provincias del NOA con sus autoridades y organizaciones sindicales para trazar el camino com\u00fan. Tambi\u00e9n estuve en Mendoza para trazar los desaf\u00edos por delante\u201d, agreg\u00f3 el funcionario nacional.<\/p>\n<p>\u201cTenemos comprometido con los nueve gobernadores que nos hemos reunido estos d\u00edas maximizar la presencialidad cuidada seg\u00fan cada modalidad, sea la urbana o rural, por ejemplo los plurigrados, donde se garantice el distanciamiento (\u2026) para ello cada jurisdicci\u00f3n estableci\u00f3 el calendario escolar de 180 d\u00edas y seg\u00fan la realidad de cada una\u201d, precis\u00f3 el ministro.<\/p>\n<p>\u201cHay fuerte compromiso de todos los gobernadores para avanzar y enfrentar la desigualdad. Hay zonas con siete de cada diez ni\u00f1os por debajo de la l\u00ednea de ingresos. Esto demanda di\u00e1logo y decisi\u00f3n del Gobierno y los gobiernos provinciales\u201d, abund\u00f3.<\/p>\n<p>Trotta a\u00f1adi\u00f3 que para la vuelta de clases en los grandes centros poblados, como el AMBA, \u201ctenemos protocolos y el lunes pr\u00f3ximo veremos con los ministros si hay que actualizar algo\u201d.<\/p>\n<p>\u201cPara fortalecer la presencialidad est\u00e1 el aspecto epidemiol\u00f3gico, que si mejora permite mayor presencia en la escuela, y la vacunaci\u00f3n. Vacunar a los docentes es prioritario y debatiremos con los ministros c\u00f3mo vacunar a 1,45 millones de docentes, con quienes empezar, y podr\u00eda ser, por ejemplo, con los del ciclo inicial y el primer ciclo de la escuela primaria, o sea primero, segundo y tercer grado\u201d, explic\u00f3.<\/p>\n<p>Respecto de las preocupaciones de algunos sindicatos docentes sobre la vuelta a clases presenciales, Trotta se\u00f1al\u00f3 que en 2020 \u201cla mitad de las provincias tuvieron presencialidad y volvieron los sindicatos a clases. Ahora, en enero de 2021, sabemos m\u00e1s que en marzo de 2020 y hemos hablado con los gremios de enfrentar este desaf\u00edo\u201d.<\/p>\n<p>El ministro de Educaci\u00f3n consider\u00f3 que \u201ccon protocolo la escuela puede ser un lugar seguro, con las medidas de prevenci\u00f3n como uso de tapabocas, distanciamiento y medidas de higiene\u201d al tiempo que resalt\u00f3 que en 2020 \u201chubo mucho esfuerzo de trabajo desde el hogar, de docentes y estudiantes\u201d.<\/p>\n<p>El funcionario nacional agreg\u00f3 que no habr\u00e1 una concurrencia del 100% a las escuelas \u201csalvo donde lo permitan las condiciones, como sucede con la ruralidad\u201d y que \u201cpara quien tenga una enfermedad que le impida concurrir, el Estado debe garantizar la educaci\u00f3n a distancia, para evitar el distanciamiento en el caudal de ense\u00f1anza\u201d.<\/p>\n<p>Sobre la posibilidad de que se realicen testeos de coronavirus a los docentes, Trotta dijo que se le ha planteado el tema al Ministerio de Salud y que igualmente \u201clos protocolos tienen los controles de ingreso sobre temperatura, los cuestionarios y las recomendaciones para evitar contactos\u201d.<\/p>\n<p>Fuente: DIB<\/p>\n","protected":false},"excerpt":{"rendered":"<p>Trotta habl\u00f3 de \u201cpresencialidad cuidada\u201d y dijo que con protocolos, la escuela es un lugar&#8230;<\/p>\n","protected":false},"author":1,"featured_media":133033,"comment_status":"closed","ping_status":"closed","sticky":false,"template":"","format":"standard","meta":{"content-type":""},"categories":[51,44],"tags":[],"nelio_content":{"isAutoShareEnabled":false,"autoShareEndMode":"default","automationSources":{"useContentSentences":true,"useSocialTemplates":true,"useCustomSentences":false,"customSentences":[]},"followers":[1],"suggestedReferences":[],"includedReferences":[],"efiUrl":"","efiAlt":"","highlights":[]},"yoast_head":"<!-- This site is optimized with the Yoast SEO plugin v20.7 - https:\/\/yoast.com\/wordpress\/plugins\/seo\/ -->\n<title>Trotta habl\u00f3 de &quot;presencialidad cuidada y dijo que es un lugar seguro&quot;<\/title>\n<meta name=\"description\" content=\"Trotta habl\u00f3 de \u201cpresencialidad cuidada\u201d y dijo que con protocolos, la escuela es un lugar seguro. Hay compromiso para volver a las clases.\" \/>\n<meta name=\"robots\" content=\"index, follow, max-snippet:-1, max-image-preview:large, max-video-preview:-1\" \/>\n<link rel=\"canonical\" href=\"https:\/\/experienciadevida.com.ar\/portalurbano\/trotta-hablo-de-presencialidad-cuidada-y-dijo-que-con-protocolos-la-escuela-es-un-lugar-seguro\/\" \/>\n<meta property=\"og:locale\" content=\"es_ES\" \/>\n<meta property=\"og:type\" content=\"article\" \/>\n<meta property=\"og:title\" content=\"Trotta habl\u00f3 de &quot;presencialidad cuidada y dijo que es un lugar seguro&quot;\" \/>\n<meta property=\"og:description\" content=\"Trotta habl\u00f3 de \u201cpresencialidad cuidada\u201d y dijo que con protocolos, la escuela es un lugar seguro. Hay compromiso para volver a las clases.\" \/>\n<meta property=\"og:url\" content=\"https:\/\/experienciadevida.com.ar\/portalurbano\/trotta-hablo-de-presencialidad-cuidada-y-dijo-que-con-protocolos-la-escuela-es-un-lugar-seguro\/\" \/>\n<meta property=\"article:publisher\" content=\"https:\/\/www.facebook.com\/Portal-Urbano-171542830093757\/\" \/>\n<meta property=\"article:published_time\" content=\"2021-01-21T12:59:15+00:00\" \/>\n<meta property=\"article:modified_time\" content=\"2021-01-21T13:01:31+00:00\" \/>\n<meta property=\"og:image\" content=\"https:\/\/experienciadevida.com.ar\/portalurbano\/wp-content\/uploads\/2021\/01\/Presencialidad-cuidada.jpg\" \/>\n\t<meta property=\"og:image:width\" content=\"696\" \/>\n\t<meta property=\"og:image:height\" content=\"465\" \/>\n\t<meta property=\"og:image:type\" content=\"image\/jpeg\" \/>\n<meta name=\"author\" content=\"admpu17wp\" \/>\n<meta name=\"twitter:card\" content=\"summary_large_image\" \/>\n<meta name=\"twitter:creator\" content=\"@portalurbanook\" \/>\n<meta name=\"twitter:site\" content=\"@portalurbanook\" \/>\n<meta name=\"twitter:label1\" content=\"Escrito por\" \/>\n\t<meta name=\"twitter:data1\" content=\"admpu17wp\" \/>\n\t<meta name=\"twitter:label2\" content=\"Tiempo de lectura\" \/>\n\t<meta name=\"twitter:data2\" content=\"3 minutos\" \/>\n<script type=\"application\/ld+json\" class=\"yoast-schema-graph\">{\"@context\":\"https:\/\/schema.org\",\"@graph\":[{\"@type\":\"Article\",\"@id\":\"https:\/\/experienciadevida.com.ar\/portalurbano\/trotta-hablo-de-presencialidad-cuidada-y-dijo-que-con-protocolos-la-escuela-es-un-lugar-seguro\/#article\",\"isPartOf\":{\"@id\":\"https:\/\/experienciadevida.com.ar\/portalurbano\/trotta-hablo-de-presencialidad-cuidada-y-dijo-que-con-protocolos-la-escuela-es-un-lugar-seguro\/\"},\"author\":{\"name\":\"admpu17wp\",\"@id\":\"https:\/\/experienciadevida.com.ar\/portalurbano\/#\/schema\/person\/02dd326b1c4b056e9cc972486934a3a7\"},\"headline\":\"Trotta habl\u00f3 de \u201cpresencialidad cuidada\u201d y dijo que con protocolos, la escuela es un lugar seguro\",\"datePublished\":\"2021-01-21T12:59:15+00:00\",\"dateModified\":\"2021-01-21T13:01:31+00:00\",\"mainEntityOfPage\":{\"@id\":\"https:\/\/experienciadevida.com.ar\/portalurbano\/trotta-hablo-de-presencialidad-cuidada-y-dijo-que-con-protocolos-la-escuela-es-un-lugar-seguro\/\"},\"wordCount\":546,\"publisher\":{\"@id\":\"https:\/\/experienciadevida.com.ar\/portalurbano\/#organization\"},\"articleSection\":[\"Destacadas\",\"Provincia\"],\"inLanguage\":\"es\"},{\"@type\":\"WebPage\",\"@id\":\"https:\/\/experienciadevida.com.ar\/portalurbano\/trotta-hablo-de-presencialidad-cuidada-y-dijo-que-con-protocolos-la-escuela-es-un-lugar-seguro\/\",\"url\":\"https:\/\/experienciadevida.com.ar\/portalurbano\/trotta-hablo-de-presencialidad-cuidada-y-dijo-que-con-protocolos-la-escuela-es-un-lugar-seguro\/\",\"name\":\"Trotta habl\u00f3 de \\\"presencialidad cuidada y dijo que es un lugar seguro\\\"\",\"isPartOf\":{\"@id\":\"https:\/\/experienciadevida.com.ar\/portalurbano\/#website\"},\"datePublished\":\"2021-01-21T12:59:15+00:00\",\"dateModified\":\"2021-01-21T13:01:31+00:00\",\"description\":\"Trotta habl\u00f3 de \u201cpresencialidad cuidada\u201d y dijo que con protocolos, la escuela es un lugar seguro. Hay compromiso para volver a las clases.\",\"breadcrumb\":{\"@id\":\"https:\/\/experienciadevida.com.ar\/portalurbano\/trotta-hablo-de-presencialidad-cuidada-y-dijo-que-con-protocolos-la-escuela-es-un-lugar-seguro\/#breadcrumb\"},\"inLanguage\":\"es\",\"potentialAction\":[{\"@type\":\"ReadAction\",\"target\":[\"https:\/\/experienciadevida.com.ar\/portalurbano\/trotta-hablo-de-presencialidad-cuidada-y-dijo-que-con-protocolos-la-escuela-es-un-lugar-seguro\/\"]}]},{\"@type\":\"BreadcrumbList\",\"@id\":\"https:\/\/experienciadevida.com.ar\/portalurbano\/trotta-hablo-de-presencialidad-cuidada-y-dijo-que-con-protocolos-la-escuela-es-un-lugar-seguro\/#breadcrumb\",\"itemListElement\":[{\"@type\":\"ListItem\",\"position\":1,\"name\":\"Portada\",\"item\":\"https:\/\/experienciadevida.com.ar\/portalurbano\/\"},{\"@type\":\"ListItem\",\"position\":2,\"name\":\"Trotta habl\u00f3 de \u201cpresencialidad cuidada\u201d y dijo que con protocolos, la escuela es un lugar seguro\"}]},{\"@type\":\"WebSite\",\"@id\":\"https:\/\/experienciadevida.com.ar\/portalurbano\/#website\",\"url\":\"https:\/\/experienciadevida.com.ar\/portalurbano\/\",\"name\":\"\",\"description\":\"\",\"publisher\":{\"@id\":\"https:\/\/experienciadevida.com.ar\/portalurbano\/#organization\"},\"potentialAction\":[{\"@type\":\"SearchAction\",\"target\":{\"@type\":\"EntryPoint\",\"urlTemplate\":\"https:\/\/experienciadevida.com.ar\/portalurbano\/?s={search_term_string}\"},\"query-input\":\"required name=search_term_string\"}],\"inLanguage\":\"es\"},{\"@type\":\"Organization\",\"@id\":\"https:\/\/experienciadevida.com.ar\/portalurbano\/#organization\",\"name\":\"Portal Urbano\",\"url\":\"https:\/\/experienciadevida.com.ar\/portalurbano\/\",\"logo\":{\"@type\":\"ImageObject\",\"inLanguage\":\"es\",\"@id\":\"https:\/\/experienciadevida.com.ar\/portalurbano\/#\/schema\/logo\/image\/\",\"url\":\"https:\/\/experienciadevida.com.ar\/portalurbano\/wp-content\/uploads\/2019\/09\/Logo-Original.png\",\"contentUrl\":\"https:\/\/experienciadevida.com.ar\/portalurbano\/wp-content\/uploads\/2019\/09\/Logo-Original.png\",\"width\":2236,\"height\":1216,\"caption\":\"Portal Urbano\"},\"image\":{\"@id\":\"https:\/\/experienciadevida.com.ar\/portalurbano\/#\/schema\/logo\/image\/\"},\"sameAs\":[\"https:\/\/www.facebook.com\/Portal-Urbano-171542830093757\/\",\"https:\/\/twitter.com\/portalurbanook\",\"https:\/\/www.instagram.com\/_portalurbano\/\",\"https:\/\/www.youtube.com\/channel\/UCXhagIfszH8KxFiOok79zbA?view_as=subscriber\"]},{\"@type\":\"Person\",\"@id\":\"https:\/\/experienciadevida.com.ar\/portalurbano\/#\/schema\/person\/02dd326b1c4b056e9cc972486934a3a7\",\"name\":\"admpu17wp\",\"image\":{\"@type\":\"ImageObject\",\"inLanguage\":\"es\",\"@id\":\"https:\/\/experienciadevida.com.ar\/portalurbano\/#\/schema\/person\/image\/\",\"url\":\"https:\/\/secure.gravatar.com\/avatar\/830d4c57adaae6630765e449a6908047?s=96&d=mm&r=g\",\"contentUrl\":\"https:\/\/secure.gravatar.com\/avatar\/830d4c57adaae6630765e449a6908047?s=96&d=mm&r=g\",\"caption\":\"admpu17wp\"}}]}<\/script>\n<!-- \/ Yoast SEO plugin. -->","yoast_head_json":{"title":"Trotta habl\u00f3 de \"presencialidad cuidada y dijo que es un lugar seguro\"","description":"Trotta habl\u00f3 de \u201cpresencialidad cuidada\u201d y dijo que con protocolos, la escuela es un lugar seguro. Hay compromiso para volver a las clases.","robots":{"index":"index","follow":"follow","max-snippet":"max-snippet:-1","max-image-preview":"max-image-preview:large","max-video-preview":"max-video-preview:-1"},"canonical":"https:\/\/experienciadevida.com.ar\/portalurbano\/trotta-hablo-de-presencialidad-cuidada-y-dijo-que-con-protocolos-la-escuela-es-un-lugar-seguro\/","og_locale":"es_ES","og_type":"article","og_title":"Trotta habl\u00f3 de \"presencialidad cuidada y dijo que es un lugar seguro\"","og_description":"Trotta habl\u00f3 de \u201cpresencialidad cuidada\u201d y dijo que con protocolos, la escuela es un lugar seguro. Hay compromiso para volver a las clases.","og_url":"https:\/\/experienciadevida.com.ar\/portalurbano\/trotta-hablo-de-presencialidad-cuidada-y-dijo-que-con-protocolos-la-escuela-es-un-lugar-seguro\/","article_publisher":"https:\/\/www.facebook.com\/Portal-Urbano-171542830093757\/","article_published_time":"2021-01-21T12:59:15+00:00","article_modified_time":"2021-01-21T13:01:31+00:00","og_image":[{"width":696,"height":465,"url":"https:\/\/experienciadevida.com.ar\/portalurbano\/wp-content\/uploads\/2021\/01\/Presencialidad-cuidada.jpg","type":"image\/jpeg"}],"author":"admpu17wp","twitter_card":"summary_large_image","twitter_creator":"@portalurbanook","twitter_site":"@portalurbanook","twitter_misc":{"Escrito por":"admpu17wp","Tiempo de lectura":"3 minutos"},"schema":{"@context":"https:\/\/schema.org","@graph":[{"@type":"Article","@id":"https:\/\/experienciadevida.com.ar\/portalurbano\/trotta-hablo-de-presencialidad-cuidada-y-dijo-que-con-protocolos-la-escuela-es-un-lugar-seguro\/#article","isPartOf":{"@id":"https:\/\/experienciadevida.com.ar\/portalurbano\/trotta-hablo-de-presencialidad-cuidada-y-dijo-que-con-protocolos-la-escuela-es-un-lugar-seguro\/"},"author":{"name":"admpu17wp","@id":"https:\/\/experienciadevida.com.ar\/portalurbano\/#\/schema\/person\/02dd326b1c4b056e9cc972486934a3a7"},"headline":"Trotta habl\u00f3 de \u201cpresencialidad cuidada\u201d y dijo que con protocolos, la escuela es un lugar seguro","datePublished":"2021-01-21T12:59:15+00:00","dateModified":"2021-01-21T13:01:31+00:00","mainEntityOfPage":{"@id":"https:\/\/experienciadevida.com.ar\/portalurbano\/trotta-hablo-de-presencialidad-cuidada-y-dijo-que-con-protocolos-la-escuela-es-un-lugar-seguro\/"},"wordCount":546,"publisher":{"@id":"https:\/\/experienciadevida.com.ar\/portalurbano\/#organization"},"articleSection":["Destacadas","Provincia"],"inLanguage":"es"},{"@type":"WebPage","@id":"https:\/\/experienciadevida.com.ar\/portalurbano\/trotta-hablo-de-presencialidad-cuidada-y-dijo-que-con-protocolos-la-escuela-es-un-lugar-seguro\/","url":"https:\/\/experienciadevida.com.ar\/portalurbano\/trotta-hablo-de-presencialidad-cuidada-y-dijo-que-con-protocolos-la-escuela-es-un-lugar-seguro\/","name":"Trotta habl\u00f3 de \"presencialidad cuidada y dijo que es un lugar seguro\"","isPartOf":{"@id":"https:\/\/experienciadevida.com.ar\/portalurbano\/#website"},"datePublished":"2021-01-21T12:59:15+00:00","dateModified":"2021-01-21T13:01:31+00:00","description":"Trotta habl\u00f3 de \u201cpresencialidad cuidada\u201d y dijo que con protocolos, la escuela es un lugar seguro. Hay compromiso para volver a las clases.","breadcrumb":{"@id":"https:\/\/experienciadevida.com.ar\/portalurbano\/trotta-hablo-de-presencialidad-cuidada-y-dijo-que-con-protocolos-la-escuela-es-un-lugar-seguro\/#breadcrumb"},"inLanguage":"es","potentialAction":[{"@type":"ReadAction","target":["https:\/\/experienciadevida.com.ar\/portalurbano\/trotta-hablo-de-presencialidad-cuidada-y-dijo-que-con-protocolos-la-escuela-es-un-lugar-seguro\/"]}]},{"@type":"BreadcrumbList","@id":"https:\/\/experienciadevida.com.ar\/portalurbano\/trotta-hablo-de-presencialidad-cuidada-y-dijo-que-con-protocolos-la-escuela-es-un-lugar-seguro\/#breadcrumb","itemListElement":[{"@type":"ListItem","position":1,"name":"Portada","item":"https:\/\/experienciadevida.com.ar\/portalurbano\/"},{"@type":"ListItem","position":2,"name":"Trotta habl\u00f3 de \u201cpresencialidad cuidada\u201d y dijo que con protocolos, la escuela es un lugar seguro"}]},{"@type":"WebSite","@id":"https:\/\/experienciadevida.com.ar\/portalurbano\/#website","url":"https:\/\/experienciadevida.com.ar\/portalurbano\/","name":"","description":"","publisher":{"@id":"https:\/\/experienciadevida.com.ar\/portalurbano\/#organization"},"potentialAction":[{"@type":"SearchAction","target":{"@type":"EntryPoint","urlTemplate":"https:\/\/experienciadevida.com.ar\/portalurbano\/?s={search_term_string}"},"query-input":"required name=search_term_string"}],"inLanguage":"es"},{"@type":"Organization","@id":"https:\/\/experienciadevida.com.ar\/portalurbano\/#organization","name":"Portal Urbano","url":"https:\/\/experienciadevida.com.ar\/portalurbano\/","logo":{"@type":"ImageObject","inLanguage":"es","@id":"https:\/\/experienciadevida.com.ar\/portalurbano\/#\/schema\/logo\/image\/","url":"https:\/\/experienciadevida.com.ar\/portalurbano\/wp-content\/uploads\/2019\/09\/Logo-Original.png","contentUrl":"https:\/\/experienciadevida.com.ar\/portalurbano\/wp-content\/uploads\/2019\/09\/Logo-Original.png","width":2236,"height":1216,"caption":"Portal Urbano"},"image":{"@id":"https:\/\/experienciadevida.com.ar\/portalurbano\/#\/schema\/logo\/image\/"},"sameAs":["https:\/\/www.facebook.com\/Portal-Urbano-171542830093757\/","https:\/\/twitter.com\/portalurbanook","https:\/\/www.instagram.com\/_portalurbano\/","https:\/\/www.youtube.com\/channel\/UCXhagIfszH8KxFiOok79zbA?view_as=subscriber"]},{"@type":"Person","@id":"https:\/\/experienciadevida.com.ar\/portalurbano\/#\/schema\/person\/02dd326b1c4b056e9cc972486934a3a7","name":"admpu17wp","image":{"@type":"ImageObject","inLanguage":"es","@id":"https:\/\/experienciadevida.com.ar\/portalurbano\/#\/schema\/person\/image\/","url":"https:\/\/secure.gravatar.com\/avatar\/830d4c57adaae6630765e449a6908047?s=96&d=mm&r=g","contentUrl":"https:\/\/secure.gravatar.com\/avatar\/830d4c57adaae6630765e449a6908047?s=96&d=mm&r=g","caption":"admpu17wp"}}]}},"featured_image_urls":{"full":["https:\/\/experienciadevida.com.ar\/portalurbano\/wp-content\/uploads\/2021\/01\/Presencialidad-cuidada.jpg",696,465,false],"thumbnail":["https:\/\/experienciadevida.com.ar\/portalurbano\/wp-content\/uploads\/2021\/01\/Presencialidad-cuidada-150x150.jpg",150,150,true],"medium":["https:\/\/experienciadevida.com.ar\/portalurbano\/wp-content\/uploads\/2021\/01\/Presencialidad-cuidada-300x200.jpg",300,200,true],"medium_large":["https:\/\/experienciadevida.com.ar\/portalurbano\/wp-content\/uploads\/2021\/01\/Presencialidad-cuidada.jpg",640,428,false],"large":["https:\/\/experienciadevida.com.ar\/portalurbano\/wp-content\/uploads\/2021\/01\/Presencialidad-cuidada.jpg",640,428,false],"ug_big":["https:\/\/experienciadevida.com.ar\/portalurbano\/wp-content\/uploads\/2021\/01\/Presencialidad-cuidada.jpg",696,465,false],"1536x1536":["https:\/\/experienciadevida.com.ar\/portalurbano\/wp-content\/uploads\/2021\/01\/Presencialidad-cuidada.jpg",696,465,false],"2048x2048":["https:\/\/experienciadevida.com.ar\/portalurbano\/wp-content\/uploads\/2021\/01\/Presencialidad-cuidada.jpg",696,465,false],"newsever-slider-full":["https:\/\/experienciadevida.com.ar\/portalurbano\/wp-content\/uploads\/2021\/01\/Presencialidad-cuidada.jpg",696,465,false],"newsever-featured":["https:\/\/experienciadevida.com.ar\/portalurbano\/wp-content\/uploads\/2021\/01\/Presencialidad-cuidada.jpg",696,465,false],"newsever-medium":["https:\/\/experienciadevida.com.ar\/portalurbano\/wp-content\/uploads\/2021\/01\/Presencialidad-cuidada.jpg",696,465,false],"web-stories-poster-portrait":["https:\/\/experienciadevida.com.ar\/portalurbano\/wp-content\/uploads\/2021\/01\/Presencialidad-cuidada.jpg",640,428,false],"web-stories-publisher-logo":["https:\/\/experienciadevida.com.ar\/portalurbano\/wp-content\/uploads\/2021\/01\/Presencialidad-cuidada.jpg",96,64,false],"web-stories-thumbnail":["https:\/\/experienciadevida.com.ar\/portalurbano\/wp-content\/uploads\/2021\/01\/Presencialidad-cuidada.jpg",150,100,false]},"author_info":{"display_name":"admpu17wp","author_link":"https:\/\/experienciadevida.com.ar\/portalurbano\/author\/admpu17wp\/"},"category_info":"<a href=\"https:\/\/experienciadevida.com.ar\/portalurbano\/category\/destacadas\/\" rel=\"category tag\">Destacadas<\/a> <a href=\"https:\/\/experienciadevida.com.ar\/portalurbano\/category\/provincia\/\" rel=\"category tag\">Provincia<\/a>","tag_info":"Provincia","comment_count":"0","amp_enabled":true,"_links":{"self":[{"href":"https:\/\/experienciadevida.com.ar\/portalurbano\/wp-json\/wp\/v2\/posts\/133032"}],"collection":[{"href":"https:\/\/experienciadevida.com.ar\/portalurbano\/wp-json\/wp\/v2\/posts"}],"about":[{"href":"https:\/\/experienciadevida.com.ar\/portalurbano\/wp-json\/wp\/v2\/types\/post"}],"author":[{"embeddable":true,"href":"https:\/\/experienciadevida.com.ar\/portalurbano\/wp-json\/wp\/v2\/users\/1"}],"replies":[{"embeddable":true,"href":"https:\/\/experienciadevida.com.ar\/portalurbano\/wp-json\/wp\/v2\/comments?post=133032"}],"version-history":[{"count":3,"href":"https:\/\/experienciadevida.com.ar\/portalurbano\/wp-json\/wp\/v2\/posts\/133032\/revisions"}],"predecessor-version":[{"id":133036,"href":"https:\/\/experienciadevida.com.ar\/portalurbano\/wp-json\/wp\/v2\/posts\/133032\/revisions\/133036"}],"wp:featuredmedia":[{"embeddable":true,"href":"https:\/\/experienciadevida.com.ar\/portalurbano\/wp-json\/wp\/v2\/media\/133033"}],"wp:attachment":[{"href":"https:\/\/experienciadevida.com.ar\/portalurbano\/wp-json\/wp\/v2\/media?parent=133032"}],"wp:term":[{"taxonomy":"category","embeddable":true,"href":"https:\/\/experienciadevida.com.ar\/portalurbano\/wp-json\/wp\/v2\/categories?post=133032"},{"taxonomy":"post_tag","embeddable":true,"href":"https:\/\/experienciadevida.com.ar\/portalurbano\/wp-json\/wp\/v2\/tags?post=133032"}],"curies":[{"name":"wp","href":"https:\/\/api.w.org\/{rel}","templated":true}]}}