{"id":133027,"date":"2021-01-21T10:24:39","date_gmt":"2021-01-21T13:24:39","guid":{"rendered":"https:\/\/experienciadevida.com.ar\/portalurbano\/?p=133027"},"modified":"2021-01-21T10:28:01","modified_gmt":"2021-01-21T13:28:01","slug":"productores-de-alimentos-locales-haran-una-feria-de-verduras","status":"publish","type":"post","link":"https:\/\/experienciadevida.com.ar\/portalurbano\/productores-de-alimentos-locales-haran-una-feria-de-verduras\/","title":{"rendered":"Productores de alimentos locales har\u00e1n una feria de verduras"},"content":{"rendered":"<p>Peque\u00f1os productores de alimentos locales y familias agricultoras de nuestra ciudad, nucleados en el MTE rama rural, comercializan parte de su producci\u00f3n de forma directa a trav\u00e9s del programa &#8220;pueblo a pueblo&#8221; y en ferias de verdura en los distintos barrios de la ciudad.<\/p>\n<p>Los peque\u00f1os productores de alimentos locales, invitan a todos los vecinos a acercarse a la\u00a0 feria a conocer la calidad y frescura de la verdura de producci\u00f3n local y a los productores, que con mucho esfuerzo d\u00eda a d\u00eda trabajan la tierra para cosechar alimentos para la mesa Olavarriense.<\/p>\n<p>El s\u00e1bado 23 los productores de alimentos locales,\u00a0 estar\u00e1n en casa popular valeria Fasina 1931\u00a0 y el domingo 24 en sociedad de fomento Villa Mailin ubicada en Pelegrino\u00a0 y Corrientes.<\/p>\n<p>Piden a los asistentes cumplan con los protocolos de bioseguridad correspondientes.<\/p>\n<p>Estos son algunas de las verduras que podes encontrar:<\/p>\n<p>TOMATE X KG $ 50 (2KG $ 100)<br \/>\n-MORRON ROJO X KG $ 80 (2KG $ 150)<br \/>\n-MORRON VERDE X KG $ 100 (2KG $ 180)<br \/>\n-PEPINO X KG $ 60 (2KG $ 100)<br \/>\n-ZAPALLITO X KG $ 80 (2KG $ 150)<br \/>\n-ZUCHINI X KG $ 80 (2KG $150)<br \/>\n-CHERRY X KG $ 100 (2KG $180)<br \/>\n-BROCOLI $ 70<br \/>\n-ACELGA $ 50<br \/>\n-REMOLACHA $ 50<br \/>\n-CHAUCHA X KG $ 120<br \/>\n-LECHUGA X KG $ 80<br \/>\n-REPOLLO X KG $ 50<br \/>\n-BERENJENA X KG 60<br \/>\n-CEBOLLA X KG $70 (2KG 130)<\/p>\n<p>Tambi\u00e9n: verdeo, puerro, albahaca, rucula, achicoria, cibullete, aji, vinagre y mucho m\u00e1s.<\/p>\n<p>Los productores de alimentos locales, mencionan que todo es posible gracias a la articulaci\u00f3n entre organizaciones sociales, poniendo a disposici\u00f3n los espacios, comunicando y difundiendo la actividad en el barrio y entre los grupos de vecinos organizados.<\/p>\n<p>Foto: internet<\/p>\n","protected":false},"excerpt":{"rendered":"<p>Peque\u00f1os productores de alimentos locales y familias agricultoras de nuestra ciudad, nucleados en el MTE&#8230;<\/p>\n","protected":false},"author":1,"featured_media":133038,"comment_status":"closed","ping_status":"closed","sticky":false,"template":"","format":"standard","meta":{"content-type":""},"categories":[27,64],"tags":[],"nelio_content":{"isAutoShareEnabled":false,"autoShareEndMode":"default","automationSources":{"useContentSentences":true,"useSocialTemplates":true,"useCustomSentences":false,"customSentences":[]},"followers":[1],"suggestedReferences":[],"includedReferences":[],"efiUrl":"","efiAlt":"","highlights":[]},"yoast_head":"<!-- This site is optimized with the Yoast SEO plugin v20.7 - https:\/\/yoast.com\/wordpress\/plugins\/seo\/ -->\n<title>Productores de alimentos locales har\u00e1n una feria de verduras<\/title>\n<meta name=\"description\" content=\"Peque\u00f1os productores de alimentos locales y familias agricultoras de nuestra ciudad, nucleados en el MTE, comercializan su producci\u00f3n.\" \/>\n<meta name=\"robots\" content=\"index, follow, max-snippet:-1, max-image-preview:large, max-video-preview:-1\" \/>\n<link rel=\"canonical\" href=\"https:\/\/experienciadevida.com.ar\/portalurbano\/productores-de-alimentos-locales-haran-una-feria-de-verduras\/\" \/>\n<meta property=\"og:locale\" content=\"es_ES\" \/>\n<meta property=\"og:type\" content=\"article\" \/>\n<meta property=\"og:title\" content=\"Productores de alimentos locales har\u00e1n una feria de verduras\" \/>\n<meta property=\"og:description\" content=\"Peque\u00f1os productores de alimentos locales y familias agricultoras de nuestra ciudad, nucleados en el MTE, comercializan su producci\u00f3n.\" \/>\n<meta property=\"og:url\" content=\"https:\/\/experienciadevida.com.ar\/portalurbano\/productores-de-alimentos-locales-haran-una-feria-de-verduras\/\" \/>\n<meta property=\"article:publisher\" content=\"https:\/\/www.facebook.com\/Portal-Urbano-171542830093757\/\" \/>\n<meta property=\"article:published_time\" content=\"2021-01-21T13:24:39+00:00\" \/>\n<meta property=\"article:modified_time\" content=\"2021-01-21T13:28:01+00:00\" \/>\n<meta property=\"og:image\" content=\"https:\/\/experienciadevida.com.ar\/portalurbano\/wp-content\/uploads\/2021\/01\/Verduras.jpg\" \/>\n\t<meta property=\"og:image:width\" content=\"1900\" \/>\n\t<meta property=\"og:image:height\" content=\"854\" \/>\n\t<meta property=\"og:image:type\" content=\"image\/jpeg\" \/>\n<meta name=\"author\" content=\"admpu17wp\" \/>\n<meta name=\"twitter:card\" content=\"summary_large_image\" \/>\n<meta name=\"twitter:creator\" content=\"@portalurbanook\" \/>\n<meta name=\"twitter:site\" content=\"@portalurbanook\" \/>\n<meta name=\"twitter:label1\" content=\"Escrito por\" \/>\n\t<meta name=\"twitter:data1\" content=\"admpu17wp\" \/>\n\t<meta name=\"twitter:label2\" content=\"Tiempo de lectura\" \/>\n\t<meta name=\"twitter:data2\" content=\"2 minutos\" \/>\n<script type=\"application\/ld+json\" class=\"yoast-schema-graph\">{\"@context\":\"https:\/\/schema.org\",\"@graph\":[{\"@type\":\"Article\",\"@id\":\"https:\/\/experienciadevida.com.ar\/portalurbano\/productores-de-alimentos-locales-haran-una-feria-de-verduras\/#article\",\"isPartOf\":{\"@id\":\"https:\/\/experienciadevida.com.ar\/portalurbano\/productores-de-alimentos-locales-haran-una-feria-de-verduras\/\"},\"author\":{\"name\":\"admpu17wp\",\"@id\":\"https:\/\/experienciadevida.com.ar\/portalurbano\/#\/schema\/person\/02dd326b1c4b056e9cc972486934a3a7\"},\"headline\":\"Productores de alimentos locales har\u00e1n una feria de verduras\",\"datePublished\":\"2021-01-21T13:24:39+00:00\",\"dateModified\":\"2021-01-21T13:28:01+00:00\",\"mainEntityOfPage\":{\"@id\":\"https:\/\/experienciadevida.com.ar\/portalurbano\/productores-de-alimentos-locales-haran-una-feria-de-verduras\/\"},\"wordCount\":263,\"publisher\":{\"@id\":\"https:\/\/experienciadevida.com.ar\/portalurbano\/#organization\"},\"articleSection\":[\"Ciudad\",\"Destacadas 2\"],\"inLanguage\":\"es\"},{\"@type\":\"WebPage\",\"@id\":\"https:\/\/experienciadevida.com.ar\/portalurbano\/productores-de-alimentos-locales-haran-una-feria-de-verduras\/\",\"url\":\"https:\/\/experienciadevida.com.ar\/portalurbano\/productores-de-alimentos-locales-haran-una-feria-de-verduras\/\",\"name\":\"Productores de alimentos locales har\u00e1n una feria de verduras\",\"isPartOf\":{\"@id\":\"https:\/\/experienciadevida.com.ar\/portalurbano\/#website\"},\"datePublished\":\"2021-01-21T13:24:39+00:00\",\"dateModified\":\"2021-01-21T13:28:01+00:00\",\"description\":\"Peque\u00f1os productores de alimentos locales y familias agricultoras de nuestra ciudad, nucleados en el MTE, comercializan su producci\u00f3n.\",\"breadcrumb\":{\"@id\":\"https:\/\/experienciadevida.com.ar\/portalurbano\/productores-de-alimentos-locales-haran-una-feria-de-verduras\/#breadcrumb\"},\"inLanguage\":\"es\",\"potentialAction\":[{\"@type\":\"ReadAction\",\"target\":[\"https:\/\/experienciadevida.com.ar\/portalurbano\/productores-de-alimentos-locales-haran-una-feria-de-verduras\/\"]}]},{\"@type\":\"BreadcrumbList\",\"@id\":\"https:\/\/experienciadevida.com.ar\/portalurbano\/productores-de-alimentos-locales-haran-una-feria-de-verduras\/#breadcrumb\",\"itemListElement\":[{\"@type\":\"ListItem\",\"position\":1,\"name\":\"Portada\",\"item\":\"https:\/\/experienciadevida.com.ar\/portalurbano\/\"},{\"@type\":\"ListItem\",\"position\":2,\"name\":\"Productores de alimentos locales har\u00e1n una feria de verduras\"}]},{\"@type\":\"WebSite\",\"@id\":\"https:\/\/experienciadevida.com.ar\/portalurbano\/#website\",\"url\":\"https:\/\/experienciadevida.com.ar\/portalurbano\/\",\"name\":\"\",\"description\":\"\",\"publisher\":{\"@id\":\"https:\/\/experienciadevida.com.ar\/portalurbano\/#organization\"},\"potentialAction\":[{\"@type\":\"SearchAction\",\"target\":{\"@type\":\"EntryPoint\",\"urlTemplate\":\"https:\/\/experienciadevida.com.ar\/portalurbano\/?s={search_term_string}\"},\"query-input\":\"required name=search_term_string\"}],\"inLanguage\":\"es\"},{\"@type\":\"Organization\",\"@id\":\"https:\/\/experienciadevida.com.ar\/portalurbano\/#organization\",\"name\":\"Portal Urbano\",\"url\":\"https:\/\/experienciadevida.com.ar\/portalurbano\/\",\"logo\":{\"@type\":\"ImageObject\",\"inLanguage\":\"es\",\"@id\":\"https:\/\/experienciadevida.com.ar\/portalurbano\/#\/schema\/logo\/image\/\",\"url\":\"https:\/\/experienciadevida.com.ar\/portalurbano\/wp-content\/uploads\/2019\/09\/Logo-Original.png\",\"contentUrl\":\"https:\/\/experienciadevida.com.ar\/portalurbano\/wp-content\/uploads\/2019\/09\/Logo-Original.png\",\"width\":2236,\"height\":1216,\"caption\":\"Portal Urbano\"},\"image\":{\"@id\":\"https:\/\/experienciadevida.com.ar\/portalurbano\/#\/schema\/logo\/image\/\"},\"sameAs\":[\"https:\/\/www.facebook.com\/Portal-Urbano-171542830093757\/\",\"https:\/\/twitter.com\/portalurbanook\",\"https:\/\/www.instagram.com\/_portalurbano\/\",\"https:\/\/www.youtube.com\/channel\/UCXhagIfszH8KxFiOok79zbA?view_as=subscriber\"]},{\"@type\":\"Person\",\"@id\":\"https:\/\/experienciadevida.com.ar\/portalurbano\/#\/schema\/person\/02dd326b1c4b056e9cc972486934a3a7\",\"name\":\"admpu17wp\",\"image\":{\"@type\":\"ImageObject\",\"inLanguage\":\"es\",\"@id\":\"https:\/\/experienciadevida.com.ar\/portalurbano\/#\/schema\/person\/image\/\",\"url\":\"https:\/\/secure.gravatar.com\/avatar\/830d4c57adaae6630765e449a6908047?s=96&d=mm&r=g\",\"contentUrl\":\"https:\/\/secure.gravatar.com\/avatar\/830d4c57adaae6630765e449a6908047?s=96&d=mm&r=g\",\"caption\":\"admpu17wp\"}}]}<\/script>\n<!-- \/ Yoast SEO plugin. -->","yoast_head_json":{"title":"Productores de alimentos locales har\u00e1n una feria de verduras","description":"Peque\u00f1os productores de alimentos locales y familias agricultoras de nuestra ciudad, nucleados en el MTE, comercializan su producci\u00f3n.","robots":{"index":"index","follow":"follow","max-snippet":"max-snippet:-1","max-image-preview":"max-image-preview:large","max-video-preview":"max-video-preview:-1"},"canonical":"https:\/\/experienciadevida.com.ar\/portalurbano\/productores-de-alimentos-locales-haran-una-feria-de-verduras\/","og_locale":"es_ES","og_type":"article","og_title":"Productores de alimentos locales har\u00e1n una feria de verduras","og_description":"Peque\u00f1os productores de alimentos locales y familias agricultoras de nuestra ciudad, nucleados en el MTE, comercializan su producci\u00f3n.","og_url":"https:\/\/experienciadevida.com.ar\/portalurbano\/productores-de-alimentos-locales-haran-una-feria-de-verduras\/","article_publisher":"https:\/\/www.facebook.com\/Portal-Urbano-171542830093757\/","article_published_time":"2021-01-21T13:24:39+00:00","article_modified_time":"2021-01-21T13:28:01+00:00","og_image":[{"width":1900,"height":854,"url":"https:\/\/experienciadevida.com.ar\/portalurbano\/wp-content\/uploads\/2021\/01\/Verduras.jpg","type":"image\/jpeg"}],"author":"admpu17wp","twitter_card":"summary_large_image","twitter_creator":"@portalurbanook","twitter_site":"@portalurbanook","twitter_misc":{"Escrito por":"admpu17wp","Tiempo de lectura":"2 minutos"},"schema":{"@context":"https:\/\/schema.org","@graph":[{"@type":"Article","@id":"https:\/\/experienciadevida.com.ar\/portalurbano\/productores-de-alimentos-locales-haran-una-feria-de-verduras\/#article","isPartOf":{"@id":"https:\/\/experienciadevida.com.ar\/portalurbano\/productores-de-alimentos-locales-haran-una-feria-de-verduras\/"},"author":{"name":"admpu17wp","@id":"https:\/\/experienciadevida.com.ar\/portalurbano\/#\/schema\/person\/02dd326b1c4b056e9cc972486934a3a7"},"headline":"Productores de alimentos locales har\u00e1n una feria de verduras","datePublished":"2021-01-21T13:24:39+00:00","dateModified":"2021-01-21T13:28:01+00:00","mainEntityOfPage":{"@id":"https:\/\/experienciadevida.com.ar\/portalurbano\/productores-de-alimentos-locales-haran-una-feria-de-verduras\/"},"wordCount":263,"publisher":{"@id":"https:\/\/experienciadevida.com.ar\/portalurbano\/#organization"},"articleSection":["Ciudad","Destacadas 2"],"inLanguage":"es"},{"@type":"WebPage","@id":"https:\/\/experienciadevida.com.ar\/portalurbano\/productores-de-alimentos-locales-haran-una-feria-de-verduras\/","url":"https:\/\/experienciadevida.com.ar\/portalurbano\/productores-de-alimentos-locales-haran-una-feria-de-verduras\/","name":"Productores de alimentos locales har\u00e1n una feria de verduras","isPartOf":{"@id":"https:\/\/experienciadevida.com.ar\/portalurbano\/#website"},"datePublished":"2021-01-21T13:24:39+00:00","dateModified":"2021-01-21T13:28:01+00:00","description":"Peque\u00f1os productores de alimentos locales y familias agricultoras de nuestra ciudad, nucleados en el MTE, comercializan su producci\u00f3n.","breadcrumb":{"@id":"https:\/\/experienciadevida.com.ar\/portalurbano\/productores-de-alimentos-locales-haran-una-feria-de-verduras\/#breadcrumb"},"inLanguage":"es","potentialAction":[{"@type":"ReadAction","target":["https:\/\/experienciadevida.com.ar\/portalurbano\/productores-de-alimentos-locales-haran-una-feria-de-verduras\/"]}]},{"@type":"BreadcrumbList","@id":"https:\/\/experienciadevida.com.ar\/portalurbano\/productores-de-alimentos-locales-haran-una-feria-de-verduras\/#breadcrumb","itemListElement":[{"@type":"ListItem","position":1,"name":"Portada","item":"https:\/\/experienciadevida.com.ar\/portalurbano\/"},{"@type":"ListItem","position":2,"name":"Productores de alimentos locales har\u00e1n una feria de verduras"}]},{"@type":"WebSite","@id":"https:\/\/experienciadevida.com.ar\/portalurbano\/#website","url":"https:\/\/experienciadevida.com.ar\/portalurbano\/","name":"","description":"","publisher":{"@id":"https:\/\/experienciadevida.com.ar\/portalurbano\/#organization"},"potentialAction":[{"@type":"SearchAction","target":{"@type":"EntryPoint","urlTemplate":"https:\/\/experienciadevida.com.ar\/portalurbano\/?s={search_term_string}"},"query-input":"required name=search_term_string"}],"inLanguage":"es"},{"@type":"Organization","@id":"https:\/\/experienciadevida.com.ar\/portalurbano\/#organization","name":"Portal Urbano","url":"https:\/\/experienciadevida.com.ar\/portalurbano\/","logo":{"@type":"ImageObject","inLanguage":"es","@id":"https:\/\/experienciadevida.com.ar\/portalurbano\/#\/schema\/logo\/image\/","url":"https:\/\/experienciadevida.com.ar\/portalurbano\/wp-content\/uploads\/2019\/09\/Logo-Original.png","contentUrl":"https:\/\/experienciadevida.com.ar\/portalurbano\/wp-content\/uploads\/2019\/09\/Logo-Original.png","width":2236,"height":1216,"caption":"Portal Urbano"},"image":{"@id":"https:\/\/experienciadevida.com.ar\/portalurbano\/#\/schema\/logo\/image\/"},"sameAs":["https:\/\/www.facebook.com\/Portal-Urbano-171542830093757\/","https:\/\/twitter.com\/portalurbanook","https:\/\/www.instagram.com\/_portalurbano\/","https:\/\/www.youtube.com\/channel\/UCXhagIfszH8KxFiOok79zbA?view_as=subscriber"]},{"@type":"Person","@id":"https:\/\/experienciadevida.com.ar\/portalurbano\/#\/schema\/person\/02dd326b1c4b056e9cc972486934a3a7","name":"admpu17wp","image":{"@type":"ImageObject","inLanguage":"es","@id":"https:\/\/experienciadevida.com.ar\/portalurbano\/#\/schema\/person\/image\/","url":"https:\/\/secure.gravatar.com\/avatar\/830d4c57adaae6630765e449a6908047?s=96&d=mm&r=g","contentUrl":"https:\/\/secure.gravatar.com\/avatar\/830d4c57adaae6630765e449a6908047?s=96&d=mm&r=g","caption":"admpu17wp"}}]}},"featured_image_urls":{"full":["https:\/\/experienciadevida.com.ar\/portalurbano\/wp-content\/uploads\/2021\/01\/Verduras.jpg",1900,854,false],"thumbnail":["https:\/\/experienciadevida.com.ar\/portalurbano\/wp-content\/uploads\/2021\/01\/Verduras-150x150.jpg",150,150,true],"medium":["https:\/\/experienciadevida.com.ar\/portalurbano\/wp-content\/uploads\/2021\/01\/Verduras-300x135.jpg",300,135,true],"medium_large":["https:\/\/experienciadevida.com.ar\/portalurbano\/wp-content\/uploads\/2021\/01\/Verduras-768x345.jpg",640,288,true],"large":["https:\/\/experienciadevida.com.ar\/portalurbano\/wp-content\/uploads\/2021\/01\/Verduras-1024x460.jpg",640,288,true],"ug_big":["https:\/\/experienciadevida.com.ar\/portalurbano\/wp-content\/uploads\/2021\/01\/Verduras-768x345.jpg",768,345,true],"1536x1536":["https:\/\/experienciadevida.com.ar\/portalurbano\/wp-content\/uploads\/2021\/01\/Verduras-1536x690.jpg",1536,690,true],"2048x2048":["https:\/\/experienciadevida.com.ar\/portalurbano\/wp-content\/uploads\/2021\/01\/Verduras.jpg",1900,854,false],"newsever-slider-full":["https:\/\/experienciadevida.com.ar\/portalurbano\/wp-content\/uploads\/2021\/01\/Verduras.jpg",1280,575,false],"newsever-featured":["https:\/\/experienciadevida.com.ar\/portalurbano\/wp-content\/uploads\/2021\/01\/Verduras.jpg",1024,460,false],"newsever-medium":["https:\/\/experienciadevida.com.ar\/portalurbano\/wp-content\/uploads\/2021\/01\/Verduras.jpg",720,324,false],"web-stories-poster-portrait":["https:\/\/experienciadevida.com.ar\/portalurbano\/wp-content\/uploads\/2021\/01\/Verduras.jpg",640,288,false],"web-stories-publisher-logo":["https:\/\/experienciadevida.com.ar\/portalurbano\/wp-content\/uploads\/2021\/01\/Verduras.jpg",96,43,false],"web-stories-thumbnail":["https:\/\/experienciadevida.com.ar\/portalurbano\/wp-content\/uploads\/2021\/01\/Verduras.jpg",150,67,false]},"author_info":{"display_name":"admpu17wp","author_link":"https:\/\/experienciadevida.com.ar\/portalurbano\/author\/admpu17wp\/"},"category_info":"<a href=\"https:\/\/experienciadevida.com.ar\/portalurbano\/category\/ciudad\/\" rel=\"category tag\">Ciudad<\/a> <a href=\"https:\/\/experienciadevida.com.ar\/portalurbano\/category\/destacadas-2\/\" rel=\"category tag\">Destacadas 2<\/a>","tag_info":"Destacadas 2","comment_count":"0","amp_enabled":true,"_links":{"self":[{"href":"https:\/\/experienciadevida.com.ar\/portalurbano\/wp-json\/wp\/v2\/posts\/133027"}],"collection":[{"href":"https:\/\/experienciadevida.com.ar\/portalurbano\/wp-json\/wp\/v2\/posts"}],"about":[{"href":"https:\/\/experienciadevida.com.ar\/portalurbano\/wp-json\/wp\/v2\/types\/post"}],"author":[{"embeddable":true,"href":"https:\/\/experienciadevida.com.ar\/portalurbano\/wp-json\/wp\/v2\/users\/1"}],"replies":[{"embeddable":true,"href":"https:\/\/experienciadevida.com.ar\/portalurbano\/wp-json\/wp\/v2\/comments?post=133027"}],"version-history":[{"count":4,"href":"https:\/\/experienciadevida.com.ar\/portalurbano\/wp-json\/wp\/v2\/posts\/133027\/revisions"}],"predecessor-version":[{"id":133041,"href":"https:\/\/experienciadevida.com.ar\/portalurbano\/wp-json\/wp\/v2\/posts\/133027\/revisions\/133041"}],"wp:featuredmedia":[{"embeddable":true,"href":"https:\/\/experienciadevida.com.ar\/portalurbano\/wp-json\/wp\/v2\/media\/133038"}],"wp:attachment":[{"href":"https:\/\/experienciadevida.com.ar\/portalurbano\/wp-json\/wp\/v2\/media?parent=133027"}],"wp:term":[{"taxonomy":"category","embeddable":true,"href":"https:\/\/experienciadevida.com.ar\/portalurbano\/wp-json\/wp\/v2\/categories?post=133027"},{"taxonomy":"post_tag","embeddable":true,"href":"https:\/\/experienciadevida.com.ar\/portalurbano\/wp-json\/wp\/v2\/tags?post=133027"}],"curies":[{"name":"wp","href":"https:\/\/api.w.org\/{rel}","templated":true}]}}