{"id":133025,"date":"2021-01-20T21:59:27","date_gmt":"2021-01-21T00:59:27","guid":{"rendered":"https:\/\/experienciadevida.com.ar\/portalurbano\/?p=133025"},"modified":"2021-01-20T22:05:06","modified_gmt":"2021-01-21T01:05:06","slug":"medico-generalista-desesperada-busqueda-de-un-medico-para-cuatro-pueblos","status":"publish","type":"post","link":"https:\/\/experienciadevida.com.ar\/portalurbano\/medico-generalista-desesperada-busqueda-de-un-medico-para-cuatro-pueblos\/","title":{"rendered":"Desesperada b\u00fasqueda de un m\u00e9dico para cuatro pueblos"},"content":{"rendered":"<section class=\"detail-note_news-article\">\n<div class=\"detail-note_body\" data-twitter-link=\"https:\/\/twitter.com\/intent\/tweet?url=https%3A%2F%2Finfocielo.com%2Fc703036&amp;related=infocielo&amp;text=Desesperada+b%C3%BAsqueda+de+un+m%C3%A9dico+para+cuatro+pueblos&amp;via=infocielo\">\n<p class=\"detail-note_lead\">Las localidades rurales de Recalde, Espigas, Mapis e Iturregui necesitan desesperadamente un m\u00e9dico generalista, ya que est\u00e1n sin atenci\u00f3n en plena pandemia.<\/p>\n<p>Entre la Ruta Provincial N\u00b0 86 y la Ruta Nacional N\u00b0 226 (que une a Olavarr\u00eda con San Carlos de Bol\u00edvar), se ubican cuatro localidades\u00a0<strong>rurales<\/strong>\u00a0que, en plena pandemia, no tienen un\u00a0<strong>m\u00e9dico<\/strong>\u00a0generalista que pueda brindar atenci\u00f3n.<\/p>\n<\/div>\n<\/section>\n<div class=\"banner-centered mx-auto text-center\" role=\"banner\">\n<div id=\"horizontal_body\" class=\"ad-slot\" data-adtype=\"horizontal_body\">\n<p><strong>Recalde<\/strong><strong>, Mapis, Espigas y Blancagrande<\/strong>\u00a0combinan un aproximado de mil habitantes, en su gran mayor\u00eda adultos mayores, y buscan desesperadamente a un m\u00e9dico generalista que atienda a esas personas.<\/p>\n<\/div>\n<\/div>\n<section class=\"it-may-interest-you_section\">\n<header class=\"news-article_section-title-wrapper \"><\/header>\n<article class=\"news-article landscape-news row no-gutters align-items-center\" role=\"article\">\n<div class=\"news-article_info-wrapper col-12 col-md d-flex flex-column \">Luciana Pedernera es periodista y forma parte de la organizaci\u00f3n Mujeres Rurales en Red, que desde Olavarr\u00eda y la zona atienden las demandas e intentar brindar soluciones.<\/div>\n<\/article>\n<\/section>\n<section class=\"detail-note_news-article\">\n<div class=\"detail-note_body\" data-twitter-link=\"https:\/\/twitter.com\/intent\/tweet?url=https%3A%2F%2Finfocielo.com%2Fc703036&amp;related=infocielo&amp;text=Desesperada+b%C3%BAsqueda+de+un+m%C3%A9dico+para+cuatro+pueblos&amp;via=infocielo\">\n<p>Al respecto de la necesidad de un m\u00e9dico, Luciana explic\u00f3: &#8220;El m\u00e9dico de Recalde era un paciente de riesgo y, como estaba pronto a jubilarse, se tom\u00f3 su licencia. Ahora a Recalde lo asiste Espigas, a 50 kil\u00f3metros por camino de tierra, y empezamos a hacer toda una movida en b\u00fasqueda de ese m\u00e9dico&#8221;.<\/p>\n<p>Sobre el apoyo de las autoridades, expres\u00f3 que &#8220;el municipio, respondiendo de alguna forma, puso en agosto\/septiembre del a\u00f1o pasado, una asistencia m\u00e9dica quincenal. Los habitantes tuvieron que pasar de tener atenci\u00f3n todos los d\u00edas, a esperar una quincena&#8221;.<\/p>\n<p>&#8220;El subsecretario de gobierno de Olavarr\u00eda me coment\u00f3 que esto ya no depende tanto de ellos, sino de un m\u00e9dico que quiera ir a trabajar all\u00e1. Tiene que ser un m\u00e9dico generalista. Nosotras hicimos circular la informaci\u00f3n lo que pudimos y todav\u00eda no apareci\u00f3 nadie&#8221;, agreg\u00f3 Luciana Pedernera.<\/p>\n<p>Mientras persiste la b\u00fasqueda, desde Mujeres Rurales en Red comentaron que\u00a0<span id=\"saysCMSEmphasis0bl3o6pp6sn\" class=\"saysCMSEmphasis\">&#8220;la vida y los accidentes contin\u00faan: Uno de los primeros en encender la alarma fue el de una nena que tuvo un ataque de convulsiones y fue llevada a la sala de primeros auxilios. El m\u00e9dico de Espigas no ten\u00eda la ambulancia y Recalde no tiene una porque, para ello, necesitar\u00eda tener un doctor a cargo&#8221;.<\/span><\/p>\n<p>&#8220;El m\u00e9dico de Espigas se traslad\u00f3 en su auto particular a Recalde a asistir a la nena. Ella empez\u00f3 a convulsionar a las 13 y a las 15hs lleg\u00f3 la ambulancia. En esa urgencia el m\u00e9dico de Espigas, el ambulanciero y la enfermera contrajeron Coronavirus&#8221;, cont\u00f3 Luciana sobre este evento que solo es un ejemplo de la desolaci\u00f3n que se vive en estas zonas rurales.<\/p>\n<p>Adem\u00e1s, agreg\u00f3 otros casos para ejemplificar la dura situaci\u00f3n que viven:\u00a0<span id=\"saysCMSEmphasisv82bmsqhzt8\" class=\"saysCMSEmphasis\">&#8220;El 30 de diciembre, nos enteramos una semana despu\u00e9s, una organizaci\u00f3n realiz\u00f3 una fiesta para agasajar al m\u00e9dico de Espigas por lo que estaba haciendo por la pandemia. Ese agasajo fue presencial, no hubo protocolos, y hubo que hacer hisopados de urgencia&#8221;.<\/span><\/p>\n<p>El resultado fue catastr\u00f3fico:\u00a0<span id=\"saysCMSEmphasispdnr5m1vds\" class=\"saysCMSEmphasis\">&#8220;El 90% de las 70 personas hisopadas, dieron positivo. Aunque silenciosamente la b\u00fasqueda del m\u00e9dico segu\u00eda, esta agrupaci\u00f3n vino y en un evento contagi\u00f3 a todo el personal m\u00e9dico&#8221;.<\/span><\/p>\n<p>Tambi\u00e9n sufren permanentemente las personas mayores de estas localidades rurales: &#8220;<span id=\"saysCMSEmphasisp2w3k3icy7h\" class=\"saysCMSEmphasis\">Un hombre de 77 a\u00f1os se cay\u00f3 de un \u00e1rbol, se quebr\u00f3 las costillas, fueron a buscar a la polic\u00eda de Recalde y la polic\u00eda la indicaci\u00f3n que da es no moverlo. El hombre estuvo en el suelo desde las 12 del mediod\u00eda hasta las 14 horas aguantando el dolor&#8221;<\/span>, cont\u00f3 Luciana.<\/p>\n<h3>Qu\u00e9 se necesita:<\/h3>\n<p>La situaci\u00f3n requiere de una persona que desee irse a vivir a alguna de estas localidades rurales, que tienen entre otras cosas muy poca se\u00f1al telef\u00f3nica. Desde la municipalidad estar\u00edan dispuestos a brindar casa y otras facilidades, para un m\u00e9dico generalista que pueda y quiera instalarse en la zona.<\/p>\n<p>Si se conoce de alguien que quiera instalarse en un \u00e1mbito rural, puede contactarse a mujeresruralesenred@gmail.com y se le brindar\u00e1n todos los datos correspondientes para llegar al municipio que es qui\u00e9n debe efectuar su contrataci\u00f3n.(Fuente Infocielo)<\/p>\n<\/div>\n<\/section>\n","protected":false},"excerpt":{"rendered":"<p>Las localidades rurales de Recalde, Espigas, Mapis e Iturregui necesitan desesperadamente un m\u00e9dico generalista, ya&#8230;<\/p>\n","protected":false},"author":1,"featured_media":133026,"comment_status":"closed","ping_status":"closed","sticky":false,"template":"","format":"standard","meta":{"content-type":""},"categories":[27,51],"tags":[],"nelio_content":{"isAutoShareEnabled":false,"autoShareEndMode":"default","automationSources":{"useContentSentences":true,"useSocialTemplates":true,"useCustomSentences":false,"customSentences":[]},"followers":[1],"suggestedReferences":[],"includedReferences":[],"efiUrl":"","efiAlt":"","highlights":[]},"yoast_head":"<!-- This site is optimized with the Yoast SEO plugin v20.7 - https:\/\/yoast.com\/wordpress\/plugins\/seo\/ -->\n<title>Desesperada b\u00fasqueda de un m\u00e9dico generalista para cuatro pueblos<\/title>\n<meta name=\"description\" content=\"medico generalista. Las localidades rurales de Recalde, Espigas, Mapis e Iturregui necesitan desesperadamente un m\u00e9dico generalista,\" \/>\n<meta name=\"robots\" content=\"index, follow, max-snippet:-1, max-image-preview:large, max-video-preview:-1\" \/>\n<link rel=\"canonical\" href=\"https:\/\/experienciadevida.com.ar\/portalurbano\/medico-generalista-desesperada-busqueda-de-un-medico-para-cuatro-pueblos\/\" \/>\n<meta property=\"og:locale\" content=\"es_ES\" \/>\n<meta property=\"og:type\" content=\"article\" \/>\n<meta property=\"og:title\" content=\"Desesperada b\u00fasqueda de un m\u00e9dico generalista para cuatro pueblos\" \/>\n<meta property=\"og:description\" content=\"medico generalista. Las localidades rurales de Recalde, Espigas, Mapis e Iturregui necesitan desesperadamente un m\u00e9dico generalista,\" \/>\n<meta property=\"og:url\" content=\"https:\/\/experienciadevida.com.ar\/portalurbano\/medico-generalista-desesperada-busqueda-de-un-medico-para-cuatro-pueblos\/\" \/>\n<meta property=\"article:publisher\" content=\"https:\/\/www.facebook.com\/Portal-Urbano-171542830093757\/\" \/>\n<meta property=\"article:published_time\" content=\"2021-01-21T00:59:27+00:00\" \/>\n<meta property=\"article:modified_time\" content=\"2021-01-21T01:05:06+00:00\" \/>\n<meta property=\"og:image\" content=\"https:\/\/experienciadevida.com.ar\/portalurbano\/wp-content\/uploads\/2021\/01\/la-desolacion-es-absoluta-y-los-habitantes-estos-pueblos-rurales-piden-ayuda-encontrar-un-medico-generalista-e1611190532514.jpg\" \/>\n\t<meta property=\"og:image:width\" content=\"800\" \/>\n\t<meta property=\"og:image:height\" content=\"450\" \/>\n\t<meta property=\"og:image:type\" content=\"image\/jpeg\" \/>\n<meta name=\"author\" content=\"admpu17wp\" \/>\n<meta name=\"twitter:card\" content=\"summary_large_image\" \/>\n<meta name=\"twitter:creator\" content=\"@portalurbanook\" \/>\n<meta name=\"twitter:site\" content=\"@portalurbanook\" \/>\n<meta name=\"twitter:label1\" content=\"Escrito por\" \/>\n\t<meta name=\"twitter:data1\" content=\"admpu17wp\" \/>\n\t<meta name=\"twitter:label2\" content=\"Tiempo de lectura\" \/>\n\t<meta name=\"twitter:data2\" content=\"3 minutos\" \/>\n<script type=\"application\/ld+json\" class=\"yoast-schema-graph\">{\"@context\":\"https:\/\/schema.org\",\"@graph\":[{\"@type\":\"Article\",\"@id\":\"https:\/\/experienciadevida.com.ar\/portalurbano\/medico-generalista-desesperada-busqueda-de-un-medico-para-cuatro-pueblos\/#article\",\"isPartOf\":{\"@id\":\"https:\/\/experienciadevida.com.ar\/portalurbano\/medico-generalista-desesperada-busqueda-de-un-medico-para-cuatro-pueblos\/\"},\"author\":{\"name\":\"admpu17wp\",\"@id\":\"https:\/\/experienciadevida.com.ar\/portalurbano\/#\/schema\/person\/02dd326b1c4b056e9cc972486934a3a7\"},\"headline\":\"Desesperada b\u00fasqueda de un m\u00e9dico para cuatro pueblos\",\"datePublished\":\"2021-01-21T00:59:27+00:00\",\"dateModified\":\"2021-01-21T01:05:06+00:00\",\"mainEntityOfPage\":{\"@id\":\"https:\/\/experienciadevida.com.ar\/portalurbano\/medico-generalista-desesperada-busqueda-de-un-medico-para-cuatro-pueblos\/\"},\"wordCount\":688,\"publisher\":{\"@id\":\"https:\/\/experienciadevida.com.ar\/portalurbano\/#organization\"},\"articleSection\":[\"Ciudad\",\"Destacadas\"],\"inLanguage\":\"es\"},{\"@type\":\"WebPage\",\"@id\":\"https:\/\/experienciadevida.com.ar\/portalurbano\/medico-generalista-desesperada-busqueda-de-un-medico-para-cuatro-pueblos\/\",\"url\":\"https:\/\/experienciadevida.com.ar\/portalurbano\/medico-generalista-desesperada-busqueda-de-un-medico-para-cuatro-pueblos\/\",\"name\":\"Desesperada b\u00fasqueda de un m\u00e9dico generalista para cuatro pueblos\",\"isPartOf\":{\"@id\":\"https:\/\/experienciadevida.com.ar\/portalurbano\/#website\"},\"datePublished\":\"2021-01-21T00:59:27+00:00\",\"dateModified\":\"2021-01-21T01:05:06+00:00\",\"description\":\"medico generalista. Las localidades rurales de Recalde, Espigas, Mapis e Iturregui necesitan desesperadamente un m\u00e9dico generalista,\",\"breadcrumb\":{\"@id\":\"https:\/\/experienciadevida.com.ar\/portalurbano\/medico-generalista-desesperada-busqueda-de-un-medico-para-cuatro-pueblos\/#breadcrumb\"},\"inLanguage\":\"es\",\"potentialAction\":[{\"@type\":\"ReadAction\",\"target\":[\"https:\/\/experienciadevida.com.ar\/portalurbano\/medico-generalista-desesperada-busqueda-de-un-medico-para-cuatro-pueblos\/\"]}]},{\"@type\":\"BreadcrumbList\",\"@id\":\"https:\/\/experienciadevida.com.ar\/portalurbano\/medico-generalista-desesperada-busqueda-de-un-medico-para-cuatro-pueblos\/#breadcrumb\",\"itemListElement\":[{\"@type\":\"ListItem\",\"position\":1,\"name\":\"Portada\",\"item\":\"https:\/\/experienciadevida.com.ar\/portalurbano\/\"},{\"@type\":\"ListItem\",\"position\":2,\"name\":\"Desesperada b\u00fasqueda de un m\u00e9dico para cuatro pueblos\"}]},{\"@type\":\"WebSite\",\"@id\":\"https:\/\/experienciadevida.com.ar\/portalurbano\/#website\",\"url\":\"https:\/\/experienciadevida.com.ar\/portalurbano\/\",\"name\":\"\",\"description\":\"\",\"publisher\":{\"@id\":\"https:\/\/experienciadevida.com.ar\/portalurbano\/#organization\"},\"potentialAction\":[{\"@type\":\"SearchAction\",\"target\":{\"@type\":\"EntryPoint\",\"urlTemplate\":\"https:\/\/experienciadevida.com.ar\/portalurbano\/?s={search_term_string}\"},\"query-input\":\"required name=search_term_string\"}],\"inLanguage\":\"es\"},{\"@type\":\"Organization\",\"@id\":\"https:\/\/experienciadevida.com.ar\/portalurbano\/#organization\",\"name\":\"Portal Urbano\",\"url\":\"https:\/\/experienciadevida.com.ar\/portalurbano\/\",\"logo\":{\"@type\":\"ImageObject\",\"inLanguage\":\"es\",\"@id\":\"https:\/\/experienciadevida.com.ar\/portalurbano\/#\/schema\/logo\/image\/\",\"url\":\"https:\/\/experienciadevida.com.ar\/portalurbano\/wp-content\/uploads\/2019\/09\/Logo-Original.png\",\"contentUrl\":\"https:\/\/experienciadevida.com.ar\/portalurbano\/wp-content\/uploads\/2019\/09\/Logo-Original.png\",\"width\":2236,\"height\":1216,\"caption\":\"Portal Urbano\"},\"image\":{\"@id\":\"https:\/\/experienciadevida.com.ar\/portalurbano\/#\/schema\/logo\/image\/\"},\"sameAs\":[\"https:\/\/www.facebook.com\/Portal-Urbano-171542830093757\/\",\"https:\/\/twitter.com\/portalurbanook\",\"https:\/\/www.instagram.com\/_portalurbano\/\",\"https:\/\/www.youtube.com\/channel\/UCXhagIfszH8KxFiOok79zbA?view_as=subscriber\"]},{\"@type\":\"Person\",\"@id\":\"https:\/\/experienciadevida.com.ar\/portalurbano\/#\/schema\/person\/02dd326b1c4b056e9cc972486934a3a7\",\"name\":\"admpu17wp\",\"image\":{\"@type\":\"ImageObject\",\"inLanguage\":\"es\",\"@id\":\"https:\/\/experienciadevida.com.ar\/portalurbano\/#\/schema\/person\/image\/\",\"url\":\"https:\/\/secure.gravatar.com\/avatar\/830d4c57adaae6630765e449a6908047?s=96&d=mm&r=g\",\"contentUrl\":\"https:\/\/secure.gravatar.com\/avatar\/830d4c57adaae6630765e449a6908047?s=96&d=mm&r=g\",\"caption\":\"admpu17wp\"}}]}<\/script>\n<!-- \/ Yoast SEO plugin. -->","yoast_head_json":{"title":"Desesperada b\u00fasqueda de un m\u00e9dico generalista para cuatro pueblos","description":"medico generalista. Las localidades rurales de Recalde, Espigas, Mapis e Iturregui necesitan desesperadamente un m\u00e9dico generalista,","robots":{"index":"index","follow":"follow","max-snippet":"max-snippet:-1","max-image-preview":"max-image-preview:large","max-video-preview":"max-video-preview:-1"},"canonical":"https:\/\/experienciadevida.com.ar\/portalurbano\/medico-generalista-desesperada-busqueda-de-un-medico-para-cuatro-pueblos\/","og_locale":"es_ES","og_type":"article","og_title":"Desesperada b\u00fasqueda de un m\u00e9dico generalista para cuatro pueblos","og_description":"medico generalista. Las localidades rurales de Recalde, Espigas, Mapis e Iturregui necesitan desesperadamente un m\u00e9dico generalista,","og_url":"https:\/\/experienciadevida.com.ar\/portalurbano\/medico-generalista-desesperada-busqueda-de-un-medico-para-cuatro-pueblos\/","article_publisher":"https:\/\/www.facebook.com\/Portal-Urbano-171542830093757\/","article_published_time":"2021-01-21T00:59:27+00:00","article_modified_time":"2021-01-21T01:05:06+00:00","og_image":[{"width":800,"height":450,"url":"https:\/\/experienciadevida.com.ar\/portalurbano\/wp-content\/uploads\/2021\/01\/la-desolacion-es-absoluta-y-los-habitantes-estos-pueblos-rurales-piden-ayuda-encontrar-un-medico-generalista-e1611190532514.jpg","type":"image\/jpeg"}],"author":"admpu17wp","twitter_card":"summary_large_image","twitter_creator":"@portalurbanook","twitter_site":"@portalurbanook","twitter_misc":{"Escrito por":"admpu17wp","Tiempo de lectura":"3 minutos"},"schema":{"@context":"https:\/\/schema.org","@graph":[{"@type":"Article","@id":"https:\/\/experienciadevida.com.ar\/portalurbano\/medico-generalista-desesperada-busqueda-de-un-medico-para-cuatro-pueblos\/#article","isPartOf":{"@id":"https:\/\/experienciadevida.com.ar\/portalurbano\/medico-generalista-desesperada-busqueda-de-un-medico-para-cuatro-pueblos\/"},"author":{"name":"admpu17wp","@id":"https:\/\/experienciadevida.com.ar\/portalurbano\/#\/schema\/person\/02dd326b1c4b056e9cc972486934a3a7"},"headline":"Desesperada b\u00fasqueda de un m\u00e9dico para cuatro pueblos","datePublished":"2021-01-21T00:59:27+00:00","dateModified":"2021-01-21T01:05:06+00:00","mainEntityOfPage":{"@id":"https:\/\/experienciadevida.com.ar\/portalurbano\/medico-generalista-desesperada-busqueda-de-un-medico-para-cuatro-pueblos\/"},"wordCount":688,"publisher":{"@id":"https:\/\/experienciadevida.com.ar\/portalurbano\/#organization"},"articleSection":["Ciudad","Destacadas"],"inLanguage":"es"},{"@type":"WebPage","@id":"https:\/\/experienciadevida.com.ar\/portalurbano\/medico-generalista-desesperada-busqueda-de-un-medico-para-cuatro-pueblos\/","url":"https:\/\/experienciadevida.com.ar\/portalurbano\/medico-generalista-desesperada-busqueda-de-un-medico-para-cuatro-pueblos\/","name":"Desesperada b\u00fasqueda de un m\u00e9dico generalista para cuatro pueblos","isPartOf":{"@id":"https:\/\/experienciadevida.com.ar\/portalurbano\/#website"},"datePublished":"2021-01-21T00:59:27+00:00","dateModified":"2021-01-21T01:05:06+00:00","description":"medico generalista. Las localidades rurales de Recalde, Espigas, Mapis e Iturregui necesitan desesperadamente un m\u00e9dico generalista,","breadcrumb":{"@id":"https:\/\/experienciadevida.com.ar\/portalurbano\/medico-generalista-desesperada-busqueda-de-un-medico-para-cuatro-pueblos\/#breadcrumb"},"inLanguage":"es","potentialAction":[{"@type":"ReadAction","target":["https:\/\/experienciadevida.com.ar\/portalurbano\/medico-generalista-desesperada-busqueda-de-un-medico-para-cuatro-pueblos\/"]}]},{"@type":"BreadcrumbList","@id":"https:\/\/experienciadevida.com.ar\/portalurbano\/medico-generalista-desesperada-busqueda-de-un-medico-para-cuatro-pueblos\/#breadcrumb","itemListElement":[{"@type":"ListItem","position":1,"name":"Portada","item":"https:\/\/experienciadevida.com.ar\/portalurbano\/"},{"@type":"ListItem","position":2,"name":"Desesperada b\u00fasqueda de un m\u00e9dico para cuatro pueblos"}]},{"@type":"WebSite","@id":"https:\/\/experienciadevida.com.ar\/portalurbano\/#website","url":"https:\/\/experienciadevida.com.ar\/portalurbano\/","name":"","description":"","publisher":{"@id":"https:\/\/experienciadevida.com.ar\/portalurbano\/#organization"},"potentialAction":[{"@type":"SearchAction","target":{"@type":"EntryPoint","urlTemplate":"https:\/\/experienciadevida.com.ar\/portalurbano\/?s={search_term_string}"},"query-input":"required name=search_term_string"}],"inLanguage":"es"},{"@type":"Organization","@id":"https:\/\/experienciadevida.com.ar\/portalurbano\/#organization","name":"Portal Urbano","url":"https:\/\/experienciadevida.com.ar\/portalurbano\/","logo":{"@type":"ImageObject","inLanguage":"es","@id":"https:\/\/experienciadevida.com.ar\/portalurbano\/#\/schema\/logo\/image\/","url":"https:\/\/experienciadevida.com.ar\/portalurbano\/wp-content\/uploads\/2019\/09\/Logo-Original.png","contentUrl":"https:\/\/experienciadevida.com.ar\/portalurbano\/wp-content\/uploads\/2019\/09\/Logo-Original.png","width":2236,"height":1216,"caption":"Portal Urbano"},"image":{"@id":"https:\/\/experienciadevida.com.ar\/portalurbano\/#\/schema\/logo\/image\/"},"sameAs":["https:\/\/www.facebook.com\/Portal-Urbano-171542830093757\/","https:\/\/twitter.com\/portalurbanook","https:\/\/www.instagram.com\/_portalurbano\/","https:\/\/www.youtube.com\/channel\/UCXhagIfszH8KxFiOok79zbA?view_as=subscriber"]},{"@type":"Person","@id":"https:\/\/experienciadevida.com.ar\/portalurbano\/#\/schema\/person\/02dd326b1c4b056e9cc972486934a3a7","name":"admpu17wp","image":{"@type":"ImageObject","inLanguage":"es","@id":"https:\/\/experienciadevida.com.ar\/portalurbano\/#\/schema\/person\/image\/","url":"https:\/\/secure.gravatar.com\/avatar\/830d4c57adaae6630765e449a6908047?s=96&d=mm&r=g","contentUrl":"https:\/\/secure.gravatar.com\/avatar\/830d4c57adaae6630765e449a6908047?s=96&d=mm&r=g","caption":"admpu17wp"}}]}},"featured_image_urls":{"full":["https:\/\/experienciadevida.com.ar\/portalurbano\/wp-content\/uploads\/2021\/01\/la-desolacion-es-absoluta-y-los-habitantes-estos-pueblos-rurales-piden-ayuda-encontrar-un-medico-generalista-e1611190532514.jpg",800,450,false],"thumbnail":["https:\/\/experienciadevida.com.ar\/portalurbano\/wp-content\/uploads\/2021\/01\/la-desolacion-es-absoluta-y-los-habitantes-estos-pueblos-rurales-piden-ayuda-encontrar-un-medico-generalista-150x150.jpg",150,150,true],"medium":["https:\/\/experienciadevida.com.ar\/portalurbano\/wp-content\/uploads\/2021\/01\/la-desolacion-es-absoluta-y-los-habitantes-estos-pueblos-rurales-piden-ayuda-encontrar-un-medico-generalista-300x169.jpg",300,169,true],"medium_large":["https:\/\/experienciadevida.com.ar\/portalurbano\/wp-content\/uploads\/2021\/01\/la-desolacion-es-absoluta-y-los-habitantes-estos-pueblos-rurales-piden-ayuda-encontrar-un-medico-generalista-768x432.jpg",640,360,true],"large":["https:\/\/experienciadevida.com.ar\/portalurbano\/wp-content\/uploads\/2021\/01\/la-desolacion-es-absoluta-y-los-habitantes-estos-pueblos-rurales-piden-ayuda-encontrar-un-medico-generalista-e1611190532514.jpg",640,360,false],"ug_big":["https:\/\/experienciadevida.com.ar\/portalurbano\/wp-content\/uploads\/2021\/01\/la-desolacion-es-absoluta-y-los-habitantes-estos-pueblos-rurales-piden-ayuda-encontrar-un-medico-generalista-768x432.jpg",768,432,true],"1536x1536":["https:\/\/experienciadevida.com.ar\/portalurbano\/wp-content\/uploads\/2021\/01\/la-desolacion-es-absoluta-y-los-habitantes-estos-pueblos-rurales-piden-ayuda-encontrar-un-medico-generalista-e1611190532514.jpg",800,450,false],"2048x2048":["https:\/\/experienciadevida.com.ar\/portalurbano\/wp-content\/uploads\/2021\/01\/la-desolacion-es-absoluta-y-los-habitantes-estos-pueblos-rurales-piden-ayuda-encontrar-un-medico-generalista-e1611190532514.jpg",800,450,false],"newsever-slider-full":["https:\/\/experienciadevida.com.ar\/portalurbano\/wp-content\/uploads\/2021\/01\/la-desolacion-es-absoluta-y-los-habitantes-estos-pueblos-rurales-piden-ayuda-encontrar-un-medico-generalista-e1611190532514.jpg",800,450,false],"newsever-featured":["https:\/\/experienciadevida.com.ar\/portalurbano\/wp-content\/uploads\/2021\/01\/la-desolacion-es-absoluta-y-los-habitantes-estos-pueblos-rurales-piden-ayuda-encontrar-un-medico-generalista-e1611190532514.jpg",800,450,false],"newsever-medium":["https:\/\/experienciadevida.com.ar\/portalurbano\/wp-content\/uploads\/2021\/01\/la-desolacion-es-absoluta-y-los-habitantes-estos-pueblos-rurales-piden-ayuda-encontrar-un-medico-generalista-e1611190532514.jpg",720,405,false],"web-stories-poster-portrait":["https:\/\/experienciadevida.com.ar\/portalurbano\/wp-content\/uploads\/2021\/01\/la-desolacion-es-absoluta-y-los-habitantes-estos-pueblos-rurales-piden-ayuda-encontrar-un-medico-generalista-e1611190532514.jpg",640,360,false],"web-stories-publisher-logo":["https:\/\/experienciadevida.com.ar\/portalurbano\/wp-content\/uploads\/2021\/01\/la-desolacion-es-absoluta-y-los-habitantes-estos-pueblos-rurales-piden-ayuda-encontrar-un-medico-generalista-e1611190532514.jpg",96,54,false],"web-stories-thumbnail":["https:\/\/experienciadevida.com.ar\/portalurbano\/wp-content\/uploads\/2021\/01\/la-desolacion-es-absoluta-y-los-habitantes-estos-pueblos-rurales-piden-ayuda-encontrar-un-medico-generalista-e1611190532514.jpg",150,84,false]},"author_info":{"display_name":"admpu17wp","author_link":"https:\/\/experienciadevida.com.ar\/portalurbano\/author\/admpu17wp\/"},"category_info":"<a href=\"https:\/\/experienciadevida.com.ar\/portalurbano\/category\/ciudad\/\" rel=\"category tag\">Ciudad<\/a> <a href=\"https:\/\/experienciadevida.com.ar\/portalurbano\/category\/destacadas\/\" rel=\"category tag\">Destacadas<\/a>","tag_info":"Destacadas","comment_count":"0","amp_enabled":true,"_links":{"self":[{"href":"https:\/\/experienciadevida.com.ar\/portalurbano\/wp-json\/wp\/v2\/posts\/133025"}],"collection":[{"href":"https:\/\/experienciadevida.com.ar\/portalurbano\/wp-json\/wp\/v2\/posts"}],"about":[{"href":"https:\/\/experienciadevida.com.ar\/portalurbano\/wp-json\/wp\/v2\/types\/post"}],"author":[{"embeddable":true,"href":"https:\/\/experienciadevida.com.ar\/portalurbano\/wp-json\/wp\/v2\/users\/1"}],"replies":[{"embeddable":true,"href":"https:\/\/experienciadevida.com.ar\/portalurbano\/wp-json\/wp\/v2\/comments?post=133025"}],"version-history":[{"count":3,"href":"https:\/\/experienciadevida.com.ar\/portalurbano\/wp-json\/wp\/v2\/posts\/133025\/revisions"}],"predecessor-version":[{"id":133031,"href":"https:\/\/experienciadevida.com.ar\/portalurbano\/wp-json\/wp\/v2\/posts\/133025\/revisions\/133031"}],"wp:featuredmedia":[{"embeddable":true,"href":"https:\/\/experienciadevida.com.ar\/portalurbano\/wp-json\/wp\/v2\/media\/133026"}],"wp:attachment":[{"href":"https:\/\/experienciadevida.com.ar\/portalurbano\/wp-json\/wp\/v2\/media?parent=133025"}],"wp:term":[{"taxonomy":"category","embeddable":true,"href":"https:\/\/experienciadevida.com.ar\/portalurbano\/wp-json\/wp\/v2\/categories?post=133025"},{"taxonomy":"post_tag","embeddable":true,"href":"https:\/\/experienciadevida.com.ar\/portalurbano\/wp-json\/wp\/v2\/tags?post=133025"}],"curies":[{"name":"wp","href":"https:\/\/api.w.org\/{rel}","templated":true}]}}