{"id":133023,"date":"2021-01-20T21:54:17","date_gmt":"2021-01-21T00:54:17","guid":{"rendered":"https:\/\/experienciadevida.com.ar\/portalurbano\/?p=133023"},"modified":"2021-01-20T21:54:45","modified_gmt":"2021-01-21T00:54:45","slug":"la-subdelegacion-regional-de-cnrt-en-olavarria-sera-inaugurada-este-jueves","status":"publish","type":"post","link":"https:\/\/experienciadevida.com.ar\/portalurbano\/la-subdelegacion-regional-de-cnrt-en-olavarria-sera-inaugurada-este-jueves\/","title":{"rendered":"La Subdelegaci\u00f3n regional de CNRT en Olavarr\u00eda ser\u00e1 inaugurada este jueves"},"content":{"rendered":"<p>Se inaugura la <a href=\"https:\/\/experienciadevida.com.ar\/portalurbano\/galli-firmo-un-convenio-para-la-instalacion-de-la-oficina-cnrt-en-la-terminal\/\">Subdelegaci\u00f3n regional de CNRT en Olavarr\u00eda<\/a>. La misma tendr\u00e1 el lugar este jueves 21 de enero a las 12 hs en el primer piso de la Terminal de \u00d3mnibus de la ciudad.<\/p>\n<p>El acto inaugural contar\u00e1 con la participaci\u00f3n del Subdelegado de CNRT, el Intendente de Olavarr\u00eda Ezequiel Galli, el Subsecretario de Miner\u00eda de la provincia, Federico Aguilera, el Diputado Provincial Cesar Valicenti, El Director Ejecutivo de la CNRT Jos\u00e9 Arteaga y la Secretaria de Articulaci\u00f3n Interjurisdiccional Marcela Passo, en representaci\u00f3n del Ministro Mario Meoni, adem\u00e1s de Concejales y otras autoridades.<\/p>\n<p>Luego de las palabras alusivas en la inauguraci\u00f3n de la subdelegaci\u00f3n regional de CNRT, se proceder\u00e1 al corte de cinta.<\/p>\n<p>Adem\u00e1s proceder\u00e1n a hacer un recorrido por las nuevas instalaciones\u00a0 en nuestra ciudad.<\/p>\n","protected":false},"excerpt":{"rendered":"<p>Se inaugura la Subdelegaci\u00f3n regional de CNRT en Olavarr\u00eda. La misma tendr\u00e1 el lugar este&#8230;<\/p>\n","protected":false},"author":1,"featured_media":80587,"comment_status":"closed","ping_status":"closed","sticky":false,"template":"","format":"standard","meta":{"content-type":""},"categories":[27],"tags":[],"nelio_content":{"isAutoShareEnabled":false,"autoShareEndMode":"default","automationSources":{"useContentSentences":true,"useSocialTemplates":true,"useCustomSentences":false,"customSentences":[]},"followers":[1],"suggestedReferences":[],"includedReferences":[],"efiUrl":"","efiAlt":"","highlights":[]},"yoast_head":"<!-- This site is optimized with the Yoast SEO plugin v20.7 - https:\/\/yoast.com\/wordpress\/plugins\/seo\/ -->\n<title>La subdelegaci\u00f3n regional de CNRT ser\u00e1 inaugurada este jueves<\/title>\n<meta name=\"description\" content=\"Se inaugura la Subdelegaci\u00f3n regional de CNRT en Olavarr\u00eda. La misma tendr\u00e1 el lugar este jueves 21 de enero en la terminal de \u00d3mnibus.\" \/>\n<meta name=\"robots\" content=\"index, follow, max-snippet:-1, max-image-preview:large, max-video-preview:-1\" \/>\n<link rel=\"canonical\" href=\"https:\/\/experienciadevida.com.ar\/portalurbano\/la-subdelegacion-regional-de-cnrt-en-olavarria-sera-inaugurada-este-jueves\/\" \/>\n<meta property=\"og:locale\" content=\"es_ES\" \/>\n<meta property=\"og:type\" content=\"article\" \/>\n<meta property=\"og:title\" content=\"La subdelegaci\u00f3n regional de CNRT ser\u00e1 inaugurada este jueves\" \/>\n<meta property=\"og:description\" content=\"Se inaugura la Subdelegaci\u00f3n regional de CNRT en Olavarr\u00eda. La misma tendr\u00e1 el lugar este jueves 21 de enero en la terminal de \u00d3mnibus.\" \/>\n<meta property=\"og:url\" content=\"https:\/\/experienciadevida.com.ar\/portalurbano\/la-subdelegacion-regional-de-cnrt-en-olavarria-sera-inaugurada-este-jueves\/\" \/>\n<meta property=\"article:publisher\" content=\"https:\/\/www.facebook.com\/Portal-Urbano-171542830093757\/\" \/>\n<meta property=\"article:published_time\" content=\"2021-01-21T00:54:17+00:00\" \/>\n<meta property=\"article:modified_time\" content=\"2021-01-21T00:54:45+00:00\" \/>\n<meta property=\"og:image\" content=\"https:\/\/experienciadevida.com.ar\/portalurbano\/wp-content\/uploads\/2019\/08\/TERMINAL-e1565370607907.jpg\" \/>\n\t<meta property=\"og:image:width\" content=\"765\" \/>\n\t<meta property=\"og:image:height\" content=\"507\" \/>\n\t<meta property=\"og:image:type\" content=\"image\/jpeg\" \/>\n<meta name=\"author\" content=\"admpu17wp\" \/>\n<meta name=\"twitter:card\" content=\"summary_large_image\" \/>\n<meta name=\"twitter:creator\" content=\"@portalurbanook\" \/>\n<meta name=\"twitter:site\" content=\"@portalurbanook\" \/>\n<meta name=\"twitter:label1\" content=\"Escrito por\" \/>\n\t<meta name=\"twitter:data1\" content=\"admpu17wp\" \/>\n\t<meta name=\"twitter:label2\" content=\"Tiempo de lectura\" \/>\n\t<meta name=\"twitter:data2\" content=\"1 minuto\" \/>\n<script type=\"application\/ld+json\" class=\"yoast-schema-graph\">{\"@context\":\"https:\/\/schema.org\",\"@graph\":[{\"@type\":\"Article\",\"@id\":\"https:\/\/experienciadevida.com.ar\/portalurbano\/la-subdelegacion-regional-de-cnrt-en-olavarria-sera-inaugurada-este-jueves\/#article\",\"isPartOf\":{\"@id\":\"https:\/\/experienciadevida.com.ar\/portalurbano\/la-subdelegacion-regional-de-cnrt-en-olavarria-sera-inaugurada-este-jueves\/\"},\"author\":{\"name\":\"admpu17wp\",\"@id\":\"https:\/\/experienciadevida.com.ar\/portalurbano\/#\/schema\/person\/02dd326b1c4b056e9cc972486934a3a7\"},\"headline\":\"La Subdelegaci\u00f3n regional de CNRT en Olavarr\u00eda ser\u00e1 inaugurada este jueves\",\"datePublished\":\"2021-01-21T00:54:17+00:00\",\"dateModified\":\"2021-01-21T00:54:45+00:00\",\"mainEntityOfPage\":{\"@id\":\"https:\/\/experienciadevida.com.ar\/portalurbano\/la-subdelegacion-regional-de-cnrt-en-olavarria-sera-inaugurada-este-jueves\/\"},\"wordCount\":150,\"publisher\":{\"@id\":\"https:\/\/experienciadevida.com.ar\/portalurbano\/#organization\"},\"articleSection\":[\"Ciudad\"],\"inLanguage\":\"es\"},{\"@type\":\"WebPage\",\"@id\":\"https:\/\/experienciadevida.com.ar\/portalurbano\/la-subdelegacion-regional-de-cnrt-en-olavarria-sera-inaugurada-este-jueves\/\",\"url\":\"https:\/\/experienciadevida.com.ar\/portalurbano\/la-subdelegacion-regional-de-cnrt-en-olavarria-sera-inaugurada-este-jueves\/\",\"name\":\"La subdelegaci\u00f3n regional de CNRT ser\u00e1 inaugurada este jueves\",\"isPartOf\":{\"@id\":\"https:\/\/experienciadevida.com.ar\/portalurbano\/#website\"},\"datePublished\":\"2021-01-21T00:54:17+00:00\",\"dateModified\":\"2021-01-21T00:54:45+00:00\",\"description\":\"Se inaugura la Subdelegaci\u00f3n regional de CNRT en Olavarr\u00eda. La misma tendr\u00e1 el lugar este jueves 21 de enero en la terminal de \u00d3mnibus.\",\"breadcrumb\":{\"@id\":\"https:\/\/experienciadevida.com.ar\/portalurbano\/la-subdelegacion-regional-de-cnrt-en-olavarria-sera-inaugurada-este-jueves\/#breadcrumb\"},\"inLanguage\":\"es\",\"potentialAction\":[{\"@type\":\"ReadAction\",\"target\":[\"https:\/\/experienciadevida.com.ar\/portalurbano\/la-subdelegacion-regional-de-cnrt-en-olavarria-sera-inaugurada-este-jueves\/\"]}]},{\"@type\":\"BreadcrumbList\",\"@id\":\"https:\/\/experienciadevida.com.ar\/portalurbano\/la-subdelegacion-regional-de-cnrt-en-olavarria-sera-inaugurada-este-jueves\/#breadcrumb\",\"itemListElement\":[{\"@type\":\"ListItem\",\"position\":1,\"name\":\"Portada\",\"item\":\"https:\/\/experienciadevida.com.ar\/portalurbano\/\"},{\"@type\":\"ListItem\",\"position\":2,\"name\":\"La Subdelegaci\u00f3n regional de CNRT en Olavarr\u00eda ser\u00e1 inaugurada este jueves\"}]},{\"@type\":\"WebSite\",\"@id\":\"https:\/\/experienciadevida.com.ar\/portalurbano\/#website\",\"url\":\"https:\/\/experienciadevida.com.ar\/portalurbano\/\",\"name\":\"\",\"description\":\"\",\"publisher\":{\"@id\":\"https:\/\/experienciadevida.com.ar\/portalurbano\/#organization\"},\"potentialAction\":[{\"@type\":\"SearchAction\",\"target\":{\"@type\":\"EntryPoint\",\"urlTemplate\":\"https:\/\/experienciadevida.com.ar\/portalurbano\/?s={search_term_string}\"},\"query-input\":\"required name=search_term_string\"}],\"inLanguage\":\"es\"},{\"@type\":\"Organization\",\"@id\":\"https:\/\/experienciadevida.com.ar\/portalurbano\/#organization\",\"name\":\"Portal Urbano\",\"url\":\"https:\/\/experienciadevida.com.ar\/portalurbano\/\",\"logo\":{\"@type\":\"ImageObject\",\"inLanguage\":\"es\",\"@id\":\"https:\/\/experienciadevida.com.ar\/portalurbano\/#\/schema\/logo\/image\/\",\"url\":\"https:\/\/experienciadevida.com.ar\/portalurbano\/wp-content\/uploads\/2019\/09\/Logo-Original.png\",\"contentUrl\":\"https:\/\/experienciadevida.com.ar\/portalurbano\/wp-content\/uploads\/2019\/09\/Logo-Original.png\",\"width\":2236,\"height\":1216,\"caption\":\"Portal Urbano\"},\"image\":{\"@id\":\"https:\/\/experienciadevida.com.ar\/portalurbano\/#\/schema\/logo\/image\/\"},\"sameAs\":[\"https:\/\/www.facebook.com\/Portal-Urbano-171542830093757\/\",\"https:\/\/twitter.com\/portalurbanook\",\"https:\/\/www.instagram.com\/_portalurbano\/\",\"https:\/\/www.youtube.com\/channel\/UCXhagIfszH8KxFiOok79zbA?view_as=subscriber\"]},{\"@type\":\"Person\",\"@id\":\"https:\/\/experienciadevida.com.ar\/portalurbano\/#\/schema\/person\/02dd326b1c4b056e9cc972486934a3a7\",\"name\":\"admpu17wp\",\"image\":{\"@type\":\"ImageObject\",\"inLanguage\":\"es\",\"@id\":\"https:\/\/experienciadevida.com.ar\/portalurbano\/#\/schema\/person\/image\/\",\"url\":\"https:\/\/secure.gravatar.com\/avatar\/830d4c57adaae6630765e449a6908047?s=96&d=mm&r=g\",\"contentUrl\":\"https:\/\/secure.gravatar.com\/avatar\/830d4c57adaae6630765e449a6908047?s=96&d=mm&r=g\",\"caption\":\"admpu17wp\"}}]}<\/script>\n<!-- \/ Yoast SEO plugin. -->","yoast_head_json":{"title":"La subdelegaci\u00f3n regional de CNRT ser\u00e1 inaugurada este jueves","description":"Se inaugura la Subdelegaci\u00f3n regional de CNRT en Olavarr\u00eda. La misma tendr\u00e1 el lugar este jueves 21 de enero en la terminal de \u00d3mnibus.","robots":{"index":"index","follow":"follow","max-snippet":"max-snippet:-1","max-image-preview":"max-image-preview:large","max-video-preview":"max-video-preview:-1"},"canonical":"https:\/\/experienciadevida.com.ar\/portalurbano\/la-subdelegacion-regional-de-cnrt-en-olavarria-sera-inaugurada-este-jueves\/","og_locale":"es_ES","og_type":"article","og_title":"La subdelegaci\u00f3n regional de CNRT ser\u00e1 inaugurada este jueves","og_description":"Se inaugura la Subdelegaci\u00f3n regional de CNRT en Olavarr\u00eda. La misma tendr\u00e1 el lugar este jueves 21 de enero en la terminal de \u00d3mnibus.","og_url":"https:\/\/experienciadevida.com.ar\/portalurbano\/la-subdelegacion-regional-de-cnrt-en-olavarria-sera-inaugurada-este-jueves\/","article_publisher":"https:\/\/www.facebook.com\/Portal-Urbano-171542830093757\/","article_published_time":"2021-01-21T00:54:17+00:00","article_modified_time":"2021-01-21T00:54:45+00:00","og_image":[{"width":765,"height":507,"url":"https:\/\/experienciadevida.com.ar\/portalurbano\/wp-content\/uploads\/2019\/08\/TERMINAL-e1565370607907.jpg","type":"image\/jpeg"}],"author":"admpu17wp","twitter_card":"summary_large_image","twitter_creator":"@portalurbanook","twitter_site":"@portalurbanook","twitter_misc":{"Escrito por":"admpu17wp","Tiempo de lectura":"1 minuto"},"schema":{"@context":"https:\/\/schema.org","@graph":[{"@type":"Article","@id":"https:\/\/experienciadevida.com.ar\/portalurbano\/la-subdelegacion-regional-de-cnrt-en-olavarria-sera-inaugurada-este-jueves\/#article","isPartOf":{"@id":"https:\/\/experienciadevida.com.ar\/portalurbano\/la-subdelegacion-regional-de-cnrt-en-olavarria-sera-inaugurada-este-jueves\/"},"author":{"name":"admpu17wp","@id":"https:\/\/experienciadevida.com.ar\/portalurbano\/#\/schema\/person\/02dd326b1c4b056e9cc972486934a3a7"},"headline":"La Subdelegaci\u00f3n regional de CNRT en Olavarr\u00eda ser\u00e1 inaugurada este jueves","datePublished":"2021-01-21T00:54:17+00:00","dateModified":"2021-01-21T00:54:45+00:00","mainEntityOfPage":{"@id":"https:\/\/experienciadevida.com.ar\/portalurbano\/la-subdelegacion-regional-de-cnrt-en-olavarria-sera-inaugurada-este-jueves\/"},"wordCount":150,"publisher":{"@id":"https:\/\/experienciadevida.com.ar\/portalurbano\/#organization"},"articleSection":["Ciudad"],"inLanguage":"es"},{"@type":"WebPage","@id":"https:\/\/experienciadevida.com.ar\/portalurbano\/la-subdelegacion-regional-de-cnrt-en-olavarria-sera-inaugurada-este-jueves\/","url":"https:\/\/experienciadevida.com.ar\/portalurbano\/la-subdelegacion-regional-de-cnrt-en-olavarria-sera-inaugurada-este-jueves\/","name":"La subdelegaci\u00f3n regional de CNRT ser\u00e1 inaugurada este jueves","isPartOf":{"@id":"https:\/\/experienciadevida.com.ar\/portalurbano\/#website"},"datePublished":"2021-01-21T00:54:17+00:00","dateModified":"2021-01-21T00:54:45+00:00","description":"Se inaugura la Subdelegaci\u00f3n regional de CNRT en Olavarr\u00eda. La misma tendr\u00e1 el lugar este jueves 21 de enero en la terminal de \u00d3mnibus.","breadcrumb":{"@id":"https:\/\/experienciadevida.com.ar\/portalurbano\/la-subdelegacion-regional-de-cnrt-en-olavarria-sera-inaugurada-este-jueves\/#breadcrumb"},"inLanguage":"es","potentialAction":[{"@type":"ReadAction","target":["https:\/\/experienciadevida.com.ar\/portalurbano\/la-subdelegacion-regional-de-cnrt-en-olavarria-sera-inaugurada-este-jueves\/"]}]},{"@type":"BreadcrumbList","@id":"https:\/\/experienciadevida.com.ar\/portalurbano\/la-subdelegacion-regional-de-cnrt-en-olavarria-sera-inaugurada-este-jueves\/#breadcrumb","itemListElement":[{"@type":"ListItem","position":1,"name":"Portada","item":"https:\/\/experienciadevida.com.ar\/portalurbano\/"},{"@type":"ListItem","position":2,"name":"La Subdelegaci\u00f3n regional de CNRT en Olavarr\u00eda ser\u00e1 inaugurada este jueves"}]},{"@type":"WebSite","@id":"https:\/\/experienciadevida.com.ar\/portalurbano\/#website","url":"https:\/\/experienciadevida.com.ar\/portalurbano\/","name":"","description":"","publisher":{"@id":"https:\/\/experienciadevida.com.ar\/portalurbano\/#organization"},"potentialAction":[{"@type":"SearchAction","target":{"@type":"EntryPoint","urlTemplate":"https:\/\/experienciadevida.com.ar\/portalurbano\/?s={search_term_string}"},"query-input":"required name=search_term_string"}],"inLanguage":"es"},{"@type":"Organization","@id":"https:\/\/experienciadevida.com.ar\/portalurbano\/#organization","name":"Portal Urbano","url":"https:\/\/experienciadevida.com.ar\/portalurbano\/","logo":{"@type":"ImageObject","inLanguage":"es","@id":"https:\/\/experienciadevida.com.ar\/portalurbano\/#\/schema\/logo\/image\/","url":"https:\/\/experienciadevida.com.ar\/portalurbano\/wp-content\/uploads\/2019\/09\/Logo-Original.png","contentUrl":"https:\/\/experienciadevida.com.ar\/portalurbano\/wp-content\/uploads\/2019\/09\/Logo-Original.png","width":2236,"height":1216,"caption":"Portal Urbano"},"image":{"@id":"https:\/\/experienciadevida.com.ar\/portalurbano\/#\/schema\/logo\/image\/"},"sameAs":["https:\/\/www.facebook.com\/Portal-Urbano-171542830093757\/","https:\/\/twitter.com\/portalurbanook","https:\/\/www.instagram.com\/_portalurbano\/","https:\/\/www.youtube.com\/channel\/UCXhagIfszH8KxFiOok79zbA?view_as=subscriber"]},{"@type":"Person","@id":"https:\/\/experienciadevida.com.ar\/portalurbano\/#\/schema\/person\/02dd326b1c4b056e9cc972486934a3a7","name":"admpu17wp","image":{"@type":"ImageObject","inLanguage":"es","@id":"https:\/\/experienciadevida.com.ar\/portalurbano\/#\/schema\/person\/image\/","url":"https:\/\/secure.gravatar.com\/avatar\/830d4c57adaae6630765e449a6908047?s=96&d=mm&r=g","contentUrl":"https:\/\/secure.gravatar.com\/avatar\/830d4c57adaae6630765e449a6908047?s=96&d=mm&r=g","caption":"admpu17wp"}}]}},"featured_image_urls":{"full":["https:\/\/experienciadevida.com.ar\/portalurbano\/wp-content\/uploads\/2019\/08\/TERMINAL-e1565370607907.jpg",765,507,false],"thumbnail":["https:\/\/experienciadevida.com.ar\/portalurbano\/wp-content\/uploads\/2019\/08\/TERMINAL-150x150.jpg",150,150,true],"medium":["https:\/\/experienciadevida.com.ar\/portalurbano\/wp-content\/uploads\/2019\/08\/TERMINAL-300x199.jpg",300,199,true],"medium_large":["https:\/\/experienciadevida.com.ar\/portalurbano\/wp-content\/uploads\/2019\/08\/TERMINAL-768x509.jpg",640,424,true],"large":["https:\/\/experienciadevida.com.ar\/portalurbano\/wp-content\/uploads\/2019\/08\/TERMINAL-1024x678.jpg",640,424,true],"ug_big":["https:\/\/experienciadevida.com.ar\/portalurbano\/wp-content\/uploads\/2019\/08\/TERMINAL-768x509.jpg",768,509,true],"1536x1536":["https:\/\/experienciadevida.com.ar\/portalurbano\/wp-content\/uploads\/2019\/08\/TERMINAL-e1565370607907.jpg",765,507,false],"2048x2048":["https:\/\/experienciadevida.com.ar\/portalurbano\/wp-content\/uploads\/2019\/08\/TERMINAL-e1565370607907.jpg",765,507,false],"newsever-slider-full":["https:\/\/experienciadevida.com.ar\/portalurbano\/wp-content\/uploads\/2019\/08\/TERMINAL-e1565370607907.jpg",765,507,false],"newsever-featured":["https:\/\/experienciadevida.com.ar\/portalurbano\/wp-content\/uploads\/2019\/08\/TERMINAL-e1565370607907.jpg",765,507,false],"newsever-medium":["https:\/\/experienciadevida.com.ar\/portalurbano\/wp-content\/uploads\/2019\/08\/TERMINAL-e1565370607907.jpg",717,475,false],"web-stories-poster-portrait":["https:\/\/experienciadevida.com.ar\/portalurbano\/wp-content\/uploads\/2019\/08\/TERMINAL-e1565370607907.jpg",640,424,false],"web-stories-publisher-logo":["https:\/\/experienciadevida.com.ar\/portalurbano\/wp-content\/uploads\/2019\/08\/TERMINAL-e1565370607907.jpg",96,64,false],"web-stories-thumbnail":["https:\/\/experienciadevida.com.ar\/portalurbano\/wp-content\/uploads\/2019\/08\/TERMINAL-e1565370607907.jpg",150,99,false]},"author_info":{"display_name":"admpu17wp","author_link":"https:\/\/experienciadevida.com.ar\/portalurbano\/author\/admpu17wp\/"},"category_info":"<a href=\"https:\/\/experienciadevida.com.ar\/portalurbano\/category\/ciudad\/\" rel=\"category tag\">Ciudad<\/a>","tag_info":"Ciudad","comment_count":"0","amp_enabled":true,"_links":{"self":[{"href":"https:\/\/experienciadevida.com.ar\/portalurbano\/wp-json\/wp\/v2\/posts\/133023"}],"collection":[{"href":"https:\/\/experienciadevida.com.ar\/portalurbano\/wp-json\/wp\/v2\/posts"}],"about":[{"href":"https:\/\/experienciadevida.com.ar\/portalurbano\/wp-json\/wp\/v2\/types\/post"}],"author":[{"embeddable":true,"href":"https:\/\/experienciadevida.com.ar\/portalurbano\/wp-json\/wp\/v2\/users\/1"}],"replies":[{"embeddable":true,"href":"https:\/\/experienciadevida.com.ar\/portalurbano\/wp-json\/wp\/v2\/comments?post=133023"}],"version-history":[{"count":1,"href":"https:\/\/experienciadevida.com.ar\/portalurbano\/wp-json\/wp\/v2\/posts\/133023\/revisions"}],"predecessor-version":[{"id":133024,"href":"https:\/\/experienciadevida.com.ar\/portalurbano\/wp-json\/wp\/v2\/posts\/133023\/revisions\/133024"}],"wp:featuredmedia":[{"embeddable":true,"href":"https:\/\/experienciadevida.com.ar\/portalurbano\/wp-json\/wp\/v2\/media\/80587"}],"wp:attachment":[{"href":"https:\/\/experienciadevida.com.ar\/portalurbano\/wp-json\/wp\/v2\/media?parent=133023"}],"wp:term":[{"taxonomy":"category","embeddable":true,"href":"https:\/\/experienciadevida.com.ar\/portalurbano\/wp-json\/wp\/v2\/categories?post=133023"},{"taxonomy":"post_tag","embeddable":true,"href":"https:\/\/experienciadevida.com.ar\/portalurbano\/wp-json\/wp\/v2\/tags?post=133023"}],"curies":[{"name":"wp","href":"https:\/\/api.w.org\/{rel}","templated":true}]}}