{"id":132971,"date":"2021-01-20T14:12:27","date_gmt":"2021-01-20T17:12:27","guid":{"rendered":"https:\/\/experienciadevida.com.ar\/portalurbano\/?p=132971"},"modified":"2021-01-20T14:19:51","modified_gmt":"2021-01-20T17:19:51","slug":"el-aumento-de-las-tasas-esta-mal-dado-e-inapropiado","status":"publish","type":"post","link":"https:\/\/experienciadevida.com.ar\/portalurbano\/el-aumento-de-las-tasas-esta-mal-dado-e-inapropiado\/","title":{"rendered":"&#8220;El aumento de las tasas est\u00e1 mal dado e inapropiado&#8221;"},"content":{"rendered":"<p>&#8220;El aumento de las tasas est\u00e1 mal dado e inapropiado&#8221;. Este martes, la edil <a href=\"https:\/\/www.facebook.com\/celeste.arouxet\">Celeste Arouxet<\/a>, dio declaraciones acerca de la denuncia que realiz\u00f3 el bloque despu\u00e9s de conocerse un aumento de Tasas Municipales por Decreto del Intendente Ezequiel Galli, donde destacan que desde enero a diciembre de 2020 el aumento acumulado fue del 64.8% y result\u00f3 muy por encima a la inflaci\u00f3n del a\u00f1o pasado del 36,1%.<\/p>\n<p>Arouxet ante esto consider\u00f3: \u00ab<em>una tasa sabemos que es una contraprestaci\u00f3n, vos al generar un aumento deber\u00edas tener un proyecto de que se va a hacer con ese aumento y en base a que est\u00e1 calculado. Porque si generas un aumento por algo que no das, as\u00ed repliques cualquier \u00edndice, ese aumento est\u00e1 mal dado y es lo que pasa en este momento\u00bb.<\/em><\/p>\n<p>Celeste Arouxet &#8220;<em>presentamos un informe con Guillermo sobre la tasa de seguridad e higiene,\u00a0 m\u00e1s all\u00e1 del porcentaje es lo inapropiado de un aumento, porque deber\u00eda haber un proyecto de qu\u00e9 se va a hacer con ese aumento, y en base a qu\u00e9 est\u00e1 calculado, no solamente en base al \u00edndice inflacionario. Porque si generas un aumento por algo que no das, as\u00ed le apliques cualquier \u00edndice, est\u00e1 mal dado ese aumento, es lo que pasa en este momento con el aumento de tasas con la emergencia econ\u00f3mica que tiene declarada Olavarr\u00eda, con los recortes presupuestarios que hubo, con la falta de servicio que se le est\u00e1 dando a la gente y sobre todo le est\u00e1s aplicando un aumento que no le estas dando&#8221;.<\/em><\/p>\n<p>Por oto lado remarc\u00f3 &#8220;<em>m\u00e1s all\u00e1 del porcentaje que haya sido,\u00a0 es totalmente inapropiado en estos momentos donde el servicio no est\u00e1&#8221;.<\/em><\/p>\n<p><em>&#8220;Este aumento de tasas es el resumen de la gesti\u00f3n, en plena pandemia sin dar alg\u00fan servicio, lo primero que haces es atacar el bolsillo del Olavarriense, no est\u00e1s gestionando y vas por lo m\u00e1s f\u00e1cil. El Olavarriense siempre est\u00e1 presente para pagar, y la primera salida siempre es recurrir al que te cumple, y no le est\u00e1s cumpliendo a esa persona porque est\u00e1s generando un nuevo aumento en el peor momento, fue totalmente inesperado&#8221;.<\/em><\/p>\n<p>A su vez mencion\u00f3 &#8220;<em>el aumento fue por decreto, una herramienta que tiene el Intendente, no pas\u00f3 por el consejo es inesperado. El Intendente dijo hace menos de un mes que los n\u00fameros daban y hab\u00eda superh\u00e1vit que tampoco\u00a0 fue as\u00ed, pero si lo manejas no hay necesidad de aumentar una tasa a los Olavarrienses. No se est\u00e1 gestionando, ingresa plata y se malgasta\u00a0 \u00a0y no tiene nada que ver la pandemia&#8221;.<\/em><\/p>\n<p><em>&#8220;Tenes un Municipio que est\u00e1 gastando la mayor cantidad de dinero en gastos corrientes. Olavarr\u00eda sigue perdiendo patrimonio, se sigue endeudando eso te demuestra ineficiencia\u00a0 que hay en el uso de los recursos y el manejo de gastos en todos los gastos en general. Muchas veces se busca la pandemia como excusa&#8221;.<\/em><\/p>\n<p>Al finalizar dijo &#8220;<em>estamos trabajando en proyectos para este a\u00f1o, a\u00fan no se han presentado queremos que salga la ordenanza de neum\u00e1ticos fuera de uso que es para financiar los clubes, que no se le va a dar ning\u00fan tipo de ayuda en los primeros 6 meses. Nos vamos a abocar a que esa ordenanza salga y tambi\u00e9n tenga aplicaci\u00f3n y es un a\u00f1o que se va a tener que trabajar mucho para poder hacer que el DEM tome la ayuda del HCD, es necesario que se trabaje en conjunto porque Olavarr\u00eda est\u00e1 perdiendo cada d\u00eda un poco m\u00e1s del patrimonio que tiene y es alarmante la situaci\u00f3n en cuanto a los n\u00fameros y a veces parece que no se quiere ver cu\u00e1l es la realidad o no se quiere mostrar&#8221;.<\/em><\/p>\n<p>Fuente: Cadena 103<\/p>\n","protected":false},"excerpt":{"rendered":"<p>&#8220;El aumento de las tasas est\u00e1 mal dado e inapropiado&#8221;. Este martes, la edil Celeste&#8230;<\/p>\n","protected":false},"author":1,"featured_media":123693,"comment_status":"closed","ping_status":"closed","sticky":false,"template":"","format":"standard","meta":{"content-type":""},"categories":[27,51],"tags":[],"nelio_content":{"isAutoShareEnabled":false,"autoShareEndMode":"default","automationSources":{"useContentSentences":true,"useSocialTemplates":true,"useCustomSentences":false,"customSentences":[]},"followers":[1],"suggestedReferences":[],"includedReferences":[],"efiUrl":"","efiAlt":"","highlights":[]},"yoast_head":"<!-- This site is optimized with the Yoast SEO plugin v20.7 - https:\/\/yoast.com\/wordpress\/plugins\/seo\/ -->\n<title>&quot;El aumento de las tasas est\u00e1 mal dado e inapropiado&quot;<\/title>\n<meta name=\"description\" content=\"&quot;El aumento de las tasas est\u00e1 mal dado e inapropiado&quot;. Este martes, la edil Celeste Arouxet, dio declaraciones acerca de la denuncia.\" \/>\n<meta name=\"robots\" content=\"index, follow, max-snippet:-1, max-image-preview:large, max-video-preview:-1\" \/>\n<link rel=\"canonical\" href=\"https:\/\/experienciadevida.com.ar\/portalurbano\/el-aumento-de-las-tasas-esta-mal-dado-e-inapropiado\/\" \/>\n<meta property=\"og:locale\" content=\"es_ES\" \/>\n<meta property=\"og:type\" content=\"article\" \/>\n<meta property=\"og:title\" content=\"&quot;El aumento de las tasas est\u00e1 mal dado e inapropiado&quot;\" \/>\n<meta property=\"og:description\" content=\"&quot;El aumento de las tasas est\u00e1 mal dado e inapropiado&quot;. Este martes, la edil Celeste Arouxet, dio declaraciones acerca de la denuncia.\" \/>\n<meta property=\"og:url\" content=\"https:\/\/experienciadevida.com.ar\/portalurbano\/el-aumento-de-las-tasas-esta-mal-dado-e-inapropiado\/\" \/>\n<meta property=\"article:publisher\" content=\"https:\/\/www.facebook.com\/Portal-Urbano-171542830093757\/\" \/>\n<meta property=\"article:published_time\" content=\"2021-01-20T17:12:27+00:00\" \/>\n<meta property=\"article:modified_time\" content=\"2021-01-20T17:19:51+00:00\" \/>\n<meta property=\"og:image\" content=\"https:\/\/experienciadevida.com.ar\/portalurbano\/wp-content\/uploads\/2020\/10\/Celeste-Arouxet.png\" \/>\n\t<meta property=\"og:image:width\" content=\"760\" \/>\n\t<meta property=\"og:image:height\" content=\"470\" \/>\n\t<meta property=\"og:image:type\" content=\"image\/png\" \/>\n<meta name=\"author\" content=\"admpu17wp\" \/>\n<meta name=\"twitter:card\" content=\"summary_large_image\" \/>\n<meta name=\"twitter:creator\" content=\"@portalurbanook\" \/>\n<meta name=\"twitter:site\" content=\"@portalurbanook\" \/>\n<meta name=\"twitter:label1\" content=\"Escrito por\" \/>\n\t<meta name=\"twitter:data1\" content=\"admpu17wp\" \/>\n\t<meta name=\"twitter:label2\" content=\"Tiempo de lectura\" \/>\n\t<meta name=\"twitter:data2\" content=\"3 minutos\" \/>\n<script type=\"application\/ld+json\" class=\"yoast-schema-graph\">{\"@context\":\"https:\/\/schema.org\",\"@graph\":[{\"@type\":\"Article\",\"@id\":\"https:\/\/experienciadevida.com.ar\/portalurbano\/el-aumento-de-las-tasas-esta-mal-dado-e-inapropiado\/#article\",\"isPartOf\":{\"@id\":\"https:\/\/experienciadevida.com.ar\/portalurbano\/el-aumento-de-las-tasas-esta-mal-dado-e-inapropiado\/\"},\"author\":{\"name\":\"admpu17wp\",\"@id\":\"https:\/\/experienciadevida.com.ar\/portalurbano\/#\/schema\/person\/02dd326b1c4b056e9cc972486934a3a7\"},\"headline\":\"&#8220;El aumento de las tasas est\u00e1 mal dado e inapropiado&#8221;\",\"datePublished\":\"2021-01-20T17:12:27+00:00\",\"dateModified\":\"2021-01-20T17:19:51+00:00\",\"mainEntityOfPage\":{\"@id\":\"https:\/\/experienciadevida.com.ar\/portalurbano\/el-aumento-de-las-tasas-esta-mal-dado-e-inapropiado\/\"},\"wordCount\":650,\"publisher\":{\"@id\":\"https:\/\/experienciadevida.com.ar\/portalurbano\/#organization\"},\"articleSection\":[\"Ciudad\",\"Destacadas\"],\"inLanguage\":\"es\"},{\"@type\":\"WebPage\",\"@id\":\"https:\/\/experienciadevida.com.ar\/portalurbano\/el-aumento-de-las-tasas-esta-mal-dado-e-inapropiado\/\",\"url\":\"https:\/\/experienciadevida.com.ar\/portalurbano\/el-aumento-de-las-tasas-esta-mal-dado-e-inapropiado\/\",\"name\":\"\\\"El aumento de las tasas est\u00e1 mal dado e inapropiado\\\"\",\"isPartOf\":{\"@id\":\"https:\/\/experienciadevida.com.ar\/portalurbano\/#website\"},\"datePublished\":\"2021-01-20T17:12:27+00:00\",\"dateModified\":\"2021-01-20T17:19:51+00:00\",\"description\":\"\\\"El aumento de las tasas est\u00e1 mal dado e inapropiado\\\". Este martes, la edil Celeste Arouxet, dio declaraciones acerca de la denuncia.\",\"breadcrumb\":{\"@id\":\"https:\/\/experienciadevida.com.ar\/portalurbano\/el-aumento-de-las-tasas-esta-mal-dado-e-inapropiado\/#breadcrumb\"},\"inLanguage\":\"es\",\"potentialAction\":[{\"@type\":\"ReadAction\",\"target\":[\"https:\/\/experienciadevida.com.ar\/portalurbano\/el-aumento-de-las-tasas-esta-mal-dado-e-inapropiado\/\"]}]},{\"@type\":\"BreadcrumbList\",\"@id\":\"https:\/\/experienciadevida.com.ar\/portalurbano\/el-aumento-de-las-tasas-esta-mal-dado-e-inapropiado\/#breadcrumb\",\"itemListElement\":[{\"@type\":\"ListItem\",\"position\":1,\"name\":\"Portada\",\"item\":\"https:\/\/experienciadevida.com.ar\/portalurbano\/\"},{\"@type\":\"ListItem\",\"position\":2,\"name\":\"\u00abEl aumento de las tasas est\u00e1 mal dado e inapropiado\u00bb\"}]},{\"@type\":\"WebSite\",\"@id\":\"https:\/\/experienciadevida.com.ar\/portalurbano\/#website\",\"url\":\"https:\/\/experienciadevida.com.ar\/portalurbano\/\",\"name\":\"\",\"description\":\"\",\"publisher\":{\"@id\":\"https:\/\/experienciadevida.com.ar\/portalurbano\/#organization\"},\"potentialAction\":[{\"@type\":\"SearchAction\",\"target\":{\"@type\":\"EntryPoint\",\"urlTemplate\":\"https:\/\/experienciadevida.com.ar\/portalurbano\/?s={search_term_string}\"},\"query-input\":\"required name=search_term_string\"}],\"inLanguage\":\"es\"},{\"@type\":\"Organization\",\"@id\":\"https:\/\/experienciadevida.com.ar\/portalurbano\/#organization\",\"name\":\"Portal Urbano\",\"url\":\"https:\/\/experienciadevida.com.ar\/portalurbano\/\",\"logo\":{\"@type\":\"ImageObject\",\"inLanguage\":\"es\",\"@id\":\"https:\/\/experienciadevida.com.ar\/portalurbano\/#\/schema\/logo\/image\/\",\"url\":\"https:\/\/experienciadevida.com.ar\/portalurbano\/wp-content\/uploads\/2019\/09\/Logo-Original.png\",\"contentUrl\":\"https:\/\/experienciadevida.com.ar\/portalurbano\/wp-content\/uploads\/2019\/09\/Logo-Original.png\",\"width\":2236,\"height\":1216,\"caption\":\"Portal Urbano\"},\"image\":{\"@id\":\"https:\/\/experienciadevida.com.ar\/portalurbano\/#\/schema\/logo\/image\/\"},\"sameAs\":[\"https:\/\/www.facebook.com\/Portal-Urbano-171542830093757\/\",\"https:\/\/twitter.com\/portalurbanook\",\"https:\/\/www.instagram.com\/_portalurbano\/\",\"https:\/\/www.youtube.com\/channel\/UCXhagIfszH8KxFiOok79zbA?view_as=subscriber\"]},{\"@type\":\"Person\",\"@id\":\"https:\/\/experienciadevida.com.ar\/portalurbano\/#\/schema\/person\/02dd326b1c4b056e9cc972486934a3a7\",\"name\":\"admpu17wp\",\"image\":{\"@type\":\"ImageObject\",\"inLanguage\":\"es\",\"@id\":\"https:\/\/experienciadevida.com.ar\/portalurbano\/#\/schema\/person\/image\/\",\"url\":\"https:\/\/secure.gravatar.com\/avatar\/830d4c57adaae6630765e449a6908047?s=96&d=mm&r=g\",\"contentUrl\":\"https:\/\/secure.gravatar.com\/avatar\/830d4c57adaae6630765e449a6908047?s=96&d=mm&r=g\",\"caption\":\"admpu17wp\"}}]}<\/script>\n<!-- \/ Yoast SEO plugin. -->","yoast_head_json":{"title":"\"El aumento de las tasas est\u00e1 mal dado e inapropiado\"","description":"\"El aumento de las tasas est\u00e1 mal dado e inapropiado\". Este martes, la edil Celeste Arouxet, dio declaraciones acerca de la denuncia.","robots":{"index":"index","follow":"follow","max-snippet":"max-snippet:-1","max-image-preview":"max-image-preview:large","max-video-preview":"max-video-preview:-1"},"canonical":"https:\/\/experienciadevida.com.ar\/portalurbano\/el-aumento-de-las-tasas-esta-mal-dado-e-inapropiado\/","og_locale":"es_ES","og_type":"article","og_title":"\"El aumento de las tasas est\u00e1 mal dado e inapropiado\"","og_description":"\"El aumento de las tasas est\u00e1 mal dado e inapropiado\". Este martes, la edil Celeste Arouxet, dio declaraciones acerca de la denuncia.","og_url":"https:\/\/experienciadevida.com.ar\/portalurbano\/el-aumento-de-las-tasas-esta-mal-dado-e-inapropiado\/","article_publisher":"https:\/\/www.facebook.com\/Portal-Urbano-171542830093757\/","article_published_time":"2021-01-20T17:12:27+00:00","article_modified_time":"2021-01-20T17:19:51+00:00","og_image":[{"width":760,"height":470,"url":"https:\/\/experienciadevida.com.ar\/portalurbano\/wp-content\/uploads\/2020\/10\/Celeste-Arouxet.png","type":"image\/png"}],"author":"admpu17wp","twitter_card":"summary_large_image","twitter_creator":"@portalurbanook","twitter_site":"@portalurbanook","twitter_misc":{"Escrito por":"admpu17wp","Tiempo de lectura":"3 minutos"},"schema":{"@context":"https:\/\/schema.org","@graph":[{"@type":"Article","@id":"https:\/\/experienciadevida.com.ar\/portalurbano\/el-aumento-de-las-tasas-esta-mal-dado-e-inapropiado\/#article","isPartOf":{"@id":"https:\/\/experienciadevida.com.ar\/portalurbano\/el-aumento-de-las-tasas-esta-mal-dado-e-inapropiado\/"},"author":{"name":"admpu17wp","@id":"https:\/\/experienciadevida.com.ar\/portalurbano\/#\/schema\/person\/02dd326b1c4b056e9cc972486934a3a7"},"headline":"&#8220;El aumento de las tasas est\u00e1 mal dado e inapropiado&#8221;","datePublished":"2021-01-20T17:12:27+00:00","dateModified":"2021-01-20T17:19:51+00:00","mainEntityOfPage":{"@id":"https:\/\/experienciadevida.com.ar\/portalurbano\/el-aumento-de-las-tasas-esta-mal-dado-e-inapropiado\/"},"wordCount":650,"publisher":{"@id":"https:\/\/experienciadevida.com.ar\/portalurbano\/#organization"},"articleSection":["Ciudad","Destacadas"],"inLanguage":"es"},{"@type":"WebPage","@id":"https:\/\/experienciadevida.com.ar\/portalurbano\/el-aumento-de-las-tasas-esta-mal-dado-e-inapropiado\/","url":"https:\/\/experienciadevida.com.ar\/portalurbano\/el-aumento-de-las-tasas-esta-mal-dado-e-inapropiado\/","name":"\"El aumento de las tasas est\u00e1 mal dado e inapropiado\"","isPartOf":{"@id":"https:\/\/experienciadevida.com.ar\/portalurbano\/#website"},"datePublished":"2021-01-20T17:12:27+00:00","dateModified":"2021-01-20T17:19:51+00:00","description":"\"El aumento de las tasas est\u00e1 mal dado e inapropiado\". Este martes, la edil Celeste Arouxet, dio declaraciones acerca de la denuncia.","breadcrumb":{"@id":"https:\/\/experienciadevida.com.ar\/portalurbano\/el-aumento-de-las-tasas-esta-mal-dado-e-inapropiado\/#breadcrumb"},"inLanguage":"es","potentialAction":[{"@type":"ReadAction","target":["https:\/\/experienciadevida.com.ar\/portalurbano\/el-aumento-de-las-tasas-esta-mal-dado-e-inapropiado\/"]}]},{"@type":"BreadcrumbList","@id":"https:\/\/experienciadevida.com.ar\/portalurbano\/el-aumento-de-las-tasas-esta-mal-dado-e-inapropiado\/#breadcrumb","itemListElement":[{"@type":"ListItem","position":1,"name":"Portada","item":"https:\/\/experienciadevida.com.ar\/portalurbano\/"},{"@type":"ListItem","position":2,"name":"\u00abEl aumento de las tasas est\u00e1 mal dado e inapropiado\u00bb"}]},{"@type":"WebSite","@id":"https:\/\/experienciadevida.com.ar\/portalurbano\/#website","url":"https:\/\/experienciadevida.com.ar\/portalurbano\/","name":"","description":"","publisher":{"@id":"https:\/\/experienciadevida.com.ar\/portalurbano\/#organization"},"potentialAction":[{"@type":"SearchAction","target":{"@type":"EntryPoint","urlTemplate":"https:\/\/experienciadevida.com.ar\/portalurbano\/?s={search_term_string}"},"query-input":"required name=search_term_string"}],"inLanguage":"es"},{"@type":"Organization","@id":"https:\/\/experienciadevida.com.ar\/portalurbano\/#organization","name":"Portal Urbano","url":"https:\/\/experienciadevida.com.ar\/portalurbano\/","logo":{"@type":"ImageObject","inLanguage":"es","@id":"https:\/\/experienciadevida.com.ar\/portalurbano\/#\/schema\/logo\/image\/","url":"https:\/\/experienciadevida.com.ar\/portalurbano\/wp-content\/uploads\/2019\/09\/Logo-Original.png","contentUrl":"https:\/\/experienciadevida.com.ar\/portalurbano\/wp-content\/uploads\/2019\/09\/Logo-Original.png","width":2236,"height":1216,"caption":"Portal Urbano"},"image":{"@id":"https:\/\/experienciadevida.com.ar\/portalurbano\/#\/schema\/logo\/image\/"},"sameAs":["https:\/\/www.facebook.com\/Portal-Urbano-171542830093757\/","https:\/\/twitter.com\/portalurbanook","https:\/\/www.instagram.com\/_portalurbano\/","https:\/\/www.youtube.com\/channel\/UCXhagIfszH8KxFiOok79zbA?view_as=subscriber"]},{"@type":"Person","@id":"https:\/\/experienciadevida.com.ar\/portalurbano\/#\/schema\/person\/02dd326b1c4b056e9cc972486934a3a7","name":"admpu17wp","image":{"@type":"ImageObject","inLanguage":"es","@id":"https:\/\/experienciadevida.com.ar\/portalurbano\/#\/schema\/person\/image\/","url":"https:\/\/secure.gravatar.com\/avatar\/830d4c57adaae6630765e449a6908047?s=96&d=mm&r=g","contentUrl":"https:\/\/secure.gravatar.com\/avatar\/830d4c57adaae6630765e449a6908047?s=96&d=mm&r=g","caption":"admpu17wp"}}]}},"featured_image_urls":{"full":["https:\/\/experienciadevida.com.ar\/portalurbano\/wp-content\/uploads\/2020\/10\/Celeste-Arouxet.png",760,470,false],"thumbnail":["https:\/\/experienciadevida.com.ar\/portalurbano\/wp-content\/uploads\/2020\/10\/Celeste-Arouxet-150x150.png",150,150,true],"medium":["https:\/\/experienciadevida.com.ar\/portalurbano\/wp-content\/uploads\/2020\/10\/Celeste-Arouxet-300x186.png",300,186,true],"medium_large":["https:\/\/experienciadevida.com.ar\/portalurbano\/wp-content\/uploads\/2020\/10\/Celeste-Arouxet.png",640,396,false],"large":["https:\/\/experienciadevida.com.ar\/portalurbano\/wp-content\/uploads\/2020\/10\/Celeste-Arouxet.png",640,396,false],"ug_big":["https:\/\/experienciadevida.com.ar\/portalurbano\/wp-content\/uploads\/2020\/10\/Celeste-Arouxet.png",760,470,false],"1536x1536":["https:\/\/experienciadevida.com.ar\/portalurbano\/wp-content\/uploads\/2020\/10\/Celeste-Arouxet.png",760,470,false],"2048x2048":["https:\/\/experienciadevida.com.ar\/portalurbano\/wp-content\/uploads\/2020\/10\/Celeste-Arouxet.png",760,470,false],"newsever-slider-full":["https:\/\/experienciadevida.com.ar\/portalurbano\/wp-content\/uploads\/2020\/10\/Celeste-Arouxet.png",760,470,false],"newsever-featured":["https:\/\/experienciadevida.com.ar\/portalurbano\/wp-content\/uploads\/2020\/10\/Celeste-Arouxet.png",760,470,false],"newsever-medium":["https:\/\/experienciadevida.com.ar\/portalurbano\/wp-content\/uploads\/2020\/10\/Celeste-Arouxet.png",720,445,false],"web-stories-poster-portrait":["https:\/\/experienciadevida.com.ar\/portalurbano\/wp-content\/uploads\/2020\/10\/Celeste-Arouxet.png",640,396,false],"web-stories-publisher-logo":["https:\/\/experienciadevida.com.ar\/portalurbano\/wp-content\/uploads\/2020\/10\/Celeste-Arouxet.png",96,59,false],"web-stories-thumbnail":["https:\/\/experienciadevida.com.ar\/portalurbano\/wp-content\/uploads\/2020\/10\/Celeste-Arouxet.png",150,93,false]},"author_info":{"display_name":"admpu17wp","author_link":"https:\/\/experienciadevida.com.ar\/portalurbano\/author\/admpu17wp\/"},"category_info":"<a href=\"https:\/\/experienciadevida.com.ar\/portalurbano\/category\/ciudad\/\" rel=\"category tag\">Ciudad<\/a> <a href=\"https:\/\/experienciadevida.com.ar\/portalurbano\/category\/destacadas\/\" rel=\"category tag\">Destacadas<\/a>","tag_info":"Destacadas","comment_count":"0","amp_enabled":true,"_links":{"self":[{"href":"https:\/\/experienciadevida.com.ar\/portalurbano\/wp-json\/wp\/v2\/posts\/132971"}],"collection":[{"href":"https:\/\/experienciadevida.com.ar\/portalurbano\/wp-json\/wp\/v2\/posts"}],"about":[{"href":"https:\/\/experienciadevida.com.ar\/portalurbano\/wp-json\/wp\/v2\/types\/post"}],"author":[{"embeddable":true,"href":"https:\/\/experienciadevida.com.ar\/portalurbano\/wp-json\/wp\/v2\/users\/1"}],"replies":[{"embeddable":true,"href":"https:\/\/experienciadevida.com.ar\/portalurbano\/wp-json\/wp\/v2\/comments?post=132971"}],"version-history":[{"count":5,"href":"https:\/\/experienciadevida.com.ar\/portalurbano\/wp-json\/wp\/v2\/posts\/132971\/revisions"}],"predecessor-version":[{"id":132976,"href":"https:\/\/experienciadevida.com.ar\/portalurbano\/wp-json\/wp\/v2\/posts\/132971\/revisions\/132976"}],"wp:featuredmedia":[{"embeddable":true,"href":"https:\/\/experienciadevida.com.ar\/portalurbano\/wp-json\/wp\/v2\/media\/123693"}],"wp:attachment":[{"href":"https:\/\/experienciadevida.com.ar\/portalurbano\/wp-json\/wp\/v2\/media?parent=132971"}],"wp:term":[{"taxonomy":"category","embeddable":true,"href":"https:\/\/experienciadevida.com.ar\/portalurbano\/wp-json\/wp\/v2\/categories?post=132971"},{"taxonomy":"post_tag","embeddable":true,"href":"https:\/\/experienciadevida.com.ar\/portalurbano\/wp-json\/wp\/v2\/tags?post=132971"}],"curies":[{"name":"wp","href":"https:\/\/api.w.org\/{rel}","templated":true}]}}