{"id":132956,"date":"2021-01-20T09:42:28","date_gmt":"2021-01-20T12:42:28","guid":{"rendered":"https:\/\/experienciadevida.com.ar\/portalurbano\/?p=132956"},"modified":"2021-01-20T09:44:00","modified_gmt":"2021-01-20T12:44:00","slug":"kicillof-confirmo-la-vuelta-de-clases-presenciales-para-el-1-de-marzo-pero-advirtio-que-no-va-a-ser-como-antes","status":"publish","type":"post","link":"https:\/\/experienciadevida.com.ar\/portalurbano\/kicillof-confirmo-la-vuelta-de-clases-presenciales-para-el-1-de-marzo-pero-advirtio-que-no-va-a-ser-como-antes\/","title":{"rendered":"Kicillof confirm\u00f3 la vuelta de clases presenciales para el 1\u00b0 de marzo, pero advirti\u00f3 que \u201cno va a ser como antes\u201d"},"content":{"rendered":"<p>Kicillof confirm\u00f3 la vuelta de clases presenciales para el 1\u00b0 de marzo, pero advirti\u00f3 que \u201cno va a ser como antes\u201d. El mandatario se\u00f1al\u00f3 que el 17 de febrero comenzar\u00e1 un proceso de revinculaci\u00f3n para quienes no pudieron sostener la virtualidad. Avisan que \u201cno habr\u00e1 clases normales\u201d.<\/p>\n<p>El gobernador bonaerense, Axel Kicillof, confirm\u00f3 la vuelta de\u00a0 clases presenciales comenzar\u00e1n el 1\u00b0 de marzo en la provincia de Buenos Aires, pero con una \u201cnueva normalidad\u201d que contempla el trabajo con grupos m\u00e1s peque\u00f1os e incluye que parte de las cursadas se desarrollen de manera virtual.<\/p>\n<p>En una conferencia de prensa realizada tras reunirse con una veintena de intendentes bonaerenses, Kicillof puso dos fechas para la vuelta a las clases presenciales: el 17 de febrero, cuando se iniciar\u00e1 un \u201cproceso de identificaci\u00f3n\u201d con estudiantes que no pudieron sostener la virtualidad en 2020; y el 1\u00b0 de marzo el comienzo general de las clases.<\/p>\n<p>De todos modos, el mandatario advirti\u00f3 que ser\u00e1 un retorno adaptado a la \u201cnueva modalidad\u201d. \u201cLa presencialidad no va a ser como antes: se trabaja con menos chicos, se desdoblan los grupos\u201d, asegur\u00f3.<\/p>\n<p>En ese marco, detall\u00f3 que \u201cse terminar\u00e1 combinando presencialidad y virtualidad, pero con la posibilidad de hacerlo de una manera distinta a lo que fue este a\u00f1o\u201d.<\/p>\n<p>La semana pasada, el expresidente Mauricio Macri le pidi\u00f3 al Gobierno que \u201cabran las escuelas\u201d, y desat\u00f3 una fuerte respuesta de varios ministros del gabinete nacional. En paralelo, la decisi\u00f3n de la Ciudad de Buenos Aires de retomar la presencialidad el 17 de febrero gener\u00f3 una fuerte respuesta de los gremios y tambi\u00e9n cruces con dirigentes del kirchnerismo.<\/p>\n<p>&#8220;No va a haber clases normales&#8221;:<\/p>\n<p>El ministro de Salud bonaerense, Daniel Gollan, asegur\u00f3 que \u201cnuestra intenci\u00f3n es comenzar este a\u00f1o con presencialidad\u201d, pero advirti\u00f3 que \u201chay una serie de factores y requisitos para que eso suceda\u201d.<\/p>\n<p>\u201cVa a ser una actividad especial, no va a haber clases normales. Una de las medidas de seguridad es la vacunaci\u00f3n, as\u00ed que est\u00e1n dentro de los sectores priorizados: trataremos que todos los docentes est\u00e9n vacunados e ir vacunando en las familias a las personas con comorbilidades para que si los chicos son portadores no los contagien\u201d.<\/p>\n<p>M\u00e1s temprano, el jefe de Gabinete provincial, Carlos Bianco, consider\u00f3 \u201cabsolutamente necesario regresar a la presencialidad\u201d en las escuelas del distrito, al tiempo que destac\u00f3 que el objetivo del gobierno \u201ces volver a la presencialidad en marzo\u201d.<\/p>\n<p>\u201cNuestro objetivo es a partir de marzo volver a la presencialidad, estamos trabajando en ese sentido, obviamente con la vacunaci\u00f3n de docentes, con los protocolos que est\u00e1n realizados por parte de nuestra Direcci\u00f3n General de Cultura y Educaci\u00f3n\u201d, afirm\u00f3.<\/p>\n<p>Fuente: DIB<\/p>\n","protected":false},"excerpt":{"rendered":"<p>Kicillof confirm\u00f3 la vuelta de clases presenciales para el 1\u00b0 de marzo, pero advirti\u00f3 que&#8230;<\/p>\n","protected":false},"author":1,"featured_media":132957,"comment_status":"closed","ping_status":"closed","sticky":false,"template":"","format":"standard","meta":{"content-type":""},"categories":[64,44],"tags":[],"nelio_content":{"isAutoShareEnabled":false,"autoShareEndMode":"default","automationSources":{"useContentSentences":true,"useSocialTemplates":true,"useCustomSentences":false,"customSentences":[]},"followers":[1],"suggestedReferences":[],"includedReferences":[],"efiUrl":"","efiAlt":"","highlights":[]},"yoast_head":"<!-- This site is optimized with the Yoast SEO plugin v20.7 - https:\/\/yoast.com\/wordpress\/plugins\/seo\/ -->\n<title>Kicillof confirm\u00f3 la vuelta a clases presenciales para el 1\u00b0 de marzo<\/title>\n<meta name=\"description\" content=\"Kicillof confirm\u00f3 la vuelta de clases presenciales para el 1\u00b0 de marzo, pero advirti\u00f3 que \u201cno va a ser como antes\u201d, ser\u00e1 de revinculaci\u00f3n.\" \/>\n<meta name=\"robots\" content=\"index, follow, max-snippet:-1, max-image-preview:large, max-video-preview:-1\" \/>\n<link rel=\"canonical\" href=\"https:\/\/experienciadevida.com.ar\/portalurbano\/kicillof-confirmo-la-vuelta-de-clases-presenciales-para-el-1-de-marzo-pero-advirtio-que-no-va-a-ser-como-antes\/\" \/>\n<meta property=\"og:locale\" content=\"es_ES\" \/>\n<meta property=\"og:type\" content=\"article\" \/>\n<meta property=\"og:title\" content=\"Kicillof confirm\u00f3 la vuelta a clases presenciales para el 1\u00b0 de marzo\" \/>\n<meta property=\"og:description\" content=\"Kicillof confirm\u00f3 la vuelta de clases presenciales para el 1\u00b0 de marzo, pero advirti\u00f3 que \u201cno va a ser como antes\u201d, ser\u00e1 de revinculaci\u00f3n.\" \/>\n<meta property=\"og:url\" content=\"https:\/\/experienciadevida.com.ar\/portalurbano\/kicillof-confirmo-la-vuelta-de-clases-presenciales-para-el-1-de-marzo-pero-advirtio-que-no-va-a-ser-como-antes\/\" \/>\n<meta property=\"article:publisher\" content=\"https:\/\/www.facebook.com\/Portal-Urbano-171542830093757\/\" \/>\n<meta property=\"article:published_time\" content=\"2021-01-20T12:42:28+00:00\" \/>\n<meta property=\"article:modified_time\" content=\"2021-01-20T12:44:00+00:00\" \/>\n<meta property=\"og:image\" content=\"https:\/\/experienciadevida.com.ar\/portalurbano\/wp-content\/uploads\/2021\/01\/confirmo-la-vuelta-de-clases.png\" \/>\n\t<meta property=\"og:image:width\" content=\"696\" \/>\n\t<meta property=\"og:image:height\" content=\"391\" \/>\n\t<meta property=\"og:image:type\" content=\"image\/png\" \/>\n<meta name=\"author\" content=\"admpu17wp\" \/>\n<meta name=\"twitter:card\" content=\"summary_large_image\" \/>\n<meta name=\"twitter:creator\" content=\"@portalurbanook\" \/>\n<meta name=\"twitter:site\" content=\"@portalurbanook\" \/>\n<meta name=\"twitter:label1\" content=\"Escrito por\" \/>\n\t<meta name=\"twitter:data1\" content=\"admpu17wp\" \/>\n\t<meta name=\"twitter:label2\" content=\"Tiempo de lectura\" \/>\n\t<meta name=\"twitter:data2\" content=\"2 minutos\" \/>\n<script type=\"application\/ld+json\" class=\"yoast-schema-graph\">{\"@context\":\"https:\/\/schema.org\",\"@graph\":[{\"@type\":\"Article\",\"@id\":\"https:\/\/experienciadevida.com.ar\/portalurbano\/kicillof-confirmo-la-vuelta-de-clases-presenciales-para-el-1-de-marzo-pero-advirtio-que-no-va-a-ser-como-antes\/#article\",\"isPartOf\":{\"@id\":\"https:\/\/experienciadevida.com.ar\/portalurbano\/kicillof-confirmo-la-vuelta-de-clases-presenciales-para-el-1-de-marzo-pero-advirtio-que-no-va-a-ser-como-antes\/\"},\"author\":{\"name\":\"admpu17wp\",\"@id\":\"https:\/\/experienciadevida.com.ar\/portalurbano\/#\/schema\/person\/02dd326b1c4b056e9cc972486934a3a7\"},\"headline\":\"Kicillof confirm\u00f3 la vuelta de clases presenciales para el 1\u00b0 de marzo, pero advirti\u00f3 que \u201cno va a ser como antes\u201d\",\"datePublished\":\"2021-01-20T12:42:28+00:00\",\"dateModified\":\"2021-01-20T12:44:00+00:00\",\"mainEntityOfPage\":{\"@id\":\"https:\/\/experienciadevida.com.ar\/portalurbano\/kicillof-confirmo-la-vuelta-de-clases-presenciales-para-el-1-de-marzo-pero-advirtio-que-no-va-a-ser-como-antes\/\"},\"wordCount\":473,\"publisher\":{\"@id\":\"https:\/\/experienciadevida.com.ar\/portalurbano\/#organization\"},\"articleSection\":[\"Destacadas 2\",\"Provincia\"],\"inLanguage\":\"es\"},{\"@type\":\"WebPage\",\"@id\":\"https:\/\/experienciadevida.com.ar\/portalurbano\/kicillof-confirmo-la-vuelta-de-clases-presenciales-para-el-1-de-marzo-pero-advirtio-que-no-va-a-ser-como-antes\/\",\"url\":\"https:\/\/experienciadevida.com.ar\/portalurbano\/kicillof-confirmo-la-vuelta-de-clases-presenciales-para-el-1-de-marzo-pero-advirtio-que-no-va-a-ser-como-antes\/\",\"name\":\"Kicillof confirm\u00f3 la vuelta a clases presenciales para el 1\u00b0 de marzo\",\"isPartOf\":{\"@id\":\"https:\/\/experienciadevida.com.ar\/portalurbano\/#website\"},\"datePublished\":\"2021-01-20T12:42:28+00:00\",\"dateModified\":\"2021-01-20T12:44:00+00:00\",\"description\":\"Kicillof confirm\u00f3 la vuelta de clases presenciales para el 1\u00b0 de marzo, pero advirti\u00f3 que \u201cno va a ser como antes\u201d, ser\u00e1 de revinculaci\u00f3n.\",\"breadcrumb\":{\"@id\":\"https:\/\/experienciadevida.com.ar\/portalurbano\/kicillof-confirmo-la-vuelta-de-clases-presenciales-para-el-1-de-marzo-pero-advirtio-que-no-va-a-ser-como-antes\/#breadcrumb\"},\"inLanguage\":\"es\",\"potentialAction\":[{\"@type\":\"ReadAction\",\"target\":[\"https:\/\/experienciadevida.com.ar\/portalurbano\/kicillof-confirmo-la-vuelta-de-clases-presenciales-para-el-1-de-marzo-pero-advirtio-que-no-va-a-ser-como-antes\/\"]}]},{\"@type\":\"BreadcrumbList\",\"@id\":\"https:\/\/experienciadevida.com.ar\/portalurbano\/kicillof-confirmo-la-vuelta-de-clases-presenciales-para-el-1-de-marzo-pero-advirtio-que-no-va-a-ser-como-antes\/#breadcrumb\",\"itemListElement\":[{\"@type\":\"ListItem\",\"position\":1,\"name\":\"Portada\",\"item\":\"https:\/\/experienciadevida.com.ar\/portalurbano\/\"},{\"@type\":\"ListItem\",\"position\":2,\"name\":\"Kicillof confirm\u00f3 la vuelta de clases presenciales para el 1\u00b0 de marzo, pero advirti\u00f3 que \u201cno va a ser como antes\u201d\"}]},{\"@type\":\"WebSite\",\"@id\":\"https:\/\/experienciadevida.com.ar\/portalurbano\/#website\",\"url\":\"https:\/\/experienciadevida.com.ar\/portalurbano\/\",\"name\":\"\",\"description\":\"\",\"publisher\":{\"@id\":\"https:\/\/experienciadevida.com.ar\/portalurbano\/#organization\"},\"potentialAction\":[{\"@type\":\"SearchAction\",\"target\":{\"@type\":\"EntryPoint\",\"urlTemplate\":\"https:\/\/experienciadevida.com.ar\/portalurbano\/?s={search_term_string}\"},\"query-input\":\"required name=search_term_string\"}],\"inLanguage\":\"es\"},{\"@type\":\"Organization\",\"@id\":\"https:\/\/experienciadevida.com.ar\/portalurbano\/#organization\",\"name\":\"Portal Urbano\",\"url\":\"https:\/\/experienciadevida.com.ar\/portalurbano\/\",\"logo\":{\"@type\":\"ImageObject\",\"inLanguage\":\"es\",\"@id\":\"https:\/\/experienciadevida.com.ar\/portalurbano\/#\/schema\/logo\/image\/\",\"url\":\"https:\/\/experienciadevida.com.ar\/portalurbano\/wp-content\/uploads\/2019\/09\/Logo-Original.png\",\"contentUrl\":\"https:\/\/experienciadevida.com.ar\/portalurbano\/wp-content\/uploads\/2019\/09\/Logo-Original.png\",\"width\":2236,\"height\":1216,\"caption\":\"Portal Urbano\"},\"image\":{\"@id\":\"https:\/\/experienciadevida.com.ar\/portalurbano\/#\/schema\/logo\/image\/\"},\"sameAs\":[\"https:\/\/www.facebook.com\/Portal-Urbano-171542830093757\/\",\"https:\/\/twitter.com\/portalurbanook\",\"https:\/\/www.instagram.com\/_portalurbano\/\",\"https:\/\/www.youtube.com\/channel\/UCXhagIfszH8KxFiOok79zbA?view_as=subscriber\"]},{\"@type\":\"Person\",\"@id\":\"https:\/\/experienciadevida.com.ar\/portalurbano\/#\/schema\/person\/02dd326b1c4b056e9cc972486934a3a7\",\"name\":\"admpu17wp\",\"image\":{\"@type\":\"ImageObject\",\"inLanguage\":\"es\",\"@id\":\"https:\/\/experienciadevida.com.ar\/portalurbano\/#\/schema\/person\/image\/\",\"url\":\"https:\/\/secure.gravatar.com\/avatar\/830d4c57adaae6630765e449a6908047?s=96&d=mm&r=g\",\"contentUrl\":\"https:\/\/secure.gravatar.com\/avatar\/830d4c57adaae6630765e449a6908047?s=96&d=mm&r=g\",\"caption\":\"admpu17wp\"}}]}<\/script>\n<!-- \/ Yoast SEO plugin. -->","yoast_head_json":{"title":"Kicillof confirm\u00f3 la vuelta a clases presenciales para el 1\u00b0 de marzo","description":"Kicillof confirm\u00f3 la vuelta de clases presenciales para el 1\u00b0 de marzo, pero advirti\u00f3 que \u201cno va a ser como antes\u201d, ser\u00e1 de revinculaci\u00f3n.","robots":{"index":"index","follow":"follow","max-snippet":"max-snippet:-1","max-image-preview":"max-image-preview:large","max-video-preview":"max-video-preview:-1"},"canonical":"https:\/\/experienciadevida.com.ar\/portalurbano\/kicillof-confirmo-la-vuelta-de-clases-presenciales-para-el-1-de-marzo-pero-advirtio-que-no-va-a-ser-como-antes\/","og_locale":"es_ES","og_type":"article","og_title":"Kicillof confirm\u00f3 la vuelta a clases presenciales para el 1\u00b0 de marzo","og_description":"Kicillof confirm\u00f3 la vuelta de clases presenciales para el 1\u00b0 de marzo, pero advirti\u00f3 que \u201cno va a ser como antes\u201d, ser\u00e1 de revinculaci\u00f3n.","og_url":"https:\/\/experienciadevida.com.ar\/portalurbano\/kicillof-confirmo-la-vuelta-de-clases-presenciales-para-el-1-de-marzo-pero-advirtio-que-no-va-a-ser-como-antes\/","article_publisher":"https:\/\/www.facebook.com\/Portal-Urbano-171542830093757\/","article_published_time":"2021-01-20T12:42:28+00:00","article_modified_time":"2021-01-20T12:44:00+00:00","og_image":[{"width":696,"height":391,"url":"https:\/\/experienciadevida.com.ar\/portalurbano\/wp-content\/uploads\/2021\/01\/confirmo-la-vuelta-de-clases.png","type":"image\/png"}],"author":"admpu17wp","twitter_card":"summary_large_image","twitter_creator":"@portalurbanook","twitter_site":"@portalurbanook","twitter_misc":{"Escrito por":"admpu17wp","Tiempo de lectura":"2 minutos"},"schema":{"@context":"https:\/\/schema.org","@graph":[{"@type":"Article","@id":"https:\/\/experienciadevida.com.ar\/portalurbano\/kicillof-confirmo-la-vuelta-de-clases-presenciales-para-el-1-de-marzo-pero-advirtio-que-no-va-a-ser-como-antes\/#article","isPartOf":{"@id":"https:\/\/experienciadevida.com.ar\/portalurbano\/kicillof-confirmo-la-vuelta-de-clases-presenciales-para-el-1-de-marzo-pero-advirtio-que-no-va-a-ser-como-antes\/"},"author":{"name":"admpu17wp","@id":"https:\/\/experienciadevida.com.ar\/portalurbano\/#\/schema\/person\/02dd326b1c4b056e9cc972486934a3a7"},"headline":"Kicillof confirm\u00f3 la vuelta de clases presenciales para el 1\u00b0 de marzo, pero advirti\u00f3 que \u201cno va a ser como antes\u201d","datePublished":"2021-01-20T12:42:28+00:00","dateModified":"2021-01-20T12:44:00+00:00","mainEntityOfPage":{"@id":"https:\/\/experienciadevida.com.ar\/portalurbano\/kicillof-confirmo-la-vuelta-de-clases-presenciales-para-el-1-de-marzo-pero-advirtio-que-no-va-a-ser-como-antes\/"},"wordCount":473,"publisher":{"@id":"https:\/\/experienciadevida.com.ar\/portalurbano\/#organization"},"articleSection":["Destacadas 2","Provincia"],"inLanguage":"es"},{"@type":"WebPage","@id":"https:\/\/experienciadevida.com.ar\/portalurbano\/kicillof-confirmo-la-vuelta-de-clases-presenciales-para-el-1-de-marzo-pero-advirtio-que-no-va-a-ser-como-antes\/","url":"https:\/\/experienciadevida.com.ar\/portalurbano\/kicillof-confirmo-la-vuelta-de-clases-presenciales-para-el-1-de-marzo-pero-advirtio-que-no-va-a-ser-como-antes\/","name":"Kicillof confirm\u00f3 la vuelta a clases presenciales para el 1\u00b0 de marzo","isPartOf":{"@id":"https:\/\/experienciadevida.com.ar\/portalurbano\/#website"},"datePublished":"2021-01-20T12:42:28+00:00","dateModified":"2021-01-20T12:44:00+00:00","description":"Kicillof confirm\u00f3 la vuelta de clases presenciales para el 1\u00b0 de marzo, pero advirti\u00f3 que \u201cno va a ser como antes\u201d, ser\u00e1 de revinculaci\u00f3n.","breadcrumb":{"@id":"https:\/\/experienciadevida.com.ar\/portalurbano\/kicillof-confirmo-la-vuelta-de-clases-presenciales-para-el-1-de-marzo-pero-advirtio-que-no-va-a-ser-como-antes\/#breadcrumb"},"inLanguage":"es","potentialAction":[{"@type":"ReadAction","target":["https:\/\/experienciadevida.com.ar\/portalurbano\/kicillof-confirmo-la-vuelta-de-clases-presenciales-para-el-1-de-marzo-pero-advirtio-que-no-va-a-ser-como-antes\/"]}]},{"@type":"BreadcrumbList","@id":"https:\/\/experienciadevida.com.ar\/portalurbano\/kicillof-confirmo-la-vuelta-de-clases-presenciales-para-el-1-de-marzo-pero-advirtio-que-no-va-a-ser-como-antes\/#breadcrumb","itemListElement":[{"@type":"ListItem","position":1,"name":"Portada","item":"https:\/\/experienciadevida.com.ar\/portalurbano\/"},{"@type":"ListItem","position":2,"name":"Kicillof confirm\u00f3 la vuelta de clases presenciales para el 1\u00b0 de marzo, pero advirti\u00f3 que \u201cno va a ser como antes\u201d"}]},{"@type":"WebSite","@id":"https:\/\/experienciadevida.com.ar\/portalurbano\/#website","url":"https:\/\/experienciadevida.com.ar\/portalurbano\/","name":"","description":"","publisher":{"@id":"https:\/\/experienciadevida.com.ar\/portalurbano\/#organization"},"potentialAction":[{"@type":"SearchAction","target":{"@type":"EntryPoint","urlTemplate":"https:\/\/experienciadevida.com.ar\/portalurbano\/?s={search_term_string}"},"query-input":"required name=search_term_string"}],"inLanguage":"es"},{"@type":"Organization","@id":"https:\/\/experienciadevida.com.ar\/portalurbano\/#organization","name":"Portal Urbano","url":"https:\/\/experienciadevida.com.ar\/portalurbano\/","logo":{"@type":"ImageObject","inLanguage":"es","@id":"https:\/\/experienciadevida.com.ar\/portalurbano\/#\/schema\/logo\/image\/","url":"https:\/\/experienciadevida.com.ar\/portalurbano\/wp-content\/uploads\/2019\/09\/Logo-Original.png","contentUrl":"https:\/\/experienciadevida.com.ar\/portalurbano\/wp-content\/uploads\/2019\/09\/Logo-Original.png","width":2236,"height":1216,"caption":"Portal Urbano"},"image":{"@id":"https:\/\/experienciadevida.com.ar\/portalurbano\/#\/schema\/logo\/image\/"},"sameAs":["https:\/\/www.facebook.com\/Portal-Urbano-171542830093757\/","https:\/\/twitter.com\/portalurbanook","https:\/\/www.instagram.com\/_portalurbano\/","https:\/\/www.youtube.com\/channel\/UCXhagIfszH8KxFiOok79zbA?view_as=subscriber"]},{"@type":"Person","@id":"https:\/\/experienciadevida.com.ar\/portalurbano\/#\/schema\/person\/02dd326b1c4b056e9cc972486934a3a7","name":"admpu17wp","image":{"@type":"ImageObject","inLanguage":"es","@id":"https:\/\/experienciadevida.com.ar\/portalurbano\/#\/schema\/person\/image\/","url":"https:\/\/secure.gravatar.com\/avatar\/830d4c57adaae6630765e449a6908047?s=96&d=mm&r=g","contentUrl":"https:\/\/secure.gravatar.com\/avatar\/830d4c57adaae6630765e449a6908047?s=96&d=mm&r=g","caption":"admpu17wp"}}]}},"featured_image_urls":{"full":["https:\/\/experienciadevida.com.ar\/portalurbano\/wp-content\/uploads\/2021\/01\/confirmo-la-vuelta-de-clases.png",696,391,false],"thumbnail":["https:\/\/experienciadevida.com.ar\/portalurbano\/wp-content\/uploads\/2021\/01\/confirmo-la-vuelta-de-clases-150x150.png",150,150,true],"medium":["https:\/\/experienciadevida.com.ar\/portalurbano\/wp-content\/uploads\/2021\/01\/confirmo-la-vuelta-de-clases-300x169.png",300,169,true],"medium_large":["https:\/\/experienciadevida.com.ar\/portalurbano\/wp-content\/uploads\/2021\/01\/confirmo-la-vuelta-de-clases.png",640,360,false],"large":["https:\/\/experienciadevida.com.ar\/portalurbano\/wp-content\/uploads\/2021\/01\/confirmo-la-vuelta-de-clases.png",640,360,false],"ug_big":["https:\/\/experienciadevida.com.ar\/portalurbano\/wp-content\/uploads\/2021\/01\/confirmo-la-vuelta-de-clases.png",696,391,false],"1536x1536":["https:\/\/experienciadevida.com.ar\/portalurbano\/wp-content\/uploads\/2021\/01\/confirmo-la-vuelta-de-clases.png",696,391,false],"2048x2048":["https:\/\/experienciadevida.com.ar\/portalurbano\/wp-content\/uploads\/2021\/01\/confirmo-la-vuelta-de-clases.png",696,391,false],"newsever-slider-full":["https:\/\/experienciadevida.com.ar\/portalurbano\/wp-content\/uploads\/2021\/01\/confirmo-la-vuelta-de-clases.png",696,391,false],"newsever-featured":["https:\/\/experienciadevida.com.ar\/portalurbano\/wp-content\/uploads\/2021\/01\/confirmo-la-vuelta-de-clases.png",696,391,false],"newsever-medium":["https:\/\/experienciadevida.com.ar\/portalurbano\/wp-content\/uploads\/2021\/01\/confirmo-la-vuelta-de-clases.png",696,391,false],"web-stories-poster-portrait":["https:\/\/experienciadevida.com.ar\/portalurbano\/wp-content\/uploads\/2021\/01\/confirmo-la-vuelta-de-clases.png",640,360,false],"web-stories-publisher-logo":["https:\/\/experienciadevida.com.ar\/portalurbano\/wp-content\/uploads\/2021\/01\/confirmo-la-vuelta-de-clases.png",96,54,false],"web-stories-thumbnail":["https:\/\/experienciadevida.com.ar\/portalurbano\/wp-content\/uploads\/2021\/01\/confirmo-la-vuelta-de-clases.png",150,84,false]},"author_info":{"display_name":"admpu17wp","author_link":"https:\/\/experienciadevida.com.ar\/portalurbano\/author\/admpu17wp\/"},"category_info":"<a href=\"https:\/\/experienciadevida.com.ar\/portalurbano\/category\/destacadas-2\/\" rel=\"category tag\">Destacadas 2<\/a> <a href=\"https:\/\/experienciadevida.com.ar\/portalurbano\/category\/provincia\/\" rel=\"category tag\">Provincia<\/a>","tag_info":"Provincia","comment_count":"0","amp_enabled":true,"_links":{"self":[{"href":"https:\/\/experienciadevida.com.ar\/portalurbano\/wp-json\/wp\/v2\/posts\/132956"}],"collection":[{"href":"https:\/\/experienciadevida.com.ar\/portalurbano\/wp-json\/wp\/v2\/posts"}],"about":[{"href":"https:\/\/experienciadevida.com.ar\/portalurbano\/wp-json\/wp\/v2\/types\/post"}],"author":[{"embeddable":true,"href":"https:\/\/experienciadevida.com.ar\/portalurbano\/wp-json\/wp\/v2\/users\/1"}],"replies":[{"embeddable":true,"href":"https:\/\/experienciadevida.com.ar\/portalurbano\/wp-json\/wp\/v2\/comments?post=132956"}],"version-history":[{"count":2,"href":"https:\/\/experienciadevida.com.ar\/portalurbano\/wp-json\/wp\/v2\/posts\/132956\/revisions"}],"predecessor-version":[{"id":132959,"href":"https:\/\/experienciadevida.com.ar\/portalurbano\/wp-json\/wp\/v2\/posts\/132956\/revisions\/132959"}],"wp:featuredmedia":[{"embeddable":true,"href":"https:\/\/experienciadevida.com.ar\/portalurbano\/wp-json\/wp\/v2\/media\/132957"}],"wp:attachment":[{"href":"https:\/\/experienciadevida.com.ar\/portalurbano\/wp-json\/wp\/v2\/media?parent=132956"}],"wp:term":[{"taxonomy":"category","embeddable":true,"href":"https:\/\/experienciadevida.com.ar\/portalurbano\/wp-json\/wp\/v2\/categories?post=132956"},{"taxonomy":"post_tag","embeddable":true,"href":"https:\/\/experienciadevida.com.ar\/portalurbano\/wp-json\/wp\/v2\/tags?post=132956"}],"curies":[{"name":"wp","href":"https:\/\/api.w.org\/{rel}","templated":true}]}}