{"id":132669,"date":"2021-01-16T18:16:56","date_gmt":"2021-01-16T21:16:56","guid":{"rendered":"https:\/\/experienciadevida.com.ar\/portalurbano\/?p=132669"},"modified":"2021-01-16T18:22:21","modified_gmt":"2021-01-16T21:22:21","slug":"emergencia-sanitaria-fallecio-una-mujer-de-90-anos-por-covid-y-se-registraron-14-casos-positivos","status":"publish","type":"post","link":"https:\/\/experienciadevida.com.ar\/portalurbano\/emergencia-sanitaria-fallecio-una-mujer-de-90-anos-por-covid-y-se-registraron-14-casos-positivos\/","title":{"rendered":"Emergencia Sanitaria: Falleci\u00f3 una mujer de 90 a\u00f1os por covid y se registraron 14 casos positivos"},"content":{"rendered":"<p>La Secretar\u00eda de Salud del Municipio emiti\u00f3 el reporte epidemiol\u00f3gico de este s\u00e1bado 16 de enero en el que se inform\u00f3 el fallecimiento de una paciente con Covid19 en el Hospital Municipal \u201cDr. H\u00e9ctor Cura\u201d. La mujer ten\u00eda 90 a\u00f1os y ten\u00eda 6 d\u00edas de internaci\u00f3n.<\/p>\n<p>Por otra parte, fueron 14 las muestras que resultaron positivas para Covid19 de personas que presentaban nexos epidemiol\u00f3gicos con resultados positivos de d\u00edas anteriores. Al momento, son 265 las personas que transitan la enfermedad en Olavarr\u00eda, dado que este mismo s\u00e1bado 54 recibieron el alta.<\/p>\n<p>En cuanto a las muestras descartadas, 67 resultaron negativas: 3 de ellas corresponden al Programa RTA que se llev\u00f3 a cabo ayer viernes en la localidad de Espigas.<\/p>\n<p>En el Hospital Municipal \u201cDr. H\u00e9ctor Cura\u201d, una persona se encuentra internada en la Unidad de Terapia Intensiva, doce en Cl\u00ednica Covid y una en Pediatr\u00eda.<\/p>\n<p>Desde la Secretar\u00eda de Salud se reiter\u00f3, adem\u00e1s, que el pr\u00f3ximo lunes 18 de enero comenzar\u00e1 la s\u00e9ptima etapa del Programa RTA.<\/p>\n<p>La Municipalidad de Olavarr\u00eda y el intendente Ezequiel Galli env\u00edan sus condolencias a los familiares de la paciente fallecida este s\u00e1bado.<\/p>\n<p><a href=\"https:\/\/experienciadevida.com.ar\/portalurbano\/emergencia-sanitaria-fallecio-una-mujer-de-90-anos-por-covid-y-se-registraron-14-casos-positivos\/c10bdd5f-d57a-449b-82df-38b88d414452\/\" rel=\"attachment wp-att-132675\"><img decoding=\"async\" class=\"alignnone size-full wp-image-132675\" src=\"https:\/\/experienciadevida.com.ar\/portalurbano\/wp-content\/uploads\/2021\/01\/c10bdd5f-d57a-449b-82df-38b88d414452.jpg\" alt=\"\" width=\"1200\" height=\"1200\" srcset=\"https:\/\/experienciadevida.com.ar\/portalurbano\/wp-content\/uploads\/2021\/01\/c10bdd5f-d57a-449b-82df-38b88d414452.jpg 1200w, https:\/\/experienciadevida.com.ar\/portalurbano\/wp-content\/uploads\/2021\/01\/c10bdd5f-d57a-449b-82df-38b88d414452-300x300.jpg 300w, https:\/\/experienciadevida.com.ar\/portalurbano\/wp-content\/uploads\/2021\/01\/c10bdd5f-d57a-449b-82df-38b88d414452-1024x1024.jpg 1024w, https:\/\/experienciadevida.com.ar\/portalurbano\/wp-content\/uploads\/2021\/01\/c10bdd5f-d57a-449b-82df-38b88d414452-150x150.jpg 150w, https:\/\/experienciadevida.com.ar\/portalurbano\/wp-content\/uploads\/2021\/01\/c10bdd5f-d57a-449b-82df-38b88d414452-768x768.jpg 768w\" sizes=\"(max-width: 1200px) 100vw, 1200px\" \/><\/a><\/p>\n<p><a href=\"https:\/\/experienciadevida.com.ar\/portalurbano\/emergencia-sanitaria-fallecio-una-mujer-de-90-anos-por-covid-y-se-registraron-14-casos-positivos\/8ed718ba-7f7d-4945-bca6-338664842513\/\" rel=\"attachment wp-att-132674\"><img decoding=\"async\" class=\"alignnone size-full wp-image-132674\" src=\"https:\/\/experienciadevida.com.ar\/portalurbano\/wp-content\/uploads\/2021\/01\/8ed718ba-7f7d-4945-bca6-338664842513.jpg\" alt=\"\" width=\"1200\" height=\"1200\" srcset=\"https:\/\/experienciadevida.com.ar\/portalurbano\/wp-content\/uploads\/2021\/01\/8ed718ba-7f7d-4945-bca6-338664842513.jpg 1200w, https:\/\/experienciadevida.com.ar\/portalurbano\/wp-content\/uploads\/2021\/01\/8ed718ba-7f7d-4945-bca6-338664842513-300x300.jpg 300w, https:\/\/experienciadevida.com.ar\/portalurbano\/wp-content\/uploads\/2021\/01\/8ed718ba-7f7d-4945-bca6-338664842513-1024x1024.jpg 1024w, https:\/\/experienciadevida.com.ar\/portalurbano\/wp-content\/uploads\/2021\/01\/8ed718ba-7f7d-4945-bca6-338664842513-150x150.jpg 150w, https:\/\/experienciadevida.com.ar\/portalurbano\/wp-content\/uploads\/2021\/01\/8ed718ba-7f7d-4945-bca6-338664842513-768x768.jpg 768w\" sizes=\"(max-width: 1200px) 100vw, 1200px\" \/><\/a> <a href=\"https:\/\/experienciadevida.com.ar\/portalurbano\/emergencia-sanitaria-fallecio-una-mujer-de-90-anos-por-covid-y-se-registraron-14-casos-positivos\/0b735482-2c38-41a0-9b16-40a3f99f0cf2\/\" rel=\"attachment wp-att-132673\"><img decoding=\"async\" class=\"alignnone size-full wp-image-132673\" src=\"https:\/\/experienciadevida.com.ar\/portalurbano\/wp-content\/uploads\/2021\/01\/0b735482-2c38-41a0-9b16-40a3f99f0cf2.jpg\" alt=\"\" width=\"1200\" height=\"1200\" srcset=\"https:\/\/experienciadevida.com.ar\/portalurbano\/wp-content\/uploads\/2021\/01\/0b735482-2c38-41a0-9b16-40a3f99f0cf2.jpg 1200w, https:\/\/experienciadevida.com.ar\/portalurbano\/wp-content\/uploads\/2021\/01\/0b735482-2c38-41a0-9b16-40a3f99f0cf2-300x300.jpg 300w, https:\/\/experienciadevida.com.ar\/portalurbano\/wp-content\/uploads\/2021\/01\/0b735482-2c38-41a0-9b16-40a3f99f0cf2-1024x1024.jpg 1024w, https:\/\/experienciadevida.com.ar\/portalurbano\/wp-content\/uploads\/2021\/01\/0b735482-2c38-41a0-9b16-40a3f99f0cf2-150x150.jpg 150w, https:\/\/experienciadevida.com.ar\/portalurbano\/wp-content\/uploads\/2021\/01\/0b735482-2c38-41a0-9b16-40a3f99f0cf2-768x768.jpg 768w\" sizes=\"(max-width: 1200px) 100vw, 1200px\" \/><\/a> <a href=\"https:\/\/experienciadevida.com.ar\/portalurbano\/emergencia-sanitaria-fallecio-una-mujer-de-90-anos-por-covid-y-se-registraron-14-casos-positivos\/0defdeb7-7154-4b18-bb98-7e65cd12203c\/\" rel=\"attachment wp-att-132676\"><img decoding=\"async\" class=\"alignnone size-full wp-image-132676\" src=\"https:\/\/experienciadevida.com.ar\/portalurbano\/wp-content\/uploads\/2021\/01\/0defdeb7-7154-4b18-bb98-7e65cd12203c.jpg\" alt=\"\" width=\"1200\" height=\"1200\" srcset=\"https:\/\/experienciadevida.com.ar\/portalurbano\/wp-content\/uploads\/2021\/01\/0defdeb7-7154-4b18-bb98-7e65cd12203c.jpg 1200w, https:\/\/experienciadevida.com.ar\/portalurbano\/wp-content\/uploads\/2021\/01\/0defdeb7-7154-4b18-bb98-7e65cd12203c-300x300.jpg 300w, https:\/\/experienciadevida.com.ar\/portalurbano\/wp-content\/uploads\/2021\/01\/0defdeb7-7154-4b18-bb98-7e65cd12203c-1024x1024.jpg 1024w, https:\/\/experienciadevida.com.ar\/portalurbano\/wp-content\/uploads\/2021\/01\/0defdeb7-7154-4b18-bb98-7e65cd12203c-150x150.jpg 150w, https:\/\/experienciadevida.com.ar\/portalurbano\/wp-content\/uploads\/2021\/01\/0defdeb7-7154-4b18-bb98-7e65cd12203c-768x768.jpg 768w\" sizes=\"(max-width: 1200px) 100vw, 1200px\" \/><\/a><\/p>\n","protected":false},"excerpt":{"rendered":"<p>La Secretar\u00eda de Salud del Municipio emiti\u00f3 el reporte epidemiol\u00f3gico de este s\u00e1bado 16 de&#8230;<\/p>\n","protected":false},"author":1,"featured_media":117505,"comment_status":"closed","ping_status":"closed","sticky":false,"template":"","format":"standard","meta":{"content-type":""},"categories":[27,51],"tags":[],"nelio_content":{"isAutoShareEnabled":false,"autoShareEndMode":"default","automationSources":{"useContentSentences":true,"useSocialTemplates":true,"useCustomSentences":false,"customSentences":[]},"followers":[1],"suggestedReferences":[],"includedReferences":[],"efiUrl":"","efiAlt":"","highlights":[]},"yoast_head":"<!-- This site is optimized with the Yoast SEO plugin v20.7 - https:\/\/yoast.com\/wordpress\/plugins\/seo\/ -->\n<title>Emergencia Sanitaria: Falleci\u00f3 una mujer de 90 a\u00f1os por covid y se registraron 14 casos positivos -<\/title>\n<meta name=\"robots\" content=\"index, follow, max-snippet:-1, max-image-preview:large, max-video-preview:-1\" \/>\n<link rel=\"canonical\" href=\"https:\/\/experienciadevida.com.ar\/portalurbano\/emergencia-sanitaria-fallecio-una-mujer-de-90-anos-por-covid-y-se-registraron-14-casos-positivos\/\" \/>\n<meta property=\"og:locale\" content=\"es_ES\" \/>\n<meta property=\"og:type\" content=\"article\" \/>\n<meta property=\"og:title\" content=\"Emergencia Sanitaria: Falleci\u00f3 una mujer de 90 a\u00f1os por covid y se registraron 14 casos positivos -\" \/>\n<meta property=\"og:description\" content=\"La Secretar\u00eda de Salud del Municipio emiti\u00f3 el reporte epidemiol\u00f3gico de este s\u00e1bado 16 de...\" \/>\n<meta property=\"og:url\" content=\"https:\/\/experienciadevida.com.ar\/portalurbano\/emergencia-sanitaria-fallecio-una-mujer-de-90-anos-por-covid-y-se-registraron-14-casos-positivos\/\" \/>\n<meta property=\"article:publisher\" content=\"https:\/\/www.facebook.com\/Portal-Urbano-171542830093757\/\" \/>\n<meta property=\"article:published_time\" content=\"2021-01-16T21:16:56+00:00\" \/>\n<meta property=\"article:modified_time\" content=\"2021-01-16T21:22:21+00:00\" \/>\n<meta property=\"og:image\" content=\"https:\/\/experienciadevida.com.ar\/portalurbano\/wp-content\/uploads\/2020\/08\/Hospital-Olavarria4-e1597323957510.jpg\" \/>\n\t<meta property=\"og:image:width\" content=\"750\" \/>\n\t<meta property=\"og:image:height\" content=\"500\" \/>\n\t<meta property=\"og:image:type\" content=\"image\/jpeg\" \/>\n<meta name=\"author\" content=\"admpu17wp\" \/>\n<meta name=\"twitter:card\" content=\"summary_large_image\" \/>\n<meta name=\"twitter:creator\" content=\"@portalurbanook\" \/>\n<meta name=\"twitter:site\" content=\"@portalurbanook\" \/>\n<meta name=\"twitter:label1\" content=\"Escrito por\" \/>\n\t<meta name=\"twitter:data1\" content=\"admpu17wp\" \/>\n\t<meta name=\"twitter:label2\" content=\"Tiempo de lectura\" \/>\n\t<meta name=\"twitter:data2\" content=\"1 minuto\" \/>\n<script type=\"application\/ld+json\" class=\"yoast-schema-graph\">{\"@context\":\"https:\/\/schema.org\",\"@graph\":[{\"@type\":\"Article\",\"@id\":\"https:\/\/experienciadevida.com.ar\/portalurbano\/emergencia-sanitaria-fallecio-una-mujer-de-90-anos-por-covid-y-se-registraron-14-casos-positivos\/#article\",\"isPartOf\":{\"@id\":\"https:\/\/experienciadevida.com.ar\/portalurbano\/emergencia-sanitaria-fallecio-una-mujer-de-90-anos-por-covid-y-se-registraron-14-casos-positivos\/\"},\"author\":{\"name\":\"admpu17wp\",\"@id\":\"https:\/\/experienciadevida.com.ar\/portalurbano\/#\/schema\/person\/02dd326b1c4b056e9cc972486934a3a7\"},\"headline\":\"Emergencia Sanitaria: Falleci\u00f3 una mujer de 90 a\u00f1os por covid y se registraron 14 casos positivos\",\"datePublished\":\"2021-01-16T21:16:56+00:00\",\"dateModified\":\"2021-01-16T21:22:21+00:00\",\"mainEntityOfPage\":{\"@id\":\"https:\/\/experienciadevida.com.ar\/portalurbano\/emergencia-sanitaria-fallecio-una-mujer-de-90-anos-por-covid-y-se-registraron-14-casos-positivos\/\"},\"wordCount\":217,\"publisher\":{\"@id\":\"https:\/\/experienciadevida.com.ar\/portalurbano\/#organization\"},\"articleSection\":[\"Ciudad\",\"Destacadas\"],\"inLanguage\":\"es\"},{\"@type\":\"WebPage\",\"@id\":\"https:\/\/experienciadevida.com.ar\/portalurbano\/emergencia-sanitaria-fallecio-una-mujer-de-90-anos-por-covid-y-se-registraron-14-casos-positivos\/\",\"url\":\"https:\/\/experienciadevida.com.ar\/portalurbano\/emergencia-sanitaria-fallecio-una-mujer-de-90-anos-por-covid-y-se-registraron-14-casos-positivos\/\",\"name\":\"Emergencia Sanitaria: Falleci\u00f3 una mujer de 90 a\u00f1os por covid y se registraron 14 casos positivos -\",\"isPartOf\":{\"@id\":\"https:\/\/experienciadevida.com.ar\/portalurbano\/#website\"},\"datePublished\":\"2021-01-16T21:16:56+00:00\",\"dateModified\":\"2021-01-16T21:22:21+00:00\",\"breadcrumb\":{\"@id\":\"https:\/\/experienciadevida.com.ar\/portalurbano\/emergencia-sanitaria-fallecio-una-mujer-de-90-anos-por-covid-y-se-registraron-14-casos-positivos\/#breadcrumb\"},\"inLanguage\":\"es\",\"potentialAction\":[{\"@type\":\"ReadAction\",\"target\":[\"https:\/\/experienciadevida.com.ar\/portalurbano\/emergencia-sanitaria-fallecio-una-mujer-de-90-anos-por-covid-y-se-registraron-14-casos-positivos\/\"]}]},{\"@type\":\"BreadcrumbList\",\"@id\":\"https:\/\/experienciadevida.com.ar\/portalurbano\/emergencia-sanitaria-fallecio-una-mujer-de-90-anos-por-covid-y-se-registraron-14-casos-positivos\/#breadcrumb\",\"itemListElement\":[{\"@type\":\"ListItem\",\"position\":1,\"name\":\"Portada\",\"item\":\"https:\/\/experienciadevida.com.ar\/portalurbano\/\"},{\"@type\":\"ListItem\",\"position\":2,\"name\":\"Emergencia Sanitaria: Falleci\u00f3 una mujer de 90 a\u00f1os por covid y se registraron 14 casos positivos\"}]},{\"@type\":\"WebSite\",\"@id\":\"https:\/\/experienciadevida.com.ar\/portalurbano\/#website\",\"url\":\"https:\/\/experienciadevida.com.ar\/portalurbano\/\",\"name\":\"\",\"description\":\"\",\"publisher\":{\"@id\":\"https:\/\/experienciadevida.com.ar\/portalurbano\/#organization\"},\"potentialAction\":[{\"@type\":\"SearchAction\",\"target\":{\"@type\":\"EntryPoint\",\"urlTemplate\":\"https:\/\/experienciadevida.com.ar\/portalurbano\/?s={search_term_string}\"},\"query-input\":\"required name=search_term_string\"}],\"inLanguage\":\"es\"},{\"@type\":\"Organization\",\"@id\":\"https:\/\/experienciadevida.com.ar\/portalurbano\/#organization\",\"name\":\"Portal Urbano\",\"url\":\"https:\/\/experienciadevida.com.ar\/portalurbano\/\",\"logo\":{\"@type\":\"ImageObject\",\"inLanguage\":\"es\",\"@id\":\"https:\/\/experienciadevida.com.ar\/portalurbano\/#\/schema\/logo\/image\/\",\"url\":\"https:\/\/experienciadevida.com.ar\/portalurbano\/wp-content\/uploads\/2019\/09\/Logo-Original.png\",\"contentUrl\":\"https:\/\/experienciadevida.com.ar\/portalurbano\/wp-content\/uploads\/2019\/09\/Logo-Original.png\",\"width\":2236,\"height\":1216,\"caption\":\"Portal Urbano\"},\"image\":{\"@id\":\"https:\/\/experienciadevida.com.ar\/portalurbano\/#\/schema\/logo\/image\/\"},\"sameAs\":[\"https:\/\/www.facebook.com\/Portal-Urbano-171542830093757\/\",\"https:\/\/twitter.com\/portalurbanook\",\"https:\/\/www.instagram.com\/_portalurbano\/\",\"https:\/\/www.youtube.com\/channel\/UCXhagIfszH8KxFiOok79zbA?view_as=subscriber\"]},{\"@type\":\"Person\",\"@id\":\"https:\/\/experienciadevida.com.ar\/portalurbano\/#\/schema\/person\/02dd326b1c4b056e9cc972486934a3a7\",\"name\":\"admpu17wp\",\"image\":{\"@type\":\"ImageObject\",\"inLanguage\":\"es\",\"@id\":\"https:\/\/experienciadevida.com.ar\/portalurbano\/#\/schema\/person\/image\/\",\"url\":\"https:\/\/secure.gravatar.com\/avatar\/830d4c57adaae6630765e449a6908047?s=96&d=mm&r=g\",\"contentUrl\":\"https:\/\/secure.gravatar.com\/avatar\/830d4c57adaae6630765e449a6908047?s=96&d=mm&r=g\",\"caption\":\"admpu17wp\"}}]}<\/script>\n<!-- \/ Yoast SEO plugin. -->","yoast_head_json":{"title":"Emergencia Sanitaria: Falleci\u00f3 una mujer de 90 a\u00f1os por covid y se registraron 14 casos positivos -","robots":{"index":"index","follow":"follow","max-snippet":"max-snippet:-1","max-image-preview":"max-image-preview:large","max-video-preview":"max-video-preview:-1"},"canonical":"https:\/\/experienciadevida.com.ar\/portalurbano\/emergencia-sanitaria-fallecio-una-mujer-de-90-anos-por-covid-y-se-registraron-14-casos-positivos\/","og_locale":"es_ES","og_type":"article","og_title":"Emergencia Sanitaria: Falleci\u00f3 una mujer de 90 a\u00f1os por covid y se registraron 14 casos positivos -","og_description":"La Secretar\u00eda de Salud del Municipio emiti\u00f3 el reporte epidemiol\u00f3gico de este s\u00e1bado 16 de...","og_url":"https:\/\/experienciadevida.com.ar\/portalurbano\/emergencia-sanitaria-fallecio-una-mujer-de-90-anos-por-covid-y-se-registraron-14-casos-positivos\/","article_publisher":"https:\/\/www.facebook.com\/Portal-Urbano-171542830093757\/","article_published_time":"2021-01-16T21:16:56+00:00","article_modified_time":"2021-01-16T21:22:21+00:00","og_image":[{"width":750,"height":500,"url":"https:\/\/experienciadevida.com.ar\/portalurbano\/wp-content\/uploads\/2020\/08\/Hospital-Olavarria4-e1597323957510.jpg","type":"image\/jpeg"}],"author":"admpu17wp","twitter_card":"summary_large_image","twitter_creator":"@portalurbanook","twitter_site":"@portalurbanook","twitter_misc":{"Escrito por":"admpu17wp","Tiempo de lectura":"1 minuto"},"schema":{"@context":"https:\/\/schema.org","@graph":[{"@type":"Article","@id":"https:\/\/experienciadevida.com.ar\/portalurbano\/emergencia-sanitaria-fallecio-una-mujer-de-90-anos-por-covid-y-se-registraron-14-casos-positivos\/#article","isPartOf":{"@id":"https:\/\/experienciadevida.com.ar\/portalurbano\/emergencia-sanitaria-fallecio-una-mujer-de-90-anos-por-covid-y-se-registraron-14-casos-positivos\/"},"author":{"name":"admpu17wp","@id":"https:\/\/experienciadevida.com.ar\/portalurbano\/#\/schema\/person\/02dd326b1c4b056e9cc972486934a3a7"},"headline":"Emergencia Sanitaria: Falleci\u00f3 una mujer de 90 a\u00f1os por covid y se registraron 14 casos positivos","datePublished":"2021-01-16T21:16:56+00:00","dateModified":"2021-01-16T21:22:21+00:00","mainEntityOfPage":{"@id":"https:\/\/experienciadevida.com.ar\/portalurbano\/emergencia-sanitaria-fallecio-una-mujer-de-90-anos-por-covid-y-se-registraron-14-casos-positivos\/"},"wordCount":217,"publisher":{"@id":"https:\/\/experienciadevida.com.ar\/portalurbano\/#organization"},"articleSection":["Ciudad","Destacadas"],"inLanguage":"es"},{"@type":"WebPage","@id":"https:\/\/experienciadevida.com.ar\/portalurbano\/emergencia-sanitaria-fallecio-una-mujer-de-90-anos-por-covid-y-se-registraron-14-casos-positivos\/","url":"https:\/\/experienciadevida.com.ar\/portalurbano\/emergencia-sanitaria-fallecio-una-mujer-de-90-anos-por-covid-y-se-registraron-14-casos-positivos\/","name":"Emergencia Sanitaria: Falleci\u00f3 una mujer de 90 a\u00f1os por covid y se registraron 14 casos positivos -","isPartOf":{"@id":"https:\/\/experienciadevida.com.ar\/portalurbano\/#website"},"datePublished":"2021-01-16T21:16:56+00:00","dateModified":"2021-01-16T21:22:21+00:00","breadcrumb":{"@id":"https:\/\/experienciadevida.com.ar\/portalurbano\/emergencia-sanitaria-fallecio-una-mujer-de-90-anos-por-covid-y-se-registraron-14-casos-positivos\/#breadcrumb"},"inLanguage":"es","potentialAction":[{"@type":"ReadAction","target":["https:\/\/experienciadevida.com.ar\/portalurbano\/emergencia-sanitaria-fallecio-una-mujer-de-90-anos-por-covid-y-se-registraron-14-casos-positivos\/"]}]},{"@type":"BreadcrumbList","@id":"https:\/\/experienciadevida.com.ar\/portalurbano\/emergencia-sanitaria-fallecio-una-mujer-de-90-anos-por-covid-y-se-registraron-14-casos-positivos\/#breadcrumb","itemListElement":[{"@type":"ListItem","position":1,"name":"Portada","item":"https:\/\/experienciadevida.com.ar\/portalurbano\/"},{"@type":"ListItem","position":2,"name":"Emergencia Sanitaria: Falleci\u00f3 una mujer de 90 a\u00f1os por covid y se registraron 14 casos positivos"}]},{"@type":"WebSite","@id":"https:\/\/experienciadevida.com.ar\/portalurbano\/#website","url":"https:\/\/experienciadevida.com.ar\/portalurbano\/","name":"","description":"","publisher":{"@id":"https:\/\/experienciadevida.com.ar\/portalurbano\/#organization"},"potentialAction":[{"@type":"SearchAction","target":{"@type":"EntryPoint","urlTemplate":"https:\/\/experienciadevida.com.ar\/portalurbano\/?s={search_term_string}"},"query-input":"required name=search_term_string"}],"inLanguage":"es"},{"@type":"Organization","@id":"https:\/\/experienciadevida.com.ar\/portalurbano\/#organization","name":"Portal Urbano","url":"https:\/\/experienciadevida.com.ar\/portalurbano\/","logo":{"@type":"ImageObject","inLanguage":"es","@id":"https:\/\/experienciadevida.com.ar\/portalurbano\/#\/schema\/logo\/image\/","url":"https:\/\/experienciadevida.com.ar\/portalurbano\/wp-content\/uploads\/2019\/09\/Logo-Original.png","contentUrl":"https:\/\/experienciadevida.com.ar\/portalurbano\/wp-content\/uploads\/2019\/09\/Logo-Original.png","width":2236,"height":1216,"caption":"Portal Urbano"},"image":{"@id":"https:\/\/experienciadevida.com.ar\/portalurbano\/#\/schema\/logo\/image\/"},"sameAs":["https:\/\/www.facebook.com\/Portal-Urbano-171542830093757\/","https:\/\/twitter.com\/portalurbanook","https:\/\/www.instagram.com\/_portalurbano\/","https:\/\/www.youtube.com\/channel\/UCXhagIfszH8KxFiOok79zbA?view_as=subscriber"]},{"@type":"Person","@id":"https:\/\/experienciadevida.com.ar\/portalurbano\/#\/schema\/person\/02dd326b1c4b056e9cc972486934a3a7","name":"admpu17wp","image":{"@type":"ImageObject","inLanguage":"es","@id":"https:\/\/experienciadevida.com.ar\/portalurbano\/#\/schema\/person\/image\/","url":"https:\/\/secure.gravatar.com\/avatar\/830d4c57adaae6630765e449a6908047?s=96&d=mm&r=g","contentUrl":"https:\/\/secure.gravatar.com\/avatar\/830d4c57adaae6630765e449a6908047?s=96&d=mm&r=g","caption":"admpu17wp"}}]}},"featured_image_urls":{"full":["https:\/\/experienciadevida.com.ar\/portalurbano\/wp-content\/uploads\/2020\/08\/Hospital-Olavarria4-e1597323957510.jpg",750,500,false],"thumbnail":["https:\/\/experienciadevida.com.ar\/portalurbano\/wp-content\/uploads\/2020\/08\/Hospital-Olavarria4-150x150.jpg",150,150,true],"medium":["https:\/\/experienciadevida.com.ar\/portalurbano\/wp-content\/uploads\/2020\/08\/Hospital-Olavarria4-300x200.jpg",300,200,true],"medium_large":["https:\/\/experienciadevida.com.ar\/portalurbano\/wp-content\/uploads\/2020\/08\/Hospital-Olavarria4-e1597323957510.jpg",640,427,false],"large":["https:\/\/experienciadevida.com.ar\/portalurbano\/wp-content\/uploads\/2020\/08\/Hospital-Olavarria4-e1597323957510.jpg",640,427,false],"ug_big":["https:\/\/experienciadevida.com.ar\/portalurbano\/wp-content\/uploads\/2020\/08\/Hospital-Olavarria4-e1597323957510.jpg",750,500,false],"1536x1536":["https:\/\/experienciadevida.com.ar\/portalurbano\/wp-content\/uploads\/2020\/08\/Hospital-Olavarria4-e1597323957510.jpg",750,500,false],"2048x2048":["https:\/\/experienciadevida.com.ar\/portalurbano\/wp-content\/uploads\/2020\/08\/Hospital-Olavarria4-e1597323957510.jpg",750,500,false],"newsever-slider-full":["https:\/\/experienciadevida.com.ar\/portalurbano\/wp-content\/uploads\/2020\/08\/Hospital-Olavarria4-e1597323957510.jpg",750,500,false],"newsever-featured":["https:\/\/experienciadevida.com.ar\/portalurbano\/wp-content\/uploads\/2020\/08\/Hospital-Olavarria4-e1597323957510.jpg",750,500,false],"newsever-medium":["https:\/\/experienciadevida.com.ar\/portalurbano\/wp-content\/uploads\/2020\/08\/Hospital-Olavarria4-e1597323957510.jpg",713,475,false],"web-stories-poster-portrait":["https:\/\/experienciadevida.com.ar\/portalurbano\/wp-content\/uploads\/2020\/08\/Hospital-Olavarria4-e1597323957510.jpg",640,427,false],"web-stories-publisher-logo":["https:\/\/experienciadevida.com.ar\/portalurbano\/wp-content\/uploads\/2020\/08\/Hospital-Olavarria4-e1597323957510.jpg",96,64,false],"web-stories-thumbnail":["https:\/\/experienciadevida.com.ar\/portalurbano\/wp-content\/uploads\/2020\/08\/Hospital-Olavarria4-e1597323957510.jpg",150,100,false]},"author_info":{"display_name":"admpu17wp","author_link":"https:\/\/experienciadevida.com.ar\/portalurbano\/author\/admpu17wp\/"},"category_info":"<a href=\"https:\/\/experienciadevida.com.ar\/portalurbano\/category\/ciudad\/\" rel=\"category tag\">Ciudad<\/a> <a href=\"https:\/\/experienciadevida.com.ar\/portalurbano\/category\/destacadas\/\" rel=\"category tag\">Destacadas<\/a>","tag_info":"Destacadas","comment_count":"0","amp_enabled":true,"_links":{"self":[{"href":"https:\/\/experienciadevida.com.ar\/portalurbano\/wp-json\/wp\/v2\/posts\/132669"}],"collection":[{"href":"https:\/\/experienciadevida.com.ar\/portalurbano\/wp-json\/wp\/v2\/posts"}],"about":[{"href":"https:\/\/experienciadevida.com.ar\/portalurbano\/wp-json\/wp\/v2\/types\/post"}],"author":[{"embeddable":true,"href":"https:\/\/experienciadevida.com.ar\/portalurbano\/wp-json\/wp\/v2\/users\/1"}],"replies":[{"embeddable":true,"href":"https:\/\/experienciadevida.com.ar\/portalurbano\/wp-json\/wp\/v2\/comments?post=132669"}],"version-history":[{"count":4,"href":"https:\/\/experienciadevida.com.ar\/portalurbano\/wp-json\/wp\/v2\/posts\/132669\/revisions"}],"predecessor-version":[{"id":132679,"href":"https:\/\/experienciadevida.com.ar\/portalurbano\/wp-json\/wp\/v2\/posts\/132669\/revisions\/132679"}],"wp:featuredmedia":[{"embeddable":true,"href":"https:\/\/experienciadevida.com.ar\/portalurbano\/wp-json\/wp\/v2\/media\/117505"}],"wp:attachment":[{"href":"https:\/\/experienciadevida.com.ar\/portalurbano\/wp-json\/wp\/v2\/media?parent=132669"}],"wp:term":[{"taxonomy":"category","embeddable":true,"href":"https:\/\/experienciadevida.com.ar\/portalurbano\/wp-json\/wp\/v2\/categories?post=132669"},{"taxonomy":"post_tag","embeddable":true,"href":"https:\/\/experienciadevida.com.ar\/portalurbano\/wp-json\/wp\/v2\/tags?post=132669"}],"curies":[{"name":"wp","href":"https:\/\/api.w.org\/{rel}","templated":true}]}}