{"id":132594,"date":"2021-01-15T11:54:03","date_gmt":"2021-01-15T14:54:03","guid":{"rendered":"https:\/\/experienciadevida.com.ar\/portalurbano\/?p=132594"},"modified":"2021-01-15T11:57:38","modified_gmt":"2021-01-15T14:57:38","slug":"verano-atr-400-chicos-asisten-diariamente-al-programa-del-gobierno-provincial","status":"publish","type":"post","link":"https:\/\/experienciadevida.com.ar\/portalurbano\/verano-atr-400-chicos-asisten-diariamente-al-programa-del-gobierno-provincial\/","title":{"rendered":"Verano ATR: 400 chicos asisten diariamente al programa del gobierno provincial"},"content":{"rendered":"<p>Verano ATR: 400 chicos\u00a0 asisten diariamente al programa del gobierno provincial. El programa Verano ATR a cargo de la Direcci\u00f3n General de Cultura y Educaci\u00f3n est\u00e1 destinado a las y los estudiantes bonaerenses de nivel primario y secundario y tiene como objetivo el desarrollo de actividades educativas, deportivas, culturales y recreativas. El mismo continuar\u00e1 hasta el 5 de febrero.<\/p>\n<p>El coordinador del Programa, Juan Pablo Arouxet, confirm\u00f3 que se est\u00e1n realizando con normalidad las actividades en las diferentes sedes: \u201cEn total son 11 los espacios donde estamos trabajando, estamos muy contentos de que los chicos puedan disfrutar del programa. Es muy importante el trabajo que hacen cada d\u00eda los docentes y auxiliares para que Verano ATR se desarrolle\u201d.<\/p>\n<p>Desde el Gobierno provincial informaron que ha sido muy grande el esfuerzo realizado para que se pueda concretar el inicio del programa ya que varios requisitos detallados en el proyecto como son el personal de limpieza y los art\u00edculos para la desinfecci\u00f3n de las sedes tuvieron que ser cubiertos por el Consejo Escolar.<\/p>\n<p>A su vez tambi\u00e9n el Gobierno de la provincia de Buenos Aires est\u00e1 suministrando todo el material did\u00e1ctico requerido para la ense\u00f1anza y la pr\u00e1ctica de actividades pl\u00e1sticas, pr\u00e1ctica de lenguaje y matem\u00e1tica y botiquines. En total en el programa est\u00e1n trabajando 11 directores y directoras, 42 profesores\/as, 10 ATR (acompa\u00f1antes de trayectorias), 18 auxiliares y 9 guardavidas.<\/p>\n<p><a href=\"https:\/\/experienciadevida.com.ar\/portalurbano\/verano-atr-400-chicos-asisten-diariamente-al-programa-del-gobierno-provincial\/verano-12\/\" rel=\"attachment wp-att-132599\"><img decoding=\"async\" class=\"alignnone size-full wp-image-132599\" src=\"https:\/\/experienciadevida.com.ar\/portalurbano\/wp-content\/uploads\/2021\/01\/Verano.jpeg\" alt=\"Verano\" width=\"1032\" height=\"774\" srcset=\"https:\/\/experienciadevida.com.ar\/portalurbano\/wp-content\/uploads\/2021\/01\/Verano.jpeg 1032w, https:\/\/experienciadevida.com.ar\/portalurbano\/wp-content\/uploads\/2021\/01\/Verano-300x225.jpeg 300w, https:\/\/experienciadevida.com.ar\/portalurbano\/wp-content\/uploads\/2021\/01\/Verano-1024x768.jpeg 1024w, https:\/\/experienciadevida.com.ar\/portalurbano\/wp-content\/uploads\/2021\/01\/Verano-768x576.jpeg 768w\" sizes=\"(max-width: 1032px) 100vw, 1032px\" \/><\/a><\/p>\n","protected":false},"excerpt":{"rendered":"<p>Verano ATR: 400 chicos\u00a0 asisten diariamente al programa del gobierno provincial. El programa Verano ATR&#8230;<\/p>\n","protected":false},"author":1,"featured_media":132595,"comment_status":"closed","ping_status":"closed","sticky":false,"template":"","format":"standard","meta":{"content-type":""},"categories":[27,51],"tags":[],"nelio_content":{"isAutoShareEnabled":false,"autoShareEndMode":"default","automationSources":{"useContentSentences":true,"useSocialTemplates":true,"useCustomSentences":false,"customSentences":[]},"followers":[1],"suggestedReferences":[],"includedReferences":[],"efiUrl":"","efiAlt":"","highlights":[]},"yoast_head":"<!-- This site is optimized with the Yoast SEO plugin v20.7 - https:\/\/yoast.com\/wordpress\/plugins\/seo\/ -->\n<title>Verano ATR: 400 chicos asisten diariamente al programa<\/title>\n<meta name=\"description\" content=\"Verano ATR: 400 chicos\u00a0 asisten diariamente al programa del gobierno provincial, a cargo de la Direcci\u00f3n General de Cultura y Educaci\u00f3n.\" \/>\n<meta name=\"robots\" content=\"index, follow, max-snippet:-1, max-image-preview:large, max-video-preview:-1\" \/>\n<link rel=\"canonical\" href=\"https:\/\/experienciadevida.com.ar\/portalurbano\/verano-atr-400-chicos-asisten-diariamente-al-programa-del-gobierno-provincial\/\" \/>\n<meta property=\"og:locale\" content=\"es_ES\" \/>\n<meta property=\"og:type\" content=\"article\" \/>\n<meta property=\"og:title\" content=\"Verano ATR: 400 chicos asisten diariamente al programa\" \/>\n<meta property=\"og:description\" content=\"Verano ATR: 400 chicos\u00a0 asisten diariamente al programa del gobierno provincial, a cargo de la Direcci\u00f3n General de Cultura y Educaci\u00f3n.\" \/>\n<meta property=\"og:url\" content=\"https:\/\/experienciadevida.com.ar\/portalurbano\/verano-atr-400-chicos-asisten-diariamente-al-programa-del-gobierno-provincial\/\" \/>\n<meta property=\"article:publisher\" content=\"https:\/\/www.facebook.com\/Portal-Urbano-171542830093757\/\" \/>\n<meta property=\"article:published_time\" content=\"2021-01-15T14:54:03+00:00\" \/>\n<meta property=\"article:modified_time\" content=\"2021-01-15T14:57:38+00:00\" \/>\n<meta property=\"og:image\" content=\"https:\/\/experienciadevida.com.ar\/portalurbano\/wp-content\/uploads\/2021\/01\/Verano-ATR.jpeg\" \/>\n\t<meta property=\"og:image:width\" content=\"1280\" \/>\n\t<meta property=\"og:image:height\" content=\"720\" \/>\n\t<meta property=\"og:image:type\" content=\"image\/jpeg\" \/>\n<meta name=\"author\" content=\"admpu17wp\" \/>\n<meta name=\"twitter:card\" content=\"summary_large_image\" \/>\n<meta name=\"twitter:creator\" content=\"@portalurbanook\" \/>\n<meta name=\"twitter:site\" content=\"@portalurbanook\" \/>\n<meta name=\"twitter:label1\" content=\"Escrito por\" \/>\n\t<meta name=\"twitter:data1\" content=\"admpu17wp\" \/>\n\t<meta name=\"twitter:label2\" content=\"Tiempo de lectura\" \/>\n\t<meta name=\"twitter:data2\" content=\"1 minuto\" \/>\n<script type=\"application\/ld+json\" class=\"yoast-schema-graph\">{\"@context\":\"https:\/\/schema.org\",\"@graph\":[{\"@type\":\"Article\",\"@id\":\"https:\/\/experienciadevida.com.ar\/portalurbano\/verano-atr-400-chicos-asisten-diariamente-al-programa-del-gobierno-provincial\/#article\",\"isPartOf\":{\"@id\":\"https:\/\/experienciadevida.com.ar\/portalurbano\/verano-atr-400-chicos-asisten-diariamente-al-programa-del-gobierno-provincial\/\"},\"author\":{\"name\":\"admpu17wp\",\"@id\":\"https:\/\/experienciadevida.com.ar\/portalurbano\/#\/schema\/person\/02dd326b1c4b056e9cc972486934a3a7\"},\"headline\":\"Verano ATR: 400 chicos asisten diariamente al programa del gobierno provincial\",\"datePublished\":\"2021-01-15T14:54:03+00:00\",\"dateModified\":\"2021-01-15T14:57:38+00:00\",\"mainEntityOfPage\":{\"@id\":\"https:\/\/experienciadevida.com.ar\/portalurbano\/verano-atr-400-chicos-asisten-diariamente-al-programa-del-gobierno-provincial\/\"},\"wordCount\":247,\"publisher\":{\"@id\":\"https:\/\/experienciadevida.com.ar\/portalurbano\/#organization\"},\"articleSection\":[\"Ciudad\",\"Destacadas\"],\"inLanguage\":\"es\"},{\"@type\":\"WebPage\",\"@id\":\"https:\/\/experienciadevida.com.ar\/portalurbano\/verano-atr-400-chicos-asisten-diariamente-al-programa-del-gobierno-provincial\/\",\"url\":\"https:\/\/experienciadevida.com.ar\/portalurbano\/verano-atr-400-chicos-asisten-diariamente-al-programa-del-gobierno-provincial\/\",\"name\":\"Verano ATR: 400 chicos asisten diariamente al programa\",\"isPartOf\":{\"@id\":\"https:\/\/experienciadevida.com.ar\/portalurbano\/#website\"},\"datePublished\":\"2021-01-15T14:54:03+00:00\",\"dateModified\":\"2021-01-15T14:57:38+00:00\",\"description\":\"Verano ATR: 400 chicos\u00a0 asisten diariamente al programa del gobierno provincial, a cargo de la Direcci\u00f3n General de Cultura y Educaci\u00f3n.\",\"breadcrumb\":{\"@id\":\"https:\/\/experienciadevida.com.ar\/portalurbano\/verano-atr-400-chicos-asisten-diariamente-al-programa-del-gobierno-provincial\/#breadcrumb\"},\"inLanguage\":\"es\",\"potentialAction\":[{\"@type\":\"ReadAction\",\"target\":[\"https:\/\/experienciadevida.com.ar\/portalurbano\/verano-atr-400-chicos-asisten-diariamente-al-programa-del-gobierno-provincial\/\"]}]},{\"@type\":\"BreadcrumbList\",\"@id\":\"https:\/\/experienciadevida.com.ar\/portalurbano\/verano-atr-400-chicos-asisten-diariamente-al-programa-del-gobierno-provincial\/#breadcrumb\",\"itemListElement\":[{\"@type\":\"ListItem\",\"position\":1,\"name\":\"Portada\",\"item\":\"https:\/\/experienciadevida.com.ar\/portalurbano\/\"},{\"@type\":\"ListItem\",\"position\":2,\"name\":\"Verano ATR: 400 chicos asisten diariamente al programa del gobierno provincial\"}]},{\"@type\":\"WebSite\",\"@id\":\"https:\/\/experienciadevida.com.ar\/portalurbano\/#website\",\"url\":\"https:\/\/experienciadevida.com.ar\/portalurbano\/\",\"name\":\"\",\"description\":\"\",\"publisher\":{\"@id\":\"https:\/\/experienciadevida.com.ar\/portalurbano\/#organization\"},\"potentialAction\":[{\"@type\":\"SearchAction\",\"target\":{\"@type\":\"EntryPoint\",\"urlTemplate\":\"https:\/\/experienciadevida.com.ar\/portalurbano\/?s={search_term_string}\"},\"query-input\":\"required name=search_term_string\"}],\"inLanguage\":\"es\"},{\"@type\":\"Organization\",\"@id\":\"https:\/\/experienciadevida.com.ar\/portalurbano\/#organization\",\"name\":\"Portal Urbano\",\"url\":\"https:\/\/experienciadevida.com.ar\/portalurbano\/\",\"logo\":{\"@type\":\"ImageObject\",\"inLanguage\":\"es\",\"@id\":\"https:\/\/experienciadevida.com.ar\/portalurbano\/#\/schema\/logo\/image\/\",\"url\":\"https:\/\/experienciadevida.com.ar\/portalurbano\/wp-content\/uploads\/2019\/09\/Logo-Original.png\",\"contentUrl\":\"https:\/\/experienciadevida.com.ar\/portalurbano\/wp-content\/uploads\/2019\/09\/Logo-Original.png\",\"width\":2236,\"height\":1216,\"caption\":\"Portal Urbano\"},\"image\":{\"@id\":\"https:\/\/experienciadevida.com.ar\/portalurbano\/#\/schema\/logo\/image\/\"},\"sameAs\":[\"https:\/\/www.facebook.com\/Portal-Urbano-171542830093757\/\",\"https:\/\/twitter.com\/portalurbanook\",\"https:\/\/www.instagram.com\/_portalurbano\/\",\"https:\/\/www.youtube.com\/channel\/UCXhagIfszH8KxFiOok79zbA?view_as=subscriber\"]},{\"@type\":\"Person\",\"@id\":\"https:\/\/experienciadevida.com.ar\/portalurbano\/#\/schema\/person\/02dd326b1c4b056e9cc972486934a3a7\",\"name\":\"admpu17wp\",\"image\":{\"@type\":\"ImageObject\",\"inLanguage\":\"es\",\"@id\":\"https:\/\/experienciadevida.com.ar\/portalurbano\/#\/schema\/person\/image\/\",\"url\":\"https:\/\/secure.gravatar.com\/avatar\/830d4c57adaae6630765e449a6908047?s=96&d=mm&r=g\",\"contentUrl\":\"https:\/\/secure.gravatar.com\/avatar\/830d4c57adaae6630765e449a6908047?s=96&d=mm&r=g\",\"caption\":\"admpu17wp\"}}]}<\/script>\n<!-- \/ Yoast SEO plugin. -->","yoast_head_json":{"title":"Verano ATR: 400 chicos asisten diariamente al programa","description":"Verano ATR: 400 chicos\u00a0 asisten diariamente al programa del gobierno provincial, a cargo de la Direcci\u00f3n General de Cultura y Educaci\u00f3n.","robots":{"index":"index","follow":"follow","max-snippet":"max-snippet:-1","max-image-preview":"max-image-preview:large","max-video-preview":"max-video-preview:-1"},"canonical":"https:\/\/experienciadevida.com.ar\/portalurbano\/verano-atr-400-chicos-asisten-diariamente-al-programa-del-gobierno-provincial\/","og_locale":"es_ES","og_type":"article","og_title":"Verano ATR: 400 chicos asisten diariamente al programa","og_description":"Verano ATR: 400 chicos\u00a0 asisten diariamente al programa del gobierno provincial, a cargo de la Direcci\u00f3n General de Cultura y Educaci\u00f3n.","og_url":"https:\/\/experienciadevida.com.ar\/portalurbano\/verano-atr-400-chicos-asisten-diariamente-al-programa-del-gobierno-provincial\/","article_publisher":"https:\/\/www.facebook.com\/Portal-Urbano-171542830093757\/","article_published_time":"2021-01-15T14:54:03+00:00","article_modified_time":"2021-01-15T14:57:38+00:00","og_image":[{"width":1280,"height":720,"url":"https:\/\/experienciadevida.com.ar\/portalurbano\/wp-content\/uploads\/2021\/01\/Verano-ATR.jpeg","type":"image\/jpeg"}],"author":"admpu17wp","twitter_card":"summary_large_image","twitter_creator":"@portalurbanook","twitter_site":"@portalurbanook","twitter_misc":{"Escrito por":"admpu17wp","Tiempo de lectura":"1 minuto"},"schema":{"@context":"https:\/\/schema.org","@graph":[{"@type":"Article","@id":"https:\/\/experienciadevida.com.ar\/portalurbano\/verano-atr-400-chicos-asisten-diariamente-al-programa-del-gobierno-provincial\/#article","isPartOf":{"@id":"https:\/\/experienciadevida.com.ar\/portalurbano\/verano-atr-400-chicos-asisten-diariamente-al-programa-del-gobierno-provincial\/"},"author":{"name":"admpu17wp","@id":"https:\/\/experienciadevida.com.ar\/portalurbano\/#\/schema\/person\/02dd326b1c4b056e9cc972486934a3a7"},"headline":"Verano ATR: 400 chicos asisten diariamente al programa del gobierno provincial","datePublished":"2021-01-15T14:54:03+00:00","dateModified":"2021-01-15T14:57:38+00:00","mainEntityOfPage":{"@id":"https:\/\/experienciadevida.com.ar\/portalurbano\/verano-atr-400-chicos-asisten-diariamente-al-programa-del-gobierno-provincial\/"},"wordCount":247,"publisher":{"@id":"https:\/\/experienciadevida.com.ar\/portalurbano\/#organization"},"articleSection":["Ciudad","Destacadas"],"inLanguage":"es"},{"@type":"WebPage","@id":"https:\/\/experienciadevida.com.ar\/portalurbano\/verano-atr-400-chicos-asisten-diariamente-al-programa-del-gobierno-provincial\/","url":"https:\/\/experienciadevida.com.ar\/portalurbano\/verano-atr-400-chicos-asisten-diariamente-al-programa-del-gobierno-provincial\/","name":"Verano ATR: 400 chicos asisten diariamente al programa","isPartOf":{"@id":"https:\/\/experienciadevida.com.ar\/portalurbano\/#website"},"datePublished":"2021-01-15T14:54:03+00:00","dateModified":"2021-01-15T14:57:38+00:00","description":"Verano ATR: 400 chicos\u00a0 asisten diariamente al programa del gobierno provincial, a cargo de la Direcci\u00f3n General de Cultura y Educaci\u00f3n.","breadcrumb":{"@id":"https:\/\/experienciadevida.com.ar\/portalurbano\/verano-atr-400-chicos-asisten-diariamente-al-programa-del-gobierno-provincial\/#breadcrumb"},"inLanguage":"es","potentialAction":[{"@type":"ReadAction","target":["https:\/\/experienciadevida.com.ar\/portalurbano\/verano-atr-400-chicos-asisten-diariamente-al-programa-del-gobierno-provincial\/"]}]},{"@type":"BreadcrumbList","@id":"https:\/\/experienciadevida.com.ar\/portalurbano\/verano-atr-400-chicos-asisten-diariamente-al-programa-del-gobierno-provincial\/#breadcrumb","itemListElement":[{"@type":"ListItem","position":1,"name":"Portada","item":"https:\/\/experienciadevida.com.ar\/portalurbano\/"},{"@type":"ListItem","position":2,"name":"Verano ATR: 400 chicos asisten diariamente al programa del gobierno provincial"}]},{"@type":"WebSite","@id":"https:\/\/experienciadevida.com.ar\/portalurbano\/#website","url":"https:\/\/experienciadevida.com.ar\/portalurbano\/","name":"","description":"","publisher":{"@id":"https:\/\/experienciadevida.com.ar\/portalurbano\/#organization"},"potentialAction":[{"@type":"SearchAction","target":{"@type":"EntryPoint","urlTemplate":"https:\/\/experienciadevida.com.ar\/portalurbano\/?s={search_term_string}"},"query-input":"required name=search_term_string"}],"inLanguage":"es"},{"@type":"Organization","@id":"https:\/\/experienciadevida.com.ar\/portalurbano\/#organization","name":"Portal Urbano","url":"https:\/\/experienciadevida.com.ar\/portalurbano\/","logo":{"@type":"ImageObject","inLanguage":"es","@id":"https:\/\/experienciadevida.com.ar\/portalurbano\/#\/schema\/logo\/image\/","url":"https:\/\/experienciadevida.com.ar\/portalurbano\/wp-content\/uploads\/2019\/09\/Logo-Original.png","contentUrl":"https:\/\/experienciadevida.com.ar\/portalurbano\/wp-content\/uploads\/2019\/09\/Logo-Original.png","width":2236,"height":1216,"caption":"Portal Urbano"},"image":{"@id":"https:\/\/experienciadevida.com.ar\/portalurbano\/#\/schema\/logo\/image\/"},"sameAs":["https:\/\/www.facebook.com\/Portal-Urbano-171542830093757\/","https:\/\/twitter.com\/portalurbanook","https:\/\/www.instagram.com\/_portalurbano\/","https:\/\/www.youtube.com\/channel\/UCXhagIfszH8KxFiOok79zbA?view_as=subscriber"]},{"@type":"Person","@id":"https:\/\/experienciadevida.com.ar\/portalurbano\/#\/schema\/person\/02dd326b1c4b056e9cc972486934a3a7","name":"admpu17wp","image":{"@type":"ImageObject","inLanguage":"es","@id":"https:\/\/experienciadevida.com.ar\/portalurbano\/#\/schema\/person\/image\/","url":"https:\/\/secure.gravatar.com\/avatar\/830d4c57adaae6630765e449a6908047?s=96&d=mm&r=g","contentUrl":"https:\/\/secure.gravatar.com\/avatar\/830d4c57adaae6630765e449a6908047?s=96&d=mm&r=g","caption":"admpu17wp"}}]}},"featured_image_urls":{"full":["https:\/\/experienciadevida.com.ar\/portalurbano\/wp-content\/uploads\/2021\/01\/Verano-ATR.jpeg",1280,720,false],"thumbnail":["https:\/\/experienciadevida.com.ar\/portalurbano\/wp-content\/uploads\/2021\/01\/Verano-ATR-150x150.jpeg",150,150,true],"medium":["https:\/\/experienciadevida.com.ar\/portalurbano\/wp-content\/uploads\/2021\/01\/Verano-ATR-300x169.jpeg",300,169,true],"medium_large":["https:\/\/experienciadevida.com.ar\/portalurbano\/wp-content\/uploads\/2021\/01\/Verano-ATR-768x432.jpeg",640,360,true],"large":["https:\/\/experienciadevida.com.ar\/portalurbano\/wp-content\/uploads\/2021\/01\/Verano-ATR-1024x576.jpeg",640,360,true],"ug_big":["https:\/\/experienciadevida.com.ar\/portalurbano\/wp-content\/uploads\/2021\/01\/Verano-ATR-768x432.jpeg",768,432,true],"1536x1536":["https:\/\/experienciadevida.com.ar\/portalurbano\/wp-content\/uploads\/2021\/01\/Verano-ATR.jpeg",1280,720,false],"2048x2048":["https:\/\/experienciadevida.com.ar\/portalurbano\/wp-content\/uploads\/2021\/01\/Verano-ATR.jpeg",1280,720,false],"newsever-slider-full":["https:\/\/experienciadevida.com.ar\/portalurbano\/wp-content\/uploads\/2021\/01\/Verano-ATR.jpeg",1280,720,false],"newsever-featured":["https:\/\/experienciadevida.com.ar\/portalurbano\/wp-content\/uploads\/2021\/01\/Verano-ATR.jpeg",1024,576,false],"newsever-medium":["https:\/\/experienciadevida.com.ar\/portalurbano\/wp-content\/uploads\/2021\/01\/Verano-ATR.jpeg",720,405,false],"web-stories-poster-portrait":["https:\/\/experienciadevida.com.ar\/portalurbano\/wp-content\/uploads\/2021\/01\/Verano-ATR.jpeg",640,360,false],"web-stories-publisher-logo":["https:\/\/experienciadevida.com.ar\/portalurbano\/wp-content\/uploads\/2021\/01\/Verano-ATR.jpeg",96,54,false],"web-stories-thumbnail":["https:\/\/experienciadevida.com.ar\/portalurbano\/wp-content\/uploads\/2021\/01\/Verano-ATR.jpeg",150,84,false]},"author_info":{"display_name":"admpu17wp","author_link":"https:\/\/experienciadevida.com.ar\/portalurbano\/author\/admpu17wp\/"},"category_info":"<a href=\"https:\/\/experienciadevida.com.ar\/portalurbano\/category\/ciudad\/\" rel=\"category tag\">Ciudad<\/a> <a href=\"https:\/\/experienciadevida.com.ar\/portalurbano\/category\/destacadas\/\" rel=\"category tag\">Destacadas<\/a>","tag_info":"Destacadas","comment_count":"0","amp_enabled":true,"_links":{"self":[{"href":"https:\/\/experienciadevida.com.ar\/portalurbano\/wp-json\/wp\/v2\/posts\/132594"}],"collection":[{"href":"https:\/\/experienciadevida.com.ar\/portalurbano\/wp-json\/wp\/v2\/posts"}],"about":[{"href":"https:\/\/experienciadevida.com.ar\/portalurbano\/wp-json\/wp\/v2\/types\/post"}],"author":[{"embeddable":true,"href":"https:\/\/experienciadevida.com.ar\/portalurbano\/wp-json\/wp\/v2\/users\/1"}],"replies":[{"embeddable":true,"href":"https:\/\/experienciadevida.com.ar\/portalurbano\/wp-json\/wp\/v2\/comments?post=132594"}],"version-history":[{"count":4,"href":"https:\/\/experienciadevida.com.ar\/portalurbano\/wp-json\/wp\/v2\/posts\/132594\/revisions"}],"predecessor-version":[{"id":132600,"href":"https:\/\/experienciadevida.com.ar\/portalurbano\/wp-json\/wp\/v2\/posts\/132594\/revisions\/132600"}],"wp:featuredmedia":[{"embeddable":true,"href":"https:\/\/experienciadevida.com.ar\/portalurbano\/wp-json\/wp\/v2\/media\/132595"}],"wp:attachment":[{"href":"https:\/\/experienciadevida.com.ar\/portalurbano\/wp-json\/wp\/v2\/media?parent=132594"}],"wp:term":[{"taxonomy":"category","embeddable":true,"href":"https:\/\/experienciadevida.com.ar\/portalurbano\/wp-json\/wp\/v2\/categories?post=132594"},{"taxonomy":"post_tag","embeddable":true,"href":"https:\/\/experienciadevida.com.ar\/portalurbano\/wp-json\/wp\/v2\/tags?post=132594"}],"curies":[{"name":"wp","href":"https:\/\/api.w.org\/{rel}","templated":true}]}}