{"id":132588,"date":"2021-01-15T11:26:26","date_gmt":"2021-01-15T14:26:26","guid":{"rendered":"https:\/\/experienciadevida.com.ar\/portalurbano\/?p=132588"},"modified":"2021-01-15T11:28:15","modified_gmt":"2021-01-15T14:28:15","slug":"este-viernes-comenzo-la-obra-de-ampliacion-del-jardin-de-infantes-n930","status":"publish","type":"post","link":"https:\/\/experienciadevida.com.ar\/portalurbano\/este-viernes-comenzo-la-obra-de-ampliacion-del-jardin-de-infantes-n930\/","title":{"rendered":"Este viernes comenz\u00f3 la obra de ampliaci\u00f3n del jard\u00edn de infantes n\u00b0930"},"content":{"rendered":"<p>El intendente Ezequiel Galli realiz\u00f3 una recorrida por el Jard\u00edn de Infantes N\u00ba 930 -ubicado en el barrio Acupo II (Estrada 1453)- donde comenz\u00f3 la obra de ampliaci\u00f3n que contempla la construcci\u00f3n de nuevas aulas, oficinas, un sal\u00f3n de usos m\u00faltiples y sanitarios.<\/p>\n<p><a href=\"https:\/\/experienciadevida.com.ar\/portalurbano\/este-viernes-comenzo-la-obra-de-ampliacion-del-jardin-de-infantes-n930\/ampliacion\/\" rel=\"attachment wp-att-132592\"><img decoding=\"async\" class=\"alignnone size-full wp-image-132592\" src=\"https:\/\/experienciadevida.com.ar\/portalurbano\/wp-content\/uploads\/2021\/01\/Ampliacion.jpg\" alt=\"Ampliaci\u00f3n\" width=\"2560\" height=\"1711\" srcset=\"https:\/\/experienciadevida.com.ar\/portalurbano\/wp-content\/uploads\/2021\/01\/Ampliacion.jpg 2560w, https:\/\/experienciadevida.com.ar\/portalurbano\/wp-content\/uploads\/2021\/01\/Ampliacion-300x201.jpg 300w, https:\/\/experienciadevida.com.ar\/portalurbano\/wp-content\/uploads\/2021\/01\/Ampliacion-1024x684.jpg 1024w, https:\/\/experienciadevida.com.ar\/portalurbano\/wp-content\/uploads\/2021\/01\/Ampliacion-768x513.jpg 768w, https:\/\/experienciadevida.com.ar\/portalurbano\/wp-content\/uploads\/2021\/01\/Ampliacion-1536x1027.jpg 1536w, https:\/\/experienciadevida.com.ar\/portalurbano\/wp-content\/uploads\/2021\/01\/Ampliacion-2048x1369.jpg 2048w\" sizes=\"(max-width: 2560px) 100vw, 2560px\" \/><\/a><\/p>\n<p>El proyecto incluye la ampliaci\u00f3n de la superficie de las aulas, la construcci\u00f3n de un hall de acceso, una secretar\u00eda, un sal\u00f3n de usos m\u00faltiples, ba\u00f1os adaptados para personas con discapacidad y un dep\u00f3sito.<\/p>\n<p>El monto de obra original fue fijado en $9.630.200,00, mientras que el actual asciende a la suma de $11.464.807, 76.<\/p>\n<p>Hace diez d\u00edas aproximadamente se reiniciaron dos obras fundamentales en materia de infraestructura educativa como la del Jard\u00edn N\u00ba 930 y la Escuela N\u00ba 50, que se vieron paralizadas en el marco del contexto de emergencia sanitaria y econ\u00f3mica.<\/p>\n<p>Luego, gracias al trabajo conjunto de los equipos de Obras P\u00fablicas y Econom\u00eda y Hacienda, se pudieron llevar adelante todos los procedimientos administrativos necesarios para iniciar nuevamente la ejecuci\u00f3n de dichas obras, con un reajuste de precios de acuerdo al porcentaje inflacionario, en acuerdo con las empresas constructoras: Pecma, a cargo de la obra de la Escuela N\u00ba 50 y Balzi Construcciones, encarga de la ampliaci\u00f3n del Jard\u00edn N\u00ba 930.<\/p>\n<p>Durante la visita de obra, el Intendente estuvo acompa\u00f1ado por Julio Ferraro (Secretario de Mantenimiento y Obras P\u00fablicas) y en la oportunidad manifest\u00f3 que es importante que los ni\u00f1os y ni\u00f1as puedan contar con espacio adecuado para la educaci\u00f3n, el juego y la recreaci\u00f3n para cuando regresen a las aulas.<\/p>\n<p>El plan de infraestructura educativa constituye una de las pol\u00edticas centrales de la gesti\u00f3n del intendente Galli desde que asumi\u00f3 y tiene por objetivo contribuir a garantizar el desarrollo de una educaci\u00f3n de calidad desde el nivel inicial, en este caso.<\/p>\n<p>&nbsp;<\/p>\n","protected":false},"excerpt":{"rendered":"<p>El intendente Ezequiel Galli realiz\u00f3 una recorrida por el Jard\u00edn de Infantes N\u00ba 930 -ubicado&#8230;<\/p>\n","protected":false},"author":1,"featured_media":132589,"comment_status":"closed","ping_status":"closed","sticky":false,"template":"","format":"standard","meta":{"content-type":""},"categories":[27,64],"tags":[],"nelio_content":{"isAutoShareEnabled":false,"autoShareEndMode":"default","automationSources":{"useContentSentences":true,"useSocialTemplates":true,"useCustomSentences":false,"customSentences":[]},"followers":[1],"suggestedReferences":[],"includedReferences":[],"efiUrl":"","efiAlt":"","highlights":[]},"yoast_head":"<!-- This site is optimized with the Yoast SEO plugin v20.7 - https:\/\/yoast.com\/wordpress\/plugins\/seo\/ -->\n<title>Este viernes comenz\u00f3 la obra de ampliaci\u00f3n del jard\u00edn de infantes n\u00b0930<\/title>\n<meta name=\"description\" content=\"Comenz\u00f3 la obra de ampliaci\u00f3n que contempla la construcci\u00f3n de nuevas aulas, oficinas, un sal\u00f3n de usos m\u00faltiples y sanitarios.\" \/>\n<meta name=\"robots\" content=\"index, follow, max-snippet:-1, max-image-preview:large, max-video-preview:-1\" \/>\n<link rel=\"canonical\" href=\"https:\/\/experienciadevida.com.ar\/portalurbano\/este-viernes-comenzo-la-obra-de-ampliacion-del-jardin-de-infantes-n930\/\" \/>\n<meta property=\"og:locale\" content=\"es_ES\" \/>\n<meta property=\"og:type\" content=\"article\" \/>\n<meta property=\"og:title\" content=\"Este viernes comenz\u00f3 la obra de ampliaci\u00f3n del jard\u00edn de infantes n\u00b0930\" \/>\n<meta property=\"og:description\" content=\"Comenz\u00f3 la obra de ampliaci\u00f3n que contempla la construcci\u00f3n de nuevas aulas, oficinas, un sal\u00f3n de usos m\u00faltiples y sanitarios.\" \/>\n<meta property=\"og:url\" content=\"https:\/\/experienciadevida.com.ar\/portalurbano\/este-viernes-comenzo-la-obra-de-ampliacion-del-jardin-de-infantes-n930\/\" \/>\n<meta property=\"article:publisher\" content=\"https:\/\/www.facebook.com\/Portal-Urbano-171542830093757\/\" \/>\n<meta property=\"article:published_time\" content=\"2021-01-15T14:26:26+00:00\" \/>\n<meta property=\"article:modified_time\" content=\"2021-01-15T14:28:15+00:00\" \/>\n<meta property=\"og:image\" content=\"https:\/\/experienciadevida.com.ar\/portalurbano\/wp-content\/uploads\/2021\/01\/Obra-de-ampliacion-e1610720732552.jpg\" \/>\n\t<meta property=\"og:image:width\" content=\"765\" \/>\n\t<meta property=\"og:image:height\" content=\"511\" \/>\n\t<meta property=\"og:image:type\" content=\"image\/jpeg\" \/>\n<meta name=\"author\" content=\"admpu17wp\" \/>\n<meta name=\"twitter:card\" content=\"summary_large_image\" \/>\n<meta name=\"twitter:creator\" content=\"@portalurbanook\" \/>\n<meta name=\"twitter:site\" content=\"@portalurbanook\" \/>\n<meta name=\"twitter:label1\" content=\"Escrito por\" \/>\n\t<meta name=\"twitter:data1\" content=\"admpu17wp\" \/>\n\t<meta name=\"twitter:label2\" content=\"Tiempo de lectura\" \/>\n\t<meta name=\"twitter:data2\" content=\"2 minutos\" \/>\n<script type=\"application\/ld+json\" class=\"yoast-schema-graph\">{\"@context\":\"https:\/\/schema.org\",\"@graph\":[{\"@type\":\"Article\",\"@id\":\"https:\/\/experienciadevida.com.ar\/portalurbano\/este-viernes-comenzo-la-obra-de-ampliacion-del-jardin-de-infantes-n930\/#article\",\"isPartOf\":{\"@id\":\"https:\/\/experienciadevida.com.ar\/portalurbano\/este-viernes-comenzo-la-obra-de-ampliacion-del-jardin-de-infantes-n930\/\"},\"author\":{\"name\":\"admpu17wp\",\"@id\":\"https:\/\/experienciadevida.com.ar\/portalurbano\/#\/schema\/person\/02dd326b1c4b056e9cc972486934a3a7\"},\"headline\":\"Este viernes comenz\u00f3 la obra de ampliaci\u00f3n del jard\u00edn de infantes n\u00b0930\",\"datePublished\":\"2021-01-15T14:26:26+00:00\",\"dateModified\":\"2021-01-15T14:28:15+00:00\",\"mainEntityOfPage\":{\"@id\":\"https:\/\/experienciadevida.com.ar\/portalurbano\/este-viernes-comenzo-la-obra-de-ampliacion-del-jardin-de-infantes-n930\/\"},\"wordCount\":333,\"publisher\":{\"@id\":\"https:\/\/experienciadevida.com.ar\/portalurbano\/#organization\"},\"articleSection\":[\"Ciudad\",\"Destacadas 2\"],\"inLanguage\":\"es\"},{\"@type\":\"WebPage\",\"@id\":\"https:\/\/experienciadevida.com.ar\/portalurbano\/este-viernes-comenzo-la-obra-de-ampliacion-del-jardin-de-infantes-n930\/\",\"url\":\"https:\/\/experienciadevida.com.ar\/portalurbano\/este-viernes-comenzo-la-obra-de-ampliacion-del-jardin-de-infantes-n930\/\",\"name\":\"Este viernes comenz\u00f3 la obra de ampliaci\u00f3n del jard\u00edn de infantes n\u00b0930\",\"isPartOf\":{\"@id\":\"https:\/\/experienciadevida.com.ar\/portalurbano\/#website\"},\"datePublished\":\"2021-01-15T14:26:26+00:00\",\"dateModified\":\"2021-01-15T14:28:15+00:00\",\"description\":\"Comenz\u00f3 la obra de ampliaci\u00f3n que contempla la construcci\u00f3n de nuevas aulas, oficinas, un sal\u00f3n de usos m\u00faltiples y sanitarios.\",\"breadcrumb\":{\"@id\":\"https:\/\/experienciadevida.com.ar\/portalurbano\/este-viernes-comenzo-la-obra-de-ampliacion-del-jardin-de-infantes-n930\/#breadcrumb\"},\"inLanguage\":\"es\",\"potentialAction\":[{\"@type\":\"ReadAction\",\"target\":[\"https:\/\/experienciadevida.com.ar\/portalurbano\/este-viernes-comenzo-la-obra-de-ampliacion-del-jardin-de-infantes-n930\/\"]}]},{\"@type\":\"BreadcrumbList\",\"@id\":\"https:\/\/experienciadevida.com.ar\/portalurbano\/este-viernes-comenzo-la-obra-de-ampliacion-del-jardin-de-infantes-n930\/#breadcrumb\",\"itemListElement\":[{\"@type\":\"ListItem\",\"position\":1,\"name\":\"Portada\",\"item\":\"https:\/\/experienciadevida.com.ar\/portalurbano\/\"},{\"@type\":\"ListItem\",\"position\":2,\"name\":\"Este viernes comenz\u00f3 la obra de ampliaci\u00f3n del jard\u00edn de infantes n\u00b0930\"}]},{\"@type\":\"WebSite\",\"@id\":\"https:\/\/experienciadevida.com.ar\/portalurbano\/#website\",\"url\":\"https:\/\/experienciadevida.com.ar\/portalurbano\/\",\"name\":\"\",\"description\":\"\",\"publisher\":{\"@id\":\"https:\/\/experienciadevida.com.ar\/portalurbano\/#organization\"},\"potentialAction\":[{\"@type\":\"SearchAction\",\"target\":{\"@type\":\"EntryPoint\",\"urlTemplate\":\"https:\/\/experienciadevida.com.ar\/portalurbano\/?s={search_term_string}\"},\"query-input\":\"required name=search_term_string\"}],\"inLanguage\":\"es\"},{\"@type\":\"Organization\",\"@id\":\"https:\/\/experienciadevida.com.ar\/portalurbano\/#organization\",\"name\":\"Portal Urbano\",\"url\":\"https:\/\/experienciadevida.com.ar\/portalurbano\/\",\"logo\":{\"@type\":\"ImageObject\",\"inLanguage\":\"es\",\"@id\":\"https:\/\/experienciadevida.com.ar\/portalurbano\/#\/schema\/logo\/image\/\",\"url\":\"https:\/\/experienciadevida.com.ar\/portalurbano\/wp-content\/uploads\/2019\/09\/Logo-Original.png\",\"contentUrl\":\"https:\/\/experienciadevida.com.ar\/portalurbano\/wp-content\/uploads\/2019\/09\/Logo-Original.png\",\"width\":2236,\"height\":1216,\"caption\":\"Portal Urbano\"},\"image\":{\"@id\":\"https:\/\/experienciadevida.com.ar\/portalurbano\/#\/schema\/logo\/image\/\"},\"sameAs\":[\"https:\/\/www.facebook.com\/Portal-Urbano-171542830093757\/\",\"https:\/\/twitter.com\/portalurbanook\",\"https:\/\/www.instagram.com\/_portalurbano\/\",\"https:\/\/www.youtube.com\/channel\/UCXhagIfszH8KxFiOok79zbA?view_as=subscriber\"]},{\"@type\":\"Person\",\"@id\":\"https:\/\/experienciadevida.com.ar\/portalurbano\/#\/schema\/person\/02dd326b1c4b056e9cc972486934a3a7\",\"name\":\"admpu17wp\",\"image\":{\"@type\":\"ImageObject\",\"inLanguage\":\"es\",\"@id\":\"https:\/\/experienciadevida.com.ar\/portalurbano\/#\/schema\/person\/image\/\",\"url\":\"https:\/\/secure.gravatar.com\/avatar\/830d4c57adaae6630765e449a6908047?s=96&d=mm&r=g\",\"contentUrl\":\"https:\/\/secure.gravatar.com\/avatar\/830d4c57adaae6630765e449a6908047?s=96&d=mm&r=g\",\"caption\":\"admpu17wp\"}}]}<\/script>\n<!-- \/ Yoast SEO plugin. -->","yoast_head_json":{"title":"Este viernes comenz\u00f3 la obra de ampliaci\u00f3n del jard\u00edn de infantes n\u00b0930","description":"Comenz\u00f3 la obra de ampliaci\u00f3n que contempla la construcci\u00f3n de nuevas aulas, oficinas, un sal\u00f3n de usos m\u00faltiples y sanitarios.","robots":{"index":"index","follow":"follow","max-snippet":"max-snippet:-1","max-image-preview":"max-image-preview:large","max-video-preview":"max-video-preview:-1"},"canonical":"https:\/\/experienciadevida.com.ar\/portalurbano\/este-viernes-comenzo-la-obra-de-ampliacion-del-jardin-de-infantes-n930\/","og_locale":"es_ES","og_type":"article","og_title":"Este viernes comenz\u00f3 la obra de ampliaci\u00f3n del jard\u00edn de infantes n\u00b0930","og_description":"Comenz\u00f3 la obra de ampliaci\u00f3n que contempla la construcci\u00f3n de nuevas aulas, oficinas, un sal\u00f3n de usos m\u00faltiples y sanitarios.","og_url":"https:\/\/experienciadevida.com.ar\/portalurbano\/este-viernes-comenzo-la-obra-de-ampliacion-del-jardin-de-infantes-n930\/","article_publisher":"https:\/\/www.facebook.com\/Portal-Urbano-171542830093757\/","article_published_time":"2021-01-15T14:26:26+00:00","article_modified_time":"2021-01-15T14:28:15+00:00","og_image":[{"width":765,"height":511,"url":"https:\/\/experienciadevida.com.ar\/portalurbano\/wp-content\/uploads\/2021\/01\/Obra-de-ampliacion-e1610720732552.jpg","type":"image\/jpeg"}],"author":"admpu17wp","twitter_card":"summary_large_image","twitter_creator":"@portalurbanook","twitter_site":"@portalurbanook","twitter_misc":{"Escrito por":"admpu17wp","Tiempo de lectura":"2 minutos"},"schema":{"@context":"https:\/\/schema.org","@graph":[{"@type":"Article","@id":"https:\/\/experienciadevida.com.ar\/portalurbano\/este-viernes-comenzo-la-obra-de-ampliacion-del-jardin-de-infantes-n930\/#article","isPartOf":{"@id":"https:\/\/experienciadevida.com.ar\/portalurbano\/este-viernes-comenzo-la-obra-de-ampliacion-del-jardin-de-infantes-n930\/"},"author":{"name":"admpu17wp","@id":"https:\/\/experienciadevida.com.ar\/portalurbano\/#\/schema\/person\/02dd326b1c4b056e9cc972486934a3a7"},"headline":"Este viernes comenz\u00f3 la obra de ampliaci\u00f3n del jard\u00edn de infantes n\u00b0930","datePublished":"2021-01-15T14:26:26+00:00","dateModified":"2021-01-15T14:28:15+00:00","mainEntityOfPage":{"@id":"https:\/\/experienciadevida.com.ar\/portalurbano\/este-viernes-comenzo-la-obra-de-ampliacion-del-jardin-de-infantes-n930\/"},"wordCount":333,"publisher":{"@id":"https:\/\/experienciadevida.com.ar\/portalurbano\/#organization"},"articleSection":["Ciudad","Destacadas 2"],"inLanguage":"es"},{"@type":"WebPage","@id":"https:\/\/experienciadevida.com.ar\/portalurbano\/este-viernes-comenzo-la-obra-de-ampliacion-del-jardin-de-infantes-n930\/","url":"https:\/\/experienciadevida.com.ar\/portalurbano\/este-viernes-comenzo-la-obra-de-ampliacion-del-jardin-de-infantes-n930\/","name":"Este viernes comenz\u00f3 la obra de ampliaci\u00f3n del jard\u00edn de infantes n\u00b0930","isPartOf":{"@id":"https:\/\/experienciadevida.com.ar\/portalurbano\/#website"},"datePublished":"2021-01-15T14:26:26+00:00","dateModified":"2021-01-15T14:28:15+00:00","description":"Comenz\u00f3 la obra de ampliaci\u00f3n que contempla la construcci\u00f3n de nuevas aulas, oficinas, un sal\u00f3n de usos m\u00faltiples y sanitarios.","breadcrumb":{"@id":"https:\/\/experienciadevida.com.ar\/portalurbano\/este-viernes-comenzo-la-obra-de-ampliacion-del-jardin-de-infantes-n930\/#breadcrumb"},"inLanguage":"es","potentialAction":[{"@type":"ReadAction","target":["https:\/\/experienciadevida.com.ar\/portalurbano\/este-viernes-comenzo-la-obra-de-ampliacion-del-jardin-de-infantes-n930\/"]}]},{"@type":"BreadcrumbList","@id":"https:\/\/experienciadevida.com.ar\/portalurbano\/este-viernes-comenzo-la-obra-de-ampliacion-del-jardin-de-infantes-n930\/#breadcrumb","itemListElement":[{"@type":"ListItem","position":1,"name":"Portada","item":"https:\/\/experienciadevida.com.ar\/portalurbano\/"},{"@type":"ListItem","position":2,"name":"Este viernes comenz\u00f3 la obra de ampliaci\u00f3n del jard\u00edn de infantes n\u00b0930"}]},{"@type":"WebSite","@id":"https:\/\/experienciadevida.com.ar\/portalurbano\/#website","url":"https:\/\/experienciadevida.com.ar\/portalurbano\/","name":"","description":"","publisher":{"@id":"https:\/\/experienciadevida.com.ar\/portalurbano\/#organization"},"potentialAction":[{"@type":"SearchAction","target":{"@type":"EntryPoint","urlTemplate":"https:\/\/experienciadevida.com.ar\/portalurbano\/?s={search_term_string}"},"query-input":"required name=search_term_string"}],"inLanguage":"es"},{"@type":"Organization","@id":"https:\/\/experienciadevida.com.ar\/portalurbano\/#organization","name":"Portal Urbano","url":"https:\/\/experienciadevida.com.ar\/portalurbano\/","logo":{"@type":"ImageObject","inLanguage":"es","@id":"https:\/\/experienciadevida.com.ar\/portalurbano\/#\/schema\/logo\/image\/","url":"https:\/\/experienciadevida.com.ar\/portalurbano\/wp-content\/uploads\/2019\/09\/Logo-Original.png","contentUrl":"https:\/\/experienciadevida.com.ar\/portalurbano\/wp-content\/uploads\/2019\/09\/Logo-Original.png","width":2236,"height":1216,"caption":"Portal Urbano"},"image":{"@id":"https:\/\/experienciadevida.com.ar\/portalurbano\/#\/schema\/logo\/image\/"},"sameAs":["https:\/\/www.facebook.com\/Portal-Urbano-171542830093757\/","https:\/\/twitter.com\/portalurbanook","https:\/\/www.instagram.com\/_portalurbano\/","https:\/\/www.youtube.com\/channel\/UCXhagIfszH8KxFiOok79zbA?view_as=subscriber"]},{"@type":"Person","@id":"https:\/\/experienciadevida.com.ar\/portalurbano\/#\/schema\/person\/02dd326b1c4b056e9cc972486934a3a7","name":"admpu17wp","image":{"@type":"ImageObject","inLanguage":"es","@id":"https:\/\/experienciadevida.com.ar\/portalurbano\/#\/schema\/person\/image\/","url":"https:\/\/secure.gravatar.com\/avatar\/830d4c57adaae6630765e449a6908047?s=96&d=mm&r=g","contentUrl":"https:\/\/secure.gravatar.com\/avatar\/830d4c57adaae6630765e449a6908047?s=96&d=mm&r=g","caption":"admpu17wp"}}]}},"featured_image_urls":{"full":["https:\/\/experienciadevida.com.ar\/portalurbano\/wp-content\/uploads\/2021\/01\/Obra-de-ampliacion-e1610720732552.jpg",765,511,false],"thumbnail":["https:\/\/experienciadevida.com.ar\/portalurbano\/wp-content\/uploads\/2021\/01\/Obra-de-ampliacion-150x150.jpg",150,150,true],"medium":["https:\/\/experienciadevida.com.ar\/portalurbano\/wp-content\/uploads\/2021\/01\/Obra-de-ampliacion-300x201.jpg",300,201,true],"medium_large":["https:\/\/experienciadevida.com.ar\/portalurbano\/wp-content\/uploads\/2021\/01\/Obra-de-ampliacion-768x513.jpg",640,428,true],"large":["https:\/\/experienciadevida.com.ar\/portalurbano\/wp-content\/uploads\/2021\/01\/Obra-de-ampliacion-1024x684.jpg",640,428,true],"ug_big":["https:\/\/experienciadevida.com.ar\/portalurbano\/wp-content\/uploads\/2021\/01\/Obra-de-ampliacion-768x513.jpg",768,513,true],"1536x1536":["https:\/\/experienciadevida.com.ar\/portalurbano\/wp-content\/uploads\/2021\/01\/Obra-de-ampliacion-1536x1027.jpg",1536,1027,true],"2048x2048":["https:\/\/experienciadevida.com.ar\/portalurbano\/wp-content\/uploads\/2021\/01\/Obra-de-ampliacion-2048x1369.jpg",2048,1369,true],"newsever-slider-full":["https:\/\/experienciadevida.com.ar\/portalurbano\/wp-content\/uploads\/2021\/01\/Obra-de-ampliacion-e1610720732552.jpg",765,511,false],"newsever-featured":["https:\/\/experienciadevida.com.ar\/portalurbano\/wp-content\/uploads\/2021\/01\/Obra-de-ampliacion-e1610720732552.jpg",765,511,false],"newsever-medium":["https:\/\/experienciadevida.com.ar\/portalurbano\/wp-content\/uploads\/2021\/01\/Obra-de-ampliacion-e1610720732552.jpg",711,475,false],"web-stories-poster-portrait":["https:\/\/experienciadevida.com.ar\/portalurbano\/wp-content\/uploads\/2021\/01\/Obra-de-ampliacion-e1610720732552.jpg",640,428,false],"web-stories-publisher-logo":["https:\/\/experienciadevida.com.ar\/portalurbano\/wp-content\/uploads\/2021\/01\/Obra-de-ampliacion-e1610720732552.jpg",96,64,false],"web-stories-thumbnail":["https:\/\/experienciadevida.com.ar\/portalurbano\/wp-content\/uploads\/2021\/01\/Obra-de-ampliacion-e1610720732552.jpg",150,100,false]},"author_info":{"display_name":"admpu17wp","author_link":"https:\/\/experienciadevida.com.ar\/portalurbano\/author\/admpu17wp\/"},"category_info":"<a href=\"https:\/\/experienciadevida.com.ar\/portalurbano\/category\/ciudad\/\" rel=\"category tag\">Ciudad<\/a> <a href=\"https:\/\/experienciadevida.com.ar\/portalurbano\/category\/destacadas-2\/\" rel=\"category tag\">Destacadas 2<\/a>","tag_info":"Destacadas 2","comment_count":"0","amp_enabled":true,"_links":{"self":[{"href":"https:\/\/experienciadevida.com.ar\/portalurbano\/wp-json\/wp\/v2\/posts\/132588"}],"collection":[{"href":"https:\/\/experienciadevida.com.ar\/portalurbano\/wp-json\/wp\/v2\/posts"}],"about":[{"href":"https:\/\/experienciadevida.com.ar\/portalurbano\/wp-json\/wp\/v2\/types\/post"}],"author":[{"embeddable":true,"href":"https:\/\/experienciadevida.com.ar\/portalurbano\/wp-json\/wp\/v2\/users\/1"}],"replies":[{"embeddable":true,"href":"https:\/\/experienciadevida.com.ar\/portalurbano\/wp-json\/wp\/v2\/comments?post=132588"}],"version-history":[{"count":3,"href":"https:\/\/experienciadevida.com.ar\/portalurbano\/wp-json\/wp\/v2\/posts\/132588\/revisions"}],"predecessor-version":[{"id":132591,"href":"https:\/\/experienciadevida.com.ar\/portalurbano\/wp-json\/wp\/v2\/posts\/132588\/revisions\/132591"}],"wp:featuredmedia":[{"embeddable":true,"href":"https:\/\/experienciadevida.com.ar\/portalurbano\/wp-json\/wp\/v2\/media\/132589"}],"wp:attachment":[{"href":"https:\/\/experienciadevida.com.ar\/portalurbano\/wp-json\/wp\/v2\/media?parent=132588"}],"wp:term":[{"taxonomy":"category","embeddable":true,"href":"https:\/\/experienciadevida.com.ar\/portalurbano\/wp-json\/wp\/v2\/categories?post=132588"},{"taxonomy":"post_tag","embeddable":true,"href":"https:\/\/experienciadevida.com.ar\/portalurbano\/wp-json\/wp\/v2\/tags?post=132588"}],"curies":[{"name":"wp","href":"https:\/\/api.w.org\/{rel}","templated":true}]}}