{"id":132577,"date":"2021-01-15T10:28:38","date_gmt":"2021-01-15T13:28:38","guid":{"rendered":"https:\/\/experienciadevida.com.ar\/portalurbano\/?p=132577"},"modified":"2021-01-15T10:31:47","modified_gmt":"2021-01-15T13:31:47","slug":"provincia-evita-hablar-de-segunda-ola-y-apunta-a-vacunar-150-000-personas-por-dia","status":"publish","type":"post","link":"https:\/\/experienciadevida.com.ar\/portalurbano\/provincia-evita-hablar-de-segunda-ola-y-apunta-a-vacunar-150-000-personas-por-dia\/","title":{"rendered":"Provincia evita hablar de \u201csegunda ola\u201d y apunta a vacunar 150.000 personas por d\u00eda"},"content":{"rendered":"<p>Provincia evita hablar de \u201csegunda ola\u201d y apunta a vacunar 150.000 personas. El viceministro de Salud bonaerense, Nicol\u00e1s Kreplak, analiz\u00f3 el rebrote que vive el territorio y traz\u00f3 un panorama sobre la vacunaci\u00f3n.<\/p>\n<p>En medio de la suba de casos de coronavirus que castiga al pa\u00eds, desde el Gobierno bonaerense hablan de una situaci\u00f3n de rebrote y no de \u201csegunda ola\u201d como vive Europa, al tiempo que apuesta a poder vacunar unas 150.000 personas por d\u00eda en febrero.<\/p>\n<p>\u201cLa sensaci\u00f3n es de rebrote. Las segundas olas que se han visto hasta ahora en el hemisferio norte son 6 \u00f3 7 veces superiores a la primera\u201d, asegur\u00f3 el viceministro de Salud bonaerense, Nicol\u00e1s Kreplak. Sin embargo, al trazar un panorama de la dif\u00edcil situaci\u00f3n que vive el pa\u00eds destac\u00f3: \u201cEn cuatro semanas aumentamos lo que tom\u00f3 5 meses en la primera ola\u201d.<\/p>\n<p>El funcionario afirm\u00f3 que el rebrote que se produce en el territorio bonaerense \u201ctiene que ver con una enfermedad que segu\u00eda en nuestro pa\u00eds\u201d y se\u00f1al\u00f3 que es \u201cproducto de los descuidos\u201d. Pero sostuvo que por las restricciones nocturnas impuestas \u201clos casos no est\u00e1n aumentando\u201d y mencion\u00f3 que \u201cahora falta que bajen\u201d.<\/p>\n<p>Si lo pactado con las autoridades rusas se cumple, antes de fin de enero llegar\u00edan 5 millones de dosis de la Sputnik V: 4 millones de la primera y 1 mill\u00f3n de la segunda. En este contexto, Kreplak asegur\u00f3 que la idea del Gobierno de Axel Kicillof es comenzar fuerte con la vacunaci\u00f3n en febrero y apunt\u00f3 a la poblaci\u00f3n mayor, aunque todav\u00eda no est\u00e1n los estudios finales que lo autorices. \u201cEn febrero empezamos la vacunaci\u00f3n en territorio, con cerca de 150.000 personas por d\u00eda\u201d.<\/p>\n<p>Adem\u00e1s, adelant\u00f3 qu\u00e9 pasar\u00e1 con la poblaci\u00f3n mayor. \u201cEstamos esperando que en los pr\u00f3ximos d\u00edas la Anmat est\u00e9 segura para aprobar la vacuna para mayores de 60\u201d, dijo, y reconoci\u00f3 que se est\u00e1 muy cerca de ello. Sin embargo, destac\u00f3 que la primera poblaci\u00f3n objetivo que esperan inmunizar hacia principios del mes que viene son los mayores de 70 a\u00f1os.<\/p>\n<p>Por otra parte, el viceministro asegur\u00f3 que ya se vacunaron casi 72 mil personas bonaerenses (la provincia recibi\u00f3 123 mil dosis en este primer reparto) y cont\u00f3 que tienen m\u00e1s de 841.000 inscriptos para vacunarse.<\/p>\n","protected":false},"excerpt":{"rendered":"<p>Provincia evita hablar de \u201csegunda ola\u201d y apunta a vacunar 150.000 personas. El viceministro de&#8230;<\/p>\n","protected":false},"author":1,"featured_media":132578,"comment_status":"closed","ping_status":"closed","sticky":false,"template":"","format":"standard","meta":{"content-type":""},"categories":[64,44],"tags":[],"nelio_content":{"isAutoShareEnabled":false,"autoShareEndMode":"default","automationSources":{"useContentSentences":true,"useSocialTemplates":true,"useCustomSentences":false,"customSentences":[]},"followers":[1],"suggestedReferences":[],"includedReferences":[],"efiUrl":"","efiAlt":"","highlights":[]},"yoast_head":"<!-- This site is optimized with the Yoast SEO plugin v20.7 - https:\/\/yoast.com\/wordpress\/plugins\/seo\/ -->\n<title>Provincia evita hablar de &quot;segunda ola&quot; y apunta vacunar 150.000<\/title>\n<meta name=\"description\" content=\"Provincia evita hablar de \u201csegunda ola\u201d y apunta a vacunar 150.000 personas, Kreplak analiz\u00f3 el rebrote que vive el territorio.\" \/>\n<meta name=\"robots\" content=\"index, follow, max-snippet:-1, max-image-preview:large, max-video-preview:-1\" \/>\n<link rel=\"canonical\" href=\"https:\/\/experienciadevida.com.ar\/portalurbano\/provincia-evita-hablar-de-segunda-ola-y-apunta-a-vacunar-150-000-personas-por-dia\/\" \/>\n<meta property=\"og:locale\" content=\"es_ES\" \/>\n<meta property=\"og:type\" content=\"article\" \/>\n<meta property=\"og:title\" content=\"Provincia evita hablar de &quot;segunda ola&quot; y apunta vacunar 150.000\" \/>\n<meta property=\"og:description\" content=\"Provincia evita hablar de \u201csegunda ola\u201d y apunta a vacunar 150.000 personas, Kreplak analiz\u00f3 el rebrote que vive el territorio.\" \/>\n<meta property=\"og:url\" content=\"https:\/\/experienciadevida.com.ar\/portalurbano\/provincia-evita-hablar-de-segunda-ola-y-apunta-a-vacunar-150-000-personas-por-dia\/\" \/>\n<meta property=\"article:publisher\" content=\"https:\/\/www.facebook.com\/Portal-Urbano-171542830093757\/\" \/>\n<meta property=\"article:published_time\" content=\"2021-01-15T13:28:38+00:00\" \/>\n<meta property=\"article:modified_time\" content=\"2021-01-15T13:31:47+00:00\" \/>\n<meta property=\"og:image\" content=\"https:\/\/experienciadevida.com.ar\/portalurbano\/wp-content\/uploads\/2021\/01\/evita-hablar-de-segunda-ola.jpg\" \/>\n\t<meta property=\"og:image:width\" content=\"1068\" \/>\n\t<meta property=\"og:image:height\" content=\"712\" \/>\n\t<meta property=\"og:image:type\" content=\"image\/jpeg\" \/>\n<meta name=\"author\" content=\"admpu17wp\" \/>\n<meta name=\"twitter:card\" content=\"summary_large_image\" \/>\n<meta name=\"twitter:creator\" content=\"@portalurbanook\" \/>\n<meta name=\"twitter:site\" content=\"@portalurbanook\" \/>\n<meta name=\"twitter:label1\" content=\"Escrito por\" \/>\n\t<meta name=\"twitter:data1\" content=\"admpu17wp\" \/>\n\t<meta name=\"twitter:label2\" content=\"Tiempo de lectura\" \/>\n\t<meta name=\"twitter:data2\" content=\"2 minutos\" \/>\n<script type=\"application\/ld+json\" class=\"yoast-schema-graph\">{\"@context\":\"https:\/\/schema.org\",\"@graph\":[{\"@type\":\"Article\",\"@id\":\"https:\/\/experienciadevida.com.ar\/portalurbano\/provincia-evita-hablar-de-segunda-ola-y-apunta-a-vacunar-150-000-personas-por-dia\/#article\",\"isPartOf\":{\"@id\":\"https:\/\/experienciadevida.com.ar\/portalurbano\/provincia-evita-hablar-de-segunda-ola-y-apunta-a-vacunar-150-000-personas-por-dia\/\"},\"author\":{\"name\":\"admpu17wp\",\"@id\":\"https:\/\/experienciadevida.com.ar\/portalurbano\/#\/schema\/person\/02dd326b1c4b056e9cc972486934a3a7\"},\"headline\":\"Provincia evita hablar de \u201csegunda ola\u201d y apunta a vacunar 150.000 personas por d\u00eda\",\"datePublished\":\"2021-01-15T13:28:38+00:00\",\"dateModified\":\"2021-01-15T13:31:47+00:00\",\"mainEntityOfPage\":{\"@id\":\"https:\/\/experienciadevida.com.ar\/portalurbano\/provincia-evita-hablar-de-segunda-ola-y-apunta-a-vacunar-150-000-personas-por-dia\/\"},\"wordCount\":401,\"publisher\":{\"@id\":\"https:\/\/experienciadevida.com.ar\/portalurbano\/#organization\"},\"articleSection\":[\"Destacadas 2\",\"Provincia\"],\"inLanguage\":\"es\"},{\"@type\":\"WebPage\",\"@id\":\"https:\/\/experienciadevida.com.ar\/portalurbano\/provincia-evita-hablar-de-segunda-ola-y-apunta-a-vacunar-150-000-personas-por-dia\/\",\"url\":\"https:\/\/experienciadevida.com.ar\/portalurbano\/provincia-evita-hablar-de-segunda-ola-y-apunta-a-vacunar-150-000-personas-por-dia\/\",\"name\":\"Provincia evita hablar de \\\"segunda ola\\\" y apunta vacunar 150.000\",\"isPartOf\":{\"@id\":\"https:\/\/experienciadevida.com.ar\/portalurbano\/#website\"},\"datePublished\":\"2021-01-15T13:28:38+00:00\",\"dateModified\":\"2021-01-15T13:31:47+00:00\",\"description\":\"Provincia evita hablar de \u201csegunda ola\u201d y apunta a vacunar 150.000 personas, Kreplak analiz\u00f3 el rebrote que vive el territorio.\",\"breadcrumb\":{\"@id\":\"https:\/\/experienciadevida.com.ar\/portalurbano\/provincia-evita-hablar-de-segunda-ola-y-apunta-a-vacunar-150-000-personas-por-dia\/#breadcrumb\"},\"inLanguage\":\"es\",\"potentialAction\":[{\"@type\":\"ReadAction\",\"target\":[\"https:\/\/experienciadevida.com.ar\/portalurbano\/provincia-evita-hablar-de-segunda-ola-y-apunta-a-vacunar-150-000-personas-por-dia\/\"]}]},{\"@type\":\"BreadcrumbList\",\"@id\":\"https:\/\/experienciadevida.com.ar\/portalurbano\/provincia-evita-hablar-de-segunda-ola-y-apunta-a-vacunar-150-000-personas-por-dia\/#breadcrumb\",\"itemListElement\":[{\"@type\":\"ListItem\",\"position\":1,\"name\":\"Portada\",\"item\":\"https:\/\/experienciadevida.com.ar\/portalurbano\/\"},{\"@type\":\"ListItem\",\"position\":2,\"name\":\"Provincia evita hablar de \u201csegunda ola\u201d y apunta a vacunar 150.000 personas por d\u00eda\"}]},{\"@type\":\"WebSite\",\"@id\":\"https:\/\/experienciadevida.com.ar\/portalurbano\/#website\",\"url\":\"https:\/\/experienciadevida.com.ar\/portalurbano\/\",\"name\":\"\",\"description\":\"\",\"publisher\":{\"@id\":\"https:\/\/experienciadevida.com.ar\/portalurbano\/#organization\"},\"potentialAction\":[{\"@type\":\"SearchAction\",\"target\":{\"@type\":\"EntryPoint\",\"urlTemplate\":\"https:\/\/experienciadevida.com.ar\/portalurbano\/?s={search_term_string}\"},\"query-input\":\"required name=search_term_string\"}],\"inLanguage\":\"es\"},{\"@type\":\"Organization\",\"@id\":\"https:\/\/experienciadevida.com.ar\/portalurbano\/#organization\",\"name\":\"Portal Urbano\",\"url\":\"https:\/\/experienciadevida.com.ar\/portalurbano\/\",\"logo\":{\"@type\":\"ImageObject\",\"inLanguage\":\"es\",\"@id\":\"https:\/\/experienciadevida.com.ar\/portalurbano\/#\/schema\/logo\/image\/\",\"url\":\"https:\/\/experienciadevida.com.ar\/portalurbano\/wp-content\/uploads\/2019\/09\/Logo-Original.png\",\"contentUrl\":\"https:\/\/experienciadevida.com.ar\/portalurbano\/wp-content\/uploads\/2019\/09\/Logo-Original.png\",\"width\":2236,\"height\":1216,\"caption\":\"Portal Urbano\"},\"image\":{\"@id\":\"https:\/\/experienciadevida.com.ar\/portalurbano\/#\/schema\/logo\/image\/\"},\"sameAs\":[\"https:\/\/www.facebook.com\/Portal-Urbano-171542830093757\/\",\"https:\/\/twitter.com\/portalurbanook\",\"https:\/\/www.instagram.com\/_portalurbano\/\",\"https:\/\/www.youtube.com\/channel\/UCXhagIfszH8KxFiOok79zbA?view_as=subscriber\"]},{\"@type\":\"Person\",\"@id\":\"https:\/\/experienciadevida.com.ar\/portalurbano\/#\/schema\/person\/02dd326b1c4b056e9cc972486934a3a7\",\"name\":\"admpu17wp\",\"image\":{\"@type\":\"ImageObject\",\"inLanguage\":\"es\",\"@id\":\"https:\/\/experienciadevida.com.ar\/portalurbano\/#\/schema\/person\/image\/\",\"url\":\"https:\/\/secure.gravatar.com\/avatar\/830d4c57adaae6630765e449a6908047?s=96&d=mm&r=g\",\"contentUrl\":\"https:\/\/secure.gravatar.com\/avatar\/830d4c57adaae6630765e449a6908047?s=96&d=mm&r=g\",\"caption\":\"admpu17wp\"}}]}<\/script>\n<!-- \/ Yoast SEO plugin. -->","yoast_head_json":{"title":"Provincia evita hablar de \"segunda ola\" y apunta vacunar 150.000","description":"Provincia evita hablar de \u201csegunda ola\u201d y apunta a vacunar 150.000 personas, Kreplak analiz\u00f3 el rebrote que vive el territorio.","robots":{"index":"index","follow":"follow","max-snippet":"max-snippet:-1","max-image-preview":"max-image-preview:large","max-video-preview":"max-video-preview:-1"},"canonical":"https:\/\/experienciadevida.com.ar\/portalurbano\/provincia-evita-hablar-de-segunda-ola-y-apunta-a-vacunar-150-000-personas-por-dia\/","og_locale":"es_ES","og_type":"article","og_title":"Provincia evita hablar de \"segunda ola\" y apunta vacunar 150.000","og_description":"Provincia evita hablar de \u201csegunda ola\u201d y apunta a vacunar 150.000 personas, Kreplak analiz\u00f3 el rebrote que vive el territorio.","og_url":"https:\/\/experienciadevida.com.ar\/portalurbano\/provincia-evita-hablar-de-segunda-ola-y-apunta-a-vacunar-150-000-personas-por-dia\/","article_publisher":"https:\/\/www.facebook.com\/Portal-Urbano-171542830093757\/","article_published_time":"2021-01-15T13:28:38+00:00","article_modified_time":"2021-01-15T13:31:47+00:00","og_image":[{"width":1068,"height":712,"url":"https:\/\/experienciadevida.com.ar\/portalurbano\/wp-content\/uploads\/2021\/01\/evita-hablar-de-segunda-ola.jpg","type":"image\/jpeg"}],"author":"admpu17wp","twitter_card":"summary_large_image","twitter_creator":"@portalurbanook","twitter_site":"@portalurbanook","twitter_misc":{"Escrito por":"admpu17wp","Tiempo de lectura":"2 minutos"},"schema":{"@context":"https:\/\/schema.org","@graph":[{"@type":"Article","@id":"https:\/\/experienciadevida.com.ar\/portalurbano\/provincia-evita-hablar-de-segunda-ola-y-apunta-a-vacunar-150-000-personas-por-dia\/#article","isPartOf":{"@id":"https:\/\/experienciadevida.com.ar\/portalurbano\/provincia-evita-hablar-de-segunda-ola-y-apunta-a-vacunar-150-000-personas-por-dia\/"},"author":{"name":"admpu17wp","@id":"https:\/\/experienciadevida.com.ar\/portalurbano\/#\/schema\/person\/02dd326b1c4b056e9cc972486934a3a7"},"headline":"Provincia evita hablar de \u201csegunda ola\u201d y apunta a vacunar 150.000 personas por d\u00eda","datePublished":"2021-01-15T13:28:38+00:00","dateModified":"2021-01-15T13:31:47+00:00","mainEntityOfPage":{"@id":"https:\/\/experienciadevida.com.ar\/portalurbano\/provincia-evita-hablar-de-segunda-ola-y-apunta-a-vacunar-150-000-personas-por-dia\/"},"wordCount":401,"publisher":{"@id":"https:\/\/experienciadevida.com.ar\/portalurbano\/#organization"},"articleSection":["Destacadas 2","Provincia"],"inLanguage":"es"},{"@type":"WebPage","@id":"https:\/\/experienciadevida.com.ar\/portalurbano\/provincia-evita-hablar-de-segunda-ola-y-apunta-a-vacunar-150-000-personas-por-dia\/","url":"https:\/\/experienciadevida.com.ar\/portalurbano\/provincia-evita-hablar-de-segunda-ola-y-apunta-a-vacunar-150-000-personas-por-dia\/","name":"Provincia evita hablar de \"segunda ola\" y apunta vacunar 150.000","isPartOf":{"@id":"https:\/\/experienciadevida.com.ar\/portalurbano\/#website"},"datePublished":"2021-01-15T13:28:38+00:00","dateModified":"2021-01-15T13:31:47+00:00","description":"Provincia evita hablar de \u201csegunda ola\u201d y apunta a vacunar 150.000 personas, Kreplak analiz\u00f3 el rebrote que vive el territorio.","breadcrumb":{"@id":"https:\/\/experienciadevida.com.ar\/portalurbano\/provincia-evita-hablar-de-segunda-ola-y-apunta-a-vacunar-150-000-personas-por-dia\/#breadcrumb"},"inLanguage":"es","potentialAction":[{"@type":"ReadAction","target":["https:\/\/experienciadevida.com.ar\/portalurbano\/provincia-evita-hablar-de-segunda-ola-y-apunta-a-vacunar-150-000-personas-por-dia\/"]}]},{"@type":"BreadcrumbList","@id":"https:\/\/experienciadevida.com.ar\/portalurbano\/provincia-evita-hablar-de-segunda-ola-y-apunta-a-vacunar-150-000-personas-por-dia\/#breadcrumb","itemListElement":[{"@type":"ListItem","position":1,"name":"Portada","item":"https:\/\/experienciadevida.com.ar\/portalurbano\/"},{"@type":"ListItem","position":2,"name":"Provincia evita hablar de \u201csegunda ola\u201d y apunta a vacunar 150.000 personas por d\u00eda"}]},{"@type":"WebSite","@id":"https:\/\/experienciadevida.com.ar\/portalurbano\/#website","url":"https:\/\/experienciadevida.com.ar\/portalurbano\/","name":"","description":"","publisher":{"@id":"https:\/\/experienciadevida.com.ar\/portalurbano\/#organization"},"potentialAction":[{"@type":"SearchAction","target":{"@type":"EntryPoint","urlTemplate":"https:\/\/experienciadevida.com.ar\/portalurbano\/?s={search_term_string}"},"query-input":"required name=search_term_string"}],"inLanguage":"es"},{"@type":"Organization","@id":"https:\/\/experienciadevida.com.ar\/portalurbano\/#organization","name":"Portal Urbano","url":"https:\/\/experienciadevida.com.ar\/portalurbano\/","logo":{"@type":"ImageObject","inLanguage":"es","@id":"https:\/\/experienciadevida.com.ar\/portalurbano\/#\/schema\/logo\/image\/","url":"https:\/\/experienciadevida.com.ar\/portalurbano\/wp-content\/uploads\/2019\/09\/Logo-Original.png","contentUrl":"https:\/\/experienciadevida.com.ar\/portalurbano\/wp-content\/uploads\/2019\/09\/Logo-Original.png","width":2236,"height":1216,"caption":"Portal Urbano"},"image":{"@id":"https:\/\/experienciadevida.com.ar\/portalurbano\/#\/schema\/logo\/image\/"},"sameAs":["https:\/\/www.facebook.com\/Portal-Urbano-171542830093757\/","https:\/\/twitter.com\/portalurbanook","https:\/\/www.instagram.com\/_portalurbano\/","https:\/\/www.youtube.com\/channel\/UCXhagIfszH8KxFiOok79zbA?view_as=subscriber"]},{"@type":"Person","@id":"https:\/\/experienciadevida.com.ar\/portalurbano\/#\/schema\/person\/02dd326b1c4b056e9cc972486934a3a7","name":"admpu17wp","image":{"@type":"ImageObject","inLanguage":"es","@id":"https:\/\/experienciadevida.com.ar\/portalurbano\/#\/schema\/person\/image\/","url":"https:\/\/secure.gravatar.com\/avatar\/830d4c57adaae6630765e449a6908047?s=96&d=mm&r=g","contentUrl":"https:\/\/secure.gravatar.com\/avatar\/830d4c57adaae6630765e449a6908047?s=96&d=mm&r=g","caption":"admpu17wp"}}]}},"featured_image_urls":{"full":["https:\/\/experienciadevida.com.ar\/portalurbano\/wp-content\/uploads\/2021\/01\/evita-hablar-de-segunda-ola.jpg",1068,712,false],"thumbnail":["https:\/\/experienciadevida.com.ar\/portalurbano\/wp-content\/uploads\/2021\/01\/evita-hablar-de-segunda-ola-150x150.jpg",150,150,true],"medium":["https:\/\/experienciadevida.com.ar\/portalurbano\/wp-content\/uploads\/2021\/01\/evita-hablar-de-segunda-ola-300x200.jpg",300,200,true],"medium_large":["https:\/\/experienciadevida.com.ar\/portalurbano\/wp-content\/uploads\/2021\/01\/evita-hablar-de-segunda-ola-768x512.jpg",640,427,true],"large":["https:\/\/experienciadevida.com.ar\/portalurbano\/wp-content\/uploads\/2021\/01\/evita-hablar-de-segunda-ola-1024x683.jpg",640,427,true],"ug_big":["https:\/\/experienciadevida.com.ar\/portalurbano\/wp-content\/uploads\/2021\/01\/evita-hablar-de-segunda-ola-768x512.jpg",768,512,true],"1536x1536":["https:\/\/experienciadevida.com.ar\/portalurbano\/wp-content\/uploads\/2021\/01\/evita-hablar-de-segunda-ola.jpg",1068,712,false],"2048x2048":["https:\/\/experienciadevida.com.ar\/portalurbano\/wp-content\/uploads\/2021\/01\/evita-hablar-de-segunda-ola.jpg",1068,712,false],"newsever-slider-full":["https:\/\/experienciadevida.com.ar\/portalurbano\/wp-content\/uploads\/2021\/01\/evita-hablar-de-segunda-ola.jpg",1068,712,false],"newsever-featured":["https:\/\/experienciadevida.com.ar\/portalurbano\/wp-content\/uploads\/2021\/01\/evita-hablar-de-segunda-ola.jpg",1024,683,false],"newsever-medium":["https:\/\/experienciadevida.com.ar\/portalurbano\/wp-content\/uploads\/2021\/01\/evita-hablar-de-segunda-ola.jpg",713,475,false],"web-stories-poster-portrait":["https:\/\/experienciadevida.com.ar\/portalurbano\/wp-content\/uploads\/2021\/01\/evita-hablar-de-segunda-ola.jpg",640,427,false],"web-stories-publisher-logo":["https:\/\/experienciadevida.com.ar\/portalurbano\/wp-content\/uploads\/2021\/01\/evita-hablar-de-segunda-ola.jpg",96,64,false],"web-stories-thumbnail":["https:\/\/experienciadevida.com.ar\/portalurbano\/wp-content\/uploads\/2021\/01\/evita-hablar-de-segunda-ola.jpg",150,100,false]},"author_info":{"display_name":"admpu17wp","author_link":"https:\/\/experienciadevida.com.ar\/portalurbano\/author\/admpu17wp\/"},"category_info":"<a href=\"https:\/\/experienciadevida.com.ar\/portalurbano\/category\/destacadas-2\/\" rel=\"category tag\">Destacadas 2<\/a> <a href=\"https:\/\/experienciadevida.com.ar\/portalurbano\/category\/provincia\/\" rel=\"category tag\">Provincia<\/a>","tag_info":"Provincia","comment_count":"0","amp_enabled":true,"_links":{"self":[{"href":"https:\/\/experienciadevida.com.ar\/portalurbano\/wp-json\/wp\/v2\/posts\/132577"}],"collection":[{"href":"https:\/\/experienciadevida.com.ar\/portalurbano\/wp-json\/wp\/v2\/posts"}],"about":[{"href":"https:\/\/experienciadevida.com.ar\/portalurbano\/wp-json\/wp\/v2\/types\/post"}],"author":[{"embeddable":true,"href":"https:\/\/experienciadevida.com.ar\/portalurbano\/wp-json\/wp\/v2\/users\/1"}],"replies":[{"embeddable":true,"href":"https:\/\/experienciadevida.com.ar\/portalurbano\/wp-json\/wp\/v2\/comments?post=132577"}],"version-history":[{"count":2,"href":"https:\/\/experienciadevida.com.ar\/portalurbano\/wp-json\/wp\/v2\/posts\/132577\/revisions"}],"predecessor-version":[{"id":132580,"href":"https:\/\/experienciadevida.com.ar\/portalurbano\/wp-json\/wp\/v2\/posts\/132577\/revisions\/132580"}],"wp:featuredmedia":[{"embeddable":true,"href":"https:\/\/experienciadevida.com.ar\/portalurbano\/wp-json\/wp\/v2\/media\/132578"}],"wp:attachment":[{"href":"https:\/\/experienciadevida.com.ar\/portalurbano\/wp-json\/wp\/v2\/media?parent=132577"}],"wp:term":[{"taxonomy":"category","embeddable":true,"href":"https:\/\/experienciadevida.com.ar\/portalurbano\/wp-json\/wp\/v2\/categories?post=132577"},{"taxonomy":"post_tag","embeddable":true,"href":"https:\/\/experienciadevida.com.ar\/portalurbano\/wp-json\/wp\/v2\/tags?post=132577"}],"curies":[{"name":"wp","href":"https:\/\/api.w.org\/{rel}","templated":true}]}}