{"id":132514,"date":"2021-01-14T15:06:07","date_gmt":"2021-01-14T18:06:07","guid":{"rendered":"https:\/\/experienciadevida.com.ar\/portalurbano\/?p=132514"},"modified":"2021-01-14T15:06:40","modified_gmt":"2021-01-14T18:06:40","slug":"las-imagenes-de-la-restriccion-nocturna-en-nuestra-ciudad","status":"publish","type":"post","link":"https:\/\/experienciadevida.com.ar\/portalurbano\/las-imagenes-de-la-restriccion-nocturna-en-nuestra-ciudad\/","title":{"rendered":"Las im\u00e1genes de la restricci\u00f3n nocturna en nuestra ciudad"},"content":{"rendered":"<p>Este martes el Municipio public\u00f3 el decreto que adhiere a las nuevas disposiciones y a la restricci\u00f3n nocturna que Provincia anunci\u00f3 d\u00edas atr\u00e1s.<\/p>\n<p>El toque sanitario comenz\u00f3 a regir a partir de este martes\u00a0 y ser\u00e1 de 1 a 6 de la madrugada.<\/p>\n<p>Ser\u00e1n exceptuados del toque las actividades productivas manufactureras, agropecuarias y todas aquellas que son definidas como esenciales.<\/p>\n<p>Este medio, realiz\u00f3 un registro fotogr\u00e1fico en nuestra ciudad sobre la restricci\u00f3n nocturna.<\/p>\n<p><a href=\"https:\/\/experienciadevida.com.ar\/portalurbano\/las-imagenes-de-la-restriccion-nocturna-en-nuestra-ciudad\/restriccion-nocturna\/\" rel=\"attachment wp-att-132516\"><img decoding=\"async\" class=\"alignnone size-full wp-image-132516\" src=\"https:\/\/experienciadevida.com.ar\/portalurbano\/wp-content\/uploads\/2021\/01\/Restriccion-nocturna.jpg\" alt=\"\" width=\"765\" height=\"480\" srcset=\"https:\/\/experienciadevida.com.ar\/portalurbano\/wp-content\/uploads\/2021\/01\/Restriccion-nocturna.jpg 765w, https:\/\/experienciadevida.com.ar\/portalurbano\/wp-content\/uploads\/2021\/01\/Restriccion-nocturna-300x188.jpg 300w\" sizes=\"(max-width: 765px) 100vw, 765px\" \/><\/a><\/p>\n<p><a href=\"https:\/\/experienciadevida.com.ar\/portalurbano\/las-imagenes-de-la-restriccion-nocturna-en-nuestra-ciudad\/restriccion-nocturna1\/\" rel=\"attachment wp-att-132517\"><img decoding=\"async\" class=\"alignnone size-full wp-image-132517\" src=\"https:\/\/experienciadevida.com.ar\/portalurbano\/wp-content\/uploads\/2021\/01\/Restriccion-nocturna1.jpg\" alt=\"\" width=\"765\" height=\"487\" srcset=\"https:\/\/experienciadevida.com.ar\/portalurbano\/wp-content\/uploads\/2021\/01\/Restriccion-nocturna1.jpg 765w, https:\/\/experienciadevida.com.ar\/portalurbano\/wp-content\/uploads\/2021\/01\/Restriccion-nocturna1-300x191.jpg 300w\" sizes=\"(max-width: 765px) 100vw, 765px\" \/><\/a><\/p>\n<p><a href=\"https:\/\/experienciadevida.com.ar\/portalurbano\/las-imagenes-de-la-restriccion-nocturna-en-nuestra-ciudad\/restriccion-nocturna2\/\" rel=\"attachment wp-att-132518\"><img decoding=\"async\" class=\"alignnone size-full wp-image-132518\" src=\"https:\/\/experienciadevida.com.ar\/portalurbano\/wp-content\/uploads\/2021\/01\/Restriccion-nocturna2.jpg\" alt=\"\" width=\"765\" height=\"485\" srcset=\"https:\/\/experienciadevida.com.ar\/portalurbano\/wp-content\/uploads\/2021\/01\/Restriccion-nocturna2.jpg 765w, https:\/\/experienciadevida.com.ar\/portalurbano\/wp-content\/uploads\/2021\/01\/Restriccion-nocturna2-300x190.jpg 300w\" sizes=\"(max-width: 765px) 100vw, 765px\" \/><\/a><\/p>\n<p><a href=\"https:\/\/experienciadevida.com.ar\/portalurbano\/las-imagenes-de-la-restriccion-nocturna-en-nuestra-ciudad\/restriccion-nocturna3\/\" rel=\"attachment wp-att-132519\"><img decoding=\"async\" class=\"alignnone size-full wp-image-132519\" src=\"https:\/\/experienciadevida.com.ar\/portalurbano\/wp-content\/uploads\/2021\/01\/Restriccion-nocturna3.jpg\" alt=\"\" width=\"765\" height=\"484\" srcset=\"https:\/\/experienciadevida.com.ar\/portalurbano\/wp-content\/uploads\/2021\/01\/Restriccion-nocturna3.jpg 765w, https:\/\/experienciadevida.com.ar\/portalurbano\/wp-content\/uploads\/2021\/01\/Restriccion-nocturna3-300x190.jpg 300w\" sizes=\"(max-width: 765px) 100vw, 765px\" \/><\/a><\/p>\n<p><a href=\"https:\/\/experienciadevida.com.ar\/portalurbano\/las-imagenes-de-la-restriccion-nocturna-en-nuestra-ciudad\/restriccion-nocturna4\/\" rel=\"attachment wp-att-132520\"><img decoding=\"async\" class=\"alignnone size-full wp-image-132520\" src=\"https:\/\/experienciadevida.com.ar\/portalurbano\/wp-content\/uploads\/2021\/01\/Restriccion-nocturna4.jpg\" alt=\"\" width=\"765\" height=\"489\" srcset=\"https:\/\/experienciadevida.com.ar\/portalurbano\/wp-content\/uploads\/2021\/01\/Restriccion-nocturna4.jpg 765w, https:\/\/experienciadevida.com.ar\/portalurbano\/wp-content\/uploads\/2021\/01\/Restriccion-nocturna4-300x192.jpg 300w\" sizes=\"(max-width: 765px) 100vw, 765px\" \/><\/a><\/p>\n<p><a href=\"https:\/\/experienciadevida.com.ar\/portalurbano\/las-imagenes-de-la-restriccion-nocturna-en-nuestra-ciudad\/restriccion-nocturna5\/\" rel=\"attachment wp-att-132521\"><img decoding=\"async\" class=\"alignnone size-full wp-image-132521\" src=\"https:\/\/experienciadevida.com.ar\/portalurbano\/wp-content\/uploads\/2021\/01\/Restriccion-nocturna5.jpg\" alt=\"\" width=\"765\" height=\"480\" srcset=\"https:\/\/experienciadevida.com.ar\/portalurbano\/wp-content\/uploads\/2021\/01\/Restriccion-nocturna5.jpg 765w, https:\/\/experienciadevida.com.ar\/portalurbano\/wp-content\/uploads\/2021\/01\/Restriccion-nocturna5-300x188.jpg 300w\" sizes=\"(max-width: 765px) 100vw, 765px\" \/><\/a><\/p>\n<p><a href=\"https:\/\/experienciadevida.com.ar\/portalurbano\/las-imagenes-de-la-restriccion-nocturna-en-nuestra-ciudad\/restriccion-nocturna7\/\" rel=\"attachment wp-att-132522\"><img decoding=\"async\" class=\"alignnone size-full wp-image-132522\" src=\"https:\/\/experienciadevida.com.ar\/portalurbano\/wp-content\/uploads\/2021\/01\/Restriccion-nocturna7.jpg\" alt=\"\" width=\"765\" height=\"489\" srcset=\"https:\/\/experienciadevida.com.ar\/portalurbano\/wp-content\/uploads\/2021\/01\/Restriccion-nocturna7.jpg 765w, https:\/\/experienciadevida.com.ar\/portalurbano\/wp-content\/uploads\/2021\/01\/Restriccion-nocturna7-300x192.jpg 300w\" sizes=\"(max-width: 765px) 100vw, 765px\" \/><\/a><\/p>\n<p><a href=\"https:\/\/experienciadevida.com.ar\/portalurbano\/las-imagenes-de-la-restriccion-nocturna-en-nuestra-ciudad\/restriccion-nocturna8\/\" rel=\"attachment wp-att-132523\"><img decoding=\"async\" class=\"alignnone size-full wp-image-132523\" src=\"https:\/\/experienciadevida.com.ar\/portalurbano\/wp-content\/uploads\/2021\/01\/Restriccion-nocturna8.jpg\" alt=\"\" width=\"765\" height=\"483\" srcset=\"https:\/\/experienciadevida.com.ar\/portalurbano\/wp-content\/uploads\/2021\/01\/Restriccion-nocturna8.jpg 765w, https:\/\/experienciadevida.com.ar\/portalurbano\/wp-content\/uploads\/2021\/01\/Restriccion-nocturna8-300x189.jpg 300w\" sizes=\"(max-width: 765px) 100vw, 765px\" \/><\/a><\/p>\n<p><a href=\"https:\/\/experienciadevida.com.ar\/portalurbano\/las-imagenes-de-la-restriccion-nocturna-en-nuestra-ciudad\/restriccion-nocturna9\/\" rel=\"attachment wp-att-132524\"><img decoding=\"async\" class=\"alignnone size-full wp-image-132524\" src=\"https:\/\/experienciadevida.com.ar\/portalurbano\/wp-content\/uploads\/2021\/01\/Restriccion-nocturna9.jpg\" alt=\"\" width=\"765\" height=\"485\" srcset=\"https:\/\/experienciadevida.com.ar\/portalurbano\/wp-content\/uploads\/2021\/01\/Restriccion-nocturna9.jpg 765w, https:\/\/experienciadevida.com.ar\/portalurbano\/wp-content\/uploads\/2021\/01\/Restriccion-nocturna9-300x190.jpg 300w\" sizes=\"(max-width: 765px) 100vw, 765px\" \/><\/a><\/p>\n<p><a href=\"https:\/\/experienciadevida.com.ar\/portalurbano\/las-imagenes-de-la-restriccion-nocturna-en-nuestra-ciudad\/restriccion-nocturna10\/\" rel=\"attachment wp-att-132525\"><img decoding=\"async\" class=\"alignnone size-full wp-image-132525\" src=\"https:\/\/experienciadevida.com.ar\/portalurbano\/wp-content\/uploads\/2021\/01\/Restriccion-nocturna10.jpg\" alt=\"\" width=\"765\" height=\"491\" \/><\/a><\/p>\n<p><a href=\"https:\/\/experienciadevida.com.ar\/portalurbano\/las-imagenes-de-la-restriccion-nocturna-en-nuestra-ciudad\/restriccion-nocturna11\/\" rel=\"attachment wp-att-132526\"><img decoding=\"async\" class=\"alignnone size-full wp-image-132526\" src=\"https:\/\/experienciadevida.com.ar\/portalurbano\/wp-content\/uploads\/2021\/01\/Restriccion-nocturna11.jpg\" alt=\"\" width=\"765\" height=\"492\" srcset=\"https:\/\/experienciadevida.com.ar\/portalurbano\/wp-content\/uploads\/2021\/01\/Restriccion-nocturna11.jpg 765w, https:\/\/experienciadevida.com.ar\/portalurbano\/wp-content\/uploads\/2021\/01\/Restriccion-nocturna11-300x193.jpg 300w\" sizes=\"(max-width: 765px) 100vw, 765px\" \/><\/a><\/p>\n<p><a href=\"https:\/\/experienciadevida.com.ar\/portalurbano\/las-imagenes-de-la-restriccion-nocturna-en-nuestra-ciudad\/restriccion-nocturna12\/\" rel=\"attachment wp-att-132527\"><img decoding=\"async\" class=\"alignnone size-full wp-image-132527\" src=\"https:\/\/experienciadevida.com.ar\/portalurbano\/wp-content\/uploads\/2021\/01\/Restriccion-nocturna12.jpg\" alt=\"\" width=\"765\" height=\"484\" srcset=\"https:\/\/experienciadevida.com.ar\/portalurbano\/wp-content\/uploads\/2021\/01\/Restriccion-nocturna12.jpg 765w, https:\/\/experienciadevida.com.ar\/portalurbano\/wp-content\/uploads\/2021\/01\/Restriccion-nocturna12-300x190.jpg 300w\" sizes=\"(max-width: 765px) 100vw, 765px\" \/><\/a><\/p>\n<p><a href=\"https:\/\/experienciadevida.com.ar\/portalurbano\/las-imagenes-de-la-restriccion-nocturna-en-nuestra-ciudad\/restriccion-nocturna13\/\" rel=\"attachment wp-att-132528\"><img decoding=\"async\" class=\"alignnone size-full wp-image-132528\" src=\"https:\/\/experienciadevida.com.ar\/portalurbano\/wp-content\/uploads\/2021\/01\/Restriccion-nocturna13.jpg\" alt=\"\" width=\"765\" height=\"485\" srcset=\"https:\/\/experienciadevida.com.ar\/portalurbano\/wp-content\/uploads\/2021\/01\/Restriccion-nocturna13.jpg 765w, https:\/\/experienciadevida.com.ar\/portalurbano\/wp-content\/uploads\/2021\/01\/Restriccion-nocturna13-300x190.jpg 300w\" sizes=\"(max-width: 765px) 100vw, 765px\" \/><\/a><\/p>\n<p><a href=\"https:\/\/experienciadevida.com.ar\/portalurbano\/las-imagenes-de-la-restriccion-nocturna-en-nuestra-ciudad\/restriccion-nocturna14\/\" rel=\"attachment wp-att-132529\"><img decoding=\"async\" class=\"alignnone size-full wp-image-132529\" src=\"https:\/\/experienciadevida.com.ar\/portalurbano\/wp-content\/uploads\/2021\/01\/Restriccion-nocturna14.jpg\" alt=\"\" width=\"765\" height=\"488\" srcset=\"https:\/\/experienciadevida.com.ar\/portalurbano\/wp-content\/uploads\/2021\/01\/Restriccion-nocturna14.jpg 765w, https:\/\/experienciadevida.com.ar\/portalurbano\/wp-content\/uploads\/2021\/01\/Restriccion-nocturna14-300x191.jpg 300w\" sizes=\"(max-width: 765px) 100vw, 765px\" \/><\/a><\/p>\n<p><a href=\"https:\/\/experienciadevida.com.ar\/portalurbano\/las-imagenes-de-la-restriccion-nocturna-en-nuestra-ciudad\/restriccion-nocturna15\/\" rel=\"attachment wp-att-132530\"><img decoding=\"async\" class=\"alignnone size-full wp-image-132530\" src=\"https:\/\/experienciadevida.com.ar\/portalurbano\/wp-content\/uploads\/2021\/01\/Restriccion-nocturna15.jpg\" alt=\"\" width=\"765\" height=\"487\" srcset=\"https:\/\/experienciadevida.com.ar\/portalurbano\/wp-content\/uploads\/2021\/01\/Restriccion-nocturna15.jpg 765w, https:\/\/experienciadevida.com.ar\/portalurbano\/wp-content\/uploads\/2021\/01\/Restriccion-nocturna15-300x191.jpg 300w\" sizes=\"(max-width: 765px) 100vw, 765px\" \/><\/a><\/p>\n<p><a href=\"https:\/\/experienciadevida.com.ar\/portalurbano\/las-imagenes-de-la-restriccion-nocturna-en-nuestra-ciudad\/restriccion-nocturna16\/\" rel=\"attachment wp-att-132531\"><img decoding=\"async\" class=\"alignnone size-full wp-image-132531\" src=\"https:\/\/experienciadevida.com.ar\/portalurbano\/wp-content\/uploads\/2021\/01\/Restriccion-nocturna16.jpg\" alt=\"\" width=\"765\" height=\"492\" srcset=\"https:\/\/experienciadevida.com.ar\/portalurbano\/wp-content\/uploads\/2021\/01\/Restriccion-nocturna16.jpg 765w, https:\/\/experienciadevida.com.ar\/portalurbano\/wp-content\/uploads\/2021\/01\/Restriccion-nocturna16-300x193.jpg 300w\" sizes=\"(max-width: 765px) 100vw, 765px\" \/><\/a><\/p>\n","protected":false},"excerpt":{"rendered":"<p>Este martes el Municipio public\u00f3 el decreto que adhiere a las nuevas disposiciones y a&#8230;<\/p>\n","protected":false},"author":1,"featured_media":132515,"comment_status":"closed","ping_status":"closed","sticky":false,"template":"","format":"standard","meta":{"content-type":""},"categories":[27],"tags":[],"nelio_content":{"isAutoShareEnabled":false,"autoShareEndMode":"default","automationSources":{"useContentSentences":true,"useSocialTemplates":true,"useCustomSentences":false,"customSentences":[]},"followers":[1],"suggestedReferences":[],"includedReferences":[],"efiUrl":"","efiAlt":"","highlights":[]},"yoast_head":"<!-- This site is optimized with the Yoast SEO plugin v20.7 - https:\/\/yoast.com\/wordpress\/plugins\/seo\/ -->\n<title>Las im\u00e1genes de la restricci\u00f3n nocturna en nuestra ciudad -<\/title>\n<meta name=\"robots\" content=\"index, follow, max-snippet:-1, max-image-preview:large, max-video-preview:-1\" \/>\n<link rel=\"canonical\" href=\"https:\/\/experienciadevida.com.ar\/portalurbano\/las-imagenes-de-la-restriccion-nocturna-en-nuestra-ciudad\/\" \/>\n<meta property=\"og:locale\" content=\"es_ES\" \/>\n<meta property=\"og:type\" content=\"article\" \/>\n<meta property=\"og:title\" content=\"Las im\u00e1genes de la restricci\u00f3n nocturna en nuestra ciudad -\" \/>\n<meta property=\"og:description\" content=\"Este martes el Municipio public\u00f3 el decreto que adhiere a las nuevas disposiciones y a...\" \/>\n<meta property=\"og:url\" content=\"https:\/\/experienciadevida.com.ar\/portalurbano\/las-imagenes-de-la-restriccion-nocturna-en-nuestra-ciudad\/\" \/>\n<meta property=\"article:publisher\" content=\"https:\/\/www.facebook.com\/Portal-Urbano-171542830093757\/\" \/>\n<meta property=\"article:published_time\" content=\"2021-01-14T18:06:07+00:00\" \/>\n<meta property=\"article:modified_time\" content=\"2021-01-14T18:06:40+00:00\" \/>\n<meta property=\"og:image\" content=\"https:\/\/experienciadevida.com.ar\/portalurbano\/wp-content\/uploads\/2021\/01\/Restriccion-nocturna6.jpg\" \/>\n\t<meta property=\"og:image:width\" content=\"765\" \/>\n\t<meta property=\"og:image:height\" content=\"486\" \/>\n\t<meta property=\"og:image:type\" content=\"image\/jpeg\" \/>\n<meta name=\"author\" content=\"admpu17wp\" \/>\n<meta name=\"twitter:card\" content=\"summary_large_image\" \/>\n<meta name=\"twitter:creator\" content=\"@portalurbanook\" \/>\n<meta name=\"twitter:site\" content=\"@portalurbanook\" \/>\n<meta name=\"twitter:label1\" content=\"Escrito por\" \/>\n\t<meta name=\"twitter:data1\" content=\"admpu17wp\" \/>\n<script type=\"application\/ld+json\" class=\"yoast-schema-graph\">{\"@context\":\"https:\/\/schema.org\",\"@graph\":[{\"@type\":\"Article\",\"@id\":\"https:\/\/experienciadevida.com.ar\/portalurbano\/las-imagenes-de-la-restriccion-nocturna-en-nuestra-ciudad\/#article\",\"isPartOf\":{\"@id\":\"https:\/\/experienciadevida.com.ar\/portalurbano\/las-imagenes-de-la-restriccion-nocturna-en-nuestra-ciudad\/\"},\"author\":{\"name\":\"admpu17wp\",\"@id\":\"https:\/\/experienciadevida.com.ar\/portalurbano\/#\/schema\/person\/02dd326b1c4b056e9cc972486934a3a7\"},\"headline\":\"Las im\u00e1genes de la restricci\u00f3n nocturna en nuestra ciudad\",\"datePublished\":\"2021-01-14T18:06:07+00:00\",\"dateModified\":\"2021-01-14T18:06:40+00:00\",\"mainEntityOfPage\":{\"@id\":\"https:\/\/experienciadevida.com.ar\/portalurbano\/las-imagenes-de-la-restriccion-nocturna-en-nuestra-ciudad\/\"},\"wordCount\":88,\"publisher\":{\"@id\":\"https:\/\/experienciadevida.com.ar\/portalurbano\/#organization\"},\"articleSection\":[\"Ciudad\"],\"inLanguage\":\"es\"},{\"@type\":\"WebPage\",\"@id\":\"https:\/\/experienciadevida.com.ar\/portalurbano\/las-imagenes-de-la-restriccion-nocturna-en-nuestra-ciudad\/\",\"url\":\"https:\/\/experienciadevida.com.ar\/portalurbano\/las-imagenes-de-la-restriccion-nocturna-en-nuestra-ciudad\/\",\"name\":\"Las im\u00e1genes de la restricci\u00f3n nocturna en nuestra ciudad -\",\"isPartOf\":{\"@id\":\"https:\/\/experienciadevida.com.ar\/portalurbano\/#website\"},\"datePublished\":\"2021-01-14T18:06:07+00:00\",\"dateModified\":\"2021-01-14T18:06:40+00:00\",\"breadcrumb\":{\"@id\":\"https:\/\/experienciadevida.com.ar\/portalurbano\/las-imagenes-de-la-restriccion-nocturna-en-nuestra-ciudad\/#breadcrumb\"},\"inLanguage\":\"es\",\"potentialAction\":[{\"@type\":\"ReadAction\",\"target\":[\"https:\/\/experienciadevida.com.ar\/portalurbano\/las-imagenes-de-la-restriccion-nocturna-en-nuestra-ciudad\/\"]}]},{\"@type\":\"BreadcrumbList\",\"@id\":\"https:\/\/experienciadevida.com.ar\/portalurbano\/las-imagenes-de-la-restriccion-nocturna-en-nuestra-ciudad\/#breadcrumb\",\"itemListElement\":[{\"@type\":\"ListItem\",\"position\":1,\"name\":\"Portada\",\"item\":\"https:\/\/experienciadevida.com.ar\/portalurbano\/\"},{\"@type\":\"ListItem\",\"position\":2,\"name\":\"Las im\u00e1genes de la restricci\u00f3n nocturna en nuestra ciudad\"}]},{\"@type\":\"WebSite\",\"@id\":\"https:\/\/experienciadevida.com.ar\/portalurbano\/#website\",\"url\":\"https:\/\/experienciadevida.com.ar\/portalurbano\/\",\"name\":\"\",\"description\":\"\",\"publisher\":{\"@id\":\"https:\/\/experienciadevida.com.ar\/portalurbano\/#organization\"},\"potentialAction\":[{\"@type\":\"SearchAction\",\"target\":{\"@type\":\"EntryPoint\",\"urlTemplate\":\"https:\/\/experienciadevida.com.ar\/portalurbano\/?s={search_term_string}\"},\"query-input\":\"required name=search_term_string\"}],\"inLanguage\":\"es\"},{\"@type\":\"Organization\",\"@id\":\"https:\/\/experienciadevida.com.ar\/portalurbano\/#organization\",\"name\":\"Portal Urbano\",\"url\":\"https:\/\/experienciadevida.com.ar\/portalurbano\/\",\"logo\":{\"@type\":\"ImageObject\",\"inLanguage\":\"es\",\"@id\":\"https:\/\/experienciadevida.com.ar\/portalurbano\/#\/schema\/logo\/image\/\",\"url\":\"https:\/\/experienciadevida.com.ar\/portalurbano\/wp-content\/uploads\/2019\/09\/Logo-Original.png\",\"contentUrl\":\"https:\/\/experienciadevida.com.ar\/portalurbano\/wp-content\/uploads\/2019\/09\/Logo-Original.png\",\"width\":2236,\"height\":1216,\"caption\":\"Portal Urbano\"},\"image\":{\"@id\":\"https:\/\/experienciadevida.com.ar\/portalurbano\/#\/schema\/logo\/image\/\"},\"sameAs\":[\"https:\/\/www.facebook.com\/Portal-Urbano-171542830093757\/\",\"https:\/\/twitter.com\/portalurbanook\",\"https:\/\/www.instagram.com\/_portalurbano\/\",\"https:\/\/www.youtube.com\/channel\/UCXhagIfszH8KxFiOok79zbA?view_as=subscriber\"]},{\"@type\":\"Person\",\"@id\":\"https:\/\/experienciadevida.com.ar\/portalurbano\/#\/schema\/person\/02dd326b1c4b056e9cc972486934a3a7\",\"name\":\"admpu17wp\",\"image\":{\"@type\":\"ImageObject\",\"inLanguage\":\"es\",\"@id\":\"https:\/\/experienciadevida.com.ar\/portalurbano\/#\/schema\/person\/image\/\",\"url\":\"https:\/\/secure.gravatar.com\/avatar\/830d4c57adaae6630765e449a6908047?s=96&d=mm&r=g\",\"contentUrl\":\"https:\/\/secure.gravatar.com\/avatar\/830d4c57adaae6630765e449a6908047?s=96&d=mm&r=g\",\"caption\":\"admpu17wp\"}}]}<\/script>\n<!-- \/ Yoast SEO plugin. -->","yoast_head_json":{"title":"Las im\u00e1genes de la restricci\u00f3n nocturna en nuestra ciudad -","robots":{"index":"index","follow":"follow","max-snippet":"max-snippet:-1","max-image-preview":"max-image-preview:large","max-video-preview":"max-video-preview:-1"},"canonical":"https:\/\/experienciadevida.com.ar\/portalurbano\/las-imagenes-de-la-restriccion-nocturna-en-nuestra-ciudad\/","og_locale":"es_ES","og_type":"article","og_title":"Las im\u00e1genes de la restricci\u00f3n nocturna en nuestra ciudad -","og_description":"Este martes el Municipio public\u00f3 el decreto que adhiere a las nuevas disposiciones y a...","og_url":"https:\/\/experienciadevida.com.ar\/portalurbano\/las-imagenes-de-la-restriccion-nocturna-en-nuestra-ciudad\/","article_publisher":"https:\/\/www.facebook.com\/Portal-Urbano-171542830093757\/","article_published_time":"2021-01-14T18:06:07+00:00","article_modified_time":"2021-01-14T18:06:40+00:00","og_image":[{"width":765,"height":486,"url":"https:\/\/experienciadevida.com.ar\/portalurbano\/wp-content\/uploads\/2021\/01\/Restriccion-nocturna6.jpg","type":"image\/jpeg"}],"author":"admpu17wp","twitter_card":"summary_large_image","twitter_creator":"@portalurbanook","twitter_site":"@portalurbanook","twitter_misc":{"Escrito por":"admpu17wp"},"schema":{"@context":"https:\/\/schema.org","@graph":[{"@type":"Article","@id":"https:\/\/experienciadevida.com.ar\/portalurbano\/las-imagenes-de-la-restriccion-nocturna-en-nuestra-ciudad\/#article","isPartOf":{"@id":"https:\/\/experienciadevida.com.ar\/portalurbano\/las-imagenes-de-la-restriccion-nocturna-en-nuestra-ciudad\/"},"author":{"name":"admpu17wp","@id":"https:\/\/experienciadevida.com.ar\/portalurbano\/#\/schema\/person\/02dd326b1c4b056e9cc972486934a3a7"},"headline":"Las im\u00e1genes de la restricci\u00f3n nocturna en nuestra ciudad","datePublished":"2021-01-14T18:06:07+00:00","dateModified":"2021-01-14T18:06:40+00:00","mainEntityOfPage":{"@id":"https:\/\/experienciadevida.com.ar\/portalurbano\/las-imagenes-de-la-restriccion-nocturna-en-nuestra-ciudad\/"},"wordCount":88,"publisher":{"@id":"https:\/\/experienciadevida.com.ar\/portalurbano\/#organization"},"articleSection":["Ciudad"],"inLanguage":"es"},{"@type":"WebPage","@id":"https:\/\/experienciadevida.com.ar\/portalurbano\/las-imagenes-de-la-restriccion-nocturna-en-nuestra-ciudad\/","url":"https:\/\/experienciadevida.com.ar\/portalurbano\/las-imagenes-de-la-restriccion-nocturna-en-nuestra-ciudad\/","name":"Las im\u00e1genes de la restricci\u00f3n nocturna en nuestra ciudad -","isPartOf":{"@id":"https:\/\/experienciadevida.com.ar\/portalurbano\/#website"},"datePublished":"2021-01-14T18:06:07+00:00","dateModified":"2021-01-14T18:06:40+00:00","breadcrumb":{"@id":"https:\/\/experienciadevida.com.ar\/portalurbano\/las-imagenes-de-la-restriccion-nocturna-en-nuestra-ciudad\/#breadcrumb"},"inLanguage":"es","potentialAction":[{"@type":"ReadAction","target":["https:\/\/experienciadevida.com.ar\/portalurbano\/las-imagenes-de-la-restriccion-nocturna-en-nuestra-ciudad\/"]}]},{"@type":"BreadcrumbList","@id":"https:\/\/experienciadevida.com.ar\/portalurbano\/las-imagenes-de-la-restriccion-nocturna-en-nuestra-ciudad\/#breadcrumb","itemListElement":[{"@type":"ListItem","position":1,"name":"Portada","item":"https:\/\/experienciadevida.com.ar\/portalurbano\/"},{"@type":"ListItem","position":2,"name":"Las im\u00e1genes de la restricci\u00f3n nocturna en nuestra ciudad"}]},{"@type":"WebSite","@id":"https:\/\/experienciadevida.com.ar\/portalurbano\/#website","url":"https:\/\/experienciadevida.com.ar\/portalurbano\/","name":"","description":"","publisher":{"@id":"https:\/\/experienciadevida.com.ar\/portalurbano\/#organization"},"potentialAction":[{"@type":"SearchAction","target":{"@type":"EntryPoint","urlTemplate":"https:\/\/experienciadevida.com.ar\/portalurbano\/?s={search_term_string}"},"query-input":"required name=search_term_string"}],"inLanguage":"es"},{"@type":"Organization","@id":"https:\/\/experienciadevida.com.ar\/portalurbano\/#organization","name":"Portal Urbano","url":"https:\/\/experienciadevida.com.ar\/portalurbano\/","logo":{"@type":"ImageObject","inLanguage":"es","@id":"https:\/\/experienciadevida.com.ar\/portalurbano\/#\/schema\/logo\/image\/","url":"https:\/\/experienciadevida.com.ar\/portalurbano\/wp-content\/uploads\/2019\/09\/Logo-Original.png","contentUrl":"https:\/\/experienciadevida.com.ar\/portalurbano\/wp-content\/uploads\/2019\/09\/Logo-Original.png","width":2236,"height":1216,"caption":"Portal Urbano"},"image":{"@id":"https:\/\/experienciadevida.com.ar\/portalurbano\/#\/schema\/logo\/image\/"},"sameAs":["https:\/\/www.facebook.com\/Portal-Urbano-171542830093757\/","https:\/\/twitter.com\/portalurbanook","https:\/\/www.instagram.com\/_portalurbano\/","https:\/\/www.youtube.com\/channel\/UCXhagIfszH8KxFiOok79zbA?view_as=subscriber"]},{"@type":"Person","@id":"https:\/\/experienciadevida.com.ar\/portalurbano\/#\/schema\/person\/02dd326b1c4b056e9cc972486934a3a7","name":"admpu17wp","image":{"@type":"ImageObject","inLanguage":"es","@id":"https:\/\/experienciadevida.com.ar\/portalurbano\/#\/schema\/person\/image\/","url":"https:\/\/secure.gravatar.com\/avatar\/830d4c57adaae6630765e449a6908047?s=96&d=mm&r=g","contentUrl":"https:\/\/secure.gravatar.com\/avatar\/830d4c57adaae6630765e449a6908047?s=96&d=mm&r=g","caption":"admpu17wp"}}]}},"featured_image_urls":{"full":["https:\/\/experienciadevida.com.ar\/portalurbano\/wp-content\/uploads\/2021\/01\/Restriccion-nocturna6.jpg",765,486,false],"thumbnail":["https:\/\/experienciadevida.com.ar\/portalurbano\/wp-content\/uploads\/2021\/01\/Restriccion-nocturna6-150x150.jpg",150,150,true],"medium":["https:\/\/experienciadevida.com.ar\/portalurbano\/wp-content\/uploads\/2021\/01\/Restriccion-nocturna6-300x191.jpg",300,191,true],"medium_large":["https:\/\/experienciadevida.com.ar\/portalurbano\/wp-content\/uploads\/2021\/01\/Restriccion-nocturna6.jpg",640,407,false],"large":["https:\/\/experienciadevida.com.ar\/portalurbano\/wp-content\/uploads\/2021\/01\/Restriccion-nocturna6.jpg",640,407,false],"ug_big":["https:\/\/experienciadevida.com.ar\/portalurbano\/wp-content\/uploads\/2021\/01\/Restriccion-nocturna6.jpg",765,486,false],"1536x1536":["https:\/\/experienciadevida.com.ar\/portalurbano\/wp-content\/uploads\/2021\/01\/Restriccion-nocturna6.jpg",765,486,false],"2048x2048":["https:\/\/experienciadevida.com.ar\/portalurbano\/wp-content\/uploads\/2021\/01\/Restriccion-nocturna6.jpg",765,486,false],"newsever-slider-full":["https:\/\/experienciadevida.com.ar\/portalurbano\/wp-content\/uploads\/2021\/01\/Restriccion-nocturna6.jpg",765,486,false],"newsever-featured":["https:\/\/experienciadevida.com.ar\/portalurbano\/wp-content\/uploads\/2021\/01\/Restriccion-nocturna6.jpg",765,486,false],"newsever-medium":["https:\/\/experienciadevida.com.ar\/portalurbano\/wp-content\/uploads\/2021\/01\/Restriccion-nocturna6.jpg",720,457,false],"web-stories-poster-portrait":["https:\/\/experienciadevida.com.ar\/portalurbano\/wp-content\/uploads\/2021\/01\/Restriccion-nocturna6.jpg",640,407,false],"web-stories-publisher-logo":["https:\/\/experienciadevida.com.ar\/portalurbano\/wp-content\/uploads\/2021\/01\/Restriccion-nocturna6.jpg",96,61,false],"web-stories-thumbnail":["https:\/\/experienciadevida.com.ar\/portalurbano\/wp-content\/uploads\/2021\/01\/Restriccion-nocturna6.jpg",150,95,false]},"author_info":{"display_name":"admpu17wp","author_link":"https:\/\/experienciadevida.com.ar\/portalurbano\/author\/admpu17wp\/"},"category_info":"<a href=\"https:\/\/experienciadevida.com.ar\/portalurbano\/category\/ciudad\/\" rel=\"category tag\">Ciudad<\/a>","tag_info":"Ciudad","comment_count":"0","amp_enabled":true,"_links":{"self":[{"href":"https:\/\/experienciadevida.com.ar\/portalurbano\/wp-json\/wp\/v2\/posts\/132514"}],"collection":[{"href":"https:\/\/experienciadevida.com.ar\/portalurbano\/wp-json\/wp\/v2\/posts"}],"about":[{"href":"https:\/\/experienciadevida.com.ar\/portalurbano\/wp-json\/wp\/v2\/types\/post"}],"author":[{"embeddable":true,"href":"https:\/\/experienciadevida.com.ar\/portalurbano\/wp-json\/wp\/v2\/users\/1"}],"replies":[{"embeddable":true,"href":"https:\/\/experienciadevida.com.ar\/portalurbano\/wp-json\/wp\/v2\/comments?post=132514"}],"version-history":[{"count":2,"href":"https:\/\/experienciadevida.com.ar\/portalurbano\/wp-json\/wp\/v2\/posts\/132514\/revisions"}],"predecessor-version":[{"id":132533,"href":"https:\/\/experienciadevida.com.ar\/portalurbano\/wp-json\/wp\/v2\/posts\/132514\/revisions\/132533"}],"wp:featuredmedia":[{"embeddable":true,"href":"https:\/\/experienciadevida.com.ar\/portalurbano\/wp-json\/wp\/v2\/media\/132515"}],"wp:attachment":[{"href":"https:\/\/experienciadevida.com.ar\/portalurbano\/wp-json\/wp\/v2\/media?parent=132514"}],"wp:term":[{"taxonomy":"category","embeddable":true,"href":"https:\/\/experienciadevida.com.ar\/portalurbano\/wp-json\/wp\/v2\/categories?post=132514"},{"taxonomy":"post_tag","embeddable":true,"href":"https:\/\/experienciadevida.com.ar\/portalurbano\/wp-json\/wp\/v2\/tags?post=132514"}],"curies":[{"name":"wp","href":"https:\/\/api.w.org\/{rel}","templated":true}]}}