{"id":132493,"date":"2021-01-14T14:11:58","date_gmt":"2021-01-14T17:11:58","guid":{"rendered":"https:\/\/experienciadevida.com.ar\/portalurbano\/?p=132493"},"modified":"2021-01-14T14:17:11","modified_gmt":"2021-01-14T17:17:11","slug":"este-jueves-se-reinicio-la-obra-de-la-escuela-n50","status":"publish","type":"post","link":"https:\/\/experienciadevida.com.ar\/portalurbano\/este-jueves-se-reinicio-la-obra-de-la-escuela-n50\/","title":{"rendered":"Este jueves se reinici\u00f3 la obra de la escuela n\u00b050"},"content":{"rendered":"<p>Este jueves se reinici\u00f3 la obra de la escuela n\u00b050. El Intendente visit\u00f3 la Instituci\u00f3n que se encuentra ubicada en la calle Espa\u00f1a y Mitre.<\/p>\n<p>Durante la recorrida, el Intendente estuvo acompa\u00f1ado por el secretario de Obras P\u00fablicas y Mantenimiento de la Municipalidad Julio Ferraro, quien indic\u00f3 que los trabajos comenzaron nuevamente hace diez d\u00edas aproximadamente, con una inversi\u00f3n oficial cercana a los 17 millones de pesos.<\/p>\n<p>Al respecto, el Intendente Galli resalt\u00f3 que \u201cpara la gesti\u00f3n municipal es muy importante poder reiniciar este tipo de obras en materia de infraestructura educativa, que tuvimos que frenar por la pandemia\u201d.<\/p>\n<p>Al mismo tiempo, agreg\u00f3 que \u201cson obras fundamentales, para que cuando los chicos vuelvan a las aulas lo hagan con todas las condiciones de infraestructura adecuadas y adem\u00e1s contemplando las medidas y protocolos sanitarios, para reencontrase con sus amigos y docentes\u201d.<\/p>\n<p>Por otra parte Galli se\u00f1al\u00f3 que \u201ccomo equipo siempre trabajamos fuertemente en este objetivo: es primordial que no haya m\u00e1s escuelas con asbesto ni letrinas\u201d.<\/p>\n<p>\u201cEs importante que cuando los chicos regresen a la escuela puedan tener un ambiente mejor, como as\u00ed tambi\u00e9n para toda la comunidad educativa que concurre diariamente\u201d, concluy\u00f3 Galli.<\/p>\n<p>Para reiniciar estas obras de infraestructura educativa se realiz\u00f3 un trabajo conjunto entre la Secretar\u00eda de Mantenimiento y Obras P\u00fablicas y la Secretar\u00eda de Econom\u00eda y Hacienda, a los efectos de poner en marcha todos los procesos administrativos necesarios.<\/p>\n<p>&nbsp;<\/p>\n<p>Descripci\u00f3n de la obra<\/p>\n<p>En una primera etapa, la obra comprende el retiro completo del techo de fibrocemento (asbesto) y el remplazo por uno totalmente nuevo de chapa acanalada.<\/p>\n<p>Otra de las reformas importantes, contempladas el sector de ba\u00f1os de la escuela, que se encontraban en desuso, en p\u00e9simas condiciones, por lo que se llevar\u00e1 a cabo la reforma completa en los sanitarios, en instalaciones, ca\u00f1er\u00edas, artefactos, divisiones interiores, terminaciones, grifer\u00edas y suministro de agua.<\/p>\n<p>Adem\u00e1s se realizar\u00e1 un nuevo acceso al patio, con la demolici\u00f3n de la oficina pedag\u00f3gica, que ser\u00e1 reubicada y pasar\u00e1 a formar parte de la ampliaci\u00f3n, al igual que la cocina y el gabinete. En tanto que la superficie donde se encuentra la cocina (junto con la bater\u00eda de ba\u00f1os) ser\u00e1 destinada para construir un ba\u00f1o para personas con movilidad reducida.<\/p>\n<p>Por otra parte, el espacio que ocupaba el gabinete, el kiosco y el dep\u00f3sito, ser\u00e1 cedido al taller de pl\u00e1stica. Adem\u00e1s a este \u00faltimo se le agregar\u00e1 una mesada y dos piletas para poder ser utilizado tambi\u00e9n como laboratorio.<\/p>\n<p>En la ampliaci\u00f3n se incluyen adem\u00e1s un ba\u00f1o para docentes, un dep\u00f3sito de cocina, porter\u00eda y kiosco.<\/p>\n<p>En el marco de la obra, se instalar\u00e1 un nuevo tablero el\u00e9ctrico, medidor con conexi\u00f3n trif\u00e1sica, tomas, corrientes y artefactos de iluminaci\u00f3n led e iluminaci\u00f3n exterior. El proyecto contempla adem\u00e1s la colocaci\u00f3n de nuevas aberturas y las tareas de pintura, que incluyen la totalidad de la escuela.<\/p>\n<p><a href=\"https:\/\/experienciadevida.com.ar\/portalurbano\/este-jueves-se-reinicio-la-obra-de-la-escuela-n50\/obras-61\/\" rel=\"attachment wp-att-132498\"><img decoding=\"async\" class=\"alignnone size-full wp-image-132498\" src=\"https:\/\/experienciadevida.com.ar\/portalurbano\/wp-content\/uploads\/2021\/01\/Obras.jpg\" alt=\"Obras \" width=\"765\" height=\"511\" srcset=\"https:\/\/experienciadevida.com.ar\/portalurbano\/wp-content\/uploads\/2021\/01\/Obras.jpg 765w, https:\/\/experienciadevida.com.ar\/portalurbano\/wp-content\/uploads\/2021\/01\/Obras-300x200.jpg 300w\" sizes=\"(max-width: 765px) 100vw, 765px\" \/><\/a><\/p>\n","protected":false},"excerpt":{"rendered":"<p>Este jueves se reinici\u00f3 la obra de la escuela n\u00b050. El Intendente visit\u00f3 la Instituci\u00f3n&#8230;<\/p>\n","protected":false},"author":1,"featured_media":132494,"comment_status":"closed","ping_status":"closed","sticky":false,"template":"","format":"standard","meta":{"content-type":""},"categories":[27,51],"tags":[],"nelio_content":{"isAutoShareEnabled":false,"autoShareEndMode":"default","automationSources":{"useContentSentences":true,"useSocialTemplates":true,"useCustomSentences":false,"customSentences":[]},"followers":[1],"suggestedReferences":[],"includedReferences":[],"efiUrl":"","efiAlt":"","highlights":[]},"yoast_head":"<!-- This site is optimized with the Yoast SEO plugin v20.7 - https:\/\/yoast.com\/wordpress\/plugins\/seo\/ -->\n<title>Este jueves se reinici\u00f3 la obra de la escuela n\u00b050<\/title>\n<meta name=\"description\" content=\"Este jueves se reinici\u00f3 la obra de la escuela n\u00b050. El Intendente visit\u00f3 la Instituci\u00f3n, la inversi\u00f3n es de 17 millones de pesos.\" \/>\n<meta name=\"robots\" content=\"index, follow, max-snippet:-1, max-image-preview:large, max-video-preview:-1\" \/>\n<link rel=\"canonical\" href=\"https:\/\/experienciadevida.com.ar\/portalurbano\/este-jueves-se-reinicio-la-obra-de-la-escuela-n50\/\" \/>\n<meta property=\"og:locale\" content=\"es_ES\" \/>\n<meta property=\"og:type\" content=\"article\" \/>\n<meta property=\"og:title\" content=\"Este jueves se reinici\u00f3 la obra de la escuela n\u00b050\" \/>\n<meta property=\"og:description\" content=\"Este jueves se reinici\u00f3 la obra de la escuela n\u00b050. El Intendente visit\u00f3 la Instituci\u00f3n, la inversi\u00f3n es de 17 millones de pesos.\" \/>\n<meta property=\"og:url\" content=\"https:\/\/experienciadevida.com.ar\/portalurbano\/este-jueves-se-reinicio-la-obra-de-la-escuela-n50\/\" \/>\n<meta property=\"article:publisher\" content=\"https:\/\/www.facebook.com\/Portal-Urbano-171542830093757\/\" \/>\n<meta property=\"article:published_time\" content=\"2021-01-14T17:11:58+00:00\" \/>\n<meta property=\"article:modified_time\" content=\"2021-01-14T17:17:11+00:00\" \/>\n<meta property=\"og:image\" content=\"https:\/\/experienciadevida.com.ar\/portalurbano\/wp-content\/uploads\/2021\/01\/Se-reinicio-la-obra-e1610644307991.jpg\" \/>\n\t<meta property=\"og:image:width\" content=\"765\" \/>\n\t<meta property=\"og:image:height\" content=\"511\" \/>\n\t<meta property=\"og:image:type\" content=\"image\/jpeg\" \/>\n<meta name=\"author\" content=\"admpu17wp\" \/>\n<meta name=\"twitter:card\" content=\"summary_large_image\" \/>\n<meta name=\"twitter:creator\" content=\"@portalurbanook\" \/>\n<meta name=\"twitter:site\" content=\"@portalurbanook\" \/>\n<meta name=\"twitter:label1\" content=\"Escrito por\" \/>\n\t<meta name=\"twitter:data1\" content=\"admpu17wp\" \/>\n\t<meta name=\"twitter:label2\" content=\"Tiempo de lectura\" \/>\n\t<meta name=\"twitter:data2\" content=\"3 minutos\" \/>\n<script type=\"application\/ld+json\" class=\"yoast-schema-graph\">{\"@context\":\"https:\/\/schema.org\",\"@graph\":[{\"@type\":\"Article\",\"@id\":\"https:\/\/experienciadevida.com.ar\/portalurbano\/este-jueves-se-reinicio-la-obra-de-la-escuela-n50\/#article\",\"isPartOf\":{\"@id\":\"https:\/\/experienciadevida.com.ar\/portalurbano\/este-jueves-se-reinicio-la-obra-de-la-escuela-n50\/\"},\"author\":{\"name\":\"admpu17wp\",\"@id\":\"https:\/\/experienciadevida.com.ar\/portalurbano\/#\/schema\/person\/02dd326b1c4b056e9cc972486934a3a7\"},\"headline\":\"Este jueves se reinici\u00f3 la obra de la escuela n\u00b050\",\"datePublished\":\"2021-01-14T17:11:58+00:00\",\"dateModified\":\"2021-01-14T17:17:11+00:00\",\"mainEntityOfPage\":{\"@id\":\"https:\/\/experienciadevida.com.ar\/portalurbano\/este-jueves-se-reinicio-la-obra-de-la-escuela-n50\/\"},\"wordCount\":525,\"publisher\":{\"@id\":\"https:\/\/experienciadevida.com.ar\/portalurbano\/#organization\"},\"articleSection\":[\"Ciudad\",\"Destacadas\"],\"inLanguage\":\"es\"},{\"@type\":\"WebPage\",\"@id\":\"https:\/\/experienciadevida.com.ar\/portalurbano\/este-jueves-se-reinicio-la-obra-de-la-escuela-n50\/\",\"url\":\"https:\/\/experienciadevida.com.ar\/portalurbano\/este-jueves-se-reinicio-la-obra-de-la-escuela-n50\/\",\"name\":\"Este jueves se reinici\u00f3 la obra de la escuela n\u00b050\",\"isPartOf\":{\"@id\":\"https:\/\/experienciadevida.com.ar\/portalurbano\/#website\"},\"datePublished\":\"2021-01-14T17:11:58+00:00\",\"dateModified\":\"2021-01-14T17:17:11+00:00\",\"description\":\"Este jueves se reinici\u00f3 la obra de la escuela n\u00b050. El Intendente visit\u00f3 la Instituci\u00f3n, la inversi\u00f3n es de 17 millones de pesos.\",\"breadcrumb\":{\"@id\":\"https:\/\/experienciadevida.com.ar\/portalurbano\/este-jueves-se-reinicio-la-obra-de-la-escuela-n50\/#breadcrumb\"},\"inLanguage\":\"es\",\"potentialAction\":[{\"@type\":\"ReadAction\",\"target\":[\"https:\/\/experienciadevida.com.ar\/portalurbano\/este-jueves-se-reinicio-la-obra-de-la-escuela-n50\/\"]}]},{\"@type\":\"BreadcrumbList\",\"@id\":\"https:\/\/experienciadevida.com.ar\/portalurbano\/este-jueves-se-reinicio-la-obra-de-la-escuela-n50\/#breadcrumb\",\"itemListElement\":[{\"@type\":\"ListItem\",\"position\":1,\"name\":\"Portada\",\"item\":\"https:\/\/experienciadevida.com.ar\/portalurbano\/\"},{\"@type\":\"ListItem\",\"position\":2,\"name\":\"Este jueves se reinici\u00f3 la obra de la escuela n\u00b050\"}]},{\"@type\":\"WebSite\",\"@id\":\"https:\/\/experienciadevida.com.ar\/portalurbano\/#website\",\"url\":\"https:\/\/experienciadevida.com.ar\/portalurbano\/\",\"name\":\"\",\"description\":\"\",\"publisher\":{\"@id\":\"https:\/\/experienciadevida.com.ar\/portalurbano\/#organization\"},\"potentialAction\":[{\"@type\":\"SearchAction\",\"target\":{\"@type\":\"EntryPoint\",\"urlTemplate\":\"https:\/\/experienciadevida.com.ar\/portalurbano\/?s={search_term_string}\"},\"query-input\":\"required name=search_term_string\"}],\"inLanguage\":\"es\"},{\"@type\":\"Organization\",\"@id\":\"https:\/\/experienciadevida.com.ar\/portalurbano\/#organization\",\"name\":\"Portal Urbano\",\"url\":\"https:\/\/experienciadevida.com.ar\/portalurbano\/\",\"logo\":{\"@type\":\"ImageObject\",\"inLanguage\":\"es\",\"@id\":\"https:\/\/experienciadevida.com.ar\/portalurbano\/#\/schema\/logo\/image\/\",\"url\":\"https:\/\/experienciadevida.com.ar\/portalurbano\/wp-content\/uploads\/2019\/09\/Logo-Original.png\",\"contentUrl\":\"https:\/\/experienciadevida.com.ar\/portalurbano\/wp-content\/uploads\/2019\/09\/Logo-Original.png\",\"width\":2236,\"height\":1216,\"caption\":\"Portal Urbano\"},\"image\":{\"@id\":\"https:\/\/experienciadevida.com.ar\/portalurbano\/#\/schema\/logo\/image\/\"},\"sameAs\":[\"https:\/\/www.facebook.com\/Portal-Urbano-171542830093757\/\",\"https:\/\/twitter.com\/portalurbanook\",\"https:\/\/www.instagram.com\/_portalurbano\/\",\"https:\/\/www.youtube.com\/channel\/UCXhagIfszH8KxFiOok79zbA?view_as=subscriber\"]},{\"@type\":\"Person\",\"@id\":\"https:\/\/experienciadevida.com.ar\/portalurbano\/#\/schema\/person\/02dd326b1c4b056e9cc972486934a3a7\",\"name\":\"admpu17wp\",\"image\":{\"@type\":\"ImageObject\",\"inLanguage\":\"es\",\"@id\":\"https:\/\/experienciadevida.com.ar\/portalurbano\/#\/schema\/person\/image\/\",\"url\":\"https:\/\/secure.gravatar.com\/avatar\/830d4c57adaae6630765e449a6908047?s=96&d=mm&r=g\",\"contentUrl\":\"https:\/\/secure.gravatar.com\/avatar\/830d4c57adaae6630765e449a6908047?s=96&d=mm&r=g\",\"caption\":\"admpu17wp\"}}]}<\/script>\n<!-- \/ Yoast SEO plugin. -->","yoast_head_json":{"title":"Este jueves se reinici\u00f3 la obra de la escuela n\u00b050","description":"Este jueves se reinici\u00f3 la obra de la escuela n\u00b050. El Intendente visit\u00f3 la Instituci\u00f3n, la inversi\u00f3n es de 17 millones de pesos.","robots":{"index":"index","follow":"follow","max-snippet":"max-snippet:-1","max-image-preview":"max-image-preview:large","max-video-preview":"max-video-preview:-1"},"canonical":"https:\/\/experienciadevida.com.ar\/portalurbano\/este-jueves-se-reinicio-la-obra-de-la-escuela-n50\/","og_locale":"es_ES","og_type":"article","og_title":"Este jueves se reinici\u00f3 la obra de la escuela n\u00b050","og_description":"Este jueves se reinici\u00f3 la obra de la escuela n\u00b050. El Intendente visit\u00f3 la Instituci\u00f3n, la inversi\u00f3n es de 17 millones de pesos.","og_url":"https:\/\/experienciadevida.com.ar\/portalurbano\/este-jueves-se-reinicio-la-obra-de-la-escuela-n50\/","article_publisher":"https:\/\/www.facebook.com\/Portal-Urbano-171542830093757\/","article_published_time":"2021-01-14T17:11:58+00:00","article_modified_time":"2021-01-14T17:17:11+00:00","og_image":[{"width":765,"height":511,"url":"https:\/\/experienciadevida.com.ar\/portalurbano\/wp-content\/uploads\/2021\/01\/Se-reinicio-la-obra-e1610644307991.jpg","type":"image\/jpeg"}],"author":"admpu17wp","twitter_card":"summary_large_image","twitter_creator":"@portalurbanook","twitter_site":"@portalurbanook","twitter_misc":{"Escrito por":"admpu17wp","Tiempo de lectura":"3 minutos"},"schema":{"@context":"https:\/\/schema.org","@graph":[{"@type":"Article","@id":"https:\/\/experienciadevida.com.ar\/portalurbano\/este-jueves-se-reinicio-la-obra-de-la-escuela-n50\/#article","isPartOf":{"@id":"https:\/\/experienciadevida.com.ar\/portalurbano\/este-jueves-se-reinicio-la-obra-de-la-escuela-n50\/"},"author":{"name":"admpu17wp","@id":"https:\/\/experienciadevida.com.ar\/portalurbano\/#\/schema\/person\/02dd326b1c4b056e9cc972486934a3a7"},"headline":"Este jueves se reinici\u00f3 la obra de la escuela n\u00b050","datePublished":"2021-01-14T17:11:58+00:00","dateModified":"2021-01-14T17:17:11+00:00","mainEntityOfPage":{"@id":"https:\/\/experienciadevida.com.ar\/portalurbano\/este-jueves-se-reinicio-la-obra-de-la-escuela-n50\/"},"wordCount":525,"publisher":{"@id":"https:\/\/experienciadevida.com.ar\/portalurbano\/#organization"},"articleSection":["Ciudad","Destacadas"],"inLanguage":"es"},{"@type":"WebPage","@id":"https:\/\/experienciadevida.com.ar\/portalurbano\/este-jueves-se-reinicio-la-obra-de-la-escuela-n50\/","url":"https:\/\/experienciadevida.com.ar\/portalurbano\/este-jueves-se-reinicio-la-obra-de-la-escuela-n50\/","name":"Este jueves se reinici\u00f3 la obra de la escuela n\u00b050","isPartOf":{"@id":"https:\/\/experienciadevida.com.ar\/portalurbano\/#website"},"datePublished":"2021-01-14T17:11:58+00:00","dateModified":"2021-01-14T17:17:11+00:00","description":"Este jueves se reinici\u00f3 la obra de la escuela n\u00b050. El Intendente visit\u00f3 la Instituci\u00f3n, la inversi\u00f3n es de 17 millones de pesos.","breadcrumb":{"@id":"https:\/\/experienciadevida.com.ar\/portalurbano\/este-jueves-se-reinicio-la-obra-de-la-escuela-n50\/#breadcrumb"},"inLanguage":"es","potentialAction":[{"@type":"ReadAction","target":["https:\/\/experienciadevida.com.ar\/portalurbano\/este-jueves-se-reinicio-la-obra-de-la-escuela-n50\/"]}]},{"@type":"BreadcrumbList","@id":"https:\/\/experienciadevida.com.ar\/portalurbano\/este-jueves-se-reinicio-la-obra-de-la-escuela-n50\/#breadcrumb","itemListElement":[{"@type":"ListItem","position":1,"name":"Portada","item":"https:\/\/experienciadevida.com.ar\/portalurbano\/"},{"@type":"ListItem","position":2,"name":"Este jueves se reinici\u00f3 la obra de la escuela n\u00b050"}]},{"@type":"WebSite","@id":"https:\/\/experienciadevida.com.ar\/portalurbano\/#website","url":"https:\/\/experienciadevida.com.ar\/portalurbano\/","name":"","description":"","publisher":{"@id":"https:\/\/experienciadevida.com.ar\/portalurbano\/#organization"},"potentialAction":[{"@type":"SearchAction","target":{"@type":"EntryPoint","urlTemplate":"https:\/\/experienciadevida.com.ar\/portalurbano\/?s={search_term_string}"},"query-input":"required name=search_term_string"}],"inLanguage":"es"},{"@type":"Organization","@id":"https:\/\/experienciadevida.com.ar\/portalurbano\/#organization","name":"Portal Urbano","url":"https:\/\/experienciadevida.com.ar\/portalurbano\/","logo":{"@type":"ImageObject","inLanguage":"es","@id":"https:\/\/experienciadevida.com.ar\/portalurbano\/#\/schema\/logo\/image\/","url":"https:\/\/experienciadevida.com.ar\/portalurbano\/wp-content\/uploads\/2019\/09\/Logo-Original.png","contentUrl":"https:\/\/experienciadevida.com.ar\/portalurbano\/wp-content\/uploads\/2019\/09\/Logo-Original.png","width":2236,"height":1216,"caption":"Portal Urbano"},"image":{"@id":"https:\/\/experienciadevida.com.ar\/portalurbano\/#\/schema\/logo\/image\/"},"sameAs":["https:\/\/www.facebook.com\/Portal-Urbano-171542830093757\/","https:\/\/twitter.com\/portalurbanook","https:\/\/www.instagram.com\/_portalurbano\/","https:\/\/www.youtube.com\/channel\/UCXhagIfszH8KxFiOok79zbA?view_as=subscriber"]},{"@type":"Person","@id":"https:\/\/experienciadevida.com.ar\/portalurbano\/#\/schema\/person\/02dd326b1c4b056e9cc972486934a3a7","name":"admpu17wp","image":{"@type":"ImageObject","inLanguage":"es","@id":"https:\/\/experienciadevida.com.ar\/portalurbano\/#\/schema\/person\/image\/","url":"https:\/\/secure.gravatar.com\/avatar\/830d4c57adaae6630765e449a6908047?s=96&d=mm&r=g","contentUrl":"https:\/\/secure.gravatar.com\/avatar\/830d4c57adaae6630765e449a6908047?s=96&d=mm&r=g","caption":"admpu17wp"}}]}},"featured_image_urls":{"full":["https:\/\/experienciadevida.com.ar\/portalurbano\/wp-content\/uploads\/2021\/01\/Se-reinicio-la-obra-e1610644307991.jpg",765,511,false],"thumbnail":["https:\/\/experienciadevida.com.ar\/portalurbano\/wp-content\/uploads\/2021\/01\/Se-reinicio-la-obra-150x150.jpg",150,150,true],"medium":["https:\/\/experienciadevida.com.ar\/portalurbano\/wp-content\/uploads\/2021\/01\/Se-reinicio-la-obra-300x201.jpg",300,201,true],"medium_large":["https:\/\/experienciadevida.com.ar\/portalurbano\/wp-content\/uploads\/2021\/01\/Se-reinicio-la-obra-768x513.jpg",640,428,true],"large":["https:\/\/experienciadevida.com.ar\/portalurbano\/wp-content\/uploads\/2021\/01\/Se-reinicio-la-obra-1024x684.jpg",640,428,true],"ug_big":["https:\/\/experienciadevida.com.ar\/portalurbano\/wp-content\/uploads\/2021\/01\/Se-reinicio-la-obra-768x513.jpg",768,513,true],"1536x1536":["https:\/\/experienciadevida.com.ar\/portalurbano\/wp-content\/uploads\/2021\/01\/Se-reinicio-la-obra-1536x1027.jpg",1536,1027,true],"2048x2048":["https:\/\/experienciadevida.com.ar\/portalurbano\/wp-content\/uploads\/2021\/01\/Se-reinicio-la-obra-2048x1369.jpg",2048,1369,true],"newsever-slider-full":["https:\/\/experienciadevida.com.ar\/portalurbano\/wp-content\/uploads\/2021\/01\/Se-reinicio-la-obra-e1610644307991.jpg",765,511,false],"newsever-featured":["https:\/\/experienciadevida.com.ar\/portalurbano\/wp-content\/uploads\/2021\/01\/Se-reinicio-la-obra-e1610644307991.jpg",765,511,false],"newsever-medium":["https:\/\/experienciadevida.com.ar\/portalurbano\/wp-content\/uploads\/2021\/01\/Se-reinicio-la-obra-e1610644307991.jpg",711,475,false],"web-stories-poster-portrait":["https:\/\/experienciadevida.com.ar\/portalurbano\/wp-content\/uploads\/2021\/01\/Se-reinicio-la-obra-e1610644307991.jpg",640,428,false],"web-stories-publisher-logo":["https:\/\/experienciadevida.com.ar\/portalurbano\/wp-content\/uploads\/2021\/01\/Se-reinicio-la-obra-e1610644307991.jpg",96,64,false],"web-stories-thumbnail":["https:\/\/experienciadevida.com.ar\/portalurbano\/wp-content\/uploads\/2021\/01\/Se-reinicio-la-obra-e1610644307991.jpg",150,100,false]},"author_info":{"display_name":"admpu17wp","author_link":"https:\/\/experienciadevida.com.ar\/portalurbano\/author\/admpu17wp\/"},"category_info":"<a href=\"https:\/\/experienciadevida.com.ar\/portalurbano\/category\/ciudad\/\" rel=\"category tag\">Ciudad<\/a> <a href=\"https:\/\/experienciadevida.com.ar\/portalurbano\/category\/destacadas\/\" rel=\"category tag\">Destacadas<\/a>","tag_info":"Destacadas","comment_count":"0","amp_enabled":true,"_links":{"self":[{"href":"https:\/\/experienciadevida.com.ar\/portalurbano\/wp-json\/wp\/v2\/posts\/132493"}],"collection":[{"href":"https:\/\/experienciadevida.com.ar\/portalurbano\/wp-json\/wp\/v2\/posts"}],"about":[{"href":"https:\/\/experienciadevida.com.ar\/portalurbano\/wp-json\/wp\/v2\/types\/post"}],"author":[{"embeddable":true,"href":"https:\/\/experienciadevida.com.ar\/portalurbano\/wp-json\/wp\/v2\/users\/1"}],"replies":[{"embeddable":true,"href":"https:\/\/experienciadevida.com.ar\/portalurbano\/wp-json\/wp\/v2\/comments?post=132493"}],"version-history":[{"count":4,"href":"https:\/\/experienciadevida.com.ar\/portalurbano\/wp-json\/wp\/v2\/posts\/132493\/revisions"}],"predecessor-version":[{"id":132499,"href":"https:\/\/experienciadevida.com.ar\/portalurbano\/wp-json\/wp\/v2\/posts\/132493\/revisions\/132499"}],"wp:featuredmedia":[{"embeddable":true,"href":"https:\/\/experienciadevida.com.ar\/portalurbano\/wp-json\/wp\/v2\/media\/132494"}],"wp:attachment":[{"href":"https:\/\/experienciadevida.com.ar\/portalurbano\/wp-json\/wp\/v2\/media?parent=132493"}],"wp:term":[{"taxonomy":"category","embeddable":true,"href":"https:\/\/experienciadevida.com.ar\/portalurbano\/wp-json\/wp\/v2\/categories?post=132493"},{"taxonomy":"post_tag","embeddable":true,"href":"https:\/\/experienciadevida.com.ar\/portalurbano\/wp-json\/wp\/v2\/tags?post=132493"}],"curies":[{"name":"wp","href":"https:\/\/api.w.org\/{rel}","templated":true}]}}