{"id":132459,"date":"2021-01-14T11:25:56","date_gmt":"2021-01-14T14:25:56","guid":{"rendered":"https:\/\/experienciadevida.com.ar\/portalurbano\/?p=132459"},"modified":"2021-01-14T11:33:24","modified_gmt":"2021-01-14T14:33:24","slug":"marcelo-fabbi-somos-una-sociedad-que-transgrede-esta-en-el-adn","status":"publish","type":"post","link":"https:\/\/experienciadevida.com.ar\/portalurbano\/marcelo-fabbi-somos-una-sociedad-que-transgrede-esta-en-el-adn\/","title":{"rendered":"Marcelo Fabbi: &#8220;Somos una sociedad que transgrede, est\u00e1 en el ADN&#8221;"},"content":{"rendered":"<p>Marcelo Fabbi, Subsecretario de Asuntos Legales de la Municipalidad de Olavarr\u00eda, inform\u00f3 sobre las nuevas restricciones a la nocturnidad, teniendo en cuenta que del 12 al 25 de enero hay l\u00edmites a la actividad comercial nocturna entre la una y las seis de la ma\u00f1ana.<\/p>\n<p>Expres\u00f3 \u00ab<em>infracciones hay todo el tiempo, el fin \u00faltimo de la norma es ver si se puede controlar lo que se denominan las fiestas clandestinas, es la gran preocupaci\u00f3n de provincia y de alguna manera est\u00e1 reflejada en todos los municipios por la franja etaria donde est\u00e1n impactando los contagios nuevos que va de los 17 a los 30 a\u00f1os\u00bb.<\/em><\/p>\n<p><em>&#8220;Lamentablemente infracciones hay todo el tiempo, el fin \u00faltimo de la norma es ver si se puede lo que se denomina &#8220;las fiestas clandestinas&#8221;, la gran preocupaci\u00f3n de Provincia, de alguna manera est\u00e1 reflejada en todos los Municipios por la franja het\u00e1rea donde est\u00e1n impactando los contagios nuevos que va entre los 17 y los 30 a\u00f1os cuando durante todo el 2020 siempre afect\u00f3 una franja hetarea mayor, por ah\u00ed era gente que estaba m\u00e1s vinculada a su actividad laboral, vemos cierto relajamiento en los cuidados impactando directamente en la curva de contagios&#8221;.<\/em><\/p>\n<p>A su vez dijo &#8220;<em>las multas dependen del Juzgado de faltas, si bien uno tiene contacto y est\u00e1 interiorizado no es un \u00e1mbito que dependa de uno. Hay labradas entre 70 y 80 expedientes, pero no son multas que se imponen de manera autom\u00e1tica&#8221;.<\/em><\/p>\n<p><em>&#8220;Es una norma que trata de ser disuasiva para que los ciudadanos no violen el DISPO impuesta por el Presidente. La multa se puede hacer tanto para organizadores como para concurrentes. No hay que poner a los j\u00f3venes como los grandes culpables de esta situaci\u00f3n, estamos en una situaci\u00f3n muy compleja y la realidad es que los chicos de esa edad pr\u00e1cticamente\u00a0 ninguno ha tenido s\u00edntomas o por lo menos complicaciones cuando han atravesado la enfermedad, los chicos han perdido por completo el miedo y el Estado no ha sabido llegarle a los j\u00f3venes con una comunicaci\u00f3n certera y efectiva de c\u00f3mo colaborar en esta situaci\u00f3n&#8221;.<\/em><\/p>\n<p>Adem\u00e1s &#8220;<em>pr\u00e1cticamente se opt\u00f3 \u00fanicamente por encerrarlos y estamos pagando las consecuencias.\u00a0 Culturalmente tenemos una educaci\u00f3n que de alguna manera se va deteriorando, el trasgedir las leyes evidentemente es algo que est\u00e1 en el ADN Argentino, y se va aseverando con el correr de los a\u00f1os&#8221;.<\/em><\/p>\n<p>&#8220;Somos una sociedad que trasgrede, el Argentino pone la moral propia por delante de la ley\u00a0 y es dif\u00edcil manejarlo pero la ley est\u00e1 por encima de todo y deber\u00edamos cumplirla&#8221;.<\/p>\n<p>Por \u00faltimo dijo &#8220;quiero pedir que no nos relajemos\u00a0 que la segunda ola puede llegar a ser m\u00e1s compleja que la primera, hay normas muy sencillas que debemos incorporar hasta tanto\u00a0 vacunen un alto n\u00famero de la poblaci\u00f3n, que tampoco las veo tan complejas de llevar a cabo que es la utilizaci\u00f3n del tapaboca en todo momento, respetar la distancia. Hay que tratar de llevar una vida lo m\u00e1s normal posible pero respetando el distanciamiento social&#8221;.<\/p>\n<p>&#8220;Pedirle a la sociedad que refuerce los cuidados, que en alg\u00fan momento los cumpli\u00f3 y muy bien y que notamos con el correr del tiempo se est\u00e1n relajando&#8221;.<\/p>\n<p>Fuente: Cadena 103.<\/p>\n<p>Foto: Radio Olavarr\u00eda<\/p>\n","protected":false},"excerpt":{"rendered":"<p>Marcelo Fabbi, Subsecretario de Asuntos Legales de la Municipalidad de Olavarr\u00eda, inform\u00f3 sobre las nuevas&#8230;<\/p>\n","protected":false},"author":1,"featured_media":132464,"comment_status":"closed","ping_status":"closed","sticky":false,"template":"","format":"standard","meta":{"content-type":""},"categories":[27,51],"tags":[],"nelio_content":{"isAutoShareEnabled":false,"autoShareEndMode":"default","automationSources":{"useContentSentences":true,"useSocialTemplates":true,"useCustomSentences":false,"customSentences":[]},"followers":[1],"suggestedReferences":[],"includedReferences":[],"efiUrl":"","efiAlt":"","highlights":[]},"yoast_head":"<!-- This site is optimized with the Yoast SEO plugin v20.7 - https:\/\/yoast.com\/wordpress\/plugins\/seo\/ -->\n<title>Marcelo Fabbi: &quot;Somos una sociedad que transgrede, est\u00e1 en el ADN&quot;<\/title>\n<meta name=\"description\" content=\"Marcelo Fabbi, Subsecretario de Asuntos Legales de la Municipalidad de Olavarr\u00eda, inform\u00f3 sobre las nuevas restricciones a la nocturnidad\" \/>\n<meta name=\"robots\" content=\"index, follow, max-snippet:-1, max-image-preview:large, max-video-preview:-1\" \/>\n<link rel=\"canonical\" href=\"https:\/\/experienciadevida.com.ar\/portalurbano\/marcelo-fabbi-somos-una-sociedad-que-transgrede-esta-en-el-adn\/\" \/>\n<meta property=\"og:locale\" content=\"es_ES\" \/>\n<meta property=\"og:type\" content=\"article\" \/>\n<meta property=\"og:title\" content=\"Marcelo Fabbi: &quot;Somos una sociedad que transgrede, est\u00e1 en el ADN&quot;\" \/>\n<meta property=\"og:description\" content=\"Marcelo Fabbi, Subsecretario de Asuntos Legales de la Municipalidad de Olavarr\u00eda, inform\u00f3 sobre las nuevas restricciones a la nocturnidad\" \/>\n<meta property=\"og:url\" content=\"https:\/\/experienciadevida.com.ar\/portalurbano\/marcelo-fabbi-somos-una-sociedad-que-transgrede-esta-en-el-adn\/\" \/>\n<meta property=\"article:publisher\" content=\"https:\/\/www.facebook.com\/Portal-Urbano-171542830093757\/\" \/>\n<meta property=\"article:published_time\" content=\"2021-01-14T14:25:56+00:00\" \/>\n<meta property=\"article:modified_time\" content=\"2021-01-14T14:33:24+00:00\" \/>\n<meta property=\"og:image\" content=\"https:\/\/experienciadevida.com.ar\/portalurbano\/wp-content\/uploads\/2021\/01\/Marcelo-Fabbi.jpg\" \/>\n\t<meta property=\"og:image:width\" content=\"828\" \/>\n\t<meta property=\"og:image:height\" content=\"526\" \/>\n\t<meta property=\"og:image:type\" content=\"image\/jpeg\" \/>\n<meta name=\"author\" content=\"admpu17wp\" \/>\n<meta name=\"twitter:card\" content=\"summary_large_image\" \/>\n<meta name=\"twitter:creator\" content=\"@portalurbanook\" \/>\n<meta name=\"twitter:site\" content=\"@portalurbanook\" \/>\n<meta name=\"twitter:label1\" content=\"Escrito por\" \/>\n\t<meta name=\"twitter:data1\" content=\"admpu17wp\" \/>\n\t<meta name=\"twitter:label2\" content=\"Tiempo de lectura\" \/>\n\t<meta name=\"twitter:data2\" content=\"3 minutos\" \/>\n<script type=\"application\/ld+json\" class=\"yoast-schema-graph\">{\"@context\":\"https:\/\/schema.org\",\"@graph\":[{\"@type\":\"Article\",\"@id\":\"https:\/\/experienciadevida.com.ar\/portalurbano\/marcelo-fabbi-somos-una-sociedad-que-transgrede-esta-en-el-adn\/#article\",\"isPartOf\":{\"@id\":\"https:\/\/experienciadevida.com.ar\/portalurbano\/marcelo-fabbi-somos-una-sociedad-que-transgrede-esta-en-el-adn\/\"},\"author\":{\"name\":\"admpu17wp\",\"@id\":\"https:\/\/experienciadevida.com.ar\/portalurbano\/#\/schema\/person\/02dd326b1c4b056e9cc972486934a3a7\"},\"headline\":\"Marcelo Fabbi: &#8220;Somos una sociedad que transgrede, est\u00e1 en el ADN&#8221;\",\"datePublished\":\"2021-01-14T14:25:56+00:00\",\"dateModified\":\"2021-01-14T14:33:24+00:00\",\"mainEntityOfPage\":{\"@id\":\"https:\/\/experienciadevida.com.ar\/portalurbano\/marcelo-fabbi-somos-una-sociedad-que-transgrede-esta-en-el-adn\/\"},\"wordCount\":571,\"publisher\":{\"@id\":\"https:\/\/experienciadevida.com.ar\/portalurbano\/#organization\"},\"articleSection\":[\"Ciudad\",\"Destacadas\"],\"inLanguage\":\"es\"},{\"@type\":\"WebPage\",\"@id\":\"https:\/\/experienciadevida.com.ar\/portalurbano\/marcelo-fabbi-somos-una-sociedad-que-transgrede-esta-en-el-adn\/\",\"url\":\"https:\/\/experienciadevida.com.ar\/portalurbano\/marcelo-fabbi-somos-una-sociedad-que-transgrede-esta-en-el-adn\/\",\"name\":\"Marcelo Fabbi: \\\"Somos una sociedad que transgrede, est\u00e1 en el ADN\\\"\",\"isPartOf\":{\"@id\":\"https:\/\/experienciadevida.com.ar\/portalurbano\/#website\"},\"datePublished\":\"2021-01-14T14:25:56+00:00\",\"dateModified\":\"2021-01-14T14:33:24+00:00\",\"description\":\"Marcelo Fabbi, Subsecretario de Asuntos Legales de la Municipalidad de Olavarr\u00eda, inform\u00f3 sobre las nuevas restricciones a la nocturnidad\",\"breadcrumb\":{\"@id\":\"https:\/\/experienciadevida.com.ar\/portalurbano\/marcelo-fabbi-somos-una-sociedad-que-transgrede-esta-en-el-adn\/#breadcrumb\"},\"inLanguage\":\"es\",\"potentialAction\":[{\"@type\":\"ReadAction\",\"target\":[\"https:\/\/experienciadevida.com.ar\/portalurbano\/marcelo-fabbi-somos-una-sociedad-que-transgrede-esta-en-el-adn\/\"]}]},{\"@type\":\"BreadcrumbList\",\"@id\":\"https:\/\/experienciadevida.com.ar\/portalurbano\/marcelo-fabbi-somos-una-sociedad-que-transgrede-esta-en-el-adn\/#breadcrumb\",\"itemListElement\":[{\"@type\":\"ListItem\",\"position\":1,\"name\":\"Portada\",\"item\":\"https:\/\/experienciadevida.com.ar\/portalurbano\/\"},{\"@type\":\"ListItem\",\"position\":2,\"name\":\"Marcelo Fabbi: \u00abSomos una sociedad que transgrede, est\u00e1 en el ADN\u00bb\"}]},{\"@type\":\"WebSite\",\"@id\":\"https:\/\/experienciadevida.com.ar\/portalurbano\/#website\",\"url\":\"https:\/\/experienciadevida.com.ar\/portalurbano\/\",\"name\":\"\",\"description\":\"\",\"publisher\":{\"@id\":\"https:\/\/experienciadevida.com.ar\/portalurbano\/#organization\"},\"potentialAction\":[{\"@type\":\"SearchAction\",\"target\":{\"@type\":\"EntryPoint\",\"urlTemplate\":\"https:\/\/experienciadevida.com.ar\/portalurbano\/?s={search_term_string}\"},\"query-input\":\"required name=search_term_string\"}],\"inLanguage\":\"es\"},{\"@type\":\"Organization\",\"@id\":\"https:\/\/experienciadevida.com.ar\/portalurbano\/#organization\",\"name\":\"Portal Urbano\",\"url\":\"https:\/\/experienciadevida.com.ar\/portalurbano\/\",\"logo\":{\"@type\":\"ImageObject\",\"inLanguage\":\"es\",\"@id\":\"https:\/\/experienciadevida.com.ar\/portalurbano\/#\/schema\/logo\/image\/\",\"url\":\"https:\/\/experienciadevida.com.ar\/portalurbano\/wp-content\/uploads\/2019\/09\/Logo-Original.png\",\"contentUrl\":\"https:\/\/experienciadevida.com.ar\/portalurbano\/wp-content\/uploads\/2019\/09\/Logo-Original.png\",\"width\":2236,\"height\":1216,\"caption\":\"Portal Urbano\"},\"image\":{\"@id\":\"https:\/\/experienciadevida.com.ar\/portalurbano\/#\/schema\/logo\/image\/\"},\"sameAs\":[\"https:\/\/www.facebook.com\/Portal-Urbano-171542830093757\/\",\"https:\/\/twitter.com\/portalurbanook\",\"https:\/\/www.instagram.com\/_portalurbano\/\",\"https:\/\/www.youtube.com\/channel\/UCXhagIfszH8KxFiOok79zbA?view_as=subscriber\"]},{\"@type\":\"Person\",\"@id\":\"https:\/\/experienciadevida.com.ar\/portalurbano\/#\/schema\/person\/02dd326b1c4b056e9cc972486934a3a7\",\"name\":\"admpu17wp\",\"image\":{\"@type\":\"ImageObject\",\"inLanguage\":\"es\",\"@id\":\"https:\/\/experienciadevida.com.ar\/portalurbano\/#\/schema\/person\/image\/\",\"url\":\"https:\/\/secure.gravatar.com\/avatar\/830d4c57adaae6630765e449a6908047?s=96&d=mm&r=g\",\"contentUrl\":\"https:\/\/secure.gravatar.com\/avatar\/830d4c57adaae6630765e449a6908047?s=96&d=mm&r=g\",\"caption\":\"admpu17wp\"}}]}<\/script>\n<!-- \/ Yoast SEO plugin. -->","yoast_head_json":{"title":"Marcelo Fabbi: \"Somos una sociedad que transgrede, est\u00e1 en el ADN\"","description":"Marcelo Fabbi, Subsecretario de Asuntos Legales de la Municipalidad de Olavarr\u00eda, inform\u00f3 sobre las nuevas restricciones a la nocturnidad","robots":{"index":"index","follow":"follow","max-snippet":"max-snippet:-1","max-image-preview":"max-image-preview:large","max-video-preview":"max-video-preview:-1"},"canonical":"https:\/\/experienciadevida.com.ar\/portalurbano\/marcelo-fabbi-somos-una-sociedad-que-transgrede-esta-en-el-adn\/","og_locale":"es_ES","og_type":"article","og_title":"Marcelo Fabbi: \"Somos una sociedad que transgrede, est\u00e1 en el ADN\"","og_description":"Marcelo Fabbi, Subsecretario de Asuntos Legales de la Municipalidad de Olavarr\u00eda, inform\u00f3 sobre las nuevas restricciones a la nocturnidad","og_url":"https:\/\/experienciadevida.com.ar\/portalurbano\/marcelo-fabbi-somos-una-sociedad-que-transgrede-esta-en-el-adn\/","article_publisher":"https:\/\/www.facebook.com\/Portal-Urbano-171542830093757\/","article_published_time":"2021-01-14T14:25:56+00:00","article_modified_time":"2021-01-14T14:33:24+00:00","og_image":[{"width":828,"height":526,"url":"https:\/\/experienciadevida.com.ar\/portalurbano\/wp-content\/uploads\/2021\/01\/Marcelo-Fabbi.jpg","type":"image\/jpeg"}],"author":"admpu17wp","twitter_card":"summary_large_image","twitter_creator":"@portalurbanook","twitter_site":"@portalurbanook","twitter_misc":{"Escrito por":"admpu17wp","Tiempo de lectura":"3 minutos"},"schema":{"@context":"https:\/\/schema.org","@graph":[{"@type":"Article","@id":"https:\/\/experienciadevida.com.ar\/portalurbano\/marcelo-fabbi-somos-una-sociedad-que-transgrede-esta-en-el-adn\/#article","isPartOf":{"@id":"https:\/\/experienciadevida.com.ar\/portalurbano\/marcelo-fabbi-somos-una-sociedad-que-transgrede-esta-en-el-adn\/"},"author":{"name":"admpu17wp","@id":"https:\/\/experienciadevida.com.ar\/portalurbano\/#\/schema\/person\/02dd326b1c4b056e9cc972486934a3a7"},"headline":"Marcelo Fabbi: &#8220;Somos una sociedad que transgrede, est\u00e1 en el ADN&#8221;","datePublished":"2021-01-14T14:25:56+00:00","dateModified":"2021-01-14T14:33:24+00:00","mainEntityOfPage":{"@id":"https:\/\/experienciadevida.com.ar\/portalurbano\/marcelo-fabbi-somos-una-sociedad-que-transgrede-esta-en-el-adn\/"},"wordCount":571,"publisher":{"@id":"https:\/\/experienciadevida.com.ar\/portalurbano\/#organization"},"articleSection":["Ciudad","Destacadas"],"inLanguage":"es"},{"@type":"WebPage","@id":"https:\/\/experienciadevida.com.ar\/portalurbano\/marcelo-fabbi-somos-una-sociedad-que-transgrede-esta-en-el-adn\/","url":"https:\/\/experienciadevida.com.ar\/portalurbano\/marcelo-fabbi-somos-una-sociedad-que-transgrede-esta-en-el-adn\/","name":"Marcelo Fabbi: \"Somos una sociedad que transgrede, est\u00e1 en el ADN\"","isPartOf":{"@id":"https:\/\/experienciadevida.com.ar\/portalurbano\/#website"},"datePublished":"2021-01-14T14:25:56+00:00","dateModified":"2021-01-14T14:33:24+00:00","description":"Marcelo Fabbi, Subsecretario de Asuntos Legales de la Municipalidad de Olavarr\u00eda, inform\u00f3 sobre las nuevas restricciones a la nocturnidad","breadcrumb":{"@id":"https:\/\/experienciadevida.com.ar\/portalurbano\/marcelo-fabbi-somos-una-sociedad-que-transgrede-esta-en-el-adn\/#breadcrumb"},"inLanguage":"es","potentialAction":[{"@type":"ReadAction","target":["https:\/\/experienciadevida.com.ar\/portalurbano\/marcelo-fabbi-somos-una-sociedad-que-transgrede-esta-en-el-adn\/"]}]},{"@type":"BreadcrumbList","@id":"https:\/\/experienciadevida.com.ar\/portalurbano\/marcelo-fabbi-somos-una-sociedad-que-transgrede-esta-en-el-adn\/#breadcrumb","itemListElement":[{"@type":"ListItem","position":1,"name":"Portada","item":"https:\/\/experienciadevida.com.ar\/portalurbano\/"},{"@type":"ListItem","position":2,"name":"Marcelo Fabbi: \u00abSomos una sociedad que transgrede, est\u00e1 en el ADN\u00bb"}]},{"@type":"WebSite","@id":"https:\/\/experienciadevida.com.ar\/portalurbano\/#website","url":"https:\/\/experienciadevida.com.ar\/portalurbano\/","name":"","description":"","publisher":{"@id":"https:\/\/experienciadevida.com.ar\/portalurbano\/#organization"},"potentialAction":[{"@type":"SearchAction","target":{"@type":"EntryPoint","urlTemplate":"https:\/\/experienciadevida.com.ar\/portalurbano\/?s={search_term_string}"},"query-input":"required name=search_term_string"}],"inLanguage":"es"},{"@type":"Organization","@id":"https:\/\/experienciadevida.com.ar\/portalurbano\/#organization","name":"Portal Urbano","url":"https:\/\/experienciadevida.com.ar\/portalurbano\/","logo":{"@type":"ImageObject","inLanguage":"es","@id":"https:\/\/experienciadevida.com.ar\/portalurbano\/#\/schema\/logo\/image\/","url":"https:\/\/experienciadevida.com.ar\/portalurbano\/wp-content\/uploads\/2019\/09\/Logo-Original.png","contentUrl":"https:\/\/experienciadevida.com.ar\/portalurbano\/wp-content\/uploads\/2019\/09\/Logo-Original.png","width":2236,"height":1216,"caption":"Portal Urbano"},"image":{"@id":"https:\/\/experienciadevida.com.ar\/portalurbano\/#\/schema\/logo\/image\/"},"sameAs":["https:\/\/www.facebook.com\/Portal-Urbano-171542830093757\/","https:\/\/twitter.com\/portalurbanook","https:\/\/www.instagram.com\/_portalurbano\/","https:\/\/www.youtube.com\/channel\/UCXhagIfszH8KxFiOok79zbA?view_as=subscriber"]},{"@type":"Person","@id":"https:\/\/experienciadevida.com.ar\/portalurbano\/#\/schema\/person\/02dd326b1c4b056e9cc972486934a3a7","name":"admpu17wp","image":{"@type":"ImageObject","inLanguage":"es","@id":"https:\/\/experienciadevida.com.ar\/portalurbano\/#\/schema\/person\/image\/","url":"https:\/\/secure.gravatar.com\/avatar\/830d4c57adaae6630765e449a6908047?s=96&d=mm&r=g","contentUrl":"https:\/\/secure.gravatar.com\/avatar\/830d4c57adaae6630765e449a6908047?s=96&d=mm&r=g","caption":"admpu17wp"}}]}},"featured_image_urls":{"full":["https:\/\/experienciadevida.com.ar\/portalurbano\/wp-content\/uploads\/2021\/01\/Marcelo-Fabbi.jpg",828,526,false],"thumbnail":["https:\/\/experienciadevida.com.ar\/portalurbano\/wp-content\/uploads\/2021\/01\/Marcelo-Fabbi-150x150.jpg",150,150,true],"medium":["https:\/\/experienciadevida.com.ar\/portalurbano\/wp-content\/uploads\/2021\/01\/Marcelo-Fabbi-300x191.jpg",300,191,true],"medium_large":["https:\/\/experienciadevida.com.ar\/portalurbano\/wp-content\/uploads\/2021\/01\/Marcelo-Fabbi-768x488.jpg",640,407,true],"large":["https:\/\/experienciadevida.com.ar\/portalurbano\/wp-content\/uploads\/2021\/01\/Marcelo-Fabbi.jpg",640,407,false],"ug_big":["https:\/\/experienciadevida.com.ar\/portalurbano\/wp-content\/uploads\/2021\/01\/Marcelo-Fabbi-768x488.jpg",768,488,true],"1536x1536":["https:\/\/experienciadevida.com.ar\/portalurbano\/wp-content\/uploads\/2021\/01\/Marcelo-Fabbi.jpg",828,526,false],"2048x2048":["https:\/\/experienciadevida.com.ar\/portalurbano\/wp-content\/uploads\/2021\/01\/Marcelo-Fabbi.jpg",828,526,false],"newsever-slider-full":["https:\/\/experienciadevida.com.ar\/portalurbano\/wp-content\/uploads\/2021\/01\/Marcelo-Fabbi.jpg",828,526,false],"newsever-featured":["https:\/\/experienciadevida.com.ar\/portalurbano\/wp-content\/uploads\/2021\/01\/Marcelo-Fabbi.jpg",828,526,false],"newsever-medium":["https:\/\/experienciadevida.com.ar\/portalurbano\/wp-content\/uploads\/2021\/01\/Marcelo-Fabbi.jpg",720,457,false],"web-stories-poster-portrait":["https:\/\/experienciadevida.com.ar\/portalurbano\/wp-content\/uploads\/2021\/01\/Marcelo-Fabbi.jpg",640,407,false],"web-stories-publisher-logo":["https:\/\/experienciadevida.com.ar\/portalurbano\/wp-content\/uploads\/2021\/01\/Marcelo-Fabbi.jpg",96,61,false],"web-stories-thumbnail":["https:\/\/experienciadevida.com.ar\/portalurbano\/wp-content\/uploads\/2021\/01\/Marcelo-Fabbi.jpg",150,95,false]},"author_info":{"display_name":"admpu17wp","author_link":"https:\/\/experienciadevida.com.ar\/portalurbano\/author\/admpu17wp\/"},"category_info":"<a href=\"https:\/\/experienciadevida.com.ar\/portalurbano\/category\/ciudad\/\" rel=\"category tag\">Ciudad<\/a> <a href=\"https:\/\/experienciadevida.com.ar\/portalurbano\/category\/destacadas\/\" rel=\"category tag\">Destacadas<\/a>","tag_info":"Destacadas","comment_count":"0","amp_enabled":true,"_links":{"self":[{"href":"https:\/\/experienciadevida.com.ar\/portalurbano\/wp-json\/wp\/v2\/posts\/132459"}],"collection":[{"href":"https:\/\/experienciadevida.com.ar\/portalurbano\/wp-json\/wp\/v2\/posts"}],"about":[{"href":"https:\/\/experienciadevida.com.ar\/portalurbano\/wp-json\/wp\/v2\/types\/post"}],"author":[{"embeddable":true,"href":"https:\/\/experienciadevida.com.ar\/portalurbano\/wp-json\/wp\/v2\/users\/1"}],"replies":[{"embeddable":true,"href":"https:\/\/experienciadevida.com.ar\/portalurbano\/wp-json\/wp\/v2\/comments?post=132459"}],"version-history":[{"count":6,"href":"https:\/\/experienciadevida.com.ar\/portalurbano\/wp-json\/wp\/v2\/posts\/132459\/revisions"}],"predecessor-version":[{"id":132465,"href":"https:\/\/experienciadevida.com.ar\/portalurbano\/wp-json\/wp\/v2\/posts\/132459\/revisions\/132465"}],"wp:featuredmedia":[{"embeddable":true,"href":"https:\/\/experienciadevida.com.ar\/portalurbano\/wp-json\/wp\/v2\/media\/132464"}],"wp:attachment":[{"href":"https:\/\/experienciadevida.com.ar\/portalurbano\/wp-json\/wp\/v2\/media?parent=132459"}],"wp:term":[{"taxonomy":"category","embeddable":true,"href":"https:\/\/experienciadevida.com.ar\/portalurbano\/wp-json\/wp\/v2\/categories?post=132459"},{"taxonomy":"post_tag","embeddable":true,"href":"https:\/\/experienciadevida.com.ar\/portalurbano\/wp-json\/wp\/v2\/tags?post=132459"}],"curies":[{"name":"wp","href":"https:\/\/api.w.org\/{rel}","templated":true}]}}