{"id":132455,"date":"2021-01-14T10:18:31","date_gmt":"2021-01-14T13:18:31","guid":{"rendered":"https:\/\/experienciadevida.com.ar\/portalurbano\/?p=132455"},"modified":"2021-01-14T10:21:30","modified_gmt":"2021-01-14T13:21:30","slug":"declaran-al-2021-ano-de-la-salud-y-del-personal-sanitario-en-la-provincia-de-buenos-aires","status":"publish","type":"post","link":"https:\/\/experienciadevida.com.ar\/portalurbano\/declaran-al-2021-ano-de-la-salud-y-del-personal-sanitario-en-la-provincia-de-buenos-aires\/","title":{"rendered":"Declaran al 2021 \u201cA\u00f1o de la salud y del personal sanitario\u201d en la provincia de Buenos Aires"},"content":{"rendered":"<p>Declaran al 2021 \u201cA\u00f1o de la salud y del personal sanitario\u201d en la provincia de Buenos Aires. Es en reconocimiento y gratitud hacia los trabajadores de la salud en el marco de la pandemia.<\/p>\n<p>En muestra de reconocimiento y gratitud por su trabajo en el marco de la pandemia, el Gobierno bonaerense declar\u00f3 al 2021 como A\u00f1o de la salud y del personal sanitario.<\/p>\n<p>Lo hizo mediante el decreto 3 publicado este jueves en el Bolet\u00edn Oficial del distrito y que lleva las firmas del gobernador Axel Kicillof; del Jefe de Gabinete, Carlos Bianco; del ministro de Salud, Daniel Gollan; y de la ministra de Comunicaci\u00f3n, Jesica Rey.<\/p>\n<p>En la medida, se dispuso que durante el 2021 \u201ctoda la documentaci\u00f3n oficial a utilizar en la administraci\u00f3n p\u00fablica provincial se deber\u00e1 consignar la leyenda \u2018A\u00f1o de la Salud y del Personal Sanitario&#8217;\u201d.<\/p>\n<p>En los fundamentos de la medida, se especific\u00f3 que en el marco de la pandemia de coronavirus, \u201cse declar\u00f3 personal esencial a los trabajadores y las trabajadoras de los servicios de salud, no pudiendo acogerse a la suspensi\u00f3n del deber de asistencia que las normas establecieron, con el riesgo que ello conlleva, no solo para s\u00ed mismos sino tambi\u00e9n para los miembros de su familia, priorizando el inter\u00e9s del pr\u00f3jimo por sobre el suyo\u201d.<\/p>\n<p>Se record\u00f3 que \u201cla exposici\u00f3n del personal afectado al servicio de salud implica mayor riesgo de contagio que el del resto de la poblaci\u00f3n, toda vez que su disponibilidad y presencia en contacto directo con los afectados y las afectadas por el virus SARS-CoV-2 o por su exposici\u00f3n a sectores que concentran alta carga viral resultan esenciales para alcanzar los objetivos de mitigaci\u00f3n y los protocolos de actuaci\u00f3n definidos por la autoridad sanitaria\u201d.<\/p>\n<p>Se destac\u00f3 as\u00ed \u201cla calidad, el empe\u00f1o y la dedicaci\u00f3n mantenidos por los trabajadores y las trabajadoras de la salud\u201d y se apunt\u00f3 que la Organizaci\u00f3n Mundial de la Salud (OMS) declar\u00f3 al actual como \u201cA\u00f1o Internacional del Personal Sanitario\u201d.<\/p>\n<p>Fuente: DIB<\/p>\n","protected":false},"excerpt":{"rendered":"<p>Declaran al 2021 \u201cA\u00f1o de la salud y del personal sanitario\u201d en la provincia de&#8230;<\/p>\n","protected":false},"author":1,"featured_media":132456,"comment_status":"closed","ping_status":"closed","sticky":false,"template":"","format":"standard","meta":{"content-type":""},"categories":[64,44],"tags":[],"nelio_content":{"isAutoShareEnabled":false,"autoShareEndMode":"default","automationSources":{"useContentSentences":true,"useSocialTemplates":true,"useCustomSentences":false,"customSentences":[]},"followers":[1],"suggestedReferences":[],"includedReferences":[],"efiUrl":"","efiAlt":"","highlights":[]},"yoast_head":"<!-- This site is optimized with the Yoast SEO plugin v20.7 - https:\/\/yoast.com\/wordpress\/plugins\/seo\/ -->\n<title>Declaran al 2021 &quot;a\u00f1o de la salud y personal sanitario en la Provincia&quot;<\/title>\n<meta name=\"description\" content=\"Declaran al 2021 \u201cA\u00f1o de la salud y del personal sanitario\u201d en la provincia de Buenos Aires. Es en reconocimiento y gratitud.\" \/>\n<meta name=\"robots\" content=\"index, follow, max-snippet:-1, max-image-preview:large, max-video-preview:-1\" \/>\n<link rel=\"canonical\" href=\"https:\/\/experienciadevida.com.ar\/portalurbano\/declaran-al-2021-ano-de-la-salud-y-del-personal-sanitario-en-la-provincia-de-buenos-aires\/\" \/>\n<meta property=\"og:locale\" content=\"es_ES\" \/>\n<meta property=\"og:type\" content=\"article\" \/>\n<meta property=\"og:title\" content=\"Declaran al 2021 &quot;a\u00f1o de la salud y personal sanitario en la Provincia&quot;\" \/>\n<meta property=\"og:description\" content=\"Declaran al 2021 \u201cA\u00f1o de la salud y del personal sanitario\u201d en la provincia de Buenos Aires. Es en reconocimiento y gratitud.\" \/>\n<meta property=\"og:url\" content=\"https:\/\/experienciadevida.com.ar\/portalurbano\/declaran-al-2021-ano-de-la-salud-y-del-personal-sanitario-en-la-provincia-de-buenos-aires\/\" \/>\n<meta property=\"article:publisher\" content=\"https:\/\/www.facebook.com\/Portal-Urbano-171542830093757\/\" \/>\n<meta property=\"article:published_time\" content=\"2021-01-14T13:18:31+00:00\" \/>\n<meta property=\"article:modified_time\" content=\"2021-01-14T13:21:30+00:00\" \/>\n<meta property=\"og:image\" content=\"https:\/\/experienciadevida.com.ar\/portalurbano\/wp-content\/uploads\/2021\/01\/Declaran-al-2021.jpg\" \/>\n\t<meta property=\"og:image:width\" content=\"696\" \/>\n\t<meta property=\"og:image:height\" content=\"391\" \/>\n\t<meta property=\"og:image:type\" content=\"image\/jpeg\" \/>\n<meta name=\"author\" content=\"admpu17wp\" \/>\n<meta name=\"twitter:card\" content=\"summary_large_image\" \/>\n<meta name=\"twitter:creator\" content=\"@portalurbanook\" \/>\n<meta name=\"twitter:site\" content=\"@portalurbanook\" \/>\n<meta name=\"twitter:label1\" content=\"Escrito por\" \/>\n\t<meta name=\"twitter:data1\" content=\"admpu17wp\" \/>\n\t<meta name=\"twitter:label2\" content=\"Tiempo de lectura\" \/>\n\t<meta name=\"twitter:data2\" content=\"2 minutos\" \/>\n<script type=\"application\/ld+json\" class=\"yoast-schema-graph\">{\"@context\":\"https:\/\/schema.org\",\"@graph\":[{\"@type\":\"Article\",\"@id\":\"https:\/\/experienciadevida.com.ar\/portalurbano\/declaran-al-2021-ano-de-la-salud-y-del-personal-sanitario-en-la-provincia-de-buenos-aires\/#article\",\"isPartOf\":{\"@id\":\"https:\/\/experienciadevida.com.ar\/portalurbano\/declaran-al-2021-ano-de-la-salud-y-del-personal-sanitario-en-la-provincia-de-buenos-aires\/\"},\"author\":{\"name\":\"admpu17wp\",\"@id\":\"https:\/\/experienciadevida.com.ar\/portalurbano\/#\/schema\/person\/02dd326b1c4b056e9cc972486934a3a7\"},\"headline\":\"Declaran al 2021 \u201cA\u00f1o de la salud y del personal sanitario\u201d en la provincia de Buenos Aires\",\"datePublished\":\"2021-01-14T13:18:31+00:00\",\"dateModified\":\"2021-01-14T13:21:30+00:00\",\"mainEntityOfPage\":{\"@id\":\"https:\/\/experienciadevida.com.ar\/portalurbano\/declaran-al-2021-ano-de-la-salud-y-del-personal-sanitario-en-la-provincia-de-buenos-aires\/\"},\"wordCount\":364,\"publisher\":{\"@id\":\"https:\/\/experienciadevida.com.ar\/portalurbano\/#organization\"},\"articleSection\":[\"Destacadas 2\",\"Provincia\"],\"inLanguage\":\"es\"},{\"@type\":\"WebPage\",\"@id\":\"https:\/\/experienciadevida.com.ar\/portalurbano\/declaran-al-2021-ano-de-la-salud-y-del-personal-sanitario-en-la-provincia-de-buenos-aires\/\",\"url\":\"https:\/\/experienciadevida.com.ar\/portalurbano\/declaran-al-2021-ano-de-la-salud-y-del-personal-sanitario-en-la-provincia-de-buenos-aires\/\",\"name\":\"Declaran al 2021 \\\"a\u00f1o de la salud y personal sanitario en la Provincia\\\"\",\"isPartOf\":{\"@id\":\"https:\/\/experienciadevida.com.ar\/portalurbano\/#website\"},\"datePublished\":\"2021-01-14T13:18:31+00:00\",\"dateModified\":\"2021-01-14T13:21:30+00:00\",\"description\":\"Declaran al 2021 \u201cA\u00f1o de la salud y del personal sanitario\u201d en la provincia de Buenos Aires. Es en reconocimiento y gratitud.\",\"breadcrumb\":{\"@id\":\"https:\/\/experienciadevida.com.ar\/portalurbano\/declaran-al-2021-ano-de-la-salud-y-del-personal-sanitario-en-la-provincia-de-buenos-aires\/#breadcrumb\"},\"inLanguage\":\"es\",\"potentialAction\":[{\"@type\":\"ReadAction\",\"target\":[\"https:\/\/experienciadevida.com.ar\/portalurbano\/declaran-al-2021-ano-de-la-salud-y-del-personal-sanitario-en-la-provincia-de-buenos-aires\/\"]}]},{\"@type\":\"BreadcrumbList\",\"@id\":\"https:\/\/experienciadevida.com.ar\/portalurbano\/declaran-al-2021-ano-de-la-salud-y-del-personal-sanitario-en-la-provincia-de-buenos-aires\/#breadcrumb\",\"itemListElement\":[{\"@type\":\"ListItem\",\"position\":1,\"name\":\"Portada\",\"item\":\"https:\/\/experienciadevida.com.ar\/portalurbano\/\"},{\"@type\":\"ListItem\",\"position\":2,\"name\":\"Declaran al 2021 \u201cA\u00f1o de la salud y del personal sanitario\u201d en la provincia de Buenos Aires\"}]},{\"@type\":\"WebSite\",\"@id\":\"https:\/\/experienciadevida.com.ar\/portalurbano\/#website\",\"url\":\"https:\/\/experienciadevida.com.ar\/portalurbano\/\",\"name\":\"\",\"description\":\"\",\"publisher\":{\"@id\":\"https:\/\/experienciadevida.com.ar\/portalurbano\/#organization\"},\"potentialAction\":[{\"@type\":\"SearchAction\",\"target\":{\"@type\":\"EntryPoint\",\"urlTemplate\":\"https:\/\/experienciadevida.com.ar\/portalurbano\/?s={search_term_string}\"},\"query-input\":\"required name=search_term_string\"}],\"inLanguage\":\"es\"},{\"@type\":\"Organization\",\"@id\":\"https:\/\/experienciadevida.com.ar\/portalurbano\/#organization\",\"name\":\"Portal Urbano\",\"url\":\"https:\/\/experienciadevida.com.ar\/portalurbano\/\",\"logo\":{\"@type\":\"ImageObject\",\"inLanguage\":\"es\",\"@id\":\"https:\/\/experienciadevida.com.ar\/portalurbano\/#\/schema\/logo\/image\/\",\"url\":\"https:\/\/experienciadevida.com.ar\/portalurbano\/wp-content\/uploads\/2019\/09\/Logo-Original.png\",\"contentUrl\":\"https:\/\/experienciadevida.com.ar\/portalurbano\/wp-content\/uploads\/2019\/09\/Logo-Original.png\",\"width\":2236,\"height\":1216,\"caption\":\"Portal Urbano\"},\"image\":{\"@id\":\"https:\/\/experienciadevida.com.ar\/portalurbano\/#\/schema\/logo\/image\/\"},\"sameAs\":[\"https:\/\/www.facebook.com\/Portal-Urbano-171542830093757\/\",\"https:\/\/twitter.com\/portalurbanook\",\"https:\/\/www.instagram.com\/_portalurbano\/\",\"https:\/\/www.youtube.com\/channel\/UCXhagIfszH8KxFiOok79zbA?view_as=subscriber\"]},{\"@type\":\"Person\",\"@id\":\"https:\/\/experienciadevida.com.ar\/portalurbano\/#\/schema\/person\/02dd326b1c4b056e9cc972486934a3a7\",\"name\":\"admpu17wp\",\"image\":{\"@type\":\"ImageObject\",\"inLanguage\":\"es\",\"@id\":\"https:\/\/experienciadevida.com.ar\/portalurbano\/#\/schema\/person\/image\/\",\"url\":\"https:\/\/secure.gravatar.com\/avatar\/830d4c57adaae6630765e449a6908047?s=96&d=mm&r=g\",\"contentUrl\":\"https:\/\/secure.gravatar.com\/avatar\/830d4c57adaae6630765e449a6908047?s=96&d=mm&r=g\",\"caption\":\"admpu17wp\"}}]}<\/script>\n<!-- \/ Yoast SEO plugin. -->","yoast_head_json":{"title":"Declaran al 2021 \"a\u00f1o de la salud y personal sanitario en la Provincia\"","description":"Declaran al 2021 \u201cA\u00f1o de la salud y del personal sanitario\u201d en la provincia de Buenos Aires. Es en reconocimiento y gratitud.","robots":{"index":"index","follow":"follow","max-snippet":"max-snippet:-1","max-image-preview":"max-image-preview:large","max-video-preview":"max-video-preview:-1"},"canonical":"https:\/\/experienciadevida.com.ar\/portalurbano\/declaran-al-2021-ano-de-la-salud-y-del-personal-sanitario-en-la-provincia-de-buenos-aires\/","og_locale":"es_ES","og_type":"article","og_title":"Declaran al 2021 \"a\u00f1o de la salud y personal sanitario en la Provincia\"","og_description":"Declaran al 2021 \u201cA\u00f1o de la salud y del personal sanitario\u201d en la provincia de Buenos Aires. Es en reconocimiento y gratitud.","og_url":"https:\/\/experienciadevida.com.ar\/portalurbano\/declaran-al-2021-ano-de-la-salud-y-del-personal-sanitario-en-la-provincia-de-buenos-aires\/","article_publisher":"https:\/\/www.facebook.com\/Portal-Urbano-171542830093757\/","article_published_time":"2021-01-14T13:18:31+00:00","article_modified_time":"2021-01-14T13:21:30+00:00","og_image":[{"width":696,"height":391,"url":"https:\/\/experienciadevida.com.ar\/portalurbano\/wp-content\/uploads\/2021\/01\/Declaran-al-2021.jpg","type":"image\/jpeg"}],"author":"admpu17wp","twitter_card":"summary_large_image","twitter_creator":"@portalurbanook","twitter_site":"@portalurbanook","twitter_misc":{"Escrito por":"admpu17wp","Tiempo de lectura":"2 minutos"},"schema":{"@context":"https:\/\/schema.org","@graph":[{"@type":"Article","@id":"https:\/\/experienciadevida.com.ar\/portalurbano\/declaran-al-2021-ano-de-la-salud-y-del-personal-sanitario-en-la-provincia-de-buenos-aires\/#article","isPartOf":{"@id":"https:\/\/experienciadevida.com.ar\/portalurbano\/declaran-al-2021-ano-de-la-salud-y-del-personal-sanitario-en-la-provincia-de-buenos-aires\/"},"author":{"name":"admpu17wp","@id":"https:\/\/experienciadevida.com.ar\/portalurbano\/#\/schema\/person\/02dd326b1c4b056e9cc972486934a3a7"},"headline":"Declaran al 2021 \u201cA\u00f1o de la salud y del personal sanitario\u201d en la provincia de Buenos Aires","datePublished":"2021-01-14T13:18:31+00:00","dateModified":"2021-01-14T13:21:30+00:00","mainEntityOfPage":{"@id":"https:\/\/experienciadevida.com.ar\/portalurbano\/declaran-al-2021-ano-de-la-salud-y-del-personal-sanitario-en-la-provincia-de-buenos-aires\/"},"wordCount":364,"publisher":{"@id":"https:\/\/experienciadevida.com.ar\/portalurbano\/#organization"},"articleSection":["Destacadas 2","Provincia"],"inLanguage":"es"},{"@type":"WebPage","@id":"https:\/\/experienciadevida.com.ar\/portalurbano\/declaran-al-2021-ano-de-la-salud-y-del-personal-sanitario-en-la-provincia-de-buenos-aires\/","url":"https:\/\/experienciadevida.com.ar\/portalurbano\/declaran-al-2021-ano-de-la-salud-y-del-personal-sanitario-en-la-provincia-de-buenos-aires\/","name":"Declaran al 2021 \"a\u00f1o de la salud y personal sanitario en la Provincia\"","isPartOf":{"@id":"https:\/\/experienciadevida.com.ar\/portalurbano\/#website"},"datePublished":"2021-01-14T13:18:31+00:00","dateModified":"2021-01-14T13:21:30+00:00","description":"Declaran al 2021 \u201cA\u00f1o de la salud y del personal sanitario\u201d en la provincia de Buenos Aires. Es en reconocimiento y gratitud.","breadcrumb":{"@id":"https:\/\/experienciadevida.com.ar\/portalurbano\/declaran-al-2021-ano-de-la-salud-y-del-personal-sanitario-en-la-provincia-de-buenos-aires\/#breadcrumb"},"inLanguage":"es","potentialAction":[{"@type":"ReadAction","target":["https:\/\/experienciadevida.com.ar\/portalurbano\/declaran-al-2021-ano-de-la-salud-y-del-personal-sanitario-en-la-provincia-de-buenos-aires\/"]}]},{"@type":"BreadcrumbList","@id":"https:\/\/experienciadevida.com.ar\/portalurbano\/declaran-al-2021-ano-de-la-salud-y-del-personal-sanitario-en-la-provincia-de-buenos-aires\/#breadcrumb","itemListElement":[{"@type":"ListItem","position":1,"name":"Portada","item":"https:\/\/experienciadevida.com.ar\/portalurbano\/"},{"@type":"ListItem","position":2,"name":"Declaran al 2021 \u201cA\u00f1o de la salud y del personal sanitario\u201d en la provincia de Buenos Aires"}]},{"@type":"WebSite","@id":"https:\/\/experienciadevida.com.ar\/portalurbano\/#website","url":"https:\/\/experienciadevida.com.ar\/portalurbano\/","name":"","description":"","publisher":{"@id":"https:\/\/experienciadevida.com.ar\/portalurbano\/#organization"},"potentialAction":[{"@type":"SearchAction","target":{"@type":"EntryPoint","urlTemplate":"https:\/\/experienciadevida.com.ar\/portalurbano\/?s={search_term_string}"},"query-input":"required name=search_term_string"}],"inLanguage":"es"},{"@type":"Organization","@id":"https:\/\/experienciadevida.com.ar\/portalurbano\/#organization","name":"Portal Urbano","url":"https:\/\/experienciadevida.com.ar\/portalurbano\/","logo":{"@type":"ImageObject","inLanguage":"es","@id":"https:\/\/experienciadevida.com.ar\/portalurbano\/#\/schema\/logo\/image\/","url":"https:\/\/experienciadevida.com.ar\/portalurbano\/wp-content\/uploads\/2019\/09\/Logo-Original.png","contentUrl":"https:\/\/experienciadevida.com.ar\/portalurbano\/wp-content\/uploads\/2019\/09\/Logo-Original.png","width":2236,"height":1216,"caption":"Portal Urbano"},"image":{"@id":"https:\/\/experienciadevida.com.ar\/portalurbano\/#\/schema\/logo\/image\/"},"sameAs":["https:\/\/www.facebook.com\/Portal-Urbano-171542830093757\/","https:\/\/twitter.com\/portalurbanook","https:\/\/www.instagram.com\/_portalurbano\/","https:\/\/www.youtube.com\/channel\/UCXhagIfszH8KxFiOok79zbA?view_as=subscriber"]},{"@type":"Person","@id":"https:\/\/experienciadevida.com.ar\/portalurbano\/#\/schema\/person\/02dd326b1c4b056e9cc972486934a3a7","name":"admpu17wp","image":{"@type":"ImageObject","inLanguage":"es","@id":"https:\/\/experienciadevida.com.ar\/portalurbano\/#\/schema\/person\/image\/","url":"https:\/\/secure.gravatar.com\/avatar\/830d4c57adaae6630765e449a6908047?s=96&d=mm&r=g","contentUrl":"https:\/\/secure.gravatar.com\/avatar\/830d4c57adaae6630765e449a6908047?s=96&d=mm&r=g","caption":"admpu17wp"}}]}},"featured_image_urls":{"full":["https:\/\/experienciadevida.com.ar\/portalurbano\/wp-content\/uploads\/2021\/01\/Declaran-al-2021.jpg",696,391,false],"thumbnail":["https:\/\/experienciadevida.com.ar\/portalurbano\/wp-content\/uploads\/2021\/01\/Declaran-al-2021-150x150.jpg",150,150,true],"medium":["https:\/\/experienciadevida.com.ar\/portalurbano\/wp-content\/uploads\/2021\/01\/Declaran-al-2021-300x169.jpg",300,169,true],"medium_large":["https:\/\/experienciadevida.com.ar\/portalurbano\/wp-content\/uploads\/2021\/01\/Declaran-al-2021.jpg",640,360,false],"large":["https:\/\/experienciadevida.com.ar\/portalurbano\/wp-content\/uploads\/2021\/01\/Declaran-al-2021.jpg",640,360,false],"ug_big":["https:\/\/experienciadevida.com.ar\/portalurbano\/wp-content\/uploads\/2021\/01\/Declaran-al-2021.jpg",696,391,false],"1536x1536":["https:\/\/experienciadevida.com.ar\/portalurbano\/wp-content\/uploads\/2021\/01\/Declaran-al-2021.jpg",696,391,false],"2048x2048":["https:\/\/experienciadevida.com.ar\/portalurbano\/wp-content\/uploads\/2021\/01\/Declaran-al-2021.jpg",696,391,false],"newsever-slider-full":["https:\/\/experienciadevida.com.ar\/portalurbano\/wp-content\/uploads\/2021\/01\/Declaran-al-2021.jpg",696,391,false],"newsever-featured":["https:\/\/experienciadevida.com.ar\/portalurbano\/wp-content\/uploads\/2021\/01\/Declaran-al-2021.jpg",696,391,false],"newsever-medium":["https:\/\/experienciadevida.com.ar\/portalurbano\/wp-content\/uploads\/2021\/01\/Declaran-al-2021.jpg",696,391,false],"web-stories-poster-portrait":["https:\/\/experienciadevida.com.ar\/portalurbano\/wp-content\/uploads\/2021\/01\/Declaran-al-2021.jpg",640,360,false],"web-stories-publisher-logo":["https:\/\/experienciadevida.com.ar\/portalurbano\/wp-content\/uploads\/2021\/01\/Declaran-al-2021.jpg",96,54,false],"web-stories-thumbnail":["https:\/\/experienciadevida.com.ar\/portalurbano\/wp-content\/uploads\/2021\/01\/Declaran-al-2021.jpg",150,84,false]},"author_info":{"display_name":"admpu17wp","author_link":"https:\/\/experienciadevida.com.ar\/portalurbano\/author\/admpu17wp\/"},"category_info":"<a href=\"https:\/\/experienciadevida.com.ar\/portalurbano\/category\/destacadas-2\/\" rel=\"category tag\">Destacadas 2<\/a> <a href=\"https:\/\/experienciadevida.com.ar\/portalurbano\/category\/provincia\/\" rel=\"category tag\">Provincia<\/a>","tag_info":"Provincia","comment_count":"0","amp_enabled":true,"_links":{"self":[{"href":"https:\/\/experienciadevida.com.ar\/portalurbano\/wp-json\/wp\/v2\/posts\/132455"}],"collection":[{"href":"https:\/\/experienciadevida.com.ar\/portalurbano\/wp-json\/wp\/v2\/posts"}],"about":[{"href":"https:\/\/experienciadevida.com.ar\/portalurbano\/wp-json\/wp\/v2\/types\/post"}],"author":[{"embeddable":true,"href":"https:\/\/experienciadevida.com.ar\/portalurbano\/wp-json\/wp\/v2\/users\/1"}],"replies":[{"embeddable":true,"href":"https:\/\/experienciadevida.com.ar\/portalurbano\/wp-json\/wp\/v2\/comments?post=132455"}],"version-history":[{"count":2,"href":"https:\/\/experienciadevida.com.ar\/portalurbano\/wp-json\/wp\/v2\/posts\/132455\/revisions"}],"predecessor-version":[{"id":132458,"href":"https:\/\/experienciadevida.com.ar\/portalurbano\/wp-json\/wp\/v2\/posts\/132455\/revisions\/132458"}],"wp:featuredmedia":[{"embeddable":true,"href":"https:\/\/experienciadevida.com.ar\/portalurbano\/wp-json\/wp\/v2\/media\/132456"}],"wp:attachment":[{"href":"https:\/\/experienciadevida.com.ar\/portalurbano\/wp-json\/wp\/v2\/media?parent=132455"}],"wp:term":[{"taxonomy":"category","embeddable":true,"href":"https:\/\/experienciadevida.com.ar\/portalurbano\/wp-json\/wp\/v2\/categories?post=132455"},{"taxonomy":"post_tag","embeddable":true,"href":"https:\/\/experienciadevida.com.ar\/portalurbano\/wp-json\/wp\/v2\/tags?post=132455"}],"curies":[{"name":"wp","href":"https:\/\/api.w.org\/{rel}","templated":true}]}}