{"id":132429,"date":"2021-01-13T14:41:19","date_gmt":"2021-01-13T17:41:19","guid":{"rendered":"https:\/\/experienciadevida.com.ar\/portalurbano\/?p=132429"},"modified":"2021-01-13T17:06:14","modified_gmt":"2021-01-13T20:06:14","slug":"como-sera-el-protocolo-para-la-reapertura-de-los-cines","status":"publish","type":"post","link":"https:\/\/experienciadevida.com.ar\/portalurbano\/como-sera-el-protocolo-para-la-reapertura-de-los-cines\/","title":{"rendered":"\u00bfC\u00f3mo ser\u00e1 el protocolo para la reapertura de los cines?"},"content":{"rendered":"<p>\u00bfC\u00f3mo ser\u00e1 el protocolo para la reapertura de los cines? Cada jurisdicci\u00f3n deber\u00e1 presentar sus pedidos a Jefatura de Gabinete de la Naci\u00f3n, que evaluar\u00e1 de acuerdo al nivel de contagios en ese distrito, pero el texto aclara que la capacidad de las salas no deber\u00e1 superar en ning\u00fan caso el 50 por ciento.<\/p>\n<p>Las c\u00e1maras empresariales, sindicatos y distintos sectores relacionados con el circuito de exhibici\u00f3n cinematogr\u00e1fica acordaron un protocolo con el Ministerio de Cultura para la reapertura de salas y complejos, tras diez meses de cierre por la pandemia de coronavirus.<\/p>\n<p>Aunque aclara que cada jurisdicci\u00f3n deber\u00e1 presentar sus pedidos a Jefatura de Gabinete de la Naci\u00f3n, que evaluar\u00e1 de acuerdo al nivel de contagios en ese distrito, el texto aclara que la capacidad de las salas no deber\u00e1 superar en ning\u00fan caso el 50 por ciento.<\/p>\n<p>En este sentido, se aceptar\u00e1 la presencia de grupos de hasta seis personas, en lo que se llama &#8220;burbuja de recreaci\u00f3n&#8221;, las cuales deber\u00e1n mantener una distancia de entre 1,5 y dos metros con el resto de los espectadores, para lo que se dejar\u00e1 una butaca libre de cada lado.<\/p>\n<p>Adem\u00e1s, el p\u00fablico deber\u00e1 permanecer con tapabocas puesto y solo podr\u00e1 quit\u00e1rselo moment\u00e1neamente para ingerir alg\u00fan alimento o bebida.<\/p>\n<p>Por su parte, cada sala deber\u00e1 contar con un adecuado sistema de ventilaci\u00f3n, ser\u00e1 sanitizada antes y despu\u00e9s de cada funci\u00f3n, habr\u00e1 zonas debidamente demarcadas para mantener la distancia social y se abrir\u00e1n las puertas diez minutos antes de que termine la exhibici\u00f3n.<\/p>\n<p>Para esto, el personal ser\u00e1 debidamente entrenado y deber\u00e1 contar con vestimenta y material adecuado para evitar contagios, mientras que cada sala deber\u00e1 tener en lugares visibles las normativas sanitarias a cumplir para permanecer en el lugar.<\/p>\n<p>El protocolo da precisiones tambi\u00e9n sobre el accionar en lo referente a la recepci\u00f3n de proveedores y la manipulaci\u00f3n de todo material implicado en la actividad comercial, del mismo modo en que prev\u00e9 los pasos a seguir en caso de detecci\u00f3n de un caso sospechoso entre los trabajadores o el p\u00fablico.<\/p>\n<p>En Olavarr\u00eda el protocolo deber\u00e1 adecuarse al protocolo que se present\u00f3. Desde el Municipio esperan la resoluci\u00f3n a nivel nacional para trabajar sobre lo local.<\/p>\n<p>Fuente: T\u00e9lam<\/p>\n","protected":false},"excerpt":{"rendered":"<p>\u00bfC\u00f3mo ser\u00e1 el protocolo para la reapertura de los cines? Cada jurisdicci\u00f3n deber\u00e1 presentar sus&#8230;<\/p>\n","protected":false},"author":1,"featured_media":0,"comment_status":"closed","ping_status":"closed","sticky":false,"template":"","format":"standard","meta":{"content-type":""},"categories":[27,64],"tags":[],"nelio_content":{"isAutoShareEnabled":false,"autoShareEndMode":"default","automationSources":{"useContentSentences":true,"useSocialTemplates":true,"useCustomSentences":false,"customSentences":[]},"followers":[1],"suggestedReferences":[],"includedReferences":[],"efiUrl":"","efiAlt":"","highlights":[]},"yoast_head":"<!-- This site is optimized with the Yoast SEO plugin v20.7 - https:\/\/yoast.com\/wordpress\/plugins\/seo\/ -->\n<title>\u00bfC\u00f3mo ser\u00e1 el protocolo para la reapertura de los cines?<\/title>\n<meta name=\"description\" content=\"\u00bfC\u00f3mo ser\u00e1 el protocolo para la reapertura de los cines? Cada jurisdicci\u00f3n deber\u00e1 presentar sus pedidos a Jefatura de Gabinete\" \/>\n<meta name=\"robots\" content=\"index, follow, max-snippet:-1, max-image-preview:large, max-video-preview:-1\" \/>\n<link rel=\"canonical\" href=\"https:\/\/experienciadevida.com.ar\/portalurbano\/como-sera-el-protocolo-para-la-reapertura-de-los-cines\/\" \/>\n<meta property=\"og:locale\" content=\"es_ES\" \/>\n<meta property=\"og:type\" content=\"article\" \/>\n<meta property=\"og:title\" content=\"\u00bfC\u00f3mo ser\u00e1 el protocolo para la reapertura de los cines?\" \/>\n<meta property=\"og:description\" content=\"\u00bfC\u00f3mo ser\u00e1 el protocolo para la reapertura de los cines? Cada jurisdicci\u00f3n deber\u00e1 presentar sus pedidos a Jefatura de Gabinete\" \/>\n<meta property=\"og:url\" content=\"https:\/\/experienciadevida.com.ar\/portalurbano\/como-sera-el-protocolo-para-la-reapertura-de-los-cines\/\" \/>\n<meta property=\"article:publisher\" content=\"https:\/\/www.facebook.com\/Portal-Urbano-171542830093757\/\" \/>\n<meta property=\"article:published_time\" content=\"2021-01-13T17:41:19+00:00\" \/>\n<meta property=\"article:modified_time\" content=\"2021-01-13T20:06:14+00:00\" \/>\n<meta property=\"og:image\" content=\"https:\/\/experienciadevida.com.ar\/portalurbano\/wp-content\/uploads\/2018\/01\/CINE-e1519911869405.jpg\" \/>\n\t<meta property=\"og:image:width\" content=\"670\" \/>\n\t<meta property=\"og:image:height\" content=\"437\" \/>\n\t<meta property=\"og:image:type\" content=\"image\/jpeg\" \/>\n<meta name=\"author\" content=\"admpu17wp\" \/>\n<meta name=\"twitter:card\" content=\"summary_large_image\" \/>\n<meta name=\"twitter:creator\" content=\"@portalurbanook\" \/>\n<meta name=\"twitter:site\" content=\"@portalurbanook\" \/>\n<meta name=\"twitter:label1\" content=\"Escrito por\" \/>\n\t<meta name=\"twitter:data1\" content=\"admpu17wp\" \/>\n\t<meta name=\"twitter:label2\" content=\"Tiempo de lectura\" \/>\n\t<meta name=\"twitter:data2\" content=\"2 minutos\" \/>\n<script type=\"application\/ld+json\" class=\"yoast-schema-graph\">{\"@context\":\"https:\/\/schema.org\",\"@graph\":[{\"@type\":\"Article\",\"@id\":\"https:\/\/experienciadevida.com.ar\/portalurbano\/como-sera-el-protocolo-para-la-reapertura-de-los-cines\/#article\",\"isPartOf\":{\"@id\":\"https:\/\/experienciadevida.com.ar\/portalurbano\/como-sera-el-protocolo-para-la-reapertura-de-los-cines\/\"},\"author\":{\"name\":\"admpu17wp\",\"@id\":\"https:\/\/experienciadevida.com.ar\/portalurbano\/#\/schema\/person\/02dd326b1c4b056e9cc972486934a3a7\"},\"headline\":\"\u00bfC\u00f3mo ser\u00e1 el protocolo para la reapertura de los cines?\",\"datePublished\":\"2021-01-13T17:41:19+00:00\",\"dateModified\":\"2021-01-13T20:06:14+00:00\",\"mainEntityOfPage\":{\"@id\":\"https:\/\/experienciadevida.com.ar\/portalurbano\/como-sera-el-protocolo-para-la-reapertura-de-los-cines\/\"},\"wordCount\":404,\"publisher\":{\"@id\":\"https:\/\/experienciadevida.com.ar\/portalurbano\/#organization\"},\"articleSection\":[\"Ciudad\",\"Destacadas 2\"],\"inLanguage\":\"es\"},{\"@type\":\"WebPage\",\"@id\":\"https:\/\/experienciadevida.com.ar\/portalurbano\/como-sera-el-protocolo-para-la-reapertura-de-los-cines\/\",\"url\":\"https:\/\/experienciadevida.com.ar\/portalurbano\/como-sera-el-protocolo-para-la-reapertura-de-los-cines\/\",\"name\":\"\u00bfC\u00f3mo ser\u00e1 el protocolo para la reapertura de los cines?\",\"isPartOf\":{\"@id\":\"https:\/\/experienciadevida.com.ar\/portalurbano\/#website\"},\"datePublished\":\"2021-01-13T17:41:19+00:00\",\"dateModified\":\"2021-01-13T20:06:14+00:00\",\"description\":\"\u00bfC\u00f3mo ser\u00e1 el protocolo para la reapertura de los cines? Cada jurisdicci\u00f3n deber\u00e1 presentar sus pedidos a Jefatura de Gabinete\",\"breadcrumb\":{\"@id\":\"https:\/\/experienciadevida.com.ar\/portalurbano\/como-sera-el-protocolo-para-la-reapertura-de-los-cines\/#breadcrumb\"},\"inLanguage\":\"es\",\"potentialAction\":[{\"@type\":\"ReadAction\",\"target\":[\"https:\/\/experienciadevida.com.ar\/portalurbano\/como-sera-el-protocolo-para-la-reapertura-de-los-cines\/\"]}]},{\"@type\":\"BreadcrumbList\",\"@id\":\"https:\/\/experienciadevida.com.ar\/portalurbano\/como-sera-el-protocolo-para-la-reapertura-de-los-cines\/#breadcrumb\",\"itemListElement\":[{\"@type\":\"ListItem\",\"position\":1,\"name\":\"Portada\",\"item\":\"https:\/\/experienciadevida.com.ar\/portalurbano\/\"},{\"@type\":\"ListItem\",\"position\":2,\"name\":\"\u00bfC\u00f3mo ser\u00e1 el protocolo para la reapertura de los cines?\"}]},{\"@type\":\"WebSite\",\"@id\":\"https:\/\/experienciadevida.com.ar\/portalurbano\/#website\",\"url\":\"https:\/\/experienciadevida.com.ar\/portalurbano\/\",\"name\":\"\",\"description\":\"\",\"publisher\":{\"@id\":\"https:\/\/experienciadevida.com.ar\/portalurbano\/#organization\"},\"potentialAction\":[{\"@type\":\"SearchAction\",\"target\":{\"@type\":\"EntryPoint\",\"urlTemplate\":\"https:\/\/experienciadevida.com.ar\/portalurbano\/?s={search_term_string}\"},\"query-input\":\"required name=search_term_string\"}],\"inLanguage\":\"es\"},{\"@type\":\"Organization\",\"@id\":\"https:\/\/experienciadevida.com.ar\/portalurbano\/#organization\",\"name\":\"Portal Urbano\",\"url\":\"https:\/\/experienciadevida.com.ar\/portalurbano\/\",\"logo\":{\"@type\":\"ImageObject\",\"inLanguage\":\"es\",\"@id\":\"https:\/\/experienciadevida.com.ar\/portalurbano\/#\/schema\/logo\/image\/\",\"url\":\"https:\/\/experienciadevida.com.ar\/portalurbano\/wp-content\/uploads\/2019\/09\/Logo-Original.png\",\"contentUrl\":\"https:\/\/experienciadevida.com.ar\/portalurbano\/wp-content\/uploads\/2019\/09\/Logo-Original.png\",\"width\":2236,\"height\":1216,\"caption\":\"Portal Urbano\"},\"image\":{\"@id\":\"https:\/\/experienciadevida.com.ar\/portalurbano\/#\/schema\/logo\/image\/\"},\"sameAs\":[\"https:\/\/www.facebook.com\/Portal-Urbano-171542830093757\/\",\"https:\/\/twitter.com\/portalurbanook\",\"https:\/\/www.instagram.com\/_portalurbano\/\",\"https:\/\/www.youtube.com\/channel\/UCXhagIfszH8KxFiOok79zbA?view_as=subscriber\"]},{\"@type\":\"Person\",\"@id\":\"https:\/\/experienciadevida.com.ar\/portalurbano\/#\/schema\/person\/02dd326b1c4b056e9cc972486934a3a7\",\"name\":\"admpu17wp\",\"image\":{\"@type\":\"ImageObject\",\"inLanguage\":\"es\",\"@id\":\"https:\/\/experienciadevida.com.ar\/portalurbano\/#\/schema\/person\/image\/\",\"url\":\"https:\/\/secure.gravatar.com\/avatar\/830d4c57adaae6630765e449a6908047?s=96&d=mm&r=g\",\"contentUrl\":\"https:\/\/secure.gravatar.com\/avatar\/830d4c57adaae6630765e449a6908047?s=96&d=mm&r=g\",\"caption\":\"admpu17wp\"}}]}<\/script>\n<!-- \/ Yoast SEO plugin. -->","yoast_head_json":{"title":"\u00bfC\u00f3mo ser\u00e1 el protocolo para la reapertura de los cines?","description":"\u00bfC\u00f3mo ser\u00e1 el protocolo para la reapertura de los cines? Cada jurisdicci\u00f3n deber\u00e1 presentar sus pedidos a Jefatura de Gabinete","robots":{"index":"index","follow":"follow","max-snippet":"max-snippet:-1","max-image-preview":"max-image-preview:large","max-video-preview":"max-video-preview:-1"},"canonical":"https:\/\/experienciadevida.com.ar\/portalurbano\/como-sera-el-protocolo-para-la-reapertura-de-los-cines\/","og_locale":"es_ES","og_type":"article","og_title":"\u00bfC\u00f3mo ser\u00e1 el protocolo para la reapertura de los cines?","og_description":"\u00bfC\u00f3mo ser\u00e1 el protocolo para la reapertura de los cines? Cada jurisdicci\u00f3n deber\u00e1 presentar sus pedidos a Jefatura de Gabinete","og_url":"https:\/\/experienciadevida.com.ar\/portalurbano\/como-sera-el-protocolo-para-la-reapertura-de-los-cines\/","article_publisher":"https:\/\/www.facebook.com\/Portal-Urbano-171542830093757\/","article_published_time":"2021-01-13T17:41:19+00:00","article_modified_time":"2021-01-13T20:06:14+00:00","og_image":[{"width":670,"height":437,"url":"https:\/\/experienciadevida.com.ar\/portalurbano\/wp-content\/uploads\/2018\/01\/CINE-e1519911869405.jpg","type":"image\/jpeg"}],"author":"admpu17wp","twitter_card":"summary_large_image","twitter_creator":"@portalurbanook","twitter_site":"@portalurbanook","twitter_misc":{"Escrito por":"admpu17wp","Tiempo de lectura":"2 minutos"},"schema":{"@context":"https:\/\/schema.org","@graph":[{"@type":"Article","@id":"https:\/\/experienciadevida.com.ar\/portalurbano\/como-sera-el-protocolo-para-la-reapertura-de-los-cines\/#article","isPartOf":{"@id":"https:\/\/experienciadevida.com.ar\/portalurbano\/como-sera-el-protocolo-para-la-reapertura-de-los-cines\/"},"author":{"name":"admpu17wp","@id":"https:\/\/experienciadevida.com.ar\/portalurbano\/#\/schema\/person\/02dd326b1c4b056e9cc972486934a3a7"},"headline":"\u00bfC\u00f3mo ser\u00e1 el protocolo para la reapertura de los cines?","datePublished":"2021-01-13T17:41:19+00:00","dateModified":"2021-01-13T20:06:14+00:00","mainEntityOfPage":{"@id":"https:\/\/experienciadevida.com.ar\/portalurbano\/como-sera-el-protocolo-para-la-reapertura-de-los-cines\/"},"wordCount":404,"publisher":{"@id":"https:\/\/experienciadevida.com.ar\/portalurbano\/#organization"},"articleSection":["Ciudad","Destacadas 2"],"inLanguage":"es"},{"@type":"WebPage","@id":"https:\/\/experienciadevida.com.ar\/portalurbano\/como-sera-el-protocolo-para-la-reapertura-de-los-cines\/","url":"https:\/\/experienciadevida.com.ar\/portalurbano\/como-sera-el-protocolo-para-la-reapertura-de-los-cines\/","name":"\u00bfC\u00f3mo ser\u00e1 el protocolo para la reapertura de los cines?","isPartOf":{"@id":"https:\/\/experienciadevida.com.ar\/portalurbano\/#website"},"datePublished":"2021-01-13T17:41:19+00:00","dateModified":"2021-01-13T20:06:14+00:00","description":"\u00bfC\u00f3mo ser\u00e1 el protocolo para la reapertura de los cines? Cada jurisdicci\u00f3n deber\u00e1 presentar sus pedidos a Jefatura de Gabinete","breadcrumb":{"@id":"https:\/\/experienciadevida.com.ar\/portalurbano\/como-sera-el-protocolo-para-la-reapertura-de-los-cines\/#breadcrumb"},"inLanguage":"es","potentialAction":[{"@type":"ReadAction","target":["https:\/\/experienciadevida.com.ar\/portalurbano\/como-sera-el-protocolo-para-la-reapertura-de-los-cines\/"]}]},{"@type":"BreadcrumbList","@id":"https:\/\/experienciadevida.com.ar\/portalurbano\/como-sera-el-protocolo-para-la-reapertura-de-los-cines\/#breadcrumb","itemListElement":[{"@type":"ListItem","position":1,"name":"Portada","item":"https:\/\/experienciadevida.com.ar\/portalurbano\/"},{"@type":"ListItem","position":2,"name":"\u00bfC\u00f3mo ser\u00e1 el protocolo para la reapertura de los cines?"}]},{"@type":"WebSite","@id":"https:\/\/experienciadevida.com.ar\/portalurbano\/#website","url":"https:\/\/experienciadevida.com.ar\/portalurbano\/","name":"","description":"","publisher":{"@id":"https:\/\/experienciadevida.com.ar\/portalurbano\/#organization"},"potentialAction":[{"@type":"SearchAction","target":{"@type":"EntryPoint","urlTemplate":"https:\/\/experienciadevida.com.ar\/portalurbano\/?s={search_term_string}"},"query-input":"required name=search_term_string"}],"inLanguage":"es"},{"@type":"Organization","@id":"https:\/\/experienciadevida.com.ar\/portalurbano\/#organization","name":"Portal Urbano","url":"https:\/\/experienciadevida.com.ar\/portalurbano\/","logo":{"@type":"ImageObject","inLanguage":"es","@id":"https:\/\/experienciadevida.com.ar\/portalurbano\/#\/schema\/logo\/image\/","url":"https:\/\/experienciadevida.com.ar\/portalurbano\/wp-content\/uploads\/2019\/09\/Logo-Original.png","contentUrl":"https:\/\/experienciadevida.com.ar\/portalurbano\/wp-content\/uploads\/2019\/09\/Logo-Original.png","width":2236,"height":1216,"caption":"Portal Urbano"},"image":{"@id":"https:\/\/experienciadevida.com.ar\/portalurbano\/#\/schema\/logo\/image\/"},"sameAs":["https:\/\/www.facebook.com\/Portal-Urbano-171542830093757\/","https:\/\/twitter.com\/portalurbanook","https:\/\/www.instagram.com\/_portalurbano\/","https:\/\/www.youtube.com\/channel\/UCXhagIfszH8KxFiOok79zbA?view_as=subscriber"]},{"@type":"Person","@id":"https:\/\/experienciadevida.com.ar\/portalurbano\/#\/schema\/person\/02dd326b1c4b056e9cc972486934a3a7","name":"admpu17wp","image":{"@type":"ImageObject","inLanguage":"es","@id":"https:\/\/experienciadevida.com.ar\/portalurbano\/#\/schema\/person\/image\/","url":"https:\/\/secure.gravatar.com\/avatar\/830d4c57adaae6630765e449a6908047?s=96&d=mm&r=g","contentUrl":"https:\/\/secure.gravatar.com\/avatar\/830d4c57adaae6630765e449a6908047?s=96&d=mm&r=g","caption":"admpu17wp"}}]}},"featured_image_urls":{"full":"","thumbnail":"","medium":"","medium_large":"","large":"","ug_big":"","1536x1536":"","2048x2048":"","newsever-slider-full":"","newsever-featured":"","newsever-medium":"","web-stories-poster-portrait":"","web-stories-publisher-logo":"","web-stories-thumbnail":""},"author_info":{"display_name":"admpu17wp","author_link":"https:\/\/experienciadevida.com.ar\/portalurbano\/author\/admpu17wp\/"},"category_info":"<a href=\"https:\/\/experienciadevida.com.ar\/portalurbano\/category\/ciudad\/\" rel=\"category tag\">Ciudad<\/a> <a href=\"https:\/\/experienciadevida.com.ar\/portalurbano\/category\/destacadas-2\/\" rel=\"category tag\">Destacadas 2<\/a>","tag_info":"Destacadas 2","comment_count":"0","amp_enabled":true,"_links":{"self":[{"href":"https:\/\/experienciadevida.com.ar\/portalurbano\/wp-json\/wp\/v2\/posts\/132429"}],"collection":[{"href":"https:\/\/experienciadevida.com.ar\/portalurbano\/wp-json\/wp\/v2\/posts"}],"about":[{"href":"https:\/\/experienciadevida.com.ar\/portalurbano\/wp-json\/wp\/v2\/types\/post"}],"author":[{"embeddable":true,"href":"https:\/\/experienciadevida.com.ar\/portalurbano\/wp-json\/wp\/v2\/users\/1"}],"replies":[{"embeddable":true,"href":"https:\/\/experienciadevida.com.ar\/portalurbano\/wp-json\/wp\/v2\/comments?post=132429"}],"version-history":[{"count":3,"href":"https:\/\/experienciadevida.com.ar\/portalurbano\/wp-json\/wp\/v2\/posts\/132429\/revisions"}],"predecessor-version":[{"id":132431,"href":"https:\/\/experienciadevida.com.ar\/portalurbano\/wp-json\/wp\/v2\/posts\/132429\/revisions\/132431"}],"wp:attachment":[{"href":"https:\/\/experienciadevida.com.ar\/portalurbano\/wp-json\/wp\/v2\/media?parent=132429"}],"wp:term":[{"taxonomy":"category","embeddable":true,"href":"https:\/\/experienciadevida.com.ar\/portalurbano\/wp-json\/wp\/v2\/categories?post=132429"},{"taxonomy":"post_tag","embeddable":true,"href":"https:\/\/experienciadevida.com.ar\/portalurbano\/wp-json\/wp\/v2\/tags?post=132429"}],"curies":[{"name":"wp","href":"https:\/\/api.w.org\/{rel}","templated":true}]}}