{"id":132375,"date":"2021-01-13T09:56:33","date_gmt":"2021-01-13T12:56:33","guid":{"rendered":"https:\/\/experienciadevida.com.ar\/portalurbano\/?p=132375"},"modified":"2021-01-13T10:03:04","modified_gmt":"2021-01-13T13:03:04","slug":"olavarrienses-fueron-las-primeras-sobrevivientes-en-declarar-en-un-juicio-unificado-de-lesa-humanidad","status":"publish","type":"post","link":"https:\/\/experienciadevida.com.ar\/portalurbano\/olavarrienses-fueron-las-primeras-sobrevivientes-en-declarar-en-un-juicio-unificado-de-lesa-humanidad\/","title":{"rendered":"Olavarrienses fueron las primeras sobrevivientes en declarar en un juicio unificado de lesa humanidad"},"content":{"rendered":"<p>Olavarrienses fueron las primeras sobrevivientes en declarar en un juicio unificado. Laura Franchi y sus hijas, Mar\u00eda Laura y Silvina Stirnemann, declararon en el juicio que se sigue contra 17 represores por los cr\u00edmenes cometidos en esos centros clandestinos.<\/p>\n<p>Una mujer y sus dos hijas, una de ellas nacida en cautiverio, fueron las primeras sobrevivientes de la \u00faltima dictadura en declarar este martes en el marco del juicio unificado que se sigue contra 17 represores, entre ellos Miguel Etchecolatz, por los cr\u00edmenes cometidos contra casi 500 v\u00edctimas cautivas en tres centros clandestinos de detenci\u00f3n.<\/p>\n<p>Se trata de Laura Franchi y sus hijas Mar\u00eda Laura y Silvina Stirnemann, esta \u00faltima nacida en cautiverio, quienes declararon ante el Tribunal Oral Federal 1 de La Plata en el marco del juicio unificado por los delitos cometidos en los centros clandestinos conocidos como Pozo de Banfield, Pozo de Quilmes y &#8220;El Infierno&#8221;, que funcion\u00f3 en la Brigada de Lan\u00fas.<\/p>\n<p>Franchi est\u00e1 exiliada en Francia desde 1981, cuando esposada y con custodia se le permiti\u00f3 salir del pa\u00eds; y tiempo despu\u00e9s pudo lograr que sus dos hijas -hoy integrantes de Hijos en Francia- se reunieran con ella.<\/p>\n<p>&#8220;Es un orgullo estar ac\u00e1 ante un Tribunal que escuche mi testimonio que tard\u00f3 45 a\u00f1os en ser escuchado, este juicio llega 45 a\u00f1os tarde&#8221;, comenz\u00f3 a relatar Laura Franchi, por videoconferencia desde el Consulado argentino en Francia.<\/p>\n<p>La mujer oriunda de nuestra ciudad cont\u00f3 que debido a la persecuci\u00f3n pol\u00edtica que sufr\u00edan ella y su esposo Mario Alfredo Stirnemann, militante peronista y sindicalista que trabajaba en Loma Negra, se hab\u00edan instalado en Quilmes.<\/p>\n<p>El 23 de noviembre de 1974, la mujer decidi\u00f3 ir de paseo con su hija Mar\u00eda Laura, en ese entonces de 4 a\u00f1os; su cu\u00f1ado Juan Jos\u00e9 Stirnemann; una amiga y su hijo de 3 a\u00f1os, cuando fueron detenidos por la polic\u00eda.<\/p>\n<p>&#8220;Nos trasladaron a la comisaria de Quilmes, donde fuimos interrogados. Yo estaba embarazada de 3 meses de Silvina (Stirnemann), me llevan con mi hija a la cocina de la comisar\u00eda y ah\u00ed vi que estaban nuestras cosas, que hab\u00edan allanado la casa y hab\u00edan llevado nuestras cosas, incluso juguetes de Mar\u00eda Laura&#8221;, detall\u00f3.<\/p>\n<p>La mujer cont\u00f3 que su hija &#8220;estaba atemorizada de ver sus cosas all\u00ed, y de ver a su t\u00edo (Juan Jos\u00e9 Stirnemann) arrastrado y torturado&#8221; y agreg\u00f3 que en ese momento Mar\u00eda Laura &#8220;sufri\u00f3 un shock&#8221;.<\/p>\n<p>&#8220;Vio hombres con sus camisas manchadas de sangre, que se re\u00edan y beb\u00edan cervezas&#8221;, record\u00f3 sobre ese momento.<\/p>\n<p>Agreg\u00f3 que su cu\u00f1ado hab\u00eda sido &#8220;muy maltratado, sobre todo psicol\u00f3gicamente&#8221; al decirle que a ella la &#8220;hab\u00edan violado, que hab\u00eda perdido al beb\u00e9&#8221;.<\/p>\n<p>&#8220;Era terrible el estado en que qued\u00f3, era un despojo humano&#8221;, complet\u00f3.<\/p>\n<p>Franchi expres\u00f3 que fue torturada e interrogada: &#8220;quer\u00edan saber d\u00f3nde estaba Mario Alfredo Stirnemann, todo giraba alrededor de eso&#8221;.<\/p>\n<p>&#8220;Un m\u00e9dico me tomaba el pulso y dec\u00eda lo que hab\u00eda que hacer y lo que no hab\u00eda que hacer (durante las torturas)&#8221;, remarc\u00f3 y agreg\u00f3 que &#8220;las personas que torturaban eran personas preparadas para torturar&#8221;, pero que no sab\u00eda &#8220;qui\u00e9nes eran&#8221;.<\/p>\n<p>&#8220;En 1974 se empez\u00f3 a preparar el horror que vivimos despu\u00e9s, fue el inicio de esas pr\u00e1cticas de tortura que implementaron de m\u00e1s en m\u00e1s despu\u00e9s&#8221;, dijo.<\/p>\n<p>Franchi relat\u00f3 que posteriormente se llevaron a su hija, a quien restituyeron a su abuela, en tanto Laura fue trasladada al Pozo de Banfield.<\/p>\n<p>&#8220;En ese lugar me llevaban a un s\u00f3tano donde me interrogaban, siempre con un reflector en mi rostro para que no pudiera ver el rostro de las personas&#8221;, dijo.<\/p>\n<p>Record\u00f3 que al llegar a la Brigada de Banfield le hicieron &#8220;un simulacro de fusilamiento&#8221; y que en ese centro clandestino &#8220;no ten\u00eda controles m\u00e9dicos&#8221; a su embarazo.<\/p>\n<p>En su relato, Franchi habl\u00f3 de la violencia psicol\u00f3gica sufrida desde lo verbal cuando le dec\u00edan que eran &#8220;subversivos, asesinos y que no pens\u00e1bamos en nuestros hijos&#8221;, buscando &#8220;la denigraci\u00f3n&#8221;.<\/p>\n<p>Posteriormente, Franchi cont\u00f3 que fue traslada a la c\u00e1rcel de Olmos, donde tuvo contacto con otras mujeres detenidas embarazadas y volvi\u00f3 a ver a su hija Mar\u00eda Laura, constatando que la ni\u00f1a padec\u00eda problemas de comunicaci\u00f3n como consecuencia del trauma por lo sufrido.<\/p>\n<p><a href=\"https:\/\/experienciadevida.com.ar\/portalurbano\/olavarrienses-fueron-las-primeras-sobrevivientes-en-declarar-en-un-juicio-unificado-de-lesa-humanidad\/olavarrienses-fueron\/\" rel=\"attachment wp-att-132380\"><img decoding=\"async\" class=\"alignnone size-full wp-image-132380\" src=\"https:\/\/experienciadevida.com.ar\/portalurbano\/wp-content\/uploads\/2021\/01\/Olavarrienses-fueron.jpg\" alt=\"Olavarrienses fueron\" width=\"1004\" height=\"565\" srcset=\"https:\/\/experienciadevida.com.ar\/portalurbano\/wp-content\/uploads\/2021\/01\/Olavarrienses-fueron.jpg 1004w, https:\/\/experienciadevida.com.ar\/portalurbano\/wp-content\/uploads\/2021\/01\/Olavarrienses-fueron-300x169.jpg 300w, https:\/\/experienciadevida.com.ar\/portalurbano\/wp-content\/uploads\/2021\/01\/Olavarrienses-fueron-768x432.jpg 768w\" sizes=\"(max-width: 1004px) 100vw, 1004px\" \/><\/a><\/p>\n<p>La mujer record\u00f3 que ya estando a punto de parir fue &#8220;llevada a un dispensario&#8221; donde le hicieron &#8220;un tracto vaginal&#8221; que le provoc\u00f3 una hemorragia, por lo que tuvieron que trasladarla a otro lugar, en el que permaneci\u00f3 &#8220;encadenada&#8221; y rodeada de &#8220;ratas&#8221;.<\/p>\n<p>Franchi dio a luz en el Policl\u00ednico de La Plata, encadenada y con custodia y luego debi\u00f3 volver a Olmos. Posteriormente fue trasladada a Devoto y luego, en 1981, se le permiti\u00f3 salir del pa\u00eds.<\/p>\n<p>Tras su testimonio, se oy\u00f3 el relato de su hija mayor Mar\u00eda Laura Stirnemann, quien cont\u00f3 las secuelas vividas tras ser detenida junto a su madre y su t\u00edo en 1974.<\/p>\n<p>&#8220;Tuve tratamiento psiqui\u00e1trico, ten\u00eda problemas para hablar y sufr\u00ed anorexia. Reci\u00e9n cuando permitieron visitas de contacto con mi mam\u00e1 pude hablar&#8221;, cont\u00f3 la mujer que agreg\u00f3 que tambi\u00e9n sufri\u00f3 &#8220;amnesia postraum\u00e1tica&#8221; y que la memoria la recuper\u00f3 &#8220;con los a\u00f1os&#8221;.<\/p>\n<p>La mujer luch\u00f3 d\u00e9cadas m\u00e1s tarde para localizar los restos de su padre, Mario Alfredo Stirnemann, sepultado en el cementerio de Lomas de Zamora.<\/p>\n<p>Por su parte, Silvina, nacida en cautiverio cont\u00f3 que su mam\u00e1 estaba embarazada de ella &#8220;cuando cay\u00f3 en el Pozo de Banfield&#8221; y dijo que sus primeros recuerdos de infancia, cuando ten\u00eda 3-4 a\u00f1os e iba a visitar a su mam\u00e1 a Devoto eran &#8220;confusos&#8221;.<\/p>\n<p>&#8220;Cuando me reencontr\u00e9 con mi madre en Francia recuper\u00e9 a mi padre, supe del amor que se tuvieron, que me contara c\u00f3mo se hab\u00edan conocido era mi cuento para irme a dormir&#8221;, dijo emocionada.<\/p>\n<p><a href=\"https:\/\/experienciadevida.com.ar\/portalurbano\/olavarrienses-fueron-las-primeras-sobrevivientes-en-declarar-en-un-juicio-unificado-de-lesa-humanidad\/fueron-las-primeras\/\" rel=\"attachment wp-att-132381\"><img decoding=\"async\" class=\"alignnone size-full wp-image-132381\" src=\"https:\/\/experienciadevida.com.ar\/portalurbano\/wp-content\/uploads\/2021\/01\/Fueron-las-primeras.jpg\" alt=\"Fueron las primeras \" width=\"1004\" height=\"565\" srcset=\"https:\/\/experienciadevida.com.ar\/portalurbano\/wp-content\/uploads\/2021\/01\/Fueron-las-primeras.jpg 1004w, https:\/\/experienciadevida.com.ar\/portalurbano\/wp-content\/uploads\/2021\/01\/Fueron-las-primeras-300x169.jpg 300w, https:\/\/experienciadevida.com.ar\/portalurbano\/wp-content\/uploads\/2021\/01\/Fueron-las-primeras-768x432.jpg 768w\" sizes=\"(max-width: 1004px) 100vw, 1004px\" \/><\/a><\/p>\n<p>Fuente: t\u00e9lam<\/p>\n","protected":false},"excerpt":{"rendered":"<p>Olavarrienses fueron las primeras sobrevivientes en declarar en un juicio unificado. Laura Franchi y sus&#8230;<\/p>\n","protected":false},"author":1,"featured_media":132376,"comment_status":"closed","ping_status":"closed","sticky":false,"template":"","format":"standard","meta":{"content-type":""},"categories":[27,51],"tags":[],"nelio_content":{"isAutoShareEnabled":false,"autoShareEndMode":"default","automationSources":{"useContentSentences":true,"useSocialTemplates":true,"useCustomSentences":false,"customSentences":[]},"followers":[1],"suggestedReferences":[],"includedReferences":[],"efiUrl":"","efiAlt":"","highlights":[]},"yoast_head":"<!-- This site is optimized with the Yoast SEO plugin v20.7 - https:\/\/yoast.com\/wordpress\/plugins\/seo\/ -->\n<title>Olavarrienses fueron las primeras sobrevivientes en declarar en un juicio<\/title>\n<meta name=\"description\" content=\"Olavarrienses fueron las primeras sobrevivientes en declarar en un juicio unificado. Laura Franchi y sus hijas, declararon en un juicio.\" \/>\n<meta name=\"robots\" content=\"index, follow, max-snippet:-1, max-image-preview:large, max-video-preview:-1\" \/>\n<link rel=\"canonical\" href=\"https:\/\/experienciadevida.com.ar\/portalurbano\/olavarrienses-fueron-las-primeras-sobrevivientes-en-declarar-en-un-juicio-unificado-de-lesa-humanidad\/\" \/>\n<meta property=\"og:locale\" content=\"es_ES\" \/>\n<meta property=\"og:type\" content=\"article\" \/>\n<meta property=\"og:title\" content=\"Olavarrienses fueron las primeras sobrevivientes en declarar en un juicio\" \/>\n<meta property=\"og:description\" content=\"Olavarrienses fueron las primeras sobrevivientes en declarar en un juicio unificado. Laura Franchi y sus hijas, declararon en un juicio.\" \/>\n<meta property=\"og:url\" content=\"https:\/\/experienciadevida.com.ar\/portalurbano\/olavarrienses-fueron-las-primeras-sobrevivientes-en-declarar-en-un-juicio-unificado-de-lesa-humanidad\/\" \/>\n<meta property=\"article:publisher\" content=\"https:\/\/www.facebook.com\/Portal-Urbano-171542830093757\/\" \/>\n<meta property=\"article:published_time\" content=\"2021-01-13T12:56:33+00:00\" \/>\n<meta property=\"article:modified_time\" content=\"2021-01-13T13:03:04+00:00\" \/>\n<meta property=\"og:image\" content=\"https:\/\/experienciadevida.com.ar\/portalurbano\/wp-content\/uploads\/2021\/01\/Olavarrienses-fueron-las-primeras.jpg\" \/>\n\t<meta property=\"og:image:width\" content=\"1004\" \/>\n\t<meta property=\"og:image:height\" content=\"565\" \/>\n\t<meta property=\"og:image:type\" content=\"image\/jpeg\" \/>\n<meta name=\"author\" content=\"admpu17wp\" \/>\n<meta name=\"twitter:card\" content=\"summary_large_image\" \/>\n<meta name=\"twitter:creator\" content=\"@portalurbanook\" \/>\n<meta name=\"twitter:site\" content=\"@portalurbanook\" \/>\n<meta name=\"twitter:label1\" content=\"Escrito por\" \/>\n\t<meta name=\"twitter:data1\" content=\"admpu17wp\" \/>\n\t<meta name=\"twitter:label2\" content=\"Tiempo de lectura\" \/>\n\t<meta name=\"twitter:data2\" content=\"5 minutos\" \/>\n<script type=\"application\/ld+json\" class=\"yoast-schema-graph\">{\"@context\":\"https:\/\/schema.org\",\"@graph\":[{\"@type\":\"Article\",\"@id\":\"https:\/\/experienciadevida.com.ar\/portalurbano\/olavarrienses-fueron-las-primeras-sobrevivientes-en-declarar-en-un-juicio-unificado-de-lesa-humanidad\/#article\",\"isPartOf\":{\"@id\":\"https:\/\/experienciadevida.com.ar\/portalurbano\/olavarrienses-fueron-las-primeras-sobrevivientes-en-declarar-en-un-juicio-unificado-de-lesa-humanidad\/\"},\"author\":{\"name\":\"admpu17wp\",\"@id\":\"https:\/\/experienciadevida.com.ar\/portalurbano\/#\/schema\/person\/02dd326b1c4b056e9cc972486934a3a7\"},\"headline\":\"Olavarrienses fueron las primeras sobrevivientes en declarar en un juicio unificado de lesa humanidad\",\"datePublished\":\"2021-01-13T12:56:33+00:00\",\"dateModified\":\"2021-01-13T13:03:04+00:00\",\"mainEntityOfPage\":{\"@id\":\"https:\/\/experienciadevida.com.ar\/portalurbano\/olavarrienses-fueron-las-primeras-sobrevivientes-en-declarar-en-un-juicio-unificado-de-lesa-humanidad\/\"},\"wordCount\":1022,\"publisher\":{\"@id\":\"https:\/\/experienciadevida.com.ar\/portalurbano\/#organization\"},\"articleSection\":[\"Ciudad\",\"Destacadas\"],\"inLanguage\":\"es\"},{\"@type\":\"WebPage\",\"@id\":\"https:\/\/experienciadevida.com.ar\/portalurbano\/olavarrienses-fueron-las-primeras-sobrevivientes-en-declarar-en-un-juicio-unificado-de-lesa-humanidad\/\",\"url\":\"https:\/\/experienciadevida.com.ar\/portalurbano\/olavarrienses-fueron-las-primeras-sobrevivientes-en-declarar-en-un-juicio-unificado-de-lesa-humanidad\/\",\"name\":\"Olavarrienses fueron las primeras sobrevivientes en declarar en un juicio\",\"isPartOf\":{\"@id\":\"https:\/\/experienciadevida.com.ar\/portalurbano\/#website\"},\"datePublished\":\"2021-01-13T12:56:33+00:00\",\"dateModified\":\"2021-01-13T13:03:04+00:00\",\"description\":\"Olavarrienses fueron las primeras sobrevivientes en declarar en un juicio unificado. Laura Franchi y sus hijas, declararon en un juicio.\",\"breadcrumb\":{\"@id\":\"https:\/\/experienciadevida.com.ar\/portalurbano\/olavarrienses-fueron-las-primeras-sobrevivientes-en-declarar-en-un-juicio-unificado-de-lesa-humanidad\/#breadcrumb\"},\"inLanguage\":\"es\",\"potentialAction\":[{\"@type\":\"ReadAction\",\"target\":[\"https:\/\/experienciadevida.com.ar\/portalurbano\/olavarrienses-fueron-las-primeras-sobrevivientes-en-declarar-en-un-juicio-unificado-de-lesa-humanidad\/\"]}]},{\"@type\":\"BreadcrumbList\",\"@id\":\"https:\/\/experienciadevida.com.ar\/portalurbano\/olavarrienses-fueron-las-primeras-sobrevivientes-en-declarar-en-un-juicio-unificado-de-lesa-humanidad\/#breadcrumb\",\"itemListElement\":[{\"@type\":\"ListItem\",\"position\":1,\"name\":\"Portada\",\"item\":\"https:\/\/experienciadevida.com.ar\/portalurbano\/\"},{\"@type\":\"ListItem\",\"position\":2,\"name\":\"Olavarrienses fueron las primeras sobrevivientes en declarar en un juicio unificado de lesa humanidad\"}]},{\"@type\":\"WebSite\",\"@id\":\"https:\/\/experienciadevida.com.ar\/portalurbano\/#website\",\"url\":\"https:\/\/experienciadevida.com.ar\/portalurbano\/\",\"name\":\"\",\"description\":\"\",\"publisher\":{\"@id\":\"https:\/\/experienciadevida.com.ar\/portalurbano\/#organization\"},\"potentialAction\":[{\"@type\":\"SearchAction\",\"target\":{\"@type\":\"EntryPoint\",\"urlTemplate\":\"https:\/\/experienciadevida.com.ar\/portalurbano\/?s={search_term_string}\"},\"query-input\":\"required name=search_term_string\"}],\"inLanguage\":\"es\"},{\"@type\":\"Organization\",\"@id\":\"https:\/\/experienciadevida.com.ar\/portalurbano\/#organization\",\"name\":\"Portal Urbano\",\"url\":\"https:\/\/experienciadevida.com.ar\/portalurbano\/\",\"logo\":{\"@type\":\"ImageObject\",\"inLanguage\":\"es\",\"@id\":\"https:\/\/experienciadevida.com.ar\/portalurbano\/#\/schema\/logo\/image\/\",\"url\":\"https:\/\/experienciadevida.com.ar\/portalurbano\/wp-content\/uploads\/2019\/09\/Logo-Original.png\",\"contentUrl\":\"https:\/\/experienciadevida.com.ar\/portalurbano\/wp-content\/uploads\/2019\/09\/Logo-Original.png\",\"width\":2236,\"height\":1216,\"caption\":\"Portal Urbano\"},\"image\":{\"@id\":\"https:\/\/experienciadevida.com.ar\/portalurbano\/#\/schema\/logo\/image\/\"},\"sameAs\":[\"https:\/\/www.facebook.com\/Portal-Urbano-171542830093757\/\",\"https:\/\/twitter.com\/portalurbanook\",\"https:\/\/www.instagram.com\/_portalurbano\/\",\"https:\/\/www.youtube.com\/channel\/UCXhagIfszH8KxFiOok79zbA?view_as=subscriber\"]},{\"@type\":\"Person\",\"@id\":\"https:\/\/experienciadevida.com.ar\/portalurbano\/#\/schema\/person\/02dd326b1c4b056e9cc972486934a3a7\",\"name\":\"admpu17wp\",\"image\":{\"@type\":\"ImageObject\",\"inLanguage\":\"es\",\"@id\":\"https:\/\/experienciadevida.com.ar\/portalurbano\/#\/schema\/person\/image\/\",\"url\":\"https:\/\/secure.gravatar.com\/avatar\/830d4c57adaae6630765e449a6908047?s=96&d=mm&r=g\",\"contentUrl\":\"https:\/\/secure.gravatar.com\/avatar\/830d4c57adaae6630765e449a6908047?s=96&d=mm&r=g\",\"caption\":\"admpu17wp\"}}]}<\/script>\n<!-- \/ Yoast SEO plugin. -->","yoast_head_json":{"title":"Olavarrienses fueron las primeras sobrevivientes en declarar en un juicio","description":"Olavarrienses fueron las primeras sobrevivientes en declarar en un juicio unificado. Laura Franchi y sus hijas, declararon en un juicio.","robots":{"index":"index","follow":"follow","max-snippet":"max-snippet:-1","max-image-preview":"max-image-preview:large","max-video-preview":"max-video-preview:-1"},"canonical":"https:\/\/experienciadevida.com.ar\/portalurbano\/olavarrienses-fueron-las-primeras-sobrevivientes-en-declarar-en-un-juicio-unificado-de-lesa-humanidad\/","og_locale":"es_ES","og_type":"article","og_title":"Olavarrienses fueron las primeras sobrevivientes en declarar en un juicio","og_description":"Olavarrienses fueron las primeras sobrevivientes en declarar en un juicio unificado. Laura Franchi y sus hijas, declararon en un juicio.","og_url":"https:\/\/experienciadevida.com.ar\/portalurbano\/olavarrienses-fueron-las-primeras-sobrevivientes-en-declarar-en-un-juicio-unificado-de-lesa-humanidad\/","article_publisher":"https:\/\/www.facebook.com\/Portal-Urbano-171542830093757\/","article_published_time":"2021-01-13T12:56:33+00:00","article_modified_time":"2021-01-13T13:03:04+00:00","og_image":[{"width":1004,"height":565,"url":"https:\/\/experienciadevida.com.ar\/portalurbano\/wp-content\/uploads\/2021\/01\/Olavarrienses-fueron-las-primeras.jpg","type":"image\/jpeg"}],"author":"admpu17wp","twitter_card":"summary_large_image","twitter_creator":"@portalurbanook","twitter_site":"@portalurbanook","twitter_misc":{"Escrito por":"admpu17wp","Tiempo de lectura":"5 minutos"},"schema":{"@context":"https:\/\/schema.org","@graph":[{"@type":"Article","@id":"https:\/\/experienciadevida.com.ar\/portalurbano\/olavarrienses-fueron-las-primeras-sobrevivientes-en-declarar-en-un-juicio-unificado-de-lesa-humanidad\/#article","isPartOf":{"@id":"https:\/\/experienciadevida.com.ar\/portalurbano\/olavarrienses-fueron-las-primeras-sobrevivientes-en-declarar-en-un-juicio-unificado-de-lesa-humanidad\/"},"author":{"name":"admpu17wp","@id":"https:\/\/experienciadevida.com.ar\/portalurbano\/#\/schema\/person\/02dd326b1c4b056e9cc972486934a3a7"},"headline":"Olavarrienses fueron las primeras sobrevivientes en declarar en un juicio unificado de lesa humanidad","datePublished":"2021-01-13T12:56:33+00:00","dateModified":"2021-01-13T13:03:04+00:00","mainEntityOfPage":{"@id":"https:\/\/experienciadevida.com.ar\/portalurbano\/olavarrienses-fueron-las-primeras-sobrevivientes-en-declarar-en-un-juicio-unificado-de-lesa-humanidad\/"},"wordCount":1022,"publisher":{"@id":"https:\/\/experienciadevida.com.ar\/portalurbano\/#organization"},"articleSection":["Ciudad","Destacadas"],"inLanguage":"es"},{"@type":"WebPage","@id":"https:\/\/experienciadevida.com.ar\/portalurbano\/olavarrienses-fueron-las-primeras-sobrevivientes-en-declarar-en-un-juicio-unificado-de-lesa-humanidad\/","url":"https:\/\/experienciadevida.com.ar\/portalurbano\/olavarrienses-fueron-las-primeras-sobrevivientes-en-declarar-en-un-juicio-unificado-de-lesa-humanidad\/","name":"Olavarrienses fueron las primeras sobrevivientes en declarar en un juicio","isPartOf":{"@id":"https:\/\/experienciadevida.com.ar\/portalurbano\/#website"},"datePublished":"2021-01-13T12:56:33+00:00","dateModified":"2021-01-13T13:03:04+00:00","description":"Olavarrienses fueron las primeras sobrevivientes en declarar en un juicio unificado. Laura Franchi y sus hijas, declararon en un juicio.","breadcrumb":{"@id":"https:\/\/experienciadevida.com.ar\/portalurbano\/olavarrienses-fueron-las-primeras-sobrevivientes-en-declarar-en-un-juicio-unificado-de-lesa-humanidad\/#breadcrumb"},"inLanguage":"es","potentialAction":[{"@type":"ReadAction","target":["https:\/\/experienciadevida.com.ar\/portalurbano\/olavarrienses-fueron-las-primeras-sobrevivientes-en-declarar-en-un-juicio-unificado-de-lesa-humanidad\/"]}]},{"@type":"BreadcrumbList","@id":"https:\/\/experienciadevida.com.ar\/portalurbano\/olavarrienses-fueron-las-primeras-sobrevivientes-en-declarar-en-un-juicio-unificado-de-lesa-humanidad\/#breadcrumb","itemListElement":[{"@type":"ListItem","position":1,"name":"Portada","item":"https:\/\/experienciadevida.com.ar\/portalurbano\/"},{"@type":"ListItem","position":2,"name":"Olavarrienses fueron las primeras sobrevivientes en declarar en un juicio unificado de lesa humanidad"}]},{"@type":"WebSite","@id":"https:\/\/experienciadevida.com.ar\/portalurbano\/#website","url":"https:\/\/experienciadevida.com.ar\/portalurbano\/","name":"","description":"","publisher":{"@id":"https:\/\/experienciadevida.com.ar\/portalurbano\/#organization"},"potentialAction":[{"@type":"SearchAction","target":{"@type":"EntryPoint","urlTemplate":"https:\/\/experienciadevida.com.ar\/portalurbano\/?s={search_term_string}"},"query-input":"required name=search_term_string"}],"inLanguage":"es"},{"@type":"Organization","@id":"https:\/\/experienciadevida.com.ar\/portalurbano\/#organization","name":"Portal Urbano","url":"https:\/\/experienciadevida.com.ar\/portalurbano\/","logo":{"@type":"ImageObject","inLanguage":"es","@id":"https:\/\/experienciadevida.com.ar\/portalurbano\/#\/schema\/logo\/image\/","url":"https:\/\/experienciadevida.com.ar\/portalurbano\/wp-content\/uploads\/2019\/09\/Logo-Original.png","contentUrl":"https:\/\/experienciadevida.com.ar\/portalurbano\/wp-content\/uploads\/2019\/09\/Logo-Original.png","width":2236,"height":1216,"caption":"Portal Urbano"},"image":{"@id":"https:\/\/experienciadevida.com.ar\/portalurbano\/#\/schema\/logo\/image\/"},"sameAs":["https:\/\/www.facebook.com\/Portal-Urbano-171542830093757\/","https:\/\/twitter.com\/portalurbanook","https:\/\/www.instagram.com\/_portalurbano\/","https:\/\/www.youtube.com\/channel\/UCXhagIfszH8KxFiOok79zbA?view_as=subscriber"]},{"@type":"Person","@id":"https:\/\/experienciadevida.com.ar\/portalurbano\/#\/schema\/person\/02dd326b1c4b056e9cc972486934a3a7","name":"admpu17wp","image":{"@type":"ImageObject","inLanguage":"es","@id":"https:\/\/experienciadevida.com.ar\/portalurbano\/#\/schema\/person\/image\/","url":"https:\/\/secure.gravatar.com\/avatar\/830d4c57adaae6630765e449a6908047?s=96&d=mm&r=g","contentUrl":"https:\/\/secure.gravatar.com\/avatar\/830d4c57adaae6630765e449a6908047?s=96&d=mm&r=g","caption":"admpu17wp"}}]}},"featured_image_urls":{"full":["https:\/\/experienciadevida.com.ar\/portalurbano\/wp-content\/uploads\/2021\/01\/Olavarrienses-fueron-las-primeras.jpg",1004,565,false],"thumbnail":["https:\/\/experienciadevida.com.ar\/portalurbano\/wp-content\/uploads\/2021\/01\/Olavarrienses-fueron-las-primeras-150x150.jpg",150,150,true],"medium":["https:\/\/experienciadevida.com.ar\/portalurbano\/wp-content\/uploads\/2021\/01\/Olavarrienses-fueron-las-primeras-300x169.jpg",300,169,true],"medium_large":["https:\/\/experienciadevida.com.ar\/portalurbano\/wp-content\/uploads\/2021\/01\/Olavarrienses-fueron-las-primeras-768x432.jpg",640,360,true],"large":["https:\/\/experienciadevida.com.ar\/portalurbano\/wp-content\/uploads\/2021\/01\/Olavarrienses-fueron-las-primeras.jpg",640,360,false],"ug_big":["https:\/\/experienciadevida.com.ar\/portalurbano\/wp-content\/uploads\/2021\/01\/Olavarrienses-fueron-las-primeras-768x432.jpg",768,432,true],"1536x1536":["https:\/\/experienciadevida.com.ar\/portalurbano\/wp-content\/uploads\/2021\/01\/Olavarrienses-fueron-las-primeras.jpg",1004,565,false],"2048x2048":["https:\/\/experienciadevida.com.ar\/portalurbano\/wp-content\/uploads\/2021\/01\/Olavarrienses-fueron-las-primeras.jpg",1004,565,false],"newsever-slider-full":["https:\/\/experienciadevida.com.ar\/portalurbano\/wp-content\/uploads\/2021\/01\/Olavarrienses-fueron-las-primeras.jpg",1004,565,false],"newsever-featured":["https:\/\/experienciadevida.com.ar\/portalurbano\/wp-content\/uploads\/2021\/01\/Olavarrienses-fueron-las-primeras.jpg",1004,565,false],"newsever-medium":["https:\/\/experienciadevida.com.ar\/portalurbano\/wp-content\/uploads\/2021\/01\/Olavarrienses-fueron-las-primeras.jpg",720,405,false],"web-stories-poster-portrait":["https:\/\/experienciadevida.com.ar\/portalurbano\/wp-content\/uploads\/2021\/01\/Olavarrienses-fueron-las-primeras.jpg",640,360,false],"web-stories-publisher-logo":["https:\/\/experienciadevida.com.ar\/portalurbano\/wp-content\/uploads\/2021\/01\/Olavarrienses-fueron-las-primeras.jpg",96,54,false],"web-stories-thumbnail":["https:\/\/experienciadevida.com.ar\/portalurbano\/wp-content\/uploads\/2021\/01\/Olavarrienses-fueron-las-primeras.jpg",150,84,false]},"author_info":{"display_name":"admpu17wp","author_link":"https:\/\/experienciadevida.com.ar\/portalurbano\/author\/admpu17wp\/"},"category_info":"<a href=\"https:\/\/experienciadevida.com.ar\/portalurbano\/category\/ciudad\/\" rel=\"category tag\">Ciudad<\/a> <a href=\"https:\/\/experienciadevida.com.ar\/portalurbano\/category\/destacadas\/\" rel=\"category tag\">Destacadas<\/a>","tag_info":"Destacadas","comment_count":"0","amp_enabled":true,"_links":{"self":[{"href":"https:\/\/experienciadevida.com.ar\/portalurbano\/wp-json\/wp\/v2\/posts\/132375"}],"collection":[{"href":"https:\/\/experienciadevida.com.ar\/portalurbano\/wp-json\/wp\/v2\/posts"}],"about":[{"href":"https:\/\/experienciadevida.com.ar\/portalurbano\/wp-json\/wp\/v2\/types\/post"}],"author":[{"embeddable":true,"href":"https:\/\/experienciadevida.com.ar\/portalurbano\/wp-json\/wp\/v2\/users\/1"}],"replies":[{"embeddable":true,"href":"https:\/\/experienciadevida.com.ar\/portalurbano\/wp-json\/wp\/v2\/comments?post=132375"}],"version-history":[{"count":4,"href":"https:\/\/experienciadevida.com.ar\/portalurbano\/wp-json\/wp\/v2\/posts\/132375\/revisions"}],"predecessor-version":[{"id":132378,"href":"https:\/\/experienciadevida.com.ar\/portalurbano\/wp-json\/wp\/v2\/posts\/132375\/revisions\/132378"}],"wp:featuredmedia":[{"embeddable":true,"href":"https:\/\/experienciadevida.com.ar\/portalurbano\/wp-json\/wp\/v2\/media\/132376"}],"wp:attachment":[{"href":"https:\/\/experienciadevida.com.ar\/portalurbano\/wp-json\/wp\/v2\/media?parent=132375"}],"wp:term":[{"taxonomy":"category","embeddable":true,"href":"https:\/\/experienciadevida.com.ar\/portalurbano\/wp-json\/wp\/v2\/categories?post=132375"},{"taxonomy":"post_tag","embeddable":true,"href":"https:\/\/experienciadevida.com.ar\/portalurbano\/wp-json\/wp\/v2\/tags?post=132375"}],"curies":[{"name":"wp","href":"https:\/\/api.w.org\/{rel}","templated":true}]}}