{"id":132319,"date":"2021-01-12T14:22:01","date_gmt":"2021-01-12T17:22:01","guid":{"rendered":"https:\/\/experienciadevida.com.ar\/portalurbano\/?p=132319"},"modified":"2021-01-12T14:26:40","modified_gmt":"2021-01-12T17:26:40","slug":"restriccion-nocturna-locales-gastronomicos-podran-funcionar-hasta-la-1-de-la-manana","status":"publish","type":"post","link":"https:\/\/experienciadevida.com.ar\/portalurbano\/restriccion-nocturna-locales-gastronomicos-podran-funcionar-hasta-la-1-de-la-manana\/","title":{"rendered":"Restricci\u00f3n nocturna: Locales gastron\u00f3micos podr\u00e1n funcionar hasta la 1 de la ma\u00f1ana"},"content":{"rendered":"<p>En la jornada de este martes, el Municipio emiti\u00f3 un decreto que atento al incremento de casos positivos acaecidos en el Partido y en toda la Provincia de Buenos Aires, se dict\u00f3 una nueva norma que se adecue al funcionamiento de actividades en la ciudad a lo dispuesto por el Gobernador y por el Jefe de Gabinete de Ministros.<\/p>\n<p>Remarcan adem\u00e1s la importancia de la higiene personal.<\/p>\n<p>El funcionamiento de los servicios de comida y bebidas para el consumo en locales gastron\u00f3micos y food trucks al aire libre. Los locales gastron\u00f3micos en lugares cerrados podr\u00e1n funcionar con un aforo del 50% de su capacidad.<\/p>\n<p>Podr\u00e1n funcionar hasta la 1 de la ma\u00f1ana. Por otro lado, mencionan que en los lugares cerrados se deber\u00e1 brindar la mayor circulaci\u00f3n de aire posible por medio de ventilaci\u00f3n natural.<\/p>\n<p>&nbsp;<\/p>\n","protected":false},"excerpt":{"rendered":"<p>En la jornada de este martes, el Municipio emiti\u00f3 un decreto que atento al incremento&#8230;<\/p>\n","protected":false},"author":1,"featured_media":115875,"comment_status":"closed","ping_status":"closed","sticky":false,"template":"","format":"standard","meta":{"content-type":""},"categories":[27,51],"tags":[],"nelio_content":{"isAutoShareEnabled":false,"autoShareEndMode":"default","automationSources":{"useContentSentences":true,"useSocialTemplates":true,"useCustomSentences":false,"customSentences":[]},"followers":[1],"suggestedReferences":[],"includedReferences":[],"efiUrl":"","efiAlt":"","highlights":[]},"yoast_head":"<!-- This site is optimized with the Yoast SEO plugin v20.7 - https:\/\/yoast.com\/wordpress\/plugins\/seo\/ -->\n<title>Restricci\u00f3n nocturna: Locaes gastron\u00f3micos podr\u00e1n funcionar hasta la 1<\/title>\n<meta name=\"description\" content=\"La restricci\u00f3n nocturna rige a partir de este martes, los locales gastron\u00f3micos podr\u00e1n funcionar hasta la 1 de la madrugada.\" \/>\n<meta name=\"robots\" content=\"index, follow, max-snippet:-1, max-image-preview:large, max-video-preview:-1\" \/>\n<link rel=\"canonical\" href=\"https:\/\/experienciadevida.com.ar\/portalurbano\/restriccion-nocturna-locales-gastronomicos-podran-funcionar-hasta-la-1-de-la-manana\/\" \/>\n<meta property=\"og:locale\" content=\"es_ES\" \/>\n<meta property=\"og:type\" content=\"article\" \/>\n<meta property=\"og:title\" content=\"Restricci\u00f3n nocturna: Locaes gastron\u00f3micos podr\u00e1n funcionar hasta la 1\" \/>\n<meta property=\"og:description\" content=\"La restricci\u00f3n nocturna rige a partir de este martes, los locales gastron\u00f3micos podr\u00e1n funcionar hasta la 1 de la madrugada.\" \/>\n<meta property=\"og:url\" content=\"https:\/\/experienciadevida.com.ar\/portalurbano\/restriccion-nocturna-locales-gastronomicos-podran-funcionar-hasta-la-1-de-la-manana\/\" \/>\n<meta property=\"article:publisher\" content=\"https:\/\/www.facebook.com\/Portal-Urbano-171542830093757\/\" \/>\n<meta property=\"article:published_time\" content=\"2021-01-12T17:22:01+00:00\" \/>\n<meta property=\"article:modified_time\" content=\"2021-01-12T17:26:40+00:00\" \/>\n<meta property=\"og:image\" content=\"https:\/\/experienciadevida.com.ar\/portalurbano\/wp-content\/uploads\/2020\/07\/RESTAURANTE.png\" \/>\n\t<meta property=\"og:image:width\" content=\"781\" \/>\n\t<meta property=\"og:image:height\" content=\"499\" \/>\n\t<meta property=\"og:image:type\" content=\"image\/png\" \/>\n<meta name=\"author\" content=\"admpu17wp\" \/>\n<meta name=\"twitter:card\" content=\"summary_large_image\" \/>\n<meta name=\"twitter:creator\" content=\"@portalurbanook\" \/>\n<meta name=\"twitter:site\" content=\"@portalurbanook\" \/>\n<meta name=\"twitter:label1\" content=\"Escrito por\" \/>\n\t<meta name=\"twitter:data1\" content=\"admpu17wp\" \/>\n\t<meta name=\"twitter:label2\" content=\"Tiempo de lectura\" \/>\n\t<meta name=\"twitter:data2\" content=\"1 minuto\" \/>\n<script type=\"application\/ld+json\" class=\"yoast-schema-graph\">{\"@context\":\"https:\/\/schema.org\",\"@graph\":[{\"@type\":\"Article\",\"@id\":\"https:\/\/experienciadevida.com.ar\/portalurbano\/restriccion-nocturna-locales-gastronomicos-podran-funcionar-hasta-la-1-de-la-manana\/#article\",\"isPartOf\":{\"@id\":\"https:\/\/experienciadevida.com.ar\/portalurbano\/restriccion-nocturna-locales-gastronomicos-podran-funcionar-hasta-la-1-de-la-manana\/\"},\"author\":{\"name\":\"admpu17wp\",\"@id\":\"https:\/\/experienciadevida.com.ar\/portalurbano\/#\/schema\/person\/02dd326b1c4b056e9cc972486934a3a7\"},\"headline\":\"Restricci\u00f3n nocturna: Locales gastron\u00f3micos podr\u00e1n funcionar hasta la 1 de la ma\u00f1ana\",\"datePublished\":\"2021-01-12T17:22:01+00:00\",\"dateModified\":\"2021-01-12T17:26:40+00:00\",\"mainEntityOfPage\":{\"@id\":\"https:\/\/experienciadevida.com.ar\/portalurbano\/restriccion-nocturna-locales-gastronomicos-podran-funcionar-hasta-la-1-de-la-manana\/\"},\"wordCount\":157,\"publisher\":{\"@id\":\"https:\/\/experienciadevida.com.ar\/portalurbano\/#organization\"},\"articleSection\":[\"Ciudad\",\"Destacadas\"],\"inLanguage\":\"es\"},{\"@type\":\"WebPage\",\"@id\":\"https:\/\/experienciadevida.com.ar\/portalurbano\/restriccion-nocturna-locales-gastronomicos-podran-funcionar-hasta-la-1-de-la-manana\/\",\"url\":\"https:\/\/experienciadevida.com.ar\/portalurbano\/restriccion-nocturna-locales-gastronomicos-podran-funcionar-hasta-la-1-de-la-manana\/\",\"name\":\"Restricci\u00f3n nocturna: Locaes gastron\u00f3micos podr\u00e1n funcionar hasta la 1\",\"isPartOf\":{\"@id\":\"https:\/\/experienciadevida.com.ar\/portalurbano\/#website\"},\"datePublished\":\"2021-01-12T17:22:01+00:00\",\"dateModified\":\"2021-01-12T17:26:40+00:00\",\"description\":\"La restricci\u00f3n nocturna rige a partir de este martes, los locales gastron\u00f3micos podr\u00e1n funcionar hasta la 1 de la madrugada.\",\"breadcrumb\":{\"@id\":\"https:\/\/experienciadevida.com.ar\/portalurbano\/restriccion-nocturna-locales-gastronomicos-podran-funcionar-hasta-la-1-de-la-manana\/#breadcrumb\"},\"inLanguage\":\"es\",\"potentialAction\":[{\"@type\":\"ReadAction\",\"target\":[\"https:\/\/experienciadevida.com.ar\/portalurbano\/restriccion-nocturna-locales-gastronomicos-podran-funcionar-hasta-la-1-de-la-manana\/\"]}]},{\"@type\":\"BreadcrumbList\",\"@id\":\"https:\/\/experienciadevida.com.ar\/portalurbano\/restriccion-nocturna-locales-gastronomicos-podran-funcionar-hasta-la-1-de-la-manana\/#breadcrumb\",\"itemListElement\":[{\"@type\":\"ListItem\",\"position\":1,\"name\":\"Portada\",\"item\":\"https:\/\/experienciadevida.com.ar\/portalurbano\/\"},{\"@type\":\"ListItem\",\"position\":2,\"name\":\"Restricci\u00f3n nocturna: Locales gastron\u00f3micos podr\u00e1n funcionar hasta la 1 de la ma\u00f1ana\"}]},{\"@type\":\"WebSite\",\"@id\":\"https:\/\/experienciadevida.com.ar\/portalurbano\/#website\",\"url\":\"https:\/\/experienciadevida.com.ar\/portalurbano\/\",\"name\":\"\",\"description\":\"\",\"publisher\":{\"@id\":\"https:\/\/experienciadevida.com.ar\/portalurbano\/#organization\"},\"potentialAction\":[{\"@type\":\"SearchAction\",\"target\":{\"@type\":\"EntryPoint\",\"urlTemplate\":\"https:\/\/experienciadevida.com.ar\/portalurbano\/?s={search_term_string}\"},\"query-input\":\"required name=search_term_string\"}],\"inLanguage\":\"es\"},{\"@type\":\"Organization\",\"@id\":\"https:\/\/experienciadevida.com.ar\/portalurbano\/#organization\",\"name\":\"Portal Urbano\",\"url\":\"https:\/\/experienciadevida.com.ar\/portalurbano\/\",\"logo\":{\"@type\":\"ImageObject\",\"inLanguage\":\"es\",\"@id\":\"https:\/\/experienciadevida.com.ar\/portalurbano\/#\/schema\/logo\/image\/\",\"url\":\"https:\/\/experienciadevida.com.ar\/portalurbano\/wp-content\/uploads\/2019\/09\/Logo-Original.png\",\"contentUrl\":\"https:\/\/experienciadevida.com.ar\/portalurbano\/wp-content\/uploads\/2019\/09\/Logo-Original.png\",\"width\":2236,\"height\":1216,\"caption\":\"Portal Urbano\"},\"image\":{\"@id\":\"https:\/\/experienciadevida.com.ar\/portalurbano\/#\/schema\/logo\/image\/\"},\"sameAs\":[\"https:\/\/www.facebook.com\/Portal-Urbano-171542830093757\/\",\"https:\/\/twitter.com\/portalurbanook\",\"https:\/\/www.instagram.com\/_portalurbano\/\",\"https:\/\/www.youtube.com\/channel\/UCXhagIfszH8KxFiOok79zbA?view_as=subscriber\"]},{\"@type\":\"Person\",\"@id\":\"https:\/\/experienciadevida.com.ar\/portalurbano\/#\/schema\/person\/02dd326b1c4b056e9cc972486934a3a7\",\"name\":\"admpu17wp\",\"image\":{\"@type\":\"ImageObject\",\"inLanguage\":\"es\",\"@id\":\"https:\/\/experienciadevida.com.ar\/portalurbano\/#\/schema\/person\/image\/\",\"url\":\"https:\/\/secure.gravatar.com\/avatar\/830d4c57adaae6630765e449a6908047?s=96&d=mm&r=g\",\"contentUrl\":\"https:\/\/secure.gravatar.com\/avatar\/830d4c57adaae6630765e449a6908047?s=96&d=mm&r=g\",\"caption\":\"admpu17wp\"}}]}<\/script>\n<!-- \/ Yoast SEO plugin. -->","yoast_head_json":{"title":"Restricci\u00f3n nocturna: Locaes gastron\u00f3micos podr\u00e1n funcionar hasta la 1","description":"La restricci\u00f3n nocturna rige a partir de este martes, los locales gastron\u00f3micos podr\u00e1n funcionar hasta la 1 de la madrugada.","robots":{"index":"index","follow":"follow","max-snippet":"max-snippet:-1","max-image-preview":"max-image-preview:large","max-video-preview":"max-video-preview:-1"},"canonical":"https:\/\/experienciadevida.com.ar\/portalurbano\/restriccion-nocturna-locales-gastronomicos-podran-funcionar-hasta-la-1-de-la-manana\/","og_locale":"es_ES","og_type":"article","og_title":"Restricci\u00f3n nocturna: Locaes gastron\u00f3micos podr\u00e1n funcionar hasta la 1","og_description":"La restricci\u00f3n nocturna rige a partir de este martes, los locales gastron\u00f3micos podr\u00e1n funcionar hasta la 1 de la madrugada.","og_url":"https:\/\/experienciadevida.com.ar\/portalurbano\/restriccion-nocturna-locales-gastronomicos-podran-funcionar-hasta-la-1-de-la-manana\/","article_publisher":"https:\/\/www.facebook.com\/Portal-Urbano-171542830093757\/","article_published_time":"2021-01-12T17:22:01+00:00","article_modified_time":"2021-01-12T17:26:40+00:00","og_image":[{"width":781,"height":499,"url":"https:\/\/experienciadevida.com.ar\/portalurbano\/wp-content\/uploads\/2020\/07\/RESTAURANTE.png","type":"image\/png"}],"author":"admpu17wp","twitter_card":"summary_large_image","twitter_creator":"@portalurbanook","twitter_site":"@portalurbanook","twitter_misc":{"Escrito por":"admpu17wp","Tiempo de lectura":"1 minuto"},"schema":{"@context":"https:\/\/schema.org","@graph":[{"@type":"Article","@id":"https:\/\/experienciadevida.com.ar\/portalurbano\/restriccion-nocturna-locales-gastronomicos-podran-funcionar-hasta-la-1-de-la-manana\/#article","isPartOf":{"@id":"https:\/\/experienciadevida.com.ar\/portalurbano\/restriccion-nocturna-locales-gastronomicos-podran-funcionar-hasta-la-1-de-la-manana\/"},"author":{"name":"admpu17wp","@id":"https:\/\/experienciadevida.com.ar\/portalurbano\/#\/schema\/person\/02dd326b1c4b056e9cc972486934a3a7"},"headline":"Restricci\u00f3n nocturna: Locales gastron\u00f3micos podr\u00e1n funcionar hasta la 1 de la ma\u00f1ana","datePublished":"2021-01-12T17:22:01+00:00","dateModified":"2021-01-12T17:26:40+00:00","mainEntityOfPage":{"@id":"https:\/\/experienciadevida.com.ar\/portalurbano\/restriccion-nocturna-locales-gastronomicos-podran-funcionar-hasta-la-1-de-la-manana\/"},"wordCount":157,"publisher":{"@id":"https:\/\/experienciadevida.com.ar\/portalurbano\/#organization"},"articleSection":["Ciudad","Destacadas"],"inLanguage":"es"},{"@type":"WebPage","@id":"https:\/\/experienciadevida.com.ar\/portalurbano\/restriccion-nocturna-locales-gastronomicos-podran-funcionar-hasta-la-1-de-la-manana\/","url":"https:\/\/experienciadevida.com.ar\/portalurbano\/restriccion-nocturna-locales-gastronomicos-podran-funcionar-hasta-la-1-de-la-manana\/","name":"Restricci\u00f3n nocturna: Locaes gastron\u00f3micos podr\u00e1n funcionar hasta la 1","isPartOf":{"@id":"https:\/\/experienciadevida.com.ar\/portalurbano\/#website"},"datePublished":"2021-01-12T17:22:01+00:00","dateModified":"2021-01-12T17:26:40+00:00","description":"La restricci\u00f3n nocturna rige a partir de este martes, los locales gastron\u00f3micos podr\u00e1n funcionar hasta la 1 de la madrugada.","breadcrumb":{"@id":"https:\/\/experienciadevida.com.ar\/portalurbano\/restriccion-nocturna-locales-gastronomicos-podran-funcionar-hasta-la-1-de-la-manana\/#breadcrumb"},"inLanguage":"es","potentialAction":[{"@type":"ReadAction","target":["https:\/\/experienciadevida.com.ar\/portalurbano\/restriccion-nocturna-locales-gastronomicos-podran-funcionar-hasta-la-1-de-la-manana\/"]}]},{"@type":"BreadcrumbList","@id":"https:\/\/experienciadevida.com.ar\/portalurbano\/restriccion-nocturna-locales-gastronomicos-podran-funcionar-hasta-la-1-de-la-manana\/#breadcrumb","itemListElement":[{"@type":"ListItem","position":1,"name":"Portada","item":"https:\/\/experienciadevida.com.ar\/portalurbano\/"},{"@type":"ListItem","position":2,"name":"Restricci\u00f3n nocturna: Locales gastron\u00f3micos podr\u00e1n funcionar hasta la 1 de la ma\u00f1ana"}]},{"@type":"WebSite","@id":"https:\/\/experienciadevida.com.ar\/portalurbano\/#website","url":"https:\/\/experienciadevida.com.ar\/portalurbano\/","name":"","description":"","publisher":{"@id":"https:\/\/experienciadevida.com.ar\/portalurbano\/#organization"},"potentialAction":[{"@type":"SearchAction","target":{"@type":"EntryPoint","urlTemplate":"https:\/\/experienciadevida.com.ar\/portalurbano\/?s={search_term_string}"},"query-input":"required name=search_term_string"}],"inLanguage":"es"},{"@type":"Organization","@id":"https:\/\/experienciadevida.com.ar\/portalurbano\/#organization","name":"Portal Urbano","url":"https:\/\/experienciadevida.com.ar\/portalurbano\/","logo":{"@type":"ImageObject","inLanguage":"es","@id":"https:\/\/experienciadevida.com.ar\/portalurbano\/#\/schema\/logo\/image\/","url":"https:\/\/experienciadevida.com.ar\/portalurbano\/wp-content\/uploads\/2019\/09\/Logo-Original.png","contentUrl":"https:\/\/experienciadevida.com.ar\/portalurbano\/wp-content\/uploads\/2019\/09\/Logo-Original.png","width":2236,"height":1216,"caption":"Portal Urbano"},"image":{"@id":"https:\/\/experienciadevida.com.ar\/portalurbano\/#\/schema\/logo\/image\/"},"sameAs":["https:\/\/www.facebook.com\/Portal-Urbano-171542830093757\/","https:\/\/twitter.com\/portalurbanook","https:\/\/www.instagram.com\/_portalurbano\/","https:\/\/www.youtube.com\/channel\/UCXhagIfszH8KxFiOok79zbA?view_as=subscriber"]},{"@type":"Person","@id":"https:\/\/experienciadevida.com.ar\/portalurbano\/#\/schema\/person\/02dd326b1c4b056e9cc972486934a3a7","name":"admpu17wp","image":{"@type":"ImageObject","inLanguage":"es","@id":"https:\/\/experienciadevida.com.ar\/portalurbano\/#\/schema\/person\/image\/","url":"https:\/\/secure.gravatar.com\/avatar\/830d4c57adaae6630765e449a6908047?s=96&d=mm&r=g","contentUrl":"https:\/\/secure.gravatar.com\/avatar\/830d4c57adaae6630765e449a6908047?s=96&d=mm&r=g","caption":"admpu17wp"}}]}},"featured_image_urls":{"full":["https:\/\/experienciadevida.com.ar\/portalurbano\/wp-content\/uploads\/2020\/07\/RESTAURANTE.png",781,499,false],"thumbnail":["https:\/\/experienciadevida.com.ar\/portalurbano\/wp-content\/uploads\/2020\/07\/RESTAURANTE-150x150.png",150,150,true],"medium":["https:\/\/experienciadevida.com.ar\/portalurbano\/wp-content\/uploads\/2020\/07\/RESTAURANTE-300x192.png",300,192,true],"medium_large":["https:\/\/experienciadevida.com.ar\/portalurbano\/wp-content\/uploads\/2020\/07\/RESTAURANTE-768x491.png",640,409,true],"large":["https:\/\/experienciadevida.com.ar\/portalurbano\/wp-content\/uploads\/2020\/07\/RESTAURANTE.png",640,409,false],"ug_big":["https:\/\/experienciadevida.com.ar\/portalurbano\/wp-content\/uploads\/2020\/07\/RESTAURANTE-768x491.png",768,491,true],"1536x1536":["https:\/\/experienciadevida.com.ar\/portalurbano\/wp-content\/uploads\/2020\/07\/RESTAURANTE.png",781,499,false],"2048x2048":["https:\/\/experienciadevida.com.ar\/portalurbano\/wp-content\/uploads\/2020\/07\/RESTAURANTE.png",781,499,false],"newsever-slider-full":["https:\/\/experienciadevida.com.ar\/portalurbano\/wp-content\/uploads\/2020\/07\/RESTAURANTE.png",781,499,false],"newsever-featured":["https:\/\/experienciadevida.com.ar\/portalurbano\/wp-content\/uploads\/2020\/07\/RESTAURANTE.png",781,499,false],"newsever-medium":["https:\/\/experienciadevida.com.ar\/portalurbano\/wp-content\/uploads\/2020\/07\/RESTAURANTE.png",720,460,false],"web-stories-poster-portrait":["https:\/\/experienciadevida.com.ar\/portalurbano\/wp-content\/uploads\/2020\/07\/RESTAURANTE.png",640,409,false],"web-stories-publisher-logo":["https:\/\/experienciadevida.com.ar\/portalurbano\/wp-content\/uploads\/2020\/07\/RESTAURANTE.png",96,61,false],"web-stories-thumbnail":["https:\/\/experienciadevida.com.ar\/portalurbano\/wp-content\/uploads\/2020\/07\/RESTAURANTE.png",150,96,false]},"author_info":{"display_name":"admpu17wp","author_link":"https:\/\/experienciadevida.com.ar\/portalurbano\/author\/admpu17wp\/"},"category_info":"<a href=\"https:\/\/experienciadevida.com.ar\/portalurbano\/category\/ciudad\/\" rel=\"category tag\">Ciudad<\/a> <a href=\"https:\/\/experienciadevida.com.ar\/portalurbano\/category\/destacadas\/\" rel=\"category tag\">Destacadas<\/a>","tag_info":"Destacadas","comment_count":"0","amp_enabled":true,"_links":{"self":[{"href":"https:\/\/experienciadevida.com.ar\/portalurbano\/wp-json\/wp\/v2\/posts\/132319"}],"collection":[{"href":"https:\/\/experienciadevida.com.ar\/portalurbano\/wp-json\/wp\/v2\/posts"}],"about":[{"href":"https:\/\/experienciadevida.com.ar\/portalurbano\/wp-json\/wp\/v2\/types\/post"}],"author":[{"embeddable":true,"href":"https:\/\/experienciadevida.com.ar\/portalurbano\/wp-json\/wp\/v2\/users\/1"}],"replies":[{"embeddable":true,"href":"https:\/\/experienciadevida.com.ar\/portalurbano\/wp-json\/wp\/v2\/comments?post=132319"}],"version-history":[{"count":1,"href":"https:\/\/experienciadevida.com.ar\/portalurbano\/wp-json\/wp\/v2\/posts\/132319\/revisions"}],"predecessor-version":[{"id":132320,"href":"https:\/\/experienciadevida.com.ar\/portalurbano\/wp-json\/wp\/v2\/posts\/132319\/revisions\/132320"}],"wp:featuredmedia":[{"embeddable":true,"href":"https:\/\/experienciadevida.com.ar\/portalurbano\/wp-json\/wp\/v2\/media\/115875"}],"wp:attachment":[{"href":"https:\/\/experienciadevida.com.ar\/portalurbano\/wp-json\/wp\/v2\/media?parent=132319"}],"wp:term":[{"taxonomy":"category","embeddable":true,"href":"https:\/\/experienciadevida.com.ar\/portalurbano\/wp-json\/wp\/v2\/categories?post=132319"},{"taxonomy":"post_tag","embeddable":true,"href":"https:\/\/experienciadevida.com.ar\/portalurbano\/wp-json\/wp\/v2\/tags?post=132319"}],"curies":[{"name":"wp","href":"https:\/\/api.w.org\/{rel}","templated":true}]}}