{"id":132277,"date":"2021-01-12T10:13:43","date_gmt":"2021-01-12T13:13:43","guid":{"rendered":"https:\/\/experienciadevida.com.ar\/portalurbano\/?p=132277"},"modified":"2021-01-12T10:22:18","modified_gmt":"2021-01-12T13:22:18","slug":"olavarria-cierre-entre-la-1-y-las-6-horas-reuniones-de-hasta-10-personas-y-suspension-de-visitas-a-geriatricos","status":"publish","type":"post","link":"https:\/\/experienciadevida.com.ar\/portalurbano\/olavarria-cierre-entre-la-1-y-las-6-horas-reuniones-de-hasta-10-personas-y-suspension-de-visitas-a-geriatricos\/","title":{"rendered":"Olavarr\u00eda: Cierre entre la 1 y las 6 horas, reuniones de hasta 10 personas y suspensi\u00f3n de visitas a geri\u00e1tricos"},"content":{"rendered":"<p>Cierre entre la 1 y las 6 horas, reuniones de hasta 10 personas y suspensi\u00f3n de visitas a geri\u00e1tricos. La Municipalidad publicar\u00e1 el decreto de adhesi\u00f3n a la norma provincial, conocida durante el fin de semana, que tendr\u00e1 estas particularidades. Lo adelant\u00f3 Hilario Galli a Radio Olavarr\u00eda esta ma\u00f1ana.<\/p>\n<p>El Subsecretario de Gobierno Hilario Galli dijo &#8220;<em>el s\u00e1bado estuvo el decreto Nacional, el domingo sali\u00f3 la resoluci\u00f3n provincial donde daban un lineamiento m\u00e1s espec\u00edfico. La provincia decidi\u00f3 aplicarlo dentro de su territorio, por eso que fue tambi\u00e9n en consecuencia la resoluci\u00f3n el domingo, efectivamente en la ciudad de Olavarr\u00eda a partir de este martes va a empezar a regir el horario que corta a la 1 de la ma\u00f1ana, y se va a reducir la posibilidad de juntarse en las reuniones familiares hasta 10 personas&#8221;.<\/em><\/p>\n<p>Por otro lado dijo &#8220;<em>se proh\u00edben las visitas a los geri\u00e1tricos por 15 d\u00edas, vamos a estar expectantes a c\u00f3mo sigue transcurriendo, tambi\u00e9n hay que tener en cuenta que la segunda semana de enero iba a hacer m\u00e1s compleja, estamos teniendo la consecuencia de lo que fueron las fiestas&#8221;.<\/em><\/p>\n<p><em>&#8220;Cuando uno empieza a asociar las estad\u00edsticas con los n\u00fameros y las cuestiones que est\u00e1n pasando se observa en c\u00f3mo ha bajado la edad de contagiados, respecto a lo que fue el a\u00f1o 2020. Una porci\u00f3n de la sociedad es la que est\u00e1 teniendo el mayor pico de contagios en este \u00faltimo tiempo&#8221;.<\/em><\/p>\n<p>A su vez &#8220;<em>la normativa que hace referencia a las multas aplica m\u00e1s a los Municipios donde no hab\u00edan dictado una norma al respecto, nosotros tenemos una ordenanza que ya regulaba todo el sistema de multas para quien no hac\u00eda las cosas como corresponde, no significa que tanto la normativa de provincia como Municipal despu\u00e9s no sea de muy dif\u00edcil de aplicaci\u00f3n. Hemos labrado m\u00e1s de 80 expedientes&#8221;.<\/em><\/p>\n<p><em>&#8220;Ac\u00e1 no es no es solamente una responsabilidad ni del Municipio, provincia ni naci\u00f3n respecto de las autoridades de control, hay responsabilidad individual. Cada uno de nosotros tenemos que poner cada cuota de responsabilidad para poder bajar los contagios y poder volver a la situaci\u00f3n &#8220;normalizada&#8221; que est\u00e1bamos teniendo&#8221;.\u00a0<\/em><\/p>\n<p>Por \u00faltimo dijo &#8221; <em>Esto complica a uno de los rubros que estuvo m\u00e1s castigado en esta pandemia, que es el gastron\u00f3mico, que tuvo que cerrar sus puertas durante much\u00edsimo tiempo y que ahora de alguna manera estaba retomando,\u00a0 y nuevamente es un golpe a su econom\u00eda que est\u00e1 permitiendo mantener los puestos laborales, que ha sido muy complejo a lo largo de toda la pandemia. Lo que hay que tener en cuenta que al cerrar los locales gastron\u00f3micos, est\u00e1n tambi\u00e9n cerrando lugares que cumplen con la normativa y el protocolo vigente, para el cuidado de todos los asistentes, y cuando uno cierra esos lugares se abre la puerta del resto de los lugares que no est\u00e1n permitidos y que uno no tiene la posibilidad de controlar los protocolos&#8221;.<\/em><\/p>\n<p><em>&#8220;Ah\u00ed est\u00e1 la diferencia y las discusiones que se dieron estos d\u00edas. La medida si va a funcionar o ser efectiva lo veremos en los pr\u00f3ximos d\u00edas&#8221;.<\/em><\/p>\n<p><strong>El decreto se publicar\u00e1 este martes.<\/strong><\/p>\n<p>Fuente: Radio Olavarr\u00eda<\/p>\n","protected":false},"excerpt":{"rendered":"<p>Cierre entre la 1 y las 6 horas, reuniones de hasta 10 personas y suspensi\u00f3n&#8230;<\/p>\n","protected":false},"author":1,"featured_media":123796,"comment_status":"closed","ping_status":"closed","sticky":false,"template":"","format":"standard","meta":{"content-type":""},"categories":[27,51],"tags":[],"nelio_content":{"isAutoShareEnabled":false,"autoShareEndMode":"default","automationSources":{"useContentSentences":true,"useSocialTemplates":true,"useCustomSentences":false,"customSentences":[]},"followers":[1],"suggestedReferences":[],"includedReferences":[],"efiUrl":"","efiAlt":"","highlights":[]},"yoast_head":"<!-- This site is optimized with the Yoast SEO plugin v20.7 - https:\/\/yoast.com\/wordpress\/plugins\/seo\/ -->\n<title>Olavarr\u00eda: Cierre entre la 1 y las 6 horas, reuniones de hasta 10 personas y suspensi\u00f3n de visitas a geri\u00e1tricos -<\/title>\n<meta name=\"robots\" content=\"index, follow, max-snippet:-1, max-image-preview:large, max-video-preview:-1\" \/>\n<link rel=\"canonical\" href=\"https:\/\/experienciadevida.com.ar\/portalurbano\/olavarria-cierre-entre-la-1-y-las-6-horas-reuniones-de-hasta-10-personas-y-suspension-de-visitas-a-geriatricos\/\" \/>\n<meta property=\"og:locale\" content=\"es_ES\" \/>\n<meta property=\"og:type\" content=\"article\" \/>\n<meta property=\"og:title\" content=\"Olavarr\u00eda: Cierre entre la 1 y las 6 horas, reuniones de hasta 10 personas y suspensi\u00f3n de visitas a geri\u00e1tricos -\" \/>\n<meta property=\"og:description\" content=\"Cierre entre la 1 y las 6 horas, reuniones de hasta 10 personas y suspensi\u00f3n...\" \/>\n<meta property=\"og:url\" content=\"https:\/\/experienciadevida.com.ar\/portalurbano\/olavarria-cierre-entre-la-1-y-las-6-horas-reuniones-de-hasta-10-personas-y-suspension-de-visitas-a-geriatricos\/\" \/>\n<meta property=\"article:publisher\" content=\"https:\/\/www.facebook.com\/Portal-Urbano-171542830093757\/\" \/>\n<meta property=\"article:published_time\" content=\"2021-01-12T13:13:43+00:00\" \/>\n<meta property=\"article:modified_time\" content=\"2021-01-12T13:22:18+00:00\" \/>\n<meta property=\"og:image\" content=\"https:\/\/experienciadevida.com.ar\/portalurbano\/wp-content\/uploads\/2020\/10\/Hilario-Galli.jpg\" \/>\n\t<meta property=\"og:image:width\" content=\"1968\" \/>\n\t<meta property=\"og:image:height\" content=\"1312\" \/>\n\t<meta property=\"og:image:type\" content=\"image\/jpeg\" \/>\n<meta name=\"author\" content=\"admpu17wp\" \/>\n<meta name=\"twitter:card\" content=\"summary_large_image\" \/>\n<meta name=\"twitter:creator\" content=\"@portalurbanook\" \/>\n<meta name=\"twitter:site\" content=\"@portalurbanook\" \/>\n<meta name=\"twitter:label1\" content=\"Escrito por\" \/>\n\t<meta name=\"twitter:data1\" content=\"admpu17wp\" \/>\n\t<meta name=\"twitter:label2\" content=\"Tiempo de lectura\" \/>\n\t<meta name=\"twitter:data2\" content=\"3 minutos\" \/>\n<script type=\"application\/ld+json\" class=\"yoast-schema-graph\">{\"@context\":\"https:\/\/schema.org\",\"@graph\":[{\"@type\":\"Article\",\"@id\":\"https:\/\/experienciadevida.com.ar\/portalurbano\/olavarria-cierre-entre-la-1-y-las-6-horas-reuniones-de-hasta-10-personas-y-suspension-de-visitas-a-geriatricos\/#article\",\"isPartOf\":{\"@id\":\"https:\/\/experienciadevida.com.ar\/portalurbano\/olavarria-cierre-entre-la-1-y-las-6-horas-reuniones-de-hasta-10-personas-y-suspension-de-visitas-a-geriatricos\/\"},\"author\":{\"name\":\"admpu17wp\",\"@id\":\"https:\/\/experienciadevida.com.ar\/portalurbano\/#\/schema\/person\/02dd326b1c4b056e9cc972486934a3a7\"},\"headline\":\"Olavarr\u00eda: Cierre entre la 1 y las 6 horas, reuniones de hasta 10 personas y suspensi\u00f3n de visitas a geri\u00e1tricos\",\"datePublished\":\"2021-01-12T13:13:43+00:00\",\"dateModified\":\"2021-01-12T13:22:18+00:00\",\"mainEntityOfPage\":{\"@id\":\"https:\/\/experienciadevida.com.ar\/portalurbano\/olavarria-cierre-entre-la-1-y-las-6-horas-reuniones-de-hasta-10-personas-y-suspension-de-visitas-a-geriatricos\/\"},\"wordCount\":577,\"publisher\":{\"@id\":\"https:\/\/experienciadevida.com.ar\/portalurbano\/#organization\"},\"articleSection\":[\"Ciudad\",\"Destacadas\"],\"inLanguage\":\"es\"},{\"@type\":\"WebPage\",\"@id\":\"https:\/\/experienciadevida.com.ar\/portalurbano\/olavarria-cierre-entre-la-1-y-las-6-horas-reuniones-de-hasta-10-personas-y-suspension-de-visitas-a-geriatricos\/\",\"url\":\"https:\/\/experienciadevida.com.ar\/portalurbano\/olavarria-cierre-entre-la-1-y-las-6-horas-reuniones-de-hasta-10-personas-y-suspension-de-visitas-a-geriatricos\/\",\"name\":\"Olavarr\u00eda: Cierre entre la 1 y las 6 horas, reuniones de hasta 10 personas y suspensi\u00f3n de visitas a geri\u00e1tricos -\",\"isPartOf\":{\"@id\":\"https:\/\/experienciadevida.com.ar\/portalurbano\/#website\"},\"datePublished\":\"2021-01-12T13:13:43+00:00\",\"dateModified\":\"2021-01-12T13:22:18+00:00\",\"breadcrumb\":{\"@id\":\"https:\/\/experienciadevida.com.ar\/portalurbano\/olavarria-cierre-entre-la-1-y-las-6-horas-reuniones-de-hasta-10-personas-y-suspension-de-visitas-a-geriatricos\/#breadcrumb\"},\"inLanguage\":\"es\",\"potentialAction\":[{\"@type\":\"ReadAction\",\"target\":[\"https:\/\/experienciadevida.com.ar\/portalurbano\/olavarria-cierre-entre-la-1-y-las-6-horas-reuniones-de-hasta-10-personas-y-suspension-de-visitas-a-geriatricos\/\"]}]},{\"@type\":\"BreadcrumbList\",\"@id\":\"https:\/\/experienciadevida.com.ar\/portalurbano\/olavarria-cierre-entre-la-1-y-las-6-horas-reuniones-de-hasta-10-personas-y-suspension-de-visitas-a-geriatricos\/#breadcrumb\",\"itemListElement\":[{\"@type\":\"ListItem\",\"position\":1,\"name\":\"Portada\",\"item\":\"https:\/\/experienciadevida.com.ar\/portalurbano\/\"},{\"@type\":\"ListItem\",\"position\":2,\"name\":\"Olavarr\u00eda: Cierre entre la 1 y las 6 horas, reuniones de hasta 10 personas y suspensi\u00f3n de visitas a geri\u00e1tricos\"}]},{\"@type\":\"WebSite\",\"@id\":\"https:\/\/experienciadevida.com.ar\/portalurbano\/#website\",\"url\":\"https:\/\/experienciadevida.com.ar\/portalurbano\/\",\"name\":\"\",\"description\":\"\",\"publisher\":{\"@id\":\"https:\/\/experienciadevida.com.ar\/portalurbano\/#organization\"},\"potentialAction\":[{\"@type\":\"SearchAction\",\"target\":{\"@type\":\"EntryPoint\",\"urlTemplate\":\"https:\/\/experienciadevida.com.ar\/portalurbano\/?s={search_term_string}\"},\"query-input\":\"required name=search_term_string\"}],\"inLanguage\":\"es\"},{\"@type\":\"Organization\",\"@id\":\"https:\/\/experienciadevida.com.ar\/portalurbano\/#organization\",\"name\":\"Portal Urbano\",\"url\":\"https:\/\/experienciadevida.com.ar\/portalurbano\/\",\"logo\":{\"@type\":\"ImageObject\",\"inLanguage\":\"es\",\"@id\":\"https:\/\/experienciadevida.com.ar\/portalurbano\/#\/schema\/logo\/image\/\",\"url\":\"https:\/\/experienciadevida.com.ar\/portalurbano\/wp-content\/uploads\/2019\/09\/Logo-Original.png\",\"contentUrl\":\"https:\/\/experienciadevida.com.ar\/portalurbano\/wp-content\/uploads\/2019\/09\/Logo-Original.png\",\"width\":2236,\"height\":1216,\"caption\":\"Portal Urbano\"},\"image\":{\"@id\":\"https:\/\/experienciadevida.com.ar\/portalurbano\/#\/schema\/logo\/image\/\"},\"sameAs\":[\"https:\/\/www.facebook.com\/Portal-Urbano-171542830093757\/\",\"https:\/\/twitter.com\/portalurbanook\",\"https:\/\/www.instagram.com\/_portalurbano\/\",\"https:\/\/www.youtube.com\/channel\/UCXhagIfszH8KxFiOok79zbA?view_as=subscriber\"]},{\"@type\":\"Person\",\"@id\":\"https:\/\/experienciadevida.com.ar\/portalurbano\/#\/schema\/person\/02dd326b1c4b056e9cc972486934a3a7\",\"name\":\"admpu17wp\",\"image\":{\"@type\":\"ImageObject\",\"inLanguage\":\"es\",\"@id\":\"https:\/\/experienciadevida.com.ar\/portalurbano\/#\/schema\/person\/image\/\",\"url\":\"https:\/\/secure.gravatar.com\/avatar\/830d4c57adaae6630765e449a6908047?s=96&d=mm&r=g\",\"contentUrl\":\"https:\/\/secure.gravatar.com\/avatar\/830d4c57adaae6630765e449a6908047?s=96&d=mm&r=g\",\"caption\":\"admpu17wp\"}}]}<\/script>\n<!-- \/ Yoast SEO plugin. -->","yoast_head_json":{"title":"Olavarr\u00eda: Cierre entre la 1 y las 6 horas, reuniones de hasta 10 personas y suspensi\u00f3n de visitas a geri\u00e1tricos -","robots":{"index":"index","follow":"follow","max-snippet":"max-snippet:-1","max-image-preview":"max-image-preview:large","max-video-preview":"max-video-preview:-1"},"canonical":"https:\/\/experienciadevida.com.ar\/portalurbano\/olavarria-cierre-entre-la-1-y-las-6-horas-reuniones-de-hasta-10-personas-y-suspension-de-visitas-a-geriatricos\/","og_locale":"es_ES","og_type":"article","og_title":"Olavarr\u00eda: Cierre entre la 1 y las 6 horas, reuniones de hasta 10 personas y suspensi\u00f3n de visitas a geri\u00e1tricos -","og_description":"Cierre entre la 1 y las 6 horas, reuniones de hasta 10 personas y suspensi\u00f3n...","og_url":"https:\/\/experienciadevida.com.ar\/portalurbano\/olavarria-cierre-entre-la-1-y-las-6-horas-reuniones-de-hasta-10-personas-y-suspension-de-visitas-a-geriatricos\/","article_publisher":"https:\/\/www.facebook.com\/Portal-Urbano-171542830093757\/","article_published_time":"2021-01-12T13:13:43+00:00","article_modified_time":"2021-01-12T13:22:18+00:00","og_image":[{"width":1968,"height":1312,"url":"https:\/\/experienciadevida.com.ar\/portalurbano\/wp-content\/uploads\/2020\/10\/Hilario-Galli.jpg","type":"image\/jpeg"}],"author":"admpu17wp","twitter_card":"summary_large_image","twitter_creator":"@portalurbanook","twitter_site":"@portalurbanook","twitter_misc":{"Escrito por":"admpu17wp","Tiempo de lectura":"3 minutos"},"schema":{"@context":"https:\/\/schema.org","@graph":[{"@type":"Article","@id":"https:\/\/experienciadevida.com.ar\/portalurbano\/olavarria-cierre-entre-la-1-y-las-6-horas-reuniones-de-hasta-10-personas-y-suspension-de-visitas-a-geriatricos\/#article","isPartOf":{"@id":"https:\/\/experienciadevida.com.ar\/portalurbano\/olavarria-cierre-entre-la-1-y-las-6-horas-reuniones-de-hasta-10-personas-y-suspension-de-visitas-a-geriatricos\/"},"author":{"name":"admpu17wp","@id":"https:\/\/experienciadevida.com.ar\/portalurbano\/#\/schema\/person\/02dd326b1c4b056e9cc972486934a3a7"},"headline":"Olavarr\u00eda: Cierre entre la 1 y las 6 horas, reuniones de hasta 10 personas y suspensi\u00f3n de visitas a geri\u00e1tricos","datePublished":"2021-01-12T13:13:43+00:00","dateModified":"2021-01-12T13:22:18+00:00","mainEntityOfPage":{"@id":"https:\/\/experienciadevida.com.ar\/portalurbano\/olavarria-cierre-entre-la-1-y-las-6-horas-reuniones-de-hasta-10-personas-y-suspension-de-visitas-a-geriatricos\/"},"wordCount":577,"publisher":{"@id":"https:\/\/experienciadevida.com.ar\/portalurbano\/#organization"},"articleSection":["Ciudad","Destacadas"],"inLanguage":"es"},{"@type":"WebPage","@id":"https:\/\/experienciadevida.com.ar\/portalurbano\/olavarria-cierre-entre-la-1-y-las-6-horas-reuniones-de-hasta-10-personas-y-suspension-de-visitas-a-geriatricos\/","url":"https:\/\/experienciadevida.com.ar\/portalurbano\/olavarria-cierre-entre-la-1-y-las-6-horas-reuniones-de-hasta-10-personas-y-suspension-de-visitas-a-geriatricos\/","name":"Olavarr\u00eda: Cierre entre la 1 y las 6 horas, reuniones de hasta 10 personas y suspensi\u00f3n de visitas a geri\u00e1tricos -","isPartOf":{"@id":"https:\/\/experienciadevida.com.ar\/portalurbano\/#website"},"datePublished":"2021-01-12T13:13:43+00:00","dateModified":"2021-01-12T13:22:18+00:00","breadcrumb":{"@id":"https:\/\/experienciadevida.com.ar\/portalurbano\/olavarria-cierre-entre-la-1-y-las-6-horas-reuniones-de-hasta-10-personas-y-suspension-de-visitas-a-geriatricos\/#breadcrumb"},"inLanguage":"es","potentialAction":[{"@type":"ReadAction","target":["https:\/\/experienciadevida.com.ar\/portalurbano\/olavarria-cierre-entre-la-1-y-las-6-horas-reuniones-de-hasta-10-personas-y-suspension-de-visitas-a-geriatricos\/"]}]},{"@type":"BreadcrumbList","@id":"https:\/\/experienciadevida.com.ar\/portalurbano\/olavarria-cierre-entre-la-1-y-las-6-horas-reuniones-de-hasta-10-personas-y-suspension-de-visitas-a-geriatricos\/#breadcrumb","itemListElement":[{"@type":"ListItem","position":1,"name":"Portada","item":"https:\/\/experienciadevida.com.ar\/portalurbano\/"},{"@type":"ListItem","position":2,"name":"Olavarr\u00eda: Cierre entre la 1 y las 6 horas, reuniones de hasta 10 personas y suspensi\u00f3n de visitas a geri\u00e1tricos"}]},{"@type":"WebSite","@id":"https:\/\/experienciadevida.com.ar\/portalurbano\/#website","url":"https:\/\/experienciadevida.com.ar\/portalurbano\/","name":"","description":"","publisher":{"@id":"https:\/\/experienciadevida.com.ar\/portalurbano\/#organization"},"potentialAction":[{"@type":"SearchAction","target":{"@type":"EntryPoint","urlTemplate":"https:\/\/experienciadevida.com.ar\/portalurbano\/?s={search_term_string}"},"query-input":"required name=search_term_string"}],"inLanguage":"es"},{"@type":"Organization","@id":"https:\/\/experienciadevida.com.ar\/portalurbano\/#organization","name":"Portal Urbano","url":"https:\/\/experienciadevida.com.ar\/portalurbano\/","logo":{"@type":"ImageObject","inLanguage":"es","@id":"https:\/\/experienciadevida.com.ar\/portalurbano\/#\/schema\/logo\/image\/","url":"https:\/\/experienciadevida.com.ar\/portalurbano\/wp-content\/uploads\/2019\/09\/Logo-Original.png","contentUrl":"https:\/\/experienciadevida.com.ar\/portalurbano\/wp-content\/uploads\/2019\/09\/Logo-Original.png","width":2236,"height":1216,"caption":"Portal Urbano"},"image":{"@id":"https:\/\/experienciadevida.com.ar\/portalurbano\/#\/schema\/logo\/image\/"},"sameAs":["https:\/\/www.facebook.com\/Portal-Urbano-171542830093757\/","https:\/\/twitter.com\/portalurbanook","https:\/\/www.instagram.com\/_portalurbano\/","https:\/\/www.youtube.com\/channel\/UCXhagIfszH8KxFiOok79zbA?view_as=subscriber"]},{"@type":"Person","@id":"https:\/\/experienciadevida.com.ar\/portalurbano\/#\/schema\/person\/02dd326b1c4b056e9cc972486934a3a7","name":"admpu17wp","image":{"@type":"ImageObject","inLanguage":"es","@id":"https:\/\/experienciadevida.com.ar\/portalurbano\/#\/schema\/person\/image\/","url":"https:\/\/secure.gravatar.com\/avatar\/830d4c57adaae6630765e449a6908047?s=96&d=mm&r=g","contentUrl":"https:\/\/secure.gravatar.com\/avatar\/830d4c57adaae6630765e449a6908047?s=96&d=mm&r=g","caption":"admpu17wp"}}]}},"featured_image_urls":{"full":["https:\/\/experienciadevida.com.ar\/portalurbano\/wp-content\/uploads\/2020\/10\/Hilario-Galli.jpg",1968,1312,false],"thumbnail":["https:\/\/experienciadevida.com.ar\/portalurbano\/wp-content\/uploads\/2020\/10\/Hilario-Galli-150x150.jpg",150,150,true],"medium":["https:\/\/experienciadevida.com.ar\/portalurbano\/wp-content\/uploads\/2020\/10\/Hilario-Galli-300x200.jpg",300,200,true],"medium_large":["https:\/\/experienciadevida.com.ar\/portalurbano\/wp-content\/uploads\/2020\/10\/Hilario-Galli-768x512.jpg",640,427,true],"large":["https:\/\/experienciadevida.com.ar\/portalurbano\/wp-content\/uploads\/2020\/10\/Hilario-Galli-1024x683.jpg",640,427,true],"ug_big":["https:\/\/experienciadevida.com.ar\/portalurbano\/wp-content\/uploads\/2020\/10\/Hilario-Galli-768x512.jpg",768,512,true],"1536x1536":["https:\/\/experienciadevida.com.ar\/portalurbano\/wp-content\/uploads\/2020\/10\/Hilario-Galli-1536x1024.jpg",1536,1024,true],"2048x2048":["https:\/\/experienciadevida.com.ar\/portalurbano\/wp-content\/uploads\/2020\/10\/Hilario-Galli.jpg",1968,1312,false],"newsever-slider-full":["https:\/\/experienciadevida.com.ar\/portalurbano\/wp-content\/uploads\/2020\/10\/Hilario-Galli.jpg",1268,845,false],"newsever-featured":["https:\/\/experienciadevida.com.ar\/portalurbano\/wp-content\/uploads\/2020\/10\/Hilario-Galli.jpg",1024,683,false],"newsever-medium":["https:\/\/experienciadevida.com.ar\/portalurbano\/wp-content\/uploads\/2020\/10\/Hilario-Galli.jpg",713,475,false],"web-stories-poster-portrait":["https:\/\/experienciadevida.com.ar\/portalurbano\/wp-content\/uploads\/2020\/10\/Hilario-Galli.jpg",640,427,false],"web-stories-publisher-logo":["https:\/\/experienciadevida.com.ar\/portalurbano\/wp-content\/uploads\/2020\/10\/Hilario-Galli.jpg",96,64,false],"web-stories-thumbnail":["https:\/\/experienciadevida.com.ar\/portalurbano\/wp-content\/uploads\/2020\/10\/Hilario-Galli.jpg",150,100,false]},"author_info":{"display_name":"admpu17wp","author_link":"https:\/\/experienciadevida.com.ar\/portalurbano\/author\/admpu17wp\/"},"category_info":"<a href=\"https:\/\/experienciadevida.com.ar\/portalurbano\/category\/ciudad\/\" rel=\"category tag\">Ciudad<\/a> <a href=\"https:\/\/experienciadevida.com.ar\/portalurbano\/category\/destacadas\/\" rel=\"category tag\">Destacadas<\/a>","tag_info":"Destacadas","comment_count":"0","amp_enabled":true,"_links":{"self":[{"href":"https:\/\/experienciadevida.com.ar\/portalurbano\/wp-json\/wp\/v2\/posts\/132277"}],"collection":[{"href":"https:\/\/experienciadevida.com.ar\/portalurbano\/wp-json\/wp\/v2\/posts"}],"about":[{"href":"https:\/\/experienciadevida.com.ar\/portalurbano\/wp-json\/wp\/v2\/types\/post"}],"author":[{"embeddable":true,"href":"https:\/\/experienciadevida.com.ar\/portalurbano\/wp-json\/wp\/v2\/users\/1"}],"replies":[{"embeddable":true,"href":"https:\/\/experienciadevida.com.ar\/portalurbano\/wp-json\/wp\/v2\/comments?post=132277"}],"version-history":[{"count":4,"href":"https:\/\/experienciadevida.com.ar\/portalurbano\/wp-json\/wp\/v2\/posts\/132277\/revisions"}],"predecessor-version":[{"id":132279,"href":"https:\/\/experienciadevida.com.ar\/portalurbano\/wp-json\/wp\/v2\/posts\/132277\/revisions\/132279"}],"wp:featuredmedia":[{"embeddable":true,"href":"https:\/\/experienciadevida.com.ar\/portalurbano\/wp-json\/wp\/v2\/media\/123796"}],"wp:attachment":[{"href":"https:\/\/experienciadevida.com.ar\/portalurbano\/wp-json\/wp\/v2\/media?parent=132277"}],"wp:term":[{"taxonomy":"category","embeddable":true,"href":"https:\/\/experienciadevida.com.ar\/portalurbano\/wp-json\/wp\/v2\/categories?post=132277"},{"taxonomy":"post_tag","embeddable":true,"href":"https:\/\/experienciadevida.com.ar\/portalurbano\/wp-json\/wp\/v2\/tags?post=132277"}],"curies":[{"name":"wp","href":"https:\/\/api.w.org\/{rel}","templated":true}]}}