{"id":132060,"date":"2021-01-10T11:03:40","date_gmt":"2021-01-10T14:03:40","guid":{"rendered":"https:\/\/experienciadevida.com.ar\/portalurbano\/?p=132060"},"modified":"2021-01-10T11:09:40","modified_gmt":"2021-01-10T14:09:40","slug":"gral-villegas-un-motociclista-de-olavarria-involucrado-en-siniestro-vial","status":"publish","type":"post","link":"https:\/\/experienciadevida.com.ar\/portalurbano\/gral-villegas-un-motociclista-de-olavarria-involucrado-en-siniestro-vial\/","title":{"rendered":"Gral Villegas:  Un motociclista de Olavarr\u00eda involucrado en siniestro vial"},"content":{"rendered":"<p>Un grupo de motociclistas de nuestra ciudad circulaban por la ruta 226 en direcci\u00f3n hacia General Villegas con destino Mendoza, cuando al acercarse al cruce con la 33 uno de ellos perdi\u00f3 el control, situaci\u00f3n que se vio agravada al no poder evitar un desperfecto en el asfalto que lo despist\u00f3 hacia el cord\u00f3n que forma el organizador vehicular pas\u00e1ndolo por arriba para terminar ca\u00eddo en la banquina.<\/p>\n<p><a href=\"https:\/\/experienciadevida.com.ar\/portalurbano\/gral-villegas-un-motociclista-de-olavarria-involucrado-en-siniestro-vial\/caida-moto-5\/\" rel=\"attachment wp-att-132063\"><img decoding=\"async\" class=\"wp-image-132063 aligncenter\" src=\"https:\/\/experienciadevida.com.ar\/portalurbano\/wp-content\/uploads\/2021\/01\/caida-moto-5.jpg\" alt=\"\" width=\"500\" height=\"375\" \/><\/a> <a href=\"https:\/\/experienciadevida.com.ar\/portalurbano\/gral-villegas-un-motociclista-de-olavarria-involucrado-en-siniestro-vial\/caida-moto-2\/\" rel=\"attachment wp-att-132064\"><img decoding=\"async\" class=\"aligncenter wp-image-132064\" src=\"https:\/\/experienciadevida.com.ar\/portalurbano\/wp-content\/uploads\/2021\/01\/caida-moto-2.jpg\" alt=\"\" width=\"500\" height=\"375\" \/><\/a><\/p>\n<p>Las consecuencias fueron principalmente materiales en el rodado conducido por <strong>Omar Daniel Antista, de 64 a\u00f1os,<\/strong> aunque el hombre sufri\u00f3 lesiones leves por lo que fue trasladado al hospital por la ambulancia del SAME.<\/p>\n<p>En el lugar trabaj\u00f3 personal de la Polic\u00eda de Seguridad Vial que mantuvo el tr\u00e1nsito restringido hasta el retiro de las motos, entre ellas la afectada que m\u00e1s all\u00e1 de las roturas principalmente en la parte delantera pudo ser en marcha y movilizada sin dificultades. (Foto y fuente: Distrito Interior)<\/p>\n<p><iframe style=\"border: none; overflow: hidden;\" src=\"https:\/\/www.facebook.com\/plugins\/video.php?height=314&amp;href=https%3A%2F%2Fwww.facebook.com%2Fdistritointerior%2Fvideos%2F887440878678185%2F&amp;show_text=false&amp;width=560\" width=\"560\" height=\"314\" frameborder=\"0\" scrolling=\"no\" allowfullscreen=\"allowfullscreen\"><\/iframe><\/p>\n<p>&nbsp;<\/p>\n","protected":false},"excerpt":{"rendered":"<p>Un grupo de motociclistas de nuestra ciudad circulaban por la ruta 226 en direcci\u00f3n hacia&#8230;<\/p>\n","protected":false},"author":1,"featured_media":132061,"comment_status":"closed","ping_status":"closed","sticky":false,"template":"","format":"standard","meta":{"content-type":""},"categories":[51,41],"tags":[],"nelio_content":{"isAutoShareEnabled":false,"autoShareEndMode":"default","automationSources":{"useContentSentences":true,"useSocialTemplates":true,"useCustomSentences":false,"customSentences":[]},"followers":[1],"suggestedReferences":[],"includedReferences":[],"efiUrl":"","efiAlt":"","highlights":[]},"yoast_head":"<!-- This site is optimized with the Yoast SEO plugin v20.7 - https:\/\/yoast.com\/wordpress\/plugins\/seo\/ -->\n<title>Gral Villegas: Un motociclista de Olavarr\u00eda involucrado en siniestro vial<\/title>\n<meta name=\"description\" content=\"Un grupo de motociclistas de nuestra ciudad circulaban por la ruta 226 en direcci\u00f3n hacia General Villegas con destino Mendoza, cuando al acercarse al cruce con la 33 uno de ellos perdi\u00f3 el control\" \/>\n<meta name=\"robots\" content=\"index, follow, max-snippet:-1, max-image-preview:large, max-video-preview:-1\" \/>\n<link rel=\"canonical\" href=\"https:\/\/experienciadevida.com.ar\/portalurbano\/gral-villegas-un-motociclista-de-olavarria-involucrado-en-siniestro-vial\/\" \/>\n<meta property=\"og:locale\" content=\"es_ES\" \/>\n<meta property=\"og:type\" content=\"article\" \/>\n<meta property=\"og:title\" content=\"Gral Villegas: Un motociclista de Olavarr\u00eda involucrado en siniestro vial\" \/>\n<meta property=\"og:description\" content=\"Un grupo de motociclistas de nuestra ciudad circulaban por la ruta 226 en direcci\u00f3n hacia General Villegas con destino Mendoza, cuando al acercarse al cruce con la 33 uno de ellos perdi\u00f3 el control\" \/>\n<meta property=\"og:url\" content=\"https:\/\/experienciadevida.com.ar\/portalurbano\/gral-villegas-un-motociclista-de-olavarria-involucrado-en-siniestro-vial\/\" \/>\n<meta property=\"article:publisher\" content=\"https:\/\/www.facebook.com\/Portal-Urbano-171542830093757\/\" \/>\n<meta property=\"article:published_time\" content=\"2021-01-10T14:03:40+00:00\" \/>\n<meta property=\"article:modified_time\" content=\"2021-01-10T14:09:40+00:00\" \/>\n<meta property=\"og:image\" content=\"https:\/\/experienciadevida.com.ar\/portalurbano\/wp-content\/uploads\/2021\/01\/caida-moto.jpg\" \/>\n\t<meta property=\"og:image:width\" content=\"620\" \/>\n\t<meta property=\"og:image:height\" content=\"300\" \/>\n\t<meta property=\"og:image:type\" content=\"image\/jpeg\" \/>\n<meta name=\"author\" content=\"admpu17wp\" \/>\n<meta name=\"twitter:card\" content=\"summary_large_image\" \/>\n<meta name=\"twitter:creator\" content=\"@portalurbanook\" \/>\n<meta name=\"twitter:site\" content=\"@portalurbanook\" \/>\n<meta name=\"twitter:label1\" content=\"Escrito por\" \/>\n\t<meta name=\"twitter:data1\" content=\"admpu17wp\" \/>\n\t<meta name=\"twitter:label2\" content=\"Tiempo de lectura\" \/>\n\t<meta name=\"twitter:data2\" content=\"1 minuto\" \/>\n<script type=\"application\/ld+json\" class=\"yoast-schema-graph\">{\"@context\":\"https:\/\/schema.org\",\"@graph\":[{\"@type\":\"Article\",\"@id\":\"https:\/\/experienciadevida.com.ar\/portalurbano\/gral-villegas-un-motociclista-de-olavarria-involucrado-en-siniestro-vial\/#article\",\"isPartOf\":{\"@id\":\"https:\/\/experienciadevida.com.ar\/portalurbano\/gral-villegas-un-motociclista-de-olavarria-involucrado-en-siniestro-vial\/\"},\"author\":{\"name\":\"admpu17wp\",\"@id\":\"https:\/\/experienciadevida.com.ar\/portalurbano\/#\/schema\/person\/02dd326b1c4b056e9cc972486934a3a7\"},\"headline\":\"Gral Villegas: Un motociclista de Olavarr\u00eda involucrado en siniestro vial\",\"datePublished\":\"2021-01-10T14:03:40+00:00\",\"dateModified\":\"2021-01-10T14:09:40+00:00\",\"mainEntityOfPage\":{\"@id\":\"https:\/\/experienciadevida.com.ar\/portalurbano\/gral-villegas-un-motociclista-de-olavarria-involucrado-en-siniestro-vial\/\"},\"wordCount\":170,\"publisher\":{\"@id\":\"https:\/\/experienciadevida.com.ar\/portalurbano\/#organization\"},\"articleSection\":[\"Destacadas\",\"Regi\u00f3n\"],\"inLanguage\":\"es\"},{\"@type\":\"WebPage\",\"@id\":\"https:\/\/experienciadevida.com.ar\/portalurbano\/gral-villegas-un-motociclista-de-olavarria-involucrado-en-siniestro-vial\/\",\"url\":\"https:\/\/experienciadevida.com.ar\/portalurbano\/gral-villegas-un-motociclista-de-olavarria-involucrado-en-siniestro-vial\/\",\"name\":\"Gral Villegas: Un motociclista de Olavarr\u00eda involucrado en siniestro vial\",\"isPartOf\":{\"@id\":\"https:\/\/experienciadevida.com.ar\/portalurbano\/#website\"},\"datePublished\":\"2021-01-10T14:03:40+00:00\",\"dateModified\":\"2021-01-10T14:09:40+00:00\",\"description\":\"Un grupo de motociclistas de nuestra ciudad circulaban por la ruta 226 en direcci\u00f3n hacia General Villegas con destino Mendoza, cuando al acercarse al cruce con la 33 uno de ellos perdi\u00f3 el control\",\"breadcrumb\":{\"@id\":\"https:\/\/experienciadevida.com.ar\/portalurbano\/gral-villegas-un-motociclista-de-olavarria-involucrado-en-siniestro-vial\/#breadcrumb\"},\"inLanguage\":\"es\",\"potentialAction\":[{\"@type\":\"ReadAction\",\"target\":[\"https:\/\/experienciadevida.com.ar\/portalurbano\/gral-villegas-un-motociclista-de-olavarria-involucrado-en-siniestro-vial\/\"]}]},{\"@type\":\"BreadcrumbList\",\"@id\":\"https:\/\/experienciadevida.com.ar\/portalurbano\/gral-villegas-un-motociclista-de-olavarria-involucrado-en-siniestro-vial\/#breadcrumb\",\"itemListElement\":[{\"@type\":\"ListItem\",\"position\":1,\"name\":\"Portada\",\"item\":\"https:\/\/experienciadevida.com.ar\/portalurbano\/\"},{\"@type\":\"ListItem\",\"position\":2,\"name\":\"Gral Villegas: Un motociclista de Olavarr\u00eda involucrado en siniestro vial\"}]},{\"@type\":\"WebSite\",\"@id\":\"https:\/\/experienciadevida.com.ar\/portalurbano\/#website\",\"url\":\"https:\/\/experienciadevida.com.ar\/portalurbano\/\",\"name\":\"\",\"description\":\"\",\"publisher\":{\"@id\":\"https:\/\/experienciadevida.com.ar\/portalurbano\/#organization\"},\"potentialAction\":[{\"@type\":\"SearchAction\",\"target\":{\"@type\":\"EntryPoint\",\"urlTemplate\":\"https:\/\/experienciadevida.com.ar\/portalurbano\/?s={search_term_string}\"},\"query-input\":\"required name=search_term_string\"}],\"inLanguage\":\"es\"},{\"@type\":\"Organization\",\"@id\":\"https:\/\/experienciadevida.com.ar\/portalurbano\/#organization\",\"name\":\"Portal Urbano\",\"url\":\"https:\/\/experienciadevida.com.ar\/portalurbano\/\",\"logo\":{\"@type\":\"ImageObject\",\"inLanguage\":\"es\",\"@id\":\"https:\/\/experienciadevida.com.ar\/portalurbano\/#\/schema\/logo\/image\/\",\"url\":\"https:\/\/experienciadevida.com.ar\/portalurbano\/wp-content\/uploads\/2019\/09\/Logo-Original.png\",\"contentUrl\":\"https:\/\/experienciadevida.com.ar\/portalurbano\/wp-content\/uploads\/2019\/09\/Logo-Original.png\",\"width\":2236,\"height\":1216,\"caption\":\"Portal Urbano\"},\"image\":{\"@id\":\"https:\/\/experienciadevida.com.ar\/portalurbano\/#\/schema\/logo\/image\/\"},\"sameAs\":[\"https:\/\/www.facebook.com\/Portal-Urbano-171542830093757\/\",\"https:\/\/twitter.com\/portalurbanook\",\"https:\/\/www.instagram.com\/_portalurbano\/\",\"https:\/\/www.youtube.com\/channel\/UCXhagIfszH8KxFiOok79zbA?view_as=subscriber\"]},{\"@type\":\"Person\",\"@id\":\"https:\/\/experienciadevida.com.ar\/portalurbano\/#\/schema\/person\/02dd326b1c4b056e9cc972486934a3a7\",\"name\":\"admpu17wp\",\"image\":{\"@type\":\"ImageObject\",\"inLanguage\":\"es\",\"@id\":\"https:\/\/experienciadevida.com.ar\/portalurbano\/#\/schema\/person\/image\/\",\"url\":\"https:\/\/secure.gravatar.com\/avatar\/830d4c57adaae6630765e449a6908047?s=96&d=mm&r=g\",\"contentUrl\":\"https:\/\/secure.gravatar.com\/avatar\/830d4c57adaae6630765e449a6908047?s=96&d=mm&r=g\",\"caption\":\"admpu17wp\"}}]}<\/script>\n<!-- \/ Yoast SEO plugin. -->","yoast_head_json":{"title":"Gral Villegas: Un motociclista de Olavarr\u00eda involucrado en siniestro vial","description":"Un grupo de motociclistas de nuestra ciudad circulaban por la ruta 226 en direcci\u00f3n hacia General Villegas con destino Mendoza, cuando al acercarse al cruce con la 33 uno de ellos perdi\u00f3 el control","robots":{"index":"index","follow":"follow","max-snippet":"max-snippet:-1","max-image-preview":"max-image-preview:large","max-video-preview":"max-video-preview:-1"},"canonical":"https:\/\/experienciadevida.com.ar\/portalurbano\/gral-villegas-un-motociclista-de-olavarria-involucrado-en-siniestro-vial\/","og_locale":"es_ES","og_type":"article","og_title":"Gral Villegas: Un motociclista de Olavarr\u00eda involucrado en siniestro vial","og_description":"Un grupo de motociclistas de nuestra ciudad circulaban por la ruta 226 en direcci\u00f3n hacia General Villegas con destino Mendoza, cuando al acercarse al cruce con la 33 uno de ellos perdi\u00f3 el control","og_url":"https:\/\/experienciadevida.com.ar\/portalurbano\/gral-villegas-un-motociclista-de-olavarria-involucrado-en-siniestro-vial\/","article_publisher":"https:\/\/www.facebook.com\/Portal-Urbano-171542830093757\/","article_published_time":"2021-01-10T14:03:40+00:00","article_modified_time":"2021-01-10T14:09:40+00:00","og_image":[{"width":620,"height":300,"url":"https:\/\/experienciadevida.com.ar\/portalurbano\/wp-content\/uploads\/2021\/01\/caida-moto.jpg","type":"image\/jpeg"}],"author":"admpu17wp","twitter_card":"summary_large_image","twitter_creator":"@portalurbanook","twitter_site":"@portalurbanook","twitter_misc":{"Escrito por":"admpu17wp","Tiempo de lectura":"1 minuto"},"schema":{"@context":"https:\/\/schema.org","@graph":[{"@type":"Article","@id":"https:\/\/experienciadevida.com.ar\/portalurbano\/gral-villegas-un-motociclista-de-olavarria-involucrado-en-siniestro-vial\/#article","isPartOf":{"@id":"https:\/\/experienciadevida.com.ar\/portalurbano\/gral-villegas-un-motociclista-de-olavarria-involucrado-en-siniestro-vial\/"},"author":{"name":"admpu17wp","@id":"https:\/\/experienciadevida.com.ar\/portalurbano\/#\/schema\/person\/02dd326b1c4b056e9cc972486934a3a7"},"headline":"Gral Villegas: Un motociclista de Olavarr\u00eda involucrado en siniestro vial","datePublished":"2021-01-10T14:03:40+00:00","dateModified":"2021-01-10T14:09:40+00:00","mainEntityOfPage":{"@id":"https:\/\/experienciadevida.com.ar\/portalurbano\/gral-villegas-un-motociclista-de-olavarria-involucrado-en-siniestro-vial\/"},"wordCount":170,"publisher":{"@id":"https:\/\/experienciadevida.com.ar\/portalurbano\/#organization"},"articleSection":["Destacadas","Regi\u00f3n"],"inLanguage":"es"},{"@type":"WebPage","@id":"https:\/\/experienciadevida.com.ar\/portalurbano\/gral-villegas-un-motociclista-de-olavarria-involucrado-en-siniestro-vial\/","url":"https:\/\/experienciadevida.com.ar\/portalurbano\/gral-villegas-un-motociclista-de-olavarria-involucrado-en-siniestro-vial\/","name":"Gral Villegas: Un motociclista de Olavarr\u00eda involucrado en siniestro vial","isPartOf":{"@id":"https:\/\/experienciadevida.com.ar\/portalurbano\/#website"},"datePublished":"2021-01-10T14:03:40+00:00","dateModified":"2021-01-10T14:09:40+00:00","description":"Un grupo de motociclistas de nuestra ciudad circulaban por la ruta 226 en direcci\u00f3n hacia General Villegas con destino Mendoza, cuando al acercarse al cruce con la 33 uno de ellos perdi\u00f3 el control","breadcrumb":{"@id":"https:\/\/experienciadevida.com.ar\/portalurbano\/gral-villegas-un-motociclista-de-olavarria-involucrado-en-siniestro-vial\/#breadcrumb"},"inLanguage":"es","potentialAction":[{"@type":"ReadAction","target":["https:\/\/experienciadevida.com.ar\/portalurbano\/gral-villegas-un-motociclista-de-olavarria-involucrado-en-siniestro-vial\/"]}]},{"@type":"BreadcrumbList","@id":"https:\/\/experienciadevida.com.ar\/portalurbano\/gral-villegas-un-motociclista-de-olavarria-involucrado-en-siniestro-vial\/#breadcrumb","itemListElement":[{"@type":"ListItem","position":1,"name":"Portada","item":"https:\/\/experienciadevida.com.ar\/portalurbano\/"},{"@type":"ListItem","position":2,"name":"Gral Villegas: Un motociclista de Olavarr\u00eda involucrado en siniestro vial"}]},{"@type":"WebSite","@id":"https:\/\/experienciadevida.com.ar\/portalurbano\/#website","url":"https:\/\/experienciadevida.com.ar\/portalurbano\/","name":"","description":"","publisher":{"@id":"https:\/\/experienciadevida.com.ar\/portalurbano\/#organization"},"potentialAction":[{"@type":"SearchAction","target":{"@type":"EntryPoint","urlTemplate":"https:\/\/experienciadevida.com.ar\/portalurbano\/?s={search_term_string}"},"query-input":"required name=search_term_string"}],"inLanguage":"es"},{"@type":"Organization","@id":"https:\/\/experienciadevida.com.ar\/portalurbano\/#organization","name":"Portal Urbano","url":"https:\/\/experienciadevida.com.ar\/portalurbano\/","logo":{"@type":"ImageObject","inLanguage":"es","@id":"https:\/\/experienciadevida.com.ar\/portalurbano\/#\/schema\/logo\/image\/","url":"https:\/\/experienciadevida.com.ar\/portalurbano\/wp-content\/uploads\/2019\/09\/Logo-Original.png","contentUrl":"https:\/\/experienciadevida.com.ar\/portalurbano\/wp-content\/uploads\/2019\/09\/Logo-Original.png","width":2236,"height":1216,"caption":"Portal Urbano"},"image":{"@id":"https:\/\/experienciadevida.com.ar\/portalurbano\/#\/schema\/logo\/image\/"},"sameAs":["https:\/\/www.facebook.com\/Portal-Urbano-171542830093757\/","https:\/\/twitter.com\/portalurbanook","https:\/\/www.instagram.com\/_portalurbano\/","https:\/\/www.youtube.com\/channel\/UCXhagIfszH8KxFiOok79zbA?view_as=subscriber"]},{"@type":"Person","@id":"https:\/\/experienciadevida.com.ar\/portalurbano\/#\/schema\/person\/02dd326b1c4b056e9cc972486934a3a7","name":"admpu17wp","image":{"@type":"ImageObject","inLanguage":"es","@id":"https:\/\/experienciadevida.com.ar\/portalurbano\/#\/schema\/person\/image\/","url":"https:\/\/secure.gravatar.com\/avatar\/830d4c57adaae6630765e449a6908047?s=96&d=mm&r=g","contentUrl":"https:\/\/secure.gravatar.com\/avatar\/830d4c57adaae6630765e449a6908047?s=96&d=mm&r=g","caption":"admpu17wp"}}]}},"featured_image_urls":{"full":["https:\/\/experienciadevida.com.ar\/portalurbano\/wp-content\/uploads\/2021\/01\/caida-moto.jpg",620,300,false],"thumbnail":["https:\/\/experienciadevida.com.ar\/portalurbano\/wp-content\/uploads\/2021\/01\/caida-moto-150x150.jpg",150,150,true],"medium":["https:\/\/experienciadevida.com.ar\/portalurbano\/wp-content\/uploads\/2021\/01\/caida-moto-300x145.jpg",300,145,true],"medium_large":["https:\/\/experienciadevida.com.ar\/portalurbano\/wp-content\/uploads\/2021\/01\/caida-moto.jpg",620,300,false],"large":["https:\/\/experienciadevida.com.ar\/portalurbano\/wp-content\/uploads\/2021\/01\/caida-moto.jpg",620,300,false],"ug_big":["https:\/\/experienciadevida.com.ar\/portalurbano\/wp-content\/uploads\/2021\/01\/caida-moto.jpg",620,300,false],"1536x1536":["https:\/\/experienciadevida.com.ar\/portalurbano\/wp-content\/uploads\/2021\/01\/caida-moto.jpg",620,300,false],"2048x2048":["https:\/\/experienciadevida.com.ar\/portalurbano\/wp-content\/uploads\/2021\/01\/caida-moto.jpg",620,300,false],"newsever-slider-full":["https:\/\/experienciadevida.com.ar\/portalurbano\/wp-content\/uploads\/2021\/01\/caida-moto.jpg",620,300,false],"newsever-featured":["https:\/\/experienciadevida.com.ar\/portalurbano\/wp-content\/uploads\/2021\/01\/caida-moto.jpg",620,300,false],"newsever-medium":["https:\/\/experienciadevida.com.ar\/portalurbano\/wp-content\/uploads\/2021\/01\/caida-moto.jpg",620,300,false],"web-stories-poster-portrait":["https:\/\/experienciadevida.com.ar\/portalurbano\/wp-content\/uploads\/2021\/01\/caida-moto.jpg",620,300,false],"web-stories-publisher-logo":["https:\/\/experienciadevida.com.ar\/portalurbano\/wp-content\/uploads\/2021\/01\/caida-moto.jpg",96,46,false],"web-stories-thumbnail":["https:\/\/experienciadevida.com.ar\/portalurbano\/wp-content\/uploads\/2021\/01\/caida-moto.jpg",150,73,false]},"author_info":{"display_name":"admpu17wp","author_link":"https:\/\/experienciadevida.com.ar\/portalurbano\/author\/admpu17wp\/"},"category_info":"<a href=\"https:\/\/experienciadevida.com.ar\/portalurbano\/category\/destacadas\/\" rel=\"category tag\">Destacadas<\/a> <a href=\"https:\/\/experienciadevida.com.ar\/portalurbano\/category\/region\/\" rel=\"category tag\">Regi\u00f3n<\/a>","tag_info":"Regi\u00f3n","comment_count":"0","amp_enabled":true,"_links":{"self":[{"href":"https:\/\/experienciadevida.com.ar\/portalurbano\/wp-json\/wp\/v2\/posts\/132060"}],"collection":[{"href":"https:\/\/experienciadevida.com.ar\/portalurbano\/wp-json\/wp\/v2\/posts"}],"about":[{"href":"https:\/\/experienciadevida.com.ar\/portalurbano\/wp-json\/wp\/v2\/types\/post"}],"author":[{"embeddable":true,"href":"https:\/\/experienciadevida.com.ar\/portalurbano\/wp-json\/wp\/v2\/users\/1"}],"replies":[{"embeddable":true,"href":"https:\/\/experienciadevida.com.ar\/portalurbano\/wp-json\/wp\/v2\/comments?post=132060"}],"version-history":[{"count":4,"href":"https:\/\/experienciadevida.com.ar\/portalurbano\/wp-json\/wp\/v2\/posts\/132060\/revisions"}],"predecessor-version":[{"id":132069,"href":"https:\/\/experienciadevida.com.ar\/portalurbano\/wp-json\/wp\/v2\/posts\/132060\/revisions\/132069"}],"wp:featuredmedia":[{"embeddable":true,"href":"https:\/\/experienciadevida.com.ar\/portalurbano\/wp-json\/wp\/v2\/media\/132061"}],"wp:attachment":[{"href":"https:\/\/experienciadevida.com.ar\/portalurbano\/wp-json\/wp\/v2\/media?parent=132060"}],"wp:term":[{"taxonomy":"category","embeddable":true,"href":"https:\/\/experienciadevida.com.ar\/portalurbano\/wp-json\/wp\/v2\/categories?post=132060"},{"taxonomy":"post_tag","embeddable":true,"href":"https:\/\/experienciadevida.com.ar\/portalurbano\/wp-json\/wp\/v2\/tags?post=132060"}],"curies":[{"name":"wp","href":"https:\/\/api.w.org\/{rel}","templated":true}]}}