{"id":132036,"date":"2021-01-09T13:35:13","date_gmt":"2021-01-09T16:35:13","guid":{"rendered":"https:\/\/experienciadevida.com.ar\/portalurbano\/?p=132036"},"modified":"2021-01-09T13:36:01","modified_gmt":"2021-01-09T16:36:01","slug":"coopelectric-adquirio-grupos-generadores-para-garantizar-el-suministro-en-los-centros-de-vacunacion","status":"publish","type":"post","link":"https:\/\/experienciadevida.com.ar\/portalurbano\/coopelectric-adquirio-grupos-generadores-para-garantizar-el-suministro-en-los-centros-de-vacunacion\/","title":{"rendered":"Coopelectric adquiri\u00f3 grupos generadores para garantizar el suministro en los centros de vacunaci\u00f3n"},"content":{"rendered":"<p>Coopelectric adquiri\u00f3 grupos generadores para garantizar el suministro en los centros de vacunaci\u00f3n. En el marco de la campa\u00f1a de vacunaci\u00f3n contra el COVID-19 que tendr\u00e1 lugar en la Provincia de Buenos Aires, las distribuidoras de electricidad acompa\u00f1ar\u00e1n este proceso en pos de garantizar la prestaci\u00f3n del suministro el\u00e9ctrico y preservar la cadena de fr\u00edo que las vacunas requieren.<\/p>\n<p>A trav\u00e9s de la Federaci\u00f3n de Cooperativas de Prestadores El\u00e9ctricos de la Provincia de Buenos Aires Ltda. (APEBA) &#8220;hemos sido representados en cada una de las reuniones convocadas por la Mesa de Energ\u00eda que ha sido creada en el marco de la situaci\u00f3n sanitaria, la cual se encuentra integrada por la Subsecretar\u00eda de Energ\u00eda, la Direcci\u00f3n Provincial de Energ\u00eda, la Direcci\u00f3n Provincial de Regulaci\u00f3n, el Organismo de Control de la Energ\u00eda El\u00e9ctrica de la Provincia de Buenos Aires (OCEBA), Federaciones, distribuidoras provinciales y municipales&#8221;.<\/p>\n<p>Las reuniones se han llevado a cabo de forma virtual y durante el \u00faltimo encuentro del a\u00f1o 2020 se inform\u00f3 acerca de los avances de la implementaci\u00f3n de la campa\u00f1a de vacunaci\u00f3n contra el COVID-19 en el \u00e1mbito provincial de acuerdo a los listados de establecimientos educativos que han sido designados como centros de vacunaci\u00f3n.<\/p>\n<p>En cumplimiento de las medidas acordadas en dichas reuniones, Coopelectric ha realizado el relevamiento de las acometidas de la EES N\u00ba 1 &#8220;Jorge L. Borges&#8221;, EEP N\u00ba 51 &#8220;Pedro Goyena&#8221;, EEP N\u00ba 2 &#8220;Cayru Maipu&#8221; de Sierra Chica y la EEP N\u00ba 77 &#8220;Estanislao Zeballos&#8221; de Sierras Bayas, constatando su correcto funcionamiento.<\/p>\n<p>Al mismo tiempo, se han adquirido cuatro grupos generadores que ser\u00e1n utilizados como respaldo ante eventualidades clim\u00e1ticas o situaciones que afecten la normal prestaci\u00f3n del Servicio, para garantizar el suministro el\u00e9ctrico a los freezers que ser\u00e1n instalados en los establecimientos educativos mencionados. Los mismos llegaron a la ciudad durante la jornada de ayer, a trav\u00e9s de la gesti\u00f3n de proveedores locales.<\/p>\n<p>Tambi\u00e9n se dispondr\u00e1 de un quinto grupo generador a modo de back up que ser\u00e1 ubicado en las instalaciones de Coopelectric, y de una guardia permanente para la atenci\u00f3n de dichos grupos en caso de que ocurra alguna contingencia que afecte su funcionamiento.<\/p>\n<p>Al respecto, el presidente del Consejo de Administraci\u00f3n Dr. Ignacio Aramburu manifest\u00f3 que \u201cresulta fundamental el trabajo articulado entre las cooperativas, las Federaciones que nos representan y los organismos que regulan el Servicio El\u00e9ctrico. Por ello, el Consejo de Administraci\u00f3n y el personal t\u00e9cnico de Coopelectric se encuentran a total disposici\u00f3n de lo que requieran las autoridades para garantizar la prestaci\u00f3n del Servicio El\u00e9ctrico en el marco de las campa\u00f1as de vacunaci\u00f3n que se llevar\u00e1n a cabo pr\u00f3ximamente\u201d.<\/p>\n","protected":false},"excerpt":{"rendered":"<p>Coopelectric adquiri\u00f3 grupos generadores para garantizar el suministro en los centros de vacunaci\u00f3n. En el&#8230;<\/p>\n","protected":false},"author":1,"featured_media":132037,"comment_status":"closed","ping_status":"closed","sticky":false,"template":"","format":"standard","meta":{"content-type":""},"categories":[27,51],"tags":[],"nelio_content":{"isAutoShareEnabled":false,"autoShareEndMode":"default","automationSources":{"useContentSentences":true,"useSocialTemplates":true,"useCustomSentences":false,"customSentences":[]},"followers":[1],"suggestedReferences":[],"includedReferences":[],"efiUrl":"","efiAlt":"","highlights":[]},"yoast_head":"<!-- This site is optimized with the Yoast SEO plugin v20.7 - https:\/\/yoast.com\/wordpress\/plugins\/seo\/ -->\n<title>Coopelectric adquiri\u00f3 grupos generadores para garantizar el suministro en los centros de vacunaci\u00f3n -<\/title>\n<meta name=\"robots\" content=\"index, follow, max-snippet:-1, max-image-preview:large, max-video-preview:-1\" \/>\n<link rel=\"canonical\" href=\"https:\/\/experienciadevida.com.ar\/portalurbano\/coopelectric-adquirio-grupos-generadores-para-garantizar-el-suministro-en-los-centros-de-vacunacion\/\" \/>\n<meta property=\"og:locale\" content=\"es_ES\" \/>\n<meta property=\"og:type\" content=\"article\" \/>\n<meta property=\"og:title\" content=\"Coopelectric adquiri\u00f3 grupos generadores para garantizar el suministro en los centros de vacunaci\u00f3n -\" \/>\n<meta property=\"og:description\" content=\"Coopelectric adquiri\u00f3 grupos generadores para garantizar el suministro en los centros de vacunaci\u00f3n. En el...\" \/>\n<meta property=\"og:url\" content=\"https:\/\/experienciadevida.com.ar\/portalurbano\/coopelectric-adquirio-grupos-generadores-para-garantizar-el-suministro-en-los-centros-de-vacunacion\/\" \/>\n<meta property=\"article:publisher\" content=\"https:\/\/www.facebook.com\/Portal-Urbano-171542830093757\/\" \/>\n<meta property=\"article:published_time\" content=\"2021-01-09T16:35:13+00:00\" \/>\n<meta property=\"article:modified_time\" content=\"2021-01-09T16:36:01+00:00\" \/>\n<meta property=\"og:image\" content=\"https:\/\/experienciadevida.com.ar\/portalurbano\/wp-content\/uploads\/2021\/01\/Generadores.jpeg\" \/>\n\t<meta property=\"og:image:width\" content=\"774\" \/>\n\t<meta property=\"og:image:height\" content=\"516\" \/>\n\t<meta property=\"og:image:type\" content=\"image\/jpeg\" \/>\n<meta name=\"author\" content=\"admpu17wp\" \/>\n<meta name=\"twitter:card\" content=\"summary_large_image\" \/>\n<meta name=\"twitter:creator\" content=\"@portalurbanook\" \/>\n<meta name=\"twitter:site\" content=\"@portalurbanook\" \/>\n<meta name=\"twitter:label1\" content=\"Escrito por\" \/>\n\t<meta name=\"twitter:data1\" content=\"admpu17wp\" \/>\n\t<meta name=\"twitter:label2\" content=\"Tiempo de lectura\" \/>\n\t<meta name=\"twitter:data2\" content=\"2 minutos\" \/>\n<script type=\"application\/ld+json\" class=\"yoast-schema-graph\">{\"@context\":\"https:\/\/schema.org\",\"@graph\":[{\"@type\":\"Article\",\"@id\":\"https:\/\/experienciadevida.com.ar\/portalurbano\/coopelectric-adquirio-grupos-generadores-para-garantizar-el-suministro-en-los-centros-de-vacunacion\/#article\",\"isPartOf\":{\"@id\":\"https:\/\/experienciadevida.com.ar\/portalurbano\/coopelectric-adquirio-grupos-generadores-para-garantizar-el-suministro-en-los-centros-de-vacunacion\/\"},\"author\":{\"name\":\"admpu17wp\",\"@id\":\"https:\/\/experienciadevida.com.ar\/portalurbano\/#\/schema\/person\/02dd326b1c4b056e9cc972486934a3a7\"},\"headline\":\"Coopelectric adquiri\u00f3 grupos generadores para garantizar el suministro en los centros de vacunaci\u00f3n\",\"datePublished\":\"2021-01-09T16:35:13+00:00\",\"dateModified\":\"2021-01-09T16:36:01+00:00\",\"mainEntityOfPage\":{\"@id\":\"https:\/\/experienciadevida.com.ar\/portalurbano\/coopelectric-adquirio-grupos-generadores-para-garantizar-el-suministro-en-los-centros-de-vacunacion\/\"},\"wordCount\":487,\"publisher\":{\"@id\":\"https:\/\/experienciadevida.com.ar\/portalurbano\/#organization\"},\"articleSection\":[\"Ciudad\",\"Destacadas\"],\"inLanguage\":\"es\"},{\"@type\":\"WebPage\",\"@id\":\"https:\/\/experienciadevida.com.ar\/portalurbano\/coopelectric-adquirio-grupos-generadores-para-garantizar-el-suministro-en-los-centros-de-vacunacion\/\",\"url\":\"https:\/\/experienciadevida.com.ar\/portalurbano\/coopelectric-adquirio-grupos-generadores-para-garantizar-el-suministro-en-los-centros-de-vacunacion\/\",\"name\":\"Coopelectric adquiri\u00f3 grupos generadores para garantizar el suministro en los centros de vacunaci\u00f3n -\",\"isPartOf\":{\"@id\":\"https:\/\/experienciadevida.com.ar\/portalurbano\/#website\"},\"datePublished\":\"2021-01-09T16:35:13+00:00\",\"dateModified\":\"2021-01-09T16:36:01+00:00\",\"breadcrumb\":{\"@id\":\"https:\/\/experienciadevida.com.ar\/portalurbano\/coopelectric-adquirio-grupos-generadores-para-garantizar-el-suministro-en-los-centros-de-vacunacion\/#breadcrumb\"},\"inLanguage\":\"es\",\"potentialAction\":[{\"@type\":\"ReadAction\",\"target\":[\"https:\/\/experienciadevida.com.ar\/portalurbano\/coopelectric-adquirio-grupos-generadores-para-garantizar-el-suministro-en-los-centros-de-vacunacion\/\"]}]},{\"@type\":\"BreadcrumbList\",\"@id\":\"https:\/\/experienciadevida.com.ar\/portalurbano\/coopelectric-adquirio-grupos-generadores-para-garantizar-el-suministro-en-los-centros-de-vacunacion\/#breadcrumb\",\"itemListElement\":[{\"@type\":\"ListItem\",\"position\":1,\"name\":\"Portada\",\"item\":\"https:\/\/experienciadevida.com.ar\/portalurbano\/\"},{\"@type\":\"ListItem\",\"position\":2,\"name\":\"Coopelectric adquiri\u00f3 grupos generadores para garantizar el suministro en los centros de vacunaci\u00f3n\"}]},{\"@type\":\"WebSite\",\"@id\":\"https:\/\/experienciadevida.com.ar\/portalurbano\/#website\",\"url\":\"https:\/\/experienciadevida.com.ar\/portalurbano\/\",\"name\":\"\",\"description\":\"\",\"publisher\":{\"@id\":\"https:\/\/experienciadevida.com.ar\/portalurbano\/#organization\"},\"potentialAction\":[{\"@type\":\"SearchAction\",\"target\":{\"@type\":\"EntryPoint\",\"urlTemplate\":\"https:\/\/experienciadevida.com.ar\/portalurbano\/?s={search_term_string}\"},\"query-input\":\"required name=search_term_string\"}],\"inLanguage\":\"es\"},{\"@type\":\"Organization\",\"@id\":\"https:\/\/experienciadevida.com.ar\/portalurbano\/#organization\",\"name\":\"Portal Urbano\",\"url\":\"https:\/\/experienciadevida.com.ar\/portalurbano\/\",\"logo\":{\"@type\":\"ImageObject\",\"inLanguage\":\"es\",\"@id\":\"https:\/\/experienciadevida.com.ar\/portalurbano\/#\/schema\/logo\/image\/\",\"url\":\"https:\/\/experienciadevida.com.ar\/portalurbano\/wp-content\/uploads\/2019\/09\/Logo-Original.png\",\"contentUrl\":\"https:\/\/experienciadevida.com.ar\/portalurbano\/wp-content\/uploads\/2019\/09\/Logo-Original.png\",\"width\":2236,\"height\":1216,\"caption\":\"Portal Urbano\"},\"image\":{\"@id\":\"https:\/\/experienciadevida.com.ar\/portalurbano\/#\/schema\/logo\/image\/\"},\"sameAs\":[\"https:\/\/www.facebook.com\/Portal-Urbano-171542830093757\/\",\"https:\/\/twitter.com\/portalurbanook\",\"https:\/\/www.instagram.com\/_portalurbano\/\",\"https:\/\/www.youtube.com\/channel\/UCXhagIfszH8KxFiOok79zbA?view_as=subscriber\"]},{\"@type\":\"Person\",\"@id\":\"https:\/\/experienciadevida.com.ar\/portalurbano\/#\/schema\/person\/02dd326b1c4b056e9cc972486934a3a7\",\"name\":\"admpu17wp\",\"image\":{\"@type\":\"ImageObject\",\"inLanguage\":\"es\",\"@id\":\"https:\/\/experienciadevida.com.ar\/portalurbano\/#\/schema\/person\/image\/\",\"url\":\"https:\/\/secure.gravatar.com\/avatar\/830d4c57adaae6630765e449a6908047?s=96&d=mm&r=g\",\"contentUrl\":\"https:\/\/secure.gravatar.com\/avatar\/830d4c57adaae6630765e449a6908047?s=96&d=mm&r=g\",\"caption\":\"admpu17wp\"}}]}<\/script>\n<!-- \/ Yoast SEO plugin. -->","yoast_head_json":{"title":"Coopelectric adquiri\u00f3 grupos generadores para garantizar el suministro en los centros de vacunaci\u00f3n -","robots":{"index":"index","follow":"follow","max-snippet":"max-snippet:-1","max-image-preview":"max-image-preview:large","max-video-preview":"max-video-preview:-1"},"canonical":"https:\/\/experienciadevida.com.ar\/portalurbano\/coopelectric-adquirio-grupos-generadores-para-garantizar-el-suministro-en-los-centros-de-vacunacion\/","og_locale":"es_ES","og_type":"article","og_title":"Coopelectric adquiri\u00f3 grupos generadores para garantizar el suministro en los centros de vacunaci\u00f3n -","og_description":"Coopelectric adquiri\u00f3 grupos generadores para garantizar el suministro en los centros de vacunaci\u00f3n. En el...","og_url":"https:\/\/experienciadevida.com.ar\/portalurbano\/coopelectric-adquirio-grupos-generadores-para-garantizar-el-suministro-en-los-centros-de-vacunacion\/","article_publisher":"https:\/\/www.facebook.com\/Portal-Urbano-171542830093757\/","article_published_time":"2021-01-09T16:35:13+00:00","article_modified_time":"2021-01-09T16:36:01+00:00","og_image":[{"width":774,"height":516,"url":"https:\/\/experienciadevida.com.ar\/portalurbano\/wp-content\/uploads\/2021\/01\/Generadores.jpeg","type":"image\/jpeg"}],"author":"admpu17wp","twitter_card":"summary_large_image","twitter_creator":"@portalurbanook","twitter_site":"@portalurbanook","twitter_misc":{"Escrito por":"admpu17wp","Tiempo de lectura":"2 minutos"},"schema":{"@context":"https:\/\/schema.org","@graph":[{"@type":"Article","@id":"https:\/\/experienciadevida.com.ar\/portalurbano\/coopelectric-adquirio-grupos-generadores-para-garantizar-el-suministro-en-los-centros-de-vacunacion\/#article","isPartOf":{"@id":"https:\/\/experienciadevida.com.ar\/portalurbano\/coopelectric-adquirio-grupos-generadores-para-garantizar-el-suministro-en-los-centros-de-vacunacion\/"},"author":{"name":"admpu17wp","@id":"https:\/\/experienciadevida.com.ar\/portalurbano\/#\/schema\/person\/02dd326b1c4b056e9cc972486934a3a7"},"headline":"Coopelectric adquiri\u00f3 grupos generadores para garantizar el suministro en los centros de vacunaci\u00f3n","datePublished":"2021-01-09T16:35:13+00:00","dateModified":"2021-01-09T16:36:01+00:00","mainEntityOfPage":{"@id":"https:\/\/experienciadevida.com.ar\/portalurbano\/coopelectric-adquirio-grupos-generadores-para-garantizar-el-suministro-en-los-centros-de-vacunacion\/"},"wordCount":487,"publisher":{"@id":"https:\/\/experienciadevida.com.ar\/portalurbano\/#organization"},"articleSection":["Ciudad","Destacadas"],"inLanguage":"es"},{"@type":"WebPage","@id":"https:\/\/experienciadevida.com.ar\/portalurbano\/coopelectric-adquirio-grupos-generadores-para-garantizar-el-suministro-en-los-centros-de-vacunacion\/","url":"https:\/\/experienciadevida.com.ar\/portalurbano\/coopelectric-adquirio-grupos-generadores-para-garantizar-el-suministro-en-los-centros-de-vacunacion\/","name":"Coopelectric adquiri\u00f3 grupos generadores para garantizar el suministro en los centros de vacunaci\u00f3n -","isPartOf":{"@id":"https:\/\/experienciadevida.com.ar\/portalurbano\/#website"},"datePublished":"2021-01-09T16:35:13+00:00","dateModified":"2021-01-09T16:36:01+00:00","breadcrumb":{"@id":"https:\/\/experienciadevida.com.ar\/portalurbano\/coopelectric-adquirio-grupos-generadores-para-garantizar-el-suministro-en-los-centros-de-vacunacion\/#breadcrumb"},"inLanguage":"es","potentialAction":[{"@type":"ReadAction","target":["https:\/\/experienciadevida.com.ar\/portalurbano\/coopelectric-adquirio-grupos-generadores-para-garantizar-el-suministro-en-los-centros-de-vacunacion\/"]}]},{"@type":"BreadcrumbList","@id":"https:\/\/experienciadevida.com.ar\/portalurbano\/coopelectric-adquirio-grupos-generadores-para-garantizar-el-suministro-en-los-centros-de-vacunacion\/#breadcrumb","itemListElement":[{"@type":"ListItem","position":1,"name":"Portada","item":"https:\/\/experienciadevida.com.ar\/portalurbano\/"},{"@type":"ListItem","position":2,"name":"Coopelectric adquiri\u00f3 grupos generadores para garantizar el suministro en los centros de vacunaci\u00f3n"}]},{"@type":"WebSite","@id":"https:\/\/experienciadevida.com.ar\/portalurbano\/#website","url":"https:\/\/experienciadevida.com.ar\/portalurbano\/","name":"","description":"","publisher":{"@id":"https:\/\/experienciadevida.com.ar\/portalurbano\/#organization"},"potentialAction":[{"@type":"SearchAction","target":{"@type":"EntryPoint","urlTemplate":"https:\/\/experienciadevida.com.ar\/portalurbano\/?s={search_term_string}"},"query-input":"required name=search_term_string"}],"inLanguage":"es"},{"@type":"Organization","@id":"https:\/\/experienciadevida.com.ar\/portalurbano\/#organization","name":"Portal Urbano","url":"https:\/\/experienciadevida.com.ar\/portalurbano\/","logo":{"@type":"ImageObject","inLanguage":"es","@id":"https:\/\/experienciadevida.com.ar\/portalurbano\/#\/schema\/logo\/image\/","url":"https:\/\/experienciadevida.com.ar\/portalurbano\/wp-content\/uploads\/2019\/09\/Logo-Original.png","contentUrl":"https:\/\/experienciadevida.com.ar\/portalurbano\/wp-content\/uploads\/2019\/09\/Logo-Original.png","width":2236,"height":1216,"caption":"Portal Urbano"},"image":{"@id":"https:\/\/experienciadevida.com.ar\/portalurbano\/#\/schema\/logo\/image\/"},"sameAs":["https:\/\/www.facebook.com\/Portal-Urbano-171542830093757\/","https:\/\/twitter.com\/portalurbanook","https:\/\/www.instagram.com\/_portalurbano\/","https:\/\/www.youtube.com\/channel\/UCXhagIfszH8KxFiOok79zbA?view_as=subscriber"]},{"@type":"Person","@id":"https:\/\/experienciadevida.com.ar\/portalurbano\/#\/schema\/person\/02dd326b1c4b056e9cc972486934a3a7","name":"admpu17wp","image":{"@type":"ImageObject","inLanguage":"es","@id":"https:\/\/experienciadevida.com.ar\/portalurbano\/#\/schema\/person\/image\/","url":"https:\/\/secure.gravatar.com\/avatar\/830d4c57adaae6630765e449a6908047?s=96&d=mm&r=g","contentUrl":"https:\/\/secure.gravatar.com\/avatar\/830d4c57adaae6630765e449a6908047?s=96&d=mm&r=g","caption":"admpu17wp"}}]}},"featured_image_urls":{"full":["https:\/\/experienciadevida.com.ar\/portalurbano\/wp-content\/uploads\/2021\/01\/Generadores.jpeg",774,516,false],"thumbnail":["https:\/\/experienciadevida.com.ar\/portalurbano\/wp-content\/uploads\/2021\/01\/Generadores-150x150.jpeg",150,150,true],"medium":["https:\/\/experienciadevida.com.ar\/portalurbano\/wp-content\/uploads\/2021\/01\/Generadores-300x200.jpeg",300,200,true],"medium_large":["https:\/\/experienciadevida.com.ar\/portalurbano\/wp-content\/uploads\/2021\/01\/Generadores-768x512.jpeg",640,427,true],"large":["https:\/\/experienciadevida.com.ar\/portalurbano\/wp-content\/uploads\/2021\/01\/Generadores.jpeg",640,427,false],"ug_big":["https:\/\/experienciadevida.com.ar\/portalurbano\/wp-content\/uploads\/2021\/01\/Generadores-768x512.jpeg",768,512,true],"1536x1536":["https:\/\/experienciadevida.com.ar\/portalurbano\/wp-content\/uploads\/2021\/01\/Generadores.jpeg",774,516,false],"2048x2048":["https:\/\/experienciadevida.com.ar\/portalurbano\/wp-content\/uploads\/2021\/01\/Generadores.jpeg",774,516,false],"newsever-slider-full":["https:\/\/experienciadevida.com.ar\/portalurbano\/wp-content\/uploads\/2021\/01\/Generadores.jpeg",774,516,false],"newsever-featured":["https:\/\/experienciadevida.com.ar\/portalurbano\/wp-content\/uploads\/2021\/01\/Generadores.jpeg",774,516,false],"newsever-medium":["https:\/\/experienciadevida.com.ar\/portalurbano\/wp-content\/uploads\/2021\/01\/Generadores.jpeg",713,475,false],"web-stories-poster-portrait":["https:\/\/experienciadevida.com.ar\/portalurbano\/wp-content\/uploads\/2021\/01\/Generadores.jpeg",640,427,false],"web-stories-publisher-logo":["https:\/\/experienciadevida.com.ar\/portalurbano\/wp-content\/uploads\/2021\/01\/Generadores.jpeg",96,64,false],"web-stories-thumbnail":["https:\/\/experienciadevida.com.ar\/portalurbano\/wp-content\/uploads\/2021\/01\/Generadores.jpeg",150,100,false]},"author_info":{"display_name":"admpu17wp","author_link":"https:\/\/experienciadevida.com.ar\/portalurbano\/author\/admpu17wp\/"},"category_info":"<a href=\"https:\/\/experienciadevida.com.ar\/portalurbano\/category\/ciudad\/\" rel=\"category tag\">Ciudad<\/a> <a href=\"https:\/\/experienciadevida.com.ar\/portalurbano\/category\/destacadas\/\" rel=\"category tag\">Destacadas<\/a>","tag_info":"Destacadas","comment_count":"0","amp_enabled":true,"_links":{"self":[{"href":"https:\/\/experienciadevida.com.ar\/portalurbano\/wp-json\/wp\/v2\/posts\/132036"}],"collection":[{"href":"https:\/\/experienciadevida.com.ar\/portalurbano\/wp-json\/wp\/v2\/posts"}],"about":[{"href":"https:\/\/experienciadevida.com.ar\/portalurbano\/wp-json\/wp\/v2\/types\/post"}],"author":[{"embeddable":true,"href":"https:\/\/experienciadevida.com.ar\/portalurbano\/wp-json\/wp\/v2\/users\/1"}],"replies":[{"embeddable":true,"href":"https:\/\/experienciadevida.com.ar\/portalurbano\/wp-json\/wp\/v2\/comments?post=132036"}],"version-history":[{"count":2,"href":"https:\/\/experienciadevida.com.ar\/portalurbano\/wp-json\/wp\/v2\/posts\/132036\/revisions"}],"predecessor-version":[{"id":132039,"href":"https:\/\/experienciadevida.com.ar\/portalurbano\/wp-json\/wp\/v2\/posts\/132036\/revisions\/132039"}],"wp:featuredmedia":[{"embeddable":true,"href":"https:\/\/experienciadevida.com.ar\/portalurbano\/wp-json\/wp\/v2\/media\/132037"}],"wp:attachment":[{"href":"https:\/\/experienciadevida.com.ar\/portalurbano\/wp-json\/wp\/v2\/media?parent=132036"}],"wp:term":[{"taxonomy":"category","embeddable":true,"href":"https:\/\/experienciadevida.com.ar\/portalurbano\/wp-json\/wp\/v2\/categories?post=132036"},{"taxonomy":"post_tag","embeddable":true,"href":"https:\/\/experienciadevida.com.ar\/portalurbano\/wp-json\/wp\/v2\/tags?post=132036"}],"curies":[{"name":"wp","href":"https:\/\/api.w.org\/{rel}","templated":true}]}}